{"id":19009,"date":"2016-08-01T18:32:52","date_gmt":"2016-08-01T23:32:52","guid":{"rendered":"http:\/\/www.grieta.org.mx\/?p=19009"},"modified":"2016-08-07T18:39:32","modified_gmt":"2016-08-07T23:39:32","slug":"pobladores-denuncian-invasion-descontrolada-de-construcciones-en-xochimilco","status":"publish","type":"post","link":"https:\/\/www.grieta.org.mx\/index.php\/2016\/08\/01\/pobladores-denuncian-invasion-descontrolada-de-construcciones-en-xochimilco\/","title":{"rendered":"Pobladores denuncian invasi\u00f3n descontrolada de construcciones en Xochimilco"},"content":{"rendered":"<div class=\"row\">\n<div class=\"column\">\n<h1><img decoding=\"async\" class=\"  wp-post-image\" src=\"https:\/\/desinformemonos.org\/wp-content\/uploads\/2016\/08\/12345659_743361659103841_5817025312958324765_n.jpg\" alt=\"12345659_743361659103841_5817025312958324765_n\" \/><\/h1>\n<\/div>\n<\/div>\n<p>Pobladores de la delegaci\u00f3n de Xochimilco denunciaron la invasi\u00f3n descontrolada que sufre a trav\u00e9s de las construcciones de desarrollos inmobiliarios, plazas comerciales y recientemente dos panader\u00edas, las cuales no cuentan con estudios de impacto urbano, ambiental y de movilidad, denunciaron Alejandro Vel\u00e1zquez Z\u00fa\u00f1iga y Minerva Hern\u00e1ndez Trejo de la Coordinaci\u00f3n de Pueblos Originarios, Barrios y Colonias de Xochimilco.<\/p>\n<p>A marchas forzadas se erigen los inmuebles en el centro y la zona de Tepepan, sin manifestaci\u00f3n de construcci\u00f3n, aun cuando ambas fueron clausuradas en las pasadas semanas, explicaron los integrantes de la Coordinaci\u00f3n.<\/p>\n<p>Los habitantes del pueblo originario de Santa Mar\u00eda Tepepan tienen derecho a ser consultados previamente a iniciar los trabajos de cualquier construcci\u00f3n, adem\u00e1s de que deben otorgar un permiso para que puedan empezar las obras. Como esto no ha sucedido, existe el riesgo de que por el incremento de construcciones, la zona \u201ccolapse, agotando todos los recursos a su alrededor\u201d.<\/p>\n<p>\u201cQueremos que se impida la apertura de las plazas Paseo de Xochimilco y Terrazas; as\u00ed como las tiendas Wal-Mart, Soriana y Chedraui, que traer\u00e1n mayores problemas de movilidad y dotaci\u00f3n de servicios, y acabar\u00e1n con los comerciantes y productores locales\u201d, sostuvieron.<\/p>\n<p>Ante esto, indicaron que impulsar\u00e1n planes y programas delegacionales desde la misma comunidad para evitar cambios de uso de suelo y la construcci\u00f3n de megaproyectos habitacionales y comerciales.<\/p>\n<p>https:\/\/desinformemonos.org\/pobladores-denuncian-invasion-descontrolada-de-construcciones-en-xochimilco\/<\/p>\n","protected":false},"excerpt":{"rendered":"<p>Pobladores de la delegaci\u00f3n de Xochimilco denunciaron la invasi\u00f3n descontrolada que sufre a trav\u00e9s de las construcciones de desarrollos inmobiliarios, plazas comerciales y recientemente dos panader\u00edas, las cuales no cuentan &hellip; <a href=\"https:\/\/www.grieta.org.mx\/index.php\/2016\/08\/01\/pobladores-denuncian-invasion-descontrolada-de-construcciones-en-xochimilco\/\" class=\"more-link\">Leer m\u00e1s<\/a><\/p>\n","protected":false},"author":2,"featured_media":21928,"comment_status":"closed","ping_status":"closed","sticky":false,"template":"","format":"standard","meta":{"ngg_post_thumbnail":0,"_jetpack_newsletter_access":"","_jetpack_dont_email_post_to_subs":false,"_jetpack_newsletter_tier_id":0,"_jetpack_memberships_contains_paywalled_content":false,"_jetpack_memberships_contains_paid_content":false,"footnotes":""},"categories":[598,80],"tags":[395,184,399,599],"class_list":["post-19009","post","type-post","status-publish","format-standard","has-post-thumbnail","hentry","category-cdmx","category-cintillo","tag-centros-comerciales","tag-despojo","tag-proyecto-inmobiliario","tag-xochimilco","entry"],"jetpack_featured_media_url":"https:\/\/www.grieta.org.mx\/wp-content\/uploads\/2018\/03\/14524434_1106112876131411_958039263622046936_o.jpg","jetpack_sharing_enabled":true,"jetpack_shortlink":"https:\/\/wp.me\/p7ZJR4-4WB","jetpack_likes_enabled":false,"jetpack-related-posts":[{"id":10054,"url":"https:\/\/www.grieta.org.mx\/index.php\/2015\/12\/04\/pueblos-de-xochimilco-en-contra-de-construcciones\/","url_meta":{"origin":19009,"position":0},"title":"Pueblos de Xochimilco en contra de construcciones","author":"grieta","date":"4 diciembre, 2015","format":false,"excerpt":"El Big Data El Congreso de los Pueblos, Barrios Originarios y Colonias de Xochimilco han expuesto las diferentes irregularidades ocurridas dentro de la demarcaci\u00f3n. El Congreso de los Pueblos, Barrios Originarios y Colonias de Xochimilco rechaz\u00f3 la construcci\u00f3n indiscriminada de centros comerciales, plazas y complejos inmobiliarios en la demarcaci\u00f3n, pues\u2026","rel":"","context":"En &quot;cdmx&quot;","block_context":{"text":"cdmx","link":"https:\/\/www.grieta.org.mx\/index.php\/category\/cdmx\/"},"img":{"alt_text":"","src":"https:\/\/i0.wp.com\/www.grieta.org.mx\/wp-content\/uploads\/2018\/03\/14524434_1106112876131411_958039263622046936_o.jpg?resize=350%2C200&ssl=1","width":350,"height":200,"srcset":"https:\/\/i0.wp.com\/www.grieta.org.mx\/wp-content\/uploads\/2018\/03\/14524434_1106112876131411_958039263622046936_o.jpg?resize=350%2C200&ssl=1 1x, https:\/\/i0.wp.com\/www.grieta.org.mx\/wp-content\/uploads\/2018\/03\/14524434_1106112876131411_958039263622046936_o.jpg?resize=525%2C300&ssl=1 1.5x, https:\/\/i0.wp.com\/www.grieta.org.mx\/wp-content\/uploads\/2018\/03\/14524434_1106112876131411_958039263622046936_o.jpg?resize=700%2C400&ssl=1 2x"},"classes":[]},{"id":10052,"url":"https:\/\/www.grieta.org.mx\/index.php\/2016\/03\/10\/pueblos-de-xochimilco-contra-megaproyectos\/","url_meta":{"origin":19009,"position":1},"title":"Pueblos de Xochimilco contra megaproyectos","author":"grieta","date":"10 marzo, 2016","format":false,"excerpt":"08\/03\/16. Comunicado. CONTRA PROYECTO ECOTUR\u00cdSTICO en XochimilcoCoordinaci\u00f3n de Pueblos, Barrios Originarios y Colonias de Xochimilco 29\/02\/16. Mapa de megaproyectos en XochimilcoCoordinaci\u00f3n de Pueblos, Barrios Originarios y Colonias de Xochimilco 22\/01\/16. Walmart dejar\u00eda sin agua a colonias enteras de XochimilcoCoordinaci\u00f3n de Pueblos, Barrios Originarios y Colonias de Xochimilco 17\/01\/16. Crean en\u2026","rel":"","context":"En &quot;Ciudad de M\u00e9xico&quot;","block_context":{"text":"Ciudad de M\u00e9xico","link":"https:\/\/www.grieta.org.mx\/index.php\/category\/noticias-nacionales\/ciudad-de-mexico\/"},"img":{"alt_text":"","src":"https:\/\/i0.wp.com\/www.grieta.org.mx\/wp-content\/uploads\/2018\/03\/14524434_1106112876131411_958039263622046936_o.jpg?resize=350%2C200&ssl=1","width":350,"height":200,"srcset":"https:\/\/i0.wp.com\/www.grieta.org.mx\/wp-content\/uploads\/2018\/03\/14524434_1106112876131411_958039263622046936_o.jpg?resize=350%2C200&ssl=1 1x, https:\/\/i0.wp.com\/www.grieta.org.mx\/wp-content\/uploads\/2018\/03\/14524434_1106112876131411_958039263622046936_o.jpg?resize=525%2C300&ssl=1 1.5x, https:\/\/i0.wp.com\/www.grieta.org.mx\/wp-content\/uploads\/2018\/03\/14524434_1106112876131411_958039263622046936_o.jpg?resize=700%2C400&ssl=1 2x"},"classes":[]},{"id":10057,"url":"https:\/\/www.grieta.org.mx\/index.php\/2015\/11\/30\/pronunciamiento-del-congreso-de-los-pueblos-contra-los-ilegales-proyectos-comerciales-e-inmobiliarios-en-xochimilco\/","url_meta":{"origin":19009,"position":2},"title":"PRONUNCIAMIENTO DEL CONGRESO DE LOS PUEBLOS CONTRA LOS ILEGALES PROYECTOS COMERCIALES E INMOBILIARIOS EN XOCHIMILCO","author":"grieta","date":"30 noviembre, 2015","format":false,"excerpt":"Coordinaci\u00f3n de Pueblos, Barrios Originarios y Colonias de Xochimilco En el \u201cSegundo Congreso de los Pueblos, Barrios Originarios y Colonias de Xochimilco\u201d, realizado en el pueblo de Santiago Tepalcaltlalpan, el pasado 7 de noviembre, manifestamos el rechazo de los pueblos a las construcciones irregulares que se llevan a cabo actualmente\u2026","rel":"","context":"En &quot;CINTILLO&quot;","block_context":{"text":"CINTILLO","link":"https:\/\/www.grieta.org.mx\/index.php\/category\/cintillo\/"},"img":{"alt_text":"","src":"https:\/\/i0.wp.com\/www.grieta.org.mx\/wp-content\/uploads\/2018\/03\/14524434_1106112876131411_958039263622046936_o.jpg?resize=350%2C200&ssl=1","width":350,"height":200,"srcset":"https:\/\/i0.wp.com\/www.grieta.org.mx\/wp-content\/uploads\/2018\/03\/14524434_1106112876131411_958039263622046936_o.jpg?resize=350%2C200&ssl=1 1x, https:\/\/i0.wp.com\/www.grieta.org.mx\/wp-content\/uploads\/2018\/03\/14524434_1106112876131411_958039263622046936_o.jpg?resize=525%2C300&ssl=1 1.5x, https:\/\/i0.wp.com\/www.grieta.org.mx\/wp-content\/uploads\/2018\/03\/14524434_1106112876131411_958039263622046936_o.jpg?resize=700%2C400&ssl=1 2x"},"classes":[]},{"id":35862,"url":"https:\/\/www.grieta.org.mx\/index.php\/2019\/07\/02\/alcaldia-de-xochimilco-solapa-plaza-ilegal-denuncian-vecinos-cdmx\/","url_meta":{"origin":19009,"position":3},"title":"Alcald\u00eda de Xochimilco solapa plaza ilegal, denuncian vecinos (CDMX)","author":"grieta","date":"2 julio, 2019","format":false,"excerpt":"Sin los permisos necesarios y con anuencia de las autoridades locales, la plaza Terrazas Arena opera en Santa Mar\u00eda Tepepan, Xochimilco. La alcald\u00eda busca revocar un amparo que los pobladores consiguieron para que la construcci\u00f3n presente los documentos correspondientes Texto y fotograf\u00edas: Arturo Contreras Camero\/ PIE DE P\u00c1GINA La tarde\u2026","rel":"","context":"En &quot;CINTILLO&quot;","block_context":{"text":"CINTILLO","link":"https:\/\/www.grieta.org.mx\/index.php\/category\/cintillo\/"},"img":{"alt_text":"","src":"https:\/\/i0.wp.com\/www.grieta.org.mx\/wp-content\/uploads\/2019\/07\/PlazaXochimilco_010719_ACC-1140x570.jpg?resize=350%2C200&ssl=1","width":350,"height":200,"srcset":"https:\/\/i0.wp.com\/www.grieta.org.mx\/wp-content\/uploads\/2019\/07\/PlazaXochimilco_010719_ACC-1140x570.jpg?resize=350%2C200&ssl=1 1x, https:\/\/i0.wp.com\/www.grieta.org.mx\/wp-content\/uploads\/2019\/07\/PlazaXochimilco_010719_ACC-1140x570.jpg?resize=525%2C300&ssl=1 1.5x, https:\/\/i0.wp.com\/www.grieta.org.mx\/wp-content\/uploads\/2019\/07\/PlazaXochimilco_010719_ACC-1140x570.jpg?resize=700%2C400&ssl=1 2x, https:\/\/i0.wp.com\/www.grieta.org.mx\/wp-content\/uploads\/2019\/07\/PlazaXochimilco_010719_ACC-1140x570.jpg?resize=1050%2C600&ssl=1 3x"},"classes":[]},{"id":42302,"url":"https:\/\/www.grieta.org.mx\/index.php\/2019\/12\/17\/resisten-contra-megaproyecto-urbanizador-en-xochimilco-ciudad-de-mexico\/","url_meta":{"origin":19009,"position":4},"title":"Resisten contra megaproyecto urbanizador en Xochimilco (Ciudad de M\u00e9xico)","author":"grieta","date":"17 diciembre, 2019","format":false,"excerpt":"Foto: Mar\u00eda Fernanda Ruiz Arturo Contreras Camero \/ Pie de P\u00e1gina Pobladores de Xochimilco se organizan en contra del plan de las autoridades locales de \u201cdesarrollar\u201d la demarcaci\u00f3n con base en su urbanizaci\u00f3n con plazas comerciales y tiendas de conveniencia. Un tipo de desarrollo, advierten, que podr\u00eda terminar por secar\u2026","rel":"","context":"En &quot;CINTILLO&quot;","block_context":{"text":"CINTILLO","link":"https:\/\/www.grieta.org.mx\/index.php\/category\/cintillo\/"},"img":{"alt_text":"","src":"https:\/\/i0.wp.com\/www.grieta.org.mx\/wp-content\/uploads\/2019\/12\/Resisten-contra-megaproyecto-urbanizador-en-Xochimilco-cdmx-dic.jpg?resize=350%2C200&ssl=1","width":350,"height":200,"srcset":"https:\/\/i0.wp.com\/www.grieta.org.mx\/wp-content\/uploads\/2019\/12\/Resisten-contra-megaproyecto-urbanizador-en-Xochimilco-cdmx-dic.jpg?resize=350%2C200&ssl=1 1x, https:\/\/i0.wp.com\/www.grieta.org.mx\/wp-content\/uploads\/2019\/12\/Resisten-contra-megaproyecto-urbanizador-en-Xochimilco-cdmx-dic.jpg?resize=525%2C300&ssl=1 1.5x, https:\/\/i0.wp.com\/www.grieta.org.mx\/wp-content\/uploads\/2019\/12\/Resisten-contra-megaproyecto-urbanizador-en-Xochimilco-cdmx-dic.jpg?resize=700%2C400&ssl=1 2x, https:\/\/i0.wp.com\/www.grieta.org.mx\/wp-content\/uploads\/2019\/12\/Resisten-contra-megaproyecto-urbanizador-en-Xochimilco-cdmx-dic.jpg?resize=1050%2C600&ssl=1 3x"},"classes":[]},{"id":10062,"url":"https:\/\/www.grieta.org.mx\/index.php\/2016\/02\/29\/mapa-de-megaproyectos-en-xochimilco\/","url_meta":{"origin":19009,"position":5},"title":"Mapa de megaproyectos en Xochimilco","author":"grieta","date":"29 febrero, 2016","format":false,"excerpt":"Coordinaci\u00f3n de Pueblos, Barrios Originarios y Colonias de Xochimilco https:\/\/cpbocx.wordpress.com\/2016\/02\/29\/mapa-de-megaproyectos\/","rel":"","context":"En &quot;CINTILLO&quot;","block_context":{"text":"CINTILLO","link":"https:\/\/www.grieta.org.mx\/index.php\/category\/cintillo\/"},"img":{"alt_text":"","src":"https:\/\/i0.wp.com\/www.grieta.org.mx\/wp-content\/uploads\/2018\/03\/14524434_1106112876131411_958039263622046936_o.jpg?resize=350%2C200&ssl=1","width":350,"height":200,"srcset":"https:\/\/i0.wp.com\/www.grieta.org.mx\/wp-content\/uploads\/2018\/03\/14524434_1106112876131411_958039263622046936_o.jpg?resize=350%2C200&ssl=1 1x, https:\/\/i0.wp.com\/www.grieta.org.mx\/wp-content\/uploads\/2018\/03\/14524434_1106112876131411_958039263622046936_o.jpg?resize=525%2C300&ssl=1 1.5x, https:\/\/i0.wp.com\/www.grieta.org.mx\/wp-content\/uploads\/2018\/03\/14524434_1106112876131411_958039263622046936_o.jpg?resize=700%2C400&ssl=1 2x"},"classes":[]}],"_links":{"self":[{"href":"https:\/\/www.grieta.org.mx\/index.php\/wp-json\/wp\/v2\/posts\/19009","targetHints":{"allow":["GET"]}}],"collection":[{"href":"https:\/\/www.grieta.org.mx\/index.php\/wp-json\/wp\/v2\/posts"}],"about":[{"href":"https:\/\/www.grieta.org.mx\/index.php\/wp-json\/wp\/v2\/types\/post"}],"author":[{"embeddable":true,"href":"https:\/\/www.grieta.org.mx\/index.php\/wp-json\/wp\/v2\/users\/2"}],"replies":[{"embeddable":true,"href":"https:\/\/www.grieta.org.mx\/index.php\/wp-json\/wp\/v2\/comments?post=19009"}],"version-history":[{"count":1,"href":"https:\/\/www.grieta.org.mx\/index.php\/wp-json\/wp\/v2\/posts\/19009\/revisions"}],"predecessor-version":[{"id":19010,"href":"https:\/\/www.grieta.org.mx\/index.php\/wp-json\/wp\/v2\/posts\/19009\/revisions\/19010"}],"wp:featuredmedia":[{"embeddable":true,"href":"https:\/\/www.grieta.org.mx\/index.php\/wp-json\/wp\/v2\/media\/21928"}],"wp:attachment":[{"href":"https:\/\/www.grieta.org.mx\/index.php\/wp-json\/wp\/v2\/media?parent=19009"}],"wp:term":[{"taxonomy":"category","embeddable":true,"href":"https:\/\/www.grieta.org.mx\/index.php\/wp-json\/wp\/v2\/categories?post=19009"},{"taxonomy":"post_tag","embeddable":true,"href":"https:\/\/www.grieta.org.mx\/index.php\/wp-json\/wp\/v2\/tags?post=19009"}],"curies":[{"name":"wp","href":"https:\/\/api.w.org\/{rel}","templated":true}]}}