{"id":19006,"date":"2016-08-02T18:22:23","date_gmt":"2016-08-02T23:22:23","guid":{"rendered":"http:\/\/www.grieta.org.mx\/?p=19006"},"modified":"2016-08-07T18:31:20","modified_gmt":"2016-08-07T23:31:20","slug":"nueva-protesta-contra-la-privatizacion-de-la-salud-publica","status":"publish","type":"post","link":"https:\/\/www.grieta.org.mx\/index.php\/2016\/08\/02\/nueva-protesta-contra-la-privatizacion-de-la-salud-publica\/","title":{"rendered":"Nueva protesta contra la privatizaci\u00f3n de la Salud p\u00fablica"},"content":{"rendered":"<div class=\"row\">\n<div class=\"column\">\n<h1><img decoding=\"async\" class=\"  wp-post-image\" src=\"https:\/\/desinformemonos.org\/wp-content\/uploads\/2016\/08\/medicos7.jpg\" alt=\"medicos7\" \/><\/h1>\n<\/div>\n<\/div>\n<p>&nbsp;<\/p>\n<p align=\"justify\">Desinform\u00e9monos| Ciudad de M\u00e9xico. 2\/08\/2016.- Rechazo a la privatizaci\u00f3n de la Salud p\u00fablica y al reciente recorte presupuestal en materia de atenci\u00f3n a la salud, la defensa de las jubilaciones y otros derechos laborales, la demanda de contrataci\u00f3n suficiente de personal sanitario que cubra las vacantes y necesidades de las y los usuarios; abastecimiento adecuado de medicamentos para la poblaci\u00f3n y material para la atenci\u00f3n son algunas de las protestas por las que personal m\u00e9dico convoca a marchar el pr\u00f3ximo 17 de agosto en la Ciudad de M\u00e9xico.<\/p>\n<p align=\"justify\">La Alianza de Trabajadores de la Salud y Empleados P\u00fablicos convoca a esta nueva movilizaci\u00f3n a la que dijeron, se han sumado ya 11 entidades federativas entre las que se encuentran Morelos, Puebla, Veracruz, Michoac\u00e1n, Guerrero y el Estado de M\u00e9xico.<\/p>\n<p align=\"justify\">Seg\u00fan informaci\u00f3n de Animal Pol\u00edtico, fue en el Noveno Encuentro por la Salud y la Vida celebrado el s\u00e1bado 23 de julio donde personal del Instituto Mexicano del Seguro Social (IMSS) y del El Instituto de Seguridad y Servicios Sociales de los Trabajadores del Estado (ISSSTE) y de la Secretar\u00eda de Salud, expusieron las principales demandas que exigir\u00e1n el 17 de agosto a las autoridades sanitarias.<\/p>\n<p align=\"justify\">El 22 de junio pasado personal m\u00e9dico convocado por el movimiento \u201cyo soy m\u00e9dico 17\u201d, quien no ha confirmado su participaci\u00f3n en esta nueva movilizaci\u00f3n, ayer por la tarde, llev\u00f3 a cabo una primer marcha ante, lo que denominaron, la amenaza de que el sector salud en M\u00e9xico, espec\u00edficamente el IMSS y el ISSSTE, est\u00e9n en v\u00edas de ser privatizado, por lo que pidieron desde entonces al actual Secretario de Salud, Jos\u00e9 Narro Robles, una explicaci\u00f3n sobre la llamada \u201cuniversalizaci\u00f3n del sistema\u201d, por creer que esto representa el primer paso para la privatizaci\u00f3n.<\/p>\n<p align=\"justify\">Al respecto, la investigadora, m\u00e9dica y pol\u00edtica de origen sueco y naturalizada mexicana, Asa Cristina Laurell explica en un articulo de opini\u00f3n publicado en el peri\u00f3dico La jornada, que \u201cLas ra\u00edces de la privatizaci\u00f3n est\u00e1n en el modelo de reforma iniciado con la del IMSS, en 1995\/97, y paso a paso instrumentado en el sistema p\u00fablico de salud con el Seguro Popular, en 2003, y la reforma del ISSSTE, en 2007. Los servicios p\u00fablicos de salud son un \u00e1mbito apetecible para la iniciativa privada, ya que el presupuesto federal es del orden de 515 mil millones de pesos o 2.8 por ciento del PIB\u201d y agreg\u00f3 que hasta ahora las movilizaciones han frenado el proceso privatizador, pero que las intenciones siguen en pie.<\/p>\n<p align=\"justify\">Esta primer movilizaci\u00f3n llevada a cabo del Hospital General a la Secretar\u00eda de Salud fue acompa\u00f1ada por estudiantes de distintas universidades p\u00fablicas e integrantes de la CNTE, que se suman al rechazo de las reformas estructurales que incluyen educaci\u00f3n y salud, entre otras y tuvo r\u00e9plica en m\u00e1s de ochenta ciudades del pa\u00eds con un paro de labores y campa\u00f1as con la bandera del Movimiento #YoSoyMedico17 para continuar protestando por la falta de recursos, las malas condiciones hospitalarias y el riesgo de privatizaci\u00f3n del sector.<\/p>\n<p align=\"justify\">Dentro de la jornada de protestas las y los trabajadores del sector salud denunciaron, en algunas entidades como Veracruz, en la que se sumaron los municipios de Poza Rica, Veracruz, Boca del R\u00edo, Coatzacoalcos, Orizaba, C\u00f3rdoba y Xalapa, se suman las amenazas y violencia que enfrentan, como resultado del contexto, sin contar con respaldo para su protecci\u00f3n.<\/p>\n<p align=\"justify\"><a href=\"https:\/\/desinformemonos.org\/nueva-protesta-contra-la-privatizacion-de-la-salud-publica\/\" target=\"_blank\">https:\/\/desinformemonos.org\/nueva-protesta-contra-la-privatizacion-de-la-salud-publica\/<\/a><\/p>\n","protected":false},"excerpt":{"rendered":"<p>&nbsp; Desinform\u00e9monos| Ciudad de M\u00e9xico. 2\/08\/2016.- Rechazo a la privatizaci\u00f3n de la Salud p\u00fablica y al reciente recorte presupuestal en materia de atenci\u00f3n a la salud, la defensa de las &hellip; <a href=\"https:\/\/www.grieta.org.mx\/index.php\/2016\/08\/02\/nueva-protesta-contra-la-privatizacion-de-la-salud-publica\/\" class=\"more-link\">Leer m\u00e1s<\/a><\/p>\n","protected":false},"author":2,"featured_media":21928,"comment_status":"closed","ping_status":"closed","sticky":false,"template":"","format":"standard","meta":{"ngg_post_thumbnail":0,"_jetpack_newsletter_access":"","_jetpack_dont_email_post_to_subs":false,"_jetpack_newsletter_tier_id":0,"_jetpack_memberships_contains_paywalled_content":false,"_jetpack_memberships_contains_paid_content":false,"footnotes":""},"categories":[598,80],"tags":[640,252,180,738],"class_list":["post-19006","post","type-post","status-publish","format-standard","has-post-thumbnail","hentry","category-cdmx","category-cintillo","tag-medicos","tag-privatizacion","tag-protesta","tag-reforma-salud","entry"],"jetpack_featured_media_url":"https:\/\/www.grieta.org.mx\/wp-content\/uploads\/2018\/03\/14524434_1106112876131411_958039263622046936_o.jpg","jetpack_sharing_enabled":true,"jetpack_shortlink":"https:\/\/wp.me\/p7ZJR4-4Wy","jetpack_likes_enabled":false,"jetpack-related-posts":[{"id":15542,"url":"https:\/\/www.grieta.org.mx\/index.php\/2016\/08\/05\/movilizaciones-del-sector-salud-en-ciudad-de-mexico\/","url_meta":{"origin":19006,"position":0},"title":"Movilizaciones del sector salud en Ciudad de M\u00e9xico","author":"grieta","date":"5 agosto, 2016","format":false,"excerpt":"02\/08\/16. Nueva protesta contra la privatizaci\u00f3n de la Salud p\u00fablica (CDMX)Desinform\u00e9monos 26\/06\/16. M\u00e9dicxs y enfemerxs por la vida (CDMX) Subversiones 22\/06\/16. Sector salud se une a la protesta popular (CDMX) Somos el medio","rel":"","context":"En &quot;Ciudad de M\u00e9xico&quot;","block_context":{"text":"Ciudad de M\u00e9xico","link":"https:\/\/www.grieta.org.mx\/index.php\/category\/noticias-nacionales\/ciudad-de-mexico\/"},"img":{"alt_text":"","src":"https:\/\/i0.wp.com\/www.grieta.org.mx\/wp-content\/uploads\/2018\/03\/14524434_1106112876131411_958039263622046936_o.jpg?resize=350%2C200&ssl=1","width":350,"height":200,"srcset":"https:\/\/i0.wp.com\/www.grieta.org.mx\/wp-content\/uploads\/2018\/03\/14524434_1106112876131411_958039263622046936_o.jpg?resize=350%2C200&ssl=1 1x, https:\/\/i0.wp.com\/www.grieta.org.mx\/wp-content\/uploads\/2018\/03\/14524434_1106112876131411_958039263622046936_o.jpg?resize=525%2C300&ssl=1 1.5x, https:\/\/i0.wp.com\/www.grieta.org.mx\/wp-content\/uploads\/2018\/03\/14524434_1106112876131411_958039263622046936_o.jpg?resize=700%2C400&ssl=1 2x"},"classes":[]},{"id":5685,"url":"https:\/\/www.grieta.org.mx\/index.php\/2016\/07\/01\/movilizaciones-en-jalisco-contra-la-privatizacion-de-la-salud\/","url_meta":{"origin":19006,"position":1},"title":"Movilizaciones del sector salud en Jalisco","author":"grieta","date":"1 julio, 2016","format":false,"excerpt":"01\/07\/16. Denuncian subrogaci\u00f3n de serviciosNtr Guadalajara 23\/06\/16. \u201c\u00a1Privatizaci\u00f3n de la salud, jam\u00e1s!\u201dP\u00e1gina 24 23\/06\/16. M\u00e9dicos y maestros de Vallarta toman las calles en protesta contra gobierno federalAlternativo Noticias 22\/06\/16. Jornada de manifestaciones en Ciudad Guzm\u00e1nEl Sur de Jalisco 31\/07\/15. Trabajadores del IMSS y disientes de la CNTE marcharon contra privatizaci\u00f3n\u2026","rel":"","context":"En &quot;Jalisco&quot;","block_context":{"text":"Jalisco","link":"https:\/\/www.grieta.org.mx\/index.php\/category\/noticias-nacionales\/jalisco\/"},"img":{"alt_text":"","src":"https:\/\/i0.wp.com\/www.grieta.org.mx\/wp-content\/uploads\/2018\/03\/14524434_1106112876131411_958039263622046936_o.jpg?resize=350%2C200&ssl=1","width":350,"height":200,"srcset":"https:\/\/i0.wp.com\/www.grieta.org.mx\/wp-content\/uploads\/2018\/03\/14524434_1106112876131411_958039263622046936_o.jpg?resize=350%2C200&ssl=1 1x, https:\/\/i0.wp.com\/www.grieta.org.mx\/wp-content\/uploads\/2018\/03\/14524434_1106112876131411_958039263622046936_o.jpg?resize=525%2C300&ssl=1 1.5x, https:\/\/i0.wp.com\/www.grieta.org.mx\/wp-content\/uploads\/2018\/03\/14524434_1106112876131411_958039263622046936_o.jpg?resize=700%2C400&ssl=1 2x"},"classes":[]},{"id":14956,"url":"https:\/\/www.grieta.org.mx\/index.php\/2016\/06\/23\/se-manifiestan-en-calles-de-gomez\/","url_meta":{"origin":19006,"position":2},"title":"Se manifiestan en calles de G\u00f3mez","author":"grieta","date":"23 junio, 2016","format":false,"excerpt":"G\u00d3MEZ PALACIO, DGO.- M\u00e9dicos de Ciudad Lerdo y G\u00f3mez Palacio marcharon ayer mi\u00e9rcoles por la tarde en contra la criminalizaci\u00f3n del gremio en casos de supuesta negligencia y la privatizaci\u00f3n del servicio de Salud P\u00fablica. Fue a las 18:00 horas que los galenos manifestantes se reunieron en el estacionamiento de\u2026","rel":"","context":"En &quot;CINTILLO&quot;","block_context":{"text":"CINTILLO","link":"https:\/\/www.grieta.org.mx\/index.php\/category\/cintillo\/"},"img":{"alt_text":"","src":"https:\/\/i0.wp.com\/www.grieta.org.mx\/wp-content\/uploads\/2016\/06\/836935.jpeg?resize=350%2C200&ssl=1","width":350,"height":200,"srcset":"https:\/\/i0.wp.com\/www.grieta.org.mx\/wp-content\/uploads\/2016\/06\/836935.jpeg?resize=350%2C200&ssl=1 1x, https:\/\/i0.wp.com\/www.grieta.org.mx\/wp-content\/uploads\/2016\/06\/836935.jpeg?resize=525%2C300&ssl=1 1.5x, https:\/\/i0.wp.com\/www.grieta.org.mx\/wp-content\/uploads\/2016\/06\/836935.jpeg?resize=700%2C400&ssl=1 2x"},"classes":[]},{"id":46325,"url":"https:\/\/www.grieta.org.mx\/index.php\/2020\/03\/17\/personal-del-iner-protesta-por-falta-de-protocolos-ante-covid-19-ciudad-de-mexico\/","url_meta":{"origin":19006,"position":3},"title":"Personal del INER protesta por falta de protocolos ante Covid-19 (Ciudad de M\u00e9xico)","author":"grieta","date":"17 marzo, 2020","format":false,"excerpt":"Foto tomada del portal: www.eluniversal.com.mx Perla Miranda \/ El Universal Trabajadores de diversas \u00e1reas del organismo reclaman al director, Jorge Salas Hern\u00e1ndez, la falta de protocolos para atender la contingencia sanitaria \"\u00a1P\u00f3ngase la camiseta!\", \"No hay tapetes microbianos, ni gel antibacterial\", \"\u00bfQu\u00e9 pasar\u00e1 si enfermamos, como proteger\u00e1 a su personal\u2026","rel":"","context":"En &quot;CINTILLO&quot;","block_context":{"text":"CINTILLO","link":"https:\/\/www.grieta.org.mx\/index.php\/category\/cintillo\/"},"img":{"alt_text":"","src":"https:\/\/i0.wp.com\/www.grieta.org.mx\/wp-content\/uploads\/2020\/03\/Personal-del-INER-protesta-por-falta-de-protocolos-ante-Covid-19-cdmx-mzo.jpg?resize=350%2C200","width":350,"height":200},"classes":[]},{"id":34726,"url":"https:\/\/www.grieta.org.mx\/index.php\/2019\/06\/07\/burocraticos-procesos-para-enfermos-del-cancer-nayarit\/","url_meta":{"origin":19006,"position":4},"title":"Burocr\u00e1ticos procesos para enfermos del c\u00e1ncer (Nayarit)","author":"grieta","date":"7 junio, 2019","format":false,"excerpt":"Tienen que estar registrados en la central sanitaria de la ciudad de M\u00e9xico para que sean considerados en la aplicaci\u00f3n de los car\u00edsimos medicamentos Javier Rojo Fregoso \/ Realidades Tepic, Nayarit.- Viernes 07 de junio del 2019.- Necesitan ser aceptados, registrados, en el sistema nacional de salud o de atenci\u00f3n\u2026","rel":"","context":"En &quot;CINTILLO&quot;","block_context":{"text":"CINTILLO","link":"https:\/\/www.grieta.org.mx\/index.php\/category\/cintillo\/"},"img":{"alt_text":"","src":"https:\/\/i0.wp.com\/www.grieta.org.mx\/wp-content\/uploads\/2019\/06\/5b033d230954e.jpg?resize=350%2C200&ssl=1","width":350,"height":200,"srcset":"https:\/\/i0.wp.com\/www.grieta.org.mx\/wp-content\/uploads\/2019\/06\/5b033d230954e.jpg?resize=350%2C200&ssl=1 1x, https:\/\/i0.wp.com\/www.grieta.org.mx\/wp-content\/uploads\/2019\/06\/5b033d230954e.jpg?resize=525%2C300&ssl=1 1.5x, https:\/\/i0.wp.com\/www.grieta.org.mx\/wp-content\/uploads\/2019\/06\/5b033d230954e.jpg?resize=700%2C400&ssl=1 2x"},"classes":[]},{"id":31534,"url":"https:\/\/www.grieta.org.mx\/index.php\/2019\/04\/01\/secretaria-de-salud-suspende-aplicacion-de-pruebas-de-tamiz-neonatal-piden-a-estados-hacer-el-estudio\/","url_meta":{"origin":19006,"position":5},"title":"Secretar\u00eda de Salud suspende aplicaci\u00f3n de pruebas de tamiz neonatal; piden a estados hacer el estudio","author":"grieta","date":"1 abril, 2019","format":false,"excerpt":"Las secretar\u00edas estatales de salud recibieron una notificaci\u00f3n federal, donde se les pide hacerse cargo de las pruebas a reci\u00e9n nacidos. Julio C\u00e9sar Reveles Aguilar \/ Animal Pol\u00edtco La Secretar\u00eda de Salud federal\u00a0suspendi\u00f3 la aplicaci\u00f3n de pruebas de tamiz neonatal,\u2014que se realizan a reci\u00e9n nacidos para detectar enfermedades que pudieran\u2026","rel":"","context":"En &quot;Aguascalientes&quot;","block_context":{"text":"Aguascalientes","link":"https:\/\/www.grieta.org.mx\/index.php\/category\/noticias-nacionales\/aguascalientes\/"},"img":{"alt_text":"","src":"https:\/\/i0.wp.com\/www.grieta.org.mx\/wp-content\/uploads\/2019\/04\/tamiz-neonatal.jpg?resize=350%2C200&ssl=1","width":350,"height":200,"srcset":"https:\/\/i0.wp.com\/www.grieta.org.mx\/wp-content\/uploads\/2019\/04\/tamiz-neonatal.jpg?resize=350%2C200&ssl=1 1x, https:\/\/i0.wp.com\/www.grieta.org.mx\/wp-content\/uploads\/2019\/04\/tamiz-neonatal.jpg?resize=525%2C300&ssl=1 1.5x, https:\/\/i0.wp.com\/www.grieta.org.mx\/wp-content\/uploads\/2019\/04\/tamiz-neonatal.jpg?resize=700%2C400&ssl=1 2x"},"classes":[]}],"_links":{"self":[{"href":"https:\/\/www.grieta.org.mx\/index.php\/wp-json\/wp\/v2\/posts\/19006","targetHints":{"allow":["GET"]}}],"collection":[{"href":"https:\/\/www.grieta.org.mx\/index.php\/wp-json\/wp\/v2\/posts"}],"about":[{"href":"https:\/\/www.grieta.org.mx\/index.php\/wp-json\/wp\/v2\/types\/post"}],"author":[{"embeddable":true,"href":"https:\/\/www.grieta.org.mx\/index.php\/wp-json\/wp\/v2\/users\/2"}],"replies":[{"embeddable":true,"href":"https:\/\/www.grieta.org.mx\/index.php\/wp-json\/wp\/v2\/comments?post=19006"}],"version-history":[{"count":1,"href":"https:\/\/www.grieta.org.mx\/index.php\/wp-json\/wp\/v2\/posts\/19006\/revisions"}],"predecessor-version":[{"id":19007,"href":"https:\/\/www.grieta.org.mx\/index.php\/wp-json\/wp\/v2\/posts\/19006\/revisions\/19007"}],"wp:featuredmedia":[{"embeddable":true,"href":"https:\/\/www.grieta.org.mx\/index.php\/wp-json\/wp\/v2\/media\/21928"}],"wp:attachment":[{"href":"https:\/\/www.grieta.org.mx\/index.php\/wp-json\/wp\/v2\/media?parent=19006"}],"wp:term":[{"taxonomy":"category","embeddable":true,"href":"https:\/\/www.grieta.org.mx\/index.php\/wp-json\/wp\/v2\/categories?post=19006"},{"taxonomy":"post_tag","embeddable":true,"href":"https:\/\/www.grieta.org.mx\/index.php\/wp-json\/wp\/v2\/tags?post=19006"}],"curies":[{"name":"wp","href":"https:\/\/api.w.org\/{rel}","templated":true}]}}