{"id":18999,"date":"2016-08-02T17:24:38","date_gmt":"2016-08-02T22:24:38","guid":{"rendered":"http:\/\/www.grieta.org.mx\/?p=18999"},"modified":"2019-01-19T10:06:04","modified_gmt":"2019-01-19T16:06:04","slug":"desaparecen-en-tamaulipas-6-mil-personas","status":"publish","type":"post","link":"https:\/\/www.grieta.org.mx\/index.php\/2016\/08\/02\/desaparecen-en-tamaulipas-6-mil-personas\/","title":{"rendered":"Desaparecen en Tamaulipas 6 mil personas"},"content":{"rendered":"<p>Edith Alvarez<\/p>\n<p>Entidad ocupa el primer lugar en el pa\u00eds por esta situaci\u00f3n, refiere estad\u00edstica.<\/p>\n<p>En Tamaulipas hay al menos unas 6 mil personas desaparecidas, algunas de ellas son originarias de Estados Unidos, Guatemala, Honduras,  El Salvador, entre otros pa\u00edses, a quienes se les vio por \u00faltima vez en territorio tamaulipeco, as\u00ed lo se\u00f1alan las estad\u00edsticas del Secretariado Ejecutivo del Sistema Nacional de Seguridad P\u00fablica hasta el corte de mayo de este a\u00f1o.<\/p>\n<p>La instancia federal recopila las denuncias puestas ante el fuero federal y el fuero com\u00fan, que en suma dan 5 mil 730 personas vistas por \u00faltima vez en Tamaulipas y ahora en calidad de desaparecidas. La mayor\u00eda de las denuncias se interpuso ante Agencias del Ministerio P\u00fablico del estado.<\/p>\n<p>El Secretariado Ejecutivo del Sistema Nacional de Seguridad P\u00fablica refiere que hasta mayo de este a\u00f1o hab\u00eda 5 mil 583 denuncias en las Procuradur\u00edas y Fiscal\u00edas Generales de Justicia de Tamaulipas con base en los datos registrados en averiguaciones previas, carpetas de investigaci\u00f3n o actas circunstanciadas y otras 147 m\u00e1s en las oficinas de la Procuradur\u00eda General de la Rep\u00fablica (PGR).<\/p>\n<p>&#8220;La base de datos incluye \u00fanicamente los registros de las personas que, a la fecha de corte, permanecen sin localizar&#8230; Los registros se integran, validan y actualizan de manera peri\u00f3dica a partir de las acciones de b\u00fasqueda y localizaci\u00f3n, por lo que los datos estad\u00edsticos se ajustan continuamente&#8221;.<\/p>\n<p>Con este n\u00famero de m\u00e1s de 5 mil personas, Tamaulipas se ubica en primer lugar por desapariciones en el pa\u00eds; muy por debajo quedan entidades como el Estado de M\u00e9xico con 2 mil 830 denuncias, Jalisco con 2 mil 390, Nuevo Le\u00f3n con 2 mil 247, Sinaloa con 2 mil 016 personas en calidad de desaparecidas.<\/p>\n<p>Otras con una cifra a\u00fan m\u00e1s baja como Chihuahua con 1,777, Coahuila con 1,415, Baja California con 1,243, Sonora con 1,088 y Michoac\u00e1n con 1,029. El resto de las entidades tiene menos de mil denuncias, incluso Guerrero pues aunque es considerado un estado tambi\u00e9n inseguro solo tiene 953 denuncias y Veracruz, otra entidad conflictiva, tiene 492.<\/p>\n<p>En cuanto a las denuncias a nivel federal, Tamaulipas tiene el tercer lugar con 147 denuncias, por debajo de Guerrero con 266 y Veracruz con 189 casos ante las autoridades competentes.<\/p>\n<p>En algunos casos, las personas desaparecidas tienen nacionalidad estadounidense, hondure\u00f1a, guatemalteca, salvadore\u00f1a, brasile\u00f1a, colombiana, belice\u00f1a, entre otras.<\/p>\n<p><a href=\"http:\/\/www.milenio.com\/region\/Desaparecidos_Tamaulipas_0_785321562.html\" target=\"_blank\">http:\/\/www.milenio.com\/region\/Desaparecidos_Tamaulipas_0_785321562.html<\/a><\/p>\n","protected":false},"excerpt":{"rendered":"<p>Edith Alvarez Entidad ocupa el primer lugar en el pa\u00eds por esta situaci\u00f3n, refiere estad\u00edstica. En Tamaulipas hay al menos unas 6 mil personas desaparecidas, algunas de ellas son originarias &hellip; <a href=\"https:\/\/www.grieta.org.mx\/index.php\/2016\/08\/02\/desaparecen-en-tamaulipas-6-mil-personas\/\" class=\"more-link\">Leer m\u00e1s<\/a><\/p>\n","protected":false},"author":2,"featured_media":21928,"comment_status":"closed","ping_status":"closed","sticky":false,"template":"","format":"standard","meta":{"ngg_post_thumbnail":0,"_jetpack_newsletter_access":"","_jetpack_dont_email_post_to_subs":false,"_jetpack_newsletter_tier_id":0,"_jetpack_memberships_contains_paywalled_content":false,"_jetpack_memberships_contains_paid_content":false,"footnotes":""},"categories":[80,87,1197,2,33,259,83],"tags":[121],"class_list":{"0":"post-18999","1":"post","2":"type-post","3":"status-publish","4":"format-standard","5":"has-post-thumbnail","6":"hentry","7":"category-cintillo","8":"category-desaparecidos","9":"category-desaparecidos-en-tamaulipas","10":"category-noticias-nacionales","11":"category-tamaulipas","13":"category-temas-nacionales","14":"tag-desaparecidos","15":"entry"},"jetpack_featured_media_url":"https:\/\/www.grieta.org.mx\/wp-content\/uploads\/2018\/03\/14524434_1106112876131411_958039263622046936_o.jpg","jetpack_sharing_enabled":true,"jetpack_shortlink":"https:\/\/wp.me\/p7ZJR4-4Wr","jetpack_likes_enabled":false,"jetpack-related-posts":[{"id":12355,"url":"https:\/\/www.grieta.org.mx\/index.php\/2016\/05\/09\/lidera-tamaulipas-en-numero-de-desaparecidos-sesnsp\/","url_meta":{"origin":18999,"position":0},"title":"Lidera Tamaulipas en n\u00famero de desaparecidos: SESNSP","author":"grieta","date":"9 mayo, 2016","format":false,"excerpt":"Octavio Garc\u00eda Seg\u00fan sus cifras, en nuestro pa\u00eds hay 28 mil 158 personas no localizadas, de las cuales cinco mil 750 desaparecieron en alguno de los 43 municipios del estado. Una de cada cinco personas reportadas como desaparecidas en M\u00e9xico, fue vista por \u00faltima vez en el estado de Tamaulipas,\u2026","rel":"","context":"En &quot;CINTILLO&quot;","block_context":{"text":"CINTILLO","link":"https:\/\/www.grieta.org.mx\/index.php\/category\/cintillo\/"},"img":{"alt_text":"","src":"https:\/\/i0.wp.com\/www.grieta.org.mx\/wp-content\/uploads\/2018\/03\/14524434_1106112876131411_958039263622046936_o.jpg?resize=350%2C200&ssl=1","width":350,"height":200,"srcset":"https:\/\/i0.wp.com\/www.grieta.org.mx\/wp-content\/uploads\/2018\/03\/14524434_1106112876131411_958039263622046936_o.jpg?resize=350%2C200&ssl=1 1x, https:\/\/i0.wp.com\/www.grieta.org.mx\/wp-content\/uploads\/2018\/03\/14524434_1106112876131411_958039263622046936_o.jpg?resize=525%2C300&ssl=1 1.5x, https:\/\/i0.wp.com\/www.grieta.org.mx\/wp-content\/uploads\/2018\/03\/14524434_1106112876131411_958039263622046936_o.jpg?resize=700%2C400&ssl=1 2x"},"classes":[]},{"id":22958,"url":"https:\/\/www.grieta.org.mx\/index.php\/2017\/04\/23\/80-mil-desaparecidos-en-tamaulipas\/","url_meta":{"origin":18999,"position":1},"title":"\u00bf80 mil desaparecidos en Tamaulipas?","author":"grieta","date":"23 abril, 2017","format":false,"excerpt":"Redacci\u00f3n\/Posta TAMAULIPAS.- El vocero e integrante del Colectivo de Amigos y Familiares de Personas Desaparecidas de Tamaulipas , Guillermo Guti\u00e9rrez Riestra, consider\u00f3 que a pesar de que las cifras oficiales reconocen a 5 mil 567 personas \"no localizadas\" en la entidad, en la realidad la cifra pudiera ascender hasta los\u2026","rel":"","context":"En &quot;CINTILLO&quot;","block_context":{"text":"CINTILLO","link":"https:\/\/www.grieta.org.mx\/index.php\/category\/cintillo\/"},"img":{"alt_text":"","src":"https:\/\/i0.wp.com\/www.grieta.org.mx\/wp-content\/uploads\/2018\/05\/d4.jpg?resize=350%2C200&ssl=1","width":350,"height":200,"srcset":"https:\/\/i0.wp.com\/www.grieta.org.mx\/wp-content\/uploads\/2018\/05\/d4.jpg?resize=350%2C200&ssl=1 1x, https:\/\/i0.wp.com\/www.grieta.org.mx\/wp-content\/uploads\/2018\/05\/d4.jpg?resize=525%2C300&ssl=1 1.5x"},"classes":[]},{"id":22129,"url":"https:\/\/www.grieta.org.mx\/index.php\/2018\/03\/15\/acumula-puebla-la-septima-mayor-cifra-de-personas-desaparecidas-en-el-pais\/","url_meta":{"origin":18999,"position":2},"title":"Acumula Puebla la s\u00e9ptima mayor cifra de personas desaparecidas en el pa\u00eds","author":"grieta","date":"15 marzo, 2018","format":false,"excerpt":"Al corte del 31 de enero de 2018, el\u00a0estado de Puebla\u00a0tuvo un total de\u00a0mil 852 registros\u00a0de personas relacionadas con averiguaciones previas del fuero com\u00fan que\u00a0permanecen sin localizar, la s\u00e9ptima cifra m\u00e1s alta de las 32 entidades federativas. En el fuero federal las\u00a0averiguaciones previas\u00a0por personas no localizadas en la entidad poblana\u2026","rel":"","context":"En &quot;CINTILLO&quot;","block_context":{"text":"CINTILLO","link":"https:\/\/www.grieta.org.mx\/index.php\/category\/cintillo\/"},"img":{"alt_text":"","src":"https:\/\/i0.wp.com\/www.grieta.org.mx\/wp-content\/uploads\/2018\/03\/desaparecidos-puebla-cifras-nac.jpg?resize=350%2C200&ssl=1","width":350,"height":200,"srcset":"https:\/\/i0.wp.com\/www.grieta.org.mx\/wp-content\/uploads\/2018\/03\/desaparecidos-puebla-cifras-nac.jpg?resize=350%2C200&ssl=1 1x, https:\/\/i0.wp.com\/www.grieta.org.mx\/wp-content\/uploads\/2018\/03\/desaparecidos-puebla-cifras-nac.jpg?resize=525%2C300&ssl=1 1.5x"},"classes":[]},{"id":33367,"url":"https:\/\/www.grieta.org.mx\/index.php\/2019\/05\/11\/recuerdan-madres-a-sus-hijos-desaparecidos-tamaulipas\/","url_meta":{"origin":18999,"position":3},"title":"Recuerdan madres a sus hijos desaparecidos (Tamaulipas)","author":"grieta","date":"11 mayo, 2019","format":false,"excerpt":"El Ma\u00f1ana Un contingente de casi 100 personas comenz\u00f3 la marcha por los desaparecidos de Tamaulipas CIUDAD VICTORIA, TAMAULIPAS.- Al grito de \u201cVivos se los llevaron, vivos los queremos\u201d, un contingente de casi 100 personas march\u00f3 por los desaparecidos de Tamaulipas. Cerca de las 6:00 de la tarde, familiares de\u2026","rel":"","context":"En &quot;CINTILLO&quot;","block_context":{"text":"CINTILLO","link":"https:\/\/www.grieta.org.mx\/index.php\/category\/cintillo\/"},"img":{"alt_text":"","src":"https:\/\/i0.wp.com\/www.grieta.org.mx\/wp-content\/uploads\/2019\/05\/Recuerdan-madres-a-sus-hijos-desaparecidos-tama-may.jpg?resize=350%2C200&ssl=1","width":350,"height":200,"srcset":"https:\/\/i0.wp.com\/www.grieta.org.mx\/wp-content\/uploads\/2019\/05\/Recuerdan-madres-a-sus-hijos-desaparecidos-tama-may.jpg?resize=350%2C200&ssl=1 1x, https:\/\/i0.wp.com\/www.grieta.org.mx\/wp-content\/uploads\/2019\/05\/Recuerdan-madres-a-sus-hijos-desaparecidos-tama-may.jpg?resize=525%2C300&ssl=1 1.5x, https:\/\/i0.wp.com\/www.grieta.org.mx\/wp-content\/uploads\/2019\/05\/Recuerdan-madres-a-sus-hijos-desaparecidos-tama-may.jpg?resize=700%2C400&ssl=1 2x"},"classes":[]},{"id":17386,"url":"https:\/\/www.grieta.org.mx\/index.php\/2016\/07\/22\/registra-tamaulipas-6-mil-desaparecidos\/","url_meta":{"origin":18999,"position":4},"title":"Registra Tamaulipas 6 mil desaparecidos","author":"grieta","date":"22 julio, 2016","format":false,"excerpt":"Josu\u00e9 Escamilla Cd. Victoria Tamps.-La presidenta de la Asociaci\u00f3n de Personas Desaparecidas, Josefina de Le\u00f3n, revel\u00f3 que en Tamaulipas, aun cuando la cifra de desaparecidos no es exacta, se tiene un aproximado de seis mil personas, sin embargo la estad\u00edstica es mucho mayor ya que hay casos que no se\u2026","rel":"","context":"En &quot;CINTILLO&quot;","block_context":{"text":"CINTILLO","link":"https:\/\/www.grieta.org.mx\/index.php\/category\/cintillo\/"},"img":{"alt_text":"","src":"https:\/\/i0.wp.com\/www.grieta.org.mx\/wp-content\/uploads\/2018\/03\/14524434_1106112876131411_958039263622046936_o.jpg?resize=350%2C200&ssl=1","width":350,"height":200,"srcset":"https:\/\/i0.wp.com\/www.grieta.org.mx\/wp-content\/uploads\/2018\/03\/14524434_1106112876131411_958039263622046936_o.jpg?resize=350%2C200&ssl=1 1x, https:\/\/i0.wp.com\/www.grieta.org.mx\/wp-content\/uploads\/2018\/03\/14524434_1106112876131411_958039263622046936_o.jpg?resize=525%2C300&ssl=1 1.5x, https:\/\/i0.wp.com\/www.grieta.org.mx\/wp-content\/uploads\/2018\/03\/14524434_1106112876131411_958039263622046936_o.jpg?resize=700%2C400&ssl=1 2x"},"classes":[]},{"id":2442,"url":"https:\/\/www.grieta.org.mx\/index.php\/2015\/09\/03\/25-mil-desaparecidos-en-mexico-reconoce-segob-la-mayoria-en-tamaulipas\/","url_meta":{"origin":18999,"position":5},"title":"25 mil desaparecidos en M\u00e9xico, reconoce Segob; la mayor\u00eda, en Tamaulipas","author":"grieta","date":"3 septiembre, 2015","format":false,"excerpt":"Aristegui noticias Al 31 de diciembre de 2014, el total de personas desaparecidas o no localizadas del fuero com\u00fan fue de 24 mil 812. En tanto, la PGR reporta 418 registros de personas desaparecidas o no localizadas del fuero federal con corte al 31 de diciembre de 2014. El Senado\u2026","rel":"","context":"En &quot;CINTILLO&quot;","block_context":{"text":"CINTILLO","link":"https:\/\/www.grieta.org.mx\/index.php\/category\/cintillo\/"},"img":{"alt_text":"","src":"https:\/\/i0.wp.com\/www.grieta.org.mx\/wp-content\/uploads\/2018\/03\/14524434_1106112876131411_958039263622046936_o.jpg?resize=350%2C200&ssl=1","width":350,"height":200,"srcset":"https:\/\/i0.wp.com\/www.grieta.org.mx\/wp-content\/uploads\/2018\/03\/14524434_1106112876131411_958039263622046936_o.jpg?resize=350%2C200&ssl=1 1x, https:\/\/i0.wp.com\/www.grieta.org.mx\/wp-content\/uploads\/2018\/03\/14524434_1106112876131411_958039263622046936_o.jpg?resize=525%2C300&ssl=1 1.5x, https:\/\/i0.wp.com\/www.grieta.org.mx\/wp-content\/uploads\/2018\/03\/14524434_1106112876131411_958039263622046936_o.jpg?resize=700%2C400&ssl=1 2x"},"classes":[]}],"_links":{"self":[{"href":"https:\/\/www.grieta.org.mx\/index.php\/wp-json\/wp\/v2\/posts\/18999","targetHints":{"allow":["GET"]}}],"collection":[{"href":"https:\/\/www.grieta.org.mx\/index.php\/wp-json\/wp\/v2\/posts"}],"about":[{"href":"https:\/\/www.grieta.org.mx\/index.php\/wp-json\/wp\/v2\/types\/post"}],"author":[{"embeddable":true,"href":"https:\/\/www.grieta.org.mx\/index.php\/wp-json\/wp\/v2\/users\/2"}],"replies":[{"embeddable":true,"href":"https:\/\/www.grieta.org.mx\/index.php\/wp-json\/wp\/v2\/comments?post=18999"}],"version-history":[{"count":1,"href":"https:\/\/www.grieta.org.mx\/index.php\/wp-json\/wp\/v2\/posts\/18999\/revisions"}],"predecessor-version":[{"id":19000,"href":"https:\/\/www.grieta.org.mx\/index.php\/wp-json\/wp\/v2\/posts\/18999\/revisions\/19000"}],"wp:featuredmedia":[{"embeddable":true,"href":"https:\/\/www.grieta.org.mx\/index.php\/wp-json\/wp\/v2\/media\/21928"}],"wp:attachment":[{"href":"https:\/\/www.grieta.org.mx\/index.php\/wp-json\/wp\/v2\/media?parent=18999"}],"wp:term":[{"taxonomy":"category","embeddable":true,"href":"https:\/\/www.grieta.org.mx\/index.php\/wp-json\/wp\/v2\/categories?post=18999"},{"taxonomy":"post_tag","embeddable":true,"href":"https:\/\/www.grieta.org.mx\/index.php\/wp-json\/wp\/v2\/tags?post=18999"}],"curies":[{"name":"wp","href":"https:\/\/api.w.org\/{rel}","templated":true}]}}