{"id":1897,"date":"2016-01-27T17:02:26","date_gmt":"2016-01-27T17:02:26","guid":{"rendered":"http:\/\/50.22.11.12\/~grietaor\/?p=1897"},"modified":"2016-03-10T17:04:12","modified_gmt":"2016-03-10T17:04:12","slug":"bloquean-pobladores-puente-de-fierro-exigen-acta-de-cabildo-para-crear-comite-autonomo-de-agua-potable","status":"publish","type":"post","link":"https:\/\/www.grieta.org.mx\/index.php\/2016\/01\/27\/bloquean-pobladores-puente-de-fierro-exigen-acta-de-cabildo-para-crear-comite-autonomo-de-agua-potable\/","title":{"rendered":"Bloquean pobladores puente de fierro, exigen acta de cabildo para crear comit\u00e9 aut\u00f3nomo de agua potable"},"content":{"rendered":"<p>DIANA MANZO, Oaxaca<\/p>\n<p>TEHUANTEPEC,OAX.- Unos cien pobladores de Tehuantepec que habitan en el Pueblito de la Noria, un asentamiento humano de reciente creaci\u00f3n, bloquearon la carretera federal panamericana a la altura del Puente de Fierro, exigen un acta de cabildo donde se otorgue anuencia para crear un comit\u00e9 aut\u00f3nomo de agua potable.<\/p>\n<p>Los ciudadanos se\u00f1alaron que han cumplido seis a\u00f1os sin contar con el servicio b\u00e1sico, sin embargo gracias a sus gestiones con el gobierno de Oaxaca y a nivel federal lograron la construcci\u00f3n de un pozo equipado de agua potable y ahora desean descentralizarse del Comit\u00e9 Estatal del Agua (CEA), que pertenece al gobierno de Oaxaca.<\/p>\n<p>El Pueblito de la Noria es un asentamiento que se ubica en los alrededores del Fraccionamiento la Noria en el municipio de Santo Domingo Tehuantepec, en donde habitan unas 2 mil 500 personas, quienes se abastecen de agua potable adquiriendo pipas de agua.<\/p>\n<p>Pedro Arias Morales, dirigente de los ciudadanos inform\u00f3 que la Comisi\u00f3n Nacional del Agua (CONAGUA) les pidi\u00f3 que el cabildo extendiera un documento de anuencia para la creaci\u00f3n de un comit\u00e9 independiente y descentralizado del CEA.<\/p>\n<p>\u201cNosotros lo \u00fanico que le pedimos al presidente y a los regidores es que agilicen este procedimiento, deseamos a la brevedad poder gozar de agua potable, abrir nuestras llaves de agua y ba\u00f1arnos con agua potable, es un gusto que no podemos hacer desde hace seis a\u00f1os\u201d, se\u00f1al\u00f3.<\/p>\n<p>Por su parte el alcalde de Santo Domingo Tehuantepec Donovan Rito Garc\u00eda inform\u00f3 que este jueves al medio d\u00eda se reunir\u00e1 con los ciudadanos de El Pueblito la Noria y tambi\u00e9n con un jur\u00eddico de la CONAGUA con la finalidad de dejar claro las obligaciones y responsabilidades del comit\u00e9 del agua potable.<\/p>\n<p>\u201cLo \u00fanico que quiero asentar en el acta y que quede claro son la obligaciones que tendr\u00e1 el Comit\u00e9, porque hay un caso en la colonia Ju\u00e1rez de Tehuantepec en donde actualmente el comit\u00e9 descentralizado tiene una deuda de medio mill\u00f3n de pesos y han solicitado que la autoridad lo pague, cuando no es nuestra responsabilidad\u201d, explic\u00f3.<\/p>\n<p>Finalmente los manifestantes aseguraron que ellos van a llevar a cabalidad el comit\u00e9 a fin de disfrutar el gozo de contar con el servicio de agua potable.<\/p>\n<p><a href=\"http:\/\/pagina3.mx\/2016\/01\/bloquean-pobladores-puente-de-fierro-exigen-acta-de-cabildo-para-crear-comite-autonomo-de-agua-potable\/\" target=\"_blank\">pagina3.mx\/2016\/01\/bloquean-pobladores-puente-de-fierro-exigen-acta-de-cabildo-para-crear-comite-autonomo-de-agua-potable\/<\/a><\/p>\n","protected":false},"excerpt":{"rendered":"<p>DIANA MANZO, Oaxaca TEHUANTEPEC,OAX.- Unos cien pobladores de Tehuantepec que habitan en el Pueblito de la Noria, un asentamiento humano de reciente creaci\u00f3n, bloquearon la carretera federal panamericana a la &hellip; <a href=\"https:\/\/www.grieta.org.mx\/index.php\/2016\/01\/27\/bloquean-pobladores-puente-de-fierro-exigen-acta-de-cabildo-para-crear-comite-autonomo-de-agua-potable\/\" class=\"more-link\">Leer m\u00e1s<\/a><\/p>\n","protected":false},"author":2,"featured_media":21928,"comment_status":"closed","ping_status":"open","sticky":false,"template":"","format":"standard","meta":{"ngg_post_thumbnail":0,"_jetpack_newsletter_access":"","_jetpack_dont_email_post_to_subs":false,"_jetpack_newsletter_tier_id":0,"_jetpack_memberships_contains_paywalled_content":false,"_jetpack_memberships_contains_paid_content":false,"footnotes":""},"categories":[80],"tags":[224,174,93],"class_list":["post-1897","post","type-post","status-publish","format-standard","has-post-thumbnail","hentry","category-cintillo","tag-agua","tag-derechos-humanos","tag-oaxaca","entry"],"jetpack_featured_media_url":"https:\/\/www.grieta.org.mx\/wp-content\/uploads\/2018\/03\/14524434_1106112876131411_958039263622046936_o.jpg","jetpack_sharing_enabled":true,"jetpack_shortlink":"https:\/\/wp.me\/p7ZJR4-uB","jetpack_likes_enabled":false,"jetpack-related-posts":[{"id":1896,"url":"https:\/\/www.grieta.org.mx\/index.php\/2016\/01\/27\/pobladores-del-istmo-luchan-por-crear-comite-autonomo-de-agua-potable\/","url_meta":{"origin":1897,"position":0},"title":"Pobladores del istmo luchan por crear comit\u00e9 aut\u00f3nomo de agua potable","author":"grieta","date":"27 enero, 2016","format":false,"excerpt":"27\/01\/16. Bloquean pobladores puente de fierro, exigen acta de cabildo para crear comit\u00e9 aut\u00f3nomo de agua potable Pagina 3","rel":"","context":"En &quot;NOTICIAS NACIONALES&quot;","block_context":{"text":"NOTICIAS NACIONALES","link":"https:\/\/www.grieta.org.mx\/index.php\/category\/noticias-nacionales\/"},"img":{"alt_text":"","src":"https:\/\/i0.wp.com\/www.grieta.org.mx\/wp-content\/uploads\/2018\/03\/14524434_1106112876131411_958039263622046936_o.jpg?resize=350%2C200&ssl=1","width":350,"height":200,"srcset":"https:\/\/i0.wp.com\/www.grieta.org.mx\/wp-content\/uploads\/2018\/03\/14524434_1106112876131411_958039263622046936_o.jpg?resize=350%2C200&ssl=1 1x, https:\/\/i0.wp.com\/www.grieta.org.mx\/wp-content\/uploads\/2018\/03\/14524434_1106112876131411_958039263622046936_o.jpg?resize=525%2C300&ssl=1 1.5x, https:\/\/i0.wp.com\/www.grieta.org.mx\/wp-content\/uploads\/2018\/03\/14524434_1106112876131411_958039263622046936_o.jpg?resize=700%2C400&ssl=1 2x"},"classes":[]},{"id":28489,"url":"https:\/\/www.grieta.org.mx\/index.php\/2019\/01\/08\/exigen-pobladores-de-yauhquemehcan-remocion-del-titular-de-agua-potable-tlaxcala\/","url_meta":{"origin":1897,"position":1},"title":"Exigen pobladores de Yauhquemehcan, remoci\u00f3n del titular de agua potable (Tlaxcala","author":"grieta","date":"8 enero, 2019","format":false,"excerpt":"TOM\u00c1S BA\u00d1OS \/ El Sol de Tlaxcala Pobladores de San Dionisio Yauhquemehcan, se manifestaron este lunes bajo los portales del Palacio Municipal para exigir al alcalde, Francisco Villarreal Chairez, la destituci\u00f3n del director de agua potable, Rosendo Arturo Sarmiento Rodr\u00edguez, pues presuntamente malvers\u00f3 recursos de las cuotas. Con pancartas de\u2026","rel":"","context":"En &quot;CINTILLO&quot;","block_context":{"text":"CINTILLO","link":"https:\/\/www.grieta.org.mx\/index.php\/category\/cintillo\/"},"img":{"alt_text":"","src":"https:\/\/i0.wp.com\/www.grieta.org.mx\/wp-content\/uploads\/2019\/01\/LA-MANIFESTACI%C3%93N-3.jpg?resize=350%2C200&ssl=1","width":350,"height":200,"srcset":"https:\/\/i0.wp.com\/www.grieta.org.mx\/wp-content\/uploads\/2019\/01\/LA-MANIFESTACI%C3%93N-3.jpg?resize=350%2C200&ssl=1 1x, https:\/\/i0.wp.com\/www.grieta.org.mx\/wp-content\/uploads\/2019\/01\/LA-MANIFESTACI%C3%93N-3.jpg?resize=525%2C300&ssl=1 1.5x, https:\/\/i0.wp.com\/www.grieta.org.mx\/wp-content\/uploads\/2019\/01\/LA-MANIFESTACI%C3%93N-3.jpg?resize=700%2C400&ssl=1 2x"},"classes":[]},{"id":30880,"url":"https:\/\/www.grieta.org.mx\/index.php\/2019\/03\/17\/en-totolac-no-quieren-puentes-exigen-agua-potable-tlaxcala\/","url_meta":{"origin":1897,"position":2},"title":"En Totolac no quieren puentes, exigen agua potable (Tlaxcala)","author":"grieta","date":"17 marzo, 2019","format":false,"excerpt":"Aldo Romero \/ Quadrat\u00edn Tlaxcala El texto original de este art\u00edculo fue publicado por la Agencia Quadrat\u00edn en la siguiente direcci\u00f3n: https:\/\/tlaxcala.quadratin.com.mx\/municipios\/en-totolac-no-quieren-puentes-exigen-agua-potable\/ Este contenido se encuentra protegido por la ley. Si lo cita, por favor mencione la fuente y haga un enlace a la nota original de donde usted lo\u2026","rel":"","context":"En &quot;CINTILLO&quot;","block_context":{"text":"CINTILLO","link":"https:\/\/www.grieta.org.mx\/index.php\/category\/cintillo\/"},"img":{"alt_text":"","src":"https:\/\/i0.wp.com\/www.grieta.org.mx\/wp-content\/uploads\/2019\/03\/totolac-1160x700.jpg?resize=350%2C200&ssl=1","width":350,"height":200,"srcset":"https:\/\/i0.wp.com\/www.grieta.org.mx\/wp-content\/uploads\/2019\/03\/totolac-1160x700.jpg?resize=350%2C200&ssl=1 1x, https:\/\/i0.wp.com\/www.grieta.org.mx\/wp-content\/uploads\/2019\/03\/totolac-1160x700.jpg?resize=525%2C300&ssl=1 1.5x, https:\/\/i0.wp.com\/www.grieta.org.mx\/wp-content\/uploads\/2019\/03\/totolac-1160x700.jpg?resize=700%2C400&ssl=1 2x, https:\/\/i0.wp.com\/www.grieta.org.mx\/wp-content\/uploads\/2019\/03\/totolac-1160x700.jpg?resize=1050%2C600&ssl=1 3x"},"classes":[]},{"id":68531,"url":"https:\/\/www.grieta.org.mx\/index.php\/2024\/02\/18\/colonos-denuncian-represion-de-edil-de-salina-cruz-por-oponerse-a-obra-que-afecta-agua-potable-oaxaca\/","url_meta":{"origin":1897,"position":3},"title":"Colonos denuncian represi\u00f3n de edil de Salina Cruz por oponerse a obra que afecta agua potable (Oaxaca)","author":"grieta","date":"18 febrero, 2024","format":false,"excerpt":"Imagen: Pagina 3 Diana Manzo \/ P\u00e1gina 3 Salina Cruz, Oaxaca.- Polic\u00edas municipales de este puerto oaxaque\u00f1o y elementos de la Marina reprimieron una protesta que encabezaban vecinos de la colonia \u201cBenito Ju\u00e1rez\u201d al exigir una mesa de di\u00e1logo con el presidente municipal, Daniel M\u00e9ndez. Los colonos denunciaron que la\u2026","rel":"","context":"En &quot;Brutalidad polic\u00edaca en Oaxaca&quot;","block_context":{"text":"Brutalidad polic\u00edaca en Oaxaca","link":"https:\/\/www.grieta.org.mx\/index.php\/category\/noticias-nacionales\/oaxaca\/brutalidad-policiaca-en-oaxaca\/"},"img":{"alt_text":"","src":"https:\/\/i0.wp.com\/www.grieta.org.mx\/wp-content\/uploads\/2024\/02\/3ff939b7-7749-4115-8603-5767a11dd32d.webp?resize=350%2C200&ssl=1","width":350,"height":200,"srcset":"https:\/\/i0.wp.com\/www.grieta.org.mx\/wp-content\/uploads\/2024\/02\/3ff939b7-7749-4115-8603-5767a11dd32d.webp?resize=350%2C200&ssl=1 1x, https:\/\/i0.wp.com\/www.grieta.org.mx\/wp-content\/uploads\/2024\/02\/3ff939b7-7749-4115-8603-5767a11dd32d.webp?resize=525%2C300&ssl=1 1.5x"},"classes":[]},{"id":65633,"url":"https:\/\/www.grieta.org.mx\/index.php\/2022\/10\/24\/continua-intento-de-cercamiento-de-tierras-de-puente-madera-para-parque-industrial-oaxaca\/","url_meta":{"origin":1897,"position":4},"title":"Contin\u00faa intento de cercamiento de tierras de Puente Madera para parque industrial (Oaxaca)","author":"grieta","date":"24 octubre, 2022","format":false,"excerpt":"Imagen: Avispa Media Sare Fabres \/ Avispa Media Un grupo de 30 personas que se identificaron como seguridad privada del Corredor Interoce\u00e1nico del Istmo de Tehuantepec (CIIT), acompa\u00f1ados de la Polic\u00eda Estatal, instalaron en la ma\u00f1ana de este lunes (24) una lona con la leyenda \u201cTierras de propiedad del CIIT\u2026","rel":"","context":"En &quot;CINTILLO&quot;","block_context":{"text":"CINTILLO","link":"https:\/\/www.grieta.org.mx\/index.php\/category\/cintillo\/"},"img":{"alt_text":"","src":"https:\/\/i0.wp.com\/www.grieta.org.mx\/wp-content\/uploads\/2022\/10\/Manta-Corredor.jpg?resize=350%2C200&ssl=1","width":350,"height":200,"srcset":"https:\/\/i0.wp.com\/www.grieta.org.mx\/wp-content\/uploads\/2022\/10\/Manta-Corredor.jpg?resize=350%2C200&ssl=1 1x, https:\/\/i0.wp.com\/www.grieta.org.mx\/wp-content\/uploads\/2022\/10\/Manta-Corredor.jpg?resize=525%2C300&ssl=1 1.5x, https:\/\/i0.wp.com\/www.grieta.org.mx\/wp-content\/uploads\/2022\/10\/Manta-Corredor.jpg?resize=700%2C400&ssl=1 2x, https:\/\/i0.wp.com\/www.grieta.org.mx\/wp-content\/uploads\/2022\/10\/Manta-Corredor.jpg?resize=1050%2C600&ssl=1 3x"},"classes":[]},{"id":62211,"url":"https:\/\/www.grieta.org.mx\/index.php\/2021\/10\/02\/corredor-del-istmo-usan-asamblea-con-firmas-falsas-y-hasta-de-un-muerto-oaxaca\/","url_meta":{"origin":1897,"position":5},"title":"Corredor del Istmo: usan asamblea con firmas falsas\u2026 y hasta de un muerto (Oaxaca)","author":"grieta","date":"2 octubre, 2021","format":false,"excerpt":"SinEmbargo \/ Dulce Olvera. Para aprobar la instalaci\u00f3n de un pol\u00edgono de los parques industriales del Corredor Interoce\u00e1nico, se falsificaron firmas en una asamblea de comuneros de San Blas Atempa, Oaxaca, por lo que se interpuso un juicio de nulidad. Ciudad de M\u00e9xico, 2 de octubre (SinEmbargo).\u2013 Pobladores de Puente\u2026","rel":"","context":"En &quot;CINTILLO&quot;","block_context":{"text":"CINTILLO","link":"https:\/\/www.grieta.org.mx\/index.php\/category\/cintillo\/"},"img":{"alt_text":"","src":"https:\/\/i0.wp.com\/www.grieta.org.mx\/wp-content\/uploads\/2018\/03\/14524434_1106112876131411_958039263622046936_o.jpg?resize=350%2C200&ssl=1","width":350,"height":200,"srcset":"https:\/\/i0.wp.com\/www.grieta.org.mx\/wp-content\/uploads\/2018\/03\/14524434_1106112876131411_958039263622046936_o.jpg?resize=350%2C200&ssl=1 1x, https:\/\/i0.wp.com\/www.grieta.org.mx\/wp-content\/uploads\/2018\/03\/14524434_1106112876131411_958039263622046936_o.jpg?resize=525%2C300&ssl=1 1.5x, https:\/\/i0.wp.com\/www.grieta.org.mx\/wp-content\/uploads\/2018\/03\/14524434_1106112876131411_958039263622046936_o.jpg?resize=700%2C400&ssl=1 2x"},"classes":[]}],"_links":{"self":[{"href":"https:\/\/www.grieta.org.mx\/index.php\/wp-json\/wp\/v2\/posts\/1897","targetHints":{"allow":["GET"]}}],"collection":[{"href":"https:\/\/www.grieta.org.mx\/index.php\/wp-json\/wp\/v2\/posts"}],"about":[{"href":"https:\/\/www.grieta.org.mx\/index.php\/wp-json\/wp\/v2\/types\/post"}],"author":[{"embeddable":true,"href":"https:\/\/www.grieta.org.mx\/index.php\/wp-json\/wp\/v2\/users\/2"}],"replies":[{"embeddable":true,"href":"https:\/\/www.grieta.org.mx\/index.php\/wp-json\/wp\/v2\/comments?post=1897"}],"version-history":[{"count":1,"href":"https:\/\/www.grieta.org.mx\/index.php\/wp-json\/wp\/v2\/posts\/1897\/revisions"}],"predecessor-version":[{"id":1898,"href":"https:\/\/www.grieta.org.mx\/index.php\/wp-json\/wp\/v2\/posts\/1897\/revisions\/1898"}],"wp:featuredmedia":[{"embeddable":true,"href":"https:\/\/www.grieta.org.mx\/index.php\/wp-json\/wp\/v2\/media\/21928"}],"wp:attachment":[{"href":"https:\/\/www.grieta.org.mx\/index.php\/wp-json\/wp\/v2\/media?parent=1897"}],"wp:term":[{"taxonomy":"category","embeddable":true,"href":"https:\/\/www.grieta.org.mx\/index.php\/wp-json\/wp\/v2\/categories?post=1897"},{"taxonomy":"post_tag","embeddable":true,"href":"https:\/\/www.grieta.org.mx\/index.php\/wp-json\/wp\/v2\/tags?post=1897"}],"curies":[{"name":"wp","href":"https:\/\/api.w.org\/{rel}","templated":true}]}}