{"id":1896,"date":"2016-01-27T17:01:27","date_gmt":"2016-01-27T17:01:27","guid":{"rendered":"http:\/\/50.22.11.12\/~grietaor\/?p=1896"},"modified":"2016-03-10T17:05:15","modified_gmt":"2016-03-10T17:05:15","slug":"pobladores-del-istmo-luchan-por-crear-comite-autonomo-de-agua-potable","status":"publish","type":"post","link":"https:\/\/www.grieta.org.mx\/index.php\/2016\/01\/27\/pobladores-del-istmo-luchan-por-crear-comite-autonomo-de-agua-potable\/","title":{"rendered":"Pobladores del istmo luchan por crear comit\u00e9 aut\u00f3nomo de agua potable"},"content":{"rendered":"<p><strong>27\/01\/16. <\/strong><a href=\"http:\/\/grieta.org.mx\/index.php\/2016\/01\/27\/bloquean-pobladores-puente-de-fierro-exigen-acta-de-cabildo-para-crear-comite-autonomo-de-agua-potable\/\">Bloquean pobladores puente de fierro, exigen acta de cabildo para crear comit\u00e9 aut\u00f3nomo de agua potable<\/a><br \/>\n<em>Pagina 3<\/em><\/p>\n","protected":false},"excerpt":{"rendered":"<p>27\/01\/16. Bloquean pobladores puente de fierro, exigen acta de cabildo para crear comit\u00e9 aut\u00f3nomo de agua potable Pagina 3<\/p>\n","protected":false},"author":2,"featured_media":21928,"comment_status":"closed","ping_status":"open","sticky":false,"template":"","format":"standard","meta":{"ngg_post_thumbnail":0,"_jetpack_newsletter_access":"","_jetpack_dont_email_post_to_subs":false,"_jetpack_newsletter_tier_id":0,"_jetpack_memberships_contains_paywalled_content":false,"_jetpack_memberships_contains_paid_content":false,"footnotes":""},"categories":[2,25],"tags":[],"class_list":["post-1896","post","type-post","status-publish","format-standard","has-post-thumbnail","hentry","category-noticias-nacionales","category-oaxaca","entry"],"jetpack_featured_media_url":"https:\/\/www.grieta.org.mx\/wp-content\/uploads\/2018\/03\/14524434_1106112876131411_958039263622046936_o.jpg","jetpack_sharing_enabled":true,"jetpack_shortlink":"https:\/\/wp.me\/p7ZJR4-uA","jetpack_likes_enabled":false,"jetpack-related-posts":[{"id":1897,"url":"https:\/\/www.grieta.org.mx\/index.php\/2016\/01\/27\/bloquean-pobladores-puente-de-fierro-exigen-acta-de-cabildo-para-crear-comite-autonomo-de-agua-potable\/","url_meta":{"origin":1896,"position":0},"title":"Bloquean pobladores puente de fierro, exigen acta de cabildo para crear comit\u00e9 aut\u00f3nomo de agua potable","author":"grieta","date":"27 enero, 2016","format":false,"excerpt":"DIANA MANZO, Oaxaca TEHUANTEPEC,OAX.- Unos cien pobladores de Tehuantepec que habitan en el Pueblito de la Noria, un asentamiento humano de reciente creaci\u00f3n, bloquearon la carretera federal panamericana a la altura del Puente de Fierro, exigen un acta de cabildo donde se otorgue anuencia para crear un comit\u00e9 aut\u00f3nomo de\u2026","rel":"","context":"En &quot;CINTILLO&quot;","block_context":{"text":"CINTILLO","link":"https:\/\/www.grieta.org.mx\/index.php\/category\/cintillo\/"},"img":{"alt_text":"","src":"https:\/\/i0.wp.com\/www.grieta.org.mx\/wp-content\/uploads\/2018\/03\/14524434_1106112876131411_958039263622046936_o.jpg?resize=350%2C200&ssl=1","width":350,"height":200,"srcset":"https:\/\/i0.wp.com\/www.grieta.org.mx\/wp-content\/uploads\/2018\/03\/14524434_1106112876131411_958039263622046936_o.jpg?resize=350%2C200&ssl=1 1x, https:\/\/i0.wp.com\/www.grieta.org.mx\/wp-content\/uploads\/2018\/03\/14524434_1106112876131411_958039263622046936_o.jpg?resize=525%2C300&ssl=1 1.5x, https:\/\/i0.wp.com\/www.grieta.org.mx\/wp-content\/uploads\/2018\/03\/14524434_1106112876131411_958039263622046936_o.jpg?resize=700%2C400&ssl=1 2x"},"classes":[]},{"id":28489,"url":"https:\/\/www.grieta.org.mx\/index.php\/2019\/01\/08\/exigen-pobladores-de-yauhquemehcan-remocion-del-titular-de-agua-potable-tlaxcala\/","url_meta":{"origin":1896,"position":1},"title":"Exigen pobladores de Yauhquemehcan, remoci\u00f3n del titular de agua potable (Tlaxcala","author":"grieta","date":"8 enero, 2019","format":false,"excerpt":"TOM\u00c1S BA\u00d1OS \/ El Sol de Tlaxcala Pobladores de San Dionisio Yauhquemehcan, se manifestaron este lunes bajo los portales del Palacio Municipal para exigir al alcalde, Francisco Villarreal Chairez, la destituci\u00f3n del director de agua potable, Rosendo Arturo Sarmiento Rodr\u00edguez, pues presuntamente malvers\u00f3 recursos de las cuotas. Con pancartas de\u2026","rel":"","context":"En &quot;CINTILLO&quot;","block_context":{"text":"CINTILLO","link":"https:\/\/www.grieta.org.mx\/index.php\/category\/cintillo\/"},"img":{"alt_text":"","src":"https:\/\/i0.wp.com\/www.grieta.org.mx\/wp-content\/uploads\/2019\/01\/LA-MANIFESTACI%C3%93N-3.jpg?resize=350%2C200&ssl=1","width":350,"height":200,"srcset":"https:\/\/i0.wp.com\/www.grieta.org.mx\/wp-content\/uploads\/2019\/01\/LA-MANIFESTACI%C3%93N-3.jpg?resize=350%2C200&ssl=1 1x, https:\/\/i0.wp.com\/www.grieta.org.mx\/wp-content\/uploads\/2019\/01\/LA-MANIFESTACI%C3%93N-3.jpg?resize=525%2C300&ssl=1 1.5x, https:\/\/i0.wp.com\/www.grieta.org.mx\/wp-content\/uploads\/2019\/01\/LA-MANIFESTACI%C3%93N-3.jpg?resize=700%2C400&ssl=1 2x"},"classes":[]},{"id":30880,"url":"https:\/\/www.grieta.org.mx\/index.php\/2019\/03\/17\/en-totolac-no-quieren-puentes-exigen-agua-potable-tlaxcala\/","url_meta":{"origin":1896,"position":2},"title":"En Totolac no quieren puentes, exigen agua potable (Tlaxcala)","author":"grieta","date":"17 marzo, 2019","format":false,"excerpt":"Aldo Romero \/ Quadrat\u00edn Tlaxcala El texto original de este art\u00edculo fue publicado por la Agencia Quadrat\u00edn en la siguiente direcci\u00f3n: https:\/\/tlaxcala.quadratin.com.mx\/municipios\/en-totolac-no-quieren-puentes-exigen-agua-potable\/ Este contenido se encuentra protegido por la ley. Si lo cita, por favor mencione la fuente y haga un enlace a la nota original de donde usted lo\u2026","rel":"","context":"En &quot;CINTILLO&quot;","block_context":{"text":"CINTILLO","link":"https:\/\/www.grieta.org.mx\/index.php\/category\/cintillo\/"},"img":{"alt_text":"","src":"https:\/\/i0.wp.com\/www.grieta.org.mx\/wp-content\/uploads\/2019\/03\/totolac-1160x700.jpg?resize=350%2C200&ssl=1","width":350,"height":200,"srcset":"https:\/\/i0.wp.com\/www.grieta.org.mx\/wp-content\/uploads\/2019\/03\/totolac-1160x700.jpg?resize=350%2C200&ssl=1 1x, https:\/\/i0.wp.com\/www.grieta.org.mx\/wp-content\/uploads\/2019\/03\/totolac-1160x700.jpg?resize=525%2C300&ssl=1 1.5x, https:\/\/i0.wp.com\/www.grieta.org.mx\/wp-content\/uploads\/2019\/03\/totolac-1160x700.jpg?resize=700%2C400&ssl=1 2x, https:\/\/i0.wp.com\/www.grieta.org.mx\/wp-content\/uploads\/2019\/03\/totolac-1160x700.jpg?resize=1050%2C600&ssl=1 3x"},"classes":[]},{"id":3932,"url":"https:\/\/www.grieta.org.mx\/index.php\/2016\/01\/04\/opositores-a-living-water-cierran-presidencia-de-ocotepec\/","url_meta":{"origin":1896,"position":3},"title":"Opositores a Living Water cierran presidencia de Ocotepec","author":"grieta","date":"4 enero, 2016","format":false,"excerpt":"enero 04, 2016 Leticia \u00c1nimas Vargas, Ocotepec, Pue. En rechazo a la privatizaci\u00f3n del servicio de agua potable y en demanda de que se cancele el convenio con la fundaci\u00f3n estadounidense Living Water International (LWI), pobladores de Ocotepec cerraron este lunes la presidencia municipal y amagaron con bloquear la autopista\u2026","rel":"","context":"En &quot;CINTILLO&quot;","block_context":{"text":"CINTILLO","link":"https:\/\/www.grieta.org.mx\/index.php\/category\/cintillo\/"},"img":{"alt_text":"","src":"https:\/\/i0.wp.com\/www.grieta.org.mx\/wp-content\/uploads\/2018\/03\/14524434_1106112876131411_958039263622046936_o.jpg?resize=350%2C200&ssl=1","width":350,"height":200,"srcset":"https:\/\/i0.wp.com\/www.grieta.org.mx\/wp-content\/uploads\/2018\/03\/14524434_1106112876131411_958039263622046936_o.jpg?resize=350%2C200&ssl=1 1x, https:\/\/i0.wp.com\/www.grieta.org.mx\/wp-content\/uploads\/2018\/03\/14524434_1106112876131411_958039263622046936_o.jpg?resize=525%2C300&ssl=1 1.5x, https:\/\/i0.wp.com\/www.grieta.org.mx\/wp-content\/uploads\/2018\/03\/14524434_1106112876131411_958039263622046936_o.jpg?resize=700%2C400&ssl=1 2x"},"classes":[]},{"id":18653,"url":"https:\/\/www.grieta.org.mx\/index.php\/2016\/07\/20\/agua-potable-un-gran-negocio-en-tlaxcala\/","url_meta":{"origin":1896,"position":4},"title":"Agua Potable un gran negocio en Tlaxcala","author":"grieta","date":"20 julio, 2016","format":false,"excerpt":"Por Roberto Nava Briones Casi 137 millones de pesos dejar\u00eda de ganancia al a\u00f1o a la Comisi\u00f3n de Agua Potable y Alcantarillado Municipal de Tlaxcala (CAPAM), la operaci\u00f3n del pozo La Colina n\u00famero 3 que habitantes de la comunidad de San Sebasti\u00e1n Atlahapa tomaron la decisi\u00f3n de suspender su trabajo\u2026","rel":"","context":"En &quot;CINTILLO&quot;","block_context":{"text":"CINTILLO","link":"https:\/\/www.grieta.org.mx\/index.php\/category\/cintillo\/"},"img":{"alt_text":"","src":"https:\/\/i0.wp.com\/www.grieta.org.mx\/wp-content\/uploads\/2016\/08\/200716_agua_potable_un_gran_negocio_en_tlaxcala.jpg?resize=350%2C200&ssl=1","width":350,"height":200},"classes":[]},{"id":56442,"url":"https:\/\/www.grieta.org.mx\/index.php\/2021\/01\/28\/se-queda-sin-agua-cacalomacan-por-presunto-adeudo-millonario-a-cfe-estado-de-mexico\/","url_meta":{"origin":1896,"position":5},"title":"Se queda sin agua Cacalomac\u00e1n por presunto adeudo millonario a CFE (Estado de M\u00e9xico)","author":"grieta","date":"28 enero, 2021","format":false,"excerpt":"Foto tomada de: ADNoticias V\u00edctor Castillo \/ ADNoticias El vocero del Organismo de Agua Potable afirm\u00f3 que el adeudo asciende a los 4 millones de pesos Desde el pasado martes pobladores de Cacalomac\u00e1n, en Toluca, se encuentran sin el servicio de agua potable, de acuerdo con informaci\u00f3n de miembros del\u2026","rel":"","context":"En &quot;CINTILLO&quot;","block_context":{"text":"CINTILLO","link":"https:\/\/www.grieta.org.mx\/index.php\/category\/cintillo\/"},"img":{"alt_text":"","src":"https:\/\/i0.wp.com\/www.grieta.org.mx\/wp-content\/uploads\/2021\/01\/Se-queda-sin-agua-Cacalomacan-por-presunto-adeudo-millonario-a-CFE-edomex-ene.jpeg?resize=350%2C200&ssl=1","width":350,"height":200,"srcset":"https:\/\/i0.wp.com\/www.grieta.org.mx\/wp-content\/uploads\/2021\/01\/Se-queda-sin-agua-Cacalomacan-por-presunto-adeudo-millonario-a-CFE-edomex-ene.jpeg?resize=350%2C200&ssl=1 1x, https:\/\/i0.wp.com\/www.grieta.org.mx\/wp-content\/uploads\/2021\/01\/Se-queda-sin-agua-Cacalomacan-por-presunto-adeudo-millonario-a-CFE-edomex-ene.jpeg?resize=525%2C300&ssl=1 1.5x, https:\/\/i0.wp.com\/www.grieta.org.mx\/wp-content\/uploads\/2021\/01\/Se-queda-sin-agua-Cacalomacan-por-presunto-adeudo-millonario-a-CFE-edomex-ene.jpeg?resize=700%2C400&ssl=1 2x, https:\/\/i0.wp.com\/www.grieta.org.mx\/wp-content\/uploads\/2021\/01\/Se-queda-sin-agua-Cacalomacan-por-presunto-adeudo-millonario-a-CFE-edomex-ene.jpeg?resize=1050%2C600&ssl=1 3x"},"classes":[]}],"_links":{"self":[{"href":"https:\/\/www.grieta.org.mx\/index.php\/wp-json\/wp\/v2\/posts\/1896","targetHints":{"allow":["GET"]}}],"collection":[{"href":"https:\/\/www.grieta.org.mx\/index.php\/wp-json\/wp\/v2\/posts"}],"about":[{"href":"https:\/\/www.grieta.org.mx\/index.php\/wp-json\/wp\/v2\/types\/post"}],"author":[{"embeddable":true,"href":"https:\/\/www.grieta.org.mx\/index.php\/wp-json\/wp\/v2\/users\/2"}],"replies":[{"embeddable":true,"href":"https:\/\/www.grieta.org.mx\/index.php\/wp-json\/wp\/v2\/comments?post=1896"}],"version-history":[{"count":1,"href":"https:\/\/www.grieta.org.mx\/index.php\/wp-json\/wp\/v2\/posts\/1896\/revisions"}],"predecessor-version":[{"id":1899,"href":"https:\/\/www.grieta.org.mx\/index.php\/wp-json\/wp\/v2\/posts\/1896\/revisions\/1899"}],"wp:featuredmedia":[{"embeddable":true,"href":"https:\/\/www.grieta.org.mx\/index.php\/wp-json\/wp\/v2\/media\/21928"}],"wp:attachment":[{"href":"https:\/\/www.grieta.org.mx\/index.php\/wp-json\/wp\/v2\/media?parent=1896"}],"wp:term":[{"taxonomy":"category","embeddable":true,"href":"https:\/\/www.grieta.org.mx\/index.php\/wp-json\/wp\/v2\/categories?post=1896"},{"taxonomy":"post_tag","embeddable":true,"href":"https:\/\/www.grieta.org.mx\/index.php\/wp-json\/wp\/v2\/tags?post=1896"}],"curies":[{"name":"wp","href":"https:\/\/api.w.org\/{rel}","templated":true}]}}