{"id":18901,"date":"2016-08-06T21:58:18","date_gmt":"2016-08-07T02:58:18","guid":{"rendered":"http:\/\/www.grieta.org.mx\/?p=18901"},"modified":"2016-08-06T21:59:52","modified_gmt":"2016-08-07T02:59:52","slug":"dia-9-comparte-por-la-humanidad-caracol-de-la-realidad-3-de-agosto","status":"publish","type":"post","link":"https:\/\/www.grieta.org.mx\/index.php\/2016\/08\/06\/dia-9-comparte-por-la-humanidad-caracol-de-la-realidad-3-de-agosto\/","title":{"rendered":"D\u00eda 9 \u2013 CompARTE por la humanidad \u2013 Caracol de La Realidad (3 de agosto) (Audios)"},"content":{"rendered":"<p>Festival CompARTE por la humanidad<br \/>\n3 de agosto de 2016<br \/>\nCaracol de La Realidad, Chiapas<\/p>\n<div data-carousel-extra='{&quot;blog_id&quot;:1,&quot;permalink&quot;:&quot;https:\/\/www.grieta.org.mx\/index.php\/2016\/08\/06\/dia-9-comparte-por-la-humanidad-caracol-de-la-realidad-3-de-agosto\/&quot;}' id='gallery-1' class='gallery galleryid-18901 gallery-columns-3 gallery-size-medium'><figure class='gallery-item'>\n\t\t\t<div class='gallery-icon landscape'>\n\t\t\t\t<a href='https:\/\/www.grieta.org.mx\/index.php\/2016\/08\/06\/dia-9-comparte-por-la-humanidad-caracol-de-la-realidad-3-de-agosto\/img_9124-800x400\/'><img loading=\"lazy\" decoding=\"async\" width=\"300\" height=\"150\" src=\"https:\/\/www.grieta.org.mx\/wp-content\/uploads\/2016\/08\/IMG_9124-800x400-300x150.jpg\" class=\"attachment-medium size-medium\" alt=\"\" srcset=\"https:\/\/www.grieta.org.mx\/wp-content\/uploads\/2016\/08\/IMG_9124-800x400-300x150.jpg 300w, https:\/\/www.grieta.org.mx\/wp-content\/uploads\/2016\/08\/IMG_9124-800x400-768x384.jpg 768w, https:\/\/www.grieta.org.mx\/wp-content\/uploads\/2016\/08\/IMG_9124-800x400.jpg 800w\" sizes=\"auto, (max-width: 300px) 100vw, 300px\" data-attachment-id=\"18902\" data-permalink=\"https:\/\/www.grieta.org.mx\/index.php\/2016\/08\/06\/dia-9-comparte-por-la-humanidad-caracol-de-la-realidad-3-de-agosto\/img_9124-800x400\/\" data-orig-file=\"https:\/\/www.grieta.org.mx\/wp-content\/uploads\/2016\/08\/IMG_9124-800x400.jpg\" data-orig-size=\"800,400\" data-comments-opened=\"0\" data-image-meta=\"{&quot;aperture&quot;:&quot;0&quot;,&quot;credit&quot;:&quot;&quot;,&quot;camera&quot;:&quot;&quot;,&quot;caption&quot;:&quot;&quot;,&quot;created_timestamp&quot;:&quot;0&quot;,&quot;copyright&quot;:&quot;&quot;,&quot;focal_length&quot;:&quot;0&quot;,&quot;iso&quot;:&quot;0&quot;,&quot;shutter_speed&quot;:&quot;0&quot;,&quot;title&quot;:&quot;&quot;,&quot;orientation&quot;:&quot;0&quot;}\" data-image-title=\"IMG_9124-800&amp;#215;400\" data-image-description=\"\" data-image-caption=\"\" data-medium-file=\"https:\/\/www.grieta.org.mx\/wp-content\/uploads\/2016\/08\/IMG_9124-800x400-300x150.jpg\" data-large-file=\"https:\/\/www.grieta.org.mx\/wp-content\/uploads\/2016\/08\/IMG_9124-800x400.jpg\" \/><\/a>\n\t\t\t<\/div><\/figure><figure class='gallery-item'>\n\t\t\t<div class='gallery-icon landscape'>\n\t\t\t\t<a href='https:\/\/www.grieta.org.mx\/index.php\/2016\/08\/06\/dia-9-comparte-por-la-humanidad-caracol-de-la-realidad-3-de-agosto\/img_9144-800x400\/'><img loading=\"lazy\" decoding=\"async\" width=\"300\" height=\"150\" src=\"https:\/\/www.grieta.org.mx\/wp-content\/uploads\/2016\/08\/IMG_9144-800x400-300x150.jpg\" class=\"attachment-medium size-medium\" alt=\"\" srcset=\"https:\/\/www.grieta.org.mx\/wp-content\/uploads\/2016\/08\/IMG_9144-800x400-300x150.jpg 300w, https:\/\/www.grieta.org.mx\/wp-content\/uploads\/2016\/08\/IMG_9144-800x400-768x384.jpg 768w, https:\/\/www.grieta.org.mx\/wp-content\/uploads\/2016\/08\/IMG_9144-800x400.jpg 800w\" sizes=\"auto, (max-width: 300px) 100vw, 300px\" data-attachment-id=\"18903\" data-permalink=\"https:\/\/www.grieta.org.mx\/index.php\/2016\/08\/06\/dia-9-comparte-por-la-humanidad-caracol-de-la-realidad-3-de-agosto\/img_9144-800x400\/\" data-orig-file=\"https:\/\/www.grieta.org.mx\/wp-content\/uploads\/2016\/08\/IMG_9144-800x400.jpg\" data-orig-size=\"800,400\" data-comments-opened=\"0\" data-image-meta=\"{&quot;aperture&quot;:&quot;0&quot;,&quot;credit&quot;:&quot;&quot;,&quot;camera&quot;:&quot;&quot;,&quot;caption&quot;:&quot;&quot;,&quot;created_timestamp&quot;:&quot;0&quot;,&quot;copyright&quot;:&quot;&quot;,&quot;focal_length&quot;:&quot;0&quot;,&quot;iso&quot;:&quot;0&quot;,&quot;shutter_speed&quot;:&quot;0&quot;,&quot;title&quot;:&quot;&quot;,&quot;orientation&quot;:&quot;0&quot;}\" data-image-title=\"IMG_9144-800&amp;#215;400\" data-image-description=\"\" data-image-caption=\"\" data-medium-file=\"https:\/\/www.grieta.org.mx\/wp-content\/uploads\/2016\/08\/IMG_9144-800x400-300x150.jpg\" data-large-file=\"https:\/\/www.grieta.org.mx\/wp-content\/uploads\/2016\/08\/IMG_9144-800x400.jpg\" \/><\/a>\n\t\t\t<\/div><\/figure><figure class='gallery-item'>\n\t\t\t<div class='gallery-icon landscape'>\n\t\t\t\t<a href='https:\/\/www.grieta.org.mx\/index.php\/2016\/08\/06\/dia-9-comparte-por-la-humanidad-caracol-de-la-realidad-3-de-agosto\/img_9154-800x400\/'><img loading=\"lazy\" decoding=\"async\" width=\"300\" height=\"150\" src=\"https:\/\/www.grieta.org.mx\/wp-content\/uploads\/2016\/08\/IMG_9154-800x400-300x150.jpg\" class=\"attachment-medium size-medium\" alt=\"\" srcset=\"https:\/\/www.grieta.org.mx\/wp-content\/uploads\/2016\/08\/IMG_9154-800x400-300x150.jpg 300w, https:\/\/www.grieta.org.mx\/wp-content\/uploads\/2016\/08\/IMG_9154-800x400-768x384.jpg 768w, https:\/\/www.grieta.org.mx\/wp-content\/uploads\/2016\/08\/IMG_9154-800x400.jpg 800w\" sizes=\"auto, (max-width: 300px) 100vw, 300px\" data-attachment-id=\"18904\" data-permalink=\"https:\/\/www.grieta.org.mx\/index.php\/2016\/08\/06\/dia-9-comparte-por-la-humanidad-caracol-de-la-realidad-3-de-agosto\/img_9154-800x400\/\" data-orig-file=\"https:\/\/www.grieta.org.mx\/wp-content\/uploads\/2016\/08\/IMG_9154-800x400.jpg\" data-orig-size=\"800,400\" data-comments-opened=\"0\" data-image-meta=\"{&quot;aperture&quot;:&quot;0&quot;,&quot;credit&quot;:&quot;&quot;,&quot;camera&quot;:&quot;&quot;,&quot;caption&quot;:&quot;&quot;,&quot;created_timestamp&quot;:&quot;0&quot;,&quot;copyright&quot;:&quot;&quot;,&quot;focal_length&quot;:&quot;0&quot;,&quot;iso&quot;:&quot;0&quot;,&quot;shutter_speed&quot;:&quot;0&quot;,&quot;title&quot;:&quot;&quot;,&quot;orientation&quot;:&quot;0&quot;}\" data-image-title=\"IMG_9154-800&amp;#215;400\" data-image-description=\"\" data-image-caption=\"\" data-medium-file=\"https:\/\/www.grieta.org.mx\/wp-content\/uploads\/2016\/08\/IMG_9154-800x400-300x150.jpg\" data-large-file=\"https:\/\/www.grieta.org.mx\/wp-content\/uploads\/2016\/08\/IMG_9154-800x400.jpg\" \/><\/a>\n\t\t\t<\/div><\/figure><figure class='gallery-item'>\n\t\t\t<div class='gallery-icon landscape'>\n\t\t\t\t<a href='https:\/\/www.grieta.org.mx\/index.php\/2016\/08\/06\/dia-9-comparte-por-la-humanidad-caracol-de-la-realidad-3-de-agosto\/img_9187-800x400\/'><img loading=\"lazy\" decoding=\"async\" width=\"300\" height=\"150\" src=\"https:\/\/www.grieta.org.mx\/wp-content\/uploads\/2016\/08\/IMG_9187-800x400-300x150.jpg\" class=\"attachment-medium size-medium\" alt=\"\" srcset=\"https:\/\/www.grieta.org.mx\/wp-content\/uploads\/2016\/08\/IMG_9187-800x400-300x150.jpg 300w, https:\/\/www.grieta.org.mx\/wp-content\/uploads\/2016\/08\/IMG_9187-800x400-768x384.jpg 768w, https:\/\/www.grieta.org.mx\/wp-content\/uploads\/2016\/08\/IMG_9187-800x400.jpg 800w\" sizes=\"auto, (max-width: 300px) 100vw, 300px\" data-attachment-id=\"18905\" data-permalink=\"https:\/\/www.grieta.org.mx\/index.php\/2016\/08\/06\/dia-9-comparte-por-la-humanidad-caracol-de-la-realidad-3-de-agosto\/img_9187-800x400\/\" data-orig-file=\"https:\/\/www.grieta.org.mx\/wp-content\/uploads\/2016\/08\/IMG_9187-800x400.jpg\" data-orig-size=\"800,400\" data-comments-opened=\"0\" data-image-meta=\"{&quot;aperture&quot;:&quot;0&quot;,&quot;credit&quot;:&quot;&quot;,&quot;camera&quot;:&quot;&quot;,&quot;caption&quot;:&quot;&quot;,&quot;created_timestamp&quot;:&quot;0&quot;,&quot;copyright&quot;:&quot;&quot;,&quot;focal_length&quot;:&quot;0&quot;,&quot;iso&quot;:&quot;0&quot;,&quot;shutter_speed&quot;:&quot;0&quot;,&quot;title&quot;:&quot;&quot;,&quot;orientation&quot;:&quot;0&quot;}\" data-image-title=\"IMG_9187-800&amp;#215;400\" data-image-description=\"\" data-image-caption=\"\" data-medium-file=\"https:\/\/www.grieta.org.mx\/wp-content\/uploads\/2016\/08\/IMG_9187-800x400-300x150.jpg\" data-large-file=\"https:\/\/www.grieta.org.mx\/wp-content\/uploads\/2016\/08\/IMG_9187-800x400.jpg\" \/><\/a>\n\t\t\t<\/div><\/figure><figure class='gallery-item'>\n\t\t\t<div class='gallery-icon landscape'>\n\t\t\t\t<a href='https:\/\/www.grieta.org.mx\/index.php\/2016\/08\/06\/dia-9-comparte-por-la-humanidad-caracol-de-la-realidad-3-de-agosto\/img_9189-800x400\/'><img loading=\"lazy\" decoding=\"async\" width=\"300\" height=\"150\" src=\"https:\/\/www.grieta.org.mx\/wp-content\/uploads\/2016\/08\/IMG_9189-800x400-300x150.jpg\" class=\"attachment-medium size-medium\" alt=\"\" srcset=\"https:\/\/www.grieta.org.mx\/wp-content\/uploads\/2016\/08\/IMG_9189-800x400-300x150.jpg 300w, https:\/\/www.grieta.org.mx\/wp-content\/uploads\/2016\/08\/IMG_9189-800x400-768x384.jpg 768w, https:\/\/www.grieta.org.mx\/wp-content\/uploads\/2016\/08\/IMG_9189-800x400.jpg 800w\" sizes=\"auto, (max-width: 300px) 100vw, 300px\" data-attachment-id=\"18906\" data-permalink=\"https:\/\/www.grieta.org.mx\/index.php\/2016\/08\/06\/dia-9-comparte-por-la-humanidad-caracol-de-la-realidad-3-de-agosto\/img_9189-800x400\/\" data-orig-file=\"https:\/\/www.grieta.org.mx\/wp-content\/uploads\/2016\/08\/IMG_9189-800x400.jpg\" data-orig-size=\"800,400\" data-comments-opened=\"0\" data-image-meta=\"{&quot;aperture&quot;:&quot;0&quot;,&quot;credit&quot;:&quot;&quot;,&quot;camera&quot;:&quot;&quot;,&quot;caption&quot;:&quot;&quot;,&quot;created_timestamp&quot;:&quot;0&quot;,&quot;copyright&quot;:&quot;&quot;,&quot;focal_length&quot;:&quot;0&quot;,&quot;iso&quot;:&quot;0&quot;,&quot;shutter_speed&quot;:&quot;0&quot;,&quot;title&quot;:&quot;&quot;,&quot;orientation&quot;:&quot;0&quot;}\" data-image-title=\"IMG_9189-800&amp;#215;400\" data-image-description=\"\" data-image-caption=\"\" data-medium-file=\"https:\/\/www.grieta.org.mx\/wp-content\/uploads\/2016\/08\/IMG_9189-800x400-300x150.jpg\" data-large-file=\"https:\/\/www.grieta.org.mx\/wp-content\/uploads\/2016\/08\/IMG_9189-800x400.jpg\" \/><\/a>\n\t\t\t<\/div><\/figure><figure class='gallery-item'>\n\t\t\t<div class='gallery-icon landscape'>\n\t\t\t\t<a href='https:\/\/www.grieta.org.mx\/index.php\/2016\/08\/06\/dia-9-comparte-por-la-humanidad-caracol-de-la-realidad-3-de-agosto\/img_9193-800x400\/'><img loading=\"lazy\" decoding=\"async\" width=\"300\" height=\"150\" src=\"https:\/\/www.grieta.org.mx\/wp-content\/uploads\/2016\/08\/IMG_9193-800x400-300x150.jpg\" class=\"attachment-medium size-medium\" alt=\"\" srcset=\"https:\/\/www.grieta.org.mx\/wp-content\/uploads\/2016\/08\/IMG_9193-800x400-300x150.jpg 300w, https:\/\/www.grieta.org.mx\/wp-content\/uploads\/2016\/08\/IMG_9193-800x400-768x384.jpg 768w, https:\/\/www.grieta.org.mx\/wp-content\/uploads\/2016\/08\/IMG_9193-800x400.jpg 800w\" sizes=\"auto, (max-width: 300px) 100vw, 300px\" data-attachment-id=\"18907\" data-permalink=\"https:\/\/www.grieta.org.mx\/index.php\/2016\/08\/06\/dia-9-comparte-por-la-humanidad-caracol-de-la-realidad-3-de-agosto\/img_9193-800x400\/\" data-orig-file=\"https:\/\/www.grieta.org.mx\/wp-content\/uploads\/2016\/08\/IMG_9193-800x400.jpg\" data-orig-size=\"800,400\" data-comments-opened=\"0\" data-image-meta=\"{&quot;aperture&quot;:&quot;0&quot;,&quot;credit&quot;:&quot;&quot;,&quot;camera&quot;:&quot;&quot;,&quot;caption&quot;:&quot;&quot;,&quot;created_timestamp&quot;:&quot;0&quot;,&quot;copyright&quot;:&quot;&quot;,&quot;focal_length&quot;:&quot;0&quot;,&quot;iso&quot;:&quot;0&quot;,&quot;shutter_speed&quot;:&quot;0&quot;,&quot;title&quot;:&quot;&quot;,&quot;orientation&quot;:&quot;0&quot;}\" data-image-title=\"IMG_9193-800&amp;#215;400\" data-image-description=\"\" data-image-caption=\"\" data-medium-file=\"https:\/\/www.grieta.org.mx\/wp-content\/uploads\/2016\/08\/IMG_9193-800x400-300x150.jpg\" data-large-file=\"https:\/\/www.grieta.org.mx\/wp-content\/uploads\/2016\/08\/IMG_9193-800x400.jpg\" \/><\/a>\n\t\t\t<\/div><\/figure><figure class='gallery-item'>\n\t\t\t<div class='gallery-icon landscape'>\n\t\t\t\t<a href='https:\/\/www.grieta.org.mx\/index.php\/2016\/08\/06\/dia-9-comparte-por-la-humanidad-caracol-de-la-realidad-3-de-agosto\/img_9205-800x400\/'><img loading=\"lazy\" decoding=\"async\" width=\"300\" height=\"150\" src=\"https:\/\/www.grieta.org.mx\/wp-content\/uploads\/2016\/08\/IMG_9205-800x400-300x150.jpg\" class=\"attachment-medium size-medium\" alt=\"\" srcset=\"https:\/\/www.grieta.org.mx\/wp-content\/uploads\/2016\/08\/IMG_9205-800x400-300x150.jpg 300w, https:\/\/www.grieta.org.mx\/wp-content\/uploads\/2016\/08\/IMG_9205-800x400-768x384.jpg 768w, https:\/\/www.grieta.org.mx\/wp-content\/uploads\/2016\/08\/IMG_9205-800x400.jpg 800w\" sizes=\"auto, (max-width: 300px) 100vw, 300px\" data-attachment-id=\"18908\" data-permalink=\"https:\/\/www.grieta.org.mx\/index.php\/2016\/08\/06\/dia-9-comparte-por-la-humanidad-caracol-de-la-realidad-3-de-agosto\/img_9205-800x400\/\" data-orig-file=\"https:\/\/www.grieta.org.mx\/wp-content\/uploads\/2016\/08\/IMG_9205-800x400.jpg\" data-orig-size=\"800,400\" data-comments-opened=\"0\" data-image-meta=\"{&quot;aperture&quot;:&quot;0&quot;,&quot;credit&quot;:&quot;&quot;,&quot;camera&quot;:&quot;&quot;,&quot;caption&quot;:&quot;&quot;,&quot;created_timestamp&quot;:&quot;0&quot;,&quot;copyright&quot;:&quot;&quot;,&quot;focal_length&quot;:&quot;0&quot;,&quot;iso&quot;:&quot;0&quot;,&quot;shutter_speed&quot;:&quot;0&quot;,&quot;title&quot;:&quot;&quot;,&quot;orientation&quot;:&quot;0&quot;}\" data-image-title=\"IMG_9205-800&amp;#215;400\" data-image-description=\"\" data-image-caption=\"\" data-medium-file=\"https:\/\/www.grieta.org.mx\/wp-content\/uploads\/2016\/08\/IMG_9205-800x400-300x150.jpg\" data-large-file=\"https:\/\/www.grieta.org.mx\/wp-content\/uploads\/2016\/08\/IMG_9205-800x400.jpg\" \/><\/a>\n\t\t\t<\/div><\/figure><figure class='gallery-item'>\n\t\t\t<div class='gallery-icon landscape'>\n\t\t\t\t<a href='https:\/\/www.grieta.org.mx\/index.php\/2016\/08\/06\/dia-9-comparte-por-la-humanidad-caracol-de-la-realidad-3-de-agosto\/img_9220-800x400\/'><img loading=\"lazy\" decoding=\"async\" width=\"300\" height=\"150\" src=\"https:\/\/www.grieta.org.mx\/wp-content\/uploads\/2016\/08\/IMG_9220-800x400-300x150.jpg\" class=\"attachment-medium size-medium\" alt=\"\" srcset=\"https:\/\/www.grieta.org.mx\/wp-content\/uploads\/2016\/08\/IMG_9220-800x400-300x150.jpg 300w, https:\/\/www.grieta.org.mx\/wp-content\/uploads\/2016\/08\/IMG_9220-800x400-768x384.jpg 768w, https:\/\/www.grieta.org.mx\/wp-content\/uploads\/2016\/08\/IMG_9220-800x400.jpg 800w\" sizes=\"auto, (max-width: 300px) 100vw, 300px\" data-attachment-id=\"18909\" data-permalink=\"https:\/\/www.grieta.org.mx\/index.php\/2016\/08\/06\/dia-9-comparte-por-la-humanidad-caracol-de-la-realidad-3-de-agosto\/img_9220-800x400\/\" data-orig-file=\"https:\/\/www.grieta.org.mx\/wp-content\/uploads\/2016\/08\/IMG_9220-800x400.jpg\" data-orig-size=\"800,400\" data-comments-opened=\"0\" data-image-meta=\"{&quot;aperture&quot;:&quot;0&quot;,&quot;credit&quot;:&quot;&quot;,&quot;camera&quot;:&quot;&quot;,&quot;caption&quot;:&quot;&quot;,&quot;created_timestamp&quot;:&quot;0&quot;,&quot;copyright&quot;:&quot;&quot;,&quot;focal_length&quot;:&quot;0&quot;,&quot;iso&quot;:&quot;0&quot;,&quot;shutter_speed&quot;:&quot;0&quot;,&quot;title&quot;:&quot;&quot;,&quot;orientation&quot;:&quot;0&quot;}\" data-image-title=\"IMG_9220-800&amp;#215;400\" data-image-description=\"\" data-image-caption=\"\" data-medium-file=\"https:\/\/www.grieta.org.mx\/wp-content\/uploads\/2016\/08\/IMG_9220-800x400-300x150.jpg\" data-large-file=\"https:\/\/www.grieta.org.mx\/wp-content\/uploads\/2016\/08\/IMG_9220-800x400.jpg\" \/><\/a>\n\t\t\t<\/div><\/figure><figure class='gallery-item'>\n\t\t\t<div class='gallery-icon landscape'>\n\t\t\t\t<a href='https:\/\/www.grieta.org.mx\/index.php\/2016\/08\/06\/dia-9-comparte-por-la-humanidad-caracol-de-la-realidad-3-de-agosto\/img_9222-800x400\/'><img loading=\"lazy\" decoding=\"async\" width=\"300\" height=\"150\" src=\"https:\/\/www.grieta.org.mx\/wp-content\/uploads\/2016\/08\/IMG_9222-800x400-300x150.jpg\" class=\"attachment-medium size-medium\" alt=\"\" srcset=\"https:\/\/www.grieta.org.mx\/wp-content\/uploads\/2016\/08\/IMG_9222-800x400-300x150.jpg 300w, https:\/\/www.grieta.org.mx\/wp-content\/uploads\/2016\/08\/IMG_9222-800x400-768x384.jpg 768w, https:\/\/www.grieta.org.mx\/wp-content\/uploads\/2016\/08\/IMG_9222-800x400.jpg 800w\" sizes=\"auto, (max-width: 300px) 100vw, 300px\" data-attachment-id=\"18910\" data-permalink=\"https:\/\/www.grieta.org.mx\/index.php\/2016\/08\/06\/dia-9-comparte-por-la-humanidad-caracol-de-la-realidad-3-de-agosto\/img_9222-800x400\/\" data-orig-file=\"https:\/\/www.grieta.org.mx\/wp-content\/uploads\/2016\/08\/IMG_9222-800x400.jpg\" data-orig-size=\"800,400\" data-comments-opened=\"0\" data-image-meta=\"{&quot;aperture&quot;:&quot;0&quot;,&quot;credit&quot;:&quot;&quot;,&quot;camera&quot;:&quot;&quot;,&quot;caption&quot;:&quot;&quot;,&quot;created_timestamp&quot;:&quot;0&quot;,&quot;copyright&quot;:&quot;&quot;,&quot;focal_length&quot;:&quot;0&quot;,&quot;iso&quot;:&quot;0&quot;,&quot;shutter_speed&quot;:&quot;0&quot;,&quot;title&quot;:&quot;&quot;,&quot;orientation&quot;:&quot;0&quot;}\" data-image-title=\"IMG_9222-800&amp;#215;400\" data-image-description=\"\" data-image-caption=\"\" data-medium-file=\"https:\/\/www.grieta.org.mx\/wp-content\/uploads\/2016\/08\/IMG_9222-800x400-300x150.jpg\" data-large-file=\"https:\/\/www.grieta.org.mx\/wp-content\/uploads\/2016\/08\/IMG_9222-800x400.jpg\" \/><\/a>\n\t\t\t<\/div><\/figure><figure class='gallery-item'>\n\t\t\t<div class='gallery-icon landscape'>\n\t\t\t\t<a href='https:\/\/www.grieta.org.mx\/index.php\/2016\/08\/06\/dia-9-comparte-por-la-humanidad-caracol-de-la-realidad-3-de-agosto\/img_9224-800x400\/'><img loading=\"lazy\" decoding=\"async\" width=\"300\" height=\"150\" src=\"https:\/\/www.grieta.org.mx\/wp-content\/uploads\/2016\/08\/IMG_9224-800x400-300x150.jpg\" class=\"attachment-medium size-medium\" alt=\"\" srcset=\"https:\/\/www.grieta.org.mx\/wp-content\/uploads\/2016\/08\/IMG_9224-800x400-300x150.jpg 300w, https:\/\/www.grieta.org.mx\/wp-content\/uploads\/2016\/08\/IMG_9224-800x400-768x384.jpg 768w, https:\/\/www.grieta.org.mx\/wp-content\/uploads\/2016\/08\/IMG_9224-800x400.jpg 800w\" sizes=\"auto, (max-width: 300px) 100vw, 300px\" data-attachment-id=\"18911\" data-permalink=\"https:\/\/www.grieta.org.mx\/index.php\/2016\/08\/06\/dia-9-comparte-por-la-humanidad-caracol-de-la-realidad-3-de-agosto\/img_9224-800x400\/\" data-orig-file=\"https:\/\/www.grieta.org.mx\/wp-content\/uploads\/2016\/08\/IMG_9224-800x400.jpg\" data-orig-size=\"800,400\" data-comments-opened=\"0\" data-image-meta=\"{&quot;aperture&quot;:&quot;0&quot;,&quot;credit&quot;:&quot;&quot;,&quot;camera&quot;:&quot;&quot;,&quot;caption&quot;:&quot;&quot;,&quot;created_timestamp&quot;:&quot;0&quot;,&quot;copyright&quot;:&quot;&quot;,&quot;focal_length&quot;:&quot;0&quot;,&quot;iso&quot;:&quot;0&quot;,&quot;shutter_speed&quot;:&quot;0&quot;,&quot;title&quot;:&quot;&quot;,&quot;orientation&quot;:&quot;0&quot;}\" data-image-title=\"IMG_9224-800&amp;#215;400\" data-image-description=\"\" data-image-caption=\"\" data-medium-file=\"https:\/\/www.grieta.org.mx\/wp-content\/uploads\/2016\/08\/IMG_9224-800x400-300x150.jpg\" data-large-file=\"https:\/\/www.grieta.org.mx\/wp-content\/uploads\/2016\/08\/IMG_9224-800x400.jpg\" \/><\/a>\n\t\t\t<\/div><\/figure><figure class='gallery-item'>\n\t\t\t<div class='gallery-icon landscape'>\n\t\t\t\t<a href='https:\/\/www.grieta.org.mx\/index.php\/2016\/08\/06\/dia-9-comparte-por-la-humanidad-caracol-de-la-realidad-3-de-agosto\/img_9226-800x400\/'><img loading=\"lazy\" decoding=\"async\" width=\"300\" height=\"150\" src=\"https:\/\/www.grieta.org.mx\/wp-content\/uploads\/2016\/08\/IMG_9226-800x400-300x150.jpg\" class=\"attachment-medium size-medium\" alt=\"\" srcset=\"https:\/\/www.grieta.org.mx\/wp-content\/uploads\/2016\/08\/IMG_9226-800x400-300x150.jpg 300w, https:\/\/www.grieta.org.mx\/wp-content\/uploads\/2016\/08\/IMG_9226-800x400-768x384.jpg 768w, https:\/\/www.grieta.org.mx\/wp-content\/uploads\/2016\/08\/IMG_9226-800x400.jpg 800w\" sizes=\"auto, (max-width: 300px) 100vw, 300px\" data-attachment-id=\"18912\" data-permalink=\"https:\/\/www.grieta.org.mx\/index.php\/2016\/08\/06\/dia-9-comparte-por-la-humanidad-caracol-de-la-realidad-3-de-agosto\/img_9226-800x400\/\" data-orig-file=\"https:\/\/www.grieta.org.mx\/wp-content\/uploads\/2016\/08\/IMG_9226-800x400.jpg\" data-orig-size=\"800,400\" data-comments-opened=\"0\" data-image-meta=\"{&quot;aperture&quot;:&quot;0&quot;,&quot;credit&quot;:&quot;&quot;,&quot;camera&quot;:&quot;&quot;,&quot;caption&quot;:&quot;&quot;,&quot;created_timestamp&quot;:&quot;0&quot;,&quot;copyright&quot;:&quot;&quot;,&quot;focal_length&quot;:&quot;0&quot;,&quot;iso&quot;:&quot;0&quot;,&quot;shutter_speed&quot;:&quot;0&quot;,&quot;title&quot;:&quot;&quot;,&quot;orientation&quot;:&quot;0&quot;}\" data-image-title=\"IMG_9226-800&amp;#215;400\" data-image-description=\"\" data-image-caption=\"\" data-medium-file=\"https:\/\/www.grieta.org.mx\/wp-content\/uploads\/2016\/08\/IMG_9226-800x400-300x150.jpg\" data-large-file=\"https:\/\/www.grieta.org.mx\/wp-content\/uploads\/2016\/08\/IMG_9226-800x400.jpg\" \/><\/a>\n\t\t\t<\/div><\/figure><figure class='gallery-item'>\n\t\t\t<div class='gallery-icon landscape'>\n\t\t\t\t<a href='https:\/\/www.grieta.org.mx\/index.php\/2016\/08\/06\/dia-9-comparte-por-la-humanidad-caracol-de-la-realidad-3-de-agosto\/img_9229-800x400\/'><img loading=\"lazy\" decoding=\"async\" width=\"300\" height=\"150\" src=\"https:\/\/www.grieta.org.mx\/wp-content\/uploads\/2016\/08\/IMG_9229-800x400-300x150.jpg\" class=\"attachment-medium size-medium\" alt=\"\" srcset=\"https:\/\/www.grieta.org.mx\/wp-content\/uploads\/2016\/08\/IMG_9229-800x400-300x150.jpg 300w, https:\/\/www.grieta.org.mx\/wp-content\/uploads\/2016\/08\/IMG_9229-800x400-768x384.jpg 768w, https:\/\/www.grieta.org.mx\/wp-content\/uploads\/2016\/08\/IMG_9229-800x400.jpg 800w\" sizes=\"auto, (max-width: 300px) 100vw, 300px\" data-attachment-id=\"18913\" data-permalink=\"https:\/\/www.grieta.org.mx\/index.php\/2016\/08\/06\/dia-9-comparte-por-la-humanidad-caracol-de-la-realidad-3-de-agosto\/img_9229-800x400\/\" data-orig-file=\"https:\/\/www.grieta.org.mx\/wp-content\/uploads\/2016\/08\/IMG_9229-800x400.jpg\" data-orig-size=\"800,400\" data-comments-opened=\"0\" data-image-meta=\"{&quot;aperture&quot;:&quot;0&quot;,&quot;credit&quot;:&quot;&quot;,&quot;camera&quot;:&quot;&quot;,&quot;caption&quot;:&quot;&quot;,&quot;created_timestamp&quot;:&quot;0&quot;,&quot;copyright&quot;:&quot;&quot;,&quot;focal_length&quot;:&quot;0&quot;,&quot;iso&quot;:&quot;0&quot;,&quot;shutter_speed&quot;:&quot;0&quot;,&quot;title&quot;:&quot;&quot;,&quot;orientation&quot;:&quot;0&quot;}\" data-image-title=\"IMG_9229-800&amp;#215;400\" data-image-description=\"\" data-image-caption=\"\" data-medium-file=\"https:\/\/www.grieta.org.mx\/wp-content\/uploads\/2016\/08\/IMG_9229-800x400-300x150.jpg\" data-large-file=\"https:\/\/www.grieta.org.mx\/wp-content\/uploads\/2016\/08\/IMG_9229-800x400.jpg\" \/><\/a>\n\t\t\t<\/div><\/figure><figure class='gallery-item'>\n\t\t\t<div class='gallery-icon landscape'>\n\t\t\t\t<a href='https:\/\/www.grieta.org.mx\/index.php\/2016\/08\/06\/dia-9-comparte-por-la-humanidad-caracol-de-la-realidad-3-de-agosto\/img_9230-800x400\/'><img loading=\"lazy\" decoding=\"async\" width=\"300\" height=\"150\" src=\"https:\/\/www.grieta.org.mx\/wp-content\/uploads\/2016\/08\/IMG_9230-800x400-300x150.jpg\" class=\"attachment-medium size-medium\" alt=\"\" srcset=\"https:\/\/www.grieta.org.mx\/wp-content\/uploads\/2016\/08\/IMG_9230-800x400-300x150.jpg 300w, https:\/\/www.grieta.org.mx\/wp-content\/uploads\/2016\/08\/IMG_9230-800x400-768x384.jpg 768w, https:\/\/www.grieta.org.mx\/wp-content\/uploads\/2016\/08\/IMG_9230-800x400.jpg 800w\" sizes=\"auto, (max-width: 300px) 100vw, 300px\" data-attachment-id=\"18914\" data-permalink=\"https:\/\/www.grieta.org.mx\/index.php\/2016\/08\/06\/dia-9-comparte-por-la-humanidad-caracol-de-la-realidad-3-de-agosto\/img_9230-800x400\/\" data-orig-file=\"https:\/\/www.grieta.org.mx\/wp-content\/uploads\/2016\/08\/IMG_9230-800x400.jpg\" data-orig-size=\"800,400\" data-comments-opened=\"0\" data-image-meta=\"{&quot;aperture&quot;:&quot;0&quot;,&quot;credit&quot;:&quot;&quot;,&quot;camera&quot;:&quot;&quot;,&quot;caption&quot;:&quot;&quot;,&quot;created_timestamp&quot;:&quot;0&quot;,&quot;copyright&quot;:&quot;&quot;,&quot;focal_length&quot;:&quot;0&quot;,&quot;iso&quot;:&quot;0&quot;,&quot;shutter_speed&quot;:&quot;0&quot;,&quot;title&quot;:&quot;&quot;,&quot;orientation&quot;:&quot;0&quot;}\" data-image-title=\"IMG_9230-800&amp;#215;400\" data-image-description=\"\" data-image-caption=\"\" data-medium-file=\"https:\/\/www.grieta.org.mx\/wp-content\/uploads\/2016\/08\/IMG_9230-800x400-300x150.jpg\" data-large-file=\"https:\/\/www.grieta.org.mx\/wp-content\/uploads\/2016\/08\/IMG_9230-800x400.jpg\" \/><\/a>\n\t\t\t<\/div><\/figure><figure class='gallery-item'>\n\t\t\t<div class='gallery-icon landscape'>\n\t\t\t\t<a href='https:\/\/www.grieta.org.mx\/index.php\/2016\/08\/06\/dia-9-comparte-por-la-humanidad-caracol-de-la-realidad-3-de-agosto\/img_9231-800x400\/'><img loading=\"lazy\" decoding=\"async\" width=\"300\" height=\"150\" src=\"https:\/\/www.grieta.org.mx\/wp-content\/uploads\/2016\/08\/IMG_9231-800x400-300x150.jpg\" class=\"attachment-medium size-medium\" alt=\"\" srcset=\"https:\/\/www.grieta.org.mx\/wp-content\/uploads\/2016\/08\/IMG_9231-800x400-300x150.jpg 300w, https:\/\/www.grieta.org.mx\/wp-content\/uploads\/2016\/08\/IMG_9231-800x400-768x384.jpg 768w, https:\/\/www.grieta.org.mx\/wp-content\/uploads\/2016\/08\/IMG_9231-800x400.jpg 800w\" sizes=\"auto, (max-width: 300px) 100vw, 300px\" data-attachment-id=\"18915\" data-permalink=\"https:\/\/www.grieta.org.mx\/index.php\/2016\/08\/06\/dia-9-comparte-por-la-humanidad-caracol-de-la-realidad-3-de-agosto\/img_9231-800x400\/\" data-orig-file=\"https:\/\/www.grieta.org.mx\/wp-content\/uploads\/2016\/08\/IMG_9231-800x400.jpg\" data-orig-size=\"800,400\" data-comments-opened=\"0\" data-image-meta=\"{&quot;aperture&quot;:&quot;0&quot;,&quot;credit&quot;:&quot;&quot;,&quot;camera&quot;:&quot;&quot;,&quot;caption&quot;:&quot;&quot;,&quot;created_timestamp&quot;:&quot;0&quot;,&quot;copyright&quot;:&quot;&quot;,&quot;focal_length&quot;:&quot;0&quot;,&quot;iso&quot;:&quot;0&quot;,&quot;shutter_speed&quot;:&quot;0&quot;,&quot;title&quot;:&quot;&quot;,&quot;orientation&quot;:&quot;0&quot;}\" data-image-title=\"IMG_9231-800&amp;#215;400\" data-image-description=\"\" data-image-caption=\"\" data-medium-file=\"https:\/\/www.grieta.org.mx\/wp-content\/uploads\/2016\/08\/IMG_9231-800x400-300x150.jpg\" data-large-file=\"https:\/\/www.grieta.org.mx\/wp-content\/uploads\/2016\/08\/IMG_9231-800x400.jpg\" \/><\/a>\n\t\t\t<\/div><\/figure><figure class='gallery-item'>\n\t\t\t<div class='gallery-icon landscape'>\n\t\t\t\t<a href='https:\/\/www.grieta.org.mx\/index.php\/2016\/08\/06\/dia-9-comparte-por-la-humanidad-caracol-de-la-realidad-3-de-agosto\/img_9233-800x400\/'><img loading=\"lazy\" decoding=\"async\" width=\"300\" height=\"150\" src=\"https:\/\/www.grieta.org.mx\/wp-content\/uploads\/2016\/08\/IMG_9233-800x400-300x150.jpg\" class=\"attachment-medium size-medium\" alt=\"\" srcset=\"https:\/\/www.grieta.org.mx\/wp-content\/uploads\/2016\/08\/IMG_9233-800x400-300x150.jpg 300w, https:\/\/www.grieta.org.mx\/wp-content\/uploads\/2016\/08\/IMG_9233-800x400-768x384.jpg 768w, https:\/\/www.grieta.org.mx\/wp-content\/uploads\/2016\/08\/IMG_9233-800x400.jpg 800w\" sizes=\"auto, (max-width: 300px) 100vw, 300px\" data-attachment-id=\"18916\" data-permalink=\"https:\/\/www.grieta.org.mx\/index.php\/2016\/08\/06\/dia-9-comparte-por-la-humanidad-caracol-de-la-realidad-3-de-agosto\/img_9233-800x400\/\" data-orig-file=\"https:\/\/www.grieta.org.mx\/wp-content\/uploads\/2016\/08\/IMG_9233-800x400.jpg\" data-orig-size=\"800,400\" data-comments-opened=\"0\" data-image-meta=\"{&quot;aperture&quot;:&quot;0&quot;,&quot;credit&quot;:&quot;&quot;,&quot;camera&quot;:&quot;&quot;,&quot;caption&quot;:&quot;&quot;,&quot;created_timestamp&quot;:&quot;0&quot;,&quot;copyright&quot;:&quot;&quot;,&quot;focal_length&quot;:&quot;0&quot;,&quot;iso&quot;:&quot;0&quot;,&quot;shutter_speed&quot;:&quot;0&quot;,&quot;title&quot;:&quot;&quot;,&quot;orientation&quot;:&quot;0&quot;}\" data-image-title=\"IMG_9233-800&amp;#215;400\" data-image-description=\"\" data-image-caption=\"\" data-medium-file=\"https:\/\/www.grieta.org.mx\/wp-content\/uploads\/2016\/08\/IMG_9233-800x400-300x150.jpg\" data-large-file=\"https:\/\/www.grieta.org.mx\/wp-content\/uploads\/2016\/08\/IMG_9233-800x400.jpg\" \/><\/a>\n\t\t\t<\/div><\/figure><figure class='gallery-item'>\n\t\t\t<div class='gallery-icon landscape'>\n\t\t\t\t<a href='https:\/\/www.grieta.org.mx\/index.php\/2016\/08\/06\/dia-9-comparte-por-la-humanidad-caracol-de-la-realidad-3-de-agosto\/img_9234-800x400\/'><img loading=\"lazy\" decoding=\"async\" width=\"300\" height=\"150\" src=\"https:\/\/www.grieta.org.mx\/wp-content\/uploads\/2016\/08\/IMG_9234-800x400-300x150.jpg\" class=\"attachment-medium size-medium\" alt=\"\" srcset=\"https:\/\/www.grieta.org.mx\/wp-content\/uploads\/2016\/08\/IMG_9234-800x400-300x150.jpg 300w, https:\/\/www.grieta.org.mx\/wp-content\/uploads\/2016\/08\/IMG_9234-800x400-768x384.jpg 768w, https:\/\/www.grieta.org.mx\/wp-content\/uploads\/2016\/08\/IMG_9234-800x400.jpg 800w\" sizes=\"auto, (max-width: 300px) 100vw, 300px\" data-attachment-id=\"18917\" data-permalink=\"https:\/\/www.grieta.org.mx\/index.php\/2016\/08\/06\/dia-9-comparte-por-la-humanidad-caracol-de-la-realidad-3-de-agosto\/img_9234-800x400\/\" data-orig-file=\"https:\/\/www.grieta.org.mx\/wp-content\/uploads\/2016\/08\/IMG_9234-800x400.jpg\" data-orig-size=\"800,400\" data-comments-opened=\"0\" data-image-meta=\"{&quot;aperture&quot;:&quot;0&quot;,&quot;credit&quot;:&quot;&quot;,&quot;camera&quot;:&quot;&quot;,&quot;caption&quot;:&quot;&quot;,&quot;created_timestamp&quot;:&quot;0&quot;,&quot;copyright&quot;:&quot;&quot;,&quot;focal_length&quot;:&quot;0&quot;,&quot;iso&quot;:&quot;0&quot;,&quot;shutter_speed&quot;:&quot;0&quot;,&quot;title&quot;:&quot;&quot;,&quot;orientation&quot;:&quot;0&quot;}\" data-image-title=\"IMG_9234-800&amp;#215;400\" data-image-description=\"\" data-image-caption=\"\" data-medium-file=\"https:\/\/www.grieta.org.mx\/wp-content\/uploads\/2016\/08\/IMG_9234-800x400-300x150.jpg\" data-large-file=\"https:\/\/www.grieta.org.mx\/wp-content\/uploads\/2016\/08\/IMG_9234-800x400.jpg\" \/><\/a>\n\t\t\t<\/div><\/figure><figure class='gallery-item'>\n\t\t\t<div class='gallery-icon landscape'>\n\t\t\t\t<a href='https:\/\/www.grieta.org.mx\/index.php\/2016\/08\/06\/dia-9-comparte-por-la-humanidad-caracol-de-la-realidad-3-de-agosto\/img_9238-800x400\/'><img loading=\"lazy\" decoding=\"async\" width=\"300\" height=\"150\" src=\"https:\/\/www.grieta.org.mx\/wp-content\/uploads\/2016\/08\/IMG_9238-800x400-300x150.jpg\" class=\"attachment-medium size-medium\" alt=\"\" srcset=\"https:\/\/www.grieta.org.mx\/wp-content\/uploads\/2016\/08\/IMG_9238-800x400-300x150.jpg 300w, https:\/\/www.grieta.org.mx\/wp-content\/uploads\/2016\/08\/IMG_9238-800x400-768x384.jpg 768w, https:\/\/www.grieta.org.mx\/wp-content\/uploads\/2016\/08\/IMG_9238-800x400.jpg 800w\" sizes=\"auto, (max-width: 300px) 100vw, 300px\" data-attachment-id=\"18918\" data-permalink=\"https:\/\/www.grieta.org.mx\/index.php\/2016\/08\/06\/dia-9-comparte-por-la-humanidad-caracol-de-la-realidad-3-de-agosto\/img_9238-800x400\/\" data-orig-file=\"https:\/\/www.grieta.org.mx\/wp-content\/uploads\/2016\/08\/IMG_9238-800x400.jpg\" data-orig-size=\"800,400\" data-comments-opened=\"0\" data-image-meta=\"{&quot;aperture&quot;:&quot;0&quot;,&quot;credit&quot;:&quot;&quot;,&quot;camera&quot;:&quot;&quot;,&quot;caption&quot;:&quot;&quot;,&quot;created_timestamp&quot;:&quot;0&quot;,&quot;copyright&quot;:&quot;&quot;,&quot;focal_length&quot;:&quot;0&quot;,&quot;iso&quot;:&quot;0&quot;,&quot;shutter_speed&quot;:&quot;0&quot;,&quot;title&quot;:&quot;&quot;,&quot;orientation&quot;:&quot;0&quot;}\" data-image-title=\"IMG_9238-800&amp;#215;400\" data-image-description=\"\" data-image-caption=\"\" data-medium-file=\"https:\/\/www.grieta.org.mx\/wp-content\/uploads\/2016\/08\/IMG_9238-800x400-300x150.jpg\" data-large-file=\"https:\/\/www.grieta.org.mx\/wp-content\/uploads\/2016\/08\/IMG_9238-800x400.jpg\" \/><\/a>\n\t\t\t<\/div><\/figure><figure class='gallery-item'>\n\t\t\t<div class='gallery-icon landscape'>\n\t\t\t\t<a href='https:\/\/www.grieta.org.mx\/index.php\/2016\/08\/06\/dia-9-comparte-por-la-humanidad-caracol-de-la-realidad-3-de-agosto\/img_9246-800x400\/'><img loading=\"lazy\" decoding=\"async\" width=\"300\" height=\"150\" src=\"https:\/\/www.grieta.org.mx\/wp-content\/uploads\/2016\/08\/IMG_9246-800x400-300x150.jpg\" class=\"attachment-medium size-medium\" alt=\"\" srcset=\"https:\/\/www.grieta.org.mx\/wp-content\/uploads\/2016\/08\/IMG_9246-800x400-300x150.jpg 300w, https:\/\/www.grieta.org.mx\/wp-content\/uploads\/2016\/08\/IMG_9246-800x400-768x384.jpg 768w, https:\/\/www.grieta.org.mx\/wp-content\/uploads\/2016\/08\/IMG_9246-800x400.jpg 800w\" sizes=\"auto, (max-width: 300px) 100vw, 300px\" data-attachment-id=\"18919\" data-permalink=\"https:\/\/www.grieta.org.mx\/index.php\/2016\/08\/06\/dia-9-comparte-por-la-humanidad-caracol-de-la-realidad-3-de-agosto\/img_9246-800x400\/\" data-orig-file=\"https:\/\/www.grieta.org.mx\/wp-content\/uploads\/2016\/08\/IMG_9246-800x400.jpg\" data-orig-size=\"800,400\" data-comments-opened=\"0\" data-image-meta=\"{&quot;aperture&quot;:&quot;0&quot;,&quot;credit&quot;:&quot;&quot;,&quot;camera&quot;:&quot;&quot;,&quot;caption&quot;:&quot;&quot;,&quot;created_timestamp&quot;:&quot;0&quot;,&quot;copyright&quot;:&quot;&quot;,&quot;focal_length&quot;:&quot;0&quot;,&quot;iso&quot;:&quot;0&quot;,&quot;shutter_speed&quot;:&quot;0&quot;,&quot;title&quot;:&quot;&quot;,&quot;orientation&quot;:&quot;0&quot;}\" data-image-title=\"IMG_9246-800&amp;#215;400\" data-image-description=\"\" data-image-caption=\"\" data-medium-file=\"https:\/\/www.grieta.org.mx\/wp-content\/uploads\/2016\/08\/IMG_9246-800x400-300x150.jpg\" data-large-file=\"https:\/\/www.grieta.org.mx\/wp-content\/uploads\/2016\/08\/IMG_9246-800x400.jpg\" \/><\/a>\n\t\t\t<\/div><\/figure><figure class='gallery-item'>\n\t\t\t<div class='gallery-icon landscape'>\n\t\t\t\t<a href='https:\/\/www.grieta.org.mx\/index.php\/2016\/08\/06\/dia-9-comparte-por-la-humanidad-caracol-de-la-realidad-3-de-agosto\/img_9250-800x400\/'><img loading=\"lazy\" decoding=\"async\" width=\"300\" height=\"150\" src=\"https:\/\/www.grieta.org.mx\/wp-content\/uploads\/2016\/08\/IMG_9250-800x400-300x150.jpg\" class=\"attachment-medium size-medium\" alt=\"\" srcset=\"https:\/\/www.grieta.org.mx\/wp-content\/uploads\/2016\/08\/IMG_9250-800x400-300x150.jpg 300w, https:\/\/www.grieta.org.mx\/wp-content\/uploads\/2016\/08\/IMG_9250-800x400-768x384.jpg 768w, https:\/\/www.grieta.org.mx\/wp-content\/uploads\/2016\/08\/IMG_9250-800x400.jpg 800w\" sizes=\"auto, (max-width: 300px) 100vw, 300px\" data-attachment-id=\"18920\" data-permalink=\"https:\/\/www.grieta.org.mx\/index.php\/2016\/08\/06\/dia-9-comparte-por-la-humanidad-caracol-de-la-realidad-3-de-agosto\/img_9250-800x400\/\" data-orig-file=\"https:\/\/www.grieta.org.mx\/wp-content\/uploads\/2016\/08\/IMG_9250-800x400.jpg\" data-orig-size=\"800,400\" data-comments-opened=\"0\" data-image-meta=\"{&quot;aperture&quot;:&quot;0&quot;,&quot;credit&quot;:&quot;&quot;,&quot;camera&quot;:&quot;&quot;,&quot;caption&quot;:&quot;&quot;,&quot;created_timestamp&quot;:&quot;0&quot;,&quot;copyright&quot;:&quot;&quot;,&quot;focal_length&quot;:&quot;0&quot;,&quot;iso&quot;:&quot;0&quot;,&quot;shutter_speed&quot;:&quot;0&quot;,&quot;title&quot;:&quot;&quot;,&quot;orientation&quot;:&quot;0&quot;}\" data-image-title=\"IMG_9250-800&amp;#215;400\" data-image-description=\"\" data-image-caption=\"\" data-medium-file=\"https:\/\/www.grieta.org.mx\/wp-content\/uploads\/2016\/08\/IMG_9250-800x400-300x150.jpg\" data-large-file=\"https:\/\/www.grieta.org.mx\/wp-content\/uploads\/2016\/08\/IMG_9250-800x400.jpg\" \/><\/a>\n\t\t\t<\/div><\/figure><figure class='gallery-item'>\n\t\t\t<div class='gallery-icon landscape'>\n\t\t\t\t<a href='https:\/\/www.grieta.org.mx\/index.php\/2016\/08\/06\/dia-9-comparte-por-la-humanidad-caracol-de-la-realidad-3-de-agosto\/img_9253-800x400\/'><img loading=\"lazy\" decoding=\"async\" width=\"300\" height=\"150\" src=\"https:\/\/www.grieta.org.mx\/wp-content\/uploads\/2016\/08\/IMG_9253-800x400-300x150.jpg\" class=\"attachment-medium size-medium\" alt=\"\" srcset=\"https:\/\/www.grieta.org.mx\/wp-content\/uploads\/2016\/08\/IMG_9253-800x400-300x150.jpg 300w, https:\/\/www.grieta.org.mx\/wp-content\/uploads\/2016\/08\/IMG_9253-800x400-768x384.jpg 768w, https:\/\/www.grieta.org.mx\/wp-content\/uploads\/2016\/08\/IMG_9253-800x400.jpg 800w\" sizes=\"auto, (max-width: 300px) 100vw, 300px\" data-attachment-id=\"18921\" data-permalink=\"https:\/\/www.grieta.org.mx\/index.php\/2016\/08\/06\/dia-9-comparte-por-la-humanidad-caracol-de-la-realidad-3-de-agosto\/img_9253-800x400\/\" data-orig-file=\"https:\/\/www.grieta.org.mx\/wp-content\/uploads\/2016\/08\/IMG_9253-800x400.jpg\" data-orig-size=\"800,400\" data-comments-opened=\"0\" data-image-meta=\"{&quot;aperture&quot;:&quot;0&quot;,&quot;credit&quot;:&quot;&quot;,&quot;camera&quot;:&quot;&quot;,&quot;caption&quot;:&quot;&quot;,&quot;created_timestamp&quot;:&quot;0&quot;,&quot;copyright&quot;:&quot;&quot;,&quot;focal_length&quot;:&quot;0&quot;,&quot;iso&quot;:&quot;0&quot;,&quot;shutter_speed&quot;:&quot;0&quot;,&quot;title&quot;:&quot;&quot;,&quot;orientation&quot;:&quot;0&quot;}\" data-image-title=\"IMG_9253-800&amp;#215;400\" data-image-description=\"\" data-image-caption=\"\" data-medium-file=\"https:\/\/www.grieta.org.mx\/wp-content\/uploads\/2016\/08\/IMG_9253-800x400-300x150.jpg\" data-large-file=\"https:\/\/www.grieta.org.mx\/wp-content\/uploads\/2016\/08\/IMG_9253-800x400.jpg\" \/><\/a>\n\t\t\t<\/div><\/figure><figure class='gallery-item'>\n\t\t\t<div class='gallery-icon landscape'>\n\t\t\t\t<a href='https:\/\/www.grieta.org.mx\/index.php\/2016\/08\/06\/dia-9-comparte-por-la-humanidad-caracol-de-la-realidad-3-de-agosto\/img_9259-800x400\/'><img loading=\"lazy\" decoding=\"async\" width=\"300\" height=\"150\" src=\"https:\/\/www.grieta.org.mx\/wp-content\/uploads\/2016\/08\/IMG_9259-800x400-300x150.jpg\" class=\"attachment-medium size-medium\" alt=\"\" srcset=\"https:\/\/www.grieta.org.mx\/wp-content\/uploads\/2016\/08\/IMG_9259-800x400-300x150.jpg 300w, https:\/\/www.grieta.org.mx\/wp-content\/uploads\/2016\/08\/IMG_9259-800x400-768x384.jpg 768w, https:\/\/www.grieta.org.mx\/wp-content\/uploads\/2016\/08\/IMG_9259-800x400.jpg 800w\" sizes=\"auto, (max-width: 300px) 100vw, 300px\" data-attachment-id=\"18922\" data-permalink=\"https:\/\/www.grieta.org.mx\/index.php\/2016\/08\/06\/dia-9-comparte-por-la-humanidad-caracol-de-la-realidad-3-de-agosto\/img_9259-800x400\/\" data-orig-file=\"https:\/\/www.grieta.org.mx\/wp-content\/uploads\/2016\/08\/IMG_9259-800x400.jpg\" data-orig-size=\"800,400\" data-comments-opened=\"0\" data-image-meta=\"{&quot;aperture&quot;:&quot;0&quot;,&quot;credit&quot;:&quot;&quot;,&quot;camera&quot;:&quot;&quot;,&quot;caption&quot;:&quot;&quot;,&quot;created_timestamp&quot;:&quot;0&quot;,&quot;copyright&quot;:&quot;&quot;,&quot;focal_length&quot;:&quot;0&quot;,&quot;iso&quot;:&quot;0&quot;,&quot;shutter_speed&quot;:&quot;0&quot;,&quot;title&quot;:&quot;&quot;,&quot;orientation&quot;:&quot;0&quot;}\" data-image-title=\"IMG_9259-800&amp;#215;400\" data-image-description=\"\" data-image-caption=\"\" data-medium-file=\"https:\/\/www.grieta.org.mx\/wp-content\/uploads\/2016\/08\/IMG_9259-800x400-300x150.jpg\" data-large-file=\"https:\/\/www.grieta.org.mx\/wp-content\/uploads\/2016\/08\/IMG_9259-800x400.jpg\" \/><\/a>\n\t\t\t<\/div><\/figure><figure class='gallery-item'>\n\t\t\t<div class='gallery-icon landscape'>\n\t\t\t\t<a href='https:\/\/www.grieta.org.mx\/index.php\/2016\/08\/06\/dia-9-comparte-por-la-humanidad-caracol-de-la-realidad-3-de-agosto\/img_9266-800x400\/'><img loading=\"lazy\" decoding=\"async\" width=\"300\" height=\"150\" src=\"https:\/\/www.grieta.org.mx\/wp-content\/uploads\/2016\/08\/IMG_9266-800x400-300x150.jpg\" class=\"attachment-medium size-medium\" alt=\"\" srcset=\"https:\/\/www.grieta.org.mx\/wp-content\/uploads\/2016\/08\/IMG_9266-800x400-300x150.jpg 300w, https:\/\/www.grieta.org.mx\/wp-content\/uploads\/2016\/08\/IMG_9266-800x400-768x384.jpg 768w, https:\/\/www.grieta.org.mx\/wp-content\/uploads\/2016\/08\/IMG_9266-800x400.jpg 800w\" sizes=\"auto, (max-width: 300px) 100vw, 300px\" data-attachment-id=\"18923\" data-permalink=\"https:\/\/www.grieta.org.mx\/index.php\/2016\/08\/06\/dia-9-comparte-por-la-humanidad-caracol-de-la-realidad-3-de-agosto\/img_9266-800x400\/\" data-orig-file=\"https:\/\/www.grieta.org.mx\/wp-content\/uploads\/2016\/08\/IMG_9266-800x400.jpg\" data-orig-size=\"800,400\" data-comments-opened=\"0\" data-image-meta=\"{&quot;aperture&quot;:&quot;0&quot;,&quot;credit&quot;:&quot;&quot;,&quot;camera&quot;:&quot;&quot;,&quot;caption&quot;:&quot;&quot;,&quot;created_timestamp&quot;:&quot;0&quot;,&quot;copyright&quot;:&quot;&quot;,&quot;focal_length&quot;:&quot;0&quot;,&quot;iso&quot;:&quot;0&quot;,&quot;shutter_speed&quot;:&quot;0&quot;,&quot;title&quot;:&quot;&quot;,&quot;orientation&quot;:&quot;0&quot;}\" data-image-title=\"IMG_9266-800&amp;#215;400\" data-image-description=\"\" data-image-caption=\"\" data-medium-file=\"https:\/\/www.grieta.org.mx\/wp-content\/uploads\/2016\/08\/IMG_9266-800x400-300x150.jpg\" data-large-file=\"https:\/\/www.grieta.org.mx\/wp-content\/uploads\/2016\/08\/IMG_9266-800x400.jpg\" \/><\/a>\n\t\t\t<\/div><\/figure><figure class='gallery-item'>\n\t\t\t<div class='gallery-icon landscape'>\n\t\t\t\t<a href='https:\/\/www.grieta.org.mx\/index.php\/2016\/08\/06\/dia-9-comparte-por-la-humanidad-caracol-de-la-realidad-3-de-agosto\/img_9274-800x400\/'><img loading=\"lazy\" decoding=\"async\" width=\"300\" height=\"150\" src=\"https:\/\/www.grieta.org.mx\/wp-content\/uploads\/2016\/08\/IMG_9274-800x400-300x150.jpg\" class=\"attachment-medium size-medium\" alt=\"\" srcset=\"https:\/\/www.grieta.org.mx\/wp-content\/uploads\/2016\/08\/IMG_9274-800x400-300x150.jpg 300w, https:\/\/www.grieta.org.mx\/wp-content\/uploads\/2016\/08\/IMG_9274-800x400-768x384.jpg 768w, https:\/\/www.grieta.org.mx\/wp-content\/uploads\/2016\/08\/IMG_9274-800x400.jpg 800w\" sizes=\"auto, (max-width: 300px) 100vw, 300px\" data-attachment-id=\"18924\" data-permalink=\"https:\/\/www.grieta.org.mx\/index.php\/2016\/08\/06\/dia-9-comparte-por-la-humanidad-caracol-de-la-realidad-3-de-agosto\/img_9274-800x400\/\" data-orig-file=\"https:\/\/www.grieta.org.mx\/wp-content\/uploads\/2016\/08\/IMG_9274-800x400.jpg\" data-orig-size=\"800,400\" data-comments-opened=\"0\" data-image-meta=\"{&quot;aperture&quot;:&quot;0&quot;,&quot;credit&quot;:&quot;&quot;,&quot;camera&quot;:&quot;&quot;,&quot;caption&quot;:&quot;&quot;,&quot;created_timestamp&quot;:&quot;0&quot;,&quot;copyright&quot;:&quot;&quot;,&quot;focal_length&quot;:&quot;0&quot;,&quot;iso&quot;:&quot;0&quot;,&quot;shutter_speed&quot;:&quot;0&quot;,&quot;title&quot;:&quot;&quot;,&quot;orientation&quot;:&quot;0&quot;}\" data-image-title=\"IMG_9274-800&amp;#215;400\" data-image-description=\"\" data-image-caption=\"\" data-medium-file=\"https:\/\/www.grieta.org.mx\/wp-content\/uploads\/2016\/08\/IMG_9274-800x400-300x150.jpg\" data-large-file=\"https:\/\/www.grieta.org.mx\/wp-content\/uploads\/2016\/08\/IMG_9274-800x400.jpg\" \/><\/a>\n\t\t\t<\/div><\/figure><figure class='gallery-item'>\n\t\t\t<div class='gallery-icon landscape'>\n\t\t\t\t<a href='https:\/\/www.grieta.org.mx\/index.php\/2016\/08\/06\/dia-9-comparte-por-la-humanidad-caracol-de-la-realidad-3-de-agosto\/img_9276-800x400\/'><img loading=\"lazy\" decoding=\"async\" width=\"300\" height=\"150\" src=\"https:\/\/www.grieta.org.mx\/wp-content\/uploads\/2016\/08\/IMG_9276-800x400-300x150.jpg\" class=\"attachment-medium size-medium\" alt=\"\" srcset=\"https:\/\/www.grieta.org.mx\/wp-content\/uploads\/2016\/08\/IMG_9276-800x400-300x150.jpg 300w, https:\/\/www.grieta.org.mx\/wp-content\/uploads\/2016\/08\/IMG_9276-800x400-768x384.jpg 768w, https:\/\/www.grieta.org.mx\/wp-content\/uploads\/2016\/08\/IMG_9276-800x400.jpg 800w\" sizes=\"auto, (max-width: 300px) 100vw, 300px\" data-attachment-id=\"18925\" data-permalink=\"https:\/\/www.grieta.org.mx\/index.php\/2016\/08\/06\/dia-9-comparte-por-la-humanidad-caracol-de-la-realidad-3-de-agosto\/img_9276-800x400\/\" data-orig-file=\"https:\/\/www.grieta.org.mx\/wp-content\/uploads\/2016\/08\/IMG_9276-800x400.jpg\" data-orig-size=\"800,400\" data-comments-opened=\"0\" data-image-meta=\"{&quot;aperture&quot;:&quot;0&quot;,&quot;credit&quot;:&quot;&quot;,&quot;camera&quot;:&quot;&quot;,&quot;caption&quot;:&quot;&quot;,&quot;created_timestamp&quot;:&quot;0&quot;,&quot;copyright&quot;:&quot;&quot;,&quot;focal_length&quot;:&quot;0&quot;,&quot;iso&quot;:&quot;0&quot;,&quot;shutter_speed&quot;:&quot;0&quot;,&quot;title&quot;:&quot;&quot;,&quot;orientation&quot;:&quot;0&quot;}\" data-image-title=\"IMG_9276-800&amp;#215;400\" data-image-description=\"\" data-image-caption=\"\" data-medium-file=\"https:\/\/www.grieta.org.mx\/wp-content\/uploads\/2016\/08\/IMG_9276-800x400-300x150.jpg\" data-large-file=\"https:\/\/www.grieta.org.mx\/wp-content\/uploads\/2016\/08\/IMG_9276-800x400.jpg\" \/><\/a>\n\t\t\t<\/div><\/figure><figure class='gallery-item'>\n\t\t\t<div class='gallery-icon landscape'>\n\t\t\t\t<a href='https:\/\/www.grieta.org.mx\/index.php\/2016\/08\/06\/dia-9-comparte-por-la-humanidad-caracol-de-la-realidad-3-de-agosto\/img_9277-800x400\/'><img loading=\"lazy\" decoding=\"async\" width=\"300\" height=\"150\" src=\"https:\/\/www.grieta.org.mx\/wp-content\/uploads\/2016\/08\/IMG_9277-800x400-300x150.jpg\" class=\"attachment-medium size-medium\" alt=\"\" srcset=\"https:\/\/www.grieta.org.mx\/wp-content\/uploads\/2016\/08\/IMG_9277-800x400-300x150.jpg 300w, https:\/\/www.grieta.org.mx\/wp-content\/uploads\/2016\/08\/IMG_9277-800x400-768x384.jpg 768w, https:\/\/www.grieta.org.mx\/wp-content\/uploads\/2016\/08\/IMG_9277-800x400.jpg 800w\" sizes=\"auto, (max-width: 300px) 100vw, 300px\" data-attachment-id=\"18926\" data-permalink=\"https:\/\/www.grieta.org.mx\/index.php\/2016\/08\/06\/dia-9-comparte-por-la-humanidad-caracol-de-la-realidad-3-de-agosto\/img_9277-800x400\/\" data-orig-file=\"https:\/\/www.grieta.org.mx\/wp-content\/uploads\/2016\/08\/IMG_9277-800x400.jpg\" data-orig-size=\"800,400\" data-comments-opened=\"0\" data-image-meta=\"{&quot;aperture&quot;:&quot;0&quot;,&quot;credit&quot;:&quot;&quot;,&quot;camera&quot;:&quot;&quot;,&quot;caption&quot;:&quot;&quot;,&quot;created_timestamp&quot;:&quot;0&quot;,&quot;copyright&quot;:&quot;&quot;,&quot;focal_length&quot;:&quot;0&quot;,&quot;iso&quot;:&quot;0&quot;,&quot;shutter_speed&quot;:&quot;0&quot;,&quot;title&quot;:&quot;&quot;,&quot;orientation&quot;:&quot;0&quot;}\" data-image-title=\"IMG_9277-800&amp;#215;400\" data-image-description=\"\" data-image-caption=\"\" data-medium-file=\"https:\/\/www.grieta.org.mx\/wp-content\/uploads\/2016\/08\/IMG_9277-800x400-300x150.jpg\" data-large-file=\"https:\/\/www.grieta.org.mx\/wp-content\/uploads\/2016\/08\/IMG_9277-800x400.jpg\" \/><\/a>\n\t\t\t<\/div><\/figure><figure class='gallery-item'>\n\t\t\t<div class='gallery-icon landscape'>\n\t\t\t\t<a href='https:\/\/www.grieta.org.mx\/index.php\/2016\/08\/06\/dia-9-comparte-por-la-humanidad-caracol-de-la-realidad-3-de-agosto\/img_9278-800x400\/'><img loading=\"lazy\" decoding=\"async\" width=\"300\" height=\"150\" src=\"https:\/\/www.grieta.org.mx\/wp-content\/uploads\/2016\/08\/IMG_9278-800x400-300x150.jpg\" class=\"attachment-medium size-medium\" alt=\"\" srcset=\"https:\/\/www.grieta.org.mx\/wp-content\/uploads\/2016\/08\/IMG_9278-800x400-300x150.jpg 300w, https:\/\/www.grieta.org.mx\/wp-content\/uploads\/2016\/08\/IMG_9278-800x400-768x384.jpg 768w, https:\/\/www.grieta.org.mx\/wp-content\/uploads\/2016\/08\/IMG_9278-800x400.jpg 800w\" sizes=\"auto, (max-width: 300px) 100vw, 300px\" data-attachment-id=\"18927\" data-permalink=\"https:\/\/www.grieta.org.mx\/index.php\/2016\/08\/06\/dia-9-comparte-por-la-humanidad-caracol-de-la-realidad-3-de-agosto\/img_9278-800x400\/\" data-orig-file=\"https:\/\/www.grieta.org.mx\/wp-content\/uploads\/2016\/08\/IMG_9278-800x400.jpg\" data-orig-size=\"800,400\" data-comments-opened=\"0\" data-image-meta=\"{&quot;aperture&quot;:&quot;0&quot;,&quot;credit&quot;:&quot;&quot;,&quot;camera&quot;:&quot;&quot;,&quot;caption&quot;:&quot;&quot;,&quot;created_timestamp&quot;:&quot;0&quot;,&quot;copyright&quot;:&quot;&quot;,&quot;focal_length&quot;:&quot;0&quot;,&quot;iso&quot;:&quot;0&quot;,&quot;shutter_speed&quot;:&quot;0&quot;,&quot;title&quot;:&quot;&quot;,&quot;orientation&quot;:&quot;0&quot;}\" data-image-title=\"IMG_9278-800&amp;#215;400\" data-image-description=\"\" data-image-caption=\"\" data-medium-file=\"https:\/\/www.grieta.org.mx\/wp-content\/uploads\/2016\/08\/IMG_9278-800x400-300x150.jpg\" data-large-file=\"https:\/\/www.grieta.org.mx\/wp-content\/uploads\/2016\/08\/IMG_9278-800x400.jpg\" \/><\/a>\n\t\t\t<\/div><\/figure><figure class='gallery-item'>\n\t\t\t<div class='gallery-icon landscape'>\n\t\t\t\t<a href='https:\/\/www.grieta.org.mx\/index.php\/2016\/08\/06\/dia-9-comparte-por-la-humanidad-caracol-de-la-realidad-3-de-agosto\/img_9283-800x400\/'><img loading=\"lazy\" decoding=\"async\" width=\"300\" height=\"150\" src=\"https:\/\/www.grieta.org.mx\/wp-content\/uploads\/2016\/08\/IMG_9283-800x400-300x150.jpg\" class=\"attachment-medium size-medium\" alt=\"\" srcset=\"https:\/\/www.grieta.org.mx\/wp-content\/uploads\/2016\/08\/IMG_9283-800x400-300x150.jpg 300w, https:\/\/www.grieta.org.mx\/wp-content\/uploads\/2016\/08\/IMG_9283-800x400-768x384.jpg 768w, https:\/\/www.grieta.org.mx\/wp-content\/uploads\/2016\/08\/IMG_9283-800x400.jpg 800w\" sizes=\"auto, (max-width: 300px) 100vw, 300px\" data-attachment-id=\"18928\" data-permalink=\"https:\/\/www.grieta.org.mx\/index.php\/2016\/08\/06\/dia-9-comparte-por-la-humanidad-caracol-de-la-realidad-3-de-agosto\/img_9283-800x400\/\" data-orig-file=\"https:\/\/www.grieta.org.mx\/wp-content\/uploads\/2016\/08\/IMG_9283-800x400.jpg\" data-orig-size=\"800,400\" data-comments-opened=\"0\" data-image-meta=\"{&quot;aperture&quot;:&quot;0&quot;,&quot;credit&quot;:&quot;&quot;,&quot;camera&quot;:&quot;&quot;,&quot;caption&quot;:&quot;&quot;,&quot;created_timestamp&quot;:&quot;0&quot;,&quot;copyright&quot;:&quot;&quot;,&quot;focal_length&quot;:&quot;0&quot;,&quot;iso&quot;:&quot;0&quot;,&quot;shutter_speed&quot;:&quot;0&quot;,&quot;title&quot;:&quot;&quot;,&quot;orientation&quot;:&quot;0&quot;}\" data-image-title=\"IMG_9283-800&amp;#215;400\" data-image-description=\"\" data-image-caption=\"\" data-medium-file=\"https:\/\/www.grieta.org.mx\/wp-content\/uploads\/2016\/08\/IMG_9283-800x400-300x150.jpg\" data-large-file=\"https:\/\/www.grieta.org.mx\/wp-content\/uploads\/2016\/08\/IMG_9283-800x400.jpg\" \/><\/a>\n\t\t\t<\/div><\/figure><figure class='gallery-item'>\n\t\t\t<div class='gallery-icon landscape'>\n\t\t\t\t<a href='https:\/\/www.grieta.org.mx\/index.php\/2016\/08\/06\/dia-9-comparte-por-la-humanidad-caracol-de-la-realidad-3-de-agosto\/img_9291-800x400\/'><img loading=\"lazy\" decoding=\"async\" width=\"300\" height=\"150\" src=\"https:\/\/www.grieta.org.mx\/wp-content\/uploads\/2016\/08\/IMG_9291-800x400-300x150.jpg\" class=\"attachment-medium size-medium\" alt=\"\" srcset=\"https:\/\/www.grieta.org.mx\/wp-content\/uploads\/2016\/08\/IMG_9291-800x400-300x150.jpg 300w, https:\/\/www.grieta.org.mx\/wp-content\/uploads\/2016\/08\/IMG_9291-800x400-768x384.jpg 768w, https:\/\/www.grieta.org.mx\/wp-content\/uploads\/2016\/08\/IMG_9291-800x400.jpg 800w\" sizes=\"auto, (max-width: 300px) 100vw, 300px\" data-attachment-id=\"18929\" data-permalink=\"https:\/\/www.grieta.org.mx\/index.php\/2016\/08\/06\/dia-9-comparte-por-la-humanidad-caracol-de-la-realidad-3-de-agosto\/img_9291-800x400\/\" data-orig-file=\"https:\/\/www.grieta.org.mx\/wp-content\/uploads\/2016\/08\/IMG_9291-800x400.jpg\" data-orig-size=\"800,400\" data-comments-opened=\"0\" data-image-meta=\"{&quot;aperture&quot;:&quot;0&quot;,&quot;credit&quot;:&quot;&quot;,&quot;camera&quot;:&quot;&quot;,&quot;caption&quot;:&quot;&quot;,&quot;created_timestamp&quot;:&quot;0&quot;,&quot;copyright&quot;:&quot;&quot;,&quot;focal_length&quot;:&quot;0&quot;,&quot;iso&quot;:&quot;0&quot;,&quot;shutter_speed&quot;:&quot;0&quot;,&quot;title&quot;:&quot;&quot;,&quot;orientation&quot;:&quot;0&quot;}\" data-image-title=\"IMG_9291-800&amp;#215;400\" data-image-description=\"\" data-image-caption=\"\" data-medium-file=\"https:\/\/www.grieta.org.mx\/wp-content\/uploads\/2016\/08\/IMG_9291-800x400-300x150.jpg\" data-large-file=\"https:\/\/www.grieta.org.mx\/wp-content\/uploads\/2016\/08\/IMG_9291-800x400.jpg\" \/><\/a>\n\t\t\t<\/div><\/figure><figure class='gallery-item'>\n\t\t\t<div class='gallery-icon landscape'>\n\t\t\t\t<a href='https:\/\/www.grieta.org.mx\/index.php\/2016\/08\/06\/dia-9-comparte-por-la-humanidad-caracol-de-la-realidad-3-de-agosto\/img_9292-800x400\/'><img loading=\"lazy\" decoding=\"async\" width=\"300\" height=\"150\" src=\"https:\/\/www.grieta.org.mx\/wp-content\/uploads\/2016\/08\/IMG_9292-800x400-300x150.jpg\" class=\"attachment-medium size-medium\" alt=\"\" srcset=\"https:\/\/www.grieta.org.mx\/wp-content\/uploads\/2016\/08\/IMG_9292-800x400-300x150.jpg 300w, https:\/\/www.grieta.org.mx\/wp-content\/uploads\/2016\/08\/IMG_9292-800x400-768x384.jpg 768w, https:\/\/www.grieta.org.mx\/wp-content\/uploads\/2016\/08\/IMG_9292-800x400.jpg 800w\" sizes=\"auto, (max-width: 300px) 100vw, 300px\" data-attachment-id=\"18930\" data-permalink=\"https:\/\/www.grieta.org.mx\/index.php\/2016\/08\/06\/dia-9-comparte-por-la-humanidad-caracol-de-la-realidad-3-de-agosto\/img_9292-800x400\/\" data-orig-file=\"https:\/\/www.grieta.org.mx\/wp-content\/uploads\/2016\/08\/IMG_9292-800x400.jpg\" data-orig-size=\"800,400\" data-comments-opened=\"0\" data-image-meta=\"{&quot;aperture&quot;:&quot;0&quot;,&quot;credit&quot;:&quot;&quot;,&quot;camera&quot;:&quot;&quot;,&quot;caption&quot;:&quot;&quot;,&quot;created_timestamp&quot;:&quot;0&quot;,&quot;copyright&quot;:&quot;&quot;,&quot;focal_length&quot;:&quot;0&quot;,&quot;iso&quot;:&quot;0&quot;,&quot;shutter_speed&quot;:&quot;0&quot;,&quot;title&quot;:&quot;&quot;,&quot;orientation&quot;:&quot;0&quot;}\" data-image-title=\"IMG_9292-800&amp;#215;400\" data-image-description=\"\" data-image-caption=\"\" data-medium-file=\"https:\/\/www.grieta.org.mx\/wp-content\/uploads\/2016\/08\/IMG_9292-800x400-300x150.jpg\" data-large-file=\"https:\/\/www.grieta.org.mx\/wp-content\/uploads\/2016\/08\/IMG_9292-800x400.jpg\" \/><\/a>\n\t\t\t<\/div><\/figure><figure class='gallery-item'>\n\t\t\t<div class='gallery-icon landscape'>\n\t\t\t\t<a href='https:\/\/www.grieta.org.mx\/index.php\/2016\/08\/06\/dia-9-comparte-por-la-humanidad-caracol-de-la-realidad-3-de-agosto\/img_9296-800x400\/'><img loading=\"lazy\" decoding=\"async\" width=\"300\" height=\"150\" src=\"https:\/\/www.grieta.org.mx\/wp-content\/uploads\/2016\/08\/IMG_9296-800x400-300x150.jpg\" class=\"attachment-medium size-medium\" alt=\"\" srcset=\"https:\/\/www.grieta.org.mx\/wp-content\/uploads\/2016\/08\/IMG_9296-800x400-300x150.jpg 300w, https:\/\/www.grieta.org.mx\/wp-content\/uploads\/2016\/08\/IMG_9296-800x400-768x384.jpg 768w, https:\/\/www.grieta.org.mx\/wp-content\/uploads\/2016\/08\/IMG_9296-800x400.jpg 800w\" sizes=\"auto, (max-width: 300px) 100vw, 300px\" data-attachment-id=\"18931\" data-permalink=\"https:\/\/www.grieta.org.mx\/index.php\/2016\/08\/06\/dia-9-comparte-por-la-humanidad-caracol-de-la-realidad-3-de-agosto\/img_9296-800x400\/\" data-orig-file=\"https:\/\/www.grieta.org.mx\/wp-content\/uploads\/2016\/08\/IMG_9296-800x400.jpg\" data-orig-size=\"800,400\" data-comments-opened=\"0\" data-image-meta=\"{&quot;aperture&quot;:&quot;0&quot;,&quot;credit&quot;:&quot;&quot;,&quot;camera&quot;:&quot;&quot;,&quot;caption&quot;:&quot;&quot;,&quot;created_timestamp&quot;:&quot;0&quot;,&quot;copyright&quot;:&quot;&quot;,&quot;focal_length&quot;:&quot;0&quot;,&quot;iso&quot;:&quot;0&quot;,&quot;shutter_speed&quot;:&quot;0&quot;,&quot;title&quot;:&quot;&quot;,&quot;orientation&quot;:&quot;0&quot;}\" data-image-title=\"IMG_9296-800&amp;#215;400\" data-image-description=\"\" data-image-caption=\"\" data-medium-file=\"https:\/\/www.grieta.org.mx\/wp-content\/uploads\/2016\/08\/IMG_9296-800x400-300x150.jpg\" data-large-file=\"https:\/\/www.grieta.org.mx\/wp-content\/uploads\/2016\/08\/IMG_9296-800x400.jpg\" \/><\/a>\n\t\t\t<\/div><\/figure><figure class='gallery-item'>\n\t\t\t<div class='gallery-icon landscape'>\n\t\t\t\t<a href='https:\/\/www.grieta.org.mx\/index.php\/2016\/08\/06\/dia-9-comparte-por-la-humanidad-caracol-de-la-realidad-3-de-agosto\/img_9297-800x400\/'><img loading=\"lazy\" decoding=\"async\" width=\"300\" height=\"150\" src=\"https:\/\/www.grieta.org.mx\/wp-content\/uploads\/2016\/08\/IMG_9297-800x400-300x150.jpg\" class=\"attachment-medium size-medium\" alt=\"\" srcset=\"https:\/\/www.grieta.org.mx\/wp-content\/uploads\/2016\/08\/IMG_9297-800x400-300x150.jpg 300w, https:\/\/www.grieta.org.mx\/wp-content\/uploads\/2016\/08\/IMG_9297-800x400-768x384.jpg 768w, https:\/\/www.grieta.org.mx\/wp-content\/uploads\/2016\/08\/IMG_9297-800x400.jpg 800w\" sizes=\"auto, (max-width: 300px) 100vw, 300px\" data-attachment-id=\"18932\" data-permalink=\"https:\/\/www.grieta.org.mx\/index.php\/2016\/08\/06\/dia-9-comparte-por-la-humanidad-caracol-de-la-realidad-3-de-agosto\/img_9297-800x400\/\" data-orig-file=\"https:\/\/www.grieta.org.mx\/wp-content\/uploads\/2016\/08\/IMG_9297-800x400.jpg\" data-orig-size=\"800,400\" data-comments-opened=\"0\" data-image-meta=\"{&quot;aperture&quot;:&quot;0&quot;,&quot;credit&quot;:&quot;&quot;,&quot;camera&quot;:&quot;&quot;,&quot;caption&quot;:&quot;&quot;,&quot;created_timestamp&quot;:&quot;0&quot;,&quot;copyright&quot;:&quot;&quot;,&quot;focal_length&quot;:&quot;0&quot;,&quot;iso&quot;:&quot;0&quot;,&quot;shutter_speed&quot;:&quot;0&quot;,&quot;title&quot;:&quot;&quot;,&quot;orientation&quot;:&quot;0&quot;}\" data-image-title=\"IMG_9297-800&amp;#215;400\" data-image-description=\"\" data-image-caption=\"\" data-medium-file=\"https:\/\/www.grieta.org.mx\/wp-content\/uploads\/2016\/08\/IMG_9297-800x400-300x150.jpg\" data-large-file=\"https:\/\/www.grieta.org.mx\/wp-content\/uploads\/2016\/08\/IMG_9297-800x400.jpg\" \/><\/a>\n\t\t\t<\/div><\/figure><figure class='gallery-item'>\n\t\t\t<div class='gallery-icon landscape'>\n\t\t\t\t<a href='https:\/\/www.grieta.org.mx\/index.php\/2016\/08\/06\/dia-9-comparte-por-la-humanidad-caracol-de-la-realidad-3-de-agosto\/img_9304-800x400\/'><img loading=\"lazy\" decoding=\"async\" width=\"300\" height=\"150\" src=\"https:\/\/www.grieta.org.mx\/wp-content\/uploads\/2016\/08\/IMG_9304-800x400-300x150.jpg\" class=\"attachment-medium size-medium\" alt=\"\" srcset=\"https:\/\/www.grieta.org.mx\/wp-content\/uploads\/2016\/08\/IMG_9304-800x400-300x150.jpg 300w, https:\/\/www.grieta.org.mx\/wp-content\/uploads\/2016\/08\/IMG_9304-800x400-768x384.jpg 768w, https:\/\/www.grieta.org.mx\/wp-content\/uploads\/2016\/08\/IMG_9304-800x400.jpg 800w\" sizes=\"auto, (max-width: 300px) 100vw, 300px\" data-attachment-id=\"18933\" data-permalink=\"https:\/\/www.grieta.org.mx\/index.php\/2016\/08\/06\/dia-9-comparte-por-la-humanidad-caracol-de-la-realidad-3-de-agosto\/img_9304-800x400\/\" data-orig-file=\"https:\/\/www.grieta.org.mx\/wp-content\/uploads\/2016\/08\/IMG_9304-800x400.jpg\" data-orig-size=\"800,400\" data-comments-opened=\"0\" data-image-meta=\"{&quot;aperture&quot;:&quot;0&quot;,&quot;credit&quot;:&quot;&quot;,&quot;camera&quot;:&quot;&quot;,&quot;caption&quot;:&quot;&quot;,&quot;created_timestamp&quot;:&quot;0&quot;,&quot;copyright&quot;:&quot;&quot;,&quot;focal_length&quot;:&quot;0&quot;,&quot;iso&quot;:&quot;0&quot;,&quot;shutter_speed&quot;:&quot;0&quot;,&quot;title&quot;:&quot;&quot;,&quot;orientation&quot;:&quot;0&quot;}\" data-image-title=\"IMG_9304-800&amp;#215;400\" data-image-description=\"\" data-image-caption=\"\" data-medium-file=\"https:\/\/www.grieta.org.mx\/wp-content\/uploads\/2016\/08\/IMG_9304-800x400-300x150.jpg\" data-large-file=\"https:\/\/www.grieta.org.mx\/wp-content\/uploads\/2016\/08\/IMG_9304-800x400.jpg\" \/><\/a>\n\t\t\t<\/div><\/figure><figure class='gallery-item'>\n\t\t\t<div class='gallery-icon landscape'>\n\t\t\t\t<a href='https:\/\/www.grieta.org.mx\/index.php\/2016\/08\/06\/dia-9-comparte-por-la-humanidad-caracol-de-la-realidad-3-de-agosto\/img_9308-800x400\/'><img loading=\"lazy\" decoding=\"async\" width=\"300\" height=\"150\" src=\"https:\/\/www.grieta.org.mx\/wp-content\/uploads\/2016\/08\/IMG_9308-800x400-300x150.jpg\" class=\"attachment-medium size-medium\" alt=\"\" srcset=\"https:\/\/www.grieta.org.mx\/wp-content\/uploads\/2016\/08\/IMG_9308-800x400-300x150.jpg 300w, https:\/\/www.grieta.org.mx\/wp-content\/uploads\/2016\/08\/IMG_9308-800x400-768x384.jpg 768w, https:\/\/www.grieta.org.mx\/wp-content\/uploads\/2016\/08\/IMG_9308-800x400.jpg 800w\" sizes=\"auto, (max-width: 300px) 100vw, 300px\" data-attachment-id=\"18934\" data-permalink=\"https:\/\/www.grieta.org.mx\/index.php\/2016\/08\/06\/dia-9-comparte-por-la-humanidad-caracol-de-la-realidad-3-de-agosto\/img_9308-800x400\/\" data-orig-file=\"https:\/\/www.grieta.org.mx\/wp-content\/uploads\/2016\/08\/IMG_9308-800x400.jpg\" data-orig-size=\"800,400\" data-comments-opened=\"0\" data-image-meta=\"{&quot;aperture&quot;:&quot;0&quot;,&quot;credit&quot;:&quot;&quot;,&quot;camera&quot;:&quot;&quot;,&quot;caption&quot;:&quot;&quot;,&quot;created_timestamp&quot;:&quot;0&quot;,&quot;copyright&quot;:&quot;&quot;,&quot;focal_length&quot;:&quot;0&quot;,&quot;iso&quot;:&quot;0&quot;,&quot;shutter_speed&quot;:&quot;0&quot;,&quot;title&quot;:&quot;&quot;,&quot;orientation&quot;:&quot;0&quot;}\" data-image-title=\"IMG_9308-800&amp;#215;400\" data-image-description=\"\" data-image-caption=\"\" data-medium-file=\"https:\/\/www.grieta.org.mx\/wp-content\/uploads\/2016\/08\/IMG_9308-800x400-300x150.jpg\" data-large-file=\"https:\/\/www.grieta.org.mx\/wp-content\/uploads\/2016\/08\/IMG_9308-800x400.jpg\" \/><\/a>\n\t\t\t<\/div><\/figure><figure class='gallery-item'>\n\t\t\t<div class='gallery-icon landscape'>\n\t\t\t\t<a href='https:\/\/www.grieta.org.mx\/index.php\/2016\/08\/06\/dia-9-comparte-por-la-humanidad-caracol-de-la-realidad-3-de-agosto\/img_9310-800x400\/'><img loading=\"lazy\" decoding=\"async\" width=\"300\" height=\"150\" src=\"https:\/\/www.grieta.org.mx\/wp-content\/uploads\/2016\/08\/IMG_9310-800x400-300x150.jpg\" class=\"attachment-medium size-medium\" alt=\"\" srcset=\"https:\/\/www.grieta.org.mx\/wp-content\/uploads\/2016\/08\/IMG_9310-800x400-300x150.jpg 300w, https:\/\/www.grieta.org.mx\/wp-content\/uploads\/2016\/08\/IMG_9310-800x400-768x384.jpg 768w, https:\/\/www.grieta.org.mx\/wp-content\/uploads\/2016\/08\/IMG_9310-800x400.jpg 800w\" sizes=\"auto, (max-width: 300px) 100vw, 300px\" data-attachment-id=\"18935\" data-permalink=\"https:\/\/www.grieta.org.mx\/index.php\/2016\/08\/06\/dia-9-comparte-por-la-humanidad-caracol-de-la-realidad-3-de-agosto\/img_9310-800x400\/\" data-orig-file=\"https:\/\/www.grieta.org.mx\/wp-content\/uploads\/2016\/08\/IMG_9310-800x400.jpg\" data-orig-size=\"800,400\" data-comments-opened=\"0\" data-image-meta=\"{&quot;aperture&quot;:&quot;0&quot;,&quot;credit&quot;:&quot;&quot;,&quot;camera&quot;:&quot;&quot;,&quot;caption&quot;:&quot;&quot;,&quot;created_timestamp&quot;:&quot;0&quot;,&quot;copyright&quot;:&quot;&quot;,&quot;focal_length&quot;:&quot;0&quot;,&quot;iso&quot;:&quot;0&quot;,&quot;shutter_speed&quot;:&quot;0&quot;,&quot;title&quot;:&quot;&quot;,&quot;orientation&quot;:&quot;0&quot;}\" data-image-title=\"IMG_9310-800&amp;#215;400\" data-image-description=\"\" data-image-caption=\"\" data-medium-file=\"https:\/\/www.grieta.org.mx\/wp-content\/uploads\/2016\/08\/IMG_9310-800x400-300x150.jpg\" data-large-file=\"https:\/\/www.grieta.org.mx\/wp-content\/uploads\/2016\/08\/IMG_9310-800x400.jpg\" \/><\/a>\n\t\t\t<\/div><\/figure><figure class='gallery-item'>\n\t\t\t<div class='gallery-icon landscape'>\n\t\t\t\t<a href='https:\/\/www.grieta.org.mx\/index.php\/2016\/08\/06\/dia-9-comparte-por-la-humanidad-caracol-de-la-realidad-3-de-agosto\/img_9313-800x400\/'><img loading=\"lazy\" decoding=\"async\" width=\"300\" height=\"150\" src=\"https:\/\/www.grieta.org.mx\/wp-content\/uploads\/2016\/08\/IMG_9313-800x400-300x150.jpg\" class=\"attachment-medium size-medium\" alt=\"\" srcset=\"https:\/\/www.grieta.org.mx\/wp-content\/uploads\/2016\/08\/IMG_9313-800x400-300x150.jpg 300w, https:\/\/www.grieta.org.mx\/wp-content\/uploads\/2016\/08\/IMG_9313-800x400-768x384.jpg 768w, https:\/\/www.grieta.org.mx\/wp-content\/uploads\/2016\/08\/IMG_9313-800x400.jpg 800w\" sizes=\"auto, (max-width: 300px) 100vw, 300px\" data-attachment-id=\"18936\" data-permalink=\"https:\/\/www.grieta.org.mx\/index.php\/2016\/08\/06\/dia-9-comparte-por-la-humanidad-caracol-de-la-realidad-3-de-agosto\/img_9313-800x400\/\" data-orig-file=\"https:\/\/www.grieta.org.mx\/wp-content\/uploads\/2016\/08\/IMG_9313-800x400.jpg\" data-orig-size=\"800,400\" data-comments-opened=\"0\" data-image-meta=\"{&quot;aperture&quot;:&quot;0&quot;,&quot;credit&quot;:&quot;&quot;,&quot;camera&quot;:&quot;&quot;,&quot;caption&quot;:&quot;&quot;,&quot;created_timestamp&quot;:&quot;0&quot;,&quot;copyright&quot;:&quot;&quot;,&quot;focal_length&quot;:&quot;0&quot;,&quot;iso&quot;:&quot;0&quot;,&quot;shutter_speed&quot;:&quot;0&quot;,&quot;title&quot;:&quot;&quot;,&quot;orientation&quot;:&quot;0&quot;}\" data-image-title=\"IMG_9313-800&amp;#215;400\" data-image-description=\"\" data-image-caption=\"\" data-medium-file=\"https:\/\/www.grieta.org.mx\/wp-content\/uploads\/2016\/08\/IMG_9313-800x400-300x150.jpg\" data-large-file=\"https:\/\/www.grieta.org.mx\/wp-content\/uploads\/2016\/08\/IMG_9313-800x400.jpg\" \/><\/a>\n\t\t\t<\/div><\/figure><figure class='gallery-item'>\n\t\t\t<div class='gallery-icon landscape'>\n\t\t\t\t<a href='https:\/\/www.grieta.org.mx\/index.php\/2016\/08\/06\/dia-9-comparte-por-la-humanidad-caracol-de-la-realidad-3-de-agosto\/img_9315-800x400\/'><img loading=\"lazy\" decoding=\"async\" width=\"300\" height=\"150\" src=\"https:\/\/www.grieta.org.mx\/wp-content\/uploads\/2016\/08\/IMG_9315-800x400-300x150.jpg\" class=\"attachment-medium size-medium\" alt=\"\" srcset=\"https:\/\/www.grieta.org.mx\/wp-content\/uploads\/2016\/08\/IMG_9315-800x400-300x150.jpg 300w, https:\/\/www.grieta.org.mx\/wp-content\/uploads\/2016\/08\/IMG_9315-800x400-768x384.jpg 768w, https:\/\/www.grieta.org.mx\/wp-content\/uploads\/2016\/08\/IMG_9315-800x400.jpg 800w\" sizes=\"auto, (max-width: 300px) 100vw, 300px\" data-attachment-id=\"18937\" data-permalink=\"https:\/\/www.grieta.org.mx\/index.php\/2016\/08\/06\/dia-9-comparte-por-la-humanidad-caracol-de-la-realidad-3-de-agosto\/img_9315-800x400\/\" data-orig-file=\"https:\/\/www.grieta.org.mx\/wp-content\/uploads\/2016\/08\/IMG_9315-800x400.jpg\" data-orig-size=\"800,400\" data-comments-opened=\"0\" data-image-meta=\"{&quot;aperture&quot;:&quot;0&quot;,&quot;credit&quot;:&quot;&quot;,&quot;camera&quot;:&quot;&quot;,&quot;caption&quot;:&quot;&quot;,&quot;created_timestamp&quot;:&quot;0&quot;,&quot;copyright&quot;:&quot;&quot;,&quot;focal_length&quot;:&quot;0&quot;,&quot;iso&quot;:&quot;0&quot;,&quot;shutter_speed&quot;:&quot;0&quot;,&quot;title&quot;:&quot;&quot;,&quot;orientation&quot;:&quot;0&quot;}\" data-image-title=\"IMG_9315-800&amp;#215;400\" data-image-description=\"\" data-image-caption=\"\" data-medium-file=\"https:\/\/www.grieta.org.mx\/wp-content\/uploads\/2016\/08\/IMG_9315-800x400-300x150.jpg\" data-large-file=\"https:\/\/www.grieta.org.mx\/wp-content\/uploads\/2016\/08\/IMG_9315-800x400.jpg\" \/><\/a>\n\t\t\t<\/div><\/figure><figure class='gallery-item'>\n\t\t\t<div class='gallery-icon landscape'>\n\t\t\t\t<a href='https:\/\/www.grieta.org.mx\/index.php\/2016\/08\/06\/dia-9-comparte-por-la-humanidad-caracol-de-la-realidad-3-de-agosto\/img_9320-800x400\/'><img loading=\"lazy\" decoding=\"async\" width=\"300\" height=\"150\" src=\"https:\/\/www.grieta.org.mx\/wp-content\/uploads\/2016\/08\/IMG_9320-800x400-300x150.jpg\" class=\"attachment-medium size-medium\" alt=\"\" srcset=\"https:\/\/www.grieta.org.mx\/wp-content\/uploads\/2016\/08\/IMG_9320-800x400-300x150.jpg 300w, https:\/\/www.grieta.org.mx\/wp-content\/uploads\/2016\/08\/IMG_9320-800x400-768x384.jpg 768w, https:\/\/www.grieta.org.mx\/wp-content\/uploads\/2016\/08\/IMG_9320-800x400.jpg 800w\" sizes=\"auto, (max-width: 300px) 100vw, 300px\" data-attachment-id=\"18938\" data-permalink=\"https:\/\/www.grieta.org.mx\/index.php\/2016\/08\/06\/dia-9-comparte-por-la-humanidad-caracol-de-la-realidad-3-de-agosto\/img_9320-800x400\/\" data-orig-file=\"https:\/\/www.grieta.org.mx\/wp-content\/uploads\/2016\/08\/IMG_9320-800x400.jpg\" data-orig-size=\"800,400\" data-comments-opened=\"0\" data-image-meta=\"{&quot;aperture&quot;:&quot;0&quot;,&quot;credit&quot;:&quot;&quot;,&quot;camera&quot;:&quot;&quot;,&quot;caption&quot;:&quot;&quot;,&quot;created_timestamp&quot;:&quot;0&quot;,&quot;copyright&quot;:&quot;&quot;,&quot;focal_length&quot;:&quot;0&quot;,&quot;iso&quot;:&quot;0&quot;,&quot;shutter_speed&quot;:&quot;0&quot;,&quot;title&quot;:&quot;&quot;,&quot;orientation&quot;:&quot;0&quot;}\" data-image-title=\"IMG_9320-800&amp;#215;400\" data-image-description=\"\" data-image-caption=\"\" data-medium-file=\"https:\/\/www.grieta.org.mx\/wp-content\/uploads\/2016\/08\/IMG_9320-800x400-300x150.jpg\" data-large-file=\"https:\/\/www.grieta.org.mx\/wp-content\/uploads\/2016\/08\/IMG_9320-800x400.jpg\" \/><\/a>\n\t\t\t<\/div><\/figure><figure class='gallery-item'>\n\t\t\t<div class='gallery-icon landscape'>\n\t\t\t\t<a href='https:\/\/www.grieta.org.mx\/index.php\/2016\/08\/06\/dia-9-comparte-por-la-humanidad-caracol-de-la-realidad-3-de-agosto\/img_9323-800x400\/'><img loading=\"lazy\" decoding=\"async\" width=\"300\" height=\"150\" src=\"https:\/\/www.grieta.org.mx\/wp-content\/uploads\/2016\/08\/IMG_9323-800x400-300x150.jpg\" class=\"attachment-medium size-medium\" alt=\"\" srcset=\"https:\/\/www.grieta.org.mx\/wp-content\/uploads\/2016\/08\/IMG_9323-800x400-300x150.jpg 300w, https:\/\/www.grieta.org.mx\/wp-content\/uploads\/2016\/08\/IMG_9323-800x400-768x384.jpg 768w, https:\/\/www.grieta.org.mx\/wp-content\/uploads\/2016\/08\/IMG_9323-800x400.jpg 800w\" sizes=\"auto, (max-width: 300px) 100vw, 300px\" data-attachment-id=\"18939\" data-permalink=\"https:\/\/www.grieta.org.mx\/index.php\/2016\/08\/06\/dia-9-comparte-por-la-humanidad-caracol-de-la-realidad-3-de-agosto\/img_9323-800x400\/\" data-orig-file=\"https:\/\/www.grieta.org.mx\/wp-content\/uploads\/2016\/08\/IMG_9323-800x400.jpg\" data-orig-size=\"800,400\" data-comments-opened=\"0\" data-image-meta=\"{&quot;aperture&quot;:&quot;0&quot;,&quot;credit&quot;:&quot;&quot;,&quot;camera&quot;:&quot;&quot;,&quot;caption&quot;:&quot;&quot;,&quot;created_timestamp&quot;:&quot;0&quot;,&quot;copyright&quot;:&quot;&quot;,&quot;focal_length&quot;:&quot;0&quot;,&quot;iso&quot;:&quot;0&quot;,&quot;shutter_speed&quot;:&quot;0&quot;,&quot;title&quot;:&quot;&quot;,&quot;orientation&quot;:&quot;0&quot;}\" data-image-title=\"IMG_9323-800&amp;#215;400\" data-image-description=\"\" data-image-caption=\"\" data-medium-file=\"https:\/\/www.grieta.org.mx\/wp-content\/uploads\/2016\/08\/IMG_9323-800x400-300x150.jpg\" data-large-file=\"https:\/\/www.grieta.org.mx\/wp-content\/uploads\/2016\/08\/IMG_9323-800x400.jpg\" \/><\/a>\n\t\t\t<\/div><\/figure><figure class='gallery-item'>\n\t\t\t<div class='gallery-icon landscape'>\n\t\t\t\t<a href='https:\/\/www.grieta.org.mx\/index.php\/2016\/08\/06\/dia-9-comparte-por-la-humanidad-caracol-de-la-realidad-3-de-agosto\/img_9330-800x400\/'><img loading=\"lazy\" decoding=\"async\" width=\"300\" height=\"150\" src=\"https:\/\/www.grieta.org.mx\/wp-content\/uploads\/2016\/08\/IMG_9330-800x400-300x150.jpg\" class=\"attachment-medium size-medium\" alt=\"\" srcset=\"https:\/\/www.grieta.org.mx\/wp-content\/uploads\/2016\/08\/IMG_9330-800x400-300x150.jpg 300w, https:\/\/www.grieta.org.mx\/wp-content\/uploads\/2016\/08\/IMG_9330-800x400-768x384.jpg 768w, https:\/\/www.grieta.org.mx\/wp-content\/uploads\/2016\/08\/IMG_9330-800x400.jpg 800w\" sizes=\"auto, (max-width: 300px) 100vw, 300px\" data-attachment-id=\"18940\" data-permalink=\"https:\/\/www.grieta.org.mx\/index.php\/2016\/08\/06\/dia-9-comparte-por-la-humanidad-caracol-de-la-realidad-3-de-agosto\/img_9330-800x400\/\" data-orig-file=\"https:\/\/www.grieta.org.mx\/wp-content\/uploads\/2016\/08\/IMG_9330-800x400.jpg\" data-orig-size=\"800,400\" data-comments-opened=\"0\" data-image-meta=\"{&quot;aperture&quot;:&quot;0&quot;,&quot;credit&quot;:&quot;&quot;,&quot;camera&quot;:&quot;&quot;,&quot;caption&quot;:&quot;&quot;,&quot;created_timestamp&quot;:&quot;0&quot;,&quot;copyright&quot;:&quot;&quot;,&quot;focal_length&quot;:&quot;0&quot;,&quot;iso&quot;:&quot;0&quot;,&quot;shutter_speed&quot;:&quot;0&quot;,&quot;title&quot;:&quot;&quot;,&quot;orientation&quot;:&quot;0&quot;}\" data-image-title=\"IMG_9330-800&amp;#215;400\" data-image-description=\"\" data-image-caption=\"\" data-medium-file=\"https:\/\/www.grieta.org.mx\/wp-content\/uploads\/2016\/08\/IMG_9330-800x400-300x150.jpg\" data-large-file=\"https:\/\/www.grieta.org.mx\/wp-content\/uploads\/2016\/08\/IMG_9330-800x400.jpg\" \/><\/a>\n\t\t\t<\/div><\/figure><figure class='gallery-item'>\n\t\t\t<div class='gallery-icon landscape'>\n\t\t\t\t<a href='https:\/\/www.grieta.org.mx\/index.php\/2016\/08\/06\/dia-9-comparte-por-la-humanidad-caracol-de-la-realidad-3-de-agosto\/img_9337-800x400\/'><img loading=\"lazy\" decoding=\"async\" width=\"300\" height=\"150\" src=\"https:\/\/www.grieta.org.mx\/wp-content\/uploads\/2016\/08\/IMG_9337-800x400-300x150.jpg\" class=\"attachment-medium size-medium\" alt=\"\" srcset=\"https:\/\/www.grieta.org.mx\/wp-content\/uploads\/2016\/08\/IMG_9337-800x400-300x150.jpg 300w, https:\/\/www.grieta.org.mx\/wp-content\/uploads\/2016\/08\/IMG_9337-800x400-768x384.jpg 768w, https:\/\/www.grieta.org.mx\/wp-content\/uploads\/2016\/08\/IMG_9337-800x400.jpg 800w\" sizes=\"auto, (max-width: 300px) 100vw, 300px\" data-attachment-id=\"18941\" data-permalink=\"https:\/\/www.grieta.org.mx\/index.php\/2016\/08\/06\/dia-9-comparte-por-la-humanidad-caracol-de-la-realidad-3-de-agosto\/img_9337-800x400\/\" data-orig-file=\"https:\/\/www.grieta.org.mx\/wp-content\/uploads\/2016\/08\/IMG_9337-800x400.jpg\" data-orig-size=\"800,400\" data-comments-opened=\"0\" data-image-meta=\"{&quot;aperture&quot;:&quot;0&quot;,&quot;credit&quot;:&quot;&quot;,&quot;camera&quot;:&quot;&quot;,&quot;caption&quot;:&quot;&quot;,&quot;created_timestamp&quot;:&quot;0&quot;,&quot;copyright&quot;:&quot;&quot;,&quot;focal_length&quot;:&quot;0&quot;,&quot;iso&quot;:&quot;0&quot;,&quot;shutter_speed&quot;:&quot;0&quot;,&quot;title&quot;:&quot;&quot;,&quot;orientation&quot;:&quot;0&quot;}\" data-image-title=\"IMG_9337-800&amp;#215;400\" data-image-description=\"\" data-image-caption=\"\" data-medium-file=\"https:\/\/www.grieta.org.mx\/wp-content\/uploads\/2016\/08\/IMG_9337-800x400-300x150.jpg\" data-large-file=\"https:\/\/www.grieta.org.mx\/wp-content\/uploads\/2016\/08\/IMG_9337-800x400.jpg\" \/><\/a>\n\t\t\t<\/div><\/figure><figure class='gallery-item'>\n\t\t\t<div class='gallery-icon landscape'>\n\t\t\t\t<a href='https:\/\/www.grieta.org.mx\/index.php\/2016\/08\/06\/dia-9-comparte-por-la-humanidad-caracol-de-la-realidad-3-de-agosto\/img_9349-800x400\/'><img loading=\"lazy\" decoding=\"async\" width=\"300\" height=\"150\" src=\"https:\/\/www.grieta.org.mx\/wp-content\/uploads\/2016\/08\/IMG_9349-800x400-300x150.jpg\" class=\"attachment-medium size-medium\" alt=\"\" srcset=\"https:\/\/www.grieta.org.mx\/wp-content\/uploads\/2016\/08\/IMG_9349-800x400-300x150.jpg 300w, https:\/\/www.grieta.org.mx\/wp-content\/uploads\/2016\/08\/IMG_9349-800x400-768x384.jpg 768w, https:\/\/www.grieta.org.mx\/wp-content\/uploads\/2016\/08\/IMG_9349-800x400.jpg 800w\" sizes=\"auto, (max-width: 300px) 100vw, 300px\" data-attachment-id=\"18942\" data-permalink=\"https:\/\/www.grieta.org.mx\/index.php\/2016\/08\/06\/dia-9-comparte-por-la-humanidad-caracol-de-la-realidad-3-de-agosto\/img_9349-800x400\/\" data-orig-file=\"https:\/\/www.grieta.org.mx\/wp-content\/uploads\/2016\/08\/IMG_9349-800x400.jpg\" data-orig-size=\"800,400\" data-comments-opened=\"0\" data-image-meta=\"{&quot;aperture&quot;:&quot;0&quot;,&quot;credit&quot;:&quot;&quot;,&quot;camera&quot;:&quot;&quot;,&quot;caption&quot;:&quot;&quot;,&quot;created_timestamp&quot;:&quot;0&quot;,&quot;copyright&quot;:&quot;&quot;,&quot;focal_length&quot;:&quot;0&quot;,&quot;iso&quot;:&quot;0&quot;,&quot;shutter_speed&quot;:&quot;0&quot;,&quot;title&quot;:&quot;&quot;,&quot;orientation&quot;:&quot;0&quot;}\" data-image-title=\"IMG_9349-800&amp;#215;400\" data-image-description=\"\" data-image-caption=\"\" data-medium-file=\"https:\/\/www.grieta.org.mx\/wp-content\/uploads\/2016\/08\/IMG_9349-800x400-300x150.jpg\" data-large-file=\"https:\/\/www.grieta.org.mx\/wp-content\/uploads\/2016\/08\/IMG_9349-800x400.jpg\" \/><\/a>\n\t\t\t<\/div><\/figure><figure class='gallery-item'>\n\t\t\t<div class='gallery-icon landscape'>\n\t\t\t\t<a href='https:\/\/www.grieta.org.mx\/index.php\/2016\/08\/06\/dia-9-comparte-por-la-humanidad-caracol-de-la-realidad-3-de-agosto\/img_9356-800x400\/'><img loading=\"lazy\" decoding=\"async\" width=\"300\" height=\"150\" src=\"https:\/\/www.grieta.org.mx\/wp-content\/uploads\/2016\/08\/IMG_9356-800x400-300x150.jpg\" class=\"attachment-medium size-medium\" alt=\"\" srcset=\"https:\/\/www.grieta.org.mx\/wp-content\/uploads\/2016\/08\/IMG_9356-800x400-300x150.jpg 300w, https:\/\/www.grieta.org.mx\/wp-content\/uploads\/2016\/08\/IMG_9356-800x400-768x384.jpg 768w, https:\/\/www.grieta.org.mx\/wp-content\/uploads\/2016\/08\/IMG_9356-800x400.jpg 800w\" sizes=\"auto, (max-width: 300px) 100vw, 300px\" data-attachment-id=\"18943\" data-permalink=\"https:\/\/www.grieta.org.mx\/index.php\/2016\/08\/06\/dia-9-comparte-por-la-humanidad-caracol-de-la-realidad-3-de-agosto\/img_9356-800x400\/\" data-orig-file=\"https:\/\/www.grieta.org.mx\/wp-content\/uploads\/2016\/08\/IMG_9356-800x400.jpg\" data-orig-size=\"800,400\" data-comments-opened=\"0\" data-image-meta=\"{&quot;aperture&quot;:&quot;0&quot;,&quot;credit&quot;:&quot;&quot;,&quot;camera&quot;:&quot;&quot;,&quot;caption&quot;:&quot;&quot;,&quot;created_timestamp&quot;:&quot;0&quot;,&quot;copyright&quot;:&quot;&quot;,&quot;focal_length&quot;:&quot;0&quot;,&quot;iso&quot;:&quot;0&quot;,&quot;shutter_speed&quot;:&quot;0&quot;,&quot;title&quot;:&quot;&quot;,&quot;orientation&quot;:&quot;0&quot;}\" data-image-title=\"IMG_9356-800&amp;#215;400\" data-image-description=\"\" data-image-caption=\"\" data-medium-file=\"https:\/\/www.grieta.org.mx\/wp-content\/uploads\/2016\/08\/IMG_9356-800x400-300x150.jpg\" data-large-file=\"https:\/\/www.grieta.org.mx\/wp-content\/uploads\/2016\/08\/IMG_9356-800x400.jpg\" \/><\/a>\n\t\t\t<\/div><\/figure><figure class='gallery-item'>\n\t\t\t<div class='gallery-icon landscape'>\n\t\t\t\t<a href='https:\/\/www.grieta.org.mx\/index.php\/2016\/08\/06\/dia-9-comparte-por-la-humanidad-caracol-de-la-realidad-3-de-agosto\/mg_9771-800x400\/'><img loading=\"lazy\" decoding=\"async\" width=\"300\" height=\"150\" src=\"https:\/\/www.grieta.org.mx\/wp-content\/uploads\/2016\/08\/MG_9771-800x400-300x150.jpg\" class=\"attachment-medium size-medium\" alt=\"\" srcset=\"https:\/\/www.grieta.org.mx\/wp-content\/uploads\/2016\/08\/MG_9771-800x400-300x150.jpg 300w, https:\/\/www.grieta.org.mx\/wp-content\/uploads\/2016\/08\/MG_9771-800x400-768x384.jpg 768w, https:\/\/www.grieta.org.mx\/wp-content\/uploads\/2016\/08\/MG_9771-800x400.jpg 800w\" sizes=\"auto, (max-width: 300px) 100vw, 300px\" data-attachment-id=\"18944\" data-permalink=\"https:\/\/www.grieta.org.mx\/index.php\/2016\/08\/06\/dia-9-comparte-por-la-humanidad-caracol-de-la-realidad-3-de-agosto\/mg_9771-800x400\/\" data-orig-file=\"https:\/\/www.grieta.org.mx\/wp-content\/uploads\/2016\/08\/MG_9771-800x400.jpg\" data-orig-size=\"800,400\" data-comments-opened=\"0\" data-image-meta=\"{&quot;aperture&quot;:&quot;0&quot;,&quot;credit&quot;:&quot;&quot;,&quot;camera&quot;:&quot;&quot;,&quot;caption&quot;:&quot;&quot;,&quot;created_timestamp&quot;:&quot;0&quot;,&quot;copyright&quot;:&quot;&quot;,&quot;focal_length&quot;:&quot;0&quot;,&quot;iso&quot;:&quot;0&quot;,&quot;shutter_speed&quot;:&quot;0&quot;,&quot;title&quot;:&quot;&quot;,&quot;orientation&quot;:&quot;0&quot;}\" data-image-title=\"MG_9771-800&amp;#215;400\" data-image-description=\"\" data-image-caption=\"\" data-medium-file=\"https:\/\/www.grieta.org.mx\/wp-content\/uploads\/2016\/08\/MG_9771-800x400-300x150.jpg\" data-large-file=\"https:\/\/www.grieta.org.mx\/wp-content\/uploads\/2016\/08\/MG_9771-800x400.jpg\" \/><\/a>\n\t\t\t<\/div><\/figure><figure class='gallery-item'>\n\t\t\t<div class='gallery-icon landscape'>\n\t\t\t\t<a href='https:\/\/www.grieta.org.mx\/index.php\/2016\/08\/06\/dia-9-comparte-por-la-humanidad-caracol-de-la-realidad-3-de-agosto\/mg_9774-800x400\/'><img loading=\"lazy\" decoding=\"async\" width=\"300\" height=\"150\" src=\"https:\/\/www.grieta.org.mx\/wp-content\/uploads\/2016\/08\/MG_9774-800x400-300x150.jpg\" class=\"attachment-medium size-medium\" alt=\"\" srcset=\"https:\/\/www.grieta.org.mx\/wp-content\/uploads\/2016\/08\/MG_9774-800x400-300x150.jpg 300w, https:\/\/www.grieta.org.mx\/wp-content\/uploads\/2016\/08\/MG_9774-800x400-768x384.jpg 768w, https:\/\/www.grieta.org.mx\/wp-content\/uploads\/2016\/08\/MG_9774-800x400.jpg 800w\" sizes=\"auto, (max-width: 300px) 100vw, 300px\" data-attachment-id=\"18945\" data-permalink=\"https:\/\/www.grieta.org.mx\/index.php\/2016\/08\/06\/dia-9-comparte-por-la-humanidad-caracol-de-la-realidad-3-de-agosto\/mg_9774-800x400\/\" data-orig-file=\"https:\/\/www.grieta.org.mx\/wp-content\/uploads\/2016\/08\/MG_9774-800x400.jpg\" data-orig-size=\"800,400\" data-comments-opened=\"0\" data-image-meta=\"{&quot;aperture&quot;:&quot;0&quot;,&quot;credit&quot;:&quot;&quot;,&quot;camera&quot;:&quot;&quot;,&quot;caption&quot;:&quot;&quot;,&quot;created_timestamp&quot;:&quot;0&quot;,&quot;copyright&quot;:&quot;&quot;,&quot;focal_length&quot;:&quot;0&quot;,&quot;iso&quot;:&quot;0&quot;,&quot;shutter_speed&quot;:&quot;0&quot;,&quot;title&quot;:&quot;&quot;,&quot;orientation&quot;:&quot;0&quot;}\" data-image-title=\"MG_9774-800&amp;#215;400\" data-image-description=\"\" data-image-caption=\"\" data-medium-file=\"https:\/\/www.grieta.org.mx\/wp-content\/uploads\/2016\/08\/MG_9774-800x400-300x150.jpg\" data-large-file=\"https:\/\/www.grieta.org.mx\/wp-content\/uploads\/2016\/08\/MG_9774-800x400.jpg\" \/><\/a>\n\t\t\t<\/div><\/figure><figure class='gallery-item'>\n\t\t\t<div class='gallery-icon landscape'>\n\t\t\t\t<a href='https:\/\/www.grieta.org.mx\/index.php\/2016\/08\/06\/dia-9-comparte-por-la-humanidad-caracol-de-la-realidad-3-de-agosto\/mg_9778-800x400\/'><img loading=\"lazy\" decoding=\"async\" width=\"300\" height=\"150\" src=\"https:\/\/www.grieta.org.mx\/wp-content\/uploads\/2016\/08\/MG_9778-800x400-300x150.jpg\" class=\"attachment-medium size-medium\" alt=\"\" srcset=\"https:\/\/www.grieta.org.mx\/wp-content\/uploads\/2016\/08\/MG_9778-800x400-300x150.jpg 300w, https:\/\/www.grieta.org.mx\/wp-content\/uploads\/2016\/08\/MG_9778-800x400-768x384.jpg 768w, https:\/\/www.grieta.org.mx\/wp-content\/uploads\/2016\/08\/MG_9778-800x400.jpg 800w\" sizes=\"auto, (max-width: 300px) 100vw, 300px\" data-attachment-id=\"18946\" data-permalink=\"https:\/\/www.grieta.org.mx\/index.php\/2016\/08\/06\/dia-9-comparte-por-la-humanidad-caracol-de-la-realidad-3-de-agosto\/mg_9778-800x400\/\" data-orig-file=\"https:\/\/www.grieta.org.mx\/wp-content\/uploads\/2016\/08\/MG_9778-800x400.jpg\" data-orig-size=\"800,400\" data-comments-opened=\"0\" data-image-meta=\"{&quot;aperture&quot;:&quot;0&quot;,&quot;credit&quot;:&quot;&quot;,&quot;camera&quot;:&quot;&quot;,&quot;caption&quot;:&quot;&quot;,&quot;created_timestamp&quot;:&quot;0&quot;,&quot;copyright&quot;:&quot;&quot;,&quot;focal_length&quot;:&quot;0&quot;,&quot;iso&quot;:&quot;0&quot;,&quot;shutter_speed&quot;:&quot;0&quot;,&quot;title&quot;:&quot;&quot;,&quot;orientation&quot;:&quot;0&quot;}\" data-image-title=\"MG_9778-800&amp;#215;400\" data-image-description=\"\" data-image-caption=\"\" data-medium-file=\"https:\/\/www.grieta.org.mx\/wp-content\/uploads\/2016\/08\/MG_9778-800x400-300x150.jpg\" data-large-file=\"https:\/\/www.grieta.org.mx\/wp-content\/uploads\/2016\/08\/MG_9778-800x400.jpg\" \/><\/a>\n\t\t\t<\/div><\/figure><figure class='gallery-item'>\n\t\t\t<div class='gallery-icon landscape'>\n\t\t\t\t<a href='https:\/\/www.grieta.org.mx\/index.php\/2016\/08\/06\/dia-9-comparte-por-la-humanidad-caracol-de-la-realidad-3-de-agosto\/mg_9809-800x400\/'><img loading=\"lazy\" decoding=\"async\" width=\"300\" height=\"150\" src=\"https:\/\/www.grieta.org.mx\/wp-content\/uploads\/2016\/08\/MG_9809-800x400-300x150.jpg\" class=\"attachment-medium size-medium\" alt=\"\" srcset=\"https:\/\/www.grieta.org.mx\/wp-content\/uploads\/2016\/08\/MG_9809-800x400-300x150.jpg 300w, https:\/\/www.grieta.org.mx\/wp-content\/uploads\/2016\/08\/MG_9809-800x400-768x384.jpg 768w, https:\/\/www.grieta.org.mx\/wp-content\/uploads\/2016\/08\/MG_9809-800x400.jpg 800w\" sizes=\"auto, (max-width: 300px) 100vw, 300px\" data-attachment-id=\"18947\" data-permalink=\"https:\/\/www.grieta.org.mx\/index.php\/2016\/08\/06\/dia-9-comparte-por-la-humanidad-caracol-de-la-realidad-3-de-agosto\/mg_9809-800x400\/\" data-orig-file=\"https:\/\/www.grieta.org.mx\/wp-content\/uploads\/2016\/08\/MG_9809-800x400.jpg\" data-orig-size=\"800,400\" data-comments-opened=\"0\" data-image-meta=\"{&quot;aperture&quot;:&quot;0&quot;,&quot;credit&quot;:&quot;&quot;,&quot;camera&quot;:&quot;&quot;,&quot;caption&quot;:&quot;&quot;,&quot;created_timestamp&quot;:&quot;0&quot;,&quot;copyright&quot;:&quot;&quot;,&quot;focal_length&quot;:&quot;0&quot;,&quot;iso&quot;:&quot;0&quot;,&quot;shutter_speed&quot;:&quot;0&quot;,&quot;title&quot;:&quot;&quot;,&quot;orientation&quot;:&quot;0&quot;}\" data-image-title=\"MG_9809-800&amp;#215;400\" data-image-description=\"\" data-image-caption=\"\" data-medium-file=\"https:\/\/www.grieta.org.mx\/wp-content\/uploads\/2016\/08\/MG_9809-800x400-300x150.jpg\" data-large-file=\"https:\/\/www.grieta.org.mx\/wp-content\/uploads\/2016\/08\/MG_9809-800x400.jpg\" \/><\/a>\n\t\t\t<\/div><\/figure><figure class='gallery-item'>\n\t\t\t<div class='gallery-icon landscape'>\n\t\t\t\t<a href='https:\/\/www.grieta.org.mx\/index.php\/2016\/08\/06\/dia-9-comparte-por-la-humanidad-caracol-de-la-realidad-3-de-agosto\/mg_9814-800x400\/'><img loading=\"lazy\" decoding=\"async\" width=\"300\" height=\"150\" src=\"https:\/\/www.grieta.org.mx\/wp-content\/uploads\/2016\/08\/MG_9814-800x400-300x150.jpg\" class=\"attachment-medium size-medium\" alt=\"\" srcset=\"https:\/\/www.grieta.org.mx\/wp-content\/uploads\/2016\/08\/MG_9814-800x400-300x150.jpg 300w, https:\/\/www.grieta.org.mx\/wp-content\/uploads\/2016\/08\/MG_9814-800x400-768x384.jpg 768w, https:\/\/www.grieta.org.mx\/wp-content\/uploads\/2016\/08\/MG_9814-800x400.jpg 800w\" sizes=\"auto, (max-width: 300px) 100vw, 300px\" data-attachment-id=\"18948\" data-permalink=\"https:\/\/www.grieta.org.mx\/index.php\/2016\/08\/06\/dia-9-comparte-por-la-humanidad-caracol-de-la-realidad-3-de-agosto\/mg_9814-800x400\/\" data-orig-file=\"https:\/\/www.grieta.org.mx\/wp-content\/uploads\/2016\/08\/MG_9814-800x400.jpg\" data-orig-size=\"800,400\" data-comments-opened=\"0\" data-image-meta=\"{&quot;aperture&quot;:&quot;0&quot;,&quot;credit&quot;:&quot;&quot;,&quot;camera&quot;:&quot;&quot;,&quot;caption&quot;:&quot;&quot;,&quot;created_timestamp&quot;:&quot;0&quot;,&quot;copyright&quot;:&quot;&quot;,&quot;focal_length&quot;:&quot;0&quot;,&quot;iso&quot;:&quot;0&quot;,&quot;shutter_speed&quot;:&quot;0&quot;,&quot;title&quot;:&quot;&quot;,&quot;orientation&quot;:&quot;0&quot;}\" data-image-title=\"MG_9814-800&amp;#215;400\" data-image-description=\"\" data-image-caption=\"\" data-medium-file=\"https:\/\/www.grieta.org.mx\/wp-content\/uploads\/2016\/08\/MG_9814-800x400-300x150.jpg\" data-large-file=\"https:\/\/www.grieta.org.mx\/wp-content\/uploads\/2016\/08\/MG_9814-800x400.jpg\" \/><\/a>\n\t\t\t<\/div><\/figure><figure class='gallery-item'>\n\t\t\t<div class='gallery-icon landscape'>\n\t\t\t\t<a href='https:\/\/www.grieta.org.mx\/index.php\/2016\/08\/06\/dia-9-comparte-por-la-humanidad-caracol-de-la-realidad-3-de-agosto\/mg_9818-800x400\/'><img loading=\"lazy\" decoding=\"async\" width=\"300\" height=\"150\" src=\"https:\/\/www.grieta.org.mx\/wp-content\/uploads\/2016\/08\/MG_9818-800x400-300x150.jpg\" class=\"attachment-medium size-medium\" alt=\"\" srcset=\"https:\/\/www.grieta.org.mx\/wp-content\/uploads\/2016\/08\/MG_9818-800x400-300x150.jpg 300w, https:\/\/www.grieta.org.mx\/wp-content\/uploads\/2016\/08\/MG_9818-800x400-768x384.jpg 768w, https:\/\/www.grieta.org.mx\/wp-content\/uploads\/2016\/08\/MG_9818-800x400.jpg 800w\" sizes=\"auto, (max-width: 300px) 100vw, 300px\" data-attachment-id=\"18949\" data-permalink=\"https:\/\/www.grieta.org.mx\/index.php\/2016\/08\/06\/dia-9-comparte-por-la-humanidad-caracol-de-la-realidad-3-de-agosto\/mg_9818-800x400\/\" data-orig-file=\"https:\/\/www.grieta.org.mx\/wp-content\/uploads\/2016\/08\/MG_9818-800x400.jpg\" data-orig-size=\"800,400\" data-comments-opened=\"0\" data-image-meta=\"{&quot;aperture&quot;:&quot;0&quot;,&quot;credit&quot;:&quot;&quot;,&quot;camera&quot;:&quot;&quot;,&quot;caption&quot;:&quot;&quot;,&quot;created_timestamp&quot;:&quot;0&quot;,&quot;copyright&quot;:&quot;&quot;,&quot;focal_length&quot;:&quot;0&quot;,&quot;iso&quot;:&quot;0&quot;,&quot;shutter_speed&quot;:&quot;0&quot;,&quot;title&quot;:&quot;&quot;,&quot;orientation&quot;:&quot;0&quot;}\" data-image-title=\"MG_9818-800&amp;#215;400\" data-image-description=\"\" data-image-caption=\"\" data-medium-file=\"https:\/\/www.grieta.org.mx\/wp-content\/uploads\/2016\/08\/MG_9818-800x400-300x150.jpg\" data-large-file=\"https:\/\/www.grieta.org.mx\/wp-content\/uploads\/2016\/08\/MG_9818-800x400.jpg\" \/><\/a>\n\t\t\t<\/div><\/figure><figure class='gallery-item'>\n\t\t\t<div class='gallery-icon landscape'>\n\t\t\t\t<a href='https:\/\/www.grieta.org.mx\/index.php\/2016\/08\/06\/dia-9-comparte-por-la-humanidad-caracol-de-la-realidad-3-de-agosto\/mg_9821-800x400\/'><img loading=\"lazy\" decoding=\"async\" width=\"300\" height=\"150\" src=\"https:\/\/www.grieta.org.mx\/wp-content\/uploads\/2016\/08\/MG_9821-800x400-300x150.jpg\" class=\"attachment-medium size-medium\" alt=\"\" srcset=\"https:\/\/www.grieta.org.mx\/wp-content\/uploads\/2016\/08\/MG_9821-800x400-300x150.jpg 300w, https:\/\/www.grieta.org.mx\/wp-content\/uploads\/2016\/08\/MG_9821-800x400-768x384.jpg 768w, https:\/\/www.grieta.org.mx\/wp-content\/uploads\/2016\/08\/MG_9821-800x400.jpg 800w\" sizes=\"auto, (max-width: 300px) 100vw, 300px\" data-attachment-id=\"18950\" data-permalink=\"https:\/\/www.grieta.org.mx\/index.php\/2016\/08\/06\/dia-9-comparte-por-la-humanidad-caracol-de-la-realidad-3-de-agosto\/mg_9821-800x400\/\" data-orig-file=\"https:\/\/www.grieta.org.mx\/wp-content\/uploads\/2016\/08\/MG_9821-800x400.jpg\" data-orig-size=\"800,400\" data-comments-opened=\"0\" data-image-meta=\"{&quot;aperture&quot;:&quot;0&quot;,&quot;credit&quot;:&quot;&quot;,&quot;camera&quot;:&quot;&quot;,&quot;caption&quot;:&quot;&quot;,&quot;created_timestamp&quot;:&quot;0&quot;,&quot;copyright&quot;:&quot;&quot;,&quot;focal_length&quot;:&quot;0&quot;,&quot;iso&quot;:&quot;0&quot;,&quot;shutter_speed&quot;:&quot;0&quot;,&quot;title&quot;:&quot;&quot;,&quot;orientation&quot;:&quot;0&quot;}\" data-image-title=\"MG_9821-800&amp;#215;400\" data-image-description=\"\" data-image-caption=\"\" data-medium-file=\"https:\/\/www.grieta.org.mx\/wp-content\/uploads\/2016\/08\/MG_9821-800x400-300x150.jpg\" data-large-file=\"https:\/\/www.grieta.org.mx\/wp-content\/uploads\/2016\/08\/MG_9821-800x400.jpg\" \/><\/a>\n\t\t\t<\/div><\/figure><figure class='gallery-item'>\n\t\t\t<div class='gallery-icon landscape'>\n\t\t\t\t<a href='https:\/\/www.grieta.org.mx\/index.php\/2016\/08\/06\/dia-9-comparte-por-la-humanidad-caracol-de-la-realidad-3-de-agosto\/mg_9823-800x400\/'><img loading=\"lazy\" decoding=\"async\" width=\"300\" height=\"150\" src=\"https:\/\/www.grieta.org.mx\/wp-content\/uploads\/2016\/08\/MG_9823-800x400-300x150.jpg\" class=\"attachment-medium size-medium\" alt=\"\" srcset=\"https:\/\/www.grieta.org.mx\/wp-content\/uploads\/2016\/08\/MG_9823-800x400-300x150.jpg 300w, https:\/\/www.grieta.org.mx\/wp-content\/uploads\/2016\/08\/MG_9823-800x400-768x384.jpg 768w, https:\/\/www.grieta.org.mx\/wp-content\/uploads\/2016\/08\/MG_9823-800x400.jpg 800w\" sizes=\"auto, (max-width: 300px) 100vw, 300px\" data-attachment-id=\"18951\" data-permalink=\"https:\/\/www.grieta.org.mx\/index.php\/2016\/08\/06\/dia-9-comparte-por-la-humanidad-caracol-de-la-realidad-3-de-agosto\/mg_9823-800x400\/\" data-orig-file=\"https:\/\/www.grieta.org.mx\/wp-content\/uploads\/2016\/08\/MG_9823-800x400.jpg\" data-orig-size=\"800,400\" data-comments-opened=\"0\" data-image-meta=\"{&quot;aperture&quot;:&quot;0&quot;,&quot;credit&quot;:&quot;&quot;,&quot;camera&quot;:&quot;&quot;,&quot;caption&quot;:&quot;&quot;,&quot;created_timestamp&quot;:&quot;0&quot;,&quot;copyright&quot;:&quot;&quot;,&quot;focal_length&quot;:&quot;0&quot;,&quot;iso&quot;:&quot;0&quot;,&quot;shutter_speed&quot;:&quot;0&quot;,&quot;title&quot;:&quot;&quot;,&quot;orientation&quot;:&quot;0&quot;}\" data-image-title=\"MG_9823-800&amp;#215;400\" data-image-description=\"\" data-image-caption=\"\" data-medium-file=\"https:\/\/www.grieta.org.mx\/wp-content\/uploads\/2016\/08\/MG_9823-800x400-300x150.jpg\" data-large-file=\"https:\/\/www.grieta.org.mx\/wp-content\/uploads\/2016\/08\/MG_9823-800x400.jpg\" \/><\/a>\n\t\t\t<\/div><\/figure><figure class='gallery-item'>\n\t\t\t<div class='gallery-icon landscape'>\n\t\t\t\t<a href='https:\/\/www.grieta.org.mx\/index.php\/2016\/08\/06\/dia-9-comparte-por-la-humanidad-caracol-de-la-realidad-3-de-agosto\/mg_9824-800x400\/'><img loading=\"lazy\" decoding=\"async\" width=\"300\" height=\"150\" src=\"https:\/\/www.grieta.org.mx\/wp-content\/uploads\/2016\/08\/MG_9824-800x400-300x150.jpg\" class=\"attachment-medium size-medium\" alt=\"\" srcset=\"https:\/\/www.grieta.org.mx\/wp-content\/uploads\/2016\/08\/MG_9824-800x400-300x150.jpg 300w, https:\/\/www.grieta.org.mx\/wp-content\/uploads\/2016\/08\/MG_9824-800x400-768x384.jpg 768w, https:\/\/www.grieta.org.mx\/wp-content\/uploads\/2016\/08\/MG_9824-800x400.jpg 800w\" sizes=\"auto, (max-width: 300px) 100vw, 300px\" data-attachment-id=\"18952\" data-permalink=\"https:\/\/www.grieta.org.mx\/index.php\/2016\/08\/06\/dia-9-comparte-por-la-humanidad-caracol-de-la-realidad-3-de-agosto\/mg_9824-800x400\/\" data-orig-file=\"https:\/\/www.grieta.org.mx\/wp-content\/uploads\/2016\/08\/MG_9824-800x400.jpg\" data-orig-size=\"800,400\" data-comments-opened=\"0\" data-image-meta=\"{&quot;aperture&quot;:&quot;0&quot;,&quot;credit&quot;:&quot;&quot;,&quot;camera&quot;:&quot;&quot;,&quot;caption&quot;:&quot;&quot;,&quot;created_timestamp&quot;:&quot;0&quot;,&quot;copyright&quot;:&quot;&quot;,&quot;focal_length&quot;:&quot;0&quot;,&quot;iso&quot;:&quot;0&quot;,&quot;shutter_speed&quot;:&quot;0&quot;,&quot;title&quot;:&quot;&quot;,&quot;orientation&quot;:&quot;0&quot;}\" data-image-title=\"MG_9824-800&amp;#215;400\" data-image-description=\"\" data-image-caption=\"\" data-medium-file=\"https:\/\/www.grieta.org.mx\/wp-content\/uploads\/2016\/08\/MG_9824-800x400-300x150.jpg\" data-large-file=\"https:\/\/www.grieta.org.mx\/wp-content\/uploads\/2016\/08\/MG_9824-800x400.jpg\" \/><\/a>\n\t\t\t<\/div><\/figure><figure class='gallery-item'>\n\t\t\t<div class='gallery-icon landscape'>\n\t\t\t\t<a href='https:\/\/www.grieta.org.mx\/index.php\/2016\/08\/06\/dia-9-comparte-por-la-humanidad-caracol-de-la-realidad-3-de-agosto\/mg_9846-800x400\/'><img loading=\"lazy\" decoding=\"async\" width=\"300\" height=\"150\" src=\"https:\/\/www.grieta.org.mx\/wp-content\/uploads\/2016\/08\/MG_9846-800x400-300x150.jpg\" class=\"attachment-medium size-medium\" alt=\"\" srcset=\"https:\/\/www.grieta.org.mx\/wp-content\/uploads\/2016\/08\/MG_9846-800x400-300x150.jpg 300w, https:\/\/www.grieta.org.mx\/wp-content\/uploads\/2016\/08\/MG_9846-800x400-768x384.jpg 768w, https:\/\/www.grieta.org.mx\/wp-content\/uploads\/2016\/08\/MG_9846-800x400.jpg 800w\" sizes=\"auto, (max-width: 300px) 100vw, 300px\" data-attachment-id=\"18953\" data-permalink=\"https:\/\/www.grieta.org.mx\/index.php\/2016\/08\/06\/dia-9-comparte-por-la-humanidad-caracol-de-la-realidad-3-de-agosto\/mg_9846-800x400\/\" data-orig-file=\"https:\/\/www.grieta.org.mx\/wp-content\/uploads\/2016\/08\/MG_9846-800x400.jpg\" data-orig-size=\"800,400\" data-comments-opened=\"0\" data-image-meta=\"{&quot;aperture&quot;:&quot;0&quot;,&quot;credit&quot;:&quot;&quot;,&quot;camera&quot;:&quot;&quot;,&quot;caption&quot;:&quot;&quot;,&quot;created_timestamp&quot;:&quot;0&quot;,&quot;copyright&quot;:&quot;&quot;,&quot;focal_length&quot;:&quot;0&quot;,&quot;iso&quot;:&quot;0&quot;,&quot;shutter_speed&quot;:&quot;0&quot;,&quot;title&quot;:&quot;&quot;,&quot;orientation&quot;:&quot;0&quot;}\" data-image-title=\"MG_9846-800&amp;#215;400\" data-image-description=\"\" data-image-caption=\"\" data-medium-file=\"https:\/\/www.grieta.org.mx\/wp-content\/uploads\/2016\/08\/MG_9846-800x400-300x150.jpg\" data-large-file=\"https:\/\/www.grieta.org.mx\/wp-content\/uploads\/2016\/08\/MG_9846-800x400.jpg\" \/><\/a>\n\t\t\t<\/div><\/figure>\n\t\t<\/div>\n\n<p>Festival CompArte, Caracol I \u201cMadre de los caracoles del mar de nuestros sue\u00f1os\u201d<\/p>\n<p>Les hacemos llegar este trabajo realizado entre compa\u00f1eros y compa\u00f1eras de diferentes medios libres. La Realidad, el segundo caracol que presenta sus trabajos, el que se encuentra selva adentro, en el coraz\u00f3n de una larga historia de resistencia presenta su arte. Da vida a los abuelos y abuelas, a las y los que hoy resisten, y en especial a Galeano. El anhelo hecho arte fue presentado por sus pueblos y comunidades, sus grupos, regiones y municipios aut\u00f3nomos.<\/p>\n<p>Con estas palabras las compa\u00f1eras y compa\u00f1eros zapatistas del Caracol I dieron la bienvenida y apertura a la presentaci\u00f3n de los trabajos de la zona en el Festival CompArte. Primero en voz de un candidato a ser miembro del comit\u00e9 de la zona, dijeron:<\/p>\n<p>\u201cEl d\u00eda de hoy queremos mostrar los, las ni\u00f1as, los y las j\u00f3venes, los hombres y las mujeres, los, las ancianos, ancianos bases de apoyo del Ej\u00e9rcito Zapatista de Liberaci\u00f3n Nacional, nuestra forma de entender las artes que nunca antes lo hab\u00edamos demostrado ante el pueblo de M\u00e9xico y del Mundo. Arte nacido de nuestros corazones rebeldes, arte que expresa nuestros sentimientos de dignidad, arte que utilizamos como arma de lucha y para la construcci\u00f3n de la nueva casa que estamos construyendo con las muchas rebeld\u00edas que recorren M\u00e9xico y el Mundo. Un nuevo sistema donde se ejerza la otra Democracia, la otra Justicia y la otra Libertad.\u201d<\/p>\n<p>Los coordinadores de maestros de zona, tambi\u00e9n a nombre de todos y todas las compa\u00f1eras zapatistas de la zona y sus autoridades, agregaron a la presentaci\u00f3n:<\/p>\n<p>\u201cVamos a presentarles lo que sale de lo m\u00e1s profundo de nuestros corazones desde los pueblos rebeldes zapatistas. Lo que no podemos  expresar en discursos como pueblos orginarios, vamos a compartir con todos y todas ustedes en diferentes artes como son canciones, poes\u00edas, obras de teatro, bailables, pintura, escultura, alfarer\u00eda, artesan\u00eda y pensamientos. (\u2026) Creeemos que en este Festival CompArte por la Humanidad, compartimos alegr\u00edas, rebeld\u00edas y resistencias\u201d.<\/p>\n<p>Palabras de Bienvenida al \u201cFestival CompArte por la Humanidad\u201d<\/p>\n<audio class=\"wp-audio-shortcode\" id=\"audio-18901-1\" preload=\"none\" style=\"width: 100%;\" controls=\"controls\"><source type=\"audio\/mpeg\" src=\"http:\/\/radiozapatista.org\/Audios\/rzchiapas\/palabras_bienvenida_Editado.mp3?_=1\" \/><a href=\"http:\/\/radiozapatista.org\/Audios\/rzchiapas\/palabras_bienvenida_Editado.mp3\">http:\/\/radiozapatista.org\/Audios\/rzchiapas\/palabras_bienvenida_Editado.mp3<\/a><\/audio>\n<p>Lervin y Neimar del pueblo Jalisco, Regi\u00f3n 1 de Enero, Municipio de Tierra y Libertad, presentaron la canci\u00f3n \u201cestamos hasta la madre\u201d<\/p>\n<audio class=\"wp-audio-shortcode\" id=\"audio-18901-2\" preload=\"none\" style=\"width: 100%;\" controls=\"controls\"><source type=\"audio\/mpeg\" src=\"http:\/\/radiozapatista.org\/Audios\/rzchiapas\/cancion%20-estamoshastalamadre.mp3?_=2\" \/><a href=\"http:\/\/radiozapatista.org\/Audios\/rzchiapas\/cancion%20-estamoshastalamadre.mp3\">http:\/\/radiozapatista.org\/Audios\/rzchiapas\/cancion%20-estamoshastalamadre.mp3<\/a><\/audio>\n<p>\u201clos primos Rebeldes\u201d del Pueblo San Mart\u00edn, Regi\u00f3n 4, presentaron la canci\u00f3n \u201cla Justicia\u201d<\/p>\n<audio class=\"wp-audio-shortcode\" id=\"audio-18901-3\" preload=\"none\" style=\"width: 100%;\" controls=\"controls\"><source type=\"audio\/mpeg\" src=\"http:\/\/radiozapatista.org\/Audios\/rzchiapas\/cancion.MP3?_=3\" \/><a href=\"http:\/\/radiozapatista.org\/Audios\/rzchiapas\/cancion.MP3\">http:\/\/radiozapatista.org\/Audios\/rzchiapas\/cancion.MP3<\/a><\/audio>\n<p>Mario de la Region PAN, municipio autonomo rebelde San Pedro Michoac\u00e1n, present\u00f3 la canci\u00f3n \u201cel drag\u00f3n de 7 cabezas\u201d<\/p>\n<audio class=\"wp-audio-shortcode\" id=\"audio-18901-4\" preload=\"none\" style=\"width: 100%;\" controls=\"controls\"><source type=\"audio\/mpeg\" src=\"http:\/\/radiozapatista.org\/Audios\/rzchiapas\/cancion_dragonde7cabezas.MP3?_=4\" \/><a href=\"http:\/\/radiozapatista.org\/Audios\/rzchiapas\/cancion_dragonde7cabezas.MP3\">http:\/\/radiozapatista.org\/Audios\/rzchiapas\/cancion_dragonde7cabezas.MP3<\/a><\/audio>\n<p>Del pueblo Israel, Regi\u00f3n 3 rios, Municipio Libertad de los Pueblos Mayas, presentaron la canci\u00f3n \u201cla junta de Buen Gobierno\u201d<\/p>\n<audio class=\"wp-audio-shortcode\" id=\"audio-18901-5\" preload=\"none\" style=\"width: 100%;\" controls=\"controls\"><source type=\"audio\/mpeg\" src=\"http:\/\/radiozapatista.org\/Audios\/rzchiapas\/cancion_lajuntadebuengobierno.MP3?_=5\" \/><a href=\"http:\/\/radiozapatista.org\/Audios\/rzchiapas\/cancion_lajuntadebuengobierno.MP3\">http:\/\/radiozapatista.org\/Audios\/rzchiapas\/cancion_lajuntadebuengobierno.MP3<\/a><\/audio>\n<p>Hector, del pueblo Chico, Regi\u00f3n Entre Cerros, Mucipio Emiliano Zapata, present\u00f3 su canci\u00f3n \u201cLos Insurgentes\u201d<\/p>\n<audio class=\"wp-audio-shortcode\" id=\"audio-18901-6\" preload=\"none\" style=\"width: 100%;\" controls=\"controls\"><source type=\"audio\/mpeg\" src=\"http:\/\/radiozapatista.org\/Audios\/rzchiapas\/cancion_losinsurgentes.MP3?_=6\" \/><a href=\"http:\/\/radiozapatista.org\/Audios\/rzchiapas\/cancion_losinsurgentes.MP3\">http:\/\/radiozapatista.org\/Audios\/rzchiapas\/cancion_losinsurgentes.MP3<\/a><\/audio>\n<p>Compa\u00f1eros de la Region 1ro. de Enero, Tierra y Libertad presentaron su canci\u00f3n \u201cla maldita tormenta\u201d<\/p>\n<audio class=\"wp-audio-shortcode\" id=\"audio-18901-7\" preload=\"none\" style=\"width: 100%;\" controls=\"controls\"><source type=\"audio\/mpeg\" src=\"http:\/\/radiozapatista.org\/Audios\/rzchiapas\/cancion_malditatormenta.MP3?_=7\" \/><a href=\"http:\/\/radiozapatista.org\/Audios\/rzchiapas\/cancion_malditatormenta.MP3\">http:\/\/radiozapatista.org\/Audios\/rzchiapas\/cancion_malditatormenta.MP3<\/a><\/audio>\n<p>Grupo Juvenil \u201clos primos Rebeldes del Sur\u201d de la regi\u00f3n 3 rios, municipio Libertad de los Pueblos Mayas<\/p>\n<audio class=\"wp-audio-shortcode\" id=\"audio-18901-8\" preload=\"none\" style=\"width: 100%;\" controls=\"controls\"><source type=\"audio\/mpeg\" src=\"http:\/\/radiozapatista.org\/Audios\/rzchiapas\/cancion_rebeldesdelsur.MP3?_=8\" \/><a href=\"http:\/\/radiozapatista.org\/Audios\/rzchiapas\/cancion_rebeldesdelsur.MP3\">http:\/\/radiozapatista.org\/Audios\/rzchiapas\/cancion_rebeldesdelsur.MP3<\/a><\/audio>\n<p>Grupo \u201clos Dragones del Sur\u201d presentan su canci\u00f3n \u201cla conciencia de mi Pueblo\u201d<\/p>\n<audio class=\"wp-audio-shortcode\" id=\"audio-18901-9\" preload=\"none\" style=\"width: 100%;\" controls=\"controls\"><source type=\"audio\/mpeg\" src=\"http:\/\/radiozapatista.org\/Audios\/rzchiapas\/dragones_laconscienciademipueblo.MP3?_=9\" \/><a href=\"http:\/\/radiozapatista.org\/Audios\/rzchiapas\/dragones_laconscienciademipueblo.MP3\">http:\/\/radiozapatista.org\/Audios\/rzchiapas\/dragones_laconscienciademipueblo.MP3<\/a><\/audio>\n<p>Canci\u00f3n \u201c2 de Enero del 94\u201d de los \u201cDragones de la Selva\u201d<\/p>\n<audio class=\"wp-audio-shortcode\" id=\"audio-18901-10\" preload=\"none\" style=\"width: 100%;\" controls=\"controls\"><source type=\"audio\/mpeg\" src=\"http:\/\/radiozapatista.org\/Audios\/rzchiapas\/musica_2denerodel94.MP3?_=10\" \/><a href=\"http:\/\/radiozapatista.org\/Audios\/rzchiapas\/musica_2denerodel94.MP3\">http:\/\/radiozapatista.org\/Audios\/rzchiapas\/musica_2denerodel94.MP3<\/a><\/audio>\n<p>Henri y Nelsar del pueblo de Monte Nuevo, de la Regi\u00f3n Miguel Hidalgo, municipio de Tierra y Libertad, presntaron la cancion \u201cdespierten Hermanos\u201d<\/p>\n<audio class=\"wp-audio-shortcode\" id=\"audio-18901-11\" preload=\"none\" style=\"width: 100%;\" controls=\"controls\"><source type=\"audio\/mpeg\" src=\"http:\/\/radiozapatista.org\/Audios\/rzchiapas\/musica_despiertenhermanos.MP3?_=11\" \/><a href=\"http:\/\/radiozapatista.org\/Audios\/rzchiapas\/musica_despiertenhermanos.MP3\">http:\/\/radiozapatista.org\/Audios\/rzchiapas\/musica_despiertenhermanos.MP3<\/a><\/audio>\n<p>Wilfrido de la Region Sanaca del municipio autonomo Libertad de los Pueblos Mayas, present\u00f3 su cancion \u201cla tormenta\u201d<\/p>\n<audio class=\"wp-audio-shortcode\" id=\"audio-18901-12\" preload=\"none\" style=\"width: 100%;\" controls=\"controls\"><source type=\"audio\/mpeg\" src=\"http:\/\/radiozapatista.org\/Audios\/rzchiapas\/musica_latormenta.MP3?_=12\" \/><a href=\"http:\/\/radiozapatista.org\/Audios\/rzchiapas\/musica_latormenta.MP3\">http:\/\/radiozapatista.org\/Audios\/rzchiapas\/musica_latormenta.MP3<\/a><\/audio>\n<p>Grupo junevil \u201cLos Seguidores de la Lucha\u201d, presentaron la canci\u00f3n \u201clos 6 compa\u00f1eros\u201d<\/p>\n<audio class=\"wp-audio-shortcode\" id=\"audio-18901-13\" preload=\"none\" style=\"width: 100%;\" controls=\"controls\"><source type=\"audio\/mpeg\" src=\"http:\/\/radiozapatista.org\/Audios\/rzchiapas\/musica_losseiscompa%C3%B1eros.MP3?_=13\" \/><a href=\"http:\/\/radiozapatista.org\/Audios\/rzchiapas\/musica_losseiscompa%C3%B1eros.MP3\">http:\/\/radiozapatista.org\/Audios\/rzchiapas\/musica_losseiscompa%C3%B1eros.MP3<\/a><\/audio>\n<p>Compa\u00f1eros de pueblos Tojolabales, de la Region PAN presentaron musica tradicional de tambor.<\/p>\n<audio class=\"wp-audio-shortcode\" id=\"audio-18901-14\" preload=\"none\" style=\"width: 100%;\" controls=\"controls\"><source type=\"audio\/mpeg\" src=\"http:\/\/radiozapatista.org\/Audios\/rzchiapas\/musica_tambortojolabal.MP3?_=14\" \/><a href=\"http:\/\/radiozapatista.org\/Audios\/rzchiapas\/musica_tambortojolabal.MP3\">http:\/\/radiozapatista.org\/Audios\/rzchiapas\/musica_tambortojolabal.MP3<\/a><\/audio>\n<p>Palabras de un Compa\u00f1ero<\/p>\n<audio class=\"wp-audio-shortcode\" id=\"audio-18901-15\" preload=\"none\" style=\"width: 100%;\" controls=\"controls\"><source type=\"audio\/mpeg\" src=\"http:\/\/radiozapatista.org\/Audios\/rzchiapas\/palabras.MP3?_=15\" \/><a href=\"http:\/\/radiozapatista.org\/Audios\/rzchiapas\/palabras.MP3\">http:\/\/radiozapatista.org\/Audios\/rzchiapas\/palabras.MP3<\/a><\/audio>\n<p>Palabras del Compa\u00f1ero Rolando del Municipio Autonomo \u201cEmiliano Zapata\u201d, nos presenta su poes\u00eda \u201cla resistencia y la rebeld\u00eda\u201d<\/p>\n<audio class=\"wp-audio-shortcode\" id=\"audio-18901-16\" preload=\"none\" style=\"width: 100%;\" controls=\"controls\"><source type=\"audio\/mpeg\" src=\"http:\/\/radiozapatista.org\/Audios\/rzchiapas\/palabras_laresistenciaylarebeldia_Editado.mp3?_=16\" \/><a href=\"http:\/\/radiozapatista.org\/Audios\/rzchiapas\/palabras_laresistenciaylarebeldia_Editado.mp3\">http:\/\/radiozapatista.org\/Audios\/rzchiapas\/palabras_laresistenciaylarebeldia_Editado.mp3<\/a><\/audio>\n<p>Salvador del pueblo Plan de Ayala, Region PAN, municipio San Pedro Michoacan, comparti\u00f3 un pensamiento llamado \u201cCompa Galeano, siempre te recordaremos\u201d<\/p>\n<audio class=\"wp-audio-shortcode\" id=\"audio-18901-17\" preload=\"none\" style=\"width: 100%;\" controls=\"controls\"><source type=\"audio\/mpeg\" src=\"http:\/\/radiozapatista.org\/Audios\/rzchiapas\/pensamiento_compagaleanosiempre_Editado.mp3?_=17\" \/><a href=\"http:\/\/radiozapatista.org\/Audios\/rzchiapas\/pensamiento_compagaleanosiempre_Editado.mp3\">http:\/\/radiozapatista.org\/Audios\/rzchiapas\/pensamiento_compagaleanosiempre_Editado.mp3<\/a><\/audio>\n<p>Eliver del pueblo Israel, de la Region Belen, municipio San Pedro Michoacan, comparti\u00f3 su pensamiento \u201cel capitalismo opresor\u201d<\/p>\n<audio class=\"wp-audio-shortcode\" id=\"audio-18901-18\" preload=\"none\" style=\"width: 100%;\" controls=\"controls\"><source type=\"audio\/mpeg\" src=\"http:\/\/radiozapatista.org\/Audios\/rzchiapas\/pensamiento_elcapitalistaopresor_Editado.mp3?_=18\" \/><a href=\"http:\/\/radiozapatista.org\/Audios\/rzchiapas\/pensamiento_elcapitalistaopresor_Editado.mp3\">http:\/\/radiozapatista.org\/Audios\/rzchiapas\/pensamiento_elcapitalistaopresor_Editado.mp3<\/a><\/audio>\n<p>Hugo, del Pueblo Jord\u00e1n de la Regi\u00f3n https:\/\/radiozapatista.org\/wp-admin\/post.php?post=18181&#038;action=editSanaca, municipio Libertad de los Pueblos Mayas, present\u00f3 su pensamiento \u201cla autonom\u00eda de nuestros pueblos indigenas, originarios de estas tierras\u201d<\/p>\n<audio class=\"wp-audio-shortcode\" id=\"audio-18901-19\" preload=\"none\" style=\"width: 100%;\" controls=\"controls\"><source type=\"audio\/mpeg\" src=\"http:\/\/radiozapatista.org\/Audios\/rzchiapas\/pensamiento_laautonomia%202_Editado.mp3?_=19\" \/><a href=\"http:\/\/radiozapatista.org\/Audios\/rzchiapas\/pensamiento_laautonomia%202_Editado.mp3\">http:\/\/radiozapatista.org\/Audios\/rzchiapas\/pensamiento_laautonomia%202_Editado.mp3<\/a><\/audio>\n<p>Compa\u00f1ero de Pueblo Chico de la Regi\u00f3n Entre Cerros, municipio autonomo \u201cEmiliano Zapata\u201d, present\u00f3 su poes\u00eda \u201ccompa\u00f1ero Galeano\u201d<\/p>\n<audio class=\"wp-audio-shortcode\" id=\"audio-18901-20\" preload=\"none\" style=\"width: 100%;\" controls=\"controls\"><source type=\"audio\/mpeg\" src=\"http:\/\/radiozapatista.org\/Audios\/rzchiapas\/poesia_compa%C3%B1erogaleano_Editado.mp3?_=20\" \/><a href=\"http:\/\/radiozapatista.org\/Audios\/rzchiapas\/poesia_compa%C3%B1erogaleano_Editado.mp3\">http:\/\/radiozapatista.org\/Audios\/rzchiapas\/poesia_compa%C3%B1erogaleano_Editado.mp3<\/a><\/audio>\n<p>Hubilio present\u00f3 la poes\u00eda \u201cel pensamiento esta en el pueblo\u201d<\/p>\n<audio class=\"wp-audio-shortcode\" id=\"audio-18901-21\" preload=\"none\" style=\"width: 100%;\" controls=\"controls\"><source type=\"audio\/mpeg\" src=\"http:\/\/radiozapatista.org\/Audios\/rzchiapas\/poesia_elpensamientoestaenelpueblo_Editado.mp3?_=21\" \/><a href=\"http:\/\/radiozapatista.org\/Audios\/rzchiapas\/poesia_elpensamientoestaenelpueblo_Editado.mp3\">http:\/\/radiozapatista.org\/Audios\/rzchiapas\/poesia_elpensamientoestaenelpueblo_Editado.mp3<\/a><\/audio>\n<p>Eder, del pueblo San Jose de la Region Entre Cerros, del municipio \u201cEmiliano Zapata\u201d, present\u00f3 su poes\u00eda \u201ccompa\u00f1ero Galeano\u201d<\/p>\n<audio class=\"wp-audio-shortcode\" id=\"audio-18901-22\" preload=\"none\" style=\"width: 100%;\" controls=\"controls\"><source type=\"audio\/mpeg\" src=\"http:\/\/radiozapatista.org\/Audios\/rzchiapas\/poesia_compa%C3%B1erogaleano2_Editado.mp3?_=22\" \/><a href=\"http:\/\/radiozapatista.org\/Audios\/rzchiapas\/poesia_compa%C3%B1erogaleano2_Editado.mp3\">http:\/\/radiozapatista.org\/Audios\/rzchiapas\/poesia_compa%C3%B1erogaleano2_Editado.mp3<\/a><\/audio>\n<p>Leonel, del pueblo LLanuras de la Region PAN, municipio San Pedro Michoac\u00e1n, present\u00f3 su poes\u00eda \u201cla hidra\u201d<\/p>\n<audio class=\"wp-audio-shortcode\" id=\"audio-18901-23\" preload=\"none\" style=\"width: 100%;\" controls=\"controls\"><source type=\"audio\/mpeg\" src=\"http:\/\/radiozapatista.org\/Audios\/rzchiapas\/poesia_lahidra_Editado.mp3?_=23\" \/><a href=\"http:\/\/radiozapatista.org\/Audios\/rzchiapas\/poesia_lahidra_Editado.mp3\">http:\/\/radiozapatista.org\/Audios\/rzchiapas\/poesia_lahidra_Editado.mp3<\/a><\/audio>\n<p>Victor\u00eda de la Regi\u00f3n PAN, del municipio San Pedro Michoac\u00e1n, present\u00f3 su poes\u00eda \u201cla Resistencia\u201d<\/p>\n<audio class=\"wp-audio-shortcode\" id=\"audio-18901-24\" preload=\"none\" style=\"width: 100%;\" controls=\"controls\"><source type=\"audio\/mpeg\" src=\"http:\/\/radiozapatista.org\/Audios\/rzchiapas\/poesia_laresistencia_Editado.mp3?_=24\" \/><a href=\"http:\/\/radiozapatista.org\/Audios\/rzchiapas\/poesia_laresistencia_Editado.mp3\">http:\/\/radiozapatista.org\/Audios\/rzchiapas\/poesia_laresistencia_Editado.mp3<\/a><\/audio>\n<p>Ismael de la Regi\u00f3n Miguel Hidalgo, municipio Tierra y Libertad, present\u00f3 su poes\u00eda \u201cla semilla Zapatista\u201d<\/p>\n<audio class=\"wp-audio-shortcode\" id=\"audio-18901-25\" preload=\"none\" style=\"width: 100%;\" controls=\"controls\"><source type=\"audio\/mpeg\" src=\"http:\/\/radiozapatista.org\/Audios\/rzchiapas\/poesia_lasemillazapatista_Editado.mp3?_=25\" \/><a href=\"http:\/\/radiozapatista.org\/Audios\/rzchiapas\/poesia_lasemillazapatista_Editado.mp3\">http:\/\/radiozapatista.org\/Audios\/rzchiapas\/poesia_lasemillazapatista_Editado.mp3<\/a><\/audio>\n<p>Abenamar, del pueblo Israel, de la Region 3 Rios, municpio Libertad de los Pueblos Mayas, present\u00f3 su poes\u00eda \u201clucha compa\u00f1era Nuestra\u201d<\/p>\n<audio class=\"wp-audio-shortcode\" id=\"audio-18901-26\" preload=\"none\" style=\"width: 100%;\" controls=\"controls\"><source type=\"audio\/mpeg\" src=\"http:\/\/radiozapatista.org\/Audios\/rzchiapas\/poesia_luchacompa%C3%B1eranuestra_Editado.mp3?_=26\" \/><a href=\"http:\/\/radiozapatista.org\/Audios\/rzchiapas\/poesia_luchacompa%C3%B1eranuestra_Editado.mp3\">http:\/\/radiozapatista.org\/Audios\/rzchiapas\/poesia_luchacompa%C3%B1eranuestra_Editado.mp3<\/a><\/audio>\n<p>Ricardo, de la regi\u00f3n 1ro. de Enero, present\u00f3 la poes\u00eda \u201cNos Hicimos Zapatistas\u201d<\/p>\n<audio class=\"wp-audio-shortcode\" id=\"audio-18901-27\" preload=\"none\" style=\"width: 100%;\" controls=\"controls\"><source type=\"audio\/mpeg\" src=\"http:\/\/radiozapatista.org\/Audios\/rzchiapas\/poesia_noshicimoszapatistas_Editado.mp3?_=27\" \/><a href=\"http:\/\/radiozapatista.org\/Audios\/rzchiapas\/poesia_noshicimoszapatistas_Editado.mp3\">http:\/\/radiozapatista.org\/Audios\/rzchiapas\/poesia_noshicimoszapatistas_Editado.mp3<\/a><\/audio>\n<p>Compa\u00f1era del Pueblo Sina\u00ed, de la Regi\u00f3n Entre Cerros, present\u00f3 la poes\u00eda \u201cPara Despertar a las Mujeres\u201d<\/p>\n<audio class=\"wp-audio-shortcode\" id=\"audio-18901-28\" preload=\"none\" style=\"width: 100%;\" controls=\"controls\"><source type=\"audio\/mpeg\" src=\"http:\/\/radiozapatista.org\/Audios\/rzchiapas\/poesia_paradespertaralasmujeres_editado.mp3?_=28\" \/><a href=\"http:\/\/radiozapatista.org\/Audios\/rzchiapas\/poesia_paradespertaralasmujeres_editado.mp3\">http:\/\/radiozapatista.org\/Audios\/rzchiapas\/poesia_paradespertaralasmujeres_editado.mp3<\/a><\/audio>\n<p>Luc\u00eda de la Regi\u00f3n Entre Cerros, del Rancho la Victor\u00eda, present\u00f3 su poes\u00eda \u201cPedro Comandante Amigo\u201d<\/p>\n<audio class=\"wp-audio-shortcode\" id=\"audio-18901-29\" preload=\"none\" style=\"width: 100%;\" controls=\"controls\"><source type=\"audio\/mpeg\" src=\"http:\/\/radiozapatista.org\/Audios\/rzchiapas\/poesia_pedrocomandanteamigo_Editado.mp3?_=29\" \/><a href=\"http:\/\/radiozapatista.org\/Audios\/rzchiapas\/poesia_pedrocomandanteamigo_Editado.mp3\">http:\/\/radiozapatista.org\/Audios\/rzchiapas\/poesia_pedrocomandanteamigo_Editado.mp3<\/a><\/audio>\n<p>Compa\u00f1erito de la Region PAN, present\u00f3 su poes\u00eda \u201cQuienes Somos\u201d<\/p>\n<audio class=\"wp-audio-shortcode\" id=\"audio-18901-30\" preload=\"none\" style=\"width: 100%;\" controls=\"controls\"><source type=\"audio\/mpeg\" src=\"http:\/\/radiozapatista.org\/Audios\/rzchiapas\/poesia_quienessomos_Editado.mp3?_=30\" \/><a href=\"http:\/\/radiozapatista.org\/Audios\/rzchiapas\/poesia_quienessomos_Editado.mp3\">http:\/\/radiozapatista.org\/Audios\/rzchiapas\/poesia_quienessomos_Editado.mp3<\/a><\/audio>\n<p>poes\u00eda \u201cvamos compa\u00f1eros\u201d<\/p>\n<audio class=\"wp-audio-shortcode\" id=\"audio-18901-31\" preload=\"none\" style=\"width: 100%;\" controls=\"controls\"><source type=\"audio\/mpeg\" src=\"http:\/\/radiozapatista.org\/Audios\/rzchiapas\/poesia_vamoscompa%C3%B1eros_Editado.mp3?_=31\" \/><a href=\"http:\/\/radiozapatista.org\/Audios\/rzchiapas\/poesia_vamoscompa%C3%B1eros_Editado.mp3\">http:\/\/radiozapatista.org\/Audios\/rzchiapas\/poesia_vamoscompa%C3%B1eros_Editado.mp3<\/a><\/audio>\n<p>Compa\u00f1era del Caracol de la Realidad nos da sus Palabras de Despedida<\/p>\n<audio class=\"wp-audio-shortcode\" id=\"audio-18901-32\" preload=\"none\" style=\"width: 100%;\" controls=\"controls\"><source type=\"audio\/mpeg\" src=\"http:\/\/radiozapatista.org\/Audios\/rzchiapas\/palabras_de_despedida_editado.mp3?_=32\" \/><a href=\"http:\/\/radiozapatista.org\/Audios\/rzchiapas\/palabras_de_despedida_editado.mp3\">http:\/\/radiozapatista.org\/Audios\/rzchiapas\/palabras_de_despedida_editado.mp3<\/a><\/audio>\n<p><a href=\"http:\/\/radiozapatista.org\/?p=18181\" target=\"_blank\">http:\/\/radiozapatista.org\/?p=18181<\/a><\/p>\n","protected":false},"excerpt":{"rendered":"<p>Festival CompARTE por la humanidad 3 de agosto de 2016 Caracol de La Realidad, Chiapas Festival CompArte, Caracol I \u201cMadre de los caracoles del mar de nuestros sue\u00f1os\u201d Les hacemos &hellip; <a href=\"https:\/\/www.grieta.org.mx\/index.php\/2016\/08\/06\/dia-9-comparte-por-la-humanidad-caracol-de-la-realidad-3-de-agosto\/\" class=\"more-link\">Leer m\u00e1s<\/a><\/p>\n","protected":false},"author":2,"featured_media":21928,"comment_status":"closed","ping_status":"closed","sticky":false,"template":"","format":"standard","meta":{"ngg_post_thumbnail":0,"_jetpack_newsletter_access":"","_jetpack_dont_email_post_to_subs":false,"_jetpack_newsletter_tier_id":0,"_jetpack_memberships_contains_paywalled_content":false,"_jetpack_memberships_contains_paid_content":false,"footnotes":""},"categories":[80,817],"tags":[818],"class_list":["post-18901","post","type-post","status-publish","format-standard","has-post-thumbnail","hentry","category-cintillo","category-festival-comparte-por-la-humanidad","tag-festival-comparte","entry"],"jetpack_featured_media_url":"https:\/\/www.grieta.org.mx\/wp-content\/uploads\/2018\/03\/14524434_1106112876131411_958039263622046936_o.jpg","jetpack_sharing_enabled":true,"jetpack_shortlink":"https:\/\/wp.me\/p7ZJR4-4UR","jetpack_likes_enabled":false,"jetpack-related-posts":[{"id":18864,"url":"https:\/\/www.grieta.org.mx\/index.php\/2016\/08\/05\/participaciones-del-ezln-en-el-festival-comparte-3-de-agosto-la-realidad\/","url_meta":{"origin":18901,"position":0},"title":"Participaciones del EZLN en el festival CompArte. 3 de agosto, La Realidad","author":"grieta","date":"5 agosto, 2016","format":false,"excerpt":"Tambores zapatistas en el Caracol de La Realidad #CompArte Bailable \"Las 13 Demandas Zapatistas\" en el Caracol de La Realidad #CompArte Bailable de la siembra del maiz, #CompArte en el Caracol de La Realidad Canci\u00f3n \"Despierta Pueblo\", Caracol de La Realidad, #CompArte Cancion Nuestra Gente en el Caracol de la\u2026","rel":"","context":"En &quot;CINTILLO&quot;","block_context":{"text":"CINTILLO","link":"https:\/\/www.grieta.org.mx\/index.php\/category\/cintillo\/"},"img":{"alt_text":"","src":"https:\/\/i0.wp.com\/www.grieta.org.mx\/wp-content\/uploads\/2018\/03\/14524434_1106112876131411_958039263622046936_o.jpg?resize=350%2C200&ssl=1","width":350,"height":200,"srcset":"https:\/\/i0.wp.com\/www.grieta.org.mx\/wp-content\/uploads\/2018\/03\/14524434_1106112876131411_958039263622046936_o.jpg?resize=350%2C200&ssl=1 1x, https:\/\/i0.wp.com\/www.grieta.org.mx\/wp-content\/uploads\/2018\/03\/14524434_1106112876131411_958039263622046936_o.jpg?resize=525%2C300&ssl=1 1.5x, https:\/\/i0.wp.com\/www.grieta.org.mx\/wp-content\/uploads\/2018\/03\/14524434_1106112876131411_958039263622046936_o.jpg?resize=700%2C400&ssl=1 2x"},"classes":[]},{"id":18867,"url":"https:\/\/www.grieta.org.mx\/index.php\/2016\/08\/04\/festival-comparte-en-el-caracol-zapatista-de-la-realidad-chiapas\/","url_meta":{"origin":18901,"position":1},"title":"Festival CompArte en el caracol zapatista de La Realidad, Chiapas","author":"grieta","date":"4 agosto, 2016","format":false,"excerpt":"Pozol Chiapas, M\u00e9xico. 4 de agosto. El festival compArte por la humanidad contin\u00faa, esta vez la sede fue el caracol I \u201cMadre de los caracoles del mar de nuestros sue\u00f1os\u201d. Bases de apoyo del EZLN de las diferentes comunidades aut\u00f3nomas que conforman la zona, a trav\u00e9s de sus obras de\u2026","rel":"","context":"En &quot;CINTILLO&quot;","block_context":{"text":"CINTILLO","link":"https:\/\/www.grieta.org.mx\/index.php\/category\/cintillo\/"},"img":{"alt_text":"","src":"https:\/\/i0.wp.com\/www.grieta.org.mx\/wp-content\/uploads\/2018\/03\/14524434_1106112876131411_958039263622046936_o.jpg?resize=350%2C200&ssl=1","width":350,"height":200,"srcset":"https:\/\/i0.wp.com\/www.grieta.org.mx\/wp-content\/uploads\/2018\/03\/14524434_1106112876131411_958039263622046936_o.jpg?resize=350%2C200&ssl=1 1x, https:\/\/i0.wp.com\/www.grieta.org.mx\/wp-content\/uploads\/2018\/03\/14524434_1106112876131411_958039263622046936_o.jpg?resize=525%2C300&ssl=1 1.5x, https:\/\/i0.wp.com\/www.grieta.org.mx\/wp-content\/uploads\/2018\/03\/14524434_1106112876131411_958039263622046936_o.jpg?resize=700%2C400&ssl=1 2x"},"classes":[]},{"id":19557,"url":"https:\/\/www.grieta.org.mx\/index.php\/2016\/08\/12\/participaciones-del-ezln-en-el-festival-comparte-9-de-agosto-morelia\/","url_meta":{"origin":18901,"position":2},"title":"Participaciones del EZLN en el festival CompArte. 9 de agosto, Morelia","author":"grieta","date":"12 agosto, 2016","format":false,"excerpt":"Palabras de inauguraci\u00f3n del CompArte zapatista del Caracol de Morelia El 9 de agosto de 2016, al cumplirse 13 a\u00f1os de la fundaci\u00f3n de las Juntas de Buen Gobierno Zapatistas, se realiz\u00f3 el CompArte zapatista del Caracol de Morelia, estas son las palabras de inauguraci\u00f3n. Festejando la Resistencia. El Festival\u2026","rel":"","context":"En &quot;CINTILLO&quot;","block_context":{"text":"CINTILLO","link":"https:\/\/www.grieta.org.mx\/index.php\/category\/cintillo\/"},"img":{"alt_text":"","src":"https:\/\/i0.wp.com\/www.grieta.org.mx\/wp-content\/uploads\/2018\/03\/14524434_1106112876131411_958039263622046936_o.jpg?resize=350%2C200&ssl=1","width":350,"height":200,"srcset":"https:\/\/i0.wp.com\/www.grieta.org.mx\/wp-content\/uploads\/2018\/03\/14524434_1106112876131411_958039263622046936_o.jpg?resize=350%2C200&ssl=1 1x, https:\/\/i0.wp.com\/www.grieta.org.mx\/wp-content\/uploads\/2018\/03\/14524434_1106112876131411_958039263622046936_o.jpg?resize=525%2C300&ssl=1 1.5x, https:\/\/i0.wp.com\/www.grieta.org.mx\/wp-content\/uploads\/2018\/03\/14524434_1106112876131411_958039263622046936_o.jpg?resize=700%2C400&ssl=1 2x"},"classes":[]},{"id":19066,"url":"https:\/\/www.grieta.org.mx\/index.php\/2016\/08\/08\/dia-10-comparte-por-la-humanidad-caracol-de-la-garrucha-6-de-agosto\/","url_meta":{"origin":18901,"position":3},"title":"D\u00eda 10 \u2013 CompARTE por la humanidad \u2013 Caracol de La Garrucha (6 de agosto) (Audios)","author":"grieta","date":"8 agosto, 2016","format":false,"excerpt":"Festival CompARTE por la humanidad 6 de agosto de 2016 Caracol de La Garrucha, Chiapas Ahora fue el Caracol III, que tiene su sede en La Garrucha, el encargado de presentar su Arte elaborado con el trabajo colectivo de su resistencia. Pensamientos, canciones, poes\u00edas, obras de teatro mostraron la memoria\u2026","rel":"","context":"En &quot;CINTILLO&quot;","block_context":{"text":"CINTILLO","link":"https:\/\/www.grieta.org.mx\/index.php\/category\/cintillo\/"},"img":{"alt_text":"","src":"https:\/\/i0.wp.com\/www.grieta.org.mx\/wp-content\/uploads\/2018\/03\/14524434_1106112876131411_958039263622046936_o.jpg?resize=350%2C200&ssl=1","width":350,"height":200,"srcset":"https:\/\/i0.wp.com\/www.grieta.org.mx\/wp-content\/uploads\/2018\/03\/14524434_1106112876131411_958039263622046936_o.jpg?resize=350%2C200&ssl=1 1x, https:\/\/i0.wp.com\/www.grieta.org.mx\/wp-content\/uploads\/2018\/03\/14524434_1106112876131411_958039263622046936_o.jpg?resize=525%2C300&ssl=1 1.5x, https:\/\/i0.wp.com\/www.grieta.org.mx\/wp-content\/uploads\/2018\/03\/14524434_1106112876131411_958039263622046936_o.jpg?resize=700%2C400&ssl=1 2x"},"classes":[]},{"id":19110,"url":"https:\/\/www.grieta.org.mx\/index.php\/2016\/08\/08\/participaciones-del-ezln-en-el-festival-comparte-6-de-agosto-la-garrucha\/","url_meta":{"origin":18901,"position":4},"title":"Participaciones del EZLN en el festival CompArte. 6 de agosto, La Garrucha","author":"grieta","date":"8 agosto, 2016","format":false,"excerpt":"Bailable Zapatista: festival compARTE en la Garrucha Bailable \"los derechos de la mujer\" Municipio Autonomo Rebelde Zapatista San Manuel, Caracol La Garrucha Tzeltales y orgullosamente Zapatista Canci\u00f3n \"La Tormenta Capitalista\", #CompArte, Caracol La Garrucha Este 6 de agosto de 2016 se realiz\u00f3 la siguiente fecha del CompArte, en el Caracol\u2026","rel":"","context":"En &quot;CINTILLO&quot;","block_context":{"text":"CINTILLO","link":"https:\/\/www.grieta.org.mx\/index.php\/category\/cintillo\/"},"img":{"alt_text":"","src":"https:\/\/i0.wp.com\/www.grieta.org.mx\/wp-content\/uploads\/2018\/03\/14524434_1106112876131411_958039263622046936_o.jpg?resize=350%2C200&ssl=1","width":350,"height":200,"srcset":"https:\/\/i0.wp.com\/www.grieta.org.mx\/wp-content\/uploads\/2018\/03\/14524434_1106112876131411_958039263622046936_o.jpg?resize=350%2C200&ssl=1 1x, https:\/\/i0.wp.com\/www.grieta.org.mx\/wp-content\/uploads\/2018\/03\/14524434_1106112876131411_958039263622046936_o.jpg?resize=525%2C300&ssl=1 1.5x, https:\/\/i0.wp.com\/www.grieta.org.mx\/wp-content\/uploads\/2018\/03\/14524434_1106112876131411_958039263622046936_o.jpg?resize=700%2C400&ssl=1 2x"},"classes":[]},{"id":19570,"url":"https:\/\/www.grieta.org.mx\/index.php\/2016\/08\/14\/palabras-del-subcomandante-moises-en-la-clausura-del-comparte-en-el-caracol-de-roberto-barrios-audio\/","url_meta":{"origin":18901,"position":5},"title":"Palabras del Subcomandante Moises en la clausura del CompArte en el Caracol de Roberto Barrios (Audio)","author":"grieta","date":"14 agosto, 2016","format":false,"excerpt":"","rel":"","context":"En &quot;CINTILLO&quot;","block_context":{"text":"CINTILLO","link":"https:\/\/www.grieta.org.mx\/index.php\/category\/cintillo\/"},"img":{"alt_text":"","src":"https:\/\/i0.wp.com\/www.grieta.org.mx\/wp-content\/uploads\/2018\/03\/14524434_1106112876131411_958039263622046936_o.jpg?resize=350%2C200&ssl=1","width":350,"height":200,"srcset":"https:\/\/i0.wp.com\/www.grieta.org.mx\/wp-content\/uploads\/2018\/03\/14524434_1106112876131411_958039263622046936_o.jpg?resize=350%2C200&ssl=1 1x, https:\/\/i0.wp.com\/www.grieta.org.mx\/wp-content\/uploads\/2018\/03\/14524434_1106112876131411_958039263622046936_o.jpg?resize=525%2C300&ssl=1 1.5x, https:\/\/i0.wp.com\/www.grieta.org.mx\/wp-content\/uploads\/2018\/03\/14524434_1106112876131411_958039263622046936_o.jpg?resize=700%2C400&ssl=1 2x"},"classes":[]}],"_links":{"self":[{"href":"https:\/\/www.grieta.org.mx\/index.php\/wp-json\/wp\/v2\/posts\/18901","targetHints":{"allow":["GET"]}}],"collection":[{"href":"https:\/\/www.grieta.org.mx\/index.php\/wp-json\/wp\/v2\/posts"}],"about":[{"href":"https:\/\/www.grieta.org.mx\/index.php\/wp-json\/wp\/v2\/types\/post"}],"author":[{"embeddable":true,"href":"https:\/\/www.grieta.org.mx\/index.php\/wp-json\/wp\/v2\/users\/2"}],"replies":[{"embeddable":true,"href":"https:\/\/www.grieta.org.mx\/index.php\/wp-json\/wp\/v2\/comments?post=18901"}],"version-history":[{"count":1,"href":"https:\/\/www.grieta.org.mx\/index.php\/wp-json\/wp\/v2\/posts\/18901\/revisions"}],"predecessor-version":[{"id":18956,"href":"https:\/\/www.grieta.org.mx\/index.php\/wp-json\/wp\/v2\/posts\/18901\/revisions\/18956"}],"wp:featuredmedia":[{"embeddable":true,"href":"https:\/\/www.grieta.org.mx\/index.php\/wp-json\/wp\/v2\/media\/21928"}],"wp:attachment":[{"href":"https:\/\/www.grieta.org.mx\/index.php\/wp-json\/wp\/v2\/media?parent=18901"}],"wp:term":[{"taxonomy":"category","embeddable":true,"href":"https:\/\/www.grieta.org.mx\/index.php\/wp-json\/wp\/v2\/categories?post=18901"},{"taxonomy":"post_tag","embeddable":true,"href":"https:\/\/www.grieta.org.mx\/index.php\/wp-json\/wp\/v2\/tags?post=18901"}],"curies":[{"name":"wp","href":"https:\/\/api.w.org\/{rel}","templated":true}]}}