{"id":18898,"date":"2016-08-05T17:51:43","date_gmt":"2016-08-05T22:51:43","guid":{"rendered":"http:\/\/www.grieta.org.mx\/?p=18898"},"modified":"2016-08-06T17:55:12","modified_gmt":"2016-08-06T22:55:12","slug":"congreso-nacional-indigena-repudia-energicamente-el-hostigamiento-que-esta-sufriendo-la-comunidad-chol-del-ejido-tila-en-chiapas","status":"publish","type":"post","link":"https:\/\/www.grieta.org.mx\/index.php\/2016\/08\/05\/congreso-nacional-indigena-repudia-energicamente-el-hostigamiento-que-esta-sufriendo-la-comunidad-chol-del-ejido-tila-en-chiapas\/","title":{"rendered":"Congreso Nacional Ind\u00edgena repudia en\u00e9rgicamente el hostigamiento que est\u00e1 sufriendo la comunidad Chol del ejido Tila en Chiapas"},"content":{"rendered":"<p>A los pueblos del mundo<br \/>\nA la Sexta Nacional e Internacional<br \/>\nA los medios libres de comunicaci\u00f3n.<\/p>\n<p>Los pueblos, naciones, barrios y tribus que conformamos el Congreso Nacional Ind\u00edgena, repudiamos en\u00e9rgicamente el hostigamiento que est\u00e1 sufriendo la comunidad Chol del ejido Tila, en el estado de Chiapas, resaltando la provocaci\u00f3n ocurrida mediante el operativo orquestado entre fuerzas militares  y policiacas alrededor de las 18:20 horas del d\u00eda 2 de agosto de 2016, cuyo objetivo era el de intimidar a los compa\u00f1eros que se encontraban cercamos a las ruinas en las que se encuentran las instalaciones que hab\u00eda construido ilegalmente el Ayuntamiento Municipal.<\/p>\n<p>A bordo de tres veh\u00edculos militares y acompa\u00f1ados de partidistas y miembros del Ayuntamiento, los malos gobiernos pretenden influir el miedo para que el digno pueblo de Tila siga construyendo su autonom\u00eda desde la libre determinaci\u00f3n y desde abajo, donde han refundado su autogobierno con apego a la defensa de la tierra.<\/p>\n<p>Advertimos que los partidistas y el Ayuntamiento han fomentado la rearticulaci\u00f3n y fortalecimiento del grupo paramilitar de Paz y Justicia, lo que acompa\u00f1ado de las incursiones militares en d\u00edas recientes, dan cuenta de la guerra contrainsurgente que persiste en la zona en contra de los pueblos originarios de Chiapas que deciden organizarse y no permitir mas despojo por los malos gobiernos.<\/p>\n<p>Responsabilizamos a los tres niveles del mal gobierno de cualquier agresi\u00f3n que puedan sufrir nuestr@s herman@s de Tila, cuya autonom\u00eda y territorio se encuentran plenamente respaldados agrariamente y por sus derechos ancestrales como pueblo originario.<\/p>\n<p>Al pueblo Chol de Tila, le decimos que no est\u00e1 solo, que en el Congreso Nacional Ind\u00edgena sabemos de su importante lucha y que en todo momento estaremos con ustedes.<\/p>\n<p>Por la Reconstituci\u00f3n Integral De Nuestros Pueblos<br \/>\nNunca Mas Un M\u00e9xico Sin Nosotros<br \/>\nAgosto de 2016<br \/>\nCongreso Nacional Ind\u00edgena<\/p>\n<p><a href=\"http:\/\/enlacezapatista.ezln.org.mx\/2016\/08\/05\/congreso-nacional-indigena-repudia-energicamente-el-hostigamiento-que-esta-sufriendo-la-comunidad-chol-del-ejido-tila-en-chiapas\/\" target=\"_blank\">http:\/\/enlacezapatista.ezln.org.mx\/2016\/08\/05\/congreso-nacional-indigena-repudia-energicamente-el-hostigamiento-que-esta-sufriendo-la-comunidad-chol-del-ejido-tila-en-chiapas\/<\/a><\/p>\n","protected":false},"excerpt":{"rendered":"<p>A los pueblos del mundo A la Sexta Nacional e Internacional A los medios libres de comunicaci\u00f3n. Los pueblos, naciones, barrios y tribus que conformamos el Congreso Nacional Ind\u00edgena, repudiamos &hellip; <a href=\"https:\/\/www.grieta.org.mx\/index.php\/2016\/08\/05\/congreso-nacional-indigena-repudia-energicamente-el-hostigamiento-que-esta-sufriendo-la-comunidad-chol-del-ejido-tila-en-chiapas\/\" class=\"more-link\">Leer m\u00e1s<\/a><\/p>\n","protected":false},"author":2,"featured_media":21928,"comment_status":"closed","ping_status":"closed","sticky":false,"template":"","format":"standard","meta":{"ngg_post_thumbnail":0,"_jetpack_newsletter_access":"","_jetpack_dont_email_post_to_subs":false,"_jetpack_newsletter_tier_id":0,"_jetpack_memberships_contains_paywalled_content":false,"_jetpack_memberships_contains_paid_content":false,"footnotes":""},"categories":[80,79],"tags":[],"class_list":["post-18898","post","type-post","status-publish","format-standard","has-post-thumbnail","hentry","category-cintillo","category-cni","entry"],"jetpack_featured_media_url":"https:\/\/www.grieta.org.mx\/wp-content\/uploads\/2018\/03\/14524434_1106112876131411_958039263622046936_o.jpg","jetpack_sharing_enabled":true,"jetpack_shortlink":"https:\/\/wp.me\/p7ZJR4-4UO","jetpack_likes_enabled":false,"jetpack-related-posts":[{"id":53304,"url":"https:\/\/www.grieta.org.mx\/index.php\/2020\/09\/14\/comunicado-del-cni-cig-ante-los-hechos-ocurridos-en-tila-chiapas\/","url_meta":{"origin":18898,"position":0},"title":"Comunicado del CNI-CIG ante los hechos ocurridos en Tila, Chiapas.","author":"grieta","date":"14 septiembre, 2020","format":false,"excerpt":"Al pueblo de M\u00e9xico A los pueblos del mundo A la Sexta Nacional e Internacional A los medios de comunicaci\u00f3n \u00a0 Con dolor y rabia denunciamos el cobarde ataque en el que fue asesinado el compa\u00f1ero Pedro Alejandro Jim\u00e9nez P\u00e9rez, del ejido Tila, Chiapas el pasado d\u00eda 11 de septiembre,\u2026","rel":"","context":"En &quot;CINTILLO&quot;","block_context":{"text":"CINTILLO","link":"https:\/\/www.grieta.org.mx\/index.php\/category\/cintillo\/"},"img":{"alt_text":"","src":"https:\/\/i0.wp.com\/www.grieta.org.mx\/wp-content\/uploads\/2020\/09\/logo-CNI-To.png?resize=350%2C200&ssl=1","width":350,"height":200,"srcset":"https:\/\/i0.wp.com\/www.grieta.org.mx\/wp-content\/uploads\/2020\/09\/logo-CNI-To.png?resize=350%2C200&ssl=1 1x, https:\/\/i0.wp.com\/www.grieta.org.mx\/wp-content\/uploads\/2020\/09\/logo-CNI-To.png?resize=525%2C300&ssl=1 1.5x"},"classes":[]},{"id":3433,"url":"https:\/\/www.grieta.org.mx\/index.php\/2015\/12\/20\/frente-a-la-tormenta-que-se-avecina\/","url_meta":{"origin":18898,"position":1},"title":"Frente a la tormenta que se avecina","author":"grieta","date":"20 diciembre, 2015","format":false,"excerpt":"A los Pueblos, Naciones, Tribus y Barrios que integran el Congreso Nacional Ind\u00edgena; A la Sexta Nacional e Internacional A los pueblos de M\u00e9xico y el Mundo Frente a la tormenta que se avecina Este 16 de diciembre nuestros hermanas y hermanos del pueblo ch\u2019ol del Ejido Tila, en la\u2026","rel":"","context":"En &quot;CNI&quot;","block_context":{"text":"CNI","link":"https:\/\/www.grieta.org.mx\/index.php\/category\/cni\/"},"img":{"alt_text":"","src":"https:\/\/i0.wp.com\/www.grieta.org.mx\/wp-content\/uploads\/2018\/03\/14524434_1106112876131411_958039263622046936_o.jpg?resize=350%2C200&ssl=1","width":350,"height":200,"srcset":"https:\/\/i0.wp.com\/www.grieta.org.mx\/wp-content\/uploads\/2018\/03\/14524434_1106112876131411_958039263622046936_o.jpg?resize=350%2C200&ssl=1 1x, https:\/\/i0.wp.com\/www.grieta.org.mx\/wp-content\/uploads\/2018\/03\/14524434_1106112876131411_958039263622046936_o.jpg?resize=525%2C300&ssl=1 1.5x, https:\/\/i0.wp.com\/www.grieta.org.mx\/wp-content\/uploads\/2018\/03\/14524434_1106112876131411_958039263622046936_o.jpg?resize=700%2C400&ssl=1 2x"},"classes":[]},{"id":68320,"url":"https:\/\/www.grieta.org.mx\/index.php\/2024\/01\/13\/el-cni-publica-denuncia-del-ejido-tila-ante-los-asesinatos-en-el-ejido-tila\/","url_meta":{"origin":18898,"position":2},"title":"EL CNI PUBLICA DENUNCIA DEL EJIDO TILA ANTE LOS ASESINATOS EN EL EJIDO TILA","author":"grieta","date":"13 enero, 2024","format":false,"excerpt":"Denuncia publicada en la p\u00e1gina del Congreso Nacional Ind\u00edgena Ejido Tila, Chiapas, M\u00e9xico; a 13 de enero de 2024 Denuncia publica A la opini\u00f3n publica A los derechos humanos nacional e internacional no gubernamental A los pueblos originarios en defensa de la tierra el territorio y la vida A los\u2026","rel":"","context":"En &quot;CINTILLO&quot;","block_context":{"text":"CINTILLO","link":"https:\/\/www.grieta.org.mx\/index.php\/category\/cintillo\/"},"img":{"alt_text":"","src":"https:\/\/i0.wp.com\/www.grieta.org.mx\/wp-content\/uploads\/2024\/01\/CNI_nuncamas.jpg?resize=350%2C200&ssl=1","width":350,"height":200,"srcset":"https:\/\/i0.wp.com\/www.grieta.org.mx\/wp-content\/uploads\/2024\/01\/CNI_nuncamas.jpg?resize=350%2C200&ssl=1 1x, https:\/\/i0.wp.com\/www.grieta.org.mx\/wp-content\/uploads\/2024\/01\/CNI_nuncamas.jpg?resize=525%2C300&ssl=1 1.5x"},"classes":[]},{"id":42461,"url":"https:\/\/www.grieta.org.mx\/index.php\/2019\/12\/23\/la-lucha-que-ahora-estamos-haciendo-es-por-la-vida-foro-ezln-cni-cig\/","url_meta":{"origin":18898,"position":3},"title":"\u201cLa lucha que ahora estamos haciendo es por la vida\u201d, Foro EZLN CNI-CIG","author":"grieta","date":"23 diciembre, 2019","format":false,"excerpt":"Radio Pozol \/ Foto e informaci\u00f3n: CNI San Crist\u00f3bal de las Casas, Chiapas. 21 de diciembre. \u201cNosotros como Ejido Tila, estamos en defensa de tierra y territorio y en camino de la autonom\u00eda y autogobierno, a pesar del constante acoso, represi\u00f3n y sabotaje legal del mal gobierno. Creemos lo que\u2026","rel":"","context":"En &quot;CINTILLO&quot;","block_context":{"text":"CINTILLO","link":"https:\/\/www.grieta.org.mx\/index.php\/category\/cintillo\/"},"img":{"alt_text":"","src":"https:\/\/i0.wp.com\/www.grieta.org.mx\/wp-content\/uploads\/2019\/12\/A-2.jpg?resize=350%2C200&ssl=1","width":350,"height":200,"srcset":"https:\/\/i0.wp.com\/www.grieta.org.mx\/wp-content\/uploads\/2019\/12\/A-2.jpg?resize=350%2C200&ssl=1 1x, https:\/\/i0.wp.com\/www.grieta.org.mx\/wp-content\/uploads\/2019\/12\/A-2.jpg?resize=525%2C300&ssl=1 1.5x, https:\/\/i0.wp.com\/www.grieta.org.mx\/wp-content\/uploads\/2019\/12\/A-2.jpg?resize=700%2C400&ssl=1 2x"},"classes":[]},{"id":3451,"url":"https:\/\/www.grieta.org.mx\/index.php\/2015\/12\/20\/comunicado-del-ejido-tila-de-diciembre-de-2015\/","url_meta":{"origin":18898,"position":4},"title":"Comunicado del Ejido Tila de diciembre de 2015","author":"grieta","date":"20 diciembre, 2015","format":false,"excerpt":"COMUNICADO EJIDO TILA DE DICIEMBRE DEL 2015 A LOS MEDIOS DE COMUNICACI\u00d3N, NACIONAL E INTERNACIONAL A LOS LUCHADORES SOCIALES DE MEXICO Y DEL MUNDO. AL CONGRESO NACIONAL INDIGENA. C N I. A LA COMISION SEXTA DEL EZLN A LOS DERECHOS HUMANOS NO GUBERNAMENTALES LES QUEREMOS INFORMAR QUE LA ASAMBLEA GENERAL\u2026","rel":"","context":"En &quot;CNI&quot;","block_context":{"text":"CNI","link":"https:\/\/www.grieta.org.mx\/index.php\/category\/cni\/"},"img":{"alt_text":"","src":"https:\/\/i0.wp.com\/www.grieta.org.mx\/wp-content\/uploads\/2018\/03\/14524434_1106112876131411_958039263622046936_o.jpg?resize=350%2C200&ssl=1","width":350,"height":200,"srcset":"https:\/\/i0.wp.com\/www.grieta.org.mx\/wp-content\/uploads\/2018\/03\/14524434_1106112876131411_958039263622046936_o.jpg?resize=350%2C200&ssl=1 1x, https:\/\/i0.wp.com\/www.grieta.org.mx\/wp-content\/uploads\/2018\/03\/14524434_1106112876131411_958039263622046936_o.jpg?resize=525%2C300&ssl=1 1.5x, https:\/\/i0.wp.com\/www.grieta.org.mx\/wp-content\/uploads\/2018\/03\/14524434_1106112876131411_958039263622046936_o.jpg?resize=700%2C400&ssl=1 2x"},"classes":[]},{"id":56998,"url":"https:\/\/www.grieta.org.mx\/index.php\/2021\/02\/16\/accion-urgente-denuncia-de-agresiones-y-detencion-arbitraria-contra-integrantes-del-congreso-nacional-indigena-en-ocosingo-chiapas-15-febrero-2021\/","url_meta":{"origin":18898,"position":5},"title":"Acci\u00f3n urgente. Denuncia de agresiones y detenci\u00f3n arbitraria contra integrantes del Congreso Nacional Ind\u00edgena en Ocosingo, Chiapas. 15 febrero, 2021","author":"grieta","date":"16 febrero, 2021","format":false,"excerpt":"Ocosingo, Chiapas, M\u00e9xico. 15 de febrero de 2021 Al pueblo de M\u00e9xico A las organizaciones defensoras de los derechos humanos A los medios de comunicaci\u00f3n Al Congreso Nacional Ind\u00edgena y su Concejo Ind\u00edgena de Gobierno Al Ejercito Zapatista de Liberaci\u00f3n Nacional Nosotros, compa\u00f1eros en resistencia JOS\u00c9 ESPINOZA G\u00d3MEZ, JOS\u00c9 ALFREDO\u2026","rel":"","context":"En &quot;CINTILLO&quot;","block_context":{"text":"CINTILLO","link":"https:\/\/www.grieta.org.mx\/index.php\/category\/cintillo\/"},"img":{"alt_text":"","src":"https:\/\/i0.wp.com\/www.grieta.org.mx\/wp-content\/uploads\/2020\/06\/logo-CNI-To.png?resize=350%2C200&ssl=1","width":350,"height":200,"srcset":"https:\/\/i0.wp.com\/www.grieta.org.mx\/wp-content\/uploads\/2020\/06\/logo-CNI-To.png?resize=350%2C200&ssl=1 1x, https:\/\/i0.wp.com\/www.grieta.org.mx\/wp-content\/uploads\/2020\/06\/logo-CNI-To.png?resize=525%2C300&ssl=1 1.5x"},"classes":[]}],"_links":{"self":[{"href":"https:\/\/www.grieta.org.mx\/index.php\/wp-json\/wp\/v2\/posts\/18898","targetHints":{"allow":["GET"]}}],"collection":[{"href":"https:\/\/www.grieta.org.mx\/index.php\/wp-json\/wp\/v2\/posts"}],"about":[{"href":"https:\/\/www.grieta.org.mx\/index.php\/wp-json\/wp\/v2\/types\/post"}],"author":[{"embeddable":true,"href":"https:\/\/www.grieta.org.mx\/index.php\/wp-json\/wp\/v2\/users\/2"}],"replies":[{"embeddable":true,"href":"https:\/\/www.grieta.org.mx\/index.php\/wp-json\/wp\/v2\/comments?post=18898"}],"version-history":[{"count":1,"href":"https:\/\/www.grieta.org.mx\/index.php\/wp-json\/wp\/v2\/posts\/18898\/revisions"}],"predecessor-version":[{"id":18899,"href":"https:\/\/www.grieta.org.mx\/index.php\/wp-json\/wp\/v2\/posts\/18898\/revisions\/18899"}],"wp:featuredmedia":[{"embeddable":true,"href":"https:\/\/www.grieta.org.mx\/index.php\/wp-json\/wp\/v2\/media\/21928"}],"wp:attachment":[{"href":"https:\/\/www.grieta.org.mx\/index.php\/wp-json\/wp\/v2\/media?parent=18898"}],"wp:term":[{"taxonomy":"category","embeddable":true,"href":"https:\/\/www.grieta.org.mx\/index.php\/wp-json\/wp\/v2\/categories?post=18898"},{"taxonomy":"post_tag","embeddable":true,"href":"https:\/\/www.grieta.org.mx\/index.php\/wp-json\/wp\/v2\/tags?post=18898"}],"curies":[{"name":"wp","href":"https:\/\/api.w.org\/{rel}","templated":true}]}}