{"id":18893,"date":"2016-04-06T13:08:02","date_gmt":"2016-04-06T18:08:02","guid":{"rendered":"http:\/\/www.grieta.org.mx\/?p=18893"},"modified":"2016-08-06T13:29:11","modified_gmt":"2016-08-06T18:29:11","slug":"acusan-presiones-para-abaratar-tierras-destinadas-a-toyota-en-guanajuato-3","status":"publish","type":"post","link":"https:\/\/www.grieta.org.mx\/index.php\/2016\/04\/06\/acusan-presiones-para-abaratar-tierras-destinadas-a-toyota-en-guanajuato-3\/","title":{"rendered":"Acusan presiones para abaratar tierras destinadas a Toyota en Guanajuato"},"content":{"rendered":"<p><strong>06\/04\/16. <\/strong><a href=\"http:\/\/www.grieta.org.mx\/index.php\/2016\/04\/06\/acusan-presiones-para-abaratar-tierras-destinadas-a-toyota-en-guanajuato-2\/\">Acusan presiones para abaratar tierras destinadas a Toyota en Guanajuato<\/a><em>proceso<\/em><\/p>\n","protected":false},"excerpt":{"rendered":"<p>06\/04\/16. Acusan presiones para abaratar tierras destinadas a Toyota en Guanajuatoproceso<\/p>\n","protected":false},"author":2,"featured_media":21928,"comment_status":"closed","ping_status":"closed","sticky":false,"template":"","format":"standard","meta":{"ngg_post_thumbnail":0,"_jetpack_newsletter_access":"","_jetpack_dont_email_post_to_subs":false,"_jetpack_newsletter_tier_id":0,"_jetpack_memberships_contains_paywalled_content":false,"_jetpack_memberships_contains_paid_content":false,"footnotes":""},"categories":[17,2],"tags":[],"class_list":["post-18893","post","type-post","status-publish","format-standard","has-post-thumbnail","hentry","category-guanajuato","category-noticias-nacionales","entry"],"jetpack_featured_media_url":"https:\/\/www.grieta.org.mx\/wp-content\/uploads\/2018\/03\/14524434_1106112876131411_958039263622046936_o.jpg","jetpack_sharing_enabled":true,"jetpack_shortlink":"https:\/\/wp.me\/p7ZJR4-4UJ","jetpack_likes_enabled":false,"jetpack-related-posts":[{"id":17941,"url":"https:\/\/www.grieta.org.mx\/index.php\/2016\/04\/26\/acusan-presiones-para-abaratar-tierras-destinadas-a-toyota-en-guanajuato\/","url_meta":{"origin":18893,"position":0},"title":"Acusan presiones para abaratar tierras destinadas a Toyota en Guanajuato","author":"grieta","date":"26 abril, 2016","format":false,"excerpt":"POR VER\u00d3NICA ESPINOSA GUANAJUATO, Gto., (apro).- Representantes del ejido Caleras de Ameche, en el municipio de Apaseo el Grande, denunciaron los afanes especulativos que en su perjuicio ha desatado el gobierno del estado en la adquisici\u00f3n de terrenos donde se instalar\u00e1 la nueva planta de la armadora Toyota, proceso que\u2026","rel":"","context":"En &quot;CINTILLO&quot;","block_context":{"text":"CINTILLO","link":"https:\/\/www.grieta.org.mx\/index.php\/category\/cintillo\/"},"img":{"alt_text":"","src":"https:\/\/i0.wp.com\/www.grieta.org.mx\/wp-content\/uploads\/2018\/03\/14524434_1106112876131411_958039263622046936_o.jpg?resize=350%2C200&ssl=1","width":350,"height":200,"srcset":"https:\/\/i0.wp.com\/www.grieta.org.mx\/wp-content\/uploads\/2018\/03\/14524434_1106112876131411_958039263622046936_o.jpg?resize=350%2C200&ssl=1 1x, https:\/\/i0.wp.com\/www.grieta.org.mx\/wp-content\/uploads\/2018\/03\/14524434_1106112876131411_958039263622046936_o.jpg?resize=525%2C300&ssl=1 1.5x, https:\/\/i0.wp.com\/www.grieta.org.mx\/wp-content\/uploads\/2018\/03\/14524434_1106112876131411_958039263622046936_o.jpg?resize=700%2C400&ssl=1 2x"},"classes":[]},{"id":18891,"url":"https:\/\/www.grieta.org.mx\/index.php\/2016\/04\/06\/acusan-presiones-para-abaratar-tierras-destinadas-a-toyota-en-guanajuato-2\/","url_meta":{"origin":18893,"position":1},"title":"Acusan presiones para abaratar tierras destinadas a Toyota en Guanajuato","author":"grieta","date":"6 abril, 2016","format":false,"excerpt":"POR VER\u00d3NICA ESPINOSA GUANAJUATO, Gto., (apro).- Representantes del ejido Caleras de Ameche, en el municipio de Apaseo el Grande, denunciaron los afanes especulativos que en su perjuicio ha desatado el gobierno del estado en la adquisici\u00f3n de terrenos donde se instalar\u00e1 la nueva planta de la armadora Toyota, proceso que\u2026","rel":"","context":"En &quot;CINTILLO&quot;","block_context":{"text":"CINTILLO","link":"https:\/\/www.grieta.org.mx\/index.php\/category\/cintillo\/"},"img":{"alt_text":"","src":"https:\/\/i0.wp.com\/www.grieta.org.mx\/wp-content\/uploads\/2018\/03\/14524434_1106112876131411_958039263622046936_o.jpg?resize=350%2C200&ssl=1","width":350,"height":200,"srcset":"https:\/\/i0.wp.com\/www.grieta.org.mx\/wp-content\/uploads\/2018\/03\/14524434_1106112876131411_958039263622046936_o.jpg?resize=350%2C200&ssl=1 1x, https:\/\/i0.wp.com\/www.grieta.org.mx\/wp-content\/uploads\/2018\/03\/14524434_1106112876131411_958039263622046936_o.jpg?resize=525%2C300&ssl=1 1.5x, https:\/\/i0.wp.com\/www.grieta.org.mx\/wp-content\/uploads\/2018\/03\/14524434_1106112876131411_958039263622046936_o.jpg?resize=700%2C400&ssl=1 2x"},"classes":[]},{"id":5327,"url":"https:\/\/www.grieta.org.mx\/index.php\/2015\/12\/01\/toyota-pidio-expropiacion-de-tierras-como-condicion-para-instalarse-en-guanajuato\/","url_meta":{"origin":18893,"position":2},"title":"Toyota pidi\u00f3 expropiaci\u00f3n de tierras como condici\u00f3n para instalarse en Guanajuato","author":"grieta","date":"1 diciembre, 2015","format":false,"excerpt":"Vanya de la Cruz, Le\u00f3n, Gto. El secretario de Desarrollo Econ\u00f3mico Sustentable, Guillermo Romero Pacheco, afirm\u00f3 que la expropiaci\u00f3n de las tierras que ser\u00e1n donadas a Toyota por parte del gobierno del estado fue una de las condicionantes que puso la empresa automotriz. Esto luego de que se diera a\u2026","rel":"","context":"En &quot;CINTILLO&quot;","block_context":{"text":"CINTILLO","link":"https:\/\/www.grieta.org.mx\/index.php\/category\/cintillo\/"},"img":{"alt_text":"","src":"https:\/\/i0.wp.com\/www.grieta.org.mx\/wp-content\/uploads\/2018\/03\/14524434_1106112876131411_958039263622046936_o.jpg?resize=350%2C200&ssl=1","width":350,"height":200,"srcset":"https:\/\/i0.wp.com\/www.grieta.org.mx\/wp-content\/uploads\/2018\/03\/14524434_1106112876131411_958039263622046936_o.jpg?resize=350%2C200&ssl=1 1x, https:\/\/i0.wp.com\/www.grieta.org.mx\/wp-content\/uploads\/2018\/03\/14524434_1106112876131411_958039263622046936_o.jpg?resize=525%2C300&ssl=1 1.5x, https:\/\/i0.wp.com\/www.grieta.org.mx\/wp-content\/uploads\/2018\/03\/14524434_1106112876131411_958039263622046936_o.jpg?resize=700%2C400&ssl=1 2x"},"classes":[]},{"id":63510,"url":"https:\/\/www.grieta.org.mx\/index.php\/2022\/02\/24\/acusan-represalias-en-mazda-salamanca-tras-despido-de-280-trabajadores-guanajuato\/","url_meta":{"origin":18893,"position":3},"title":"Acusan represalias en Mazda Salamanca tras despido de 280 trabajadores (Guanajuato","author":"grieta","date":"24 febrero, 2022","format":false,"excerpt":"Por: Redacci\u00f3n\/El Pulso Laboral, 24 de febrero de 2022 Otro conflicto laboral de grandes proporciones toca la puerta en el Baj\u00edo mexicano, ahora protagonizado por trabajadores de la empresa Mazda planta Salamanca, quienes acusan 280 despidos injustificados. El Movimiento Industrial Automotriz Independiente (MIAI) aglutina a un grupo de trabajadores de\u2026","rel":"","context":"En &quot;CINTILLO&quot;","block_context":{"text":"CINTILLO","link":"https:\/\/www.grieta.org.mx\/index.php\/category\/cintillo\/"},"img":{"alt_text":"","src":"https:\/\/i0.wp.com\/www.grieta.org.mx\/wp-content\/uploads\/2022\/02\/284UO_MAZDA.jpg?resize=350%2C200&ssl=1","width":350,"height":200,"srcset":"https:\/\/i0.wp.com\/www.grieta.org.mx\/wp-content\/uploads\/2022\/02\/284UO_MAZDA.jpg?resize=350%2C200&ssl=1 1x, https:\/\/i0.wp.com\/www.grieta.org.mx\/wp-content\/uploads\/2022\/02\/284UO_MAZDA.jpg?resize=525%2C300&ssl=1 1.5x, https:\/\/i0.wp.com\/www.grieta.org.mx\/wp-content\/uploads\/2022\/02\/284UO_MAZDA.jpg?resize=700%2C400&ssl=1 2x, https:\/\/i0.wp.com\/www.grieta.org.mx\/wp-content\/uploads\/2022\/02\/284UO_MAZDA.jpg?resize=1050%2C600&ssl=1 3x"},"classes":[]},{"id":33402,"url":"https:\/\/www.grieta.org.mx\/index.php\/2019\/04\/24\/city-center-contamina-agua-de-los-carcamos-acusan-activistas-guanajuato\/","url_meta":{"origin":18893,"position":4},"title":"City Center contamina agua de los C\u00e1rcamos, acusan activistas (Guanajuato)","author":"grieta","date":"24 abril, 2019","format":false,"excerpt":"El agua que la empresa vierte al humedal, est\u00e1 matando peces y aves Carolina Esqueda, 24 de Abril de 2019 \/ C\u00f3digosNews Le\u00f3n, Guanajuato.- En el agua del humedal del parque Los C\u00e1rcamos apareci\u00f3 una nata aceitosa. Organizaciones medioambientales que integran la plataforma 'Salvemos el Humedal' aseguran que la formaci\u00f3n\u2026","rel":"","context":"En &quot;CINTILLO&quot;","block_context":{"text":"CINTILLO","link":"https:\/\/www.grieta.org.mx\/index.php\/category\/cintillo\/"},"img":{"alt_text":"","src":"https:\/\/i0.wp.com\/www.grieta.org.mx\/wp-content\/uploads\/2019\/05\/771f4-24-abril2019-humedal_3.jpg?resize=350%2C200&ssl=1","width":350,"height":200,"srcset":"https:\/\/i0.wp.com\/www.grieta.org.mx\/wp-content\/uploads\/2019\/05\/771f4-24-abril2019-humedal_3.jpg?resize=350%2C200&ssl=1 1x, https:\/\/i0.wp.com\/www.grieta.org.mx\/wp-content\/uploads\/2019\/05\/771f4-24-abril2019-humedal_3.jpg?resize=525%2C300&ssl=1 1.5x, https:\/\/i0.wp.com\/www.grieta.org.mx\/wp-content\/uploads\/2019\/05\/771f4-24-abril2019-humedal_3.jpg?resize=700%2C400&ssl=1 2x"},"classes":[]},{"id":5329,"url":"https:\/\/www.grieta.org.mx\/index.php\/2015\/11\/27\/protestan-en-guanajuato-por-la-donacion-de-terrenos-a-toyota\/","url_meta":{"origin":18893,"position":5},"title":"Protestan en Guanajuato por la donaci\u00f3n de terrenos a Toyota","author":"grieta","date":"27 noviembre, 2015","format":false,"excerpt":"Carmen Pizano, Guanajuato, Gto. Habitantes de la zona 12 de la colonia Las Joyas, correspondiente al municipio de Le\u00f3n, se manifestaron en Guanajuato capital para exigir la regularizaci\u00f3n de la zona en que residen. Alrededor de 100 personas caminaron desde el Congreso del Estado hasta palacio de gobierno para exigir\u2026","rel":"","context":"En &quot;CINTILLO&quot;","block_context":{"text":"CINTILLO","link":"https:\/\/www.grieta.org.mx\/index.php\/category\/cintillo\/"},"img":{"alt_text":"","src":"https:\/\/i0.wp.com\/www.grieta.org.mx\/wp-content\/uploads\/2018\/03\/14524434_1106112876131411_958039263622046936_o.jpg?resize=350%2C200&ssl=1","width":350,"height":200,"srcset":"https:\/\/i0.wp.com\/www.grieta.org.mx\/wp-content\/uploads\/2018\/03\/14524434_1106112876131411_958039263622046936_o.jpg?resize=350%2C200&ssl=1 1x, https:\/\/i0.wp.com\/www.grieta.org.mx\/wp-content\/uploads\/2018\/03\/14524434_1106112876131411_958039263622046936_o.jpg?resize=525%2C300&ssl=1 1.5x, https:\/\/i0.wp.com\/www.grieta.org.mx\/wp-content\/uploads\/2018\/03\/14524434_1106112876131411_958039263622046936_o.jpg?resize=700%2C400&ssl=1 2x"},"classes":[]}],"_links":{"self":[{"href":"https:\/\/www.grieta.org.mx\/index.php\/wp-json\/wp\/v2\/posts\/18893","targetHints":{"allow":["GET"]}}],"collection":[{"href":"https:\/\/www.grieta.org.mx\/index.php\/wp-json\/wp\/v2\/posts"}],"about":[{"href":"https:\/\/www.grieta.org.mx\/index.php\/wp-json\/wp\/v2\/types\/post"}],"author":[{"embeddable":true,"href":"https:\/\/www.grieta.org.mx\/index.php\/wp-json\/wp\/v2\/users\/2"}],"replies":[{"embeddable":true,"href":"https:\/\/www.grieta.org.mx\/index.php\/wp-json\/wp\/v2\/comments?post=18893"}],"version-history":[{"count":1,"href":"https:\/\/www.grieta.org.mx\/index.php\/wp-json\/wp\/v2\/posts\/18893\/revisions"}],"predecessor-version":[{"id":18894,"href":"https:\/\/www.grieta.org.mx\/index.php\/wp-json\/wp\/v2\/posts\/18893\/revisions\/18894"}],"wp:featuredmedia":[{"embeddable":true,"href":"https:\/\/www.grieta.org.mx\/index.php\/wp-json\/wp\/v2\/media\/21928"}],"wp:attachment":[{"href":"https:\/\/www.grieta.org.mx\/index.php\/wp-json\/wp\/v2\/media?parent=18893"}],"wp:term":[{"taxonomy":"category","embeddable":true,"href":"https:\/\/www.grieta.org.mx\/index.php\/wp-json\/wp\/v2\/categories?post=18893"},{"taxonomy":"post_tag","embeddable":true,"href":"https:\/\/www.grieta.org.mx\/index.php\/wp-json\/wp\/v2\/tags?post=18893"}],"curies":[{"name":"wp","href":"https:\/\/api.w.org\/{rel}","templated":true}]}}