{"id":18891,"date":"2016-04-06T12:38:14","date_gmt":"2016-04-06T17:38:14","guid":{"rendered":"http:\/\/www.grieta.org.mx\/?p=18891"},"modified":"2016-08-06T13:06:30","modified_gmt":"2016-08-06T18:06:30","slug":"acusan-presiones-para-abaratar-tierras-destinadas-a-toyota-en-guanajuato-2","status":"publish","type":"post","link":"https:\/\/www.grieta.org.mx\/index.php\/2016\/04\/06\/acusan-presiones-para-abaratar-tierras-destinadas-a-toyota-en-guanajuato-2\/","title":{"rendered":"Acusan presiones para abaratar tierras destinadas a Toyota en Guanajuato"},"content":{"rendered":"<p>POR VER\u00d3NICA ESPINOSA <\/p>\n<p>GUANAJUATO, Gto., (apro).- Representantes del ejido Caleras de Ameche, en el municipio de Apaseo el Grande, denunciaron los afanes especulativos que en su perjuicio ha desatado el gobierno del estado en la adquisici\u00f3n de terrenos donde se instalar\u00e1 la nueva planta de la armadora Toyota, proceso que no ha concluido, aclararon.<\/p>\n<p>Para la planta de Toyota se prev\u00e9 contar con 600 hect\u00e1reas de terreno disponibles. El gobierno del estado ha clasificado como reservada la informaci\u00f3n sobre la adquisici\u00f3n de los predios hasta el a\u00f1o 2020.<\/p>\n<p>\u201cSe\u00f1or gobernador, hay conflictos y ustedes no han querido solucionarlos. Sabemos que la Federaci\u00f3n apoy\u00f3 a Guanajuato con recursos econ\u00f3micos, y ustedes han ocultado la forma en que han comprado a terceros y no hicieron las compras directamente a los verdaderos due\u00f1os\u201d, expusieron mediante un desplegado en algunos medios, en el que acusaron que funcionarios de la Secretar\u00eda de Gobierno enviados a hablar con los ejidatarios los han amenazado.<\/p>\n<p>\u201cNo estamos en contra del desarrollo del estado y del municipio, pero s\u00ed queremos equidad, igualdad y congruencia en su decir y en su actuar. Tal vez sus funcionarios le est\u00e1n ocultando la verdad y le est\u00e1n presentando otra pel\u00edcula muy diferente de la realidad\u201d, plantearon en su mensaje, dirigido al gobernador Miguel M\u00e1rquez M\u00e1rquez.<\/p>\n<p>Manuel Enrique Ochoa, Francisco Rodr\u00edguez G\u00f3mez y J. N\u00e9stor Hern\u00e1ndez Pi\u00f1a, secretario, tesorero y presidente de la comisi\u00f3n de vigilancia del Comisariado Ejidal de Caleras de Ameche, respectivamente, precisaron que los terrenos para la Toyota no est\u00e1n liberados, debido principalmente a que no se han realizado los procesos correctos, no se ha pagado el precio justo y a la opacidad del gobierno estatal en estas adquisiciones y expropiaciones, cuya informaci\u00f3n se ha ocultado.<\/p>\n<p>Tambi\u00e9n relataron que a finales de 2014 y principios de 2015 se compraron algunas parcelas mediante intermediarios que estuvieron regateando y pagando a distintos precios, pues mientras a algunos campesinos les pagaron 2.5 millones de pesos por hect\u00e1rea; a otros les acabaron ofreciendo menos del mill\u00f3n, y la \u00faltima oferta es de 44 mil 500 pesos por hect\u00e1rea, seg\u00fan un aval\u00fao r\u00fastico presentado por la Secretar\u00eda de Desarrollo Econ\u00f3mico Sustentable.<\/p>\n<p>Esto, advirtieron, contradice el propio criterio del gobierno estatal, que solicit\u00f3 el cambio de uso de suelo de agr\u00edcola a industrial pero pretende pagar los terrenos \u201ccomo si fueran tierras inservibles para el cultivo\u201d.<\/p>\n<p>Incluso, mencionaron que empresarios del estado de Quer\u00e9taro \u2013vecino a Apaseo\u2013 han ofrecido mejores precios por tierras cerriles y de temporal, cercanas a los que est\u00e1n contemplados para la planta de Toyota.<\/p>\n<p>Los ejidatarios revelaron que algunos terceros, como la empresa JAOS&#038;SGB SAPI de CV, cuyo representante se identific\u00f3 como Juan Jos\u00e9 Garc\u00eda Henr\u00edquez, se han acercado a comprar tierras, las cuales despu\u00e9s han vendido al estado a un costo superior, en un manejo especulativo similar al que se hizo durante el sexenio del exgobernador panista Juan Manuel Oliva, cuando se compraron terrenos para la fallida instalaci\u00f3n de la refiner\u00eda de Pemex, un total de 933 hect\u00e1reas.<\/p>\n<p>En esa ocasi\u00f3n, el gobierno del estado contrat\u00f3 a corredores inmobiliarios que se hicieron cargo de la adquisici\u00f3n de los predios, disfrazando la operaci\u00f3n bajo el nombre \u201cCereales y pastas finas\u201d.<\/p>\n<p>Ante la resistencia de los ejidatarios a aceptar estas \u00faltimas ofertas, afirman, se han encontrado con acciones como la clausura o cierre de pozos para el riego por bombeo, adem\u00e1s de las amenazas de los emisarios del gobierno de que si no aceptan, se les expropiar\u00e1 la tierra.<\/p>\n<p>\u201cComo ejido tenemos todav\u00eda recursos para revertir las compras de terrenos que se han hecho, ya que la mayor\u00eda a\u00fan no cuenta con el derecho de dominio pleno de su parcela\u201d, lo que compete a la asamblea ejidal, advirtieron por \u00faltimo al insistir en que piden un di\u00e1logo con el gobernador.<\/p>\n<p><a href=\"http:\/\/www.proceso.com.mx\/438580\/denuncian-presiones-abaratar-tierras-destinadas-a-toyota-en-guanajuato\" target=\"_blank\">http:\/\/www.proceso.com.mx\/438580\/denuncian-presiones-abaratar-tierras-destinadas-a-toyota-en-guanajuato<\/a><\/p>\n","protected":false},"excerpt":{"rendered":"<p>POR VER\u00d3NICA ESPINOSA GUANAJUATO, Gto., (apro).- Representantes del ejido Caleras de Ameche, en el municipio de Apaseo el Grande, denunciaron los afanes especulativos que en su perjuicio ha desatado el &hellip; <a href=\"https:\/\/www.grieta.org.mx\/index.php\/2016\/04\/06\/acusan-presiones-para-abaratar-tierras-destinadas-a-toyota-en-guanajuato-2\/\" class=\"more-link\">Leer m\u00e1s<\/a><\/p>\n","protected":false},"author":2,"featured_media":21928,"comment_status":"closed","ping_status":"closed","sticky":false,"template":"","format":"standard","meta":{"ngg_post_thumbnail":0,"_jetpack_newsletter_access":"","_jetpack_dont_email_post_to_subs":false,"_jetpack_newsletter_tier_id":0,"_jetpack_memberships_contains_paywalled_content":false,"_jetpack_memberships_contains_paid_content":false,"footnotes":""},"categories":[80,471],"tags":[184],"class_list":["post-18891","post","type-post","status-publish","format-standard","has-post-thumbnail","hentry","category-cintillo","category-guanajuato","tag-despojo","entry"],"jetpack_featured_media_url":"https:\/\/www.grieta.org.mx\/wp-content\/uploads\/2018\/03\/14524434_1106112876131411_958039263622046936_o.jpg","jetpack_sharing_enabled":true,"jetpack_shortlink":"https:\/\/wp.me\/p7ZJR4-4UH","jetpack_likes_enabled":false,"jetpack-related-posts":[{"id":17941,"url":"https:\/\/www.grieta.org.mx\/index.php\/2016\/04\/26\/acusan-presiones-para-abaratar-tierras-destinadas-a-toyota-en-guanajuato\/","url_meta":{"origin":18891,"position":0},"title":"Acusan presiones para abaratar tierras destinadas a Toyota en Guanajuato","author":"grieta","date":"26 abril, 2016","format":false,"excerpt":"POR VER\u00d3NICA ESPINOSA GUANAJUATO, Gto., (apro).- Representantes del ejido Caleras de Ameche, en el municipio de Apaseo el Grande, denunciaron los afanes especulativos que en su perjuicio ha desatado el gobierno del estado en la adquisici\u00f3n de terrenos donde se instalar\u00e1 la nueva planta de la armadora Toyota, proceso que\u2026","rel":"","context":"En &quot;CINTILLO&quot;","block_context":{"text":"CINTILLO","link":"https:\/\/www.grieta.org.mx\/index.php\/category\/cintillo\/"},"img":{"alt_text":"","src":"https:\/\/i0.wp.com\/www.grieta.org.mx\/wp-content\/uploads\/2018\/03\/14524434_1106112876131411_958039263622046936_o.jpg?resize=350%2C200&ssl=1","width":350,"height":200,"srcset":"https:\/\/i0.wp.com\/www.grieta.org.mx\/wp-content\/uploads\/2018\/03\/14524434_1106112876131411_958039263622046936_o.jpg?resize=350%2C200&ssl=1 1x, https:\/\/i0.wp.com\/www.grieta.org.mx\/wp-content\/uploads\/2018\/03\/14524434_1106112876131411_958039263622046936_o.jpg?resize=525%2C300&ssl=1 1.5x, https:\/\/i0.wp.com\/www.grieta.org.mx\/wp-content\/uploads\/2018\/03\/14524434_1106112876131411_958039263622046936_o.jpg?resize=700%2C400&ssl=1 2x"},"classes":[]},{"id":5329,"url":"https:\/\/www.grieta.org.mx\/index.php\/2015\/11\/27\/protestan-en-guanajuato-por-la-donacion-de-terrenos-a-toyota\/","url_meta":{"origin":18891,"position":1},"title":"Protestan en Guanajuato por la donaci\u00f3n de terrenos a Toyota","author":"grieta","date":"27 noviembre, 2015","format":false,"excerpt":"Carmen Pizano, Guanajuato, Gto. Habitantes de la zona 12 de la colonia Las Joyas, correspondiente al municipio de Le\u00f3n, se manifestaron en Guanajuato capital para exigir la regularizaci\u00f3n de la zona en que residen. Alrededor de 100 personas caminaron desde el Congreso del Estado hasta palacio de gobierno para exigir\u2026","rel":"","context":"En &quot;CINTILLO&quot;","block_context":{"text":"CINTILLO","link":"https:\/\/www.grieta.org.mx\/index.php\/category\/cintillo\/"},"img":{"alt_text":"","src":"https:\/\/i0.wp.com\/www.grieta.org.mx\/wp-content\/uploads\/2018\/03\/14524434_1106112876131411_958039263622046936_o.jpg?resize=350%2C200&ssl=1","width":350,"height":200,"srcset":"https:\/\/i0.wp.com\/www.grieta.org.mx\/wp-content\/uploads\/2018\/03\/14524434_1106112876131411_958039263622046936_o.jpg?resize=350%2C200&ssl=1 1x, https:\/\/i0.wp.com\/www.grieta.org.mx\/wp-content\/uploads\/2018\/03\/14524434_1106112876131411_958039263622046936_o.jpg?resize=525%2C300&ssl=1 1.5x, https:\/\/i0.wp.com\/www.grieta.org.mx\/wp-content\/uploads\/2018\/03\/14524434_1106112876131411_958039263622046936_o.jpg?resize=700%2C400&ssl=1 2x"},"classes":[]},{"id":555,"url":"https:\/\/www.grieta.org.mx\/index.php\/2016\/02\/24\/despues-de-donarle-600-hectareas-buscan-gestionar-aun-mas-recursos-para-toyota-en-guanajuato\/","url_meta":{"origin":18891,"position":2},"title":"Despues de donarle 600 hect\u00e1reas buscan gestionar a\u00fan m\u00e1s recursos para Toyota en Guanajuato","author":"grieta","date":"24 febrero, 2016","format":false,"excerpt":"Fernando Vel\u00e1zquez, Guanajuato Le\u00f3n, Gto. Entre agosto y septiembre de este a\u00f1o el Gobierno de Guanajuato presentar\u00e1 ante la Secretar\u00eda de Hacienda diversos proyectos ejecutivos para gestionar recursos federales con los cuales ser\u00e1n llevadas a cabo obras complementarias de la planta de Toyota que estar\u00e1 ubicada en Apaseo el Grande.\u2026","rel":"","context":"En &quot;CINTILLO&quot;","block_context":{"text":"CINTILLO","link":"https:\/\/www.grieta.org.mx\/index.php\/category\/cintillo\/"},"img":{"alt_text":"","src":"https:\/\/i0.wp.com\/www.grieta.org.mx\/wp-content\/uploads\/2018\/03\/14524434_1106112876131411_958039263622046936_o.jpg?resize=350%2C200&ssl=1","width":350,"height":200,"srcset":"https:\/\/i0.wp.com\/www.grieta.org.mx\/wp-content\/uploads\/2018\/03\/14524434_1106112876131411_958039263622046936_o.jpg?resize=350%2C200&ssl=1 1x, https:\/\/i0.wp.com\/www.grieta.org.mx\/wp-content\/uploads\/2018\/03\/14524434_1106112876131411_958039263622046936_o.jpg?resize=525%2C300&ssl=1 1.5x, https:\/\/i0.wp.com\/www.grieta.org.mx\/wp-content\/uploads\/2018\/03\/14524434_1106112876131411_958039263622046936_o.jpg?resize=700%2C400&ssl=1 2x"},"classes":[]},{"id":5334,"url":"https:\/\/www.grieta.org.mx\/index.php\/2015\/11\/25\/gobierno-de-guanajuato-pago-702-millones-de-pesos-por-terrenos-que-donara-a-toyota\/","url_meta":{"origin":18891,"position":3},"title":"Gobierno de Guanajuato pag\u00f3 702 millones de pesos por terrenos que donar\u00e1 a Toyota","author":"grieta","date":"25 noviembre, 2015","format":false,"excerpt":"Vania Jaramillo, Guanajuato, Gto. El Gobierno del Estado pag\u00f3 alrededor de 702 millones 999 mil pesos por los terrenos donados a la empresa Toyota para la instalaci\u00f3n de su planta en Apaseo el Grande. Hasta ahora ha pagado lo referente a 475 hect\u00e1reas de un total de 607 de un\u2026","rel":"","context":"En &quot;CINTILLO&quot;","block_context":{"text":"CINTILLO","link":"https:\/\/www.grieta.org.mx\/index.php\/category\/cintillo\/"},"img":{"alt_text":"","src":"https:\/\/i0.wp.com\/www.grieta.org.mx\/wp-content\/uploads\/2018\/03\/14524434_1106112876131411_958039263622046936_o.jpg?resize=350%2C200&ssl=1","width":350,"height":200,"srcset":"https:\/\/i0.wp.com\/www.grieta.org.mx\/wp-content\/uploads\/2018\/03\/14524434_1106112876131411_958039263622046936_o.jpg?resize=350%2C200&ssl=1 1x, https:\/\/i0.wp.com\/www.grieta.org.mx\/wp-content\/uploads\/2018\/03\/14524434_1106112876131411_958039263622046936_o.jpg?resize=525%2C300&ssl=1 1.5x, https:\/\/i0.wp.com\/www.grieta.org.mx\/wp-content\/uploads\/2018\/03\/14524434_1106112876131411_958039263622046936_o.jpg?resize=700%2C400&ssl=1 2x"},"classes":[]},{"id":5345,"url":"https:\/\/www.grieta.org.mx\/index.php\/2015\/11\/13\/expropiaran-mas-de-500-hectareas-para-instalacion-de-toyota-en-guanajuato\/","url_meta":{"origin":18891,"position":4},"title":"Expropiar\u00e1n m\u00e1s de 500 hect\u00e1reas para instalaci\u00f3n de Toyota en Guanajuato","author":"grieta","date":"13 noviembre, 2015","format":false,"excerpt":"Luz Z\u00e1rate, Guanajuato, Gto. El Estado solicitar\u00e1 al Congreso local la expropiaci\u00f3n de poco m\u00e1s de 500 hect\u00e1reas ubicadas en Apaseo el Grande para la instalaci\u00f3n de la empresa Toyota, anunci\u00f3 ayer el gobernador Miguel M\u00e1rquez M\u00e1rquez. Espero que hoy ingresemos al Congreso del Estado el Decreto de Expropiaci\u00f3n para\u2026","rel":"","context":"En &quot;CINTILLO&quot;","block_context":{"text":"CINTILLO","link":"https:\/\/www.grieta.org.mx\/index.php\/category\/cintillo\/"},"img":{"alt_text":"","src":"https:\/\/i0.wp.com\/www.grieta.org.mx\/wp-content\/uploads\/2018\/03\/14524434_1106112876131411_958039263622046936_o.jpg?resize=350%2C200&ssl=1","width":350,"height":200,"srcset":"https:\/\/i0.wp.com\/www.grieta.org.mx\/wp-content\/uploads\/2018\/03\/14524434_1106112876131411_958039263622046936_o.jpg?resize=350%2C200&ssl=1 1x, https:\/\/i0.wp.com\/www.grieta.org.mx\/wp-content\/uploads\/2018\/03\/14524434_1106112876131411_958039263622046936_o.jpg?resize=525%2C300&ssl=1 1.5x, https:\/\/i0.wp.com\/www.grieta.org.mx\/wp-content\/uploads\/2018\/03\/14524434_1106112876131411_958039263622046936_o.jpg?resize=700%2C400&ssl=1 2x"},"classes":[]},{"id":5323,"url":"https:\/\/www.grieta.org.mx\/index.php\/2016\/02\/24\/despues-de-donarle-600-hectareas-buscan-gestionar-aun-mas-recursos-para-toyota-en-guanajuato-2\/","url_meta":{"origin":18891,"position":5},"title":"Despues de donarle 600 hect\u00e1reas buscan gestionar a\u00fan m\u00e1s recursos para Toyota en Guanajuato","author":"grieta","date":"24 febrero, 2016","format":false,"excerpt":"Fernando Vel\u00e1zquez, Le\u00f3n, Gto. Entre agosto y septiembre de este a\u00f1o el Gobierno de Guanajuato presentar\u00e1 ante la Secretar\u00eda de Hacienda diversos proyectos ejecutivos para gestionar recursos federales con los cuales ser\u00e1n llevadas a cabo obras complementarias de la planta de Toyota que estar\u00e1 ubicada en Apaseo el Grande. As\u00ed\u2026","rel":"","context":"En &quot;CINTILLO&quot;","block_context":{"text":"CINTILLO","link":"https:\/\/www.grieta.org.mx\/index.php\/category\/cintillo\/"},"img":{"alt_text":"","src":"https:\/\/i0.wp.com\/www.grieta.org.mx\/wp-content\/uploads\/2018\/03\/14524434_1106112876131411_958039263622046936_o.jpg?resize=350%2C200&ssl=1","width":350,"height":200,"srcset":"https:\/\/i0.wp.com\/www.grieta.org.mx\/wp-content\/uploads\/2018\/03\/14524434_1106112876131411_958039263622046936_o.jpg?resize=350%2C200&ssl=1 1x, https:\/\/i0.wp.com\/www.grieta.org.mx\/wp-content\/uploads\/2018\/03\/14524434_1106112876131411_958039263622046936_o.jpg?resize=525%2C300&ssl=1 1.5x, https:\/\/i0.wp.com\/www.grieta.org.mx\/wp-content\/uploads\/2018\/03\/14524434_1106112876131411_958039263622046936_o.jpg?resize=700%2C400&ssl=1 2x"},"classes":[]}],"_links":{"self":[{"href":"https:\/\/www.grieta.org.mx\/index.php\/wp-json\/wp\/v2\/posts\/18891","targetHints":{"allow":["GET"]}}],"collection":[{"href":"https:\/\/www.grieta.org.mx\/index.php\/wp-json\/wp\/v2\/posts"}],"about":[{"href":"https:\/\/www.grieta.org.mx\/index.php\/wp-json\/wp\/v2\/types\/post"}],"author":[{"embeddable":true,"href":"https:\/\/www.grieta.org.mx\/index.php\/wp-json\/wp\/v2\/users\/2"}],"replies":[{"embeddable":true,"href":"https:\/\/www.grieta.org.mx\/index.php\/wp-json\/wp\/v2\/comments?post=18891"}],"version-history":[{"count":1,"href":"https:\/\/www.grieta.org.mx\/index.php\/wp-json\/wp\/v2\/posts\/18891\/revisions"}],"predecessor-version":[{"id":18892,"href":"https:\/\/www.grieta.org.mx\/index.php\/wp-json\/wp\/v2\/posts\/18891\/revisions\/18892"}],"wp:featuredmedia":[{"embeddable":true,"href":"https:\/\/www.grieta.org.mx\/index.php\/wp-json\/wp\/v2\/media\/21928"}],"wp:attachment":[{"href":"https:\/\/www.grieta.org.mx\/index.php\/wp-json\/wp\/v2\/media?parent=18891"}],"wp:term":[{"taxonomy":"category","embeddable":true,"href":"https:\/\/www.grieta.org.mx\/index.php\/wp-json\/wp\/v2\/categories?post=18891"},{"taxonomy":"post_tag","embeddable":true,"href":"https:\/\/www.grieta.org.mx\/index.php\/wp-json\/wp\/v2\/tags?post=18891"}],"curies":[{"name":"wp","href":"https:\/\/api.w.org\/{rel}","templated":true}]}}