{"id":18864,"date":"2016-08-05T17:45:44","date_gmt":"2016-08-05T22:45:44","guid":{"rendered":"http:\/\/www.grieta.org.mx\/?p=18864"},"modified":"2016-08-05T18:28:02","modified_gmt":"2016-08-05T23:28:02","slug":"participaciones-del-ezln-en-el-festival-comparte-3-de-agosto-la-realidad","status":"publish","type":"post","link":"https:\/\/www.grieta.org.mx\/index.php\/2016\/08\/05\/participaciones-del-ezln-en-el-festival-comparte-3-de-agosto-la-realidad\/","title":{"rendered":"Participaciones del EZLN en el festival CompArte. 3 de agosto, La Realidad"},"content":{"rendered":"<hr \/>\n<p><subtit>Tambores zapatistas en el Caracol de La Realidad #CompArte<\/subtit><\/p>\n<hr \/>\n<div class=\"jetpack-video-wrapper\"><iframe loading=\"lazy\" title=\"Tambores zapatistas en el Caracol de La Realidad #CompArte\" width=\"1170\" height=\"658\" src=\"https:\/\/www.youtube.com\/embed\/aFtp5f4h5m4?feature=oembed\" frameborder=\"0\" allow=\"accelerometer; autoplay; clipboard-write; encrypted-media; gyroscope; picture-in-picture\" allowfullscreen><\/iframe><\/div>\n<hr \/>\n<p><subtit>Bailable &#8220;Las 13 Demandas Zapatistas&#8221; en el Caracol de La Realidad #CompArte<\/subtit> <\/p>\n<hr \/>\n<div class=\"jetpack-video-wrapper\"><iframe loading=\"lazy\" title=\"Bailable &quot;Las 13 Demandas Zapatistas&quot; en el Caracol de La Realidad #CompArte\" width=\"1170\" height=\"658\" src=\"https:\/\/www.youtube.com\/embed\/Kgwh4f_t3D0?feature=oembed\" frameborder=\"0\" allow=\"accelerometer; autoplay; clipboard-write; encrypted-media; gyroscope; picture-in-picture\" allowfullscreen><\/iframe><\/div>\n<hr \/>\n<p><subtit>Bailable de la siembra del maiz, #CompArte en el Caracol de La Realidad<\/subtit> <\/p>\n<hr \/>\n<div class=\"jetpack-video-wrapper\"><iframe loading=\"lazy\" title=\"Bailable de la siembra del maiz, #CompArte en el Caracol de La Realidad\" width=\"1170\" height=\"658\" src=\"https:\/\/www.youtube.com\/embed\/y6THZShTct0?feature=oembed\" frameborder=\"0\" allow=\"accelerometer; autoplay; clipboard-write; encrypted-media; gyroscope; picture-in-picture\" allowfullscreen><\/iframe><\/div>\n<hr \/>\n<p><subtit>Canci\u00f3n &#8220;Despierta Pueblo&#8221;, Caracol de La Realidad, #CompArte<\/subtit> <\/p>\n<hr \/>\n<div class=\"jetpack-video-wrapper\"><iframe loading=\"lazy\" title=\"Canci\u00f3n &quot;Despierta Pueblo&quot;, Caracol de La Realidad, #CompArte\" width=\"1170\" height=\"658\" src=\"https:\/\/www.youtube.com\/embed\/LGYQFHpvaN4?feature=oembed\" frameborder=\"0\" allow=\"accelerometer; autoplay; clipboard-write; encrypted-media; gyroscope; picture-in-picture\" allowfullscreen><\/iframe><\/div>\n<hr \/>\n<p><subtit>Cancion Nuestra Gente en el Caracol de la Realidad, #CompArte<\/subtit>  <\/p>\n<hr \/>\n<div class=\"jetpack-video-wrapper\"><iframe loading=\"lazy\" title=\"Cancion Nuestra Gente en el Caracol de la Realidad, #CompArte\" width=\"1170\" height=\"658\" src=\"https:\/\/www.youtube.com\/embed\/yn5Gr5khpmE?feature=oembed\" frameborder=\"0\" allow=\"accelerometer; autoplay; clipboard-write; encrypted-media; gyroscope; picture-in-picture\" allowfullscreen><\/iframe><\/div>\n<hr \/>\n<p><subtit>Fragmento de obra de teatro La vida de las mujeres en el caracol de La Realidad #CompArte<\/subtit>  <\/p>\n<hr \/>\n<div class=\"jetpack-video-wrapper\"><iframe loading=\"lazy\" title=\"Fragmento de obra de teatro La vida de las mujeres en el caracol de La Realidad #CompArte\" width=\"1170\" height=\"658\" src=\"https:\/\/www.youtube.com\/embed\/26nMquA9djs?feature=oembed\" frameborder=\"0\" allow=\"accelerometer; autoplay; clipboard-write; encrypted-media; gyroscope; picture-in-picture\" allowfullscreen><\/iframe><\/div>\n<hr \/>\n<p><subtit>&#8220;Las seis resistencias&#8221; &#8211; obra de teatro &#8211; ep\u00edlogo. Caracol de La Realidad #CompArte<\/subtit> <\/p>\n<hr \/>\n<div class=\"jetpack-video-wrapper\"><iframe loading=\"lazy\" title=\"&quot;Las seis resistencias&quot; - obra de teatro - ep\u00edlogo. Caracol de La Realidad #CompArte\" width=\"1170\" height=\"658\" src=\"https:\/\/www.youtube.com\/embed\/5p_1cKOqCAM?feature=oembed\" frameborder=\"0\" allow=\"accelerometer; autoplay; clipboard-write; encrypted-media; gyroscope; picture-in-picture\" allowfullscreen><\/iframe><\/div>\n<hr \/>\n<p><subtit>Canci\u00f3n &#8220;Estamos hasta la madre&#8221;, Caracol de La Realidad, #CompArte <\/subtit> <\/p>\n<hr \/>\n<div class=\"jetpack-video-wrapper\"><iframe loading=\"lazy\" title=\"Canci\u00f3n &quot;Estamos hasta la madre&quot;, Caracol de La Realidad, #CompArte\" width=\"1170\" height=\"658\" src=\"https:\/\/www.youtube.com\/embed\/BEAe-2XEBhk?feature=oembed\" frameborder=\"0\" allow=\"accelerometer; autoplay; clipboard-write; encrypted-media; gyroscope; picture-in-picture\" allowfullscreen><\/iframe><\/div>\n<hr \/>\n<p><subtit>Presentacion de una pintura &#8211; Caracol de la Realidad &#8211; #CompArte <\/subtit> <\/p>\n<hr \/>\n<div class=\"jetpack-video-wrapper\"><iframe loading=\"lazy\" title=\"Presentacion de una pintura - Caracol de la Realidad  - #CompArte\" width=\"1170\" height=\"658\" src=\"https:\/\/www.youtube.com\/embed\/8uS-UM77EB0?feature=oembed\" frameborder=\"0\" allow=\"accelerometer; autoplay; clipboard-write; encrypted-media; gyroscope; picture-in-picture\" allowfullscreen><\/iframe><\/div>\n<hr \/>\n<p><subtit>Cancion &#8220;Dos Hermanos&#8221;, Caracol de La Realidad, #CompArte <\/subtit> <\/p>\n<hr \/>\n<div class=\"jetpack-video-wrapper\"><iframe loading=\"lazy\" title=\"Cancion &quot;Dos Hermanos&quot;, Caracol de La Realidad, #CompArte\" width=\"1170\" height=\"658\" src=\"https:\/\/www.youtube.com\/embed\/BuFRzLHO77A?feature=oembed\" frameborder=\"0\" allow=\"accelerometer; autoplay; clipboard-write; encrypted-media; gyroscope; picture-in-picture\" allowfullscreen><\/iframe><\/div>\n<hr \/>\n<p><subtit>Poema Lucha compa\u00f1era nuestra en el caracol de La Realidad #CompArte <\/subtit> <\/p>\n<hr \/>\n<div class=\"jetpack-video-wrapper\"><iframe loading=\"lazy\" title=\"Poema Lucha compa\u00f1era nuestra en el caracol de La Realidad #CompArte\" width=\"1170\" height=\"658\" src=\"https:\/\/www.youtube.com\/embed\/c339VZXWKaU?feature=oembed\" frameborder=\"0\" allow=\"accelerometer; autoplay; clipboard-write; encrypted-media; gyroscope; picture-in-picture\" allowfullscreen><\/iframe><\/div>\n<hr \/>\n<p><subtit>Canci\u00f3n &#8220;Cuantas Veces&#8221; en el Caracol zapatista de La Realidad #CompArte <\/subtit> <\/p>\n<hr \/>\n<div class=\"jetpack-video-wrapper\"><iframe loading=\"lazy\" title=\"Canci\u00f3n &quot;Cuantas Veces&quot; en el Caracol zapatista de La Realidad #CompArte\" width=\"1170\" height=\"658\" src=\"https:\/\/www.youtube.com\/embed\/SMAZ7RurGNc?feature=oembed\" frameborder=\"0\" allow=\"accelerometer; autoplay; clipboard-write; encrypted-media; gyroscope; picture-in-picture\" allowfullscreen><\/iframe><\/div>\n","protected":false},"excerpt":{"rendered":"<p>Tambores zapatistas en el Caracol de La Realidad #CompArte Bailable &#8220;Las 13 Demandas Zapatistas&#8221; en el Caracol de La Realidad #CompArte Bailable de la siembra del maiz, #CompArte en el &hellip; <a href=\"https:\/\/www.grieta.org.mx\/index.php\/2016\/08\/05\/participaciones-del-ezln-en-el-festival-comparte-3-de-agosto-la-realidad\/\" class=\"more-link\">Leer m\u00e1s<\/a><\/p>\n","protected":false},"author":2,"featured_media":21928,"comment_status":"closed","ping_status":"closed","sticky":false,"template":"","format":"standard","meta":{"ngg_post_thumbnail":0,"_jetpack_newsletter_access":"","_jetpack_dont_email_post_to_subs":false,"_jetpack_newsletter_tier_id":0,"_jetpack_memberships_contains_paywalled_content":false,"_jetpack_memberships_contains_paid_content":false,"footnotes":""},"categories":[80,817],"tags":[],"class_list":["post-18864","post","type-post","status-publish","format-standard","has-post-thumbnail","hentry","category-cintillo","category-festival-comparte-por-la-humanidad","entry"],"jetpack_featured_media_url":"https:\/\/www.grieta.org.mx\/wp-content\/uploads\/2018\/03\/14524434_1106112876131411_958039263622046936_o.jpg","jetpack_sharing_enabled":true,"jetpack_shortlink":"https:\/\/wp.me\/p7ZJR4-4Ug","jetpack_likes_enabled":false,"jetpack-related-posts":[{"id":19557,"url":"https:\/\/www.grieta.org.mx\/index.php\/2016\/08\/12\/participaciones-del-ezln-en-el-festival-comparte-9-de-agosto-morelia\/","url_meta":{"origin":18864,"position":0},"title":"Participaciones del EZLN en el festival CompArte. 9 de agosto, Morelia","author":"grieta","date":"12 agosto, 2016","format":false,"excerpt":"Palabras de inauguraci\u00f3n del CompArte zapatista del Caracol de Morelia El 9 de agosto de 2016, al cumplirse 13 a\u00f1os de la fundaci\u00f3n de las Juntas de Buen Gobierno Zapatistas, se realiz\u00f3 el CompArte zapatista del Caracol de Morelia, estas son las palabras de inauguraci\u00f3n. Festejando la Resistencia. El Festival\u2026","rel":"","context":"En &quot;CINTILLO&quot;","block_context":{"text":"CINTILLO","link":"https:\/\/www.grieta.org.mx\/index.php\/category\/cintillo\/"},"img":{"alt_text":"","src":"https:\/\/i0.wp.com\/www.grieta.org.mx\/wp-content\/uploads\/2018\/03\/14524434_1106112876131411_958039263622046936_o.jpg?resize=350%2C200&ssl=1","width":350,"height":200,"srcset":"https:\/\/i0.wp.com\/www.grieta.org.mx\/wp-content\/uploads\/2018\/03\/14524434_1106112876131411_958039263622046936_o.jpg?resize=350%2C200&ssl=1 1x, https:\/\/i0.wp.com\/www.grieta.org.mx\/wp-content\/uploads\/2018\/03\/14524434_1106112876131411_958039263622046936_o.jpg?resize=525%2C300&ssl=1 1.5x, https:\/\/i0.wp.com\/www.grieta.org.mx\/wp-content\/uploads\/2018\/03\/14524434_1106112876131411_958039263622046936_o.jpg?resize=700%2C400&ssl=1 2x"},"classes":[]},{"id":19110,"url":"https:\/\/www.grieta.org.mx\/index.php\/2016\/08\/08\/participaciones-del-ezln-en-el-festival-comparte-6-de-agosto-la-garrucha\/","url_meta":{"origin":18864,"position":1},"title":"Participaciones del EZLN en el festival CompArte. 6 de agosto, La Garrucha","author":"grieta","date":"8 agosto, 2016","format":false,"excerpt":"Bailable Zapatista: festival compARTE en la Garrucha Bailable \"los derechos de la mujer\" Municipio Autonomo Rebelde Zapatista San Manuel, Caracol La Garrucha Tzeltales y orgullosamente Zapatista Canci\u00f3n \"La Tormenta Capitalista\", #CompArte, Caracol La Garrucha Este 6 de agosto de 2016 se realiz\u00f3 la siguiente fecha del CompArte, en el Caracol\u2026","rel":"","context":"En &quot;CINTILLO&quot;","block_context":{"text":"CINTILLO","link":"https:\/\/www.grieta.org.mx\/index.php\/category\/cintillo\/"},"img":{"alt_text":"","src":"https:\/\/i0.wp.com\/www.grieta.org.mx\/wp-content\/uploads\/2018\/03\/14524434_1106112876131411_958039263622046936_o.jpg?resize=350%2C200&ssl=1","width":350,"height":200,"srcset":"https:\/\/i0.wp.com\/www.grieta.org.mx\/wp-content\/uploads\/2018\/03\/14524434_1106112876131411_958039263622046936_o.jpg?resize=350%2C200&ssl=1 1x, https:\/\/i0.wp.com\/www.grieta.org.mx\/wp-content\/uploads\/2018\/03\/14524434_1106112876131411_958039263622046936_o.jpg?resize=525%2C300&ssl=1 1.5x, https:\/\/i0.wp.com\/www.grieta.org.mx\/wp-content\/uploads\/2018\/03\/14524434_1106112876131411_958039263622046936_o.jpg?resize=700%2C400&ssl=1 2x"},"classes":[]},{"id":25420,"url":"https:\/\/www.grieta.org.mx\/index.php\/2018\/08\/09\/cormpartes-2018-imagenes-ultimo-dia\/","url_meta":{"origin":18864,"position":2},"title":"CompArte 2018 im\u00e1genes \u00faltimo d\u00eda.","author":"grieta","date":"9 agosto, 2018","format":false,"excerpt":"Caracol de Morelia, Chiapas, M\u00e9xico. 25 Zapatistas rapeando con Lengualerta CompArte 2018, \u00faltimo d\u00eda en el Caracol de Morelia Mensaje para los capataces, pasados, presentes y futuros del EZLN CompArte 2018, \u00faltimo d\u00eda en el Caracol de la Realidad CompArte 2018, \u00faltimo d\u00eda en el Caracol de la Realidad CompArte\u2026","rel":"","context":"En &quot;CINTILLO&quot;","block_context":{"text":"CINTILLO","link":"https:\/\/www.grieta.org.mx\/index.php\/category\/cintillo\/"},"img":{"alt_text":"","src":"https:\/\/i0.wp.com\/www.grieta.org.mx\/wp-content\/uploads\/2018\/08\/DkMXqKRUcAIWTTQ.jpg-large.jpg?resize=350%2C200&ssl=1","width":350,"height":200,"srcset":"https:\/\/i0.wp.com\/www.grieta.org.mx\/wp-content\/uploads\/2018\/08\/DkMXqKRUcAIWTTQ.jpg-large.jpg?resize=350%2C200&ssl=1 1x, https:\/\/i0.wp.com\/www.grieta.org.mx\/wp-content\/uploads\/2018\/08\/DkMXqKRUcAIWTTQ.jpg-large.jpg?resize=525%2C300&ssl=1 1.5x, https:\/\/i0.wp.com\/www.grieta.org.mx\/wp-content\/uploads\/2018\/08\/DkMXqKRUcAIWTTQ.jpg-large.jpg?resize=700%2C400&ssl=1 2x"},"classes":[]},{"id":18867,"url":"https:\/\/www.grieta.org.mx\/index.php\/2016\/08\/04\/festival-comparte-en-el-caracol-zapatista-de-la-realidad-chiapas\/","url_meta":{"origin":18864,"position":3},"title":"Festival CompArte en el caracol zapatista de La Realidad, Chiapas","author":"grieta","date":"4 agosto, 2016","format":false,"excerpt":"Pozol Chiapas, M\u00e9xico. 4 de agosto. El festival compArte por la humanidad contin\u00faa, esta vez la sede fue el caracol I \u201cMadre de los caracoles del mar de nuestros sue\u00f1os\u201d. Bases de apoyo del EZLN de las diferentes comunidades aut\u00f3nomas que conforman la zona, a trav\u00e9s de sus obras de\u2026","rel":"","context":"En &quot;CINTILLO&quot;","block_context":{"text":"CINTILLO","link":"https:\/\/www.grieta.org.mx\/index.php\/category\/cintillo\/"},"img":{"alt_text":"","src":"https:\/\/i0.wp.com\/www.grieta.org.mx\/wp-content\/uploads\/2018\/03\/14524434_1106112876131411_958039263622046936_o.jpg?resize=350%2C200&ssl=1","width":350,"height":200,"srcset":"https:\/\/i0.wp.com\/www.grieta.org.mx\/wp-content\/uploads\/2018\/03\/14524434_1106112876131411_958039263622046936_o.jpg?resize=350%2C200&ssl=1 1x, https:\/\/i0.wp.com\/www.grieta.org.mx\/wp-content\/uploads\/2018\/03\/14524434_1106112876131411_958039263622046936_o.jpg?resize=525%2C300&ssl=1 1.5x, https:\/\/i0.wp.com\/www.grieta.org.mx\/wp-content\/uploads\/2018\/03\/14524434_1106112876131411_958039263622046936_o.jpg?resize=700%2C400&ssl=1 2x"},"classes":[]},{"id":19066,"url":"https:\/\/www.grieta.org.mx\/index.php\/2016\/08\/08\/dia-10-comparte-por-la-humanidad-caracol-de-la-garrucha-6-de-agosto\/","url_meta":{"origin":18864,"position":4},"title":"D\u00eda 10 \u2013 CompARTE por la humanidad \u2013 Caracol de La Garrucha (6 de agosto) (Audios)","author":"grieta","date":"8 agosto, 2016","format":false,"excerpt":"Festival CompARTE por la humanidad 6 de agosto de 2016 Caracol de La Garrucha, Chiapas Ahora fue el Caracol III, que tiene su sede en La Garrucha, el encargado de presentar su Arte elaborado con el trabajo colectivo de su resistencia. Pensamientos, canciones, poes\u00edas, obras de teatro mostraron la memoria\u2026","rel":"","context":"En &quot;CINTILLO&quot;","block_context":{"text":"CINTILLO","link":"https:\/\/www.grieta.org.mx\/index.php\/category\/cintillo\/"},"img":{"alt_text":"","src":"https:\/\/i0.wp.com\/www.grieta.org.mx\/wp-content\/uploads\/2018\/03\/14524434_1106112876131411_958039263622046936_o.jpg?resize=350%2C200&ssl=1","width":350,"height":200,"srcset":"https:\/\/i0.wp.com\/www.grieta.org.mx\/wp-content\/uploads\/2018\/03\/14524434_1106112876131411_958039263622046936_o.jpg?resize=350%2C200&ssl=1 1x, https:\/\/i0.wp.com\/www.grieta.org.mx\/wp-content\/uploads\/2018\/03\/14524434_1106112876131411_958039263622046936_o.jpg?resize=525%2C300&ssl=1 1.5x, https:\/\/i0.wp.com\/www.grieta.org.mx\/wp-content\/uploads\/2018\/03\/14524434_1106112876131411_958039263622046936_o.jpg?resize=700%2C400&ssl=1 2x"},"classes":[]},{"id":19548,"url":"https:\/\/www.grieta.org.mx\/index.php\/2016\/08\/12\/festival-comparte-caracol-zapatista-roberto-barrios\/","url_meta":{"origin":18864,"position":5},"title":"Festival CompArte, Caracol zapatista Roberto Barrios.","author":"grieta","date":"12 agosto, 2016","format":false,"excerpt":"POZOL COLECTIVO Palenque Chiapas. 12 de agosto. Caracol de Roberto Barrios. Artistas base de apoyo zapatistas del festival CompArte y artistas de la sexta nacional e internacional, al ritmo de las voces, el tambor, la jarana, la guitarra y los aplausos, comenzaron a expresar su Arte, su historia, su autonom\u00eda,\u2026","rel":"","context":"En &quot;CINTILLO&quot;","block_context":{"text":"CINTILLO","link":"https:\/\/www.grieta.org.mx\/index.php\/category\/cintillo\/"},"img":{"alt_text":"","src":"https:\/\/i0.wp.com\/www.grieta.org.mx\/wp-content\/uploads\/2018\/03\/14524434_1106112876131411_958039263622046936_o.jpg?resize=350%2C200&ssl=1","width":350,"height":200,"srcset":"https:\/\/i0.wp.com\/www.grieta.org.mx\/wp-content\/uploads\/2018\/03\/14524434_1106112876131411_958039263622046936_o.jpg?resize=350%2C200&ssl=1 1x, https:\/\/i0.wp.com\/www.grieta.org.mx\/wp-content\/uploads\/2018\/03\/14524434_1106112876131411_958039263622046936_o.jpg?resize=525%2C300&ssl=1 1.5x, https:\/\/i0.wp.com\/www.grieta.org.mx\/wp-content\/uploads\/2018\/03\/14524434_1106112876131411_958039263622046936_o.jpg?resize=700%2C400&ssl=1 2x"},"classes":[]}],"_links":{"self":[{"href":"https:\/\/www.grieta.org.mx\/index.php\/wp-json\/wp\/v2\/posts\/18864","targetHints":{"allow":["GET"]}}],"collection":[{"href":"https:\/\/www.grieta.org.mx\/index.php\/wp-json\/wp\/v2\/posts"}],"about":[{"href":"https:\/\/www.grieta.org.mx\/index.php\/wp-json\/wp\/v2\/types\/post"}],"author":[{"embeddable":true,"href":"https:\/\/www.grieta.org.mx\/index.php\/wp-json\/wp\/v2\/users\/2"}],"replies":[{"embeddable":true,"href":"https:\/\/www.grieta.org.mx\/index.php\/wp-json\/wp\/v2\/comments?post=18864"}],"version-history":[{"count":1,"href":"https:\/\/www.grieta.org.mx\/index.php\/wp-json\/wp\/v2\/posts\/18864\/revisions"}],"predecessor-version":[{"id":18882,"href":"https:\/\/www.grieta.org.mx\/index.php\/wp-json\/wp\/v2\/posts\/18864\/revisions\/18882"}],"wp:featuredmedia":[{"embeddable":true,"href":"https:\/\/www.grieta.org.mx\/index.php\/wp-json\/wp\/v2\/media\/21928"}],"wp:attachment":[{"href":"https:\/\/www.grieta.org.mx\/index.php\/wp-json\/wp\/v2\/media?parent=18864"}],"wp:term":[{"taxonomy":"category","embeddable":true,"href":"https:\/\/www.grieta.org.mx\/index.php\/wp-json\/wp\/v2\/categories?post=18864"},{"taxonomy":"post_tag","embeddable":true,"href":"https:\/\/www.grieta.org.mx\/index.php\/wp-json\/wp\/v2\/tags?post=18864"}],"curies":[{"name":"wp","href":"https:\/\/api.w.org\/{rel}","templated":true}]}}