{"id":18849,"date":"2016-07-31T23:55:39","date_gmt":"2016-08-01T04:55:39","guid":{"rendered":"http:\/\/www.grieta.org.mx\/?p=18849"},"modified":"2018-09-26T23:26:43","modified_gmt":"2018-09-27T04:26:43","slug":"exigen-cancelar-siete-concesiones-mineras","status":"publish","type":"post","link":"https:\/\/www.grieta.org.mx\/index.php\/2016\/07\/31\/exigen-cancelar-siete-concesiones-mineras\/","title":{"rendered":"Exigen cancelar siete concesiones mineras (MORELOS)"},"content":{"rendered":"<p>Rubicela Morelos Cruz, Morelos<br \/>\nMiacatl\u00e1n, Morelos<br \/>\nDomingo 31 de julio, 2016<\/p>\n<p>En el Encuentro mexicano de resistencias contra el modelo extractivo: nuestros territorios libres de miner\u00eda y otros megaproyectos, efectuado este fin de semana en este municipio, se exigi\u00f3 a los gobiernos federal y estatal cancelar siete concesiones entregadas a la empresa Alamos Gold, al sur poniente de Morelos, porque afectar\u00e1n el ambiente y recursos naturales, adem\u00e1s de la zona arqueol\u00f3gica de Xochicalco.<\/p>\n<p>La reuni\u00f3n organizada por el Movimiento Morelense Contra las Concesiones de Miner\u00eda a Tajo Abierto por Metales y la Red Mexicana de Afectados por la Miner\u00eda (Rema), realizada en la iglesia de Santo Tom\u00e1s de Miacatl\u00e1n, los d\u00edas 28, 29 y 30 de julio, concluy\u00f3 con una marcha en la cabecera municipal, la cual se inici\u00f3 a las 11:30 horas y termin\u00f3 dos horas despu\u00e9s.<\/p>\n<p>Ante unas 250 personas, entre afectados y representantes de 18 estados se ley\u00f3 la declaratoria en la que demandan cancelar de inmediato de todas las concesiones mineras, &#8220;que de forma arbitraria y al margen del pueblo han entregado en todo el territorio nacional&#8221;.<\/p>\n<p>En la reuni\u00f3n acordaron unir sus luchas de resistencia contra megaproyectos como el del Proyecto Integral Morelos y el de la zona arqueol\u00f3gica de Xochicalco, porque abarca la pir\u00e1mide de Quetzalc\u00f3atl, expres\u00f3 Lili\u00e1n Gonz\u00e1lez, integrante del Movimiento Morelense.<\/p>\n<p>Gustavo Lozano, integrante de la Rema, explic\u00f3 que el encuentro fue para advertir a los habitantes de Miacatl\u00e1n que si no luchan antes de que se inicie la etapa de explotaci\u00f3n, despu\u00e9s ser\u00e1 muy dif\u00edcil cancelarlos.<\/p>\n<p>En los municipios de Alpuyeca, Temixco y Miacatl\u00e1n se otorgaron las siete concesiones donde hay terrenos comunales y ejidales. Antonio Camacho Romero, vecino de Alpuyeca, dijo que m\u00e1s de 17 mil habitantes ser\u00e1n afectados por la explotaci\u00f3n minera.<\/p>\n<p>Sa\u00fal Roque Morales, uno de los l\u00edderes de los 60 pueblos de Morelos que se oponen a los megaproyectos e integrante del Frente Amplio Popular (FAP) que impulsa destituir al gobernador Graco Ram\u00edrez, dijo que el mandatario estatal debe ser destituido para que la inconformidad que hay en varios sectores sociales &#8220;no estalle de manera violenta&#8221;.<\/p>\n<p><a href=\"https:\/\/www.lajornadamaya.mx\/2016-07-31\/Danaran-ecosistema\" target=\"_blank\">https:\/\/www.lajornadamaya.mx\/2016-07-31\/Danaran-ecosistema<\/a>s<\/p>\n","protected":false},"excerpt":{"rendered":"<p>Rubicela Morelos Cruz, Morelos Miacatl\u00e1n, Morelos Domingo 31 de julio, 2016 En el Encuentro mexicano de resistencias contra el modelo extractivo: nuestros territorios libres de miner\u00eda y otros megaproyectos, efectuado &hellip; <a href=\"https:\/\/www.grieta.org.mx\/index.php\/2016\/07\/31\/exigen-cancelar-siete-concesiones-mineras\/\" class=\"more-link\">Leer m\u00e1s<\/a><\/p>\n","protected":false},"author":2,"featured_media":21928,"comment_status":"closed","ping_status":"closed","sticky":false,"template":"","format":"standard","meta":{"ngg_post_thumbnail":0,"_jetpack_newsletter_access":"","_jetpack_dont_email_post_to_subs":false,"_jetpack_newsletter_tier_id":0,"_jetpack_memberships_contains_paywalled_content":false,"_jetpack_memberships_contains_paid_content":false,"footnotes":""},"categories":[80,1764,482,22,2],"tags":[91,96,109],"class_list":{"0":"post-18849","1":"post","2":"type-post","3":"status-publish","4":"format-standard","5":"has-post-thumbnail","6":"hentry","7":"category-cintillo","8":"category-conflictos-sociales-y-ambientales-por-mineria-en-morelos","9":"category-morelos","11":"category-noticias-nacionales","12":"tag-contaminacion-ambiental","13":"tag-megaproyectos","14":"tag-mineria","15":"entry"},"jetpack_featured_media_url":"https:\/\/www.grieta.org.mx\/wp-content\/uploads\/2018\/03\/14524434_1106112876131411_958039263622046936_o.jpg","jetpack_sharing_enabled":true,"jetpack_shortlink":"https:\/\/wp.me\/p7ZJR4-4U1","jetpack_likes_enabled":false,"jetpack-related-posts":[{"id":8675,"url":"https:\/\/www.grieta.org.mx\/index.php\/2016\/08\/04\/conflictos-mineros-en-morelos\/","url_meta":{"origin":18849,"position":0},"title":"Conflictos sociales y ambientales por miner\u00eda en Morelos","author":"grieta","date":"4 agosto, 2016","format":false,"excerpt":"04\/08\/16. Cuayuca: cumplen 8 d\u00edas tomada la mina por ejidatarios La Jornada de Oriente 01\/08\/16. Con una marcha, concluy\u00f3 el encuentro de territorios libres de miner\u00eda en Miacatl\u00e1n La Uni\u00f3n de Morelos 31\/07\/16. Exigen cancelar siete concesiones mineras La Jornada Maya 29\/07\/16. Inici\u00f3 ayer el encuentro \u201cNuestros territorios libres de\u2026","rel":"","context":"En &quot;MEGAPROYECTOS&quot;","block_context":{"text":"MEGAPROYECTOS","link":"https:\/\/www.grieta.org.mx\/index.php\/category\/megaproyectos\/"},"img":{"alt_text":"","src":"https:\/\/i0.wp.com\/www.grieta.org.mx\/wp-content\/uploads\/2018\/03\/14524434_1106112876131411_958039263622046936_o.jpg?resize=350%2C200&ssl=1","width":350,"height":200,"srcset":"https:\/\/i0.wp.com\/www.grieta.org.mx\/wp-content\/uploads\/2018\/03\/14524434_1106112876131411_958039263622046936_o.jpg?resize=350%2C200&ssl=1 1x, https:\/\/i0.wp.com\/www.grieta.org.mx\/wp-content\/uploads\/2018\/03\/14524434_1106112876131411_958039263622046936_o.jpg?resize=525%2C300&ssl=1 1.5x, https:\/\/i0.wp.com\/www.grieta.org.mx\/wp-content\/uploads\/2018\/03\/14524434_1106112876131411_958039263622046936_o.jpg?resize=700%2C400&ssl=1 2x"},"classes":[]},{"id":18021,"url":"https:\/\/www.grieta.org.mx\/index.php\/2016\/07\/27\/retoman-lucha-contra-la-minera-alamos-gold-morelos\/","url_meta":{"origin":18849,"position":1},"title":"Retoman lucha contra la minera \u00c1lamos Gold (MORELOS)","author":"grieta","date":"27 julio, 2016","format":false,"excerpt":"Antonieta S\u00e1nchez, Morelos. Cuernavaca, MORELOS.- El Movimiento Morelense Contra las Concesiones de Miner\u00eda a tajo abierto por metales reactiv\u00f3 la lucha contra la minera canadiense Alamos Gold, al convocar ayer al Encuentro Mexicano de Resistencias Contra el Modelo Extractivo. Dicha actividad, programada para llevarse a cabo de ma\u00f1ana jueves 28\u2026","rel":"","context":"En &quot;CINTILLO&quot;","block_context":{"text":"CINTILLO","link":"https:\/\/www.grieta.org.mx\/index.php\/category\/cintillo\/"},"img":{"alt_text":"","src":"https:\/\/i0.wp.com\/www.grieta.org.mx\/wp-content\/uploads\/2018\/03\/14524434_1106112876131411_958039263622046936_o.jpg?resize=350%2C200&ssl=1","width":350,"height":200,"srcset":"https:\/\/i0.wp.com\/www.grieta.org.mx\/wp-content\/uploads\/2018\/03\/14524434_1106112876131411_958039263622046936_o.jpg?resize=350%2C200&ssl=1 1x, https:\/\/i0.wp.com\/www.grieta.org.mx\/wp-content\/uploads\/2018\/03\/14524434_1106112876131411_958039263622046936_o.jpg?resize=525%2C300&ssl=1 1.5x, https:\/\/i0.wp.com\/www.grieta.org.mx\/wp-content\/uploads\/2018\/03\/14524434_1106112876131411_958039263622046936_o.jpg?resize=700%2C400&ssl=1 2x"},"classes":[]},{"id":39806,"url":"https:\/\/www.grieta.org.mx\/index.php\/2019\/09\/25\/comunidades-en-morelos-exigen-no-otorgar-concesiones-mineras-a-empresa-canadiense\/","url_meta":{"origin":18849,"position":2},"title":"Comunidades en Morelos exigen no otorgar concesiones mineras a empresa canadiense","author":"grieta","date":"25 septiembre, 2019","format":false,"excerpt":"Foto: Nora Celia Dom\u00ednguez \/ La Uni\u00f3n Redacci\u00f3n \/ Desinform\u00e9monos Ciudad de M\u00e9xico | Desinform\u00e9monos. Comunidades integradas en el Movimiento Morelense en contra de las Concesiones de Miner\u00eda a Tajo Abierto exigieron al gobierno federal no otorgar concesiones mineras a la empresa canadiense \u00c1lamos Gold, cuya intenci\u00f3n de perforar dos\u2026","rel":"","context":"En &quot;CINTILLO&quot;","block_context":{"text":"CINTILLO","link":"https:\/\/www.grieta.org.mx\/index.php\/category\/cintillo\/"},"img":{"alt_text":"","src":"https:\/\/i0.wp.com\/www.grieta.org.mx\/wp-content\/uploads\/2019\/10\/b9b5707fceed91e0dbdf1a4b7f7ea37d_L.jpg?resize=350%2C200&ssl=1","width":350,"height":200,"srcset":"https:\/\/i0.wp.com\/www.grieta.org.mx\/wp-content\/uploads\/2019\/10\/b9b5707fceed91e0dbdf1a4b7f7ea37d_L.jpg?resize=350%2C200&ssl=1 1x, https:\/\/i0.wp.com\/www.grieta.org.mx\/wp-content\/uploads\/2019\/10\/b9b5707fceed91e0dbdf1a4b7f7ea37d_L.jpg?resize=525%2C300&ssl=1 1.5x"},"classes":[]},{"id":18844,"url":"https:\/\/www.grieta.org.mx\/index.php\/2016\/07\/29\/inicio-ayer-el-encuentro-nuestros-territorios-libres-de-mineria-en-miacatlan\/","url_meta":{"origin":18849,"position":3},"title":"Inici\u00f3 ayer el encuentro \u201cNuestros territorios libres de miner\u00eda\u201d en Miacatl\u00e1n (MORELOS)","author":"grieta","date":"29 julio, 2016","format":false,"excerpt":"Nora Celia Dom\u00ednguez, Morelos Miacatl\u00e1n.- Este jueves inici\u00f3 el encuentro mexicano de resistencias contra el modelo extractivo \u201cNuestros territorios libres de miner\u00eda\u201d que se llev\u00f3 a cabo en el atrio de la iglesia de Santo Tom\u00e1s de este municipio, convocado por el Movimiento Morelense Contra las Concesiones de Miner\u00eda a\u2026","rel":"","context":"En &quot;CINTILLO&quot;","block_context":{"text":"CINTILLO","link":"https:\/\/www.grieta.org.mx\/index.php\/category\/cintillo\/"},"img":{"alt_text":"","src":"https:\/\/i0.wp.com\/www.grieta.org.mx\/wp-content\/uploads\/2018\/03\/14524434_1106112876131411_958039263622046936_o.jpg?resize=350%2C200&ssl=1","width":350,"height":200,"srcset":"https:\/\/i0.wp.com\/www.grieta.org.mx\/wp-content\/uploads\/2018\/03\/14524434_1106112876131411_958039263622046936_o.jpg?resize=350%2C200&ssl=1 1x, https:\/\/i0.wp.com\/www.grieta.org.mx\/wp-content\/uploads\/2018\/03\/14524434_1106112876131411_958039263622046936_o.jpg?resize=525%2C300&ssl=1 1.5x, https:\/\/i0.wp.com\/www.grieta.org.mx\/wp-content\/uploads\/2018\/03\/14524434_1106112876131411_958039263622046936_o.jpg?resize=700%2C400&ssl=1 2x"},"classes":[]},{"id":18853,"url":"https:\/\/www.grieta.org.mx\/index.php\/2016\/08\/01\/con-una-marcha-concluyo-el-encuentro-de-territorios-libres-de-mineria-en-miacatlan-morelos\/","url_meta":{"origin":18849,"position":4},"title":"Con una marcha, concluy\u00f3 el encuentro de territorios libres de miner\u00eda en Miacatl\u00e1n (MORELOS)","author":"grieta","date":"1 agosto, 2016","format":false,"excerpt":"Nora Celia Dom\u00ednguez, Morelos El encuentro concluy\u00f3 con una marcha que se realiz\u00f3 por las principales calles de \u00e9ste lugar en rechazo a las concesiones de miner\u00eda a tajo abierto para extraer metales. Los contingentes coreaban consignas como \"queremos frijoles, queremos ma\u00edz, queremos la minera fuera del pa\u00eds\"; \"Nueva visi\u00f3n,\u2026","rel":"","context":"En &quot;CINTILLO&quot;","block_context":{"text":"CINTILLO","link":"https:\/\/www.grieta.org.mx\/index.php\/category\/cintillo\/"},"img":{"alt_text":"","src":"https:\/\/i0.wp.com\/www.grieta.org.mx\/wp-content\/uploads\/2018\/03\/14524434_1106112876131411_958039263622046936_o.jpg?resize=350%2C200&ssl=1","width":350,"height":200,"srcset":"https:\/\/i0.wp.com\/www.grieta.org.mx\/wp-content\/uploads\/2018\/03\/14524434_1106112876131411_958039263622046936_o.jpg?resize=350%2C200&ssl=1 1x, https:\/\/i0.wp.com\/www.grieta.org.mx\/wp-content\/uploads\/2018\/03\/14524434_1106112876131411_958039263622046936_o.jpg?resize=525%2C300&ssl=1 1.5x, https:\/\/i0.wp.com\/www.grieta.org.mx\/wp-content\/uploads\/2018\/03\/14524434_1106112876131411_958039263622046936_o.jpg?resize=700%2C400&ssl=1 2x"},"classes":[]},{"id":66677,"url":"https:\/\/www.grieta.org.mx\/index.php\/2023\/03\/22\/crece-el-rechazo-ante-ampliacion-de-la-mina-morelos\/","url_meta":{"origin":18849,"position":5},"title":"Crece el rechazo ante ampliaci\u00f3n de la mina, Morelos","author":"grieta","date":"22 marzo, 2023","format":false,"excerpt":"Redacci\u00f3n \/ Diario de Morelos Gran rechazo social gener\u00f3 el anuncio de la empresa Zacatecas Silver de M\u00e9xico, nueva propietaria del proyecto minero Esperanza, de que ampliar\u00e1 los trabajos de la mina de oro y plata ubicada en Temixco, ahora a los municipios de Xochitepec y Miacatl\u00e1n. De acuerdo a\u2026","rel":"","context":"En &quot;CINTILLO&quot;","block_context":{"text":"CINTILLO","link":"https:\/\/www.grieta.org.mx\/index.php\/category\/cintillo\/"},"img":{"alt_text":"","src":"https:\/\/i0.wp.com\/www.grieta.org.mx\/wp-content\/uploads\/2023\/03\/22MAR_3.webp?resize=350%2C200&ssl=1","width":350,"height":200,"srcset":"https:\/\/i0.wp.com\/www.grieta.org.mx\/wp-content\/uploads\/2023\/03\/22MAR_3.webp?resize=350%2C200&ssl=1 1x, https:\/\/i0.wp.com\/www.grieta.org.mx\/wp-content\/uploads\/2023\/03\/22MAR_3.webp?resize=525%2C300&ssl=1 1.5x, https:\/\/i0.wp.com\/www.grieta.org.mx\/wp-content\/uploads\/2023\/03\/22MAR_3.webp?resize=700%2C400&ssl=1 2x, https:\/\/i0.wp.com\/www.grieta.org.mx\/wp-content\/uploads\/2023\/03\/22MAR_3.webp?resize=1050%2C600&ssl=1 3x, https:\/\/i0.wp.com\/www.grieta.org.mx\/wp-content\/uploads\/2023\/03\/22MAR_3.webp?resize=1400%2C800&ssl=1 4x"},"classes":[]}],"_links":{"self":[{"href":"https:\/\/www.grieta.org.mx\/index.php\/wp-json\/wp\/v2\/posts\/18849","targetHints":{"allow":["GET"]}}],"collection":[{"href":"https:\/\/www.grieta.org.mx\/index.php\/wp-json\/wp\/v2\/posts"}],"about":[{"href":"https:\/\/www.grieta.org.mx\/index.php\/wp-json\/wp\/v2\/types\/post"}],"author":[{"embeddable":true,"href":"https:\/\/www.grieta.org.mx\/index.php\/wp-json\/wp\/v2\/users\/2"}],"replies":[{"embeddable":true,"href":"https:\/\/www.grieta.org.mx\/index.php\/wp-json\/wp\/v2\/comments?post=18849"}],"version-history":[{"count":1,"href":"https:\/\/www.grieta.org.mx\/index.php\/wp-json\/wp\/v2\/posts\/18849\/revisions"}],"predecessor-version":[{"id":18852,"href":"https:\/\/www.grieta.org.mx\/index.php\/wp-json\/wp\/v2\/posts\/18849\/revisions\/18852"}],"wp:featuredmedia":[{"embeddable":true,"href":"https:\/\/www.grieta.org.mx\/index.php\/wp-json\/wp\/v2\/media\/21928"}],"wp:attachment":[{"href":"https:\/\/www.grieta.org.mx\/index.php\/wp-json\/wp\/v2\/media?parent=18849"}],"wp:term":[{"taxonomy":"category","embeddable":true,"href":"https:\/\/www.grieta.org.mx\/index.php\/wp-json\/wp\/v2\/categories?post=18849"},{"taxonomy":"post_tag","embeddable":true,"href":"https:\/\/www.grieta.org.mx\/index.php\/wp-json\/wp\/v2\/tags?post=18849"}],"curies":[{"name":"wp","href":"https:\/\/api.w.org\/{rel}","templated":true}]}}