{"id":18811,"date":"2016-08-03T23:59:45","date_gmt":"2016-08-04T04:59:45","guid":{"rendered":"http:\/\/www.grieta.org.mx\/?p=18811"},"modified":"2016-08-05T00:04:29","modified_gmt":"2016-08-05T05:04:29","slug":"cierran-carretera-en-mixquiahuala-por-incumplimiento-de-pemex","status":"publish","type":"post","link":"https:\/\/www.grieta.org.mx\/index.php\/2016\/08\/03\/cierran-carretera-en-mixquiahuala-por-incumplimiento-de-pemex\/","title":{"rendered":"Cierran carretera en Mixquiahuala por incumplimiento de Pemex"},"content":{"rendered":"<p>Rocio Velarde<\/p>\n<p>Mixquiahuala.- Habitantes de Mixquiahuala cerraron la carretera Tula-Actopan por el incumplimiento de Pemex para operar un pozo de agua potable, que suministra el servicio a la comunidad de Taxhuada.<\/p>\n<p>Ayer funcionarios municipales y vecinos de la demarcaci\u00f3n arribaron al pozo de agua que se ubica sobre la carretera estatal hac\u00eda Tlahuelilpan en espera de un documento en el cual Petr\u00f3leos Mexicanos se comprometia a que el funcionamiento del  pozo 6 se deje las 24 horas al servicio del municipio.<\/p>\n<p>Lo anterior, dado que desde hace varias semanas la zona ha presentado serios problemas de agua ante el incumplimiento de Pemex con un acuerdo que hace d\u00e9cadas hizo con el ejido de Mixquiahuala de dotar de agua potable al municipio, lo que constantemente provoca el desabasto del vital l\u00edquido en la demarcaci\u00f3n.<\/p>\n<p>El director del organismo operador del agua, Luis Abogado, record\u00f3 que el 31 de junio se descompuso la bomba del pozo n\u00famero 5, lo que provoc\u00f3 la escases del servicio.<\/p>\n<p><a href=\"http:\/\/www.elindependientedehidalgo.com.mx\/cierran-carretera-en-mixquiahuala-por-incumplimiento-de-pemex\/\" target=\"_blank\">http:\/\/www.elindependientedehidalgo.com.mx\/cierran-carretera-en-mixquiahuala-por-incumplimiento-de-pemex\/<\/a><\/p>\n","protected":false},"excerpt":{"rendered":"<p>Rocio Velarde Mixquiahuala.- Habitantes de Mixquiahuala cerraron la carretera Tula-Actopan por el incumplimiento de Pemex para operar un pozo de agua potable, que suministra el servicio a la comunidad de &hellip; <a href=\"https:\/\/www.grieta.org.mx\/index.php\/2016\/08\/03\/cierran-carretera-en-mixquiahuala-por-incumplimiento-de-pemex\/\" class=\"more-link\">Leer m\u00e1s<\/a><\/p>\n","protected":false},"author":2,"featured_media":21928,"comment_status":"closed","ping_status":"closed","sticky":false,"template":"","format":"standard","meta":{"ngg_post_thumbnail":0,"_jetpack_newsletter_access":"","_jetpack_dont_email_post_to_subs":false,"_jetpack_newsletter_tier_id":0,"_jetpack_memberships_contains_paywalled_content":false,"_jetpack_memberships_contains_paid_content":false,"footnotes":""},"categories":[80,129],"tags":[],"class_list":["post-18811","post","type-post","status-publish","format-standard","has-post-thumbnail","hentry","category-cintillo","category-hidalgo","entry"],"jetpack_featured_media_url":"https:\/\/www.grieta.org.mx\/wp-content\/uploads\/2018\/03\/14524434_1106112876131411_958039263622046936_o.jpg","jetpack_sharing_enabled":true,"jetpack_shortlink":"https:\/\/wp.me\/p7ZJR4-4Tp","jetpack_likes_enabled":false,"jetpack-related-posts":[{"id":18815,"url":"https:\/\/www.grieta.org.mx\/index.php\/2016\/08\/04\/protestan-pobladores-de-taxhuada-por-incumplimiento-de-pemex-en-la-construccion-de-un-pozo-de-agua\/","url_meta":{"origin":18811,"position":0},"title":"Protestan pobladores de Taxhuada por incumplimiento de Pemex en la construcci\u00f3n de un pozo de agua","author":"grieta","date":"4 agosto, 2016","format":false,"excerpt":"03\/08\/16. Cierran carretera en Mixquiahuala por incumplimiento de PemexEl Independiente de Hidalgo 25\/07\/16. Incumple Pemex acuerdo hidr\u00e1ulicoEl Independiente de Hidalgo 23\/05\/16. Contin\u00faa sin avance pozo de agua en Mixquiahuala Mixquiahuala en L\u00ednea","rel":"","context":"En &quot;Hidalgo&quot;","block_context":{"text":"Hidalgo","link":"https:\/\/www.grieta.org.mx\/index.php\/category\/noticias-nacionales\/hidalgo\/"},"img":{"alt_text":"","src":"https:\/\/i0.wp.com\/www.grieta.org.mx\/wp-content\/uploads\/2018\/03\/14524434_1106112876131411_958039263622046936_o.jpg?resize=350%2C200&ssl=1","width":350,"height":200,"srcset":"https:\/\/i0.wp.com\/www.grieta.org.mx\/wp-content\/uploads\/2018\/03\/14524434_1106112876131411_958039263622046936_o.jpg?resize=350%2C200&ssl=1 1x, https:\/\/i0.wp.com\/www.grieta.org.mx\/wp-content\/uploads\/2018\/03\/14524434_1106112876131411_958039263622046936_o.jpg?resize=525%2C300&ssl=1 1.5x, https:\/\/i0.wp.com\/www.grieta.org.mx\/wp-content\/uploads\/2018\/03\/14524434_1106112876131411_958039263622046936_o.jpg?resize=700%2C400&ssl=1 2x"},"classes":[]},{"id":18810,"url":"https:\/\/www.grieta.org.mx\/index.php\/2016\/07\/25\/incumple-pemex-acuerdo-hidraulico\/","url_meta":{"origin":18811,"position":1},"title":"Incumple Pemex acuerdo hidr\u00e1ulico","author":"grieta","date":"25 julio, 2016","format":false,"excerpt":"Rocio Velarde Petr\u00f3leos Mexicanos (Pemex) incumpli\u00f3 con un acuerdo que hace d\u00e9cadas hizo con el ejido de Mixquiahuala de dotar de agua potable al municipio, lo que constantemente provoca el desabasto del vital l\u00edquido en la demarcaci\u00f3n. El acuerdo precisa que la exparaestatal perforar\u00eda varios pozos de agua dentro del\u2026","rel":"","context":"En &quot;CINTILLO&quot;","block_context":{"text":"CINTILLO","link":"https:\/\/www.grieta.org.mx\/index.php\/category\/cintillo\/"},"img":{"alt_text":"","src":"https:\/\/i0.wp.com\/www.grieta.org.mx\/wp-content\/uploads\/2018\/03\/14524434_1106112876131411_958039263622046936_o.jpg?resize=350%2C200&ssl=1","width":350,"height":200,"srcset":"https:\/\/i0.wp.com\/www.grieta.org.mx\/wp-content\/uploads\/2018\/03\/14524434_1106112876131411_958039263622046936_o.jpg?resize=350%2C200&ssl=1 1x, https:\/\/i0.wp.com\/www.grieta.org.mx\/wp-content\/uploads\/2018\/03\/14524434_1106112876131411_958039263622046936_o.jpg?resize=525%2C300&ssl=1 1.5x, https:\/\/i0.wp.com\/www.grieta.org.mx\/wp-content\/uploads\/2018\/03\/14524434_1106112876131411_958039263622046936_o.jpg?resize=700%2C400&ssl=1 2x"},"classes":[]},{"id":18809,"url":"https:\/\/www.grieta.org.mx\/index.php\/2016\/05\/23\/continua-sin-avance-pozo-de-agua-en-mixquiahuala\/","url_meta":{"origin":18811,"position":2},"title":"Contin\u00faa sin avance pozo de agua en Mixquiahuala","author":"grieta","date":"23 mayo, 2016","format":false,"excerpt":"La continuaci\u00f3n del pozo de agua de Mixquiahuala no registra avance, vecinos de Taxhuada se quejan porque la obra est\u00e1 abandonada y porque algunos actores pol\u00edticos de la zona intentan condicionarla. Taxhuada, junto a otras demarcaciones, padece desde hace varios a\u00f1os la falta del vital l\u00edquido, por lo que desde\u2026","rel":"","context":"En &quot;CINTILLO&quot;","block_context":{"text":"CINTILLO","link":"https:\/\/www.grieta.org.mx\/index.php\/category\/cintillo\/"},"img":{"alt_text":"","src":"https:\/\/i0.wp.com\/www.grieta.org.mx\/wp-content\/uploads\/2018\/03\/14524434_1106112876131411_958039263622046936_o.jpg?resize=350%2C200&ssl=1","width":350,"height":200,"srcset":"https:\/\/i0.wp.com\/www.grieta.org.mx\/wp-content\/uploads\/2018\/03\/14524434_1106112876131411_958039263622046936_o.jpg?resize=350%2C200&ssl=1 1x, https:\/\/i0.wp.com\/www.grieta.org.mx\/wp-content\/uploads\/2018\/03\/14524434_1106112876131411_958039263622046936_o.jpg?resize=525%2C300&ssl=1 1.5x, https:\/\/i0.wp.com\/www.grieta.org.mx\/wp-content\/uploads\/2018\/03\/14524434_1106112876131411_958039263622046936_o.jpg?resize=700%2C400&ssl=1 2x"},"classes":[]},{"id":16044,"url":"https:\/\/www.grieta.org.mx\/index.php\/2016\/06\/28\/marchan-en-mixquiahuala-en-apoyo-a-la-cnte\/","url_meta":{"origin":18811,"position":3},"title":"Marchan en Mixquiahuala en apoyo a la CNTE","author":"grieta","date":"28 junio, 2016","format":false,"excerpt":"Roc\u00edo Vargas Bravo Por las principales calles de Mixquiahuala marcharon habitantes de ese municipio y de Tetepango en apoyo al movimiento nacional que encabezan docentes de la Coordinadora Nacional Trabajadores de la Educaci\u00f3n (CNTE) y en repudio de lo ocurrido en Oaxaca, cuando polic\u00edas se enfrentaron con profesores. Los manifestantes\u2026","rel":"","context":"En &quot;CINTILLO&quot;","block_context":{"text":"CINTILLO","link":"https:\/\/www.grieta.org.mx\/index.php\/category\/cintillo\/"},"img":{"alt_text":"","src":"https:\/\/i0.wp.com\/www.grieta.org.mx\/wp-content\/uploads\/2018\/03\/14524434_1106112876131411_958039263622046936_o.jpg?resize=350%2C200&ssl=1","width":350,"height":200,"srcset":"https:\/\/i0.wp.com\/www.grieta.org.mx\/wp-content\/uploads\/2018\/03\/14524434_1106112876131411_958039263622046936_o.jpg?resize=350%2C200&ssl=1 1x, https:\/\/i0.wp.com\/www.grieta.org.mx\/wp-content\/uploads\/2018\/03\/14524434_1106112876131411_958039263622046936_o.jpg?resize=525%2C300&ssl=1 1.5x, https:\/\/i0.wp.com\/www.grieta.org.mx\/wp-content\/uploads\/2018\/03\/14524434_1106112876131411_958039263622046936_o.jpg?resize=700%2C400&ssl=1 2x"},"classes":[]},{"id":2845,"url":"https:\/\/www.grieta.org.mx\/index.php\/2016\/01\/29\/vuelven-a-bloquear-carretera-ante-falta-de-agua\/","url_meta":{"origin":18811,"position":4},"title":"Vuelven a bloquear carretera ante falta de agua","author":"grieta","date":"29 enero, 2016","format":false,"excerpt":"Ante el incumplimiento de las autoridades de abastecer mediante pipas el agua, de nueva cuenta vecinos de la colonia Jes\u00fas Aguilera Luna bloquearon la carretera Matamoros-Saltillo. Y es que desde el pasado domingo no cuentan con el suministro de l\u00edquido, debido a que est\u00e1 descompuesto un pozo, por lo que\u2026","rel":"","context":"En &quot;CINTILLO&quot;","block_context":{"text":"CINTILLO","link":"https:\/\/www.grieta.org.mx\/index.php\/category\/cintillo\/"},"img":{"alt_text":"","src":"https:\/\/i0.wp.com\/www.grieta.org.mx\/wp-content\/uploads\/2018\/03\/14524434_1106112876131411_958039263622046936_o.jpg?resize=350%2C200&ssl=1","width":350,"height":200,"srcset":"https:\/\/i0.wp.com\/www.grieta.org.mx\/wp-content\/uploads\/2018\/03\/14524434_1106112876131411_958039263622046936_o.jpg?resize=350%2C200&ssl=1 1x, https:\/\/i0.wp.com\/www.grieta.org.mx\/wp-content\/uploads\/2018\/03\/14524434_1106112876131411_958039263622046936_o.jpg?resize=525%2C300&ssl=1 1.5x, https:\/\/i0.wp.com\/www.grieta.org.mx\/wp-content\/uploads\/2018\/03\/14524434_1106112876131411_958039263622046936_o.jpg?resize=700%2C400&ssl=1 2x"},"classes":[]},{"id":13178,"url":"https:\/\/www.grieta.org.mx\/index.php\/2016\/02\/24\/campesinos-cierran-los-pozos-de-pemex-en-san-fernando-tamaulipas\/","url_meta":{"origin":18811,"position":5},"title":"Campesinos cierran los pozos de Pemex en San Fernando, Tamaulipas","author":"grieta","date":"24 febrero, 2016","format":false,"excerpt":"Victor Manuel Roy SAN FERNANDO, Tamaulipas.- Campesinos de los poblados Santa Gertrudis y el Cortine\u00f1o, impidieron la entrada a transportes de carga en los pozos los nejos, ante el incumplimiento de PEMEX-IHSA de las normas ambientales e incumplimiento de convenios. Esto se desarroll\u00f3 la ma\u00f1ana del mi\u00e9rcoles en la entrada\u2026","rel":"","context":"En &quot;CINTILLO&quot;","block_context":{"text":"CINTILLO","link":"https:\/\/www.grieta.org.mx\/index.php\/category\/cintillo\/"},"img":{"alt_text":"","src":"https:\/\/i0.wp.com\/www.grieta.org.mx\/wp-content\/uploads\/2018\/03\/14524434_1106112876131411_958039263622046936_o.jpg?resize=350%2C200&ssl=1","width":350,"height":200,"srcset":"https:\/\/i0.wp.com\/www.grieta.org.mx\/wp-content\/uploads\/2018\/03\/14524434_1106112876131411_958039263622046936_o.jpg?resize=350%2C200&ssl=1 1x, https:\/\/i0.wp.com\/www.grieta.org.mx\/wp-content\/uploads\/2018\/03\/14524434_1106112876131411_958039263622046936_o.jpg?resize=525%2C300&ssl=1 1.5x, https:\/\/i0.wp.com\/www.grieta.org.mx\/wp-content\/uploads\/2018\/03\/14524434_1106112876131411_958039263622046936_o.jpg?resize=700%2C400&ssl=1 2x"},"classes":[]}],"_links":{"self":[{"href":"https:\/\/www.grieta.org.mx\/index.php\/wp-json\/wp\/v2\/posts\/18811","targetHints":{"allow":["GET"]}}],"collection":[{"href":"https:\/\/www.grieta.org.mx\/index.php\/wp-json\/wp\/v2\/posts"}],"about":[{"href":"https:\/\/www.grieta.org.mx\/index.php\/wp-json\/wp\/v2\/types\/post"}],"author":[{"embeddable":true,"href":"https:\/\/www.grieta.org.mx\/index.php\/wp-json\/wp\/v2\/users\/2"}],"replies":[{"embeddable":true,"href":"https:\/\/www.grieta.org.mx\/index.php\/wp-json\/wp\/v2\/comments?post=18811"}],"version-history":[{"count":1,"href":"https:\/\/www.grieta.org.mx\/index.php\/wp-json\/wp\/v2\/posts\/18811\/revisions"}],"predecessor-version":[{"id":18814,"href":"https:\/\/www.grieta.org.mx\/index.php\/wp-json\/wp\/v2\/posts\/18811\/revisions\/18814"}],"wp:featuredmedia":[{"embeddable":true,"href":"https:\/\/www.grieta.org.mx\/index.php\/wp-json\/wp\/v2\/media\/21928"}],"wp:attachment":[{"href":"https:\/\/www.grieta.org.mx\/index.php\/wp-json\/wp\/v2\/media?parent=18811"}],"wp:term":[{"taxonomy":"category","embeddable":true,"href":"https:\/\/www.grieta.org.mx\/index.php\/wp-json\/wp\/v2\/categories?post=18811"},{"taxonomy":"post_tag","embeddable":true,"href":"https:\/\/www.grieta.org.mx\/index.php\/wp-json\/wp\/v2\/tags?post=18811"}],"curies":[{"name":"wp","href":"https:\/\/api.w.org\/{rel}","templated":true}]}}