{"id":18735,"date":"2016-07-30T14:37:33","date_gmt":"2016-07-30T19:37:33","guid":{"rendered":"http:\/\/www.grieta.org.mx\/?p=18735"},"modified":"2016-08-03T14:45:04","modified_gmt":"2016-08-03T19:45:04","slug":"finaliza-el-festival-comparte-por-la-humanidad-en-cideci-unitierra-continua-ahora-en-los-caracoles-zapatistas","status":"publish","type":"post","link":"https:\/\/www.grieta.org.mx\/index.php\/2016\/07\/30\/finaliza-el-festival-comparte-por-la-humanidad-en-cideci-unitierra-continua-ahora-en-los-caracoles-zapatistas\/","title":{"rendered":"Finaliza el Festival \u201ccompARTE por la Humanidad\u201d en CIDECI-Unitierra. Contin\u00faa ahora en los caracoles zapatistas."},"content":{"rendered":"<p><img loading=\"lazy\" decoding=\"async\" data-attachment-id=\"18736\" data-permalink=\"https:\/\/www.grieta.org.mx\/index.php\/2016\/07\/30\/finaliza-el-festival-comparte-por-la-humanidad-en-cideci-unitierra-continua-ahora-en-los-caracoles-zapatistas\/p1\/\" data-orig-file=\"https:\/\/www.grieta.org.mx\/wp-content\/uploads\/2016\/08\/p1.jpg\" data-orig-size=\"300,150\" data-comments-opened=\"0\" data-image-meta=\"{&quot;aperture&quot;:&quot;0&quot;,&quot;credit&quot;:&quot;&quot;,&quot;camera&quot;:&quot;&quot;,&quot;caption&quot;:&quot;&quot;,&quot;created_timestamp&quot;:&quot;0&quot;,&quot;copyright&quot;:&quot;&quot;,&quot;focal_length&quot;:&quot;0&quot;,&quot;iso&quot;:&quot;0&quot;,&quot;shutter_speed&quot;:&quot;0&quot;,&quot;title&quot;:&quot;&quot;,&quot;orientation&quot;:&quot;0&quot;}\" data-image-title=\"p1\" data-image-description=\"\" data-image-caption=\"\" data-medium-file=\"https:\/\/www.grieta.org.mx\/wp-content\/uploads\/2016\/08\/p1-300x150.jpg\" data-large-file=\"https:\/\/www.grieta.org.mx\/wp-content\/uploads\/2016\/08\/p1.jpg\" src=\"http:\/\/www.grieta.org.mx\/wp-content\/uploads\/2016\/08\/p1.jpg\" alt=\"p1\" width=\"300\" height=\"150\" class=\"aligncenter size-full wp-image-18736\" \/><\/p>\n<p>Sabado 30 de julio.- Radio Zapatista. Jovel-San Crist\u00f3bal de Las Casas, Chiapas. Finaliza el Festival \u201ccompARTE por la Humanidad\u201d en CIDECI-Unitierra, con mucha alegr\u00eda, fiesta, colores y sabores se da por terminado el festival compArte en lo que corresponde a la sede del CIDECI, ya que la fiesta, creatividad, arte y vida que nos compartir\u00e1n los compa\u00f1eros y las compa\u00f1eras Zapatistas seguir\u00e1n en los caracoles de la realidad, la garrucha, Morelia y Roberto barrios.<\/p>\n<p><img loading=\"lazy\" decoding=\"async\" data-attachment-id=\"18737\" data-permalink=\"https:\/\/www.grieta.org.mx\/index.php\/2016\/07\/30\/finaliza-el-festival-comparte-por-la-humanidad-en-cideci-unitierra-continua-ahora-en-los-caracoles-zapatistas\/p2\/\" data-orig-file=\"https:\/\/www.grieta.org.mx\/wp-content\/uploads\/2016\/08\/p2.jpg\" data-orig-size=\"300,150\" data-comments-opened=\"0\" data-image-meta=\"{&quot;aperture&quot;:&quot;0&quot;,&quot;credit&quot;:&quot;&quot;,&quot;camera&quot;:&quot;&quot;,&quot;caption&quot;:&quot;&quot;,&quot;created_timestamp&quot;:&quot;0&quot;,&quot;copyright&quot;:&quot;&quot;,&quot;focal_length&quot;:&quot;0&quot;,&quot;iso&quot;:&quot;0&quot;,&quot;shutter_speed&quot;:&quot;0&quot;,&quot;title&quot;:&quot;&quot;,&quot;orientation&quot;:&quot;0&quot;}\" data-image-title=\"p2\" data-image-description=\"\" data-image-caption=\"\" data-medium-file=\"https:\/\/www.grieta.org.mx\/wp-content\/uploads\/2016\/08\/p2-300x150.jpg\" data-large-file=\"https:\/\/www.grieta.org.mx\/wp-content\/uploads\/2016\/08\/p2.jpg\" src=\"http:\/\/www.grieta.org.mx\/wp-content\/uploads\/2016\/08\/p2.jpg\" alt=\"p2\" width=\"300\" height=\"150\" class=\"aligncenter size-full wp-image-18737\" \/><\/p>\n<p>Con esta felicidad de lo vivido durante esta semana, les compartimos los materiales de este d\u00eda para que sean escuchados por sus corazones y pensamientos, para compartirse, utilizarse y transformarse de manera libre.<\/p>\n<p>Todos los esfuerzos puestos van rindiendo claros frutos que podr\u00e1n escuchar al cerrar los ojos y abrirse a la experiencia de escuchar a quienes ha puesto todo su esfuerzo para dar luz y vida en medio de la tormenta.<\/p>\n<p><img loading=\"lazy\" decoding=\"async\" data-attachment-id=\"18738\" data-permalink=\"https:\/\/www.grieta.org.mx\/index.php\/2016\/07\/30\/finaliza-el-festival-comparte-por-la-humanidad-en-cideci-unitierra-continua-ahora-en-los-caracoles-zapatistas\/p4\/\" data-orig-file=\"https:\/\/www.grieta.org.mx\/wp-content\/uploads\/2016\/08\/p4.jpg\" data-orig-size=\"300,150\" data-comments-opened=\"0\" data-image-meta=\"{&quot;aperture&quot;:&quot;0&quot;,&quot;credit&quot;:&quot;&quot;,&quot;camera&quot;:&quot;&quot;,&quot;caption&quot;:&quot;&quot;,&quot;created_timestamp&quot;:&quot;0&quot;,&quot;copyright&quot;:&quot;&quot;,&quot;focal_length&quot;:&quot;0&quot;,&quot;iso&quot;:&quot;0&quot;,&quot;shutter_speed&quot;:&quot;0&quot;,&quot;title&quot;:&quot;&quot;,&quot;orientation&quot;:&quot;0&quot;}\" data-image-title=\"p4\" data-image-description=\"\" data-image-caption=\"\" data-medium-file=\"https:\/\/www.grieta.org.mx\/wp-content\/uploads\/2016\/08\/p4-300x150.jpg\" data-large-file=\"https:\/\/www.grieta.org.mx\/wp-content\/uploads\/2016\/08\/p4.jpg\" src=\"http:\/\/www.grieta.org.mx\/wp-content\/uploads\/2016\/08\/p4.jpg\" alt=\"p4\" width=\"300\" height=\"150\" class=\"aligncenter size-full wp-image-18738\" \/><\/p>\n<p>Desde Sakamchen de los Pobres, la ciudad de M\u00e9xico, Tijuana, Guatemala, Ciudad Ju\u00e1rez, Torre\u00f3n, Guerrero, Veracruz, Chile, Monterrey y Per\u00fa; \u00d3scar Chavez, Makila 69, Lengualerta, Yerbabuena, Roco, Pedro Mo, Psiques\u00f3nimas, Sonidero Sabotaje, Pante\u00f3n Rococo, Chintete, Manik B, Banda La Mixante\u00f1a de Santa Cecilia, La Orquesta Juvenil de San Crist\u00f3bal, Maix Xel Ha, Moyenei y dem\u00e1s compArtimos juntxs\u2026<\/p>\n<p><a href=\"http:\/\/www.pozol.org\/?p=13252\" target=\"_blank\">http:\/\/www.pozol.org\/?p=13252<\/a><\/p>\n","protected":false},"excerpt":{"rendered":"<p>Sabado 30 de julio.- Radio Zapatista. Jovel-San Crist\u00f3bal de Las Casas, Chiapas. Finaliza el Festival \u201ccompARTE por la Humanidad\u201d en CIDECI-Unitierra, con mucha alegr\u00eda, fiesta, colores y sabores se da &hellip; <a href=\"https:\/\/www.grieta.org.mx\/index.php\/2016\/07\/30\/finaliza-el-festival-comparte-por-la-humanidad-en-cideci-unitierra-continua-ahora-en-los-caracoles-zapatistas\/\" class=\"more-link\">Leer m\u00e1s<\/a><\/p>\n","protected":false},"author":2,"featured_media":21928,"comment_status":"closed","ping_status":"closed","sticky":false,"template":"","format":"standard","meta":{"ngg_post_thumbnail":0,"_jetpack_newsletter_access":"","_jetpack_dont_email_post_to_subs":false,"_jetpack_newsletter_tier_id":0,"_jetpack_memberships_contains_paywalled_content":false,"_jetpack_memberships_contains_paid_content":false,"footnotes":""},"categories":[80,817],"tags":[818],"class_list":["post-18735","post","type-post","status-publish","format-standard","has-post-thumbnail","hentry","category-cintillo","category-festival-comparte-por-la-humanidad","tag-festival-comparte","entry"],"jetpack_featured_media_url":"https:\/\/www.grieta.org.mx\/wp-content\/uploads\/2018\/03\/14524434_1106112876131411_958039263622046936_o.jpg","jetpack_sharing_enabled":true,"jetpack_shortlink":"https:\/\/wp.me\/p7ZJR4-4Sb","jetpack_likes_enabled":false,"jetpack-related-posts":[{"id":18402,"url":"https:\/\/www.grieta.org.mx\/index.php\/2016\/07\/31\/dia-8-comparte-por-la-humanidad-cideci\/","url_meta":{"origin":18735,"position":0},"title":"D\u00eda 8 \u2013 CompARTE por la humanidad \u2013 Cideci (Audios)","author":"grieta","date":"31 julio, 2016","format":false,"excerpt":"Radio Zapatista Festival CompARTE por la humanidad 30 de julio de 2016 Cideci \/ Universidad de la Tierra Chiapas Sabado 30 de julio.- Jovel-San Crist\u00f3bal de Las Casas, Chiapas. Finaliza el Festival \u201ccompARTE por la Humanidad\u201d en CIDECI-Unitierra, con mucha alegr\u00eda, fiesta, colores y sabores se da por terminado el\u2026","rel":"","context":"En &quot;CINTILLO&quot;","block_context":{"text":"CINTILLO","link":"https:\/\/www.grieta.org.mx\/index.php\/category\/cintillo\/"},"img":{"alt_text":"","src":"https:\/\/i0.wp.com\/www.grieta.org.mx\/wp-content\/uploads\/2018\/03\/14524434_1106112876131411_958039263622046936_o.jpg?resize=350%2C200&ssl=1","width":350,"height":200,"srcset":"https:\/\/i0.wp.com\/www.grieta.org.mx\/wp-content\/uploads\/2018\/03\/14524434_1106112876131411_958039263622046936_o.jpg?resize=350%2C200&ssl=1 1x, https:\/\/i0.wp.com\/www.grieta.org.mx\/wp-content\/uploads\/2018\/03\/14524434_1106112876131411_958039263622046936_o.jpg?resize=525%2C300&ssl=1 1.5x, https:\/\/i0.wp.com\/www.grieta.org.mx\/wp-content\/uploads\/2018\/03\/14524434_1106112876131411_958039263622046936_o.jpg?resize=700%2C400&ssl=1 2x"},"classes":[]},{"id":18719,"url":"https:\/\/www.grieta.org.mx\/index.php\/2016\/08\/01\/festival-comparte-de-los-altos-de-chiapas-a-los-caracoles\/","url_meta":{"origin":18735,"position":1},"title":"Festival #CompArte, de los Altos de Chiapas a los #Caracoles","author":"grieta","date":"1 agosto, 2016","format":false,"excerpt":"Koman Ilel El Festival CompArte por la Humanidad, convocado por loas zapatistas, finaliz\u00f3 el s\u00e1bado 30 de julio en los Altos de Chiapas, para continuar en los caracoles de La Realidad, La Garrucha, Morelia y Roberto Barrios durante las pr\u00f3ximas dos semanas. Como bien explic\u00f3 la comandancia del EZLN en\u2026","rel":"","context":"En &quot;CINTILLO&quot;","block_context":{"text":"CINTILLO","link":"https:\/\/www.grieta.org.mx\/index.php\/category\/cintillo\/"},"img":{"alt_text":"","src":"https:\/\/i0.wp.com\/www.grieta.org.mx\/wp-content\/uploads\/2018\/03\/14524434_1106112876131411_958039263622046936_o.jpg?resize=350%2C200&ssl=1","width":350,"height":200,"srcset":"https:\/\/i0.wp.com\/www.grieta.org.mx\/wp-content\/uploads\/2018\/03\/14524434_1106112876131411_958039263622046936_o.jpg?resize=350%2C200&ssl=1 1x, https:\/\/i0.wp.com\/www.grieta.org.mx\/wp-content\/uploads\/2018\/03\/14524434_1106112876131411_958039263622046936_o.jpg?resize=525%2C300&ssl=1 1.5x, https:\/\/i0.wp.com\/www.grieta.org.mx\/wp-content\/uploads\/2018\/03\/14524434_1106112876131411_958039263622046936_o.jpg?resize=700%2C400&ssl=1 2x"},"classes":[]},{"id":17621,"url":"https:\/\/www.grieta.org.mx\/index.php\/2016\/07\/24\/dia-1-comparte-por-la-humanidad-cideci\/","url_meta":{"origin":18735,"position":2},"title":"D\u00eda 1 \u2013 CompARTE por la humanidad \u2013 Cideci (Audios)","author":"grieta","date":"24 julio, 2016","format":false,"excerpt":"Radio Zapatista Festival CompARTE por la humanidad 23 de julio de 2016 Cideci \/ Universidad de la Tierra Chiapas Inicia el Festival CompArte en el Cideci-Unitierra Chiapas \u2026 \u201clas artes\u201d porque son ellas (y no la pol\u00edtica) quienes cavan en lo m\u00e1s profundo del ser humano y rescatan su esencia.\u2026","rel":"","context":"En &quot;CINTILLO&quot;","block_context":{"text":"CINTILLO","link":"https:\/\/www.grieta.org.mx\/index.php\/category\/cintillo\/"},"img":{"alt_text":"","src":"https:\/\/i0.wp.com\/www.grieta.org.mx\/wp-content\/uploads\/2018\/03\/14524434_1106112876131411_958039263622046936_o.jpg?resize=350%2C200&ssl=1","width":350,"height":200,"srcset":"https:\/\/i0.wp.com\/www.grieta.org.mx\/wp-content\/uploads\/2018\/03\/14524434_1106112876131411_958039263622046936_o.jpg?resize=350%2C200&ssl=1 1x, https:\/\/i0.wp.com\/www.grieta.org.mx\/wp-content\/uploads\/2018\/03\/14524434_1106112876131411_958039263622046936_o.jpg?resize=525%2C300&ssl=1 1.5x, https:\/\/i0.wp.com\/www.grieta.org.mx\/wp-content\/uploads\/2018\/03\/14524434_1106112876131411_958039263622046936_o.jpg?resize=700%2C400&ssl=1 2x"},"classes":[]},{"id":18527,"url":"https:\/\/www.grieta.org.mx\/index.php\/2016\/07\/30\/hip-hop-zapatista\/","url_meta":{"origin":18735,"position":3},"title":"Participaciones del EZLN en el festival CompArte. 29 de julio, Oventik","author":"grieta","date":"30 julio, 2016","format":false,"excerpt":"Festival compARTE por la humanidad - Comparte Zapatistas Compartici\u00f3n de bases de apoyo del EZLN. Oventic, Chiapas, M\u00e9xico... 29 de Julio 2016 Corrido Zapatista El Gavil\u00e1n y Jos\u00e9 en el #CompArte #Oventik #EZLN #Comparte #CompArte #CIDECI #zapatistas #orgullosamentezapatistas El Querreque Danza Zapatista en el #CompArte Las mujeres zapatistas cant\u00e1ndole a\u2026","rel":"","context":"En &quot;CINTILLO&quot;","block_context":{"text":"CINTILLO","link":"https:\/\/www.grieta.org.mx\/index.php\/category\/cintillo\/"},"img":{"alt_text":"","src":"https:\/\/i0.wp.com\/www.grieta.org.mx\/wp-content\/uploads\/2018\/03\/14524434_1106112876131411_958039263622046936_o.jpg?resize=350%2C200&ssl=1","width":350,"height":200,"srcset":"https:\/\/i0.wp.com\/www.grieta.org.mx\/wp-content\/uploads\/2018\/03\/14524434_1106112876131411_958039263622046936_o.jpg?resize=350%2C200&ssl=1 1x, https:\/\/i0.wp.com\/www.grieta.org.mx\/wp-content\/uploads\/2018\/03\/14524434_1106112876131411_958039263622046936_o.jpg?resize=525%2C300&ssl=1 1.5x, https:\/\/i0.wp.com\/www.grieta.org.mx\/wp-content\/uploads\/2018\/03\/14524434_1106112876131411_958039263622046936_o.jpg?resize=700%2C400&ssl=1 2x"},"classes":[]},{"id":17636,"url":"https:\/\/www.grieta.org.mx\/index.php\/2016\/07\/24\/dia-2-comparte-por-la-humanidad-cideci\/","url_meta":{"origin":18735,"position":4},"title":"D\u00eda 2 \u2013 CompARTE por la humanidad \u2013 Cideci (Audios)","author":"grieta","date":"24 julio, 2016","format":false,"excerpt":"Radio Zapatista Festival CompARTE por la humanidad 24 de julio de 2016 Cideci \/ Universidad de la Tierra Chiapas Domingo 24 de julio.- Jovel-San Crist\u00f3bal de Las Casas, Chiapas. Durante este segundo d\u00eda del Festival #CompArte por la Humanidad continuaron las comparticiones por parte de los y las compa\u00f1eras que\u2026","rel":"","context":"En &quot;CINTILLO&quot;","block_context":{"text":"CINTILLO","link":"https:\/\/www.grieta.org.mx\/index.php\/category\/cintillo\/"},"img":{"alt_text":"","src":"https:\/\/i0.wp.com\/www.grieta.org.mx\/wp-content\/uploads\/2018\/03\/14524434_1106112876131411_958039263622046936_o.jpg?resize=350%2C200&ssl=1","width":350,"height":200,"srcset":"https:\/\/i0.wp.com\/www.grieta.org.mx\/wp-content\/uploads\/2018\/03\/14524434_1106112876131411_958039263622046936_o.jpg?resize=350%2C200&ssl=1 1x, https:\/\/i0.wp.com\/www.grieta.org.mx\/wp-content\/uploads\/2018\/03\/14524434_1106112876131411_958039263622046936_o.jpg?resize=525%2C300&ssl=1 1.5x, https:\/\/i0.wp.com\/www.grieta.org.mx\/wp-content\/uploads\/2018\/03\/14524434_1106112876131411_958039263622046936_o.jpg?resize=700%2C400&ssl=1 2x"},"classes":[]},{"id":18867,"url":"https:\/\/www.grieta.org.mx\/index.php\/2016\/08\/04\/festival-comparte-en-el-caracol-zapatista-de-la-realidad-chiapas\/","url_meta":{"origin":18735,"position":5},"title":"Festival CompArte en el caracol zapatista de La Realidad, Chiapas","author":"grieta","date":"4 agosto, 2016","format":false,"excerpt":"Pozol Chiapas, M\u00e9xico. 4 de agosto. El festival compArte por la humanidad contin\u00faa, esta vez la sede fue el caracol I \u201cMadre de los caracoles del mar de nuestros sue\u00f1os\u201d. Bases de apoyo del EZLN de las diferentes comunidades aut\u00f3nomas que conforman la zona, a trav\u00e9s de sus obras de\u2026","rel":"","context":"En &quot;CINTILLO&quot;","block_context":{"text":"CINTILLO","link":"https:\/\/www.grieta.org.mx\/index.php\/category\/cintillo\/"},"img":{"alt_text":"","src":"https:\/\/i0.wp.com\/www.grieta.org.mx\/wp-content\/uploads\/2018\/03\/14524434_1106112876131411_958039263622046936_o.jpg?resize=350%2C200&ssl=1","width":350,"height":200,"srcset":"https:\/\/i0.wp.com\/www.grieta.org.mx\/wp-content\/uploads\/2018\/03\/14524434_1106112876131411_958039263622046936_o.jpg?resize=350%2C200&ssl=1 1x, https:\/\/i0.wp.com\/www.grieta.org.mx\/wp-content\/uploads\/2018\/03\/14524434_1106112876131411_958039263622046936_o.jpg?resize=525%2C300&ssl=1 1.5x, https:\/\/i0.wp.com\/www.grieta.org.mx\/wp-content\/uploads\/2018\/03\/14524434_1106112876131411_958039263622046936_o.jpg?resize=700%2C400&ssl=1 2x"},"classes":[]}],"_links":{"self":[{"href":"https:\/\/www.grieta.org.mx\/index.php\/wp-json\/wp\/v2\/posts\/18735","targetHints":{"allow":["GET"]}}],"collection":[{"href":"https:\/\/www.grieta.org.mx\/index.php\/wp-json\/wp\/v2\/posts"}],"about":[{"href":"https:\/\/www.grieta.org.mx\/index.php\/wp-json\/wp\/v2\/types\/post"}],"author":[{"embeddable":true,"href":"https:\/\/www.grieta.org.mx\/index.php\/wp-json\/wp\/v2\/users\/2"}],"replies":[{"embeddable":true,"href":"https:\/\/www.grieta.org.mx\/index.php\/wp-json\/wp\/v2\/comments?post=18735"}],"version-history":[{"count":1,"href":"https:\/\/www.grieta.org.mx\/index.php\/wp-json\/wp\/v2\/posts\/18735\/revisions"}],"predecessor-version":[{"id":18739,"href":"https:\/\/www.grieta.org.mx\/index.php\/wp-json\/wp\/v2\/posts\/18735\/revisions\/18739"}],"wp:featuredmedia":[{"embeddable":true,"href":"https:\/\/www.grieta.org.mx\/index.php\/wp-json\/wp\/v2\/media\/21928"}],"wp:attachment":[{"href":"https:\/\/www.grieta.org.mx\/index.php\/wp-json\/wp\/v2\/media?parent=18735"}],"wp:term":[{"taxonomy":"category","embeddable":true,"href":"https:\/\/www.grieta.org.mx\/index.php\/wp-json\/wp\/v2\/categories?post=18735"},{"taxonomy":"post_tag","embeddable":true,"href":"https:\/\/www.grieta.org.mx\/index.php\/wp-json\/wp\/v2\/tags?post=18735"}],"curies":[{"name":"wp","href":"https:\/\/api.w.org\/{rel}","templated":true}]}}