{"id":18719,"date":"2016-08-01T14:29:50","date_gmt":"2016-08-01T19:29:50","guid":{"rendered":"http:\/\/www.grieta.org.mx\/?p=18719"},"modified":"2016-08-03T14:36:15","modified_gmt":"2016-08-03T19:36:15","slug":"festival-comparte-de-los-altos-de-chiapas-a-los-caracoles","status":"publish","type":"post","link":"https:\/\/www.grieta.org.mx\/index.php\/2016\/08\/01\/festival-comparte-de-los-altos-de-chiapas-a-los-caracoles\/","title":{"rendered":"Festival #CompArte, de los Altos de Chiapas a los #Caracoles"},"content":{"rendered":"<p>Koman Ilel<\/p>\n<p>El Festival CompArte por la Humanidad, convocado por loas zapatistas, finaliz\u00f3 el s\u00e1bado 30 de julio en los Altos de Chiapas, para continuar en los caracoles de La Realidad, La Garrucha, Morelia y Roberto Barrios durante las pr\u00f3ximas dos semanas. Como bien explic\u00f3 la comandancia del EZLN en uno de sus comunicados, loas compa\u00f1eroas zapatistas de los cinco caracoles han estado meses preparando sus obras art\u00edsticas para poder compartirlas. Un total de 1819 artistas y 1566 asistentes, todoas elloas bases de apoyo, que no pudieron asistir al festival CompArte en CIDECI ya que decidieron donar todos sus alimentos previstos a loas maestroas de la CNTE de Chiapas en resistencia. Sin embargo, compartir\u00e1n sus creaciones art\u00edsticas entre el 3 y el 14 de agosto en sus respectivos Caracoles, como ya lo hicieron loas Bases de Apoyo Zapatistas del Caracol de Oventic el pasado viernes 29.<\/p>\n<p><img loading=\"lazy\" decoding=\"async\" data-attachment-id=\"18720\" data-permalink=\"https:\/\/www.grieta.org.mx\/index.php\/2016\/08\/01\/festival-comparte-de-los-altos-de-chiapas-a-los-caracoles\/sabado3-500x299\/\" data-orig-file=\"https:\/\/www.grieta.org.mx\/wp-content\/uploads\/2016\/08\/sabado3-500x299.jpg\" data-orig-size=\"500,299\" data-comments-opened=\"0\" data-image-meta=\"{&quot;aperture&quot;:&quot;0&quot;,&quot;credit&quot;:&quot;&quot;,&quot;camera&quot;:&quot;&quot;,&quot;caption&quot;:&quot;&quot;,&quot;created_timestamp&quot;:&quot;0&quot;,&quot;copyright&quot;:&quot;&quot;,&quot;focal_length&quot;:&quot;0&quot;,&quot;iso&quot;:&quot;0&quot;,&quot;shutter_speed&quot;:&quot;0&quot;,&quot;title&quot;:&quot;&quot;,&quot;orientation&quot;:&quot;0&quot;}\" data-image-title=\"sabado3-500&amp;#215;299\" data-image-description=\"\" data-image-caption=\"\" data-medium-file=\"https:\/\/www.grieta.org.mx\/wp-content\/uploads\/2016\/08\/sabado3-500x299-300x179.jpg\" data-large-file=\"https:\/\/www.grieta.org.mx\/wp-content\/uploads\/2016\/08\/sabado3-500x299.jpg\" src=\"http:\/\/www.grieta.org.mx\/wp-content\/uploads\/2016\/08\/sabado3-500x299.jpg\" alt=\"sabado3-500x299\" width=\"500\" height=\"299\" class=\"aligncenter size-full wp-image-18720\" srcset=\"https:\/\/www.grieta.org.mx\/wp-content\/uploads\/2016\/08\/sabado3-500x299.jpg 500w, https:\/\/www.grieta.org.mx\/wp-content\/uploads\/2016\/08\/sabado3-500x299-300x179.jpg 300w\" sizes=\"auto, (max-width: 500px) 100vw, 500px\" \/><\/p>\n<p>CIDECI, un espacio lleno de vida<\/p>\n<p>Ocho d\u00edas de festival CompArte por la Humanidad, con centenares de participantes y de asistentes venidos de los cinco continentes que disfrutaron, junto a loas zapatistas del arte compartido tanto en CIDECI como en el Caracol de Oventik. Artes esc\u00e9nicas de todo tipo: circo, danza, teatro, conciertos de m\u00fasica, cuentacuentos, recitales de poes\u00eda, baile, marionetas, performances, magia\u2026 Tambi\u00e9n obras visuales como grafitis, pinturas al \u00f3leo, tejidos, fotograf\u00edas, extensils, serigrafias, esculturas, bordado, collages, caricaturas, m\u00e1scaras, tatuajes, audiovisuales, documentales, cortometrajes\u2026<\/p>\n<p>El arte, los colores, la m\u00fasica, la poes\u00eda, la belleza y la diversi\u00f3n, invadieron el recinto de la Universidad de La Tierra, en San Cristobal de las Casas, m\u00e1s que nunca. Si bien ya es casi costumbre que el EZLN organice encuentros y festivales peri\u00f3dicamente en las instalaciones de CIDECI, a menudo centrados en la palabra, esta vez el medio para el encuentro y la reflexi\u00f3n fue el arte.<\/p>\n<p>Ocho espacios de compatici\u00f3n del arte: El campo de f\u00fatbol, donde se celebraron los conciertos musicales m\u00e1s multitudinarios; la cancha de b\u00e0squet, con conciertos m\u00e1s reducidos; la entrada, donde se celebraron cantidad de espectaculos de circo, clown y tambi\u00e9n conciertos musicales; el auditorio, reservado especialmente para actuaciones de danza y teatro; la capilla, donde abundaron los y las cantautoras y conciertos instrumentales. Adem\u00e1s, dos salas (C1 y C2) dedicadas al pase de documentales y obras cinematogr\u00e1ficas, y un aula-seminario para dar cabida a la palabra, al debate, a la discusi\u00f3n, pero sobretodo a la poes\u00eda. Y por \u00faltimo, un espacio reservado para medios libres situado en la casita rosa.<\/p>\n<p>Las instalaciones de la universidad de la tierra se llenaron al 100%. Decenas de puestos con artesan\u00edas, bordados, joias, productos artesanales, libretas, p\u00f3sters, playeras, blusas. Pero tambi\u00e9n comida y alimentaci\u00f3n, con tacos y tortas t\u00edpicas, y otras comidas elaboradas t\u00edpicas de diversos rincones del mundo como empanadas argentinas y tambi\u00e9n una gran cantidad de opciones vegetarianas y veganas.<\/p>\n<p><img loading=\"lazy\" decoding=\"async\" data-attachment-id=\"18721\" data-permalink=\"https:\/\/www.grieta.org.mx\/index.php\/2016\/08\/01\/festival-comparte-de-los-altos-de-chiapas-a-los-caracoles\/sabado2-500x334\/\" data-orig-file=\"https:\/\/www.grieta.org.mx\/wp-content\/uploads\/2016\/08\/sabado2-500x334.jpg\" data-orig-size=\"500,334\" data-comments-opened=\"0\" data-image-meta=\"{&quot;aperture&quot;:&quot;0&quot;,&quot;credit&quot;:&quot;&quot;,&quot;camera&quot;:&quot;&quot;,&quot;caption&quot;:&quot;&quot;,&quot;created_timestamp&quot;:&quot;0&quot;,&quot;copyright&quot;:&quot;&quot;,&quot;focal_length&quot;:&quot;0&quot;,&quot;iso&quot;:&quot;0&quot;,&quot;shutter_speed&quot;:&quot;0&quot;,&quot;title&quot;:&quot;&quot;,&quot;orientation&quot;:&quot;0&quot;}\" data-image-title=\"sabado2-500&amp;#215;334\" data-image-description=\"\" data-image-caption=\"\" data-medium-file=\"https:\/\/www.grieta.org.mx\/wp-content\/uploads\/2016\/08\/sabado2-500x334-300x200.jpg\" data-large-file=\"https:\/\/www.grieta.org.mx\/wp-content\/uploads\/2016\/08\/sabado2-500x334.jpg\" src=\"http:\/\/www.grieta.org.mx\/wp-content\/uploads\/2016\/08\/sabado2-500x334.jpg\" alt=\"sabado2-500x334\" width=\"500\" height=\"334\" class=\"aligncenter size-full wp-image-18721\" srcset=\"https:\/\/www.grieta.org.mx\/wp-content\/uploads\/2016\/08\/sabado2-500x334.jpg 500w, https:\/\/www.grieta.org.mx\/wp-content\/uploads\/2016\/08\/sabado2-500x334-300x200.jpg 300w\" sizes=\"auto, (max-width: 500px) 100vw, 500px\" \/><\/p>\n<p>Bases de Apoyo CompArten el s\u00e1bado en CIDECI<\/p>\n<p>El \u00faltimo d\u00eda del festival en San Crist\u00f3bal de las Casas, fue el m\u00e1s concurrido, no solo por la sociedad civil nacional e internacional, sino tambi\u00e9n por centenares de zapatistas que pudieron asistir a disfrutar y a participar del evento. Si bien la jornada comenz\u00f3 como todas las dem\u00e1s, conforme fue avanzando la tarde fue subiendo la intensidad y tambi\u00e9n las sorpresas de las actuaciones, ya que loas artistas m\u00e1s populares se hab\u00edan reservado para el cierre del CompArte en los Altos de Chiapas.<\/p>\n<p><img loading=\"lazy\" decoding=\"async\" data-attachment-id=\"18722\" data-permalink=\"https:\/\/www.grieta.org.mx\/index.php\/2016\/08\/01\/festival-comparte-de-los-altos-de-chiapas-a-los-caracoles\/sabado11-500x261\/\" data-orig-file=\"https:\/\/www.grieta.org.mx\/wp-content\/uploads\/2016\/08\/sabado11-500x261.jpg\" data-orig-size=\"500,261\" data-comments-opened=\"0\" data-image-meta=\"{&quot;aperture&quot;:&quot;0&quot;,&quot;credit&quot;:&quot;&quot;,&quot;camera&quot;:&quot;&quot;,&quot;caption&quot;:&quot;&quot;,&quot;created_timestamp&quot;:&quot;0&quot;,&quot;copyright&quot;:&quot;&quot;,&quot;focal_length&quot;:&quot;0&quot;,&quot;iso&quot;:&quot;0&quot;,&quot;shutter_speed&quot;:&quot;0&quot;,&quot;title&quot;:&quot;&quot;,&quot;orientation&quot;:&quot;0&quot;}\" data-image-title=\"sabado11-500&amp;#215;261\" data-image-description=\"\" data-image-caption=\"\" data-medium-file=\"https:\/\/www.grieta.org.mx\/wp-content\/uploads\/2016\/08\/sabado11-500x261-300x157.jpg\" data-large-file=\"https:\/\/www.grieta.org.mx\/wp-content\/uploads\/2016\/08\/sabado11-500x261.jpg\" src=\"http:\/\/www.grieta.org.mx\/wp-content\/uploads\/2016\/08\/sabado11-500x261.jpg\" alt=\"sabado11-500x261\" width=\"500\" height=\"261\" class=\"aligncenter size-full wp-image-18722\" srcset=\"https:\/\/www.grieta.org.mx\/wp-content\/uploads\/2016\/08\/sabado11-500x261.jpg 500w, https:\/\/www.grieta.org.mx\/wp-content\/uploads\/2016\/08\/sabado11-500x261-300x157.jpg 300w\" sizes=\"auto, (max-width: 500px) 100vw, 500px\" \/><\/p>\n<p>Oscar Ch\u00e1vez, Makila 69, Lengualerta, Pante\u00f3n Rocot\u00f3, Yerbabuena, Roco, Pedro Mo, Psiques\u00f3nimas, Sonidero Sabotaje, Chintete, Manik B, Banda la Mixante\u00f1a de Santa Cecilia, La orquesta Juvenil de San Crist\u00f3bal, Maix Hel Ha, Moyenei\u2026 y muchoas otroas.<\/p>\n<p>Una de las actuaciones m\u00e1s esperadas fue la de Pante\u00f3n Rocot\u00f3, la \u00faltima de todo el evento, que despu\u00e9s de 21 a\u00f1os despertando pasiones, ofreci\u00f3 una actuaci\u00f3n que por poco enloquece al p\u00fablico. Gracias al ritmo del ska, a los visuales, pero sobre todo, al cuantioso equipo de m\u00fasicos e instrumentos, Pante\u00f3n Rocot\u00f3 hizo bailar a las miles de personas que asistieron al concierto. Pero eso no fue todo, con los gritos de Zapata Vive, Pe\u00f1a Nieto Culero, y sus palabras de solidaridad y agradecimiento a loas compa\u00f1eroas zapatistas, el grupo de ska dej\u00f3 bien claro de qu\u00e9 lado estaba. A lo largo de m\u00e1s de dos horas, el grupo invit\u00f3 a la participaci\u00f3n de Lenguaalerta, Roco Pachukote y del m\u00edtico e hist\u00f3rico \u00d3scar Chavez, cantautor que deleit\u00f3 con un par de canciones. Y es que los y las artistas, hicieron honor al nombre del festival CompArtiendo escenario e invitando durante sus actuaciones a la participaci\u00f3n de otroas artistas, como fue el caso de Lengualerta, que durante un rato fue acompa\u00f1ado por cantantes locales de San Crist\u00f3bal de las Casas y tambi\u00e9n por Roco Pachukote.<\/p>\n<div data-carousel-extra='{&quot;blog_id&quot;:1,&quot;permalink&quot;:&quot;https:\/\/www.grieta.org.mx\/index.php\/2016\/08\/01\/festival-comparte-de-los-altos-de-chiapas-a-los-caracoles\/&quot;}' id='gallery-1' class='gallery galleryid-18719 gallery-columns-3 gallery-size-medium'><figure class='gallery-item'>\n\t\t\t<div class='gallery-icon landscape'>\n\t\t\t\t<a href='https:\/\/www.grieta.org.mx\/index.php\/2016\/08\/01\/festival-comparte-de-los-altos-de-chiapas-a-los-caracoles\/sabado1-200x150\/'><img loading=\"lazy\" decoding=\"async\" width=\"200\" height=\"150\" src=\"https:\/\/www.grieta.org.mx\/wp-content\/uploads\/2016\/08\/sabado1-200x150.jpg\" class=\"attachment-medium size-medium\" alt=\"\" data-attachment-id=\"18723\" data-permalink=\"https:\/\/www.grieta.org.mx\/index.php\/2016\/08\/01\/festival-comparte-de-los-altos-de-chiapas-a-los-caracoles\/sabado1-200x150\/\" data-orig-file=\"https:\/\/www.grieta.org.mx\/wp-content\/uploads\/2016\/08\/sabado1-200x150.jpg\" data-orig-size=\"200,150\" data-comments-opened=\"0\" data-image-meta=\"{&quot;aperture&quot;:&quot;0&quot;,&quot;credit&quot;:&quot;&quot;,&quot;camera&quot;:&quot;&quot;,&quot;caption&quot;:&quot;&quot;,&quot;created_timestamp&quot;:&quot;0&quot;,&quot;copyright&quot;:&quot;&quot;,&quot;focal_length&quot;:&quot;0&quot;,&quot;iso&quot;:&quot;0&quot;,&quot;shutter_speed&quot;:&quot;0&quot;,&quot;title&quot;:&quot;&quot;,&quot;orientation&quot;:&quot;0&quot;}\" data-image-title=\"sabado1-200&amp;#215;150\" data-image-description=\"\" data-image-caption=\"\" data-medium-file=\"https:\/\/www.grieta.org.mx\/wp-content\/uploads\/2016\/08\/sabado1-200x150.jpg\" data-large-file=\"https:\/\/www.grieta.org.mx\/wp-content\/uploads\/2016\/08\/sabado1-200x150.jpg\" \/><\/a>\n\t\t\t<\/div><\/figure><figure class='gallery-item'>\n\t\t\t<div class='gallery-icon landscape'>\n\t\t\t\t<a href='https:\/\/www.grieta.org.mx\/index.php\/2016\/08\/01\/festival-comparte-de-los-altos-de-chiapas-a-los-caracoles\/sabado4-200x150\/'><img loading=\"lazy\" decoding=\"async\" width=\"200\" height=\"150\" src=\"https:\/\/www.grieta.org.mx\/wp-content\/uploads\/2016\/08\/sabado4-200x150.jpg\" class=\"attachment-medium size-medium\" alt=\"\" data-attachment-id=\"18724\" data-permalink=\"https:\/\/www.grieta.org.mx\/index.php\/2016\/08\/01\/festival-comparte-de-los-altos-de-chiapas-a-los-caracoles\/sabado4-200x150\/\" data-orig-file=\"https:\/\/www.grieta.org.mx\/wp-content\/uploads\/2016\/08\/sabado4-200x150.jpg\" data-orig-size=\"200,150\" data-comments-opened=\"0\" data-image-meta=\"{&quot;aperture&quot;:&quot;0&quot;,&quot;credit&quot;:&quot;&quot;,&quot;camera&quot;:&quot;&quot;,&quot;caption&quot;:&quot;&quot;,&quot;created_timestamp&quot;:&quot;0&quot;,&quot;copyright&quot;:&quot;&quot;,&quot;focal_length&quot;:&quot;0&quot;,&quot;iso&quot;:&quot;0&quot;,&quot;shutter_speed&quot;:&quot;0&quot;,&quot;title&quot;:&quot;&quot;,&quot;orientation&quot;:&quot;0&quot;}\" data-image-title=\"sabado4-200&amp;#215;150\" data-image-description=\"\" data-image-caption=\"\" data-medium-file=\"https:\/\/www.grieta.org.mx\/wp-content\/uploads\/2016\/08\/sabado4-200x150.jpg\" data-large-file=\"https:\/\/www.grieta.org.mx\/wp-content\/uploads\/2016\/08\/sabado4-200x150.jpg\" \/><\/a>\n\t\t\t<\/div><\/figure><figure class='gallery-item'>\n\t\t\t<div class='gallery-icon landscape'>\n\t\t\t\t<a href='https:\/\/www.grieta.org.mx\/index.php\/2016\/08\/01\/festival-comparte-de-los-altos-de-chiapas-a-los-caracoles\/sabado5-copia-200x150\/'><img loading=\"lazy\" decoding=\"async\" width=\"200\" height=\"150\" src=\"https:\/\/www.grieta.org.mx\/wp-content\/uploads\/2016\/08\/sabado5-copia-200x150.jpg\" class=\"attachment-medium size-medium\" alt=\"\" data-attachment-id=\"18725\" data-permalink=\"https:\/\/www.grieta.org.mx\/index.php\/2016\/08\/01\/festival-comparte-de-los-altos-de-chiapas-a-los-caracoles\/sabado5-copia-200x150\/\" data-orig-file=\"https:\/\/www.grieta.org.mx\/wp-content\/uploads\/2016\/08\/sabado5-copia-200x150.jpg\" data-orig-size=\"200,150\" data-comments-opened=\"0\" data-image-meta=\"{&quot;aperture&quot;:&quot;0&quot;,&quot;credit&quot;:&quot;&quot;,&quot;camera&quot;:&quot;&quot;,&quot;caption&quot;:&quot;&quot;,&quot;created_timestamp&quot;:&quot;0&quot;,&quot;copyright&quot;:&quot;&quot;,&quot;focal_length&quot;:&quot;0&quot;,&quot;iso&quot;:&quot;0&quot;,&quot;shutter_speed&quot;:&quot;0&quot;,&quot;title&quot;:&quot;&quot;,&quot;orientation&quot;:&quot;0&quot;}\" data-image-title=\"sabado5-copia-200&amp;#215;150\" data-image-description=\"\" data-image-caption=\"\" data-medium-file=\"https:\/\/www.grieta.org.mx\/wp-content\/uploads\/2016\/08\/sabado5-copia-200x150.jpg\" data-large-file=\"https:\/\/www.grieta.org.mx\/wp-content\/uploads\/2016\/08\/sabado5-copia-200x150.jpg\" \/><\/a>\n\t\t\t<\/div><\/figure><figure class='gallery-item'>\n\t\t\t<div class='gallery-icon landscape'>\n\t\t\t\t<a href='https:\/\/www.grieta.org.mx\/index.php\/2016\/08\/01\/festival-comparte-de-los-altos-de-chiapas-a-los-caracoles\/sabado6-200x150\/'><img loading=\"lazy\" decoding=\"async\" width=\"200\" height=\"150\" src=\"https:\/\/www.grieta.org.mx\/wp-content\/uploads\/2016\/08\/sabado6-200x150.jpg\" class=\"attachment-medium size-medium\" alt=\"\" data-attachment-id=\"18726\" data-permalink=\"https:\/\/www.grieta.org.mx\/index.php\/2016\/08\/01\/festival-comparte-de-los-altos-de-chiapas-a-los-caracoles\/sabado6-200x150\/\" data-orig-file=\"https:\/\/www.grieta.org.mx\/wp-content\/uploads\/2016\/08\/sabado6-200x150.jpg\" data-orig-size=\"200,150\" data-comments-opened=\"0\" data-image-meta=\"{&quot;aperture&quot;:&quot;0&quot;,&quot;credit&quot;:&quot;&quot;,&quot;camera&quot;:&quot;&quot;,&quot;caption&quot;:&quot;&quot;,&quot;created_timestamp&quot;:&quot;0&quot;,&quot;copyright&quot;:&quot;&quot;,&quot;focal_length&quot;:&quot;0&quot;,&quot;iso&quot;:&quot;0&quot;,&quot;shutter_speed&quot;:&quot;0&quot;,&quot;title&quot;:&quot;&quot;,&quot;orientation&quot;:&quot;0&quot;}\" data-image-title=\"sabado6-200&amp;#215;150\" data-image-description=\"\" data-image-caption=\"\" data-medium-file=\"https:\/\/www.grieta.org.mx\/wp-content\/uploads\/2016\/08\/sabado6-200x150.jpg\" data-large-file=\"https:\/\/www.grieta.org.mx\/wp-content\/uploads\/2016\/08\/sabado6-200x150.jpg\" \/><\/a>\n\t\t\t<\/div><\/figure><figure class='gallery-item'>\n\t\t\t<div class='gallery-icon landscape'>\n\t\t\t\t<a href='https:\/\/www.grieta.org.mx\/index.php\/2016\/08\/01\/festival-comparte-de-los-altos-de-chiapas-a-los-caracoles\/sabado7-200x150\/'><img loading=\"lazy\" decoding=\"async\" width=\"200\" height=\"150\" src=\"https:\/\/www.grieta.org.mx\/wp-content\/uploads\/2016\/08\/sabado7-200x150.jpg\" class=\"attachment-medium size-medium\" alt=\"\" data-attachment-id=\"18727\" data-permalink=\"https:\/\/www.grieta.org.mx\/index.php\/2016\/08\/01\/festival-comparte-de-los-altos-de-chiapas-a-los-caracoles\/sabado7-200x150\/\" data-orig-file=\"https:\/\/www.grieta.org.mx\/wp-content\/uploads\/2016\/08\/sabado7-200x150.jpg\" data-orig-size=\"200,150\" data-comments-opened=\"0\" data-image-meta=\"{&quot;aperture&quot;:&quot;0&quot;,&quot;credit&quot;:&quot;&quot;,&quot;camera&quot;:&quot;&quot;,&quot;caption&quot;:&quot;&quot;,&quot;created_timestamp&quot;:&quot;0&quot;,&quot;copyright&quot;:&quot;&quot;,&quot;focal_length&quot;:&quot;0&quot;,&quot;iso&quot;:&quot;0&quot;,&quot;shutter_speed&quot;:&quot;0&quot;,&quot;title&quot;:&quot;&quot;,&quot;orientation&quot;:&quot;0&quot;}\" data-image-title=\"sabado7-200&amp;#215;150\" data-image-description=\"\" data-image-caption=\"\" data-medium-file=\"https:\/\/www.grieta.org.mx\/wp-content\/uploads\/2016\/08\/sabado7-200x150.jpg\" data-large-file=\"https:\/\/www.grieta.org.mx\/wp-content\/uploads\/2016\/08\/sabado7-200x150.jpg\" \/><\/a>\n\t\t\t<\/div><\/figure><figure class='gallery-item'>\n\t\t\t<div class='gallery-icon landscape'>\n\t\t\t\t<a href='https:\/\/www.grieta.org.mx\/index.php\/2016\/08\/01\/festival-comparte-de-los-altos-de-chiapas-a-los-caracoles\/sabado8-200x150\/'><img loading=\"lazy\" decoding=\"async\" width=\"200\" height=\"150\" src=\"https:\/\/www.grieta.org.mx\/wp-content\/uploads\/2016\/08\/sabado8-200x150.jpg\" class=\"attachment-medium size-medium\" alt=\"\" data-attachment-id=\"18728\" data-permalink=\"https:\/\/www.grieta.org.mx\/index.php\/2016\/08\/01\/festival-comparte-de-los-altos-de-chiapas-a-los-caracoles\/sabado8-200x150\/\" data-orig-file=\"https:\/\/www.grieta.org.mx\/wp-content\/uploads\/2016\/08\/sabado8-200x150.jpg\" data-orig-size=\"200,150\" data-comments-opened=\"0\" data-image-meta=\"{&quot;aperture&quot;:&quot;0&quot;,&quot;credit&quot;:&quot;&quot;,&quot;camera&quot;:&quot;&quot;,&quot;caption&quot;:&quot;&quot;,&quot;created_timestamp&quot;:&quot;0&quot;,&quot;copyright&quot;:&quot;&quot;,&quot;focal_length&quot;:&quot;0&quot;,&quot;iso&quot;:&quot;0&quot;,&quot;shutter_speed&quot;:&quot;0&quot;,&quot;title&quot;:&quot;&quot;,&quot;orientation&quot;:&quot;0&quot;}\" data-image-title=\"sabado8-200&amp;#215;150\" data-image-description=\"\" data-image-caption=\"\" data-medium-file=\"https:\/\/www.grieta.org.mx\/wp-content\/uploads\/2016\/08\/sabado8-200x150.jpg\" data-large-file=\"https:\/\/www.grieta.org.mx\/wp-content\/uploads\/2016\/08\/sabado8-200x150.jpg\" \/><\/a>\n\t\t\t<\/div><\/figure><figure class='gallery-item'>\n\t\t\t<div class='gallery-icon landscape'>\n\t\t\t\t<a href='https:\/\/www.grieta.org.mx\/index.php\/2016\/08\/01\/festival-comparte-de-los-altos-de-chiapas-a-los-caracoles\/sabado9-200x150\/'><img loading=\"lazy\" decoding=\"async\" width=\"200\" height=\"150\" src=\"https:\/\/www.grieta.org.mx\/wp-content\/uploads\/2016\/08\/sabado9-200x150.jpg\" class=\"attachment-medium size-medium\" alt=\"\" data-attachment-id=\"18729\" data-permalink=\"https:\/\/www.grieta.org.mx\/index.php\/2016\/08\/01\/festival-comparte-de-los-altos-de-chiapas-a-los-caracoles\/sabado9-200x150\/\" data-orig-file=\"https:\/\/www.grieta.org.mx\/wp-content\/uploads\/2016\/08\/sabado9-200x150.jpg\" data-orig-size=\"200,150\" data-comments-opened=\"0\" data-image-meta=\"{&quot;aperture&quot;:&quot;0&quot;,&quot;credit&quot;:&quot;&quot;,&quot;camera&quot;:&quot;&quot;,&quot;caption&quot;:&quot;&quot;,&quot;created_timestamp&quot;:&quot;0&quot;,&quot;copyright&quot;:&quot;&quot;,&quot;focal_length&quot;:&quot;0&quot;,&quot;iso&quot;:&quot;0&quot;,&quot;shutter_speed&quot;:&quot;0&quot;,&quot;title&quot;:&quot;&quot;,&quot;orientation&quot;:&quot;0&quot;}\" data-image-title=\"sabado9-200&amp;#215;150\" data-image-description=\"\" data-image-caption=\"\" data-medium-file=\"https:\/\/www.grieta.org.mx\/wp-content\/uploads\/2016\/08\/sabado9-200x150.jpg\" data-large-file=\"https:\/\/www.grieta.org.mx\/wp-content\/uploads\/2016\/08\/sabado9-200x150.jpg\" \/><\/a>\n\t\t\t<\/div><\/figure><figure class='gallery-item'>\n\t\t\t<div class='gallery-icon landscape'>\n\t\t\t\t<a href='https:\/\/www.grieta.org.mx\/index.php\/2016\/08\/01\/festival-comparte-de-los-altos-de-chiapas-a-los-caracoles\/sabado10-200x150\/'><img loading=\"lazy\" decoding=\"async\" width=\"200\" height=\"150\" src=\"https:\/\/www.grieta.org.mx\/wp-content\/uploads\/2016\/08\/sabado10-200x150.jpg\" class=\"attachment-medium size-medium\" alt=\"\" data-attachment-id=\"18730\" data-permalink=\"https:\/\/www.grieta.org.mx\/index.php\/2016\/08\/01\/festival-comparte-de-los-altos-de-chiapas-a-los-caracoles\/sabado10-200x150\/\" data-orig-file=\"https:\/\/www.grieta.org.mx\/wp-content\/uploads\/2016\/08\/sabado10-200x150.jpg\" data-orig-size=\"200,150\" data-comments-opened=\"0\" data-image-meta=\"{&quot;aperture&quot;:&quot;0&quot;,&quot;credit&quot;:&quot;&quot;,&quot;camera&quot;:&quot;&quot;,&quot;caption&quot;:&quot;&quot;,&quot;created_timestamp&quot;:&quot;0&quot;,&quot;copyright&quot;:&quot;&quot;,&quot;focal_length&quot;:&quot;0&quot;,&quot;iso&quot;:&quot;0&quot;,&quot;shutter_speed&quot;:&quot;0&quot;,&quot;title&quot;:&quot;&quot;,&quot;orientation&quot;:&quot;0&quot;}\" data-image-title=\"sabado10-200&amp;#215;150\" data-image-description=\"\" data-image-caption=\"\" data-medium-file=\"https:\/\/www.grieta.org.mx\/wp-content\/uploads\/2016\/08\/sabado10-200x150.jpg\" data-large-file=\"https:\/\/www.grieta.org.mx\/wp-content\/uploads\/2016\/08\/sabado10-200x150.jpg\" \/><\/a>\n\t\t\t<\/div><\/figure><figure class='gallery-item'>\n\t\t\t<div class='gallery-icon landscape'>\n\t\t\t\t<a href='https:\/\/www.grieta.org.mx\/index.php\/2016\/08\/01\/festival-comparte-de-los-altos-de-chiapas-a-los-caracoles\/sabado12-200x150\/'><img loading=\"lazy\" decoding=\"async\" width=\"200\" height=\"150\" src=\"https:\/\/www.grieta.org.mx\/wp-content\/uploads\/2016\/08\/sabado12-200x150.jpg\" class=\"attachment-medium size-medium\" alt=\"\" data-attachment-id=\"18731\" data-permalink=\"https:\/\/www.grieta.org.mx\/index.php\/2016\/08\/01\/festival-comparte-de-los-altos-de-chiapas-a-los-caracoles\/sabado12-200x150\/\" data-orig-file=\"https:\/\/www.grieta.org.mx\/wp-content\/uploads\/2016\/08\/sabado12-200x150.jpg\" data-orig-size=\"200,150\" data-comments-opened=\"0\" data-image-meta=\"{&quot;aperture&quot;:&quot;0&quot;,&quot;credit&quot;:&quot;&quot;,&quot;camera&quot;:&quot;&quot;,&quot;caption&quot;:&quot;&quot;,&quot;created_timestamp&quot;:&quot;0&quot;,&quot;copyright&quot;:&quot;&quot;,&quot;focal_length&quot;:&quot;0&quot;,&quot;iso&quot;:&quot;0&quot;,&quot;shutter_speed&quot;:&quot;0&quot;,&quot;title&quot;:&quot;&quot;,&quot;orientation&quot;:&quot;0&quot;}\" data-image-title=\"sabado12-200&amp;#215;150\" data-image-description=\"\" data-image-caption=\"\" data-medium-file=\"https:\/\/www.grieta.org.mx\/wp-content\/uploads\/2016\/08\/sabado12-200x150.jpg\" data-large-file=\"https:\/\/www.grieta.org.mx\/wp-content\/uploads\/2016\/08\/sabado12-200x150.jpg\" \/><\/a>\n\t\t\t<\/div><\/figure><figure class='gallery-item'>\n\t\t\t<div class='gallery-icon landscape'>\n\t\t\t\t<a href='https:\/\/www.grieta.org.mx\/index.php\/2016\/08\/01\/festival-comparte-de-los-altos-de-chiapas-a-los-caracoles\/sabado13-200x150\/'><img loading=\"lazy\" decoding=\"async\" width=\"200\" height=\"150\" src=\"https:\/\/www.grieta.org.mx\/wp-content\/uploads\/2016\/08\/sabado13-200x150.jpg\" class=\"attachment-medium size-medium\" alt=\"\" data-attachment-id=\"18732\" data-permalink=\"https:\/\/www.grieta.org.mx\/index.php\/2016\/08\/01\/festival-comparte-de-los-altos-de-chiapas-a-los-caracoles\/sabado13-200x150\/\" data-orig-file=\"https:\/\/www.grieta.org.mx\/wp-content\/uploads\/2016\/08\/sabado13-200x150.jpg\" data-orig-size=\"200,150\" data-comments-opened=\"0\" data-image-meta=\"{&quot;aperture&quot;:&quot;0&quot;,&quot;credit&quot;:&quot;&quot;,&quot;camera&quot;:&quot;&quot;,&quot;caption&quot;:&quot;&quot;,&quot;created_timestamp&quot;:&quot;0&quot;,&quot;copyright&quot;:&quot;&quot;,&quot;focal_length&quot;:&quot;0&quot;,&quot;iso&quot;:&quot;0&quot;,&quot;shutter_speed&quot;:&quot;0&quot;,&quot;title&quot;:&quot;&quot;,&quot;orientation&quot;:&quot;0&quot;}\" data-image-title=\"sabado13-200&amp;#215;150\" data-image-description=\"\" data-image-caption=\"\" data-medium-file=\"https:\/\/www.grieta.org.mx\/wp-content\/uploads\/2016\/08\/sabado13-200x150.jpg\" data-large-file=\"https:\/\/www.grieta.org.mx\/wp-content\/uploads\/2016\/08\/sabado13-200x150.jpg\" \/><\/a>\n\t\t\t<\/div><\/figure>\n\t\t<\/div>\n\n<p><a href=\"http:\/\/komanilel.org\/2016\/08\/01\/festival-comparte-de-los-altos-de-chiapas-a-los-caracoles\/\" target=\"_blank\">http:\/\/komanilel.org\/2016\/08\/01\/festival-comparte-de-los-altos-de-chiapas-a-los-caracoles\/<\/a><\/p>\n","protected":false},"excerpt":{"rendered":"<p>Koman Ilel El Festival CompArte por la Humanidad, convocado por loas zapatistas, finaliz\u00f3 el s\u00e1bado 30 de julio en los Altos de Chiapas, para continuar en los caracoles de La &hellip; <a href=\"https:\/\/www.grieta.org.mx\/index.php\/2016\/08\/01\/festival-comparte-de-los-altos-de-chiapas-a-los-caracoles\/\" class=\"more-link\">Leer m\u00e1s<\/a><\/p>\n","protected":false},"author":2,"featured_media":21928,"comment_status":"closed","ping_status":"closed","sticky":false,"template":"","format":"standard","meta":{"ngg_post_thumbnail":0,"_jetpack_newsletter_access":"","_jetpack_dont_email_post_to_subs":false,"_jetpack_newsletter_tier_id":0,"_jetpack_memberships_contains_paywalled_content":false,"_jetpack_memberships_contains_paid_content":false,"footnotes":""},"categories":[80,817],"tags":[818],"class_list":["post-18719","post","type-post","status-publish","format-standard","has-post-thumbnail","hentry","category-cintillo","category-festival-comparte-por-la-humanidad","tag-festival-comparte","entry"],"jetpack_featured_media_url":"https:\/\/www.grieta.org.mx\/wp-content\/uploads\/2018\/03\/14524434_1106112876131411_958039263622046936_o.jpg","jetpack_sharing_enabled":true,"jetpack_shortlink":"https:\/\/wp.me\/p7ZJR4-4RV","jetpack_likes_enabled":false,"jetpack-related-posts":[{"id":18735,"url":"https:\/\/www.grieta.org.mx\/index.php\/2016\/07\/30\/finaliza-el-festival-comparte-por-la-humanidad-en-cideci-unitierra-continua-ahora-en-los-caracoles-zapatistas\/","url_meta":{"origin":18719,"position":0},"title":"Finaliza el Festival \u201ccompARTE por la Humanidad\u201d en CIDECI-Unitierra. Contin\u00faa ahora en los caracoles zapatistas.","author":"grieta","date":"30 julio, 2016","format":false,"excerpt":"Sabado 30 de julio.- Radio Zapatista. Jovel-San Crist\u00f3bal de Las Casas, Chiapas. Finaliza el Festival \u201ccompARTE por la Humanidad\u201d en CIDECI-Unitierra, con mucha alegr\u00eda, fiesta, colores y sabores se da por terminado el festival compArte en lo que corresponde a la sede del CIDECI, ya que la fiesta, creatividad, arte\u2026","rel":"","context":"En &quot;CINTILLO&quot;","block_context":{"text":"CINTILLO","link":"https:\/\/www.grieta.org.mx\/index.php\/category\/cintillo\/"},"img":{"alt_text":"","src":"https:\/\/i0.wp.com\/www.grieta.org.mx\/wp-content\/uploads\/2018\/03\/14524434_1106112876131411_958039263622046936_o.jpg?resize=350%2C200&ssl=1","width":350,"height":200,"srcset":"https:\/\/i0.wp.com\/www.grieta.org.mx\/wp-content\/uploads\/2018\/03\/14524434_1106112876131411_958039263622046936_o.jpg?resize=350%2C200&ssl=1 1x, https:\/\/i0.wp.com\/www.grieta.org.mx\/wp-content\/uploads\/2018\/03\/14524434_1106112876131411_958039263622046936_o.jpg?resize=525%2C300&ssl=1 1.5x, https:\/\/i0.wp.com\/www.grieta.org.mx\/wp-content\/uploads\/2018\/03\/14524434_1106112876131411_958039263622046936_o.jpg?resize=700%2C400&ssl=1 2x"},"classes":[]},{"id":18867,"url":"https:\/\/www.grieta.org.mx\/index.php\/2016\/08\/04\/festival-comparte-en-el-caracol-zapatista-de-la-realidad-chiapas\/","url_meta":{"origin":18719,"position":1},"title":"Festival CompArte en el caracol zapatista de La Realidad, Chiapas","author":"grieta","date":"4 agosto, 2016","format":false,"excerpt":"Pozol Chiapas, M\u00e9xico. 4 de agosto. El festival compArte por la humanidad contin\u00faa, esta vez la sede fue el caracol I \u201cMadre de los caracoles del mar de nuestros sue\u00f1os\u201d. Bases de apoyo del EZLN de las diferentes comunidades aut\u00f3nomas que conforman la zona, a trav\u00e9s de sus obras de\u2026","rel":"","context":"En &quot;CINTILLO&quot;","block_context":{"text":"CINTILLO","link":"https:\/\/www.grieta.org.mx\/index.php\/category\/cintillo\/"},"img":{"alt_text":"","src":"https:\/\/i0.wp.com\/www.grieta.org.mx\/wp-content\/uploads\/2018\/03\/14524434_1106112876131411_958039263622046936_o.jpg?resize=350%2C200&ssl=1","width":350,"height":200,"srcset":"https:\/\/i0.wp.com\/www.grieta.org.mx\/wp-content\/uploads\/2018\/03\/14524434_1106112876131411_958039263622046936_o.jpg?resize=350%2C200&ssl=1 1x, https:\/\/i0.wp.com\/www.grieta.org.mx\/wp-content\/uploads\/2018\/03\/14524434_1106112876131411_958039263622046936_o.jpg?resize=525%2C300&ssl=1 1.5x, https:\/\/i0.wp.com\/www.grieta.org.mx\/wp-content\/uploads\/2018\/03\/14524434_1106112876131411_958039263622046936_o.jpg?resize=700%2C400&ssl=1 2x"},"classes":[]},{"id":19548,"url":"https:\/\/www.grieta.org.mx\/index.php\/2016\/08\/12\/festival-comparte-caracol-zapatista-roberto-barrios\/","url_meta":{"origin":18719,"position":2},"title":"Festival CompArte, Caracol zapatista Roberto Barrios.","author":"grieta","date":"12 agosto, 2016","format":false,"excerpt":"POZOL COLECTIVO Palenque Chiapas. 12 de agosto. Caracol de Roberto Barrios. Artistas base de apoyo zapatistas del festival CompArte y artistas de la sexta nacional e internacional, al ritmo de las voces, el tambor, la jarana, la guitarra y los aplausos, comenzaron a expresar su Arte, su historia, su autonom\u00eda,\u2026","rel":"","context":"En &quot;CINTILLO&quot;","block_context":{"text":"CINTILLO","link":"https:\/\/www.grieta.org.mx\/index.php\/category\/cintillo\/"},"img":{"alt_text":"","src":"https:\/\/i0.wp.com\/www.grieta.org.mx\/wp-content\/uploads\/2018\/03\/14524434_1106112876131411_958039263622046936_o.jpg?resize=350%2C200&ssl=1","width":350,"height":200,"srcset":"https:\/\/i0.wp.com\/www.grieta.org.mx\/wp-content\/uploads\/2018\/03\/14524434_1106112876131411_958039263622046936_o.jpg?resize=350%2C200&ssl=1 1x, https:\/\/i0.wp.com\/www.grieta.org.mx\/wp-content\/uploads\/2018\/03\/14524434_1106112876131411_958039263622046936_o.jpg?resize=525%2C300&ssl=1 1.5x, https:\/\/i0.wp.com\/www.grieta.org.mx\/wp-content\/uploads\/2018\/03\/14524434_1106112876131411_958039263622046936_o.jpg?resize=700%2C400&ssl=1 2x"},"classes":[]},{"id":17561,"url":"https:\/\/www.grieta.org.mx\/index.php\/2016\/07\/23\/chiapas-inicia-el-comparte-celebrando-a-la-humanidad-sus-dolores-sus-alegrias-y-sus-luchas\/","url_meta":{"origin":18719,"position":3},"title":"Chiapas: Inicia el CompArte \u201ccelebrando a la humanidad, sus dolores, sus alegr\u00edas y sus luchas\u201d","author":"grieta","date":"23 julio, 2016","format":false,"excerpt":"","rel":"","context":"En &quot;CINTILLO&quot;","block_context":{"text":"CINTILLO","link":"https:\/\/www.grieta.org.mx\/index.php\/category\/cintillo\/"},"img":{"alt_text":"","src":"https:\/\/i0.wp.com\/www.grieta.org.mx\/wp-content\/uploads\/2018\/03\/14524434_1106112876131411_958039263622046936_o.jpg?resize=350%2C200&ssl=1","width":350,"height":200,"srcset":"https:\/\/i0.wp.com\/www.grieta.org.mx\/wp-content\/uploads\/2018\/03\/14524434_1106112876131411_958039263622046936_o.jpg?resize=350%2C200&ssl=1 1x, https:\/\/i0.wp.com\/www.grieta.org.mx\/wp-content\/uploads\/2018\/03\/14524434_1106112876131411_958039263622046936_o.jpg?resize=525%2C300&ssl=1 1.5x, https:\/\/i0.wp.com\/www.grieta.org.mx\/wp-content\/uploads\/2018\/03\/14524434_1106112876131411_958039263622046936_o.jpg?resize=700%2C400&ssl=1 2x"},"classes":[]},{"id":18527,"url":"https:\/\/www.grieta.org.mx\/index.php\/2016\/07\/30\/hip-hop-zapatista\/","url_meta":{"origin":18719,"position":4},"title":"Participaciones del EZLN en el festival CompArte. 29 de julio, Oventik","author":"grieta","date":"30 julio, 2016","format":false,"excerpt":"Festival compARTE por la humanidad - Comparte Zapatistas Compartici\u00f3n de bases de apoyo del EZLN. Oventic, Chiapas, M\u00e9xico... 29 de Julio 2016 Corrido Zapatista El Gavil\u00e1n y Jos\u00e9 en el #CompArte #Oventik #EZLN #Comparte #CompArte #CIDECI #zapatistas #orgullosamentezapatistas El Querreque Danza Zapatista en el #CompArte Las mujeres zapatistas cant\u00e1ndole a\u2026","rel":"","context":"En &quot;CINTILLO&quot;","block_context":{"text":"CINTILLO","link":"https:\/\/www.grieta.org.mx\/index.php\/category\/cintillo\/"},"img":{"alt_text":"","src":"https:\/\/i0.wp.com\/www.grieta.org.mx\/wp-content\/uploads\/2018\/03\/14524434_1106112876131411_958039263622046936_o.jpg?resize=350%2C200&ssl=1","width":350,"height":200,"srcset":"https:\/\/i0.wp.com\/www.grieta.org.mx\/wp-content\/uploads\/2018\/03\/14524434_1106112876131411_958039263622046936_o.jpg?resize=350%2C200&ssl=1 1x, https:\/\/i0.wp.com\/www.grieta.org.mx\/wp-content\/uploads\/2018\/03\/14524434_1106112876131411_958039263622046936_o.jpg?resize=525%2C300&ssl=1 1.5x, https:\/\/i0.wp.com\/www.grieta.org.mx\/wp-content\/uploads\/2018\/03\/14524434_1106112876131411_958039263622046936_o.jpg?resize=700%2C400&ssl=1 2x"},"classes":[]},{"id":25420,"url":"https:\/\/www.grieta.org.mx\/index.php\/2018\/08\/09\/cormpartes-2018-imagenes-ultimo-dia\/","url_meta":{"origin":18719,"position":5},"title":"CompArte 2018 im\u00e1genes \u00faltimo d\u00eda.","author":"grieta","date":"9 agosto, 2018","format":false,"excerpt":"Caracol de Morelia, Chiapas, M\u00e9xico. 25 Zapatistas rapeando con Lengualerta CompArte 2018, \u00faltimo d\u00eda en el Caracol de Morelia Mensaje para los capataces, pasados, presentes y futuros del EZLN CompArte 2018, \u00faltimo d\u00eda en el Caracol de la Realidad CompArte 2018, \u00faltimo d\u00eda en el Caracol de la Realidad CompArte\u2026","rel":"","context":"En &quot;CINTILLO&quot;","block_context":{"text":"CINTILLO","link":"https:\/\/www.grieta.org.mx\/index.php\/category\/cintillo\/"},"img":{"alt_text":"","src":"https:\/\/i0.wp.com\/www.grieta.org.mx\/wp-content\/uploads\/2018\/08\/DkMXqKRUcAIWTTQ.jpg-large.jpg?resize=350%2C200&ssl=1","width":350,"height":200,"srcset":"https:\/\/i0.wp.com\/www.grieta.org.mx\/wp-content\/uploads\/2018\/08\/DkMXqKRUcAIWTTQ.jpg-large.jpg?resize=350%2C200&ssl=1 1x, https:\/\/i0.wp.com\/www.grieta.org.mx\/wp-content\/uploads\/2018\/08\/DkMXqKRUcAIWTTQ.jpg-large.jpg?resize=525%2C300&ssl=1 1.5x, https:\/\/i0.wp.com\/www.grieta.org.mx\/wp-content\/uploads\/2018\/08\/DkMXqKRUcAIWTTQ.jpg-large.jpg?resize=700%2C400&ssl=1 2x"},"classes":[]}],"_links":{"self":[{"href":"https:\/\/www.grieta.org.mx\/index.php\/wp-json\/wp\/v2\/posts\/18719","targetHints":{"allow":["GET"]}}],"collection":[{"href":"https:\/\/www.grieta.org.mx\/index.php\/wp-json\/wp\/v2\/posts"}],"about":[{"href":"https:\/\/www.grieta.org.mx\/index.php\/wp-json\/wp\/v2\/types\/post"}],"author":[{"embeddable":true,"href":"https:\/\/www.grieta.org.mx\/index.php\/wp-json\/wp\/v2\/users\/2"}],"replies":[{"embeddable":true,"href":"https:\/\/www.grieta.org.mx\/index.php\/wp-json\/wp\/v2\/comments?post=18719"}],"version-history":[{"count":1,"href":"https:\/\/www.grieta.org.mx\/index.php\/wp-json\/wp\/v2\/posts\/18719\/revisions"}],"predecessor-version":[{"id":18734,"href":"https:\/\/www.grieta.org.mx\/index.php\/wp-json\/wp\/v2\/posts\/18719\/revisions\/18734"}],"wp:featuredmedia":[{"embeddable":true,"href":"https:\/\/www.grieta.org.mx\/index.php\/wp-json\/wp\/v2\/media\/21928"}],"wp:attachment":[{"href":"https:\/\/www.grieta.org.mx\/index.php\/wp-json\/wp\/v2\/media?parent=18719"}],"wp:term":[{"taxonomy":"category","embeddable":true,"href":"https:\/\/www.grieta.org.mx\/index.php\/wp-json\/wp\/v2\/categories?post=18719"},{"taxonomy":"post_tag","embeddable":true,"href":"https:\/\/www.grieta.org.mx\/index.php\/wp-json\/wp\/v2\/tags?post=18719"}],"curies":[{"name":"wp","href":"https:\/\/api.w.org\/{rel}","templated":true}]}}