{"id":18717,"date":"2016-08-09T14:20:39","date_gmt":"2016-08-09T19:20:39","guid":{"rendered":"http:\/\/www.grieta.org.mx\/?p=18717"},"modified":"2016-08-10T13:49:34","modified_gmt":"2016-08-10T18:49:34","slug":"danos-ambientales-por-derrame-de-hidrocarburos-en-colima","status":"publish","type":"post","link":"https:\/\/www.grieta.org.mx\/index.php\/2016\/08\/09\/danos-ambientales-por-derrame-de-hidrocarburos-en-colima\/","title":{"rendered":"Da\u00f1os ambientales por derrame de hidrocarburos en Colima"},"content":{"rendered":"<p><strong>09\/08\/16. <\/strong><a href=\"http:\/\/www.grieta.org.mx\/index.php\/2016\/08\/09\/a-17-dias-del-derrame-de-combustoleo-nadie-quiere-hacerse-responsable-por-los-danos\/\" >A 17 d\u00edas del derrame de combust\u00f3leo nadie quiere hacerse responsable por los da\u00f1os<\/a><br \/><em>Manzanillo TV<\/em><br  \/><\/p>\n<p><strong>04\/08\/16. <\/strong><a href=\"http:\/\/www.grieta.org.mx\/index.php\/2016\/08\/04\/fuga-de-hidrocarburo-en-manzanillo-en-instalaciones-de-ferromex\/\" >Fuga de hidrocarburo en Manzanillo, en instalaciones de Ferromex<\/a><br \/><em>20 minutos<\/em><br  \/><\/p>\n<p><strong>04\/08\/16. <\/strong><a href=\"http:\/\/www.grieta.org.mx\/index.php\/2016\/08\/04\/no-se-sabe-lo-que-provoco-el-derrame-de-combustoleo-imex\/\" >No se sabe lo que provoc\u00f3 el derrame de combust\u00f3leo: IMEX<\/a><br \/><em>Manzanillo TV<\/em><br  \/><\/p>\n<p><strong>03\/08\/16. <\/strong><a href=\"http:\/\/www.grieta.org.mx\/index.php\/2016\/08\/03\/fuga-de-pemex-causa-desastre-ecologico-en-laguna-colima\/\" >Fuga de Pemex causa desastre ecol\u00f3gico en laguna<\/a><br \/><em>Correo de Manzanillo<\/em><br  \/><\/p>\n","protected":false},"excerpt":{"rendered":"<p>09\/08\/16. A 17 d\u00edas del derrame de combust\u00f3leo nadie quiere hacerse responsable por los da\u00f1osManzanillo TV 04\/08\/16. Fuga de hidrocarburo en Manzanillo, en instalaciones de Ferromex20 minutos 04\/08\/16. No se &hellip; <a href=\"https:\/\/www.grieta.org.mx\/index.php\/2016\/08\/09\/danos-ambientales-por-derrame-de-hidrocarburos-en-colima\/\" class=\"more-link\">Leer m\u00e1s<\/a><\/p>\n","protected":false},"author":2,"featured_media":21928,"comment_status":"closed","ping_status":"closed","sticky":false,"template":"","format":"standard","meta":{"ngg_post_thumbnail":0,"_jetpack_newsletter_access":"","_jetpack_dont_email_post_to_subs":false,"_jetpack_newsletter_tier_id":0,"_jetpack_memberships_contains_paywalled_content":false,"_jetpack_memberships_contains_paid_content":false,"footnotes":""},"categories":[13,2],"tags":[],"class_list":["post-18717","post","type-post","status-publish","format-standard","has-post-thumbnail","hentry","category-colima","category-noticias-nacionales","entry"],"jetpack_featured_media_url":"https:\/\/www.grieta.org.mx\/wp-content\/uploads\/2018\/03\/14524434_1106112876131411_958039263622046936_o.jpg","jetpack_sharing_enabled":true,"jetpack_shortlink":"https:\/\/wp.me\/p7ZJR4-4RT","jetpack_likes_enabled":false,"jetpack-related-posts":[{"id":19264,"url":"https:\/\/www.grieta.org.mx\/index.php\/2016\/08\/04\/fuga-de-hidrocarburo-en-manzanillo-en-instalaciones-de-ferromex\/","url_meta":{"origin":18717,"position":0},"title":"Fuga de hidrocarburo en Manzanillo, en instalaciones de Ferromex","author":"grieta","date":"4 agosto, 2016","format":false,"excerpt":"Notimex El derrame de hidrocarburo en el puerto de Manzanillo tuvo su origen en instalaciones de Ferrocarril Mexicano (Ferromex), asegur\u00f3 la Comisi\u00f3n Federal de Electricidad (CFE). \u201cSe tiene registro de que la falla en la infraestructura que transporta combust\u00f3leo ocurri\u00f3 en las instalaciones de Ferromex, en un \u00e1rea cercana a\u2026","rel":"","context":"En &quot;CINTILLO&quot;","block_context":{"text":"CINTILLO","link":"https:\/\/www.grieta.org.mx\/index.php\/category\/cintillo\/"},"img":{"alt_text":"","src":"https:\/\/i0.wp.com\/www.grieta.org.mx\/wp-content\/uploads\/2018\/03\/14524434_1106112876131411_958039263622046936_o.jpg?resize=350%2C200&ssl=1","width":350,"height":200,"srcset":"https:\/\/i0.wp.com\/www.grieta.org.mx\/wp-content\/uploads\/2018\/03\/14524434_1106112876131411_958039263622046936_o.jpg?resize=350%2C200&ssl=1 1x, https:\/\/i0.wp.com\/www.grieta.org.mx\/wp-content\/uploads\/2018\/03\/14524434_1106112876131411_958039263622046936_o.jpg?resize=525%2C300&ssl=1 1.5x, https:\/\/i0.wp.com\/www.grieta.org.mx\/wp-content\/uploads\/2018\/03\/14524434_1106112876131411_958039263622046936_o.jpg?resize=700%2C400&ssl=1 2x"},"classes":[]},{"id":19267,"url":"https:\/\/www.grieta.org.mx\/index.php\/2016\/08\/09\/a-17-dias-del-derrame-de-combustoleo-nadie-quiere-hacerse-responsable-por-los-danos\/","url_meta":{"origin":18717,"position":1},"title":"A 17 d\u00edas del derrame de combust\u00f3leo nadie quiere hacerse responsable por los da\u00f1os","author":"grieta","date":"9 agosto, 2016","format":false,"excerpt":"Redacci\u00f3n Manzanillo TV El 23 de julio, se derram\u00f3 alrededor de 80 mil litros de combust\u00f3leo a unos metros del vaso 2 de la laguna de Cuyutl\u00e1n. Ayer, la lluvia ocasion\u00f3 la filtraci\u00f3n del combust\u00f3leo a las aguas de la laguna. Un litro de aceite puede contaminar hasta mil litros\u2026","rel":"","context":"En &quot;CINTILLO&quot;","block_context":{"text":"CINTILLO","link":"https:\/\/www.grieta.org.mx\/index.php\/category\/cintillo\/"},"img":{"alt_text":"","src":"https:\/\/i0.wp.com\/www.grieta.org.mx\/wp-content\/uploads\/2018\/03\/14524434_1106112876131411_958039263622046936_o.jpg?resize=350%2C200&ssl=1","width":350,"height":200,"srcset":"https:\/\/i0.wp.com\/www.grieta.org.mx\/wp-content\/uploads\/2018\/03\/14524434_1106112876131411_958039263622046936_o.jpg?resize=350%2C200&ssl=1 1x, https:\/\/i0.wp.com\/www.grieta.org.mx\/wp-content\/uploads\/2018\/03\/14524434_1106112876131411_958039263622046936_o.jpg?resize=525%2C300&ssl=1 1.5x, https:\/\/i0.wp.com\/www.grieta.org.mx\/wp-content\/uploads\/2018\/03\/14524434_1106112876131411_958039263622046936_o.jpg?resize=700%2C400&ssl=1 2x"},"classes":[]},{"id":19261,"url":"https:\/\/www.grieta.org.mx\/index.php\/2016\/08\/04\/no-se-sabe-lo-que-provoco-el-derrame-de-combustoleo-imex\/","url_meta":{"origin":18717,"position":2},"title":"No se sabe lo que provoc\u00f3 el derrame de combust\u00f3leo: IMEX","author":"grieta","date":"4 agosto, 2016","format":false,"excerpt":"Redacci\u00f3n Manzanillo TV Entrevistado en el marco de una reuni\u00f3n entre autoridades de los 3 niveles de gobierno, PEMEX, CFE, y Ferromex, el director general de Intermodal M\u00e9xico, H\u00e9ctor Cuevas, dijo que a\u00fan no se sabe que es lo que provoc\u00f3 el derrame de entre 50 mil y 80 mil\u2026","rel":"","context":"En &quot;CINTILLO&quot;","block_context":{"text":"CINTILLO","link":"https:\/\/www.grieta.org.mx\/index.php\/category\/cintillo\/"},"img":{"alt_text":"","src":"https:\/\/i0.wp.com\/www.grieta.org.mx\/wp-content\/uploads\/2018\/03\/14524434_1106112876131411_958039263622046936_o.jpg?resize=350%2C200&ssl=1","width":350,"height":200,"srcset":"https:\/\/i0.wp.com\/www.grieta.org.mx\/wp-content\/uploads\/2018\/03\/14524434_1106112876131411_958039263622046936_o.jpg?resize=350%2C200&ssl=1 1x, https:\/\/i0.wp.com\/www.grieta.org.mx\/wp-content\/uploads\/2018\/03\/14524434_1106112876131411_958039263622046936_o.jpg?resize=525%2C300&ssl=1 1.5x, https:\/\/i0.wp.com\/www.grieta.org.mx\/wp-content\/uploads\/2018\/03\/14524434_1106112876131411_958039263622046936_o.jpg?resize=700%2C400&ssl=1 2x"},"classes":[]},{"id":18713,"url":"https:\/\/www.grieta.org.mx\/index.php\/2016\/08\/03\/fuga-de-pemex-causa-desastre-ecologico-en-laguna-colima\/","url_meta":{"origin":18717,"position":3},"title":"Fuga de Pemex causa desastre ecol\u00f3gico en laguna (Colima)","author":"grieta","date":"3 agosto, 2016","format":false,"excerpt":"*M\u00e1s de mil barriles de combust\u00f3leo fueron vertidos a la laguna; las autoridades ni sus luces C\u00e9sar Hern\u00e1ndez Fuga de combust\u00f3leo en los ductos de Petr\u00f3leos Mexicanos, caus\u00f3 desastre ecol\u00f3gico en las m\u00e1rgenes de la laguna de Cuyutl\u00e1n, a la altura de la compuerta cerca a las instalaciones de la\u2026","rel":"","context":"En &quot;CINTILLO&quot;","block_context":{"text":"CINTILLO","link":"https:\/\/www.grieta.org.mx\/index.php\/category\/cintillo\/"},"img":{"alt_text":"","src":"https:\/\/i0.wp.com\/www.grieta.org.mx\/wp-content\/uploads\/2018\/03\/14524434_1106112876131411_958039263622046936_o.jpg?resize=350%2C200&ssl=1","width":350,"height":200,"srcset":"https:\/\/i0.wp.com\/www.grieta.org.mx\/wp-content\/uploads\/2018\/03\/14524434_1106112876131411_958039263622046936_o.jpg?resize=350%2C200&ssl=1 1x, https:\/\/i0.wp.com\/www.grieta.org.mx\/wp-content\/uploads\/2018\/03\/14524434_1106112876131411_958039263622046936_o.jpg?resize=525%2C300&ssl=1 1.5x, https:\/\/i0.wp.com\/www.grieta.org.mx\/wp-content\/uploads\/2018\/03\/14524434_1106112876131411_958039263622046936_o.jpg?resize=700%2C400&ssl=1 2x"},"classes":[]},{"id":56347,"url":"https:\/\/www.grieta.org.mx\/index.php\/2021\/01\/10\/se-manifiestan-pescadores-de-la-laguna-de-cuyutlan-a-las-afueras-de-las-instalaciones-de-la-api-colima\/","url_meta":{"origin":18717,"position":4},"title":"Se manifiestan pescadores de la laguna de Cuyutl\u00e1n a las afueras de las instalaciones de la API (Colima)","author":"grieta","date":"10 enero, 2021","format":false,"excerpt":"Foto: Colima Noticias Norma Osiris Moreno \/ Colima Noticias Manzanillo, Col.- Un grupo de m\u00e1s de 50 pescadores arribaron a las afueras de las instalaciones de la Administraci\u00f3n Portuaria Integral de Manzanillo, ubicadas en San Pedrito para manifestarse durante la visita del presidente de la Rep\u00fablica Andr\u00e9s Manuel L\u00f3pez Obrador.\u2026","rel":"","context":"En &quot;CINTILLO&quot;","block_context":{"text":"CINTILLO","link":"https:\/\/www.grieta.org.mx\/index.php\/category\/cintillo\/"},"img":{"alt_text":"","src":"https:\/\/i0.wp.com\/www.grieta.org.mx\/wp-content\/uploads\/2021\/01\/pescadores-se-manifiestan-en-API-AMLO-Colima-768x576-1.png?resize=350%2C200&ssl=1","width":350,"height":200,"srcset":"https:\/\/i0.wp.com\/www.grieta.org.mx\/wp-content\/uploads\/2021\/01\/pescadores-se-manifiestan-en-API-AMLO-Colima-768x576-1.png?resize=350%2C200&ssl=1 1x, https:\/\/i0.wp.com\/www.grieta.org.mx\/wp-content\/uploads\/2021\/01\/pescadores-se-manifiestan-en-API-AMLO-Colima-768x576-1.png?resize=525%2C300&ssl=1 1.5x, https:\/\/i0.wp.com\/www.grieta.org.mx\/wp-content\/uploads\/2021\/01\/pescadores-se-manifiestan-en-API-AMLO-Colima-768x576-1.png?resize=700%2C400&ssl=1 2x"},"classes":[]},{"id":2028,"url":"https:\/\/www.grieta.org.mx\/index.php\/2016\/07\/01\/2028\/","url_meta":{"origin":18717,"position":5},"title":"Proyecto Puerto de Cuyutl\u00e1n","author":"grieta","date":"1 julio, 2016","format":false,"excerpt":"01\/07\/16. Colima prepara una ampliaci\u00f3n en el puerto de Manzanillo para 2020Obras Web 30\/06\/16. Industria automotriz y Gobierno de Colima insisten en Cuyutl\u00e1nRevista T21 08\/03\/16. Termoel\u00e9ctrica dej\u00f3 de usar gas natural y vuelve al contaminante combust\u00f3leoAF Medios 03\/01\/16. Crecimiento del Puerto de Manzanillo debe ser hacia Cuyutl\u00e1n Manzanillo News 28\/07\/14.\u2026","rel":"","context":"En &quot;\u00c1reas naturales protegidas&quot;","block_context":{"text":"\u00c1reas naturales protegidas","link":"https:\/\/www.grieta.org.mx\/index.php\/category\/megaproyectos\/areas-naturales-protegidas\/"},"img":{"alt_text":"","src":"https:\/\/i0.wp.com\/www.grieta.org.mx\/wp-content\/uploads\/2018\/03\/14524434_1106112876131411_958039263622046936_o.jpg?resize=350%2C200&ssl=1","width":350,"height":200,"srcset":"https:\/\/i0.wp.com\/www.grieta.org.mx\/wp-content\/uploads\/2018\/03\/14524434_1106112876131411_958039263622046936_o.jpg?resize=350%2C200&ssl=1 1x, https:\/\/i0.wp.com\/www.grieta.org.mx\/wp-content\/uploads\/2018\/03\/14524434_1106112876131411_958039263622046936_o.jpg?resize=525%2C300&ssl=1 1.5x, https:\/\/i0.wp.com\/www.grieta.org.mx\/wp-content\/uploads\/2018\/03\/14524434_1106112876131411_958039263622046936_o.jpg?resize=700%2C400&ssl=1 2x"},"classes":[]}],"_links":{"self":[{"href":"https:\/\/www.grieta.org.mx\/index.php\/wp-json\/wp\/v2\/posts\/18717","targetHints":{"allow":["GET"]}}],"collection":[{"href":"https:\/\/www.grieta.org.mx\/index.php\/wp-json\/wp\/v2\/posts"}],"about":[{"href":"https:\/\/www.grieta.org.mx\/index.php\/wp-json\/wp\/v2\/types\/post"}],"author":[{"embeddable":true,"href":"https:\/\/www.grieta.org.mx\/index.php\/wp-json\/wp\/v2\/users\/2"}],"replies":[{"embeddable":true,"href":"https:\/\/www.grieta.org.mx\/index.php\/wp-json\/wp\/v2\/comments?post=18717"}],"version-history":[{"count":1,"href":"https:\/\/www.grieta.org.mx\/index.php\/wp-json\/wp\/v2\/posts\/18717\/revisions"}],"predecessor-version":[{"id":19271,"href":"https:\/\/www.grieta.org.mx\/index.php\/wp-json\/wp\/v2\/posts\/18717\/revisions\/19271"}],"wp:featuredmedia":[{"embeddable":true,"href":"https:\/\/www.grieta.org.mx\/index.php\/wp-json\/wp\/v2\/media\/21928"}],"wp:attachment":[{"href":"https:\/\/www.grieta.org.mx\/index.php\/wp-json\/wp\/v2\/media?parent=18717"}],"wp:term":[{"taxonomy":"category","embeddable":true,"href":"https:\/\/www.grieta.org.mx\/index.php\/wp-json\/wp\/v2\/categories?post=18717"},{"taxonomy":"post_tag","embeddable":true,"href":"https:\/\/www.grieta.org.mx\/index.php\/wp-json\/wp\/v2\/tags?post=18717"}],"curies":[{"name":"wp","href":"https:\/\/api.w.org\/{rel}","templated":true}]}}