{"id":1869,"date":"2015-08-03T23:40:34","date_gmt":"2015-08-03T23:40:34","guid":{"rendered":"http:\/\/50.22.11.12\/~grietaor\/?p=1869"},"modified":"2018-06-08T01:26:51","modified_gmt":"2018-06-08T06:26:51","slug":"preparan-juicio-y-asamblea-popular-contra-eolicas","status":"publish","type":"post","link":"https:\/\/www.grieta.org.mx\/index.php\/2015\/08\/03\/preparan-juicio-y-asamblea-popular-contra-eolicas\/","title":{"rendered":"Preparan juicio y asamblea popular contra e\u00f3licas"},"content":{"rendered":"<p>Noticias Net.<\/p>\n<p>Roselia Chaca,<\/p>\n<p>Juchit\u00e1n, Oaxaca.- Las dos fracciones que integran la Asamblea Popular del Pueblo Juchiteco (APPJ) mostraron su rechazo a la aprobaci\u00f3n de la instalaci\u00f3n del parque e\u00f3lico de la empresa \u2018E\u00f3lica del Sur\u2019, que se llev\u00f3 a cabo en la Consulta Ind\u00edgena, en el marco del Convenio 169 de la Organizaci\u00f3n Internacional del Trabajo (OIT).<\/p>\n<p>La fracci\u00f3n que coordinan Mariano L\u00f3pez e Isabel Jim\u00e9nez, informaron que continuar\u00e1n con la lucha contra el despojo del territorio zapoteca, por lo que preparan un juicio ante organismos internacionales, contra lo que llamaron la farsa de la Consulta Ind\u00edgena.<\/p>\n<p>\u201cSiempre lo denunciamos. La consulta fue una farsa. Ya estaba acordada entre los l\u00edderes de la COCEI y el gobierno la instalaci\u00f3n. Todo fue un circo para argumentar que se cumpli\u00f3 con el Convenio 169, que se consult\u00f3 al pueblo, pero se consult\u00f3 a la gente de los grupos que tienen intereses, no al pueblo\u201d, argument\u00f3 Mariano L\u00f3pez.<\/p>\n<p>Por su parte, la otra fracci\u00f3n que comandan Raymundo Regalado Jim\u00e9nez y Carlos S\u00e1nchez, acordaron realizar con otras organizaciones, como la Asamblea en Defensa de la Tierra y el Territorio, una consulta popular, comunitaria e ind\u00edgena por el consentimiento, respecto a los parques e\u00f3licos en la comunidad, apegados a las leyes del Estado mexicano y del propio estado de Oaxaca, as\u00ed como a los Derechos Humanos y al Convenio 169, a nivel internacional.<\/p>\n<p>La APPJ, fue la \u00fanica y m\u00e1s fuerte oposici\u00f3n al proyecto e\u00f3lico en Juchit\u00e1n.<\/p>\n<p>Los grupos de la COCEI, desde un principio, mantuvieron reuniones paralelas con los gobiernos estatal y federal, para condicionar la instalaci\u00f3n del parque e\u00f3lico en m\u00e1s de 5 mil hect\u00e1reas de tierras.<\/p>\n<p>EL APUNTE:<\/p>\n<p>El pasado jueves por la noche concluy\u00f3 la Consulta Ind\u00edgena con el veredicto de que se instalar\u00e1n 136 aerogeneradores en 2 pol\u00edgonos entre Juchit\u00e1n y Espinal.<\/p>\n<p><a href=\"http:\/\/www.noticiasnet.mx\/portal\/istmo\/general\/grupos-vulnerables\/294376-preparan-juicio-asamblea-popular-contra-eolicas\" target=\"_blank\">www.noticiasnet.mx\/portal\/istmo\/general\/grupos-vulnerables\/294376-preparan-juicio-asamblea-popular-contra-eolicas<\/a><\/p>\n","protected":false},"excerpt":{"rendered":"<p>Noticias Net. Roselia Chaca, Juchit\u00e1n, Oaxaca.- Las dos fracciones que integran la Asamblea Popular del Pueblo Juchiteco (APPJ) mostraron su rechazo a la aprobaci\u00f3n de la instalaci\u00f3n del parque e\u00f3lico &hellip; <a href=\"https:\/\/www.grieta.org.mx\/index.php\/2015\/08\/03\/preparan-juicio-y-asamblea-popular-contra-eolicas\/\" class=\"more-link\">Leer m\u00e1s<\/a><\/p>\n","protected":false},"author":2,"featured_media":21928,"comment_status":"closed","ping_status":"open","sticky":false,"template":"","format":"standard","meta":{"ngg_post_thumbnail":0,"_jetpack_newsletter_access":"","_jetpack_dont_email_post_to_subs":false,"_jetpack_newsletter_tier_id":0,"_jetpack_memberships_contains_paywalled_content":false,"_jetpack_memberships_contains_paid_content":false,"footnotes":""},"categories":[80,1306,2,25],"tags":[219,214,93,220],"class_list":["post-1869","post","type-post","status-publish","format-standard","has-post-thumbnail","hentry","category-cintillo","category-conflictos-por-parques-eolicos-en-oaxaca","category-noticias-nacionales","category-oaxaca","tag-consulta","tag-eolicas","tag-oaxaca","tag-sener","entry"],"jetpack_featured_media_url":"https:\/\/www.grieta.org.mx\/wp-content\/uploads\/2018\/03\/14524434_1106112876131411_958039263622046936_o.jpg","jetpack_sharing_enabled":true,"jetpack_shortlink":"https:\/\/wp.me\/p7ZJR4-u9","jetpack_likes_enabled":false,"jetpack-related-posts":[{"id":13891,"url":"https:\/\/www.grieta.org.mx\/index.php\/2016\/06\/01\/consulta-a-comunidades-zapotecas-para-proyecto-eolicas-del-sur-no-cumplio-con-los-requisitos-de-ley\/","url_meta":{"origin":1869,"position":0},"title":"Consulta a comunidades zapotecas para proyecto E\u00f3licas del Sur no cumpli\u00f3 con los requisitos de ley","author":"grieta","date":"1 junio, 2016","format":false,"excerpt":"Diario Oaxaca Redacci\u00f3n, Oaxaca, M\u00e9xico.- En Amicus Curiae presentado al Juzgado S\u00e9ptimo en Salina Cruz organizaciones y expertos piden que, debido a que \u00e9sta no fue previa, los permisos otorgados deben quedar sin efecto. Los proyectos de energ\u00edas renovables deben garantizar el respeto irrestricto de los derechos humanos de las\u2026","rel":"","context":"En &quot;CINTILLO&quot;","block_context":{"text":"CINTILLO","link":"https:\/\/www.grieta.org.mx\/index.php\/category\/cintillo\/"},"img":{"alt_text":"","src":"https:\/\/i0.wp.com\/www.grieta.org.mx\/wp-content\/uploads\/2018\/03\/14524434_1106112876131411_958039263622046936_o.jpg?resize=350%2C200&ssl=1","width":350,"height":200,"srcset":"https:\/\/i0.wp.com\/www.grieta.org.mx\/wp-content\/uploads\/2018\/03\/14524434_1106112876131411_958039263622046936_o.jpg?resize=350%2C200&ssl=1 1x, https:\/\/i0.wp.com\/www.grieta.org.mx\/wp-content\/uploads\/2018\/03\/14524434_1106112876131411_958039263622046936_o.jpg?resize=525%2C300&ssl=1 1.5x, https:\/\/i0.wp.com\/www.grieta.org.mx\/wp-content\/uploads\/2018\/03\/14524434_1106112876131411_958039263622046936_o.jpg?resize=700%2C400&ssl=1 2x"},"classes":[]},{"id":59358,"url":"https:\/\/www.grieta.org.mx\/index.php\/2021\/05\/03\/comuneros-de-puente-madera-rechazan-consulta-e-imposicion-de-parque-industrial-del-corredor-interoceanico-oaxaca\/","url_meta":{"origin":1869,"position":1},"title":"Comuneros de Puente Madera rechazan consulta e \u201cimposici\u00f3n\u201d de Parque Industrial del Corredor Interoce\u00e1nico (Oaxaca)","author":"grieta","date":"3 mayo, 2021","format":false,"excerpt":"La Coperacha \/ Redacci\u00f3n Foto: Asamblea de Pueblos del Istmo en Defensa de la Tierra y el Territorio. Con cierres carreteros, denuncian uso de firmas falsificadas en asamblea que sirvi\u00f3 de aval para la entrada del proyecto. El d\u00eda s\u00e1bado se llev\u00f3 a cabo la consulta ind\u00edgena en el municipio\u2026","rel":"","context":"En &quot;CINTILLO&quot;","block_context":{"text":"CINTILLO","link":"https:\/\/www.grieta.org.mx\/index.php\/category\/cintillo\/"},"img":{"alt_text":"","src":"https:\/\/i0.wp.com\/www.grieta.org.mx\/wp-content\/uploads\/2021\/05\/a.jpg?resize=350%2C200&ssl=1","width":350,"height":200,"srcset":"https:\/\/i0.wp.com\/www.grieta.org.mx\/wp-content\/uploads\/2021\/05\/a.jpg?resize=350%2C200&ssl=1 1x, https:\/\/i0.wp.com\/www.grieta.org.mx\/wp-content\/uploads\/2021\/05\/a.jpg?resize=525%2C300&ssl=1 1.5x, https:\/\/i0.wp.com\/www.grieta.org.mx\/wp-content\/uploads\/2021\/05\/a.jpg?resize=700%2C400&ssl=1 2x"},"classes":[]},{"id":1871,"url":"https:\/\/www.grieta.org.mx\/index.php\/2015\/07\/29\/organizaciones-sociales-inician-contracampana-ante-eolicas\/","url_meta":{"origin":1869,"position":2},"title":"Organizaciones sociales inician contracampa\u00f1a ante e\u00f3licas","author":"grieta","date":"29 julio, 2015","format":false,"excerpt":"Matilde P\u00e9rez U., Oaxaca Peri\u00f3dico La Jornada Mi\u00e9rcoles 29 de julio de 2015, p. 33 Para contrarrestar la campa\u00f1a que el presidente municipal de Juchit\u00e1n de Zaragoza, Sa\u00fal Vicente V\u00e1zquez, y l\u00edderes de la Coalici\u00f3n Obrero Campesina Estudiantil del Istmo de Tehuantepec (Cocei) realizan en favor de la instalaci\u00f3n de\u2026","rel":"","context":"En &quot;CINTILLO&quot;","block_context":{"text":"CINTILLO","link":"https:\/\/www.grieta.org.mx\/index.php\/category\/cintillo\/"},"img":{"alt_text":"","src":"https:\/\/i0.wp.com\/www.grieta.org.mx\/wp-content\/uploads\/2018\/03\/14524434_1106112876131411_958039263622046936_o.jpg?resize=350%2C200&ssl=1","width":350,"height":200,"srcset":"https:\/\/i0.wp.com\/www.grieta.org.mx\/wp-content\/uploads\/2018\/03\/14524434_1106112876131411_958039263622046936_o.jpg?resize=350%2C200&ssl=1 1x, https:\/\/i0.wp.com\/www.grieta.org.mx\/wp-content\/uploads\/2018\/03\/14524434_1106112876131411_958039263622046936_o.jpg?resize=525%2C300&ssl=1 1.5x, https:\/\/i0.wp.com\/www.grieta.org.mx\/wp-content\/uploads\/2018\/03\/14524434_1106112876131411_958039263622046936_o.jpg?resize=700%2C400&ssl=1 2x"},"classes":[]},{"id":14328,"url":"https:\/\/www.grieta.org.mx\/index.php\/2016\/06\/16\/continua-en-revision-la-construccion-de-parque-eolico-en-juchitan\/","url_meta":{"origin":1869,"position":3},"title":"Contin\u00faa en revisi\u00f3n la construcci\u00f3n de parque e\u00f3lico en Juchit\u00e1n","author":"grieta","date":"16 junio, 2016","format":false,"excerpt":"IstmoPress Diana Manzo, Juchitan, Oaxaca.- Integrantes de la Asamblea Popular del Pueblo Juchiteco (AAPJ) manifestaron que a pesar de que el juez federal rechaz\u00f3 el amparo interpuesto por el pueblo binizza no significa que se construir\u00e1 el parque e\u00f3lico en Juchit\u00e1n, porque a\u00fan falta por resolver un segundo amparo y\u2026","rel":"","context":"En &quot;CINTILLO&quot;","block_context":{"text":"CINTILLO","link":"https:\/\/www.grieta.org.mx\/index.php\/category\/cintillo\/"},"img":{"alt_text":"","src":"https:\/\/i0.wp.com\/www.grieta.org.mx\/wp-content\/uploads\/2018\/03\/14524434_1106112876131411_958039263622046936_o.jpg?resize=350%2C200&ssl=1","width":350,"height":200,"srcset":"https:\/\/i0.wp.com\/www.grieta.org.mx\/wp-content\/uploads\/2018\/03\/14524434_1106112876131411_958039263622046936_o.jpg?resize=350%2C200&ssl=1 1x, https:\/\/i0.wp.com\/www.grieta.org.mx\/wp-content\/uploads\/2018\/03\/14524434_1106112876131411_958039263622046936_o.jpg?resize=525%2C300&ssl=1 1.5x, https:\/\/i0.wp.com\/www.grieta.org.mx\/wp-content\/uploads\/2018\/03\/14524434_1106112876131411_958039263622046936_o.jpg?resize=700%2C400&ssl=1 2x"},"classes":[]},{"id":31902,"url":"https:\/\/www.grieta.org.mx\/index.php\/2019\/04\/08\/ante-la-ausencia-de-la-sener-se-pospone-asamblea-de-consulta-indigena-en-union-hidalgo-oaxaca\/","url_meta":{"origin":1869,"position":4},"title":"Ante la ausencia de la Sener se pospone asamblea de consulta ind\u00edgena en Uni\u00f3n Hidalgo (Oaxaca)","author":"grieta","date":"8 abril, 2019","format":false,"excerpt":"IstmoPress. Diana Manzo \/ Agencia de Noticias Istmopress, *Defensores comunitarios presentaran nuevo protocolo de consulta *Propietarios proponen reactivar consulta ind\u00edgena el pr\u00f3ximo 13 de abril Uni\u00f3n Hidalgo, Oaxaca.\u2013 Ante la ausencia de funcionarios de la Secretaria de Energ\u00eda (Sener) se cancel\u00f3 la reanudaci\u00f3n de la asamblea ind\u00edgena en su primera\u2026","rel":"","context":"En &quot;CINTILLO&quot;","block_context":{"text":"CINTILLO","link":"https:\/\/www.grieta.org.mx\/index.php\/category\/cintillo\/"},"img":{"alt_text":"","src":"https:\/\/i0.wp.com\/www.grieta.org.mx\/wp-content\/uploads\/2019\/04\/consulta.jpg?resize=350%2C200&ssl=1","width":350,"height":200,"srcset":"https:\/\/i0.wp.com\/www.grieta.org.mx\/wp-content\/uploads\/2019\/04\/consulta.jpg?resize=350%2C200&ssl=1 1x, https:\/\/i0.wp.com\/www.grieta.org.mx\/wp-content\/uploads\/2019\/04\/consulta.jpg?resize=525%2C300&ssl=1 1.5x, https:\/\/i0.wp.com\/www.grieta.org.mx\/wp-content\/uploads\/2019\/04\/consulta.jpg?resize=700%2C400&ssl=1 2x"},"classes":[]},{"id":1865,"url":"https:\/\/www.grieta.org.mx\/index.php\/2015\/08\/05\/sener-oaxaquenos-aprobaron-parque-eolico-se-viola-amparo-pueblos-indios\/","url_meta":{"origin":1869,"position":5},"title":"Sener: oaxaque\u00f1os aprobaron parque e\u00f3lico; se viola amparo: pueblos indios","author":"grieta","date":"5 agosto, 2015","format":false,"excerpt":"Miriam Posada Garc\u00eda, Oaxaca Mi\u00e9rcoles 5 de agosto de 2015, p. 27 La Secretar\u00eda de Energ\u00eda (Sener) inform\u00f3 que la comunidad ind\u00edgena zapoteca de Juchit\u00e1n de Zaragoza, Oaxaca, otorg\u00f3 su consentimiento para la construcci\u00f3n y operaci\u00f3n del proyecto de generaci\u00f3n de energ\u00eda e\u00f3lica, que tendr\u00e1 un costo estimado de 14\u2026","rel":"","context":"En &quot;CINTILLO&quot;","block_context":{"text":"CINTILLO","link":"https:\/\/www.grieta.org.mx\/index.php\/category\/cintillo\/"},"img":{"alt_text":"","src":"https:\/\/i0.wp.com\/www.grieta.org.mx\/wp-content\/uploads\/2018\/03\/14524434_1106112876131411_958039263622046936_o.jpg?resize=350%2C200&ssl=1","width":350,"height":200,"srcset":"https:\/\/i0.wp.com\/www.grieta.org.mx\/wp-content\/uploads\/2018\/03\/14524434_1106112876131411_958039263622046936_o.jpg?resize=350%2C200&ssl=1 1x, https:\/\/i0.wp.com\/www.grieta.org.mx\/wp-content\/uploads\/2018\/03\/14524434_1106112876131411_958039263622046936_o.jpg?resize=525%2C300&ssl=1 1.5x, https:\/\/i0.wp.com\/www.grieta.org.mx\/wp-content\/uploads\/2018\/03\/14524434_1106112876131411_958039263622046936_o.jpg?resize=700%2C400&ssl=1 2x"},"classes":[]}],"_links":{"self":[{"href":"https:\/\/www.grieta.org.mx\/index.php\/wp-json\/wp\/v2\/posts\/1869","targetHints":{"allow":["GET"]}}],"collection":[{"href":"https:\/\/www.grieta.org.mx\/index.php\/wp-json\/wp\/v2\/posts"}],"about":[{"href":"https:\/\/www.grieta.org.mx\/index.php\/wp-json\/wp\/v2\/types\/post"}],"author":[{"embeddable":true,"href":"https:\/\/www.grieta.org.mx\/index.php\/wp-json\/wp\/v2\/users\/2"}],"replies":[{"embeddable":true,"href":"https:\/\/www.grieta.org.mx\/index.php\/wp-json\/wp\/v2\/comments?post=1869"}],"version-history":[{"count":1,"href":"https:\/\/www.grieta.org.mx\/index.php\/wp-json\/wp\/v2\/posts\/1869\/revisions"}],"predecessor-version":[{"id":23531,"href":"https:\/\/www.grieta.org.mx\/index.php\/wp-json\/wp\/v2\/posts\/1869\/revisions\/23531"}],"wp:featuredmedia":[{"embeddable":true,"href":"https:\/\/www.grieta.org.mx\/index.php\/wp-json\/wp\/v2\/media\/21928"}],"wp:attachment":[{"href":"https:\/\/www.grieta.org.mx\/index.php\/wp-json\/wp\/v2\/media?parent=1869"}],"wp:term":[{"taxonomy":"category","embeddable":true,"href":"https:\/\/www.grieta.org.mx\/index.php\/wp-json\/wp\/v2\/categories?post=1869"},{"taxonomy":"post_tag","embeddable":true,"href":"https:\/\/www.grieta.org.mx\/index.php\/wp-json\/wp\/v2\/tags?post=1869"}],"curies":[{"name":"wp","href":"https:\/\/api.w.org\/{rel}","templated":true}]}}