{"id":18687,"date":"2016-07-28T23:50:07","date_gmt":"2016-07-29T04:50:07","guid":{"rendered":"http:\/\/www.grieta.org.mx\/?p=18687"},"modified":"2018-06-14T00:38:01","modified_gmt":"2018-06-14T05:38:01","slug":"exigen-maestros-detencion-de-mandos-policiacos-de-oaxaca-y-de-la-federacion-por-masacre-de-nochixtlan","status":"publish","type":"post","link":"https:\/\/www.grieta.org.mx\/index.php\/2016\/07\/28\/exigen-maestros-detencion-de-mandos-policiacos-de-oaxaca-y-de-la-federacion-por-masacre-de-nochixtlan\/","title":{"rendered":"Exigen maestros detenci\u00f3n de mandos policiacos de Oaxaca y de la Federaci\u00f3n por masacre de Nochixtl\u00e1n"},"content":{"rendered":"<p>P\u00e1gina 3.<\/p>\n<p>Pedro Mat\u00edas,<\/p>\n<p>Oaxaca.- Maestros de la Secci\u00f3n 22 del Sindicato Nacional de Trabajadores de la Educaci\u00f3n (SNTE-CNTE) realizaron hoy una megamarcha en rechazo a la reforma educativa, al tiempo que emplazaron al estado Mexicano para que en el transcurso de estos d\u00edas liberen a todos sus presos pol\u00edticos.<\/p>\n<p>Luego de afirmar que \u201cla reforma educativa, el modelo educativo y la reforma curricular nacieron muertos y se enterraron en el estado de Oaxaca\u201d, exigieron la detenci\u00f3n de los mandos policiacos estatales y federales por la \u201cmasacre\u201d de Nochixtl\u00e1n que a decir del magisterio dej\u00f3 12 muertos, 25 presos y m\u00e1s de 100 heridos.<\/p>\n<p>En un mitin frente al Palacio de Gobierno, resaltaron que a 37 d\u00edas de la masacre contra el pueblo de Nochixtl\u00e1n la barbarie cometida por el estado mexicano sigue en la impunidad porque \u201chasta el momento podemos ver con claridad que el estado mexicano siendo responsable no ha detenido a los mandos policiacos estatal y nacional\u201d.<\/p>\n<p>Insistieron en que \u201cno podemos quitar el dedo del rengl\u00f3n que ellos son los verdaderos asesinos, ellos son los responsables de esos asesinatos y ese movimiento se tiene que mantener en la exigencia de justicia y sobre todo que el estado mexicano pague su culpa porque fue un asesinato, una represi\u00f3n de lesa humanidad\u201d.<\/p>\n<p>Por otro lado, dijeron, los presos pol\u00edticos de diferentes jornadas de lucha, no hemos visto con claridad y por eso nosotros hemos emplazado al estado Mexicano para que en el transcurso de estos d\u00edas tengan que liberar a los presos pol\u00edticos porque con toda claridad podemos decir que todos los delitos que les acusan fueron inventados y prefabricados\u201d.<\/p>\n<p>Finalmente, pidi\u00f3 a los maestros a mantenerse en la jornada de lucha porque este movimiento no da un paso a tras\u201d.<\/p>\n<p>Insistieron en que la Reforma Educativa es legal para las instituciones pero no legitima porque no consultaron a los trabajadores de la educaci\u00f3n ni al pueblo.<\/p>\n<p>Hicieron hincapi\u00e9 en que \u201cno nos negamos a un proceso de evaluaci\u00f3n pero que se tiene que construir en base a un diagn\u00f3stico y las dificultades de un sistema nacional como el plan estatal de Oaxaca que busca recuperar la cultura, el tema social, econ\u00f3mico y pol\u00edtico.<\/p>\n<p>La marcha parti\u00f3 e las instalaciones del Instituto Estatal de Educaci\u00f3n P\u00fablica de Oaxaca (IEEPO) hacia el z\u00f3calo de la ciudad.<\/p>\n<p>Apenas, ayer, la CNTE inform\u00f3 que la Secretar\u00eda de Gobernaci\u00f3n se comprometi\u00f3 a la liberaci\u00f3n de todos presos pol\u00edticos, sin embargo, Miguel \u00c1ngel Osorio Chong, rechaz\u00f3 tales acuerdos como la libertad de Rub\u00e9n N\u00fa\u00f1ez Ginez, Francisco Villalobos y otros nueve maestros detenidos.<\/p>\n<p><a href=\"http:\/\/pagina3.mx\/2016\/07\/exigen-maestros-detencion-de-mandos-policiacos-de-oaxaca-y-de-la-federacion-por-masacre-de-nochixtlan\/\" target=\"_blank\">http:\/\/pagina3.mx\/2016\/07\/exigen-maestros-detencion-de-mandos-policiacos-de-oaxaca-y-de-la-federacion-por-masacre-de-nochixtlan\/<\/a><\/p>\n","protected":false},"excerpt":{"rendered":"<p>P\u00e1gina 3. Pedro Mat\u00edas, Oaxaca.- Maestros de la Secci\u00f3n 22 del Sindicato Nacional de Trabajadores de la Educaci\u00f3n (SNTE-CNTE) realizaron hoy una megamarcha en rechazo a la reforma educativa, al &hellip; <a href=\"https:\/\/www.grieta.org.mx\/index.php\/2016\/07\/28\/exigen-maestros-detencion-de-mandos-policiacos-de-oaxaca-y-de-la-federacion-por-masacre-de-nochixtlan\/\" class=\"more-link\">Leer m\u00e1s<\/a><\/p>\n","protected":false},"author":2,"featured_media":21928,"comment_status":"closed","ping_status":"closed","sticky":false,"template":"","format":"standard","meta":{"ngg_post_thumbnail":0,"_jetpack_newsletter_access":"","_jetpack_dont_email_post_to_subs":false,"_jetpack_newsletter_tier_id":0,"_jetpack_memberships_contains_paywalled_content":false,"_jetpack_memberships_contains_paid_content":false,"footnotes":""},"categories":[80,1341,2,25],"tags":[174,832,93,180,135],"class_list":["post-18687","post","type-post","status-publish","format-standard","has-post-thumbnail","hentry","category-cintillo","category-movilizaciones-contra-la-reforma-educativa-y-evaluacion-magisterial-en-oaxaca","category-noticias-nacionales","category-oaxaca","tag-derechos-humanos","tag-nochixtlan","tag-oaxaca","tag-protesta","tag-reforma-educativa","entry"],"jetpack_featured_media_url":"https:\/\/www.grieta.org.mx\/wp-content\/uploads\/2018\/03\/14524434_1106112876131411_958039263622046936_o.jpg","jetpack_sharing_enabled":true,"jetpack_shortlink":"https:\/\/wp.me\/p7ZJR4-4Rp","jetpack_likes_enabled":false,"jetpack-related-posts":[{"id":17194,"url":"https:\/\/www.grieta.org.mx\/index.php\/2016\/07\/17\/la-caravana-de-los-pueblos-por-nochixtlan-parte-a-la-cdmx-llegaran-el-proximo-martes\/","url_meta":{"origin":18687,"position":0},"title":"La caravana de los pueblos por Nochixtl\u00e1n (Oaxaca) parte a la CdMx; llegar\u00e1n el pr\u00f3ximo martes","author":"grieta","date":"17 julio, 2016","format":false,"excerpt":"Redacci\u00f3n Sin Embargo. Ciudad de M\u00e9xico, 17 de julio (SinEmbargo).- La caravana motorizada de los pueblos por Oaxaca, conformada por maestros de la secci\u00f3n 22 de la Coordinadora Nacional de Trabajadores de la Educaci\u00f3n (CNTE), y autoridades municipales, partieron hoy rumbo a la Ciudad de M\u00e9xico donde exigir\u00e1n justicia por\u2026","rel":"","context":"En &quot;CINTILLO&quot;","block_context":{"text":"CINTILLO","link":"https:\/\/www.grieta.org.mx\/index.php\/category\/cintillo\/"},"img":{"alt_text":"","src":"https:\/\/i0.wp.com\/www.grieta.org.mx\/wp-content\/uploads\/2018\/03\/14524434_1106112876131411_958039263622046936_o.jpg?resize=350%2C200&ssl=1","width":350,"height":200,"srcset":"https:\/\/i0.wp.com\/www.grieta.org.mx\/wp-content\/uploads\/2018\/03\/14524434_1106112876131411_958039263622046936_o.jpg?resize=350%2C200&ssl=1 1x, https:\/\/i0.wp.com\/www.grieta.org.mx\/wp-content\/uploads\/2018\/03\/14524434_1106112876131411_958039263622046936_o.jpg?resize=525%2C300&ssl=1 1.5x, https:\/\/i0.wp.com\/www.grieta.org.mx\/wp-content\/uploads\/2018\/03\/14524434_1106112876131411_958039263622046936_o.jpg?resize=700%2C400&ssl=1 2x"},"classes":[]},{"id":14816,"url":"https:\/\/www.grieta.org.mx\/index.php\/2016\/06\/23\/maestros-de-colima-protestan-por-oaxaca\/","url_meta":{"origin":18687,"position":1},"title":"Maestros de Colima protestan por Oaxaca","author":"grieta","date":"23 junio, 2016","format":false,"excerpt":"Redacci\u00f3n Perriodismo Tras el ataque de la Polic\u00eda Federal y del Estado de Oaxaca contra maestros y simpatizantes de la Coordinadora Nacional de Trabajadores de la Educaci\u00f3n (CNTE) que dej\u00f3 diez muertos, maestros de Colima protestaron en el jard\u00edn Libertad. Durante doce horas \u2014desde 8 de la ma\u00f1ana a 8\u2026","rel":"","context":"En &quot;CINTILLO&quot;","block_context":{"text":"CINTILLO","link":"https:\/\/www.grieta.org.mx\/index.php\/category\/cintillo\/"},"img":{"alt_text":"","src":"https:\/\/i0.wp.com\/www.grieta.org.mx\/wp-content\/uploads\/2018\/03\/14524434_1106112876131411_958039263622046936_o.jpg?resize=350%2C200&ssl=1","width":350,"height":200,"srcset":"https:\/\/i0.wp.com\/www.grieta.org.mx\/wp-content\/uploads\/2018\/03\/14524434_1106112876131411_958039263622046936_o.jpg?resize=350%2C200&ssl=1 1x, https:\/\/i0.wp.com\/www.grieta.org.mx\/wp-content\/uploads\/2018\/03\/14524434_1106112876131411_958039263622046936_o.jpg?resize=525%2C300&ssl=1 1.5x, https:\/\/i0.wp.com\/www.grieta.org.mx\/wp-content\/uploads\/2018\/03\/14524434_1106112876131411_958039263622046936_o.jpg?resize=700%2C400&ssl=1 2x"},"classes":[]},{"id":21082,"url":"https:\/\/www.grieta.org.mx\/index.php\/2016\/09\/01\/marcha-la-seccion-22-en-la-ciudad-de-oaxaca\/","url_meta":{"origin":18687,"position":2},"title":"Marcha la Secci\u00f3n 22 en la ciudad de Oaxaca","author":"grieta","date":"1 septiembre, 2016","format":false,"excerpt":"Ernesto Rojas, Oaxaca. OAXACA, Oax., 1 de septiembre de 2016.- Integrantes de la Secci\u00f3n 22 del Sindicato Nacional de Trabajadores de la Educaci\u00f3n (SNTE) iniciaron este jueves una marcha en la ciudad de Oaxaca para protestar contra la reforma educativa. La Secci\u00f3n 22 indic\u00f3 que con esta marcha piden que\u2026","rel":"","context":"En &quot;CINTILLO&quot;","block_context":{"text":"CINTILLO","link":"https:\/\/www.grieta.org.mx\/index.php\/category\/cintillo\/"},"img":{"alt_text":"","src":"https:\/\/i0.wp.com\/www.grieta.org.mx\/wp-content\/uploads\/2018\/03\/14524434_1106112876131411_958039263622046936_o.jpg?resize=350%2C200&ssl=1","width":350,"height":200,"srcset":"https:\/\/i0.wp.com\/www.grieta.org.mx\/wp-content\/uploads\/2018\/03\/14524434_1106112876131411_958039263622046936_o.jpg?resize=350%2C200&ssl=1 1x, https:\/\/i0.wp.com\/www.grieta.org.mx\/wp-content\/uploads\/2018\/03\/14524434_1106112876131411_958039263622046936_o.jpg?resize=525%2C300&ssl=1 1.5x, https:\/\/i0.wp.com\/www.grieta.org.mx\/wp-content\/uploads\/2018\/03\/14524434_1106112876131411_958039263622046936_o.jpg?resize=700%2C400&ssl=1 2x"},"classes":[]},{"id":21079,"url":"https:\/\/www.grieta.org.mx\/index.php\/2016\/08\/31\/bloquean-normalistas-transito-en-3-puntos-cercanos-al-ieepo-oaxaca\/","url_meta":{"origin":18687,"position":3},"title":"Bloquean normalistas tr\u00e1nsito en 3 puntos cercanos al IEEPO  (Oaxaca)","author":"grieta","date":"31 agosto, 2016","format":false,"excerpt":"Quadrat\u00edn. Ernesto Rojas, Oaxaca.- Normalistas que apoyan las protestas magisteriales contra la reforma educativa realizaron este mi\u00e9rcoles tres bloqueos totales de veh\u00edculos en las cercan\u00edas al Instituto Estatal de Educaci\u00f3n P\u00fablica de Oaxaca (IEEPO). Los normalistas mantuvieron en la ma\u00f1ana el acordonamiento a los accesos del IEEPO, y alrededor del\u2026","rel":"","context":"En &quot;CINTILLO&quot;","block_context":{"text":"CINTILLO","link":"https:\/\/www.grieta.org.mx\/index.php\/category\/cintillo\/"},"img":{"alt_text":"","src":"https:\/\/i0.wp.com\/www.grieta.org.mx\/wp-content\/uploads\/2018\/03\/14524434_1106112876131411_958039263622046936_o.jpg?resize=350%2C200&ssl=1","width":350,"height":200,"srcset":"https:\/\/i0.wp.com\/www.grieta.org.mx\/wp-content\/uploads\/2018\/03\/14524434_1106112876131411_958039263622046936_o.jpg?resize=350%2C200&ssl=1 1x, https:\/\/i0.wp.com\/www.grieta.org.mx\/wp-content\/uploads\/2018\/03\/14524434_1106112876131411_958039263622046936_o.jpg?resize=525%2C300&ssl=1 1.5x, https:\/\/i0.wp.com\/www.grieta.org.mx\/wp-content\/uploads\/2018\/03\/14524434_1106112876131411_958039263622046936_o.jpg?resize=700%2C400&ssl=1 2x"},"classes":[]},{"id":19715,"url":"https:\/\/www.grieta.org.mx\/index.php\/2016\/08\/16\/pese-a-amenazas-de-pena-nieto-s-22-continua-con-bloqueos-tomas-de-oficinas-y-plazas-comerciales-oaxaca\/","url_meta":{"origin":18687,"position":4},"title":"Pese a amenazas de Pe\u00f1a Nieto, S-22 contin\u00faa con bloqueos, tomas de oficinas y plazas comerciales (Oaxaca)","author":"grieta","date":"16 agosto, 2016","format":false,"excerpt":"Pagina 3. Pedro Mat\u00edas, Oaxaca.- Pese a la amenaza del Presidente Enrique Pe\u00f1a Nieto de que \u201cel gobierno de la Rep\u00fablica no tendr\u00e1 reparo alguno en aplicar el uso de la fuerza\u201d cuando la v\u00eda del di\u00e1logo se haya agotado con la Coordinadora Nacional de Trabajadores de la Educaci\u00f3n (CNTE),\u2026","rel":"","context":"En &quot;CINTILLO&quot;","block_context":{"text":"CINTILLO","link":"https:\/\/www.grieta.org.mx\/index.php\/category\/cintillo\/"},"img":{"alt_text":"","src":"https:\/\/i0.wp.com\/www.grieta.org.mx\/wp-content\/uploads\/2018\/03\/14524434_1106112876131411_958039263622046936_o.jpg?resize=350%2C200&ssl=1","width":350,"height":200,"srcset":"https:\/\/i0.wp.com\/www.grieta.org.mx\/wp-content\/uploads\/2018\/03\/14524434_1106112876131411_958039263622046936_o.jpg?resize=350%2C200&ssl=1 1x, https:\/\/i0.wp.com\/www.grieta.org.mx\/wp-content\/uploads\/2018\/03\/14524434_1106112876131411_958039263622046936_o.jpg?resize=525%2C300&ssl=1 1.5x, https:\/\/i0.wp.com\/www.grieta.org.mx\/wp-content\/uploads\/2018\/03\/14524434_1106112876131411_958039263622046936_o.jpg?resize=700%2C400&ssl=1 2x"},"classes":[]},{"id":16174,"url":"https:\/\/www.grieta.org.mx\/index.php\/2016\/06\/24\/activistas-de-chicago-se-solidarizan-con-los-maestros-de-oaxaca\/","url_meta":{"origin":18687,"position":5},"title":"Activistas de Chicago se solidarizan con los maestros de Oaxaca","author":"grieta","date":"24 junio, 2016","format":false,"excerpt":"Redacci\u00f3n Noticias Net, Oaxaca. Activistas de la ciudad de Chicago (EEUU) protestaron afuera del Consulado mexicano para solidarizarse con la Coordinadora Nacional de Trabajadoras de la Educaci\u00f3n (CNTE) y repudiar los hechos violentos ocurridos en Nochixtl\u00e1n, Oaxaca, el pasado domingo 19 de junio, en los que murieron ocho personas. El\u2026","rel":"","context":"En &quot;CINTILLO&quot;","block_context":{"text":"CINTILLO","link":"https:\/\/www.grieta.org.mx\/index.php\/category\/cintillo\/"},"img":{"alt_text":"","src":"https:\/\/i0.wp.com\/www.grieta.org.mx\/wp-content\/uploads\/2018\/03\/14524434_1106112876131411_958039263622046936_o.jpg?resize=350%2C200&ssl=1","width":350,"height":200,"srcset":"https:\/\/i0.wp.com\/www.grieta.org.mx\/wp-content\/uploads\/2018\/03\/14524434_1106112876131411_958039263622046936_o.jpg?resize=350%2C200&ssl=1 1x, https:\/\/i0.wp.com\/www.grieta.org.mx\/wp-content\/uploads\/2018\/03\/14524434_1106112876131411_958039263622046936_o.jpg?resize=525%2C300&ssl=1 1.5x, https:\/\/i0.wp.com\/www.grieta.org.mx\/wp-content\/uploads\/2018\/03\/14524434_1106112876131411_958039263622046936_o.jpg?resize=700%2C400&ssl=1 2x"},"classes":[]}],"_links":{"self":[{"href":"https:\/\/www.grieta.org.mx\/index.php\/wp-json\/wp\/v2\/posts\/18687","targetHints":{"allow":["GET"]}}],"collection":[{"href":"https:\/\/www.grieta.org.mx\/index.php\/wp-json\/wp\/v2\/posts"}],"about":[{"href":"https:\/\/www.grieta.org.mx\/index.php\/wp-json\/wp\/v2\/types\/post"}],"author":[{"embeddable":true,"href":"https:\/\/www.grieta.org.mx\/index.php\/wp-json\/wp\/v2\/users\/2"}],"replies":[{"embeddable":true,"href":"https:\/\/www.grieta.org.mx\/index.php\/wp-json\/wp\/v2\/comments?post=18687"}],"version-history":[{"count":1,"href":"https:\/\/www.grieta.org.mx\/index.php\/wp-json\/wp\/v2\/posts\/18687\/revisions"}],"predecessor-version":[{"id":23690,"href":"https:\/\/www.grieta.org.mx\/index.php\/wp-json\/wp\/v2\/posts\/18687\/revisions\/23690"}],"wp:featuredmedia":[{"embeddable":true,"href":"https:\/\/www.grieta.org.mx\/index.php\/wp-json\/wp\/v2\/media\/21928"}],"wp:attachment":[{"href":"https:\/\/www.grieta.org.mx\/index.php\/wp-json\/wp\/v2\/media?parent=18687"}],"wp:term":[{"taxonomy":"category","embeddable":true,"href":"https:\/\/www.grieta.org.mx\/index.php\/wp-json\/wp\/v2\/categories?post=18687"},{"taxonomy":"post_tag","embeddable":true,"href":"https:\/\/www.grieta.org.mx\/index.php\/wp-json\/wp\/v2\/tags?post=18687"}],"curies":[{"name":"wp","href":"https:\/\/api.w.org\/{rel}","templated":true}]}}