{"id":1865,"date":"2015-08-05T23:31:34","date_gmt":"2015-08-05T23:31:34","guid":{"rendered":"http:\/\/50.22.11.12\/~grietaor\/?p=1865"},"modified":"2016-03-09T23:34:07","modified_gmt":"2016-03-09T23:34:07","slug":"sener-oaxaquenos-aprobaron-parque-eolico-se-viola-amparo-pueblos-indios","status":"publish","type":"post","link":"https:\/\/www.grieta.org.mx\/index.php\/2015\/08\/05\/sener-oaxaquenos-aprobaron-parque-eolico-se-viola-amparo-pueblos-indios\/","title":{"rendered":"Sener: oaxaque\u00f1os aprobaron parque e\u00f3lico; se viola amparo: pueblos indios"},"content":{"rendered":"<p>Miriam Posada Garc\u00eda, Oaxaca<\/p>\n<p>Mi\u00e9rcoles 5 de agosto de 2015, p. 27<br \/>\nLa Secretar\u00eda de Energ\u00eda (Sener) inform\u00f3 que la comunidad ind\u00edgena zapoteca de Juchit\u00e1n de Zaragoza, Oaxaca, otorg\u00f3 su consentimiento para la construcci\u00f3n y operaci\u00f3n del proyecto de generaci\u00f3n de energ\u00eda e\u00f3lica, que tendr\u00e1 un costo estimado de 14 mil 454 millones de pesos, una capacidad total de 396 megavatios y una producci\u00f3n estimada de mil 310 GWh.<\/p>\n<p>Energ\u00eda E\u00f3lica del Sur, a cargo del megaproyecto, es una empresa que se cre\u00f3 en 2013, sobre lo que fue Mare\u00f1a Renovables. Se trata de una coinversi\u00f3n australiana y japonesa.<\/p>\n<p>En 2011 obtuvo un pr\u00e9stamo del Banco Interamericano de Desarrollo para la construcci\u00f3n del parque e\u00f3lico La Venta, tambi\u00e9n en Oaxaca, para abastecer de energ\u00eda, mediante 33 acuerdos, a Femsa y a la Cervecer\u00eda Cuauht\u00e9moc.<\/p>\n<p>La Sener se\u00f1al\u00f3 que con la aprobaci\u00f3n de la comunidad, obtenida el pasado 30 de julio, concluye el proceso de consulta previa, libre e informada, que durante ocho meses realiz\u00f3 junto con los gobiernos estatal y municipal, as\u00ed como con m\u00e1s de 10 dependencias de los tres \u00f3rdenes de gobierno integrantes del comit\u00e9 t\u00e9cnico asesor.<\/p>\n<p>La dependencia insisti\u00f3 en que el proyecto cuenta con el consentimiento libre e informado de la comunidad ind\u00edgena zapoteca de El Espinal, otorgado tambi\u00e9n luego de una consulta, por lo cual la construcci\u00f3n del nuevo proyecto se iniciar\u00e1 en breve.<\/p>\n<p>El proyecto<\/p>\n<p>El parque consiste en 132 aerogeneradores para lograr una capacidad total de 396 megavatios y una producci\u00f3n estimada en mil 310 GWh.<\/p>\n<p>Tendr\u00e1 un costo estimado de 14 mil 454 millones de pesos, lo cual representa una de las inversiones de la industria e\u00f3lica en el estado m\u00e1s importantes en los \u00faltimos a\u00f1os.<\/p>\n<p>Los procedimientos de consulta previa a las dos comunidades ind\u00edgenas, que pod\u00edan ser afectadas en sus derechos e intereses colectivos, fueron realizados por la Sener de conformidad con el Convenio 169 de la Organizaci\u00f3n Internacional del Trabajo (OIT), el art\u00edculo primero de la Constituci\u00f3n Pol\u00edtica de los Estados Unidos Mexicanos y el art\u00edculo 119 de la la Ley de la Industria El\u00e9ctrica, asegur\u00f3 la dependencia.<\/p>\n<p>Detall\u00f3 que en la \u00faltima fase de la consulta participaron m\u00e1s de mil 300 representantes de la comunidad ind\u00edgena, quienes manifestaron su acuerdo con los beneficios asociados al proyecto y otorgaron su consentimiento libre e informado.<\/p>\n<p>Entre los supuestos beneficios destaca la puesta en marcha de una estrategia de sustentabilidad energ\u00e9tica en apoyo de la comunidad que promueva el uso de energ\u00edas limpias y la eficiencia energ\u00e9tica, mediante proyectos de corto, mediano y largo plazos.<\/p>\n<p>De igual forma, compromisos y obligaciones adquiridos por la empresa, como el cumplimiento de sus obligaciones fiscales, de todas las medidas de mitigaci\u00f3n que salvaguarden el medio ambiente y los recursos naturales; la creaci\u00f3n de un fideicomiso que destinar\u00e1 recursos para la reducci\u00f3n de la factura el\u00e9ctrica dom\u00e9stica de los usuarios de la tarifa 1C, habitantes del municipio de Juchit\u00e1n de Zaragoza.<\/p>\n<p>El gobierno federal destinar\u00e1 fondos para un proyecto de eficiencia energ\u00e9tica en los servicios municipales y para la adquisici\u00f3n de un aerogenerador con tecnolog\u00eda mexicana operado por el Instituto de Investigaciones El\u00e9ctricas, que destine la energ\u00eda generada al consumo de los usuarios residenciales de la tarifa 1C del municipio, mientras el gobierno estatal adquirir\u00e1 un segundo aerogenerador, con el prop\u00f3sito de determinar las bases de un parque e\u00f3lico municipal que pudiera crecer en el largo plazo en beneficio de la comunidad ind\u00edgena<\/p>\n<p>Matilde P\u00e9rez U.<\/p>\n<p>Las asambleas Popular del Pueblo Juchiteco (APPJ) y de los Pueblos Ind\u00edgenas del Istmo en Defensa de la Tierra y el Territorio (Apiidtt) sostuvieron que la asamblea en que se aprob\u00f3 el proyecto de E\u00f3lica del Sur fue una farsa y viola el amparo que interpusieron en abril del a\u00f1o pasado contra el megaproyecto.<\/p>\n<p>Carlos S\u00e1nchez Mart\u00ednez, vocero de la APPJ, coment\u00f3 que la consulta fue manipulada por las autoridades estatales y las secretar\u00edas de Energ\u00eda (Sener) y de Gobernaci\u00f3n, as\u00ed como por l\u00edderes de la COCEI.<\/p>\n<p>A la asamblea llegaron integrantes de los sindicatos que agredieron en la ciudad de Oaxaca al pintor Francisco Toledo. Antes de la reuni\u00f3n varios ejidatarios que se oponen al proyecto fueron amenazados v\u00eda telef\u00f3nica y en la asamblea un grupo de sicarios los fue se\u00f1alando. Sostenemos que los resultados de la consulta no son reales, abund\u00f3.<\/p>\n<p>Ayer, la Sener inform\u00f3 que E\u00f3lica del Sur podr\u00e1 iniciar la construcci\u00f3n de 132 aerogeneradores, que conforman el parque de generaci\u00f3n, pues obtuvo la autorizaci\u00f3n de comunidades zapotecas de Juchit\u00e1n de Zaragoza y El Espinar. Los 396 megavatios que se producir\u00e1n en el megaparque ser\u00e1n enviados a Femsa y Heineken.<\/p>\n<p>S\u00e1nchez Mart\u00ednez coment\u00f3 que la APPJ y la Apiidtt comenzar\u00e1n una consulta popular ind\u00edgena en las comunidades zapotecas de Santa Mar\u00eda Xadani, Uni\u00f3n Hidalgo, Chicapa de Castro, La Venta, La ventosa, El Espinal y en el pueblo ikjoot Santa Mar\u00eda del Mar. La comunidad agraria de Juchit\u00e1n tiene 8 mil hect\u00e1reas que defender\u00e1 de las e\u00f3licas.<\/p>\n<p>El 24 de abril del a\u00f1o pasado los opositores al megaproyecto presentaron una demanda de amparo ante el juzgado s\u00e9ptimo de Salina Cruz por violaciones a los derechos humanos y al proceso de consulta p\u00fablica, porque no se respet\u00f3 el art\u00edculo segundo de la Constituci\u00f3n ni el convenio 169 de la Organizaci\u00f3n Internacional del Trabajo (OIT). El amparo fue otorgado.<\/p>\n<p>S\u00e1nchez Mart\u00ednez coment\u00f3 que el arribo de las empresas e\u00f3licas ha representado el aumento de las violaciones a los derechos humanos, agresiones y amenazas en contra de los luchadores sociales y de los ejidatarios que exigen respeto a sus derechos.<\/p>\n<p>En el pa\u00eds hay 31 parques e\u00f3licos, de los cuales 21 se localizan en el Istmo de Tehuantepec, con mil 186 aerogeneradores de 78 metros de altura cada uno, ubicados en Juchit\u00e1n, Uni\u00f3n Hidalgo, Santo Domingo Ingenio, Ixtaltepec y El Espinal.<\/p>\n<p><a href=\"http:\/\/www.jornada.unam.mx\/2015\/08\/05\/economia\/027n1eco?partner=rss\" target=\"_blank\">www.jornada.unam.mx\/2015\/08\/05\/economia\/027n1eco?partner=rss<\/a><\/p>\n","protected":false},"excerpt":{"rendered":"<p>Miriam Posada Garc\u00eda, Oaxaca Mi\u00e9rcoles 5 de agosto de 2015, p. 27 La Secretar\u00eda de Energ\u00eda (Sener) inform\u00f3 que la comunidad ind\u00edgena zapoteca de Juchit\u00e1n de Zaragoza, Oaxaca, otorg\u00f3 su &hellip; <a href=\"https:\/\/www.grieta.org.mx\/index.php\/2015\/08\/05\/sener-oaxaquenos-aprobaron-parque-eolico-se-viola-amparo-pueblos-indios\/\" class=\"more-link\">Leer m\u00e1s<\/a><\/p>\n","protected":false},"author":2,"featured_media":21928,"comment_status":"closed","ping_status":"open","sticky":false,"template":"","format":"standard","meta":{"ngg_post_thumbnail":0,"_jetpack_newsletter_access":"","_jetpack_dont_email_post_to_subs":false,"_jetpack_newsletter_tier_id":0,"_jetpack_memberships_contains_paywalled_content":false,"_jetpack_memberships_contains_paid_content":false,"footnotes":""},"categories":[80],"tags":[219,184,214,93],"class_list":["post-1865","post","type-post","status-publish","format-standard","has-post-thumbnail","hentry","category-cintillo","tag-consulta","tag-despojo","tag-eolicas","tag-oaxaca","entry"],"jetpack_featured_media_url":"https:\/\/www.grieta.org.mx\/wp-content\/uploads\/2018\/03\/14524434_1106112876131411_958039263622046936_o.jpg","jetpack_sharing_enabled":true,"jetpack_shortlink":"https:\/\/wp.me\/p7ZJR4-u5","jetpack_likes_enabled":false,"jetpack-related-posts":[{"id":1867,"url":"https:\/\/www.grieta.org.mx\/index.php\/2015\/08\/04\/anuncia-sener-construccion-de-parque-eolico-en-oaxaca\/","url_meta":{"origin":1865,"position":0},"title":"Anuncia Sener construcci\u00f3n de parque e\u00f3lico en Oaxaca","author":"grieta","date":"4 agosto, 2015","format":false,"excerpt":"REVE, Redacci\u00f3n, Oaxaca.- El parque de Energ\u00eda E\u00f3lica del Sur consiste en 132 aerogeneradores para una capacidad total de 396 megavatios y una producci\u00f3n estimada en mil 310 GWh. La Secretar\u00eda de Energ\u00eda (Sener) dio a conocer que el pasado 30 de julio de 2015, la comunidad ind\u00edgena zapoteca de\u2026","rel":"","context":"En &quot;CINTILLO&quot;","block_context":{"text":"CINTILLO","link":"https:\/\/www.grieta.org.mx\/index.php\/category\/cintillo\/"},"img":{"alt_text":"","src":"https:\/\/i0.wp.com\/www.grieta.org.mx\/wp-content\/uploads\/2018\/03\/14524434_1106112876131411_958039263622046936_o.jpg?resize=350%2C200&ssl=1","width":350,"height":200,"srcset":"https:\/\/i0.wp.com\/www.grieta.org.mx\/wp-content\/uploads\/2018\/03\/14524434_1106112876131411_958039263622046936_o.jpg?resize=350%2C200&ssl=1 1x, https:\/\/i0.wp.com\/www.grieta.org.mx\/wp-content\/uploads\/2018\/03\/14524434_1106112876131411_958039263622046936_o.jpg?resize=525%2C300&ssl=1 1.5x, https:\/\/i0.wp.com\/www.grieta.org.mx\/wp-content\/uploads\/2018\/03\/14524434_1106112876131411_958039263622046936_o.jpg?resize=700%2C400&ssl=1 2x"},"classes":[]},{"id":62957,"url":"https:\/\/www.grieta.org.mx\/index.php\/2021\/12\/27\/zapotecas-exigen-que-sener-respete-suspensiones-judiciales-contra-edf-oaxaca\/","url_meta":{"origin":1865,"position":1},"title":"Zapotecas exigen que Sener respete suspensiones judiciales contra EDF (Oaxaca)","author":"grieta","date":"27 diciembre, 2021","format":false,"excerpt":"Avispa Midia \/ Sare Fabres. La autoridad municipal de la comunidad zapoteca de Uni\u00f3n Hidalgo, C\u00e9sar Carrasco Vicente, en el Istmo de Tehuantepec, Oaxaca, ha solicitado a la Secretar\u00eda de Energ\u00eda (Sener) que retome el proceso de consulta ind\u00edgena para la instalaci\u00f3n del parque e\u00f3lico Gunaa Sicar\u00fa de la empresa\u2026","rel":"","context":"En &quot;CINTILLO&quot;","block_context":{"text":"CINTILLO","link":"https:\/\/www.grieta.org.mx\/index.php\/category\/cintillo\/"},"img":{"alt_text":"","src":"https:\/\/i0.wp.com\/www.grieta.org.mx\/wp-content\/uploads\/2021\/12\/2-2.jpg?resize=350%2C200&ssl=1","width":350,"height":200,"srcset":"https:\/\/i0.wp.com\/www.grieta.org.mx\/wp-content\/uploads\/2021\/12\/2-2.jpg?resize=350%2C200&ssl=1 1x, https:\/\/i0.wp.com\/www.grieta.org.mx\/wp-content\/uploads\/2021\/12\/2-2.jpg?resize=525%2C300&ssl=1 1.5x, https:\/\/i0.wp.com\/www.grieta.org.mx\/wp-content\/uploads\/2021\/12\/2-2.jpg?resize=700%2C400&ssl=1 2x, https:\/\/i0.wp.com\/www.grieta.org.mx\/wp-content\/uploads\/2021\/12\/2-2.jpg?resize=1050%2C600&ssl=1 3x"},"classes":[]},{"id":1857,"url":"https:\/\/www.grieta.org.mx\/index.php\/2015\/09\/07\/blindado-proyecto-eolica-del-sur\/","url_meta":{"origin":1865,"position":2},"title":"Blindado, proyecto \u201cE\u00f3lica del Sur\u201d","author":"grieta","date":"7 septiembre, 2015","format":false,"excerpt":"REVE. Redacci\u00f3n, Oaxaca.- A una semana de que el mandatario Gabino Cu\u00e9, atestiguar\u00e1 en la Secretar\u00eda de Gobernacion, el acuerdo para el inicio de la construcci\u00f3n del proyecto denominado \u201cE\u00f3lica del Sur\u201d en los municipios de Juchit\u00e1n y El Espinal, con una inversi\u00f3n de 14 mil 400 millones de pesos,\u2026","rel":"","context":"En &quot;CINTILLO&quot;","block_context":{"text":"CINTILLO","link":"https:\/\/www.grieta.org.mx\/index.php\/category\/cintillo\/"},"img":{"alt_text":"","src":"https:\/\/i0.wp.com\/www.grieta.org.mx\/wp-content\/uploads\/2018\/03\/14524434_1106112876131411_958039263622046936_o.jpg?resize=350%2C200&ssl=1","width":350,"height":200,"srcset":"https:\/\/i0.wp.com\/www.grieta.org.mx\/wp-content\/uploads\/2018\/03\/14524434_1106112876131411_958039263622046936_o.jpg?resize=350%2C200&ssl=1 1x, https:\/\/i0.wp.com\/www.grieta.org.mx\/wp-content\/uploads\/2018\/03\/14524434_1106112876131411_958039263622046936_o.jpg?resize=525%2C300&ssl=1 1.5x, https:\/\/i0.wp.com\/www.grieta.org.mx\/wp-content\/uploads\/2018\/03\/14524434_1106112876131411_958039263622046936_o.jpg?resize=700%2C400&ssl=1 2x"},"classes":[]},{"id":1887,"url":"https:\/\/www.grieta.org.mx\/index.php\/2015\/02\/21\/sin-aviso-a-indigenas-consultan-sobre-parque-eolico-en-juchitan\/","url_meta":{"origin":1865,"position":3},"title":"Sin aviso a ind\u00edgenas, consultan sobre parque e\u00f3lico en Juchit\u00e1n","author":"grieta","date":"21 febrero, 2015","format":false,"excerpt":"Rosa Rojas, Oaxaca S\u00e1bado 21 de febrero de 2015, p. 16 Se reanud\u00f3 este viernes \u201cintempestivamente\u201d la consulta sobre el parque e\u00f3lico que se pretende instalar en Juchit\u00e1n, Oaxaca, la empresa E\u00f3lica del Sur (antes Mare\u00f1a Renovables), sin que la Secretar\u00eda de Energ\u00eda (Sener) y el comit\u00e9 t\u00e9cnico respectivo dieran\u2026","rel":"","context":"En &quot;CINTILLO&quot;","block_context":{"text":"CINTILLO","link":"https:\/\/www.grieta.org.mx\/index.php\/category\/cintillo\/"},"img":{"alt_text":"","src":"https:\/\/i0.wp.com\/www.grieta.org.mx\/wp-content\/uploads\/2018\/03\/14524434_1106112876131411_958039263622046936_o.jpg?resize=350%2C200&ssl=1","width":350,"height":200,"srcset":"https:\/\/i0.wp.com\/www.grieta.org.mx\/wp-content\/uploads\/2018\/03\/14524434_1106112876131411_958039263622046936_o.jpg?resize=350%2C200&ssl=1 1x, https:\/\/i0.wp.com\/www.grieta.org.mx\/wp-content\/uploads\/2018\/03\/14524434_1106112876131411_958039263622046936_o.jpg?resize=525%2C300&ssl=1 1.5x, https:\/\/i0.wp.com\/www.grieta.org.mx\/wp-content\/uploads\/2018\/03\/14524434_1106112876131411_958039263622046936_o.jpg?resize=700%2C400&ssl=1 2x"},"classes":[]},{"id":31211,"url":"https:\/\/www.grieta.org.mx\/index.php\/2019\/03\/22\/sener-reinicia-consulta-indigena-en-union-hidalgo-por-eolica-gunaa-sicaru-pese-a-criminalizacion-de-defensores-oaxaca\/","url_meta":{"origin":1865,"position":4},"title":"Sener reinicia consulta ind\u00edgena en Uni\u00f3n Hidalgo por e\u00f3lica Gunaa Sicar\u00fa pese a criminalizaci\u00f3n de defensores (Oaxaca)","author":"grieta","date":"22 marzo, 2019","format":false,"excerpt":"P\u00e1gina 3. Pedro Mat\u00edas, Oaxaca, Oax.- A pesar del hostigamiento, criminalizaci\u00f3n, amenazas, intimidaciones y agresiones en contra de defensores comunitarios de Uni\u00f3n Hidalgo que se oponen al proyecto Central E\u00f3lica Gunaa Sicar\u00fa, la Secretar\u00eda de Energ\u00eda convoc\u00f3 para este s\u00e1bado 23 de marzo a la comunidad de Ranchu Gubi\u00f1a a\u2026","rel":"","context":"En &quot;CINTILLO&quot;","block_context":{"text":"CINTILLO","link":"https:\/\/www.grieta.org.mx\/index.php\/category\/cintillo\/"},"img":{"alt_text":"","src":"https:\/\/i0.wp.com\/www.grieta.org.mx\/wp-content\/uploads\/2019\/03\/eolicas-1.jpg?resize=350%2C200&ssl=1","width":350,"height":200,"srcset":"https:\/\/i0.wp.com\/www.grieta.org.mx\/wp-content\/uploads\/2019\/03\/eolicas-1.jpg?resize=350%2C200&ssl=1 1x, https:\/\/i0.wp.com\/www.grieta.org.mx\/wp-content\/uploads\/2019\/03\/eolicas-1.jpg?resize=525%2C300&ssl=1 1.5x, https:\/\/i0.wp.com\/www.grieta.org.mx\/wp-content\/uploads\/2019\/03\/eolicas-1.jpg?resize=700%2C400&ssl=1 2x"},"classes":[]},{"id":31902,"url":"https:\/\/www.grieta.org.mx\/index.php\/2019\/04\/08\/ante-la-ausencia-de-la-sener-se-pospone-asamblea-de-consulta-indigena-en-union-hidalgo-oaxaca\/","url_meta":{"origin":1865,"position":5},"title":"Ante la ausencia de la Sener se pospone asamblea de consulta ind\u00edgena en Uni\u00f3n Hidalgo (Oaxaca)","author":"grieta","date":"8 abril, 2019","format":false,"excerpt":"IstmoPress. Diana Manzo \/ Agencia de Noticias Istmopress, *Defensores comunitarios presentaran nuevo protocolo de consulta *Propietarios proponen reactivar consulta ind\u00edgena el pr\u00f3ximo 13 de abril Uni\u00f3n Hidalgo, Oaxaca.\u2013 Ante la ausencia de funcionarios de la Secretaria de Energ\u00eda (Sener) se cancel\u00f3 la reanudaci\u00f3n de la asamblea ind\u00edgena en su primera\u2026","rel":"","context":"En &quot;CINTILLO&quot;","block_context":{"text":"CINTILLO","link":"https:\/\/www.grieta.org.mx\/index.php\/category\/cintillo\/"},"img":{"alt_text":"","src":"https:\/\/i0.wp.com\/www.grieta.org.mx\/wp-content\/uploads\/2019\/04\/consulta.jpg?resize=350%2C200&ssl=1","width":350,"height":200,"srcset":"https:\/\/i0.wp.com\/www.grieta.org.mx\/wp-content\/uploads\/2019\/04\/consulta.jpg?resize=350%2C200&ssl=1 1x, https:\/\/i0.wp.com\/www.grieta.org.mx\/wp-content\/uploads\/2019\/04\/consulta.jpg?resize=525%2C300&ssl=1 1.5x, https:\/\/i0.wp.com\/www.grieta.org.mx\/wp-content\/uploads\/2019\/04\/consulta.jpg?resize=700%2C400&ssl=1 2x"},"classes":[]}],"_links":{"self":[{"href":"https:\/\/www.grieta.org.mx\/index.php\/wp-json\/wp\/v2\/posts\/1865","targetHints":{"allow":["GET"]}}],"collection":[{"href":"https:\/\/www.grieta.org.mx\/index.php\/wp-json\/wp\/v2\/posts"}],"about":[{"href":"https:\/\/www.grieta.org.mx\/index.php\/wp-json\/wp\/v2\/types\/post"}],"author":[{"embeddable":true,"href":"https:\/\/www.grieta.org.mx\/index.php\/wp-json\/wp\/v2\/users\/2"}],"replies":[{"embeddable":true,"href":"https:\/\/www.grieta.org.mx\/index.php\/wp-json\/wp\/v2\/comments?post=1865"}],"version-history":[{"count":1,"href":"https:\/\/www.grieta.org.mx\/index.php\/wp-json\/wp\/v2\/posts\/1865\/revisions"}],"predecessor-version":[{"id":1866,"href":"https:\/\/www.grieta.org.mx\/index.php\/wp-json\/wp\/v2\/posts\/1865\/revisions\/1866"}],"wp:featuredmedia":[{"embeddable":true,"href":"https:\/\/www.grieta.org.mx\/index.php\/wp-json\/wp\/v2\/media\/21928"}],"wp:attachment":[{"href":"https:\/\/www.grieta.org.mx\/index.php\/wp-json\/wp\/v2\/media?parent=1865"}],"wp:term":[{"taxonomy":"category","embeddable":true,"href":"https:\/\/www.grieta.org.mx\/index.php\/wp-json\/wp\/v2\/categories?post=1865"},{"taxonomy":"post_tag","embeddable":true,"href":"https:\/\/www.grieta.org.mx\/index.php\/wp-json\/wp\/v2\/tags?post=1865"}],"curies":[{"name":"wp","href":"https:\/\/api.w.org\/{rel}","templated":true}]}}