{"id":18644,"date":"2016-07-31T23:48:32","date_gmt":"2016-08-01T04:48:32","guid":{"rendered":"http:\/\/www.grieta.org.mx\/?p=18644"},"modified":"2016-08-02T23:50:33","modified_gmt":"2016-08-03T04:50:33","slug":"vuelven-a-manifestarse-contra-la-ciclovia-en-el-hermanos-serdan-puebla","status":"publish","type":"post","link":"https:\/\/www.grieta.org.mx\/index.php\/2016\/07\/31\/vuelven-a-manifestarse-contra-la-ciclovia-en-el-hermanos-serdan-puebla\/","title":{"rendered":"Vuelven a manifestarse contra la ciclov\u00eda en el Hermanos Serd\u00e1n (Puebla)"},"content":{"rendered":"<p><img loading=\"lazy\" decoding=\"async\" data-attachment-id=\"18645\" data-permalink=\"https:\/\/www.grieta.org.mx\/index.php\/2016\/07\/31\/vuelven-a-manifestarse-contra-la-ciclovia-en-el-hermanos-serdan-puebla\/w704-35\/\" data-orig-file=\"https:\/\/www.grieta.org.mx\/wp-content\/uploads\/2016\/08\/w704-1.jpg\" data-orig-size=\"600,400\" data-comments-opened=\"0\" data-image-meta=\"{&quot;aperture&quot;:&quot;14&quot;,&quot;credit&quot;:&quot;&quot;,&quot;camera&quot;:&quot;Canon EOS REBEL T5&quot;,&quot;caption&quot;:&quot;&quot;,&quot;created_timestamp&quot;:&quot;1469874770&quot;,&quot;copyright&quot;:&quot;&quot;,&quot;focal_length&quot;:&quot;18&quot;,&quot;iso&quot;:&quot;100&quot;,&quot;shutter_speed&quot;:&quot;0.005&quot;,&quot;title&quot;:&quot;&quot;,&quot;orientation&quot;:&quot;1&quot;}\" data-image-title=\"w704\" data-image-description=\"\" data-image-caption=\"\" data-medium-file=\"https:\/\/www.grieta.org.mx\/wp-content\/uploads\/2016\/08\/w704-1-300x200.jpg\" data-large-file=\"https:\/\/www.grieta.org.mx\/wp-content\/uploads\/2016\/08\/w704-1.jpg\" src=\"http:\/\/www.grieta.org.mx\/wp-content\/uploads\/2016\/08\/w704-1.jpg\" alt=\"w704\" width=\"600\" height=\"400\" class=\"aligncenter size-full wp-image-18645\" srcset=\"https:\/\/www.grieta.org.mx\/wp-content\/uploads\/2016\/08\/w704-1.jpg 600w, https:\/\/www.grieta.org.mx\/wp-content\/uploads\/2016\/08\/w704-1-300x200.jpg 300w\" sizes=\"auto, (max-width: 600px) 100vw, 600px\" \/><\/p>\n<p>Por Bel\u00e9n Cancino<\/p>\n<p>Por tercer fin de semana consecutivo, decenas de poblanos a pie y a bordo de sus bicicletas insistieron en solicitar al Gobierno del Estado que modifique el proyecto de construcci\u00f3n de la ciclov\u00eda elevada en el Bulevar Hermanos Serd\u00e1n, a nivel de piso.<\/p>\n<p>Adem\u00e1s, un grupo de ellos junto con los miembros del colectivo ecologista Coraz\u00f3n Verde, plantaron varios \u00e1rboles en una glorieta de la vialidad, como una manifestaci\u00f3n de su exigencia de protecci\u00f3n al medio ambiente y espec\u00edficamente a los macizos que se derribar\u00e1n con esta obra.<\/p>\n<p>De entre por lo menos unos 50 ciudadanos que participaron en el ejercicio, Armando Pliego Ishikawa, vocero del colectivo Cholula e Bici y miembro del Consejo Ciclista Poblano (Cadena),  llam\u00f3 una vez m\u00e1s al Gobierno del Estado a desistir de la obra.<\/p>\n<p>En este sentido explic\u00f3 que los miembros del colectivo Cadena, entre los que se encuentran adem\u00e1s de ciclistas, especialistas en desarrollo urbano, tienen listo el proyecto ejecutivo de una ciclov\u00eda a nivel de piso que podr\u00eda aplicarse para la zona.<\/p>\n<p>Agreg\u00f3 que los integrantes de la organizaci\u00f3n est\u00e1n dispuestos a ponerlo a consideraci\u00f3n del Gobierno del Estado, con el objetivo de convencerlos de modificar el proyecto.<\/p>\n<p>Y es que subray\u00f3, la ciclov\u00eda a nivel de piso que proponen cumple con todos los aspectos t\u00e9cnicos de movilidad y seguridad urbana y es adem\u00e1s ecol\u00f3gica, pues no atentar\u00eda contra los \u00e1rboles de la zona.<\/p>\n<p>Por esta raz\u00f3n adelant\u00f3 que en los pr\u00f3ximos d\u00edas solicitar\u00e1n nuevamente una audiencia con Diego Corona Cremean, titular de la Secretar\u00eda de Infraestructura y Transportes (SIT) y encargado por parte del Gobierno del Estado del proyecto, para presentarle su propuesta.<\/p>\n<p>A la par, miembros del colectivo ecologista Coraz\u00f3n Verde, realizaron una reforestaci\u00f3n, con algunos fresnos y jacarandas en una glorieta de la vialidad, como una forma de manifestar su petici\u00f3n de respeto al medio ambiente y su inconformidad con el derribo de \u00e1rboles por la ejecuci\u00f3n de esta obra.<\/p>\n<p><a href=\"https:\/\/www.elsoldepuebla.com.mx\/local\/vuelven-a-manifestarse-contra-la-ciclovia-en-el-hermanos-serdan\">https:\/\/www.elsoldepuebla.com.mx\/local\/vuelven-a-manifestarse-contra-la-ciclovia-en-el-hermanos-serdan<\/a><\/p>\n","protected":false},"excerpt":{"rendered":"<p>Por Bel\u00e9n Cancino Por tercer fin de semana consecutivo, decenas de poblanos a pie y a bordo de sus bicicletas insistieron en solicitar al Gobierno del Estado que modifique el &hellip; <a href=\"https:\/\/www.grieta.org.mx\/index.php\/2016\/07\/31\/vuelven-a-manifestarse-contra-la-ciclovia-en-el-hermanos-serdan-puebla\/\" class=\"more-link\">Leer m\u00e1s<\/a><\/p>\n","protected":false},"author":2,"featured_media":21928,"comment_status":"closed","ping_status":"closed","sticky":false,"template":"","format":"standard","meta":{"ngg_post_thumbnail":0,"_jetpack_newsletter_access":"","_jetpack_dont_email_post_to_subs":false,"_jetpack_newsletter_tier_id":0,"_jetpack_memberships_contains_paywalled_content":false,"_jetpack_memberships_contains_paid_content":false,"footnotes":""},"categories":[80],"tags":[840,223],"class_list":["post-18644","post","type-post","status-publish","format-standard","has-post-thumbnail","hentry","category-cintillo","tag-ciclopista","tag-ecocidio","entry"],"jetpack_featured_media_url":"https:\/\/www.grieta.org.mx\/wp-content\/uploads\/2018\/03\/14524434_1106112876131411_958039263622046936_o.jpg","jetpack_sharing_enabled":true,"jetpack_shortlink":"https:\/\/wp.me\/p7ZJR4-4QI","jetpack_likes_enabled":false,"jetpack-related-posts":[{"id":17717,"url":"https:\/\/www.grieta.org.mx\/index.php\/2016\/07\/24\/por-segunda-vez-protestan-contra-ciclovia-hermanos-serdan-interponen-amparos-puebla\/","url_meta":{"origin":18644,"position":0},"title":"Por segunda vez, protestan contra ciclov\u00eda Hermanos Serd\u00e1n; interponen amparos (Puebla)","author":"grieta","date":"24 julio, 2016","format":false,"excerpt":"Una semana despu\u00e9s de la primera manifestaci\u00f3n pac\u00edfica contra la construcci\u00f3n de la ciclopista Hermanos Serd\u00e1n, en una rodada exigieron a las autoridades estatales detener la construcci\u00f3n del proyecto que requerir\u00e1 derribar 601 \u00e1rboles. A la rodada convocada este s\u00e1bado por el colectivo Subterr\u00e1neos, se le sumaron vecinos y ciudadanos,\u2026","rel":"","context":"En &quot;CINTILLO&quot;","block_context":{"text":"CINTILLO","link":"https:\/\/www.grieta.org.mx\/index.php\/category\/cintillo\/"},"img":{"alt_text":"","src":"https:\/\/i0.wp.com\/www.grieta.org.mx\/wp-content\/uploads\/2018\/03\/14524434_1106112876131411_958039263622046936_o.jpg?resize=350%2C200&ssl=1","width":350,"height":200,"srcset":"https:\/\/i0.wp.com\/www.grieta.org.mx\/wp-content\/uploads\/2018\/03\/14524434_1106112876131411_958039263622046936_o.jpg?resize=350%2C200&ssl=1 1x, https:\/\/i0.wp.com\/www.grieta.org.mx\/wp-content\/uploads\/2018\/03\/14524434_1106112876131411_958039263622046936_o.jpg?resize=525%2C300&ssl=1 1.5x, https:\/\/i0.wp.com\/www.grieta.org.mx\/wp-content\/uploads\/2018\/03\/14524434_1106112876131411_958039263622046936_o.jpg?resize=700%2C400&ssl=1 2x"},"classes":[]},{"id":17672,"url":"https:\/\/www.grieta.org.mx\/index.php\/2016\/08\/26\/ciudadanos-contra-la-ciclopista-en-puebla\/","url_meta":{"origin":18644,"position":1},"title":"Ciudadanos contra la ciclopista en Puebla","author":"grieta","date":"26 agosto, 2016","format":false,"excerpt":"26\/08\/16. Exigen revertir privatizaci\u00f3n del agua y modificar ciclov\u00eda en Puebla El Sol de Puebla 08\/08\/16. Presenta amparo ante ciclopista \"Frente Puebla con \u00c1rboles\" Intolerancia Diario 02\/08\/16. Puebla tiene 4 veces menos \u00e1reas verdes de lo recomendado por la OMS Lado B 31\/07\/16. Vuelven a manifestarse contra la ciclov\u00eda en\u2026","rel":"","context":"En &quot;NOTICIAS NACIONALES&quot;","block_context":{"text":"NOTICIAS NACIONALES","link":"https:\/\/www.grieta.org.mx\/index.php\/category\/noticias-nacionales\/"},"img":{"alt_text":"","src":"https:\/\/i0.wp.com\/www.grieta.org.mx\/wp-content\/uploads\/2018\/03\/14524434_1106112876131411_958039263622046936_o.jpg?resize=350%2C200&ssl=1","width":350,"height":200,"srcset":"https:\/\/i0.wp.com\/www.grieta.org.mx\/wp-content\/uploads\/2018\/03\/14524434_1106112876131411_958039263622046936_o.jpg?resize=350%2C200&ssl=1 1x, https:\/\/i0.wp.com\/www.grieta.org.mx\/wp-content\/uploads\/2018\/03\/14524434_1106112876131411_958039263622046936_o.jpg?resize=525%2C300&ssl=1 1.5x, https:\/\/i0.wp.com\/www.grieta.org.mx\/wp-content\/uploads\/2018\/03\/14524434_1106112876131411_958039263622046936_o.jpg?resize=700%2C400&ssl=1 2x"},"classes":[]},{"id":20937,"url":"https:\/\/www.grieta.org.mx\/index.php\/2016\/08\/26\/exigen-revertir-privatizacion-del-agua-y-modificar-ciclovia-en-puebla\/","url_meta":{"origin":18644,"position":2},"title":"Exigen revertir privatizaci\u00f3n del agua y modificar ciclov\u00eda en Puebla","author":"grieta","date":"26 agosto, 2016","format":false,"excerpt":"Por V\u00edctor Hugo Ju\u00e1rez Distintas organizaciones de la sociedad civil se manifestaron en las instalaciones del Congreso del Estado para entregar mil 122 firmas m\u00e1s que buscan revertir la privatizaci\u00f3n del servicio de agua potable, as\u00ed como pedir nuevas modificaciones al proyecto de la ciclov\u00eda en el Bulevar Hermanos Serd\u00e1n\u2026","rel":"","context":"En &quot;CINTILLO&quot;","block_context":{"text":"CINTILLO","link":"https:\/\/www.grieta.org.mx\/index.php\/category\/cintillo\/"},"img":{"alt_text":"","src":"https:\/\/i0.wp.com\/www.grieta.org.mx\/wp-content\/uploads\/2018\/03\/14524434_1106112876131411_958039263622046936_o.jpg?resize=350%2C200&ssl=1","width":350,"height":200,"srcset":"https:\/\/i0.wp.com\/www.grieta.org.mx\/wp-content\/uploads\/2018\/03\/14524434_1106112876131411_958039263622046936_o.jpg?resize=350%2C200&ssl=1 1x, https:\/\/i0.wp.com\/www.grieta.org.mx\/wp-content\/uploads\/2018\/03\/14524434_1106112876131411_958039263622046936_o.jpg?resize=525%2C300&ssl=1 1.5x, https:\/\/i0.wp.com\/www.grieta.org.mx\/wp-content\/uploads\/2018\/03\/14524434_1106112876131411_958039263622046936_o.jpg?resize=700%2C400&ssl=1 2x"},"classes":[]},{"id":19041,"url":"https:\/\/www.grieta.org.mx\/index.php\/2016\/08\/08\/presenta-amparo-frente-puebla-con-arboles\/","url_meta":{"origin":18644,"position":3},"title":"Presenta amparo ante ciclopista &#8220;Frente Puebla con \u00c1rboles&#8221;","author":"grieta","date":"8 agosto, 2016","format":false,"excerpt":"Se constituy\u00f3 el Frente Puebla con \u00c1rboles, sobre todo para iniciar protestas contra el derribo de \u00e1rboles por la construcci\u00f3n de la ciclov\u00eda en el boulevard Hermanos Serd\u00e1n, uno de los principales accesos en Puebla. En rueda de prensa, se inform\u00f3 que esta nueva agrupaci\u00f3n conformada por organizaciones civiles sociales\u2026","rel":"","context":"En &quot;CINTILLO&quot;","block_context":{"text":"CINTILLO","link":"https:\/\/www.grieta.org.mx\/index.php\/category\/cintillo\/"},"img":{"alt_text":"","src":"https:\/\/i0.wp.com\/www.grieta.org.mx\/wp-content\/uploads\/2018\/03\/14524434_1106112876131411_958039263622046936_o.jpg?resize=350%2C200&ssl=1","width":350,"height":200,"srcset":"https:\/\/i0.wp.com\/www.grieta.org.mx\/wp-content\/uploads\/2018\/03\/14524434_1106112876131411_958039263622046936_o.jpg?resize=350%2C200&ssl=1 1x, https:\/\/i0.wp.com\/www.grieta.org.mx\/wp-content\/uploads\/2018\/03\/14524434_1106112876131411_958039263622046936_o.jpg?resize=525%2C300&ssl=1 1.5x, https:\/\/i0.wp.com\/www.grieta.org.mx\/wp-content\/uploads\/2018\/03\/14524434_1106112876131411_958039263622046936_o.jpg?resize=700%2C400&ssl=1 2x"},"classes":[]},{"id":17673,"url":"https:\/\/www.grieta.org.mx\/index.php\/2016\/07\/17\/ciudadanos-y-ongs-dicen-no-la-ciclopista-del-bulevar-hermanos-serdan-por-ecocidio-puebla\/","url_meta":{"origin":18644,"position":4},"title":"Ciudadanos y ONG\u2019s dicen NO la ciclopista del bulevar Hermanos Serd\u00e1n por ecocidio (Puebla)","author":"grieta","date":"17 julio, 2016","format":false,"excerpt":"Por Esteban de Jes\u00fas L\u00f3pez Este fin de semana organizaciones civiles y vecinos de la zona, se manifestaron contra del proyecto de la ciclopista del bulevar Hermanos Serd\u00e1n de 271.3 millones de pesos, pues contempla la tala de 323 \u00e1rboles. Organizaciones como la internacional Greenpeace, Cholula en Bici y Colectivo\u2026","rel":"","context":"En &quot;CINTILLO&quot;","block_context":{"text":"CINTILLO","link":"https:\/\/www.grieta.org.mx\/index.php\/category\/cintillo\/"},"img":{"alt_text":"","src":"https:\/\/i0.wp.com\/www.grieta.org.mx\/wp-content\/uploads\/2018\/03\/14524434_1106112876131411_958039263622046936_o.jpg?resize=350%2C200&ssl=1","width":350,"height":200,"srcset":"https:\/\/i0.wp.com\/www.grieta.org.mx\/wp-content\/uploads\/2018\/03\/14524434_1106112876131411_958039263622046936_o.jpg?resize=350%2C200&ssl=1 1x, https:\/\/i0.wp.com\/www.grieta.org.mx\/wp-content\/uploads\/2018\/03\/14524434_1106112876131411_958039263622046936_o.jpg?resize=525%2C300&ssl=1 1.5x, https:\/\/i0.wp.com\/www.grieta.org.mx\/wp-content\/uploads\/2018\/03\/14524434_1106112876131411_958039263622046936_o.jpg?resize=700%2C400&ssl=1 2x"},"classes":[]},{"id":17677,"url":"https:\/\/www.grieta.org.mx\/index.php\/2016\/07\/20\/hacen-costumbre-arrancar-obras-sin-permisos-en-puebla\/","url_meta":{"origin":18644,"position":5},"title":"Hacen costumbre arrancar obras sin permisos en Puebla","author":"grieta","date":"20 julio, 2016","format":false,"excerpt":"Por Patricia M\u00e9ndez Obras como el segundo piso de la autopista M\u00e9xico-Puebla, el camino de acceso a la Academia de Polic\u00eda, la ciclopista del bulevar Hermanos Serd\u00e1n e incluso el Museo Internacional Barroco (MIB), que est\u00e1n a cargo del gobierno del estado, se iniciaron sin que contaran con los permisos\u2026","rel":"","context":"En &quot;CINTILLO&quot;","block_context":{"text":"CINTILLO","link":"https:\/\/www.grieta.org.mx\/index.php\/category\/cintillo\/"},"img":{"alt_text":"","src":"https:\/\/i0.wp.com\/www.grieta.org.mx\/wp-content\/uploads\/2018\/03\/14524434_1106112876131411_958039263622046936_o.jpg?resize=350%2C200&ssl=1","width":350,"height":200,"srcset":"https:\/\/i0.wp.com\/www.grieta.org.mx\/wp-content\/uploads\/2018\/03\/14524434_1106112876131411_958039263622046936_o.jpg?resize=350%2C200&ssl=1 1x, https:\/\/i0.wp.com\/www.grieta.org.mx\/wp-content\/uploads\/2018\/03\/14524434_1106112876131411_958039263622046936_o.jpg?resize=525%2C300&ssl=1 1.5x, https:\/\/i0.wp.com\/www.grieta.org.mx\/wp-content\/uploads\/2018\/03\/14524434_1106112876131411_958039263622046936_o.jpg?resize=700%2C400&ssl=1 2x"},"classes":[]}],"_links":{"self":[{"href":"https:\/\/www.grieta.org.mx\/index.php\/wp-json\/wp\/v2\/posts\/18644","targetHints":{"allow":["GET"]}}],"collection":[{"href":"https:\/\/www.grieta.org.mx\/index.php\/wp-json\/wp\/v2\/posts"}],"about":[{"href":"https:\/\/www.grieta.org.mx\/index.php\/wp-json\/wp\/v2\/types\/post"}],"author":[{"embeddable":true,"href":"https:\/\/www.grieta.org.mx\/index.php\/wp-json\/wp\/v2\/users\/2"}],"replies":[{"embeddable":true,"href":"https:\/\/www.grieta.org.mx\/index.php\/wp-json\/wp\/v2\/comments?post=18644"}],"version-history":[{"count":1,"href":"https:\/\/www.grieta.org.mx\/index.php\/wp-json\/wp\/v2\/posts\/18644\/revisions"}],"predecessor-version":[{"id":18646,"href":"https:\/\/www.grieta.org.mx\/index.php\/wp-json\/wp\/v2\/posts\/18644\/revisions\/18646"}],"wp:featuredmedia":[{"embeddable":true,"href":"https:\/\/www.grieta.org.mx\/index.php\/wp-json\/wp\/v2\/media\/21928"}],"wp:attachment":[{"href":"https:\/\/www.grieta.org.mx\/index.php\/wp-json\/wp\/v2\/media?parent=18644"}],"wp:term":[{"taxonomy":"category","embeddable":true,"href":"https:\/\/www.grieta.org.mx\/index.php\/wp-json\/wp\/v2\/categories?post=18644"},{"taxonomy":"post_tag","embeddable":true,"href":"https:\/\/www.grieta.org.mx\/index.php\/wp-json\/wp\/v2\/tags?post=18644"}],"curies":[{"name":"wp","href":"https:\/\/api.w.org\/{rel}","templated":true}]}}