{"id":18624,"date":"2016-05-31T23:29:25","date_gmt":"2016-06-01T04:29:25","guid":{"rendered":"http:\/\/www.grieta.org.mx\/?p=18624"},"modified":"2016-08-02T23:46:46","modified_gmt":"2016-08-03T04:46:46","slug":"en-coyoacan-exigimos-aulas-educacion-y-cultura-no-mas-centros-comerciales-torres-inmobiliarias-y-corrupcion","status":"publish","type":"post","link":"https:\/\/www.grieta.org.mx\/index.php\/2016\/05\/31\/en-coyoacan-exigimos-aulas-educacion-y-cultura-no-mas-centros-comerciales-torres-inmobiliarias-y-corrupcion\/","title":{"rendered":"En Coyoac\u00e1n exigimos aulas, educaci\u00f3n y cultura, no m\u00e1s centros comerciales, torres inmobiliarias y corrupci\u00f3n"},"content":{"rendered":"<p>Profesores, alumnos y trabajadores del Instituto Cultural y Educativo Coapa, exigen se cumplan sus derechos a la educaci\u00f3n y al trabajo, los cuales han sido violentados por la delegaci\u00f3n Coyoac\u00e1n.<br \/>\n    Se vive un ambiente ca\u00f3tico en la delegaci\u00f3n Coyoac\u00e1n, donde el autoritarismo y la discriminaci\u00f3n son el eje fundamental para el delegado Valent\u00edn Maldonado.<\/p>\n<p><img decoding=\"async\" data-attachment-id=\"18632\" data-permalink=\"https:\/\/www.grieta.org.mx\/index.php\/2016\/05\/31\/en-coyoacan-exigimos-aulas-educacion-y-cultura-no-mas-centros-comerciales-torres-inmobiliarias-y-corrupcion\/20160530_143037\/\" data-orig-file=\"https:\/\/www.grieta.org.mx\/wp-content\/uploads\/2016\/08\/20160530_143037.jpg\" data-orig-size=\"3264,1836\" data-comments-opened=\"0\" data-image-meta=\"{&quot;aperture&quot;:&quot;2.4&quot;,&quot;credit&quot;:&quot;&quot;,&quot;camera&quot;:&quot;SM-A300H&quot;,&quot;caption&quot;:&quot;&quot;,&quot;created_timestamp&quot;:&quot;1464618637&quot;,&quot;copyright&quot;:&quot;&quot;,&quot;focal_length&quot;:&quot;3.3&quot;,&quot;iso&quot;:&quot;50&quot;,&quot;shutter_speed&quot;:&quot;0.00031152647975078&quot;,&quot;title&quot;:&quot;&quot;,&quot;orientation&quot;:&quot;1&quot;}\" data-image-title=\"20160530_143037\" data-image-description=\"\" data-image-caption=\"\" data-medium-file=\"https:\/\/www.grieta.org.mx\/wp-content\/uploads\/2016\/08\/20160530_143037-300x169.jpg\" data-large-file=\"https:\/\/www.grieta.org.mx\/wp-content\/uploads\/2016\/08\/20160530_143037-1024x576.jpg\" src=\"http:\/\/www.grieta.org.mx\/wp-content\/uploads\/2016\/08\/20160530_143037.jpg\" alt=\"20160530_143037\" width=\"100%\" class=\"aligncenter size-full wp-image-18632\" srcset=\"https:\/\/www.grieta.org.mx\/wp-content\/uploads\/2016\/08\/20160530_143037.jpg 3264w, https:\/\/www.grieta.org.mx\/wp-content\/uploads\/2016\/08\/20160530_143037-300x169.jpg 300w, https:\/\/www.grieta.org.mx\/wp-content\/uploads\/2016\/08\/20160530_143037-768x432.jpg 768w, https:\/\/www.grieta.org.mx\/wp-content\/uploads\/2016\/08\/20160530_143037-1024x576.jpg 1024w\" sizes=\"(max-width: 3264px) 100vw, 3264px\" \/><\/p>\n<p><img decoding=\"async\" data-attachment-id=\"18633\" data-permalink=\"https:\/\/www.grieta.org.mx\/index.php\/2016\/05\/31\/en-coyoacan-exigimos-aulas-educacion-y-cultura-no-mas-centros-comerciales-torres-inmobiliarias-y-corrupcion\/20160530_142427\/\" data-orig-file=\"https:\/\/www.grieta.org.mx\/wp-content\/uploads\/2016\/08\/20160530_142427.jpg\" data-orig-size=\"3264,1836\" data-comments-opened=\"0\" data-image-meta=\"{&quot;aperture&quot;:&quot;2.4&quot;,&quot;credit&quot;:&quot;&quot;,&quot;camera&quot;:&quot;SM-A300H&quot;,&quot;caption&quot;:&quot;&quot;,&quot;created_timestamp&quot;:&quot;1464618265&quot;,&quot;copyright&quot;:&quot;&quot;,&quot;focal_length&quot;:&quot;3.3&quot;,&quot;iso&quot;:&quot;50&quot;,&quot;shutter_speed&quot;:&quot;0.0020618556701031&quot;,&quot;title&quot;:&quot;&quot;,&quot;orientation&quot;:&quot;1&quot;}\" data-image-title=\"20160530_142427\" data-image-description=\"\" data-image-caption=\"\" data-medium-file=\"https:\/\/www.grieta.org.mx\/wp-content\/uploads\/2016\/08\/20160530_142427-300x169.jpg\" data-large-file=\"https:\/\/www.grieta.org.mx\/wp-content\/uploads\/2016\/08\/20160530_142427-1024x576.jpg\" src=\"http:\/\/www.grieta.org.mx\/wp-content\/uploads\/2016\/08\/20160530_142427.jpg\" alt=\"20160530_142427\" width=\"100%\" class=\"aligncenter size-full wp-image-18633\" srcset=\"https:\/\/www.grieta.org.mx\/wp-content\/uploads\/2016\/08\/20160530_142427.jpg 3264w, https:\/\/www.grieta.org.mx\/wp-content\/uploads\/2016\/08\/20160530_142427-300x169.jpg 300w, https:\/\/www.grieta.org.mx\/wp-content\/uploads\/2016\/08\/20160530_142427-768x432.jpg 768w, https:\/\/www.grieta.org.mx\/wp-content\/uploads\/2016\/08\/20160530_142427-1024x576.jpg 1024w\" sizes=\"(max-width: 3264px) 100vw, 3264px\" \/><\/p>\n<p><img decoding=\"async\" data-attachment-id=\"18634\" data-permalink=\"https:\/\/www.grieta.org.mx\/index.php\/2016\/05\/31\/en-coyoacan-exigimos-aulas-educacion-y-cultura-no-mas-centros-comerciales-torres-inmobiliarias-y-corrupcion\/20160530_141736\/\" data-orig-file=\"https:\/\/www.grieta.org.mx\/wp-content\/uploads\/2016\/08\/20160530_141736.jpg\" data-orig-size=\"3264,1836\" data-comments-opened=\"0\" data-image-meta=\"{&quot;aperture&quot;:&quot;2.4&quot;,&quot;credit&quot;:&quot;&quot;,&quot;camera&quot;:&quot;SM-A300H&quot;,&quot;caption&quot;:&quot;&quot;,&quot;created_timestamp&quot;:&quot;1464617855&quot;,&quot;copyright&quot;:&quot;&quot;,&quot;focal_length&quot;:&quot;3.3&quot;,&quot;iso&quot;:&quot;50&quot;,&quot;shutter_speed&quot;:&quot;0.0051546391752577&quot;,&quot;title&quot;:&quot;&quot;,&quot;orientation&quot;:&quot;1&quot;}\" data-image-title=\"20160530_141736\" data-image-description=\"\" data-image-caption=\"\" data-medium-file=\"https:\/\/www.grieta.org.mx\/wp-content\/uploads\/2016\/08\/20160530_141736-300x169.jpg\" data-large-file=\"https:\/\/www.grieta.org.mx\/wp-content\/uploads\/2016\/08\/20160530_141736-1024x576.jpg\" src=\"http:\/\/www.grieta.org.mx\/wp-content\/uploads\/2016\/08\/20160530_141736.jpg\" alt=\"20160530_141736\" width=\"100%\" class=\"aligncenter size-full wp-image-18634\" srcset=\"https:\/\/www.grieta.org.mx\/wp-content\/uploads\/2016\/08\/20160530_141736.jpg 3264w, https:\/\/www.grieta.org.mx\/wp-content\/uploads\/2016\/08\/20160530_141736-300x169.jpg 300w, https:\/\/www.grieta.org.mx\/wp-content\/uploads\/2016\/08\/20160530_141736-768x432.jpg 768w, https:\/\/www.grieta.org.mx\/wp-content\/uploads\/2016\/08\/20160530_141736-1024x576.jpg 1024w\" sizes=\"(max-width: 3264px) 100vw, 3264px\" \/><\/p>\n<p><img decoding=\"async\" data-attachment-id=\"18635\" data-permalink=\"https:\/\/www.grieta.org.mx\/index.php\/2016\/05\/31\/en-coyoacan-exigimos-aulas-educacion-y-cultura-no-mas-centros-comerciales-torres-inmobiliarias-y-corrupcion\/20160530_131618\/\" data-orig-file=\"https:\/\/www.grieta.org.mx\/wp-content\/uploads\/2016\/08\/20160530_131618.jpg\" data-orig-size=\"3264,1836\" data-comments-opened=\"0\" data-image-meta=\"{&quot;aperture&quot;:&quot;2.4&quot;,&quot;credit&quot;:&quot;&quot;,&quot;camera&quot;:&quot;SM-A300H&quot;,&quot;caption&quot;:&quot;&quot;,&quot;created_timestamp&quot;:&quot;1464614177&quot;,&quot;copyright&quot;:&quot;&quot;,&quot;focal_length&quot;:&quot;3.3&quot;,&quot;iso&quot;:&quot;50&quot;,&quot;shutter_speed&quot;:&quot;0.0010384215991693&quot;,&quot;title&quot;:&quot;&quot;,&quot;orientation&quot;:&quot;1&quot;}\" data-image-title=\"20160530_131618\" data-image-description=\"\" data-image-caption=\"\" data-medium-file=\"https:\/\/www.grieta.org.mx\/wp-content\/uploads\/2016\/08\/20160530_131618-300x169.jpg\" data-large-file=\"https:\/\/www.grieta.org.mx\/wp-content\/uploads\/2016\/08\/20160530_131618-1024x576.jpg\" src=\"http:\/\/www.grieta.org.mx\/wp-content\/uploads\/2016\/08\/20160530_131618.jpg\" alt=\"20160530_131618\" width=\"100%\" class=\"aligncenter size-full wp-image-18635\" srcset=\"https:\/\/www.grieta.org.mx\/wp-content\/uploads\/2016\/08\/20160530_131618.jpg 3264w, https:\/\/www.grieta.org.mx\/wp-content\/uploads\/2016\/08\/20160530_131618-300x169.jpg 300w, https:\/\/www.grieta.org.mx\/wp-content\/uploads\/2016\/08\/20160530_131618-768x432.jpg 768w, https:\/\/www.grieta.org.mx\/wp-content\/uploads\/2016\/08\/20160530_131618-1024x576.jpg 1024w\" sizes=\"(max-width: 3264px) 100vw, 3264px\" \/><\/p>\n<p><img decoding=\"async\" data-attachment-id=\"18636\" data-permalink=\"https:\/\/www.grieta.org.mx\/index.php\/2016\/05\/31\/en-coyoacan-exigimos-aulas-educacion-y-cultura-no-mas-centros-comerciales-torres-inmobiliarias-y-corrupcion\/img-20160530-wa0024\/\" data-orig-file=\"https:\/\/www.grieta.org.mx\/wp-content\/uploads\/2016\/08\/img-20160530-wa0024.jpg\" data-orig-size=\"1280,719\" data-comments-opened=\"0\" data-image-meta=\"{&quot;aperture&quot;:&quot;0&quot;,&quot;credit&quot;:&quot;&quot;,&quot;camera&quot;:&quot;&quot;,&quot;caption&quot;:&quot;&quot;,&quot;created_timestamp&quot;:&quot;0&quot;,&quot;copyright&quot;:&quot;&quot;,&quot;focal_length&quot;:&quot;0&quot;,&quot;iso&quot;:&quot;0&quot;,&quot;shutter_speed&quot;:&quot;0&quot;,&quot;title&quot;:&quot;&quot;,&quot;orientation&quot;:&quot;0&quot;}\" data-image-title=\"img-20160530-wa0024\" data-image-description=\"\" data-image-caption=\"\" data-medium-file=\"https:\/\/www.grieta.org.mx\/wp-content\/uploads\/2016\/08\/img-20160530-wa0024-300x169.jpg\" data-large-file=\"https:\/\/www.grieta.org.mx\/wp-content\/uploads\/2016\/08\/img-20160530-wa0024-1024x575.jpg\" src=\"http:\/\/www.grieta.org.mx\/wp-content\/uploads\/2016\/08\/img-20160530-wa0024.jpg\" alt=\"img-20160530-wa0024\" width=\"100%\" class=\"aligncenter size-full wp-image-18636\" srcset=\"https:\/\/www.grieta.org.mx\/wp-content\/uploads\/2016\/08\/img-20160530-wa0024.jpg 1280w, https:\/\/www.grieta.org.mx\/wp-content\/uploads\/2016\/08\/img-20160530-wa0024-300x169.jpg 300w, https:\/\/www.grieta.org.mx\/wp-content\/uploads\/2016\/08\/img-20160530-wa0024-768x431.jpg 768w, https:\/\/www.grieta.org.mx\/wp-content\/uploads\/2016\/08\/img-20160530-wa0024-1024x575.jpg 1024w\" sizes=\"(max-width: 1280px) 100vw, 1280px\" \/><\/p>\n<p><img decoding=\"async\" data-attachment-id=\"18637\" data-permalink=\"https:\/\/www.grieta.org.mx\/index.php\/2016\/05\/31\/en-coyoacan-exigimos-aulas-educacion-y-cultura-no-mas-centros-comerciales-torres-inmobiliarias-y-corrupcion\/img-20160530-wa0015\/\" data-orig-file=\"https:\/\/www.grieta.org.mx\/wp-content\/uploads\/2016\/08\/img-20160530-wa0015.jpg\" data-orig-size=\"719,1280\" data-comments-opened=\"0\" data-image-meta=\"{&quot;aperture&quot;:&quot;0&quot;,&quot;credit&quot;:&quot;&quot;,&quot;camera&quot;:&quot;&quot;,&quot;caption&quot;:&quot;&quot;,&quot;created_timestamp&quot;:&quot;0&quot;,&quot;copyright&quot;:&quot;&quot;,&quot;focal_length&quot;:&quot;0&quot;,&quot;iso&quot;:&quot;0&quot;,&quot;shutter_speed&quot;:&quot;0&quot;,&quot;title&quot;:&quot;&quot;,&quot;orientation&quot;:&quot;0&quot;}\" data-image-title=\"img-20160530-wa0015\" data-image-description=\"\" data-image-caption=\"\" data-medium-file=\"https:\/\/www.grieta.org.mx\/wp-content\/uploads\/2016\/08\/img-20160530-wa0015-169x300.jpg\" data-large-file=\"https:\/\/www.grieta.org.mx\/wp-content\/uploads\/2016\/08\/img-20160530-wa0015-575x1024.jpg\" src=\"http:\/\/www.grieta.org.mx\/wp-content\/uploads\/2016\/08\/img-20160530-wa0015.jpg\" alt=\"img-20160530-wa0015\" width=\"100%\" class=\"aligncenter size-full wp-image-18637\" srcset=\"https:\/\/www.grieta.org.mx\/wp-content\/uploads\/2016\/08\/img-20160530-wa0015.jpg 719w, https:\/\/www.grieta.org.mx\/wp-content\/uploads\/2016\/08\/img-20160530-wa0015-169x300.jpg 169w, https:\/\/www.grieta.org.mx\/wp-content\/uploads\/2016\/08\/img-20160530-wa0015-575x1024.jpg 575w\" sizes=\"(max-width: 719px) 100vw, 719px\" \/><\/p>\n<p><img decoding=\"async\" data-attachment-id=\"18638\" data-permalink=\"https:\/\/www.grieta.org.mx\/index.php\/2016\/05\/31\/en-coyoacan-exigimos-aulas-educacion-y-cultura-no-mas-centros-comerciales-torres-inmobiliarias-y-corrupcion\/img-20160530-wa0011\/\" data-orig-file=\"https:\/\/www.grieta.org.mx\/wp-content\/uploads\/2016\/08\/img-20160530-wa0011.jpg\" data-orig-size=\"719,1280\" data-comments-opened=\"0\" data-image-meta=\"{&quot;aperture&quot;:&quot;0&quot;,&quot;credit&quot;:&quot;&quot;,&quot;camera&quot;:&quot;&quot;,&quot;caption&quot;:&quot;&quot;,&quot;created_timestamp&quot;:&quot;0&quot;,&quot;copyright&quot;:&quot;&quot;,&quot;focal_length&quot;:&quot;0&quot;,&quot;iso&quot;:&quot;0&quot;,&quot;shutter_speed&quot;:&quot;0&quot;,&quot;title&quot;:&quot;&quot;,&quot;orientation&quot;:&quot;0&quot;}\" data-image-title=\"img-20160530-wa0011\" data-image-description=\"\" data-image-caption=\"\" data-medium-file=\"https:\/\/www.grieta.org.mx\/wp-content\/uploads\/2016\/08\/img-20160530-wa0011-169x300.jpg\" data-large-file=\"https:\/\/www.grieta.org.mx\/wp-content\/uploads\/2016\/08\/img-20160530-wa0011-575x1024.jpg\" src=\"http:\/\/www.grieta.org.mx\/wp-content\/uploads\/2016\/08\/img-20160530-wa0011.jpg\" alt=\"img-20160530-wa0011\" width=\"100%\" class=\"aligncenter size-full wp-image-18638\" srcset=\"https:\/\/www.grieta.org.mx\/wp-content\/uploads\/2016\/08\/img-20160530-wa0011.jpg 719w, https:\/\/www.grieta.org.mx\/wp-content\/uploads\/2016\/08\/img-20160530-wa0011-169x300.jpg 169w, https:\/\/www.grieta.org.mx\/wp-content\/uploads\/2016\/08\/img-20160530-wa0011-575x1024.jpg 575w\" sizes=\"(max-width: 719px) 100vw, 719px\" \/><\/p>\n<p><img decoding=\"async\" data-attachment-id=\"18639\" data-permalink=\"https:\/\/www.grieta.org.mx\/index.php\/2016\/05\/31\/en-coyoacan-exigimos-aulas-educacion-y-cultura-no-mas-centros-comerciales-torres-inmobiliarias-y-corrupcion\/img-20160530-wa0009\/\" data-orig-file=\"https:\/\/www.grieta.org.mx\/wp-content\/uploads\/2016\/08\/img-20160530-wa0009.jpg\" data-orig-size=\"1280,720\" data-comments-opened=\"0\" data-image-meta=\"{&quot;aperture&quot;:&quot;0&quot;,&quot;credit&quot;:&quot;&quot;,&quot;camera&quot;:&quot;&quot;,&quot;caption&quot;:&quot;&quot;,&quot;created_timestamp&quot;:&quot;0&quot;,&quot;copyright&quot;:&quot;&quot;,&quot;focal_length&quot;:&quot;0&quot;,&quot;iso&quot;:&quot;0&quot;,&quot;shutter_speed&quot;:&quot;0&quot;,&quot;title&quot;:&quot;&quot;,&quot;orientation&quot;:&quot;0&quot;}\" data-image-title=\"img-20160530-wa0009\" data-image-description=\"\" data-image-caption=\"\" data-medium-file=\"https:\/\/www.grieta.org.mx\/wp-content\/uploads\/2016\/08\/img-20160530-wa0009-300x169.jpg\" data-large-file=\"https:\/\/www.grieta.org.mx\/wp-content\/uploads\/2016\/08\/img-20160530-wa0009-1024x576.jpg\" src=\"http:\/\/www.grieta.org.mx\/wp-content\/uploads\/2016\/08\/img-20160530-wa0009.jpg\" alt=\"img-20160530-wa0009\" width=\"100%\" class=\"aligncenter size-full wp-image-18639\" srcset=\"https:\/\/www.grieta.org.mx\/wp-content\/uploads\/2016\/08\/img-20160530-wa0009.jpg 1280w, https:\/\/www.grieta.org.mx\/wp-content\/uploads\/2016\/08\/img-20160530-wa0009-300x169.jpg 300w, https:\/\/www.grieta.org.mx\/wp-content\/uploads\/2016\/08\/img-20160530-wa0009-768x432.jpg 768w, https:\/\/www.grieta.org.mx\/wp-content\/uploads\/2016\/08\/img-20160530-wa0009-1024x576.jpg 1024w\" sizes=\"(max-width: 1280px) 100vw, 1280px\" \/><\/p>\n<p><img decoding=\"async\" data-attachment-id=\"18640\" data-permalink=\"https:\/\/www.grieta.org.mx\/index.php\/2016\/05\/31\/en-coyoacan-exigimos-aulas-educacion-y-cultura-no-mas-centros-comerciales-torres-inmobiliarias-y-corrupcion\/20160530_144305\/\" data-orig-file=\"https:\/\/www.grieta.org.mx\/wp-content\/uploads\/2016\/08\/20160530_144305.jpg\" data-orig-size=\"3264,1836\" data-comments-opened=\"0\" data-image-meta=\"{&quot;aperture&quot;:&quot;2.4&quot;,&quot;credit&quot;:&quot;&quot;,&quot;camera&quot;:&quot;SM-A300H&quot;,&quot;caption&quot;:&quot;&quot;,&quot;created_timestamp&quot;:&quot;1464619384&quot;,&quot;copyright&quot;:&quot;&quot;,&quot;focal_length&quot;:&quot;3.3&quot;,&quot;iso&quot;:&quot;50&quot;,&quot;shutter_speed&quot;:&quot;0.0015723270440252&quot;,&quot;title&quot;:&quot;&quot;,&quot;orientation&quot;:&quot;1&quot;}\" data-image-title=\"20160530_144305\" data-image-description=\"\" data-image-caption=\"\" data-medium-file=\"https:\/\/www.grieta.org.mx\/wp-content\/uploads\/2016\/08\/20160530_144305-300x169.jpg\" data-large-file=\"https:\/\/www.grieta.org.mx\/wp-content\/uploads\/2016\/08\/20160530_144305-1024x576.jpg\" src=\"http:\/\/www.grieta.org.mx\/wp-content\/uploads\/2016\/08\/20160530_144305.jpg\" alt=\"20160530_144305\" width=\"100%\" class=\"aligncenter size-full wp-image-18640\" srcset=\"https:\/\/www.grieta.org.mx\/wp-content\/uploads\/2016\/08\/20160530_144305.jpg 3264w, https:\/\/www.grieta.org.mx\/wp-content\/uploads\/2016\/08\/20160530_144305-300x169.jpg 300w, https:\/\/www.grieta.org.mx\/wp-content\/uploads\/2016\/08\/20160530_144305-768x432.jpg 768w, https:\/\/www.grieta.org.mx\/wp-content\/uploads\/2016\/08\/20160530_144305-1024x576.jpg 1024w\" sizes=\"(max-width: 3264px) 100vw, 3264px\" \/><\/p>\n<p>Coyoac\u00e1n es una de las delegaciones que, desde la pasada administraci\u00f3n de Mauricio Toledo, ha sufrido una violenta transformaci\u00f3n urbana donde desarrollos inmobiliarios y plazas comerciales han causado afectaciones a los habitantes y violentado el Plan de Desarrollo Urbano Delegacional. Plaza Frida en el Centro Coyoac\u00e1n, Plaza Oasis, Quiero Casa, Plaza los Reyes, entre otras construcciones, han volteado la opini\u00f3n p\u00fablica en contra del Partido de la Revoluci\u00f3n Democr\u00e1tica que se ha dedicado a incentivar el aumento de edificaciones en pueblos originarios y zonas sin factibilidad h\u00eddrica. No obstante, espacios educativos como el Instituto Coapa ubicado en el CETRAM de CU o el Centro de las Artes de Santa \u00darsula (CASU)\u2014ambos dentro del pol\u00edgono de las ZODES\u2013, est\u00e1n siendo sitio de hostigamiento constante por autoridades delegacionales.<\/p>\n<p>Las actitudes de Valent\u00edn Maldonado y Mauricio Toledo, son motivo de desprecio, sobre todo cuando llenan la delegaci\u00f3n de volantes promoviendo sus personalidades y a su partido; pero negando el derecho a la Cultura a cientos de vecinos de los pedregales, argumentando que el dinero es insuficiente, tal y como expuso el director de cultura de la delegaci\u00f3n Coyoac\u00e1n Hugo S\u00e1nchez, cuando se le reclam\u00f3 porque estaban en condiciones deplorables las instalaciones del CASU. De igual manera, es notorio que las prioridades para la delegaci\u00f3n se basan en promover al PRD, en lugar se solucionar conflictos latentes como: la escasez de agua, el aumento de la inseguridad, las construcciones inmobiliarias violatorias del uso de suelo y dem\u00e1s problem\u00e1ticas que ponen en peligro la seguridad de los habitantes, se premia a quienes promueven la figura de los perredistas Mauricio Toledo y Valent\u00edn, con Tinacos y dem\u00e1s programas sociales que se usan de manera electoral y no social.<\/p>\n<p>Como vecinos hemos denunciado constantemente esta situaci\u00f3n; sin embargo, la delegaci\u00f3n opt\u00f3 por silenciar a los vecinos que reclamaban se cumplieran las normas y las leyes. Marcos Fuentes Franco, vecino de la Colonia Santa \u00darsula y promotor de la organizaci\u00f3n vecinal contra los megaproyectos en Coyoac\u00e1n, se ha visto en una situaci\u00f3n preocupante ya que fue clausurado el Instituto Coapa, centro educativo donde \u00e9l es el director y fundador. Los argumentos para su clausura apelan a cuestiones de Protecci\u00f3n Civil, las cuales Marcos Fuentes ha rebatido constantemente se\u00f1alando que se trata de un acto intimidatorio a su persona. Aunado a esto, los vecinos de los pedregales, llevan meses denunciando el trabajo dentro de la Planta de Asfalto, el cual hace que tiemblen sus viviendas y pone en riesgo su seguridad; sin embargo, la delegaci\u00f3n jam\u00e1s se ha preocupado por atender a los vecinos y vigilar que se cumplan las normas de protecci\u00f3n civil en la zona aleda\u00f1a a la Planta de Asfalto; en su lugar castiga a quienes promueven que este predio regrese al patrimonio de la ciudad y se cancelen los megaproyectos planteados en el mismo.<\/p>\n<p>As\u00ed, ante la hostilidad de la delegaci\u00f3n, su falta de compromiso y el boom de corrupci\u00f3n que se respira; los vecinos de Coyoac\u00e1n emprenderemos una serie de movilizaciones para que se garanticen nuestros derechos y no se conviertan en d\u00e1divas que corresponden a la l\u00f3gica electoral. Con lo cual, exigimos:<\/p>\n<p>    Que se abra el Instituto Coapa, un centro cultural y educativo que ha ayudado a miles de j\u00f3venes de los pedregales a terminar sus estudios e ingresar a la licenciatura<br \/>\n    Que se cumpla nuestro derecho humano al agua, donde recibamos en los pedregales agua corriente, de calidad y asequibles, donde no tengamos que recibir pipas que promocionan la figura del delegado o tinacos a cambio de votos.<br \/>\n    Cese al hostigamiento que imparte la delegaci\u00f3n contra los vecinos que exigen se cumpla la ley y se elimine la corrupci\u00f3n inmobiliaria<\/p>\n<p>Por \u00faltimo, de persistir la arbitrariedad, la discriminaci\u00f3n y la violencia por parte de Mauricio Toledo y Valent\u00edn Maldonado hacia los vecinos que nos mostramos en desacuerdo con su gobierno, presentaremos ante la Asamblea Legislativa una iniciativa para su desafuero.<\/p>\n<p>Exigimos Justica y Respeto para los Coyoacanenses<\/p>\n<p>Coordinaci\u00f3n de Asambleas de los Pedregales de Coyoac\u00e1n.<\/p>\n<p><a href=\"https:\/\/noalaciudaddelfuturo.wordpress.com\/2016\/05\/31\/en-coyoacan-exigimos-aulas-educacion-y-cultura-no-mas-centros-comerciales-torres-inmobiliarias-y-corrupcion\/\" target=\"_blank\">https:\/\/noalaciudaddelfuturo.wordpress.com\/2016\/05\/31\/en-coyoacan-exigimos-aulas-educacion-y-cultura-no-mas-centros-comerciales-torres-inmobiliarias-y-corrupcion\/<\/a><\/p>\n","protected":false},"excerpt":{"rendered":"<p>Profesores, alumnos y trabajadores del Instituto Cultural y Educativo Coapa, exigen se cumplan sus derechos a la educaci\u00f3n y al trabajo, los cuales han sido violentados por la delegaci\u00f3n Coyoac\u00e1n. &hellip; <a href=\"https:\/\/www.grieta.org.mx\/index.php\/2016\/05\/31\/en-coyoacan-exigimos-aulas-educacion-y-cultura-no-mas-centros-comerciales-torres-inmobiliarias-y-corrupcion\/\" class=\"more-link\">Leer m\u00e1s<\/a><\/p>\n","protected":false},"author":2,"featured_media":21928,"comment_status":"closed","ping_status":"closed","sticky":false,"template":"","format":"standard","meta":{"ngg_post_thumbnail":0,"_jetpack_newsletter_access":"","_jetpack_dont_email_post_to_subs":false,"_jetpack_newsletter_tier_id":0,"_jetpack_memberships_contains_paywalled_content":false,"_jetpack_memberships_contains_paid_content":false,"footnotes":""},"categories":[80],"tags":[612,644,183,637],"class_list":["post-18624","post","type-post","status-publish","format-standard","has-post-thumbnail","hentry","category-cintillo","tag-coyoacan","tag-justicia","tag-manifestacion","tag-pedregales","entry"],"jetpack_featured_media_url":"https:\/\/www.grieta.org.mx\/wp-content\/uploads\/2018\/03\/14524434_1106112876131411_958039263622046936_o.jpg","jetpack_sharing_enabled":true,"jetpack_shortlink":"https:\/\/wp.me\/p7ZJR4-4Qo","jetpack_likes_enabled":false,"jetpack-related-posts":[{"id":10524,"url":"https:\/\/www.grieta.org.mx\/index.php\/2015\/12\/19\/habitantes-de-coyoacan-en-defensa-del-agua-y-la-vivienda-digna-en-el-df\/","url_meta":{"origin":18624,"position":0},"title":"Habitantes de Coyoac\u00e1n en defensa del agua y la vivienda digna en el DF","author":"grieta","date":"19 diciembre, 2015","format":false,"excerpt":"Desinform\u00e9monos Redacci\u00f3n Desinform\u00e9monos El viernes 18 los vecinos de Coyoac\u00e1n hab\u00edan conseguido que el delegado de su zona, Valent\u00edn Maldonado, los recibiera a las seis de la tarde. En la ma\u00f1ana les avisaron que no los atender\u00eda \u201cdebido a su apretada agenda\u201d. Los vecinos sostienen que esta cancelaci\u00f3n muestra m\u00e1s\u2026","rel":"","context":"En &quot;CINTILLO&quot;","block_context":{"text":"CINTILLO","link":"https:\/\/www.grieta.org.mx\/index.php\/category\/cintillo\/"},"img":{"alt_text":"","src":"https:\/\/i0.wp.com\/www.grieta.org.mx\/wp-content\/uploads\/2018\/03\/14524434_1106112876131411_958039263622046936_o.jpg?resize=350%2C200&ssl=1","width":350,"height":200,"srcset":"https:\/\/i0.wp.com\/www.grieta.org.mx\/wp-content\/uploads\/2018\/03\/14524434_1106112876131411_958039263622046936_o.jpg?resize=350%2C200&ssl=1 1x, https:\/\/i0.wp.com\/www.grieta.org.mx\/wp-content\/uploads\/2018\/03\/14524434_1106112876131411_958039263622046936_o.jpg?resize=525%2C300&ssl=1 1.5x, https:\/\/i0.wp.com\/www.grieta.org.mx\/wp-content\/uploads\/2018\/03\/14524434_1106112876131411_958039263622046936_o.jpg?resize=700%2C400&ssl=1 2x"},"classes":[]},{"id":14243,"url":"https:\/\/www.grieta.org.mx\/index.php\/2016\/06\/09\/protestan-vecinos-de-coyoacan-por-obra-en-llanten-81\/","url_meta":{"origin":18624,"position":1},"title":"Protestan vecinos de Coyoac\u00e1n por obra en Llanten 81","author":"grieta","date":"9 junio, 2016","format":false,"excerpt":"Roc\u00edo Gonz\u00e1lez Alvarado Con la consigna: \"ya basta de corrupci\u00f3n\", vecinos de las colonias Ciudad Jard\u00edn y Xotepingo, en la delegaci\u00f3n Coyoac\u00e1n, se manifestaron sobre la avenida Divisi\u00f3n del Norte para exigir que se frene la construcci\u00f3n de un edificio en la calle Llanten 81. Esta obra, adem\u00e1s de violar\u2026","rel":"","context":"En &quot;cdmx&quot;","block_context":{"text":"cdmx","link":"https:\/\/www.grieta.org.mx\/index.php\/category\/cdmx\/"},"img":{"alt_text":"","src":"https:\/\/i0.wp.com\/www.grieta.org.mx\/wp-content\/uploads\/2018\/03\/14524434_1106112876131411_958039263622046936_o.jpg?resize=350%2C200&ssl=1","width":350,"height":200,"srcset":"https:\/\/i0.wp.com\/www.grieta.org.mx\/wp-content\/uploads\/2018\/03\/14524434_1106112876131411_958039263622046936_o.jpg?resize=350%2C200&ssl=1 1x, https:\/\/i0.wp.com\/www.grieta.org.mx\/wp-content\/uploads\/2018\/03\/14524434_1106112876131411_958039263622046936_o.jpg?resize=525%2C300&ssl=1 1.5x, https:\/\/i0.wp.com\/www.grieta.org.mx\/wp-content\/uploads\/2018\/03\/14524434_1106112876131411_958039263622046936_o.jpg?resize=700%2C400&ssl=1 2x"},"classes":[]},{"id":11587,"url":"https:\/\/www.grieta.org.mx\/index.php\/2016\/04\/30\/planton-de-comunidades-pedregales-de-coyoacan-contra-los-proyectos-inmobiliarios\/","url_meta":{"origin":18624,"position":2},"title":"Plant\u00f3n de comunidades Pedregales de Coyoac\u00e1n, contra los proyectos inmobiliarios","author":"grieta","date":"30 abril, 2016","format":false,"excerpt":"Documental que describe la lucha de Comunidades de Pedregales de Coyoac\u00e1n, contra proyectos devastadores, que amenazan a todos los pueblos Pueblos y barrios de Coyoac\u00e1n, ente los que se encuentran La Candelaria, Santo Domingo, Santa \u00darsula, Los Reyes, adem\u00e1s de vecinxs de Iztacalco, Santa Fe y Magdalena Contreras, se unieron\u2026","rel":"","context":"En &quot;cdmx&quot;","block_context":{"text":"cdmx","link":"https:\/\/www.grieta.org.mx\/index.php\/category\/cdmx\/"},"img":{"alt_text":"","src":"https:\/\/i0.wp.com\/www.grieta.org.mx\/wp-content\/uploads\/2018\/03\/14524434_1106112876131411_958039263622046936_o.jpg?resize=350%2C200&ssl=1","width":350,"height":200,"srcset":"https:\/\/i0.wp.com\/www.grieta.org.mx\/wp-content\/uploads\/2018\/03\/14524434_1106112876131411_958039263622046936_o.jpg?resize=350%2C200&ssl=1 1x, https:\/\/i0.wp.com\/www.grieta.org.mx\/wp-content\/uploads\/2018\/03\/14524434_1106112876131411_958039263622046936_o.jpg?resize=525%2C300&ssl=1 1.5x, https:\/\/i0.wp.com\/www.grieta.org.mx\/wp-content\/uploads\/2018\/03\/14524434_1106112876131411_958039263622046936_o.jpg?resize=700%2C400&ssl=1 2x"},"classes":[]},{"id":10510,"url":"https:\/\/www.grieta.org.mx\/index.php\/2015\/05\/18\/exigen-comerciantes-y-vecinos-de-coyoacan-cancelar-ciudad-del-futuro\/","url_meta":{"origin":18624,"position":3},"title":"Exigen comerciantes y vecinos de Coyoac\u00e1n cancelar Ciudad del Futuro","author":"grieta","date":"18 mayo, 2015","format":false,"excerpt":"La Jornada Por Agust\u00edn Salgado M\u00e9xico, DF. Vecinos y locatarios de mercados p\u00fablicos de la delegaci\u00f3n Coyoacan se manifestaron esta ma\u00f1ana en el cruce de Divisi\u00f3n del Norte y Miguel \u00c1ngel de Quevedo. Las demandas de los inconformes fueron varias, entre ellas, el apoyo a los centros de abasto, la\u2026","rel":"","context":"En &quot;CINTILLO&quot;","block_context":{"text":"CINTILLO","link":"https:\/\/www.grieta.org.mx\/index.php\/category\/cintillo\/"},"img":{"alt_text":"","src":"https:\/\/i0.wp.com\/www.grieta.org.mx\/wp-content\/uploads\/2018\/03\/14524434_1106112876131411_958039263622046936_o.jpg?resize=350%2C200&ssl=1","width":350,"height":200,"srcset":"https:\/\/i0.wp.com\/www.grieta.org.mx\/wp-content\/uploads\/2018\/03\/14524434_1106112876131411_958039263622046936_o.jpg?resize=350%2C200&ssl=1 1x, https:\/\/i0.wp.com\/www.grieta.org.mx\/wp-content\/uploads\/2018\/03\/14524434_1106112876131411_958039263622046936_o.jpg?resize=525%2C300&ssl=1 1.5x, https:\/\/i0.wp.com\/www.grieta.org.mx\/wp-content\/uploads\/2018\/03\/14524434_1106112876131411_958039263622046936_o.jpg?resize=700%2C400&ssl=1 2x"},"classes":[]},{"id":13398,"url":"https:\/\/www.grieta.org.mx\/index.php\/2016\/05\/31\/denuncian-comerciantes-caceria-para-quitarlos-del-paradero-de-cu\/","url_meta":{"origin":18624,"position":4},"title":"Denuncian comerciantes cacer\u00eda para quitarlos del paradero de CU","author":"grieta","date":"31 mayo, 2016","format":false,"excerpt":"Laura G\u00f3mez Flores Quieren desaparecernos para expropiar y erigir un Cetram y una plaza, se\u00f1alan Acusan a Mauricio Toledo y al titular de Coyoac\u00e1n del auge de construcciones Alumnos y profesores del Instituto Coapa, el cual fue clausurado, exigieron \u201caulas, educaci\u00f3n y cultura, no m\u00e1s centros comerciales, torres inmobiliarias y\u2026","rel":"","context":"En &quot;cdmx&quot;","block_context":{"text":"cdmx","link":"https:\/\/www.grieta.org.mx\/index.php\/category\/cdmx\/"},"img":{"alt_text":"","src":"https:\/\/i0.wp.com\/www.grieta.org.mx\/wp-content\/uploads\/2018\/03\/14524434_1106112876131411_958039263622046936_o.jpg?resize=350%2C200&ssl=1","width":350,"height":200,"srcset":"https:\/\/i0.wp.com\/www.grieta.org.mx\/wp-content\/uploads\/2018\/03\/14524434_1106112876131411_958039263622046936_o.jpg?resize=350%2C200&ssl=1 1x, https:\/\/i0.wp.com\/www.grieta.org.mx\/wp-content\/uploads\/2018\/03\/14524434_1106112876131411_958039263622046936_o.jpg?resize=525%2C300&ssl=1 1.5x, https:\/\/i0.wp.com\/www.grieta.org.mx\/wp-content\/uploads\/2018\/03\/14524434_1106112876131411_958039263622046936_o.jpg?resize=700%2C400&ssl=1 2x"},"classes":[]},{"id":10498,"url":"https:\/\/www.grieta.org.mx\/index.php\/2016\/09\/05\/movilizaciones-contra-zodes\/","url_meta":{"origin":18624,"position":5},"title":"Organizaci\u00f3n y movilizaciones contra ZODES en la Ciudad de M\u00e9xico","author":"grieta","date":"5 septiembre, 2016","format":false,"excerpt":"04\/09\/16. La lucha no es f\u00e1cil, nos estamos enfrentando al gran poder del dinero: colonos de pedregales Coyoac\u00e1nDesinform\u00e9monos 17\/02\/16. Vecinos de Coyoac\u00e1n rechazan consulta p\u00fablica sobre Planta de AsfaltoDesinform\u00e9monos 11\/02\/16. Nuestra lucha va m\u00e1s all\u00e1 de una casa, es por nuestra historia: Pedregales de Coyoac\u00e1nSubversiones 21\/01\/16. Contra el \"operativo rastrillo\"\u2026","rel":"","context":"En &quot;Ciudad de M\u00e9xico&quot;","block_context":{"text":"Ciudad de M\u00e9xico","link":"https:\/\/www.grieta.org.mx\/index.php\/category\/noticias-nacionales\/ciudad-de-mexico\/"},"img":{"alt_text":"","src":"https:\/\/i0.wp.com\/www.grieta.org.mx\/wp-content\/uploads\/2018\/03\/14524434_1106112876131411_958039263622046936_o.jpg?resize=350%2C200&ssl=1","width":350,"height":200,"srcset":"https:\/\/i0.wp.com\/www.grieta.org.mx\/wp-content\/uploads\/2018\/03\/14524434_1106112876131411_958039263622046936_o.jpg?resize=350%2C200&ssl=1 1x, https:\/\/i0.wp.com\/www.grieta.org.mx\/wp-content\/uploads\/2018\/03\/14524434_1106112876131411_958039263622046936_o.jpg?resize=525%2C300&ssl=1 1.5x, https:\/\/i0.wp.com\/www.grieta.org.mx\/wp-content\/uploads\/2018\/03\/14524434_1106112876131411_958039263622046936_o.jpg?resize=700%2C400&ssl=1 2x"},"classes":[]}],"_links":{"self":[{"href":"https:\/\/www.grieta.org.mx\/index.php\/wp-json\/wp\/v2\/posts\/18624","targetHints":{"allow":["GET"]}}],"collection":[{"href":"https:\/\/www.grieta.org.mx\/index.php\/wp-json\/wp\/v2\/posts"}],"about":[{"href":"https:\/\/www.grieta.org.mx\/index.php\/wp-json\/wp\/v2\/types\/post"}],"author":[{"embeddable":true,"href":"https:\/\/www.grieta.org.mx\/index.php\/wp-json\/wp\/v2\/users\/2"}],"replies":[{"embeddable":true,"href":"https:\/\/www.grieta.org.mx\/index.php\/wp-json\/wp\/v2\/comments?post=18624"}],"version-history":[{"count":1,"href":"https:\/\/www.grieta.org.mx\/index.php\/wp-json\/wp\/v2\/posts\/18624\/revisions"}],"predecessor-version":[{"id":18642,"href":"https:\/\/www.grieta.org.mx\/index.php\/wp-json\/wp\/v2\/posts\/18624\/revisions\/18642"}],"wp:featuredmedia":[{"embeddable":true,"href":"https:\/\/www.grieta.org.mx\/index.php\/wp-json\/wp\/v2\/media\/21928"}],"wp:attachment":[{"href":"https:\/\/www.grieta.org.mx\/index.php\/wp-json\/wp\/v2\/media?parent=18624"}],"wp:term":[{"taxonomy":"category","embeddable":true,"href":"https:\/\/www.grieta.org.mx\/index.php\/wp-json\/wp\/v2\/categories?post=18624"},{"taxonomy":"post_tag","embeddable":true,"href":"https:\/\/www.grieta.org.mx\/index.php\/wp-json\/wp\/v2\/tags?post=18624"}],"curies":[{"name":"wp","href":"https:\/\/api.w.org\/{rel}","templated":true}]}}