{"id":18595,"date":"2016-07-29T23:04:32","date_gmt":"2016-07-30T04:04:32","guid":{"rendered":"http:\/\/www.grieta.org.mx\/?p=18595"},"modified":"2018-07-06T19:34:56","modified_gmt":"2018-07-07T00:34:56","slug":"presentan-rutas-de-tratantes-de-personas-en-mexico","status":"publish","type":"post","link":"https:\/\/www.grieta.org.mx\/index.php\/2016\/07\/29\/presentan-rutas-de-tratantes-de-personas-en-mexico\/","title":{"rendered":"Presentan rutas de tratantes de personas en M\u00e9xico"},"content":{"rendered":"<p>Por Eric Galindo<\/p>\n<p>CANC\u00daN, Q. Roo.- En M\u00e9xico existen cuatro rutas que operan tratantes de personas, en una de ellas est\u00e1 Canc\u00fan, junto con Campeche, Veracruz y Tamaulipas, la ubican como la segunda de la tabla, dijo Rosi Orozco, presidenta de la Comisi\u00f3n Unidos contra la Trata de Personas en M\u00e9xico, en su exposici\u00f3n en la Conferencia anual de Delitos Financieros.<\/p>\n<p>La expositora mostr\u00f3 el mapa de los caminos que siguen los tratantes de personas y de los cuales el mayor productor de este negocio il\u00edcito es Tlaxcala.<\/p>\n<p><img loading=\"lazy\" decoding=\"async\" data-attachment-id=\"18597\" data-permalink=\"https:\/\/www.grieta.org.mx\/index.php\/2016\/07\/29\/presentan-rutas-de-tratantes-de-personas-en-mexico\/w704-34\/\" data-orig-file=\"https:\/\/www.grieta.org.mx\/wp-content\/uploads\/2016\/08\/w704.jpg\" data-orig-size=\"704,528\" data-comments-opened=\"0\" data-image-meta=\"{&quot;aperture&quot;:&quot;0&quot;,&quot;credit&quot;:&quot;&quot;,&quot;camera&quot;:&quot;&quot;,&quot;caption&quot;:&quot;&quot;,&quot;created_timestamp&quot;:&quot;0&quot;,&quot;copyright&quot;:&quot;&quot;,&quot;focal_length&quot;:&quot;0&quot;,&quot;iso&quot;:&quot;0&quot;,&quot;shutter_speed&quot;:&quot;0&quot;,&quot;title&quot;:&quot;&quot;,&quot;orientation&quot;:&quot;0&quot;}\" data-image-title=\"w704\" data-image-description=\"\" data-image-caption=\"\" data-medium-file=\"https:\/\/www.grieta.org.mx\/wp-content\/uploads\/2016\/08\/w704-300x225.jpg\" data-large-file=\"https:\/\/www.grieta.org.mx\/wp-content\/uploads\/2016\/08\/w704.jpg\" src=\"http:\/\/www.grieta.org.mx\/wp-content\/uploads\/2016\/08\/w704.jpg\" alt=\"w704\" width=\"704\" height=\"528\" class=\"aligncenter size-full wp-image-18597\" srcset=\"https:\/\/www.grieta.org.mx\/wp-content\/uploads\/2016\/08\/w704.jpg 704w, https:\/\/www.grieta.org.mx\/wp-content\/uploads\/2016\/08\/w704-300x225.jpg 300w\" sizes=\"auto, (max-width: 704px) 100vw, 704px\" \/><\/p>\n<p>En esa entidad existen 47 bandas que se dedican a la trata de personas, especialmente la ciudad de Tenancingo, los tratantes trabajan directamente con gente de Nueva York.<\/p>\n<p>El municipio de Acxotla del Monte tambi\u00e9n es otro lugar de ese estado que trabaja muy fuerte este tema con tratantes que operan en Houston, Estados Unidos.<\/p>\n<p>Una investigaci\u00f3n que realiz\u00f3 se\u00f1ala que en Tlaxcala, en los pueblos que est\u00e1n alrededor de Tenancingo, existen 19 mil personas que se dedican a esa actividad, no solamente hombres, tambi\u00e9n mujeres.<\/p>\n<p>En el mapa que expuso, se\u00f1ala que Canc\u00fan es un lugar de destino, donde llegan estas j\u00f3venes a ser explotadas sexualmente, la ruta la comparte con la ciudad de Campeche, Veracruz y Tampico.<\/p>\n<p>La primera ruta la comparten las ciudades de Puerto Vallarta, Mazatl\u00e1n, Culiac\u00e1n, Los Mochis, Nogales y Tijuana; mientras la tercera la complementan Tapachula, Tuxtla Guti\u00e9rrez, Acapulco y L\u00e1zaro C\u00e1rdenas y la cuarta son Ciudad de M\u00e9xico, Puebla y Tlaxcala.<\/p>\n<p>Muchas veces se daban casos que la polic\u00eda mexicana deten\u00eda a estas mujeres porque presentaban identificaciones falsas, por ellos en ocasiones hasta las encarcelaban por mucho tiempo, pero ahora la ley las protege, ellas no las falsifican, no es culpa de ellas, dijo la activista.<\/p>\n<p>Lavando dinero<br \/>\nRosi Orozco entreg\u00f3 informaci\u00f3n a las instituciones financieras para detectar c\u00f3mo se est\u00e1 lavando dinero por parte de los tratantes de personas.<\/p>\n<p>Beneficiaros que reciben trasferencias, dep\u00f3sitos en monedas inusuales, transferencias electr\u00f3nicas a los pa\u00edses de altas poblaciones de emigrantes, aumentos repentinos en los dep\u00f3sitos en efectivo, la r\u00e1pida rotaci\u00f3n de fondos y grandes dep\u00f3sitos de dinero en efectivo con fuentes desconocidas de los fondos y m\u00faltiples clientes que env\u00edan trasferencias al mismo beneficiario, son focos rojos.<\/p>\n<p>Dijo que esas \u201cclaves\u201d ser\u00e1n entregadas a todas las entidades financieras para que ah\u00ed puedan encontrar se\u00f1ales de alerta y con esto esperan que muchos tratantes terminen detr\u00e1s de las rejas.<\/p>\n<p><a href=\"http:\/\/sipse.com\/novedades\/exponen-cuatro-rutas-de-tratantes-de-personas-lavado-dinero-mujeres-jovenes-turismo-cancun-215622.html\">http:\/\/sipse.com\/novedades\/exponen-cuatro-rutas-de-tratantes-de-personas-lavado-dinero-mujeres-jovenes-turismo-cancun-215622.html<\/a><\/p>\n","protected":false},"excerpt":{"rendered":"<p>Por Eric Galindo CANC\u00daN, Q. Roo.- En M\u00e9xico existen cuatro rutas que operan tratantes de personas, en una de ellas est\u00e1 Canc\u00fan, junto con Campeche, Veracruz y Tamaulipas, la ubican &hellip; <a href=\"https:\/\/www.grieta.org.mx\/index.php\/2016\/07\/29\/presentan-rutas-de-tratantes-de-personas-en-mexico\/\" class=\"more-link\">Leer m\u00e1s<\/a><\/p>\n","protected":false},"author":2,"featured_media":18597,"comment_status":"closed","ping_status":"closed","sticky":false,"template":"","format":"standard","meta":{"ngg_post_thumbnail":0,"_jetpack_newsletter_access":"","_jetpack_dont_email_post_to_subs":false,"_jetpack_newsletter_tier_id":0,"_jetpack_memberships_contains_paywalled_content":false,"_jetpack_memberships_contains_paid_content":false,"footnotes":""},"categories":[80,2,34,1266],"tags":[417],"class_list":["post-18595","post","type-post","status-publish","format-standard","has-post-thumbnail","hentry","category-cintillo","category-noticias-nacionales","category-tlaxcala","category-trata-de-personas-en-tlaxcala","tag-trata-de-personas","entry"],"jetpack_featured_media_url":"https:\/\/www.grieta.org.mx\/wp-content\/uploads\/2016\/08\/w704.jpg","jetpack_sharing_enabled":true,"jetpack_shortlink":"https:\/\/wp.me\/p7ZJR4-4PV","jetpack_likes_enabled":false,"jetpack-related-posts":[{"id":6067,"url":"https:\/\/www.grieta.org.mx\/index.php\/2016\/01\/19\/mujeres-jovenes-perfil-de-desaparecidas-entre-puebla-y-tlaxcala-2\/","url_meta":{"origin":18595,"position":0},"title":"Mujeres j\u00f3venes, perfil de desaparecidas entre Puebla y Tlaxcala","author":"grieta","date":"19 enero, 2016","format":false,"excerpt":"Samantha P\u00e1ez\/e-tlaxcala El perfil de personas desaparecidas en Tlaxcala es de mujeres j\u00f3venes, de acuerdo con datos del Registro Nacional de Datos de Personas Extraviadas o Desaparecidas. De los 19 casos reportados, de 2009 a 2015, nueve son mujeres y siete de ellas tienen menos de 18 a\u00f1os de edad.\u2026","rel":"","context":"En &quot;CINTILLO&quot;","block_context":{"text":"CINTILLO","link":"https:\/\/www.grieta.org.mx\/index.php\/category\/cintillo\/"},"img":{"alt_text":"","src":"https:\/\/i0.wp.com\/www.grieta.org.mx\/wp-content\/uploads\/2018\/03\/14524434_1106112876131411_958039263622046936_o.jpg?resize=350%2C200&ssl=1","width":350,"height":200,"srcset":"https:\/\/i0.wp.com\/www.grieta.org.mx\/wp-content\/uploads\/2018\/03\/14524434_1106112876131411_958039263622046936_o.jpg?resize=350%2C200&ssl=1 1x, https:\/\/i0.wp.com\/www.grieta.org.mx\/wp-content\/uploads\/2018\/03\/14524434_1106112876131411_958039263622046936_o.jpg?resize=525%2C300&ssl=1 1.5x, https:\/\/i0.wp.com\/www.grieta.org.mx\/wp-content\/uploads\/2018\/03\/14524434_1106112876131411_958039263622046936_o.jpg?resize=700%2C400&ssl=1 2x"},"classes":[]},{"id":45080,"url":"https:\/\/www.grieta.org.mx\/index.php\/2020\/02\/05\/tlaxcala-sigue-como-referente-en-la-trata-de-personas\/","url_meta":{"origin":18595,"position":1},"title":"Tlaxcala sigue como referente en la trata de personas","author":"Admin","date":"5 febrero, 2020","format":false,"excerpt":"Emilio Piedras \/ e-consulta Grupo Formula y El Universal realizaron una investigaci\u00f3n que nuevamente pone el \u201cdedo en la llaga\u201d y expone la tolerancia de las autoridades locales En una investigaci\u00f3n conjunta entre el grupo Formula y El Universal, nuevamente ponen a Tlaxcala como el centro de la trata de\u2026","rel":"","context":"En &quot;CINTILLO&quot;","block_context":{"text":"CINTILLO","link":"https:\/\/www.grieta.org.mx\/index.php\/category\/cintillo\/"},"img":{"alt_text":"","src":"https:\/\/i0.wp.com\/www.grieta.org.mx\/wp-content\/uploads\/2020\/02\/tlaxcalan.jpg?resize=350%2C200&ssl=1","width":350,"height":200,"srcset":"https:\/\/i0.wp.com\/www.grieta.org.mx\/wp-content\/uploads\/2020\/02\/tlaxcalan.jpg?resize=350%2C200&ssl=1 1x, https:\/\/i0.wp.com\/www.grieta.org.mx\/wp-content\/uploads\/2020\/02\/tlaxcalan.jpg?resize=525%2C300&ssl=1 1.5x"},"classes":[]},{"id":56855,"url":"https:\/\/www.grieta.org.mx\/index.php\/2020\/09\/29\/feministas-senalan-sistema-proxeneta-en-tlaxcala\/","url_meta":{"origin":18595,"position":2},"title":"Feministas se\u00f1alan sistema proxeneta en Tlaxcala","author":"Admin","date":"29 septiembre, 2020","format":false,"excerpt":"Iztel Nicte Uc Dom\u00ednguez \/ La Silla Rota De 2011 a 2016 se registraron 200 denuncias por trata de personas con fines de explotaci\u00f3n sexual en Tlaxcala. \u201cDurante el mismo periodo solo se han registrado 13 sentencias condenatorias\u201d, se\u00f1al\u00f3 Alma Carina Cuevas, durante la conferencia semanal de Nosotras Tenemos Otros\u2026","rel":"","context":"En &quot;CINTILLO&quot;","block_context":{"text":"CINTILLO","link":"https:\/\/www.grieta.org.mx\/index.php\/category\/cintillo\/"},"img":{"alt_text":"","src":"https:\/\/i0.wp.com\/www.grieta.org.mx\/wp-content\/uploads\/2021\/02\/Captura-de-Pantalla-2021-02-08-a-las-19.53.14.png?resize=350%2C200&ssl=1","width":350,"height":200,"srcset":"https:\/\/i0.wp.com\/www.grieta.org.mx\/wp-content\/uploads\/2021\/02\/Captura-de-Pantalla-2021-02-08-a-las-19.53.14.png?resize=350%2C200&ssl=1 1x, https:\/\/i0.wp.com\/www.grieta.org.mx\/wp-content\/uploads\/2021\/02\/Captura-de-Pantalla-2021-02-08-a-las-19.53.14.png?resize=525%2C300&ssl=1 1.5x, https:\/\/i0.wp.com\/www.grieta.org.mx\/wp-content\/uploads\/2021\/02\/Captura-de-Pantalla-2021-02-08-a-las-19.53.14.png?resize=700%2C400&ssl=1 2x"},"classes":[]},{"id":41129,"url":"https:\/\/www.grieta.org.mx\/index.php\/2019\/11\/07\/oaxaca-en-los-primeros-lugares-de-trata-de-mujeres-y-ninas\/","url_meta":{"origin":18595,"position":3},"title":"Oaxaca en los primeros lugares de trata de mujeres y ni\u00f1as","author":"grieta","date":"7 noviembre, 2019","format":false,"excerpt":"P\u00e1gina 3 \/ Jaime Guerrero. Las condiciones sociales y econ\u00f3micas que enfrentan las mujeres en el estado de Oaxaca ha hecho que sea uno de los cinco estados del pa\u00eds con mayor \u00edndice de incidencia del delito de trata de personas desde el 2017, junto con Baja California, Chiapas, Ciudad\u2026","rel":"","context":"En &quot;CINTILLO&quot;","block_context":{"text":"CINTILLO","link":"https:\/\/www.grieta.org.mx\/index.php\/category\/cintillo\/"},"img":{"alt_text":"","src":"https:\/\/i0.wp.com\/www.grieta.org.mx\/wp-content\/uploads\/2018\/03\/14524434_1106112876131411_958039263622046936_o.jpg?resize=350%2C200&ssl=1","width":350,"height":200,"srcset":"https:\/\/i0.wp.com\/www.grieta.org.mx\/wp-content\/uploads\/2018\/03\/14524434_1106112876131411_958039263622046936_o.jpg?resize=350%2C200&ssl=1 1x, https:\/\/i0.wp.com\/www.grieta.org.mx\/wp-content\/uploads\/2018\/03\/14524434_1106112876131411_958039263622046936_o.jpg?resize=525%2C300&ssl=1 1.5x, https:\/\/i0.wp.com\/www.grieta.org.mx\/wp-content\/uploads\/2018\/03\/14524434_1106112876131411_958039263622046936_o.jpg?resize=700%2C400&ssl=1 2x"},"classes":[]},{"id":13842,"url":"https:\/\/www.grieta.org.mx\/index.php\/2016\/06\/05\/el-negocio-de-la-trata-boyante-e-impune-tlaxcala-en-focos-rojos\/","url_meta":{"origin":18595,"position":4},"title":"El negocio de la trata, boyante e impune, Tlaxcala en focos rojos","author":"grieta","date":"5 junio, 2016","format":false,"excerpt":"Nancy Flores Impune, la trata de personas con fines de explotaci\u00f3n sexual que afecta a m\u00e1s de 70 mil menores de edad. De 2013 a 2016, la PGR s\u00f3lo inici\u00f3 706 averiguaciones por ese delito pero en todas sus modalidades. Nada amaina esta asfixia: el dolor que Karla describe anuda\u2026","rel":"","context":"En &quot;CINTILLO&quot;","block_context":{"text":"CINTILLO","link":"https:\/\/www.grieta.org.mx\/index.php\/category\/cintillo\/"},"img":{"alt_text":"","src":"https:\/\/i0.wp.com\/www.grieta.org.mx\/wp-content\/uploads\/2016\/06\/contralinea-491-b1.jpg?resize=350%2C200&ssl=1","width":350,"height":200,"srcset":"https:\/\/i0.wp.com\/www.grieta.org.mx\/wp-content\/uploads\/2016\/06\/contralinea-491-b1.jpg?resize=350%2C200&ssl=1 1x, https:\/\/i0.wp.com\/www.grieta.org.mx\/wp-content\/uploads\/2016\/06\/contralinea-491-b1.jpg?resize=525%2C300&ssl=1 1.5x"},"classes":[]},{"id":38349,"url":"https:\/\/www.grieta.org.mx\/index.php\/2019\/07\/29\/te-explicamos-el-paso-a-paso-de-la-trata-de-personas-veracruz\/","url_meta":{"origin":18595,"position":5},"title":"Te explicamos el paso a paso de la trata de personas (Veracruz)","author":"grieta","date":"29 julio, 2019","format":false,"excerpt":"Fernanda Torres \/ La Silla Rota Durante este a\u00f1o a nivel nacional se calculan 110 casos de trata de personas, casi todos los casos operan de la misma forma Veracruz, Ver.- La Fiscal\u00eda General del Estado reconoce que no existen datos contundentes que puedan dar un diagn\u00f3stico de la incidencia\u2026","rel":"","context":"En &quot;CINTILLO&quot;","block_context":{"text":"CINTILLO","link":"https:\/\/www.grieta.org.mx\/index.php\/category\/cintillo\/"},"img":{"alt_text":"","src":"https:\/\/i0.wp.com\/www.grieta.org.mx\/wp-content\/uploads\/2019\/08\/portadatratalsr_2-focus-0-0-983-557.jpg?resize=350%2C200&ssl=1","width":350,"height":200,"srcset":"https:\/\/i0.wp.com\/www.grieta.org.mx\/wp-content\/uploads\/2019\/08\/portadatratalsr_2-focus-0-0-983-557.jpg?resize=350%2C200&ssl=1 1x, https:\/\/i0.wp.com\/www.grieta.org.mx\/wp-content\/uploads\/2019\/08\/portadatratalsr_2-focus-0-0-983-557.jpg?resize=525%2C300&ssl=1 1.5x, https:\/\/i0.wp.com\/www.grieta.org.mx\/wp-content\/uploads\/2019\/08\/portadatratalsr_2-focus-0-0-983-557.jpg?resize=700%2C400&ssl=1 2x"},"classes":[]}],"_links":{"self":[{"href":"https:\/\/www.grieta.org.mx\/index.php\/wp-json\/wp\/v2\/posts\/18595","targetHints":{"allow":["GET"]}}],"collection":[{"href":"https:\/\/www.grieta.org.mx\/index.php\/wp-json\/wp\/v2\/posts"}],"about":[{"href":"https:\/\/www.grieta.org.mx\/index.php\/wp-json\/wp\/v2\/types\/post"}],"author":[{"embeddable":true,"href":"https:\/\/www.grieta.org.mx\/index.php\/wp-json\/wp\/v2\/users\/2"}],"replies":[{"embeddable":true,"href":"https:\/\/www.grieta.org.mx\/index.php\/wp-json\/wp\/v2\/comments?post=18595"}],"version-history":[{"count":1,"href":"https:\/\/www.grieta.org.mx\/index.php\/wp-json\/wp\/v2\/posts\/18595\/revisions"}],"predecessor-version":[{"id":18598,"href":"https:\/\/www.grieta.org.mx\/index.php\/wp-json\/wp\/v2\/posts\/18595\/revisions\/18598"}],"wp:featuredmedia":[{"embeddable":true,"href":"https:\/\/www.grieta.org.mx\/index.php\/wp-json\/wp\/v2\/media\/18597"}],"wp:attachment":[{"href":"https:\/\/www.grieta.org.mx\/index.php\/wp-json\/wp\/v2\/media?parent=18595"}],"wp:term":[{"taxonomy":"category","embeddable":true,"href":"https:\/\/www.grieta.org.mx\/index.php\/wp-json\/wp\/v2\/categories?post=18595"},{"taxonomy":"post_tag","embeddable":true,"href":"https:\/\/www.grieta.org.mx\/index.php\/wp-json\/wp\/v2\/tags?post=18595"}],"curies":[{"name":"wp","href":"https:\/\/api.w.org\/{rel}","templated":true}]}}