{"id":18566,"date":"2016-07-31T22:05:40","date_gmt":"2016-08-01T03:05:40","guid":{"rendered":"http:\/\/www.grieta.org.mx\/?p=18566"},"modified":"2018-03-29T18:44:01","modified_gmt":"2018-03-30T00:44:01","slug":"maestros-toman-caseta-de-coscomate","status":"publish","type":"post","link":"https:\/\/www.grieta.org.mx\/index.php\/2016\/07\/31\/maestros-toman-caseta-de-coscomate\/","title":{"rendered":"Maestros toman caseta de Coscomate"},"content":{"rendered":"<figure id=\"attachment_18569\" aria-describedby=\"caption-attachment-18569\" style=\"width: 383px\" class=\"wp-caption aligncenter\"><img loading=\"lazy\" decoding=\"async\" data-attachment-id=\"18569\" data-permalink=\"https:\/\/www.grieta.org.mx\/index.php\/2016\/07\/31\/maestros-toman-caseta-de-coscomate\/maestros-toma-caseta-coscomate\/\" data-orig-file=\"https:\/\/www.grieta.org.mx\/wp-content\/uploads\/2016\/08\/Maestros-toma-caseta-Coscomate.jpeg\" data-orig-size=\"720,1280\" data-comments-opened=\"0\" data-image-meta=\"{&quot;aperture&quot;:&quot;0&quot;,&quot;credit&quot;:&quot;&quot;,&quot;camera&quot;:&quot;&quot;,&quot;caption&quot;:&quot;&quot;,&quot;created_timestamp&quot;:&quot;0&quot;,&quot;copyright&quot;:&quot;&quot;,&quot;focal_length&quot;:&quot;0&quot;,&quot;iso&quot;:&quot;0&quot;,&quot;shutter_speed&quot;:&quot;0&quot;,&quot;title&quot;:&quot;&quot;,&quot;orientation&quot;:&quot;0&quot;}\" data-image-title=\"Maestros-toma-caseta-Coscomate\" data-image-description=\"\" data-image-caption=\"&lt;p&gt;Exigencia. Sigue siendo la misma, que se les pague a los maestros que se les tiene retenido el sueldo.&lt;\/p&gt;\n\" data-medium-file=\"https:\/\/www.grieta.org.mx\/wp-content\/uploads\/2016\/08\/Maestros-toma-caseta-Coscomate-169x300.jpeg\" data-large-file=\"https:\/\/www.grieta.org.mx\/wp-content\/uploads\/2016\/08\/Maestros-toma-caseta-Coscomate-576x1024.jpeg\" class=\"wp-image-18569\" src=\"http:\/\/www.grieta.org.mx\/wp-content\/uploads\/2016\/08\/Maestros-toma-caseta-Coscomate.jpeg\" alt=\"Exigencia. Sigue siendo la misma, que se les pague a los maestros que se les tiene retenido el sueldo.\" width=\"383\" height=\"680\" srcset=\"https:\/\/www.grieta.org.mx\/wp-content\/uploads\/2016\/08\/Maestros-toma-caseta-Coscomate.jpeg 720w, https:\/\/www.grieta.org.mx\/wp-content\/uploads\/2016\/08\/Maestros-toma-caseta-Coscomate-169x300.jpeg 169w, https:\/\/www.grieta.org.mx\/wp-content\/uploads\/2016\/08\/Maestros-toma-caseta-Coscomate-576x1024.jpeg 576w\" sizes=\"auto, (max-width: 383px) 100vw, 383px\" \/><figcaption id=\"caption-attachment-18569\" class=\"wp-caption-text\">Exigencia. Sigue siendo la misma, que se les pague a los maestros que se les tiene retenido el sueldo.<\/figcaption><\/figure>\n<blockquote><p>Integrantes del magisterio Unido de Durango (MUD) volvieron a tomar una de las casetas de la autopista Durango-Mazatl\u00e1n, ahora fue la de Coscomate, la m\u00e1s cara de este tramo, demandando dar marcha atr\u00e1s a la reforma educativa y exigiendo el pago a los casi 200 maestros a los que se les suspendi\u00f3 el mismo.<\/p><\/blockquote>\n<p>En esta ocasi\u00f3n los docentes no dieron a conocer que realizar\u00edan esta acci\u00f3n y fue v\u00eda redes sociales cuando al medio d\u00eda del s\u00e1bado anunciaron que ya estaban en la caseta de Coscomate la cual ser\u00eda tomada.<\/p>\n<p>Como sucedi\u00f3 la vez anterior en la primera caseta de esta autopista, el personal administrativo de la caseta en cuanto vio llegar a los docentes procedieron a cerrar las casetas y levantar las plumas para no entrar en conflicto con los docentes ni que se provoquen da\u00f1os al equipo.<\/p>\n<p>Los docentes se\u00f1alaron que esta toma se estaba dando por el incumplimiento de acuerdos por parte de la Secretar\u00eda de Educaci\u00f3n del Estado con quienes ya hab\u00edan tenido algunas reuniones de trabajo.<\/p>\n<p>A esa misma hora los docentes empezaron a subir las primeras fotograf\u00edas a redes sociales de este movimiento en donde estuvieron por poco m\u00e1s de 60 minutos tiempo en que los vacacionistas que acud\u00eda al puerto de Mazatl\u00e1n o los que regresaban del mismo pasaban sin pagar la cuota.<\/p>\n<p><a href=\"https:\/\/www.elsiglodedurango.com.mx\/noticia\/676944.maestros-toma-caseta-de-coscomate.html\" target=\"_blank\">https:\/\/www.elsiglodedurango.com.mx\/noticia\/676944.maestros-toma-caseta-de-coscomate.html<\/a><\/p>\n","protected":false},"excerpt":{"rendered":"<p>Integrantes del magisterio Unido de Durango (MUD) volvieron a tomar una de las casetas de la autopista Durango-Mazatl\u00e1n, ahora fue la de Coscomate, la m\u00e1s cara de este tramo, demandando &hellip; <a href=\"https:\/\/www.grieta.org.mx\/index.php\/2016\/07\/31\/maestros-toman-caseta-de-coscomate\/\" class=\"more-link\">Leer m\u00e1s<\/a><\/p>\n","protected":false},"author":2,"featured_media":21928,"comment_status":"closed","ping_status":"closed","sticky":false,"template":"","format":"standard","meta":{"ngg_post_thumbnail":0,"_jetpack_newsletter_access":"","_jetpack_dont_email_post_to_subs":false,"_jetpack_newsletter_tier_id":0,"_jetpack_memberships_contains_paywalled_content":false,"_jetpack_memberships_contains_paid_content":false,"footnotes":""},"categories":[80,15,173,1114],"tags":[674,135,189],"class_list":{"0":"post-18566","1":"post","2":"type-post","3":"status-publish","4":"format-standard","5":"has-post-thumbnail","6":"hentry","7":"category-cintillo","8":"category-durango","10":"category-movilizaciones-contra-la-reforma-educativa-y-evaluacion-magisterial-en-durango","11":"tag-movilizaciones-maestros","12":"tag-reforma-educativa","13":"tag-toma-caseta","14":"entry"},"jetpack_featured_media_url":"https:\/\/www.grieta.org.mx\/wp-content\/uploads\/2018\/03\/14524434_1106112876131411_958039263622046936_o.jpg","jetpack_sharing_enabled":true,"jetpack_shortlink":"https:\/\/wp.me\/p7ZJR4-4Ps","jetpack_likes_enabled":false,"jetpack-related-posts":[{"id":18545,"url":"https:\/\/www.grieta.org.mx\/index.php\/2016\/07\/31\/maestros-toman-caseta-de-leon-guzman\/","url_meta":{"origin":18566,"position":0},"title":"Maestros toman caseta de Le\u00f3n Guzm\u00e1n","author":"grieta","date":"31 julio, 2016","format":false,"excerpt":"LERDO, DGO.- Maestros del Movimiento Magisterial y Popular de La Laguna-CNTE tomaron la caseta de Le\u00f3n Guzm\u00e1n en el municipio de Lerdo como medida de protesta contra la Reforma Educativa y por las acciones en Oaxaca que conciernen al magisterio. En la caseta colocaron pancartas que dec\u00edan \u201cPor la defensa\u2026","rel":"","context":"En &quot;CINTILLO&quot;","block_context":{"text":"CINTILLO","link":"https:\/\/www.grieta.org.mx\/index.php\/category\/cintillo\/"},"img":{"alt_text":"","src":"https:\/\/i0.wp.com\/www.grieta.org.mx\/wp-content\/uploads\/2018\/03\/14524434_1106112876131411_958039263622046936_o.jpg?resize=350%2C200&ssl=1","width":350,"height":200,"srcset":"https:\/\/i0.wp.com\/www.grieta.org.mx\/wp-content\/uploads\/2018\/03\/14524434_1106112876131411_958039263622046936_o.jpg?resize=350%2C200&ssl=1 1x, https:\/\/i0.wp.com\/www.grieta.org.mx\/wp-content\/uploads\/2018\/03\/14524434_1106112876131411_958039263622046936_o.jpg?resize=525%2C300&ssl=1 1.5x, https:\/\/i0.wp.com\/www.grieta.org.mx\/wp-content\/uploads\/2018\/03\/14524434_1106112876131411_958039263622046936_o.jpg?resize=700%2C400&ssl=1 2x"},"classes":[]},{"id":17336,"url":"https:\/\/www.grieta.org.mx\/index.php\/2016\/07\/20\/maestros-toman-la-caseta-de-autopista-durango\/","url_meta":{"origin":18566,"position":1},"title":"Maestros toman la caseta de autopista (Durango)","author":"grieta","date":"20 julio, 2016","format":false,"excerpt":"SA\u00faL MALDONADO El siglo de torre\u00f3n Un grupo de maestros del Magisterio Unidos de Durango (MUD) tom\u00f3 la primera caseta de cobro de la autopista Durango-Mazatl\u00e1n en demanda de que las autoridades educativas paguen ya el salario que les tienen retenido a m\u00e1s de 150 maestros. Poco despu\u00e9s de las\u2026","rel":"","context":"En &quot;CINTILLO&quot;","block_context":{"text":"CINTILLO","link":"https:\/\/www.grieta.org.mx\/index.php\/category\/cintillo\/"},"img":{"alt_text":"","src":"https:\/\/i0.wp.com\/www.grieta.org.mx\/wp-content\/uploads\/2018\/03\/14524434_1106112876131411_958039263622046936_o.jpg?resize=350%2C200&ssl=1","width":350,"height":200,"srcset":"https:\/\/i0.wp.com\/www.grieta.org.mx\/wp-content\/uploads\/2018\/03\/14524434_1106112876131411_958039263622046936_o.jpg?resize=350%2C200&ssl=1 1x, https:\/\/i0.wp.com\/www.grieta.org.mx\/wp-content\/uploads\/2018\/03\/14524434_1106112876131411_958039263622046936_o.jpg?resize=525%2C300&ssl=1 1.5x, https:\/\/i0.wp.com\/www.grieta.org.mx\/wp-content\/uploads\/2018\/03\/14524434_1106112876131411_958039263622046936_o.jpg?resize=700%2C400&ssl=1 2x"},"classes":[]},{"id":1350,"url":"https:\/\/www.grieta.org.mx\/index.php\/2015\/04\/28\/cumplen-ocho-dias-en-coscomate-sobre-la-mazatlan-durango\/","url_meta":{"origin":18566,"position":2},"title":"Cumplen ocho d\u00edas en Coscomate sobre la Mazatl\u00e1n \u2013 Durango","author":"grieta","date":"28 abril, 2015","format":false,"excerpt":"Mazatl\u00e1n, Sinaloa.- A ochos d\u00edas de la toma de la caseta de Coscomate, ejidatarios se mantienen a la espera del subsecretario de Infraestructura de la Secretar\u00eda de Comunicaciones y Transportes (SCT), Ra\u00fal Murrieta Cummings, con quien los ejidatarios buscar\u00e1n el precio razonable para el pago por la superficie que se\u2026","rel":"","context":"En &quot;CINTILLO&quot;","block_context":{"text":"CINTILLO","link":"https:\/\/www.grieta.org.mx\/index.php\/category\/cintillo\/"},"img":{"alt_text":"","src":"https:\/\/i0.wp.com\/www.grieta.org.mx\/wp-content\/uploads\/2018\/03\/14524434_1106112876131411_958039263622046936_o.jpg?resize=350%2C200&ssl=1","width":350,"height":200,"srcset":"https:\/\/i0.wp.com\/www.grieta.org.mx\/wp-content\/uploads\/2018\/03\/14524434_1106112876131411_958039263622046936_o.jpg?resize=350%2C200&ssl=1 1x, https:\/\/i0.wp.com\/www.grieta.org.mx\/wp-content\/uploads\/2018\/03\/14524434_1106112876131411_958039263622046936_o.jpg?resize=525%2C300&ssl=1 1.5x, https:\/\/i0.wp.com\/www.grieta.org.mx\/wp-content\/uploads\/2018\/03\/14524434_1106112876131411_958039263622046936_o.jpg?resize=700%2C400&ssl=1 2x"},"classes":[]},{"id":1357,"url":"https:\/\/www.grieta.org.mx\/index.php\/2015\/04\/20\/toman-caseta-de-coscomate-en-la-mazatlan-durango\/","url_meta":{"origin":18566,"position":3},"title":"Toman caseta de Coscomate en la Mazatl\u00e1n- Durango","author":"grieta","date":"20 abril, 2015","format":false,"excerpt":"Mazatl\u00e1n, Sinaloa.- No dar\u00e1n m\u00e1s tregua a la SCT ni al presidente Enrique Pe\u00f1a Nieto para que les paguen, advirtieron ejidatarios de seis poblados de Durango, tras plantarse en la caseta de Coscomate donde permitieron el paso libre a los automovilistas. Cansados de pr\u00f3rrogas, plazos vencidos y promesas incumplidas, casi\u2026","rel":"","context":"En &quot;CINTILLO&quot;","block_context":{"text":"CINTILLO","link":"https:\/\/www.grieta.org.mx\/index.php\/category\/cintillo\/"},"img":{"alt_text":"","src":"https:\/\/i0.wp.com\/www.grieta.org.mx\/wp-content\/uploads\/2018\/03\/14524434_1106112876131411_958039263622046936_o.jpg?resize=350%2C200&ssl=1","width":350,"height":200,"srcset":"https:\/\/i0.wp.com\/www.grieta.org.mx\/wp-content\/uploads\/2018\/03\/14524434_1106112876131411_958039263622046936_o.jpg?resize=350%2C200&ssl=1 1x, https:\/\/i0.wp.com\/www.grieta.org.mx\/wp-content\/uploads\/2018\/03\/14524434_1106112876131411_958039263622046936_o.jpg?resize=525%2C300&ssl=1 1.5x, https:\/\/i0.wp.com\/www.grieta.org.mx\/wp-content\/uploads\/2018\/03\/14524434_1106112876131411_958039263622046936_o.jpg?resize=700%2C400&ssl=1 2x"},"classes":[]},{"id":1354,"url":"https:\/\/www.grieta.org.mx\/index.php\/2015\/04\/23\/impiden-comuneros-el-paso-de-soldados-en-caseta-del-coscomate\/","url_meta":{"origin":18566,"position":4},"title":"Impiden comuneros el paso de soldados en caseta del Coscomate","author":"grieta","date":"23 abril, 2015","format":false,"excerpt":"MAZATL\u00c1N.- Comuneros y ejidatarios que mantienen tomada la caseta de peaje del Coscomate, en Pueblo Nuevo, Durango, impidieron el paso a un cami\u00f3n del Ej\u00e9rcito, que transportaba a un pelot\u00f3n. Los militares, para no provocar una reacci\u00f3n inesperada de los manifestantes, optaron por regresarse, quiz\u00e1 para tomar la carretera libre\u2026","rel":"","context":"En &quot;CINTILLO&quot;","block_context":{"text":"CINTILLO","link":"https:\/\/www.grieta.org.mx\/index.php\/category\/cintillo\/"},"img":{"alt_text":"","src":"https:\/\/i0.wp.com\/www.grieta.org.mx\/wp-content\/uploads\/2018\/03\/14524434_1106112876131411_958039263622046936_o.jpg?resize=350%2C200&ssl=1","width":350,"height":200,"srcset":"https:\/\/i0.wp.com\/www.grieta.org.mx\/wp-content\/uploads\/2018\/03\/14524434_1106112876131411_958039263622046936_o.jpg?resize=350%2C200&ssl=1 1x, https:\/\/i0.wp.com\/www.grieta.org.mx\/wp-content\/uploads\/2018\/03\/14524434_1106112876131411_958039263622046936_o.jpg?resize=525%2C300&ssl=1 1.5x, https:\/\/i0.wp.com\/www.grieta.org.mx\/wp-content\/uploads\/2018\/03\/14524434_1106112876131411_958039263622046936_o.jpg?resize=700%2C400&ssl=1 2x"},"classes":[]},{"id":2220,"url":"https:\/\/www.grieta.org.mx\/index.php\/2015\/12\/09\/maestros-bloquean-oficinas-del-setel\/","url_meta":{"origin":18566,"position":5},"title":"Maestros bloquean oficinas del Setel","author":"grieta","date":"9 diciembre, 2015","format":false,"excerpt":"Un peque\u00f1o grupo de maestros del Sindicato de Telesecundaria bloque\u00f3 desde temprana hora el acceso de las oficinas administrativas del Sistema. Los docentes reclaman que varios de ellos han tenido problemas con el pago de su salario, adem\u00e1s de que se mantienen inconformes con la posible afectaci\u00f3n que trae consigo\u2026","rel":"","context":"En &quot;CINTILLO&quot;","block_context":{"text":"CINTILLO","link":"https:\/\/www.grieta.org.mx\/index.php\/category\/cintillo\/"},"img":{"alt_text":"","src":"https:\/\/i0.wp.com\/www.grieta.org.mx\/wp-content\/uploads\/2018\/03\/14524434_1106112876131411_958039263622046936_o.jpg?resize=350%2C200&ssl=1","width":350,"height":200,"srcset":"https:\/\/i0.wp.com\/www.grieta.org.mx\/wp-content\/uploads\/2018\/03\/14524434_1106112876131411_958039263622046936_o.jpg?resize=350%2C200&ssl=1 1x, https:\/\/i0.wp.com\/www.grieta.org.mx\/wp-content\/uploads\/2018\/03\/14524434_1106112876131411_958039263622046936_o.jpg?resize=525%2C300&ssl=1 1.5x, https:\/\/i0.wp.com\/www.grieta.org.mx\/wp-content\/uploads\/2018\/03\/14524434_1106112876131411_958039263622046936_o.jpg?resize=700%2C400&ssl=1 2x"},"classes":[]}],"_links":{"self":[{"href":"https:\/\/www.grieta.org.mx\/index.php\/wp-json\/wp\/v2\/posts\/18566","targetHints":{"allow":["GET"]}}],"collection":[{"href":"https:\/\/www.grieta.org.mx\/index.php\/wp-json\/wp\/v2\/posts"}],"about":[{"href":"https:\/\/www.grieta.org.mx\/index.php\/wp-json\/wp\/v2\/types\/post"}],"author":[{"embeddable":true,"href":"https:\/\/www.grieta.org.mx\/index.php\/wp-json\/wp\/v2\/users\/2"}],"replies":[{"embeddable":true,"href":"https:\/\/www.grieta.org.mx\/index.php\/wp-json\/wp\/v2\/comments?post=18566"}],"version-history":[{"count":1,"href":"https:\/\/www.grieta.org.mx\/index.php\/wp-json\/wp\/v2\/posts\/18566\/revisions"}],"predecessor-version":[{"id":18570,"href":"https:\/\/www.grieta.org.mx\/index.php\/wp-json\/wp\/v2\/posts\/18566\/revisions\/18570"}],"wp:featuredmedia":[{"embeddable":true,"href":"https:\/\/www.grieta.org.mx\/index.php\/wp-json\/wp\/v2\/media\/21928"}],"wp:attachment":[{"href":"https:\/\/www.grieta.org.mx\/index.php\/wp-json\/wp\/v2\/media?parent=18566"}],"wp:term":[{"taxonomy":"category","embeddable":true,"href":"https:\/\/www.grieta.org.mx\/index.php\/wp-json\/wp\/v2\/categories?post=18566"},{"taxonomy":"post_tag","embeddable":true,"href":"https:\/\/www.grieta.org.mx\/index.php\/wp-json\/wp\/v2\/tags?post=18566"}],"curies":[{"name":"wp","href":"https:\/\/api.w.org\/{rel}","templated":true}]}}