{"id":18561,"date":"2016-08-01T22:00:07","date_gmt":"2016-08-02T03:00:07","guid":{"rendered":"http:\/\/www.grieta.org.mx\/?p=18561"},"modified":"2016-08-02T23:13:40","modified_gmt":"2016-08-03T04:13:40","slug":"a-un-ano-de-los-asesinatos-en-la-colonia-narvarte","status":"publish","type":"post","link":"https:\/\/www.grieta.org.mx\/index.php\/2016\/08\/01\/a-un-ano-de-los-asesinatos-en-la-colonia-narvarte\/","title":{"rendered":"A un a\u00f1o de los asesinatos en la colonia Narvarte"},"content":{"rendered":"<p>El 31 de julio de 2016 se cumpli\u00f3 un a\u00f1o del asesinato de Nadia Vera, Yesenia Quiroz, Alejandra Negrete, Mile Virginia y Rub\u00e9n Espinoza en la colonia Narvarte en Ciudad Monstruo. Tanto Nadia Vera como Rub\u00e9n Espinoza se desplazaron de Veracruz a esta ciudad debido a las amenazas y hostigamientos que hab\u00edan recibido por parte de las autoridades del estado, Nadia debido a su activismo y Rub\u00e9n a causa de su labor como fotoperiodista.<\/p>\n<p>A un a\u00f1o de este crimen de Estado los familiares de las v\u00edctimas denunciaron varias omisiones en la investigaci\u00f3n, as\u00ed como negligencia por parte de la Procuradur\u00eda General de Justicia del Distrito Federal (PGJDF). Entre los atropellos de las autoridades se encuentran el hecho de que no han fijado una l\u00ednea de investigaci\u00f3n clara sobre el motivo del asesinato, han filtrado informaci\u00f3n a los medios de paga con el fin de construir una verdad oficial que criminaliza a las v\u00edctimas, han dado trato denigrante a los familiares de las compa\u00f1eras asesinadas, han criminalizado a Mile Virginia, vincul\u00e1ndola con la venta de drogas, a pesar de que esa acusaci\u00f3n fue descartada.<\/p>\n<p>El domingo 31 de julio en Ciudad Monstruo se realizaron varias acciones en exigencia de justicia por las compa\u00f1eras asesinadas. Cerca del mediod\u00eda en las instalaciones de la Procuradur\u00eda General de Justicia del Distrito Federal se realiz\u00f3 una manifestaci\u00f3n. En las bardas blancas de esta instituci\u00f3n se pint\u00f3 un mural donde se denuncia que la ejecuci\u00f3n de la Narvarte fue un crimen de Estado. Con pintas en la calle y carteles con rostros de las v\u00edctimas se exigi\u00f3 justicia, a la par que familiares de las v\u00edctimas denunciaron la negligencia de la PGJDF en las puertas de esta instituci\u00f3n.<\/p>\n<p><span class=\"spip_document_5982 spip_documents spip_documents_center\"> <img loading=\"lazy\" decoding=\"async\" src=\"http:\/\/www.kehuelga.org\/local\/cache-vignettes\/L560xH374\/103-24e7b.jpg\" alt=\"\" width=\"560\" height=\"374\" \/><\/span><br class=\"autobr\" \/> <span class=\"spip_document_5983 spip_documents spip_documents_center\"> <img loading=\"lazy\" decoding=\"async\" src=\"http:\/\/www.kehuelga.org\/local\/cache-vignettes\/L560xH374\/104-f6d9a.jpg\" alt=\"\" width=\"560\" height=\"374\" \/><\/span><br class=\"autobr\" \/> <span class=\"spip_document_5985 spip_documents spip_documents_center\"> <img loading=\"lazy\" decoding=\"async\" src=\"http:\/\/www.kehuelga.org\/local\/cache-vignettes\/L560xH374\/105-5a9df.jpg\" alt=\"\" width=\"560\" height=\"374\" \/><\/span><br class=\"autobr\" \/> <span class=\"spip_document_5986 spip_documents spip_documents_center\"> <img loading=\"lazy\" decoding=\"async\" src=\"http:\/\/www.kehuelga.org\/local\/cache-vignettes\/L560xH374\/106-61e6e.jpg\" alt=\"\" width=\"560\" height=\"374\" \/><\/span><br class=\"autobr\" \/> <span class=\"spip_document_5987 spip_documents spip_documents_center\"> <img loading=\"lazy\" decoding=\"async\" src=\"http:\/\/www.kehuelga.org\/local\/cache-vignettes\/L560xH374\/107-60931.jpg\" alt=\"\" width=\"560\" height=\"374\" \/><\/span><br class=\"autobr\" \/> <span class=\"spip_document_5988 spip_documents spip_documents_center\"> <img loading=\"lazy\" decoding=\"async\" src=\"http:\/\/www.kehuelga.org\/local\/cache-vignettes\/L560xH374\/108-2aaa8.jpg\" alt=\"\" width=\"560\" height=\"374\" \/><\/span><br class=\"autobr\" \/> <span class=\"spip_document_5989 spip_documents spip_documents_center\"> <img loading=\"lazy\" decoding=\"async\" src=\"http:\/\/www.kehuelga.org\/local\/cache-vignettes\/L560xH374\/109-9c86a.jpg\" alt=\"\" width=\"560\" height=\"374\" \/><\/span><\/p>\n<p>M\u00e1s tarde las manifestaciones continuaron en la calle Luz Savi\u00f1\u00f3n de la colonia Narvarte, donde hace un a\u00f1o asesinaron a las compa\u00f1eras. En la banqueta del domicilio donde viv\u00edan las v\u00edctimas se coloc\u00f3 una placa donde se pide Justicia para las y los cinco, a un lado se coloc\u00f3 una ofrenda con p\u00e9talos, veladoras y poemas. Asimismo, se realiz\u00f3 una actividad cultural en la que participaron distintos artistas de danza, poes\u00eda y m\u00fasica, complementada con intervenciones de familiares y amigos de las v\u00edctimas.<\/p>\n<p><span class=\"spip_document_5990 spip_documents spip_documents_center\"> <img loading=\"lazy\" decoding=\"async\" src=\"http:\/\/www.kehuelga.org\/local\/cache-vignettes\/L560xH374\/110-e9894.jpg\" alt=\"\" width=\"560\" height=\"374\" \/><\/span><br class=\"autobr\" \/> <span class=\"spip_document_5991 spip_documents spip_documents_center\"> <img loading=\"lazy\" decoding=\"async\" src=\"http:\/\/www.kehuelga.org\/local\/cache-vignettes\/L560xH374\/111-22cab.jpg\" alt=\"\" width=\"560\" height=\"374\" \/><\/span><br class=\"autobr\" \/> <span class=\"spip_document_5992 spip_documents spip_documents_center\"> <img loading=\"lazy\" decoding=\"async\" src=\"http:\/\/www.kehuelga.org\/local\/cache-vignettes\/L560xH374\/112-f0d38.jpg\" alt=\"\" width=\"560\" height=\"374\" \/><\/span><br class=\"autobr\" \/> <span class=\"spip_document_5993 spip_documents spip_documents_center\"> <img loading=\"lazy\" decoding=\"async\" src=\"http:\/\/www.kehuelga.org\/local\/cache-vignettes\/L560xH374\/113-7b7db.jpg\" alt=\"\" width=\"560\" height=\"374\" \/><\/span><br class=\"autobr\" \/> <span class=\"spip_document_5994 spip_documents spip_documents_center\"> <img loading=\"lazy\" decoding=\"async\" src=\"http:\/\/www.kehuelga.org\/local\/cache-vignettes\/L480xH720\/114-32c45.jpg\" alt=\"\" width=\"480\" height=\"720\" \/><\/span><br class=\"autobr\" \/> <span class=\"spip_document_5995 spip_documents spip_documents_center\"> <img loading=\"lazy\" decoding=\"async\" src=\"http:\/\/www.kehuelga.org\/local\/cache-vignettes\/L560xH374\/115-b5ec1.jpg\" alt=\"\" width=\"560\" height=\"374\" \/><\/span><br class=\"autobr\" \/> <span class=\"spip_document_5996 spip_documents spip_documents_center\"> <img loading=\"lazy\" decoding=\"async\" src=\"http:\/\/www.kehuelga.org\/local\/cache-vignettes\/L560xH374\/116-d4922.jpg\" alt=\"\" width=\"560\" height=\"374\" \/><\/span><br class=\"autobr\" \/> <span class=\"spip_document_5997 spip_documents spip_documents_center\"> <img loading=\"lazy\" decoding=\"async\" src=\"http:\/\/www.kehuelga.org\/local\/cache-vignettes\/L480xH720\/117-10cc5.jpg\" alt=\"\" width=\"480\" height=\"720\" \/><\/span><\/p>\n<p>A un a\u00f1o no olvidamos los asesinatos de la colonia Narvate, no perdonamos porque los homicidios contra periodistas en el estado de Veracruz siguen cometi\u00e9ndose hoy en d\u00eda, adem\u00e1s de que es una constante el hostigamiento a periodistas independientes e integrantes de medios libres en Ciudad Monstruo.<\/p>\n<p>Estos son los audios de las intervenciones en la acci\u00f3n en la colonia Narvarte<\/p>\n<p>Comunicado de prensa a un a\u00f1o de los asesinatos<\/p>\n<p>Mensaje de Alma Espinoza, hermana de R\u00faben<\/p>\n<p>Poemas para Nadia y Rub\u00e9n<\/p>\n<p><span class=\"spip_document_5981 spip_documents spip_documents_center\"> <img loading=\"lazy\" decoding=\"async\" src=\"http:\/\/www.kehuelga.org\/local\/cache-vignettes\/L480xH720\/102-daafe.jpg\" alt=\"\" width=\"480\" height=\"720\" \/><\/span><\/p>\n<p>Tambi\u00e9n platicamos con algunos de los asistentes<\/p>\n<p>Alma Espinoza<\/p>\n<p>Mensaje de Fredy, hermano de Mile Virginia le\u00eddo por una compa\u00f1era de Colombia<\/p>\n<p>Yolanda, se\u00f1ora que acudi\u00f3 a manifestarse<\/p>\n<p>Mare Advertencia Lirika<\/p>\n<p><a href=\"http:\/\/www.kehuelga.org\/spip.php?article4562&amp;lang=es\" target=\"_blank\">http:\/\/www.kehuelga.org\/spip.php?article4562&amp;lang=es<\/a><\/p>\n","protected":false},"excerpt":{"rendered":"<p>El 31 de julio de 2016 se cumpli\u00f3 un a\u00f1o del asesinato de Nadia Vera, Yesenia Quiroz, Alejandra Negrete, Mile Virginia y Rub\u00e9n Espinoza en la colonia Narvarte en Ciudad &hellip; <a href=\"https:\/\/www.grieta.org.mx\/index.php\/2016\/08\/01\/a-un-ano-de-los-asesinatos-en-la-colonia-narvarte\/\" class=\"more-link\">Leer m\u00e1s<\/a><\/p>\n","protected":false},"author":2,"featured_media":21928,"comment_status":"closed","ping_status":"closed","sticky":false,"template":"","format":"standard","meta":{"ngg_post_thumbnail":0,"_jetpack_newsletter_access":"","_jetpack_dont_email_post_to_subs":false,"_jetpack_newsletter_tier_id":0,"_jetpack_memberships_contains_paywalled_content":false,"_jetpack_memberships_contains_paid_content":false,"footnotes":""},"categories":[598,80],"tags":[823,835,834,820,349,836,821],"class_list":["post-18561","post","type-post","status-publish","format-standard","has-post-thumbnail","hentry","category-cdmx","category-cintillo","tag-alejandra-negrete","tag-mile-virginia","tag-multihomicidio","tag-nadia-vera","tag-narvarte","tag-ruben-espinoza","tag-yesenia-quiroz","entry"],"jetpack_featured_media_url":"https:\/\/www.grieta.org.mx\/wp-content\/uploads\/2018\/03\/14524434_1106112876131411_958039263622046936_o.jpg","jetpack_sharing_enabled":true,"jetpack_shortlink":"https:\/\/wp.me\/p7ZJR4-4Pn","jetpack_likes_enabled":false,"jetpack-related-posts":[{"id":52771,"url":"https:\/\/www.grieta.org.mx\/index.php\/2020\/07\/31\/familiares-piden-a-sheinbaum-y-a-godoy-resolver-el-caso-narvarte-sin-mas-dilaciones-ni-excusas-ciudad-de-mexico\/","url_meta":{"origin":18561,"position":0},"title":"Familiares piden a Sheinbaum y a Godoy resolver el caso Narvarte \u201csin m\u00e1s dilaciones ni excusas\u201d (Ciudad de M\u00e9xico)","author":"grieta","date":"31 julio, 2020","format":false,"excerpt":"Un festival cultural fue realizado en la colonia Narvarte para conmemorar el asesinato de Rub\u00e9n Espinosa, Mile Mart\u00edn, Alejandra Negrete, Yesenia Quir\u00f3z y Nadia Vera. Foto. Sara Pantoja Sara Pantoja \/ Proceso CIUDAD DE M\u00c9XICO (apro).- Al cumplirse cinco a\u00f1os del multihomicidio en la colonia Narvarte, familiares de las cinco\u2026","rel":"","context":"En &quot;Abuso policiaco y tortura en la Ciudad de M\u00e9xico&quot;","block_context":{"text":"Abuso policiaco y tortura en la Ciudad de M\u00e9xico","link":"https:\/\/www.grieta.org.mx\/index.php\/category\/noticias-nacionales\/ciudad-de-mexico\/abuso-policiaco-y-tortura-en-la-ciudad-de-mexico\/"},"img":{"alt_text":"","src":"https:\/\/i0.wp.com\/www.grieta.org.mx\/wp-content\/uploads\/2020\/08\/Familiares-piden-a-Sheinbaum-y-a-Godoy-resolver-el-caso-Narvarte-sin-mas-dilaciones-ni-excusas-cdmx-ago.jpg?resize=350%2C200&ssl=1","width":350,"height":200,"srcset":"https:\/\/i0.wp.com\/www.grieta.org.mx\/wp-content\/uploads\/2020\/08\/Familiares-piden-a-Sheinbaum-y-a-Godoy-resolver-el-caso-Narvarte-sin-mas-dilaciones-ni-excusas-cdmx-ago.jpg?resize=350%2C200&ssl=1 1x, https:\/\/i0.wp.com\/www.grieta.org.mx\/wp-content\/uploads\/2020\/08\/Familiares-piden-a-Sheinbaum-y-a-Godoy-resolver-el-caso-Narvarte-sin-mas-dilaciones-ni-excusas-cdmx-ago.jpg?resize=525%2C300&ssl=1 1.5x, https:\/\/i0.wp.com\/www.grieta.org.mx\/wp-content\/uploads\/2020\/08\/Familiares-piden-a-Sheinbaum-y-a-Godoy-resolver-el-caso-Narvarte-sin-mas-dilaciones-ni-excusas-cdmx-ago.jpg?resize=700%2C400&ssl=1 2x, https:\/\/i0.wp.com\/www.grieta.org.mx\/wp-content\/uploads\/2020\/08\/Familiares-piden-a-Sheinbaum-y-a-Godoy-resolver-el-caso-Narvarte-sin-mas-dilaciones-ni-excusas-cdmx-ago.jpg?resize=1050%2C600&ssl=1 3x"},"classes":[]},{"id":9948,"url":"https:\/\/www.grieta.org.mx\/index.php\/2016\/01\/29\/reclaman-en-mexico-justicia-para-ruben-espinosa-a-6-meses-de-su-asesinato\/","url_meta":{"origin":18561,"position":1},"title":"Reclaman en M\u00e9xico, Justicia para Ruben Espinosa, a 6 meses de su asesinato","author":"grieta","date":"29 enero, 2016","format":false,"excerpt":"Desinform\u00e9monos Eliana Gilet Esta tarde, a partir de las ocho, se inaugura una muestra del trabajo realizado por Ruben Espinosa. Una muestra p\u00f3stuma para vencer el dolor y la falta del compa\u00f1ero. Desde Veracruz viajaron a la Ciudad de M\u00e9xico los integrantes del Colectivo Voz Alterna, basado en Xalapa, en\u2026","rel":"","context":"En &quot;CINTILLO&quot;","block_context":{"text":"CINTILLO","link":"https:\/\/www.grieta.org.mx\/index.php\/category\/cintillo\/"},"img":{"alt_text":"","src":"https:\/\/i0.wp.com\/www.grieta.org.mx\/wp-content\/uploads\/2018\/03\/14524434_1106112876131411_958039263622046936_o.jpg?resize=350%2C200&ssl=1","width":350,"height":200,"srcset":"https:\/\/i0.wp.com\/www.grieta.org.mx\/wp-content\/uploads\/2018\/03\/14524434_1106112876131411_958039263622046936_o.jpg?resize=350%2C200&ssl=1 1x, https:\/\/i0.wp.com\/www.grieta.org.mx\/wp-content\/uploads\/2018\/03\/14524434_1106112876131411_958039263622046936_o.jpg?resize=525%2C300&ssl=1 1.5x, https:\/\/i0.wp.com\/www.grieta.org.mx\/wp-content\/uploads\/2018\/03\/14524434_1106112876131411_958039263622046936_o.jpg?resize=700%2C400&ssl=1 2x"},"classes":[]},{"id":17797,"url":"https:\/\/www.grieta.org.mx\/index.php\/2016\/07\/24\/a-un-ano-sin-justicia-a-un-ano-sin-ruben\/","url_meta":{"origin":18561,"position":2},"title":"A un a\u00f1o sin justicia, a un a\u00f1o sin Rub\u00e9n","author":"grieta","date":"24 julio, 2016","format":false,"excerpt":"Aideth Goroztieta Preocupante y alarmante la respuesta de la PGJDF en relaci\u00f3n al caso Narvarte. Ciudad de M\u00e9xico, 24 de julio de 2016. El pr\u00f3ximo 31 de julio se cumple un a\u00f1o del asesinato de Rub\u00e9n Espinosa, Nadia Vera, Yesenia Quiroz, Mile Mart\u00edn y Alejandra Negrete; esto sucedi\u00f3 en un\u2026","rel":"","context":"En &quot;cdmx&quot;","block_context":{"text":"cdmx","link":"https:\/\/www.grieta.org.mx\/index.php\/category\/cdmx\/"},"img":{"alt_text":"","src":"https:\/\/i0.wp.com\/www.grieta.org.mx\/wp-content\/uploads\/2018\/03\/14524434_1106112876131411_958039263622046936_o.jpg?resize=350%2C200&ssl=1","width":350,"height":200,"srcset":"https:\/\/i0.wp.com\/www.grieta.org.mx\/wp-content\/uploads\/2018\/03\/14524434_1106112876131411_958039263622046936_o.jpg?resize=350%2C200&ssl=1 1x, https:\/\/i0.wp.com\/www.grieta.org.mx\/wp-content\/uploads\/2018\/03\/14524434_1106112876131411_958039263622046936_o.jpg?resize=525%2C300&ssl=1 1.5x, https:\/\/i0.wp.com\/www.grieta.org.mx\/wp-content\/uploads\/2018\/03\/14524434_1106112876131411_958039263622046936_o.jpg?resize=700%2C400&ssl=1 2x"},"classes":[]},{"id":9939,"url":"https:\/\/www.grieta.org.mx\/index.php\/2016\/01\/30\/la-pgjdf-no-tiene-ni-movil-del-crimen-en-narvarte-abogado-a-6-meses-apuesta-al-olvido\/","url_meta":{"origin":18561,"position":3},"title":"La PGJDF no tiene ni m\u00f3vil del crimen en Narvarte: abogado; a 6 meses, \u201capuesta al olvido\u201d","author":"grieta","date":"30 enero, 2016","format":false,"excerpt":"Apia Virtual Por Sandra Rodr\u00edguez Nieto A seis meses del asesinato del fotoperiodista Rub\u00e9n Espinosa Becerril, Nadia Vera P\u00e9rez, Alejandra Negrete Avil\u00e9s, Yesenia Quiroz Alfaro y Mile Virginia Mart\u00edn en un departamento de la colonia Narvarte, en la capital del pa\u00eds, los presuntos culpables niegan su participaci\u00f3n en el multihomicidio.\u2026","rel":"","context":"En &quot;CINTILLO&quot;","block_context":{"text":"CINTILLO","link":"https:\/\/www.grieta.org.mx\/index.php\/category\/cintillo\/"},"img":{"alt_text":"","src":"https:\/\/i0.wp.com\/www.grieta.org.mx\/wp-content\/uploads\/2018\/03\/14524434_1106112876131411_958039263622046936_o.jpg?resize=350%2C200&ssl=1","width":350,"height":200,"srcset":"https:\/\/i0.wp.com\/www.grieta.org.mx\/wp-content\/uploads\/2018\/03\/14524434_1106112876131411_958039263622046936_o.jpg?resize=350%2C200&ssl=1 1x, https:\/\/i0.wp.com\/www.grieta.org.mx\/wp-content\/uploads\/2018\/03\/14524434_1106112876131411_958039263622046936_o.jpg?resize=525%2C300&ssl=1 1.5x, https:\/\/i0.wp.com\/www.grieta.org.mx\/wp-content\/uploads\/2018\/03\/14524434_1106112876131411_958039263622046936_o.jpg?resize=700%2C400&ssl=1 2x"},"classes":[]},{"id":9985,"url":"https:\/\/www.grieta.org.mx\/index.php\/2015\/09\/13\/recuerdan-con-mural-a-los-asesinados-de-la-narvarte\/","url_meta":{"origin":18561,"position":4},"title":"Recuerdan con mural a los asesinados de la Narvarte","author":"grieta","date":"13 septiembre, 2015","format":false,"excerpt":"Somos el medio \"Las Paredes Hablan\", bardas para que la memoria perdure a trav\u00e9s de pinceles Perseo Greco M\u00e9xico, DF. 13 de septiembre.- El colectivo Las Paredes Hablan, vecinos aleda\u00f1os y artistas gr\u00e1ficos se dieron a la tarea de pintar su tercer mural en protesta, por justicia y contra el\u2026","rel":"","context":"En &quot;CINTILLO&quot;","block_context":{"text":"CINTILLO","link":"https:\/\/www.grieta.org.mx\/index.php\/category\/cintillo\/"},"img":{"alt_text":"","src":"https:\/\/i0.wp.com\/www.grieta.org.mx\/wp-content\/uploads\/2018\/03\/14524434_1106112876131411_958039263622046936_o.jpg?resize=350%2C200&ssl=1","width":350,"height":200,"srcset":"https:\/\/i0.wp.com\/www.grieta.org.mx\/wp-content\/uploads\/2018\/03\/14524434_1106112876131411_958039263622046936_o.jpg?resize=350%2C200&ssl=1 1x, https:\/\/i0.wp.com\/www.grieta.org.mx\/wp-content\/uploads\/2018\/03\/14524434_1106112876131411_958039263622046936_o.jpg?resize=525%2C300&ssl=1 1.5x, https:\/\/i0.wp.com\/www.grieta.org.mx\/wp-content\/uploads\/2018\/03\/14524434_1106112876131411_958039263622046936_o.jpg?resize=700%2C400&ssl=1 2x"},"classes":[]},{"id":25700,"url":"https:\/\/www.grieta.org.mx\/index.php\/2018\/07\/31\/no-nos-vamos-a-callar-familiares-y-amigos-de-ruben-espinosa-al-exigir-justicia-por-caso-narvarte\/","url_meta":{"origin":18561,"position":5},"title":"\u201cNo nos vamos a callar\u201d: familiares y amigos de Rub\u00e9n Espinosa al exigir justicia por caso Narvarte","author":"grieta","date":"31 julio, 2018","format":false,"excerpt":"No\u00e9 Zavaleta \/ Proceso XALAPA, Ver. (apro).- Un mural con los rostros de Rub\u00e9n Espinosa, fotoperiodista colaborador de Proceso, y de Nadia Vera, activista cultural, con las leyendas \u201cEn Defensa de la Memoria\u201d y \u201cJusticia para Todos\u201d, sirvi\u00f3 para conmemorar el tercer aniversario del multihomicidio de la colonia Narvarte, en\u2026","rel":"","context":"En &quot;CINTILLO&quot;","block_context":{"text":"CINTILLO","link":"https:\/\/www.grieta.org.mx\/index.php\/category\/cintillo\/"},"img":{"alt_text":"","src":"https:\/\/i0.wp.com\/www.grieta.org.mx\/wp-content\/uploads\/2018\/08\/jjj-1.jpg?resize=350%2C200&ssl=1","width":350,"height":200,"srcset":"https:\/\/i0.wp.com\/www.grieta.org.mx\/wp-content\/uploads\/2018\/08\/jjj-1.jpg?resize=350%2C200&ssl=1 1x, https:\/\/i0.wp.com\/www.grieta.org.mx\/wp-content\/uploads\/2018\/08\/jjj-1.jpg?resize=525%2C300&ssl=1 1.5x, https:\/\/i0.wp.com\/www.grieta.org.mx\/wp-content\/uploads\/2018\/08\/jjj-1.jpg?resize=700%2C400&ssl=1 2x"},"classes":[]}],"_links":{"self":[{"href":"https:\/\/www.grieta.org.mx\/index.php\/wp-json\/wp\/v2\/posts\/18561","targetHints":{"allow":["GET"]}}],"collection":[{"href":"https:\/\/www.grieta.org.mx\/index.php\/wp-json\/wp\/v2\/posts"}],"about":[{"href":"https:\/\/www.grieta.org.mx\/index.php\/wp-json\/wp\/v2\/types\/post"}],"author":[{"embeddable":true,"href":"https:\/\/www.grieta.org.mx\/index.php\/wp-json\/wp\/v2\/users\/2"}],"replies":[{"embeddable":true,"href":"https:\/\/www.grieta.org.mx\/index.php\/wp-json\/wp\/v2\/comments?post=18561"}],"version-history":[{"count":1,"href":"https:\/\/www.grieta.org.mx\/index.php\/wp-json\/wp\/v2\/posts\/18561\/revisions"}],"predecessor-version":[{"id":18600,"href":"https:\/\/www.grieta.org.mx\/index.php\/wp-json\/wp\/v2\/posts\/18561\/revisions\/18600"}],"wp:featuredmedia":[{"embeddable":true,"href":"https:\/\/www.grieta.org.mx\/index.php\/wp-json\/wp\/v2\/media\/21928"}],"wp:attachment":[{"href":"https:\/\/www.grieta.org.mx\/index.php\/wp-json\/wp\/v2\/media?parent=18561"}],"wp:term":[{"taxonomy":"category","embeddable":true,"href":"https:\/\/www.grieta.org.mx\/index.php\/wp-json\/wp\/v2\/categories?post=18561"},{"taxonomy":"post_tag","embeddable":true,"href":"https:\/\/www.grieta.org.mx\/index.php\/wp-json\/wp\/v2\/tags?post=18561"}],"curies":[{"name":"wp","href":"https:\/\/api.w.org\/{rel}","templated":true}]}}