{"id":18557,"date":"2016-07-31T21:52:25","date_gmt":"2016-08-01T02:52:25","guid":{"rendered":"http:\/\/www.grieta.org.mx\/?p=18557"},"modified":"2016-08-02T22:00:54","modified_gmt":"2016-08-03T03:00:54","slug":"caso-narvarte-un-ano-despues-justicia-y-verdad-estancadas","status":"publish","type":"post","link":"https:\/\/www.grieta.org.mx\/index.php\/2016\/07\/31\/caso-narvarte-un-ano-despues-justicia-y-verdad-estancadas\/","title":{"rendered":"Caso Narvarte: un a\u00f1o despu\u00e9s, justicia y verdad estancadas"},"content":{"rendered":"<p><img loading=\"lazy\" decoding=\"async\" data-attachment-id=\"18558\" data-permalink=\"https:\/\/www.grieta.org.mx\/index.php\/2016\/07\/31\/caso-narvarte-un-ano-despues-justicia-y-verdad-estancadas\/banner-1an%cc%83osinju5ticia\/\" data-orig-file=\"https:\/\/www.grieta.org.mx\/wp-content\/uploads\/2016\/08\/BANNER-1An?oSinJu5ticia.jpg\" data-orig-size=\"\" data-comments-opened=\"0\" data-image-meta=\"[]\" data-image-title=\"BANNER-1An?oSinJu5ticia\" data-image-description=\"\" data-image-caption=\"\" data-medium-file=\"https:\/\/www.grieta.org.mx\/wp-content\/uploads\/2016\/08\/BANNER-1An?oSinJu5ticia.jpg\" data-large-file=\"https:\/\/www.grieta.org.mx\/wp-content\/uploads\/2016\/08\/BANNER-1An?oSinJu5ticia.jpg\" src=\"http:\/\/www.grieta.org.mx\/wp-content\/uploads\/2016\/08\/BANNER-1An?oSinJu5ticia.jpg\" alt=\"BANNER-1An?oSinJu5ticia\" width=\"700\" height=\"380\" class=\"aligncenter size-full wp-image-18558\" \/><\/p>\n<p>Ciudad de M\u00e9xico, a 31 de julio de 2016.- A un a\u00f1o de acontecido el homicidio y feminicidios de Rub\u00e9n Espinosa, Nadia Vera, Mile Virgina, Alejandra Negrete y Yesenia Quiroz, la investigaci\u00f3n de los hechos permanece estancada. Desde hace 10 meses, una vez que fueron consignadas tres personas por parte de la PGJCDMX, los avances han sido pr\u00e1cticamente nulos. De hecho, es por la activaci\u00f3n de recursos legales por parte de la coadyuvancia que se mantiene abierta la averiguaci\u00f3n previa, toda vez que es  clara la falta de voluntad de la instituci\u00f3n ministerial por agotar l\u00edneas de investigaci\u00f3n y ampliar el espectro de probables responsables en el crimen que conmocion\u00f3 a M\u00e9xico y el mundo.<\/p>\n<p>Investigaci\u00f3n deficiente<\/p>\n<p>Tal como lo hicimos p\u00fablico hacer 3 meses, las organizaciones que representamos a cuatro de las cinco v\u00edctimas, obtuvimos un amparo por parte de la Jueza D\u00e9cimosexta de Distrito de Amparo en Materia Penal para evitar que se cerrara la investigaci\u00f3n e impulsar la realizaci\u00f3n de nuevas diligencias. Dicho amparo deriv\u00f3 de 55 peticiones realizadas de manera conjunta por las coadyuvantes desde el 10 de septiembre de 2015. Dichas solicitudes van desde la recopilaci\u00f3n de nuevos testimonios, hasta la realizaci\u00f3n de nuevas periciales y la profundizaci\u00f3n de trabajo de inteligencia por parte de Polic\u00eda de Investigaci\u00f3n.<\/p>\n<p>Para el cumplimiento exhaustivo del amparo, sostuvimos una reuni\u00f3n con el Jefe de Gobierno de la Ciudad de M\u00e9xico Miguel \u00c1ngel Mancera en mayo de este a\u00f1o. De cara a las v\u00edctimas y sus representantes, entre otras cuestiones, se comprometi\u00f3 a realizar un plan de investigaci\u00f3n, esclarecer el m\u00f3vil y a integrar a la investigaci\u00f3n a especialistas de la PGJCDMX en materias de libertad de expresi\u00f3n, violencia contra las mujeres y personas defensoras de derechos humanos. As\u00ed tambi\u00e9n se acord\u00f3 que el amparo otorgado se cumplir\u00eda de manera exhaustiva, sin formalismos ni tecnicismos. Hasta el momento no se han satisfecho los puntos convenidos.<\/p>\n<p>Como lo hemos difundido, existen indicios de la posible participaci\u00f3n de m\u00e1s personas en los hechos y faltan numerosas diligencias para agotar la l\u00ednea de investigaci\u00f3n concerniente al activismo de Nadia y el periodismo de Rub\u00e9n en Veracruz, lugar del que se desplazaron a la Ciudad de M\u00e9xico debido a amenazas, hostigamientos y agresiones f\u00edsicas padecidas en diversos eventos. Ante la insistencia de la coadyuvancia en profundizar sobre numerosos aspectos de la investigaci\u00f3n, hemos obtenido respuestas  limitadas para solventar algunos aspectos y abierto rechazo en otros.<\/p>\n<p>Como ejemplo de ello, el Agente del Ministerio P\u00fablico encargado de la investigaci\u00f3n, nos respondi\u00f3 en escrito fechado el 2 de junio que \u201c en estricto apego a la legalidad\u201d tienen que demostrar el cuerpo del delito y la probable responsabilidad, \u201csin que para ejercer acci\u00f3n penal en contra de los probables responsables se tenga que acreditar el m\u00f3vil del hecho\u201d.<\/p>\n<p>Por otro lado, en el mismo acuerdo ministerial, la autoridad responde que no considera \u201cid\u00f3neo ni pertinente\u201d para identificar a m\u00e1s probables responsables, entrevistarse con todos los vecinos del condominio donde ocurri\u00f3 el crimen.<\/p>\n<p>Tampoco, hasta el d\u00eda de hoy, no se nos han permitido ver los videos completos que obran en poder de la PGJCDMX y que tambi\u00e9n est\u00e1n bajo custodia de la Jueza 25 Penal. A la coadyuvancia solamente se ha mostrado una versi\u00f3n editada de tales videos, sin tener oportunidad de su reproducci\u00f3n total. Ante la negativa de mostrarnos el contenido y desahogar otras diligencias vitales, interpusimos un nuevo amparo el 5 de julio pasado.<\/p>\n<p>Filtraciones a la prensa y juicio medi\u00e1tico<\/p>\n<p>Por otro lado, derivado de que las primeras semanas se filtr\u00f3 informaci\u00f3n sensible sobre el caso, las hermanas de Rub\u00e9n Espinosa interpusieron una demanda de amparo contra la Procuradur\u00eda. Despu\u00e9s de 10 meses, la Jueza Novena de Distrito de Amparo en Materia Penal constat\u00f3 y confirm\u00f3 en su resoluci\u00f3n que la informaci\u00f3n sensible contenida en el expediente de averiguaci\u00f3n hab\u00eda sido publicada en diversos medios. Dicha informaci\u00f3n versaba sobre  fotograf\u00edas de los cuerpos, declaraciones ministeriales y dict\u00e1menes periciales.<\/p>\n<p>Tal como lo se\u00f1alamos desde el principio, las filtraciones denotaban una intencionalidad clara y coherente por desestimar l\u00edneas de investigaci\u00f3n, justificar el multihomicidio, criminalizar y estigmatizar a las v\u00edctimas. Por ello no resulta veros\u00edmil que un solo funcionario haya realizado las filtraciones, como se ha sostenido por parte de la PGJCDMX.<\/p>\n<p>El acuerdo con el Jefe de Gobierno fue, adem\u00e1s de garantizar el resguardo de la informaci\u00f3n, realizar lineamientos para el tratamiento de datos sensibles en las averiguaciones previas. Se han iniciado pl\u00e1ticas para trabajar en los lineamientos. Sin embargo, resulta contradictorio que el pasado 30 de junio la PGJCDMX haya interpuesto recurso de revisi\u00f3n contra la sentencia de amparo. Resulta incomprensible c\u00f3mo la voluntad institucional puede escindirse de tal manera. Por un lado,  trabajando instrumentos normativos que atajen esta problem\u00e1tica; por otro, rechazando cualquier responsabilidad institucional mediante la continuaci\u00f3n del litigio constitucional. Corresponde ahora al Quinto Tribunal Colegiado en Materia Penal dar la \u00faltima palabra.<\/p>\n<p>No hay protecci\u00f3n para la familia de Rub\u00e9n Espinosa<\/p>\n<p>En d\u00edas pasados la familia Espinosa Becerril sufri\u00f3 una serie de eventos de seguridad que resultan preocupantes e inaceptables. Una semana previa al aniversario luctuoso de las v\u00edctimas de la Narvarte, los familiares del fotoperiodista han recibido llamadas constantes de n\u00fameros privados en las que no obtienen respuesta al contestar, una agresi\u00f3n f\u00edsica, personas que acechan y seguimientos de autom\u00f3viles sospechosos.<\/p>\n<p>De ello se ha dado cuenta al Mecanismo Federal de Protecci\u00f3n a Personas Defensoras de Derechos Humanos y Periodistas, al cual se encuentran integradas las hermanas de Rub\u00e9n desde el a\u00f1o pasado. Por ello enfatizamos que es responsabilidad de las autoridades federales y captitalinas prevenir y evitar cualquier agresi\u00f3n en contra de las v\u00edctimas.<\/p>\n<p>Por ello, las organizaciones firmantes conclu\u00edmos que los derechos a la verdad, la justicia y reparaci\u00f3n integral que le asisten constitucional y legalmente a las v\u00edctimas no han sido garantizados; la incertidumbre que impera sobre m\u00faltiples elementos de la investigaci\u00f3n, acompa\u00f1ada de la reticencia sistem\u00e1tica a nuestras peticiones, es un factor m\u00e1s de victimizaci\u00f3n; y la Ciudad de M\u00e9xico no volver\u00e1 a ser el refugio para periodistas y defensores perseguidos en otros estados hasta el esclarecimiento total de lo ocurrido el 31 de julio de 2015 en la colonia Narvarte.<\/p>\n<p>Organizaciones firmantes:<\/p>\n<p>ARTICLE 19<\/p>\n<p>Cl\u00ednica de inter\u00e9s p\u00fablico y trata de personas del ITAM<\/p>\n<p>Grupo de acci\u00f3n por los derechos humanos y la<br \/>\nJusticia social<\/p>\n<p><a href=\"http:\/\/www.somoselmedio.org\/article\/caso-narvarte-un-a%C3%B1o-despu%C3%A9s-justicia-y-verdad-estancadas\" target=\"_blank\">http:\/\/www.somoselmedio.org\/article\/caso-narvarte-un-a%C3%B1o-despu%C3%A9s-justicia-y-verdad-estancadas<\/a><\/p>\n<p><a href=\"https:\/\/www.scribd.com\/document\/319792858\/Ficha-tenica-Caso-Narvarte#from_embed\">https:\/\/www.scribd.com\/document\/319792858\/Ficha-tenica-Caso-Narvarte#from_embed<\/a><\/p>\n","protected":false},"excerpt":{"rendered":"<p>Ciudad de M\u00e9xico, a 31 de julio de 2016.- A un a\u00f1o de acontecido el homicidio y feminicidios de Rub\u00e9n Espinosa, Nadia Vera, Mile Virgina, Alejandra Negrete y Yesenia Quiroz, &hellip; <a href=\"https:\/\/www.grieta.org.mx\/index.php\/2016\/07\/31\/caso-narvarte-un-ano-despues-justicia-y-verdad-estancadas\/\" class=\"more-link\">Leer m\u00e1s<\/a><\/p>\n","protected":false},"author":2,"featured_media":21928,"comment_status":"closed","ping_status":"closed","sticky":false,"template":"","format":"standard","meta":{"ngg_post_thumbnail":0,"_jetpack_newsletter_access":"","_jetpack_dont_email_post_to_subs":false,"_jetpack_newsletter_tier_id":0,"_jetpack_memberships_contains_paywalled_content":false,"_jetpack_memberships_contains_paid_content":false,"footnotes":""},"categories":[598,80],"tags":[834,349],"class_list":["post-18557","post","type-post","status-publish","format-standard","has-post-thumbnail","hentry","category-cdmx","category-cintillo","tag-multihomicidio","tag-narvarte","entry"],"jetpack_featured_media_url":"https:\/\/www.grieta.org.mx\/wp-content\/uploads\/2018\/03\/14524434_1106112876131411_958039263622046936_o.jpg","jetpack_sharing_enabled":true,"jetpack_shortlink":"https:\/\/wp.me\/p7ZJR4-4Pj","jetpack_likes_enabled":false,"jetpack-related-posts":[{"id":9938,"url":"https:\/\/www.grieta.org.mx\/index.php\/2016\/08\/01\/multihomicidio-en-la-narvarte\/","url_meta":{"origin":18557,"position":0},"title":"Multihomicidio en la Narvarte","author":"grieta","date":"1 agosto, 2016","format":false,"excerpt":"01\/08\/16. A un a\u00f1o de los asesinatos en la colonia NarvarteKe Huelga Radio 31\/07\/16. Caso Narvarte: un a\u00f1o despu\u00e9s, justicia y verdad estancadas Somos el medio 24\/07\/16. A un a\u00f1o sin justicia, a un a\u00f1o sin Rub\u00e9n Somos el medio 31\/01\/16. La PGJDF no tiene ni m\u00f3vil del crimen en\u2026","rel":"","context":"En &quot;Ciudad de M\u00e9xico&quot;","block_context":{"text":"Ciudad de M\u00e9xico","link":"https:\/\/www.grieta.org.mx\/index.php\/category\/noticias-nacionales\/ciudad-de-mexico\/"},"img":{"alt_text":"","src":"https:\/\/i0.wp.com\/www.grieta.org.mx\/wp-content\/uploads\/2018\/03\/14524434_1106112876131411_958039263622046936_o.jpg?resize=350%2C200&ssl=1","width":350,"height":200,"srcset":"https:\/\/i0.wp.com\/www.grieta.org.mx\/wp-content\/uploads\/2018\/03\/14524434_1106112876131411_958039263622046936_o.jpg?resize=350%2C200&ssl=1 1x, https:\/\/i0.wp.com\/www.grieta.org.mx\/wp-content\/uploads\/2018\/03\/14524434_1106112876131411_958039263622046936_o.jpg?resize=525%2C300&ssl=1 1.5x, https:\/\/i0.wp.com\/www.grieta.org.mx\/wp-content\/uploads\/2018\/03\/14524434_1106112876131411_958039263622046936_o.jpg?resize=700%2C400&ssl=1 2x"},"classes":[]},{"id":52771,"url":"https:\/\/www.grieta.org.mx\/index.php\/2020\/07\/31\/familiares-piden-a-sheinbaum-y-a-godoy-resolver-el-caso-narvarte-sin-mas-dilaciones-ni-excusas-ciudad-de-mexico\/","url_meta":{"origin":18557,"position":1},"title":"Familiares piden a Sheinbaum y a Godoy resolver el caso Narvarte \u201csin m\u00e1s dilaciones ni excusas\u201d (Ciudad de M\u00e9xico)","author":"grieta","date":"31 julio, 2020","format":false,"excerpt":"Un festival cultural fue realizado en la colonia Narvarte para conmemorar el asesinato de Rub\u00e9n Espinosa, Mile Mart\u00edn, Alejandra Negrete, Yesenia Quir\u00f3z y Nadia Vera. Foto. Sara Pantoja Sara Pantoja \/ Proceso CIUDAD DE M\u00c9XICO (apro).- Al cumplirse cinco a\u00f1os del multihomicidio en la colonia Narvarte, familiares de las cinco\u2026","rel":"","context":"En &quot;Abuso policiaco y tortura en la Ciudad de M\u00e9xico&quot;","block_context":{"text":"Abuso policiaco y tortura en la Ciudad de M\u00e9xico","link":"https:\/\/www.grieta.org.mx\/index.php\/category\/noticias-nacionales\/ciudad-de-mexico\/abuso-policiaco-y-tortura-en-la-ciudad-de-mexico\/"},"img":{"alt_text":"","src":"https:\/\/i0.wp.com\/www.grieta.org.mx\/wp-content\/uploads\/2020\/08\/Familiares-piden-a-Sheinbaum-y-a-Godoy-resolver-el-caso-Narvarte-sin-mas-dilaciones-ni-excusas-cdmx-ago.jpg?resize=350%2C200&ssl=1","width":350,"height":200,"srcset":"https:\/\/i0.wp.com\/www.grieta.org.mx\/wp-content\/uploads\/2020\/08\/Familiares-piden-a-Sheinbaum-y-a-Godoy-resolver-el-caso-Narvarte-sin-mas-dilaciones-ni-excusas-cdmx-ago.jpg?resize=350%2C200&ssl=1 1x, https:\/\/i0.wp.com\/www.grieta.org.mx\/wp-content\/uploads\/2020\/08\/Familiares-piden-a-Sheinbaum-y-a-Godoy-resolver-el-caso-Narvarte-sin-mas-dilaciones-ni-excusas-cdmx-ago.jpg?resize=525%2C300&ssl=1 1.5x, https:\/\/i0.wp.com\/www.grieta.org.mx\/wp-content\/uploads\/2020\/08\/Familiares-piden-a-Sheinbaum-y-a-Godoy-resolver-el-caso-Narvarte-sin-mas-dilaciones-ni-excusas-cdmx-ago.jpg?resize=700%2C400&ssl=1 2x, https:\/\/i0.wp.com\/www.grieta.org.mx\/wp-content\/uploads\/2020\/08\/Familiares-piden-a-Sheinbaum-y-a-Godoy-resolver-el-caso-Narvarte-sin-mas-dilaciones-ni-excusas-cdmx-ago.jpg?resize=1050%2C600&ssl=1 3x"},"classes":[]},{"id":9939,"url":"https:\/\/www.grieta.org.mx\/index.php\/2016\/01\/30\/la-pgjdf-no-tiene-ni-movil-del-crimen-en-narvarte-abogado-a-6-meses-apuesta-al-olvido\/","url_meta":{"origin":18557,"position":2},"title":"La PGJDF no tiene ni m\u00f3vil del crimen en Narvarte: abogado; a 6 meses, \u201capuesta al olvido\u201d","author":"grieta","date":"30 enero, 2016","format":false,"excerpt":"Apia Virtual Por Sandra Rodr\u00edguez Nieto A seis meses del asesinato del fotoperiodista Rub\u00e9n Espinosa Becerril, Nadia Vera P\u00e9rez, Alejandra Negrete Avil\u00e9s, Yesenia Quiroz Alfaro y Mile Virginia Mart\u00edn en un departamento de la colonia Narvarte, en la capital del pa\u00eds, los presuntos culpables niegan su participaci\u00f3n en el multihomicidio.\u2026","rel":"","context":"En &quot;CINTILLO&quot;","block_context":{"text":"CINTILLO","link":"https:\/\/www.grieta.org.mx\/index.php\/category\/cintillo\/"},"img":{"alt_text":"","src":"https:\/\/i0.wp.com\/www.grieta.org.mx\/wp-content\/uploads\/2018\/03\/14524434_1106112876131411_958039263622046936_o.jpg?resize=350%2C200&ssl=1","width":350,"height":200,"srcset":"https:\/\/i0.wp.com\/www.grieta.org.mx\/wp-content\/uploads\/2018\/03\/14524434_1106112876131411_958039263622046936_o.jpg?resize=350%2C200&ssl=1 1x, https:\/\/i0.wp.com\/www.grieta.org.mx\/wp-content\/uploads\/2018\/03\/14524434_1106112876131411_958039263622046936_o.jpg?resize=525%2C300&ssl=1 1.5x, https:\/\/i0.wp.com\/www.grieta.org.mx\/wp-content\/uploads\/2018\/03\/14524434_1106112876131411_958039263622046936_o.jpg?resize=700%2C400&ssl=1 2x"},"classes":[]},{"id":18561,"url":"https:\/\/www.grieta.org.mx\/index.php\/2016\/08\/01\/a-un-ano-de-los-asesinatos-en-la-colonia-narvarte\/","url_meta":{"origin":18557,"position":3},"title":"A un a\u00f1o de los asesinatos en la colonia Narvarte","author":"grieta","date":"1 agosto, 2016","format":false,"excerpt":"El 31 de julio de 2016 se cumpli\u00f3 un a\u00f1o del asesinato de Nadia Vera, Yesenia Quiroz, Alejandra Negrete, Mile Virginia y Rub\u00e9n Espinoza en la colonia Narvarte en Ciudad Monstruo. Tanto Nadia Vera como Rub\u00e9n Espinoza se desplazaron de Veracruz a esta ciudad debido a las amenazas y hostigamientos\u2026","rel":"","context":"En &quot;cdmx&quot;","block_context":{"text":"cdmx","link":"https:\/\/www.grieta.org.mx\/index.php\/category\/cdmx\/"},"img":{"alt_text":"","src":"https:\/\/i0.wp.com\/www.grieta.org.mx\/wp-content\/uploads\/2018\/03\/14524434_1106112876131411_958039263622046936_o.jpg?resize=350%2C200&ssl=1","width":350,"height":200,"srcset":"https:\/\/i0.wp.com\/www.grieta.org.mx\/wp-content\/uploads\/2018\/03\/14524434_1106112876131411_958039263622046936_o.jpg?resize=350%2C200&ssl=1 1x, https:\/\/i0.wp.com\/www.grieta.org.mx\/wp-content\/uploads\/2018\/03\/14524434_1106112876131411_958039263622046936_o.jpg?resize=525%2C300&ssl=1 1.5x, https:\/\/i0.wp.com\/www.grieta.org.mx\/wp-content\/uploads\/2018\/03\/14524434_1106112876131411_958039263622046936_o.jpg?resize=700%2C400&ssl=1 2x"},"classes":[]},{"id":17797,"url":"https:\/\/www.grieta.org.mx\/index.php\/2016\/07\/24\/a-un-ano-sin-justicia-a-un-ano-sin-ruben\/","url_meta":{"origin":18557,"position":4},"title":"A un a\u00f1o sin justicia, a un a\u00f1o sin Rub\u00e9n","author":"grieta","date":"24 julio, 2016","format":false,"excerpt":"Aideth Goroztieta Preocupante y alarmante la respuesta de la PGJDF en relaci\u00f3n al caso Narvarte. Ciudad de M\u00e9xico, 24 de julio de 2016. El pr\u00f3ximo 31 de julio se cumple un a\u00f1o del asesinato de Rub\u00e9n Espinosa, Nadia Vera, Yesenia Quiroz, Mile Mart\u00edn y Alejandra Negrete; esto sucedi\u00f3 en un\u2026","rel":"","context":"En &quot;cdmx&quot;","block_context":{"text":"cdmx","link":"https:\/\/www.grieta.org.mx\/index.php\/category\/cdmx\/"},"img":{"alt_text":"","src":"https:\/\/i0.wp.com\/www.grieta.org.mx\/wp-content\/uploads\/2018\/03\/14524434_1106112876131411_958039263622046936_o.jpg?resize=350%2C200&ssl=1","width":350,"height":200,"srcset":"https:\/\/i0.wp.com\/www.grieta.org.mx\/wp-content\/uploads\/2018\/03\/14524434_1106112876131411_958039263622046936_o.jpg?resize=350%2C200&ssl=1 1x, https:\/\/i0.wp.com\/www.grieta.org.mx\/wp-content\/uploads\/2018\/03\/14524434_1106112876131411_958039263622046936_o.jpg?resize=525%2C300&ssl=1 1.5x, https:\/\/i0.wp.com\/www.grieta.org.mx\/wp-content\/uploads\/2018\/03\/14524434_1106112876131411_958039263622046936_o.jpg?resize=700%2C400&ssl=1 2x"},"classes":[]},{"id":9991,"url":"https:\/\/www.grieta.org.mx\/index.php\/2015\/09\/15\/sin-esclarecer-a-pesar-de-los-detenidos-el-multihomicidio-de-la-narvarte\/","url_meta":{"origin":18557,"position":5},"title":"Sin esclarecer a pesar de los detenidos el multihomicidio de la Narvarte","author":"grieta","date":"15 septiembre, 2015","format":false,"excerpt":"La izquierda diario Flora Ram\u00edrez Lleno de inconsistencias y sin dar peso a la l\u00ednea de investigaci\u00f3n del asesinato por motivos pol\u00edticos, se llev\u00f3 a cabo la consignaci\u00f3n del tercer detenido por el m\u00faltiple homicidio ocurrido en la colonia Narvarte. El seguimiento del caso donde fueron asesinados el fotoperiodista Rub\u00e9n\u2026","rel":"","context":"En &quot;CINTILLO&quot;","block_context":{"text":"CINTILLO","link":"https:\/\/www.grieta.org.mx\/index.php\/category\/cintillo\/"},"img":{"alt_text":"","src":"https:\/\/i0.wp.com\/www.grieta.org.mx\/wp-content\/uploads\/2018\/03\/14524434_1106112876131411_958039263622046936_o.jpg?resize=350%2C200&ssl=1","width":350,"height":200,"srcset":"https:\/\/i0.wp.com\/www.grieta.org.mx\/wp-content\/uploads\/2018\/03\/14524434_1106112876131411_958039263622046936_o.jpg?resize=350%2C200&ssl=1 1x, https:\/\/i0.wp.com\/www.grieta.org.mx\/wp-content\/uploads\/2018\/03\/14524434_1106112876131411_958039263622046936_o.jpg?resize=525%2C300&ssl=1 1.5x, https:\/\/i0.wp.com\/www.grieta.org.mx\/wp-content\/uploads\/2018\/03\/14524434_1106112876131411_958039263622046936_o.jpg?resize=700%2C400&ssl=1 2x"},"classes":[]}],"_links":{"self":[{"href":"https:\/\/www.grieta.org.mx\/index.php\/wp-json\/wp\/v2\/posts\/18557","targetHints":{"allow":["GET"]}}],"collection":[{"href":"https:\/\/www.grieta.org.mx\/index.php\/wp-json\/wp\/v2\/posts"}],"about":[{"href":"https:\/\/www.grieta.org.mx\/index.php\/wp-json\/wp\/v2\/types\/post"}],"author":[{"embeddable":true,"href":"https:\/\/www.grieta.org.mx\/index.php\/wp-json\/wp\/v2\/users\/2"}],"replies":[{"embeddable":true,"href":"https:\/\/www.grieta.org.mx\/index.php\/wp-json\/wp\/v2\/comments?post=18557"}],"version-history":[{"count":1,"href":"https:\/\/www.grieta.org.mx\/index.php\/wp-json\/wp\/v2\/posts\/18557\/revisions"}],"predecessor-version":[{"id":18563,"href":"https:\/\/www.grieta.org.mx\/index.php\/wp-json\/wp\/v2\/posts\/18557\/revisions\/18563"}],"wp:featuredmedia":[{"embeddable":true,"href":"https:\/\/www.grieta.org.mx\/index.php\/wp-json\/wp\/v2\/media\/21928"}],"wp:attachment":[{"href":"https:\/\/www.grieta.org.mx\/index.php\/wp-json\/wp\/v2\/media?parent=18557"}],"wp:term":[{"taxonomy":"category","embeddable":true,"href":"https:\/\/www.grieta.org.mx\/index.php\/wp-json\/wp\/v2\/categories?post=18557"},{"taxonomy":"post_tag","embeddable":true,"href":"https:\/\/www.grieta.org.mx\/index.php\/wp-json\/wp\/v2\/tags?post=18557"}],"curies":[{"name":"wp","href":"https:\/\/api.w.org\/{rel}","templated":true}]}}