{"id":18476,"date":"2016-09-05T19:29:28","date_gmt":"2016-09-06T00:29:28","guid":{"rendered":"http:\/\/www.grieta.org.mx\/?p=18476"},"modified":"2016-09-07T20:04:21","modified_gmt":"2016-09-08T01:04:21","slug":"conflictos-laborales-en-colima","status":"publish","type":"post","link":"https:\/\/www.grieta.org.mx\/index.php\/2016\/09\/05\/conflictos-laborales-en-colima\/","title":{"rendered":"Conflictos laborales en Colima"},"content":{"rendered":"<p><strong>05\/09\/16. <\/strong><a href=\"http:\/\/www.grieta.org.mx\/index.php\/2016\/09\/05\/se-manifiestan-jubilados-imss-contra-afore-banorte-colima\/\" >Se manifiestan jubilados IMSS contra Afore Banorte<\/a><br \/><em>Colima Noticias<\/em><br  \/><\/p>\n<p><strong>28\/07\/16. <\/strong><a href=\"http:\/\/www.grieta.org.mx\/index.php\/2016\/07\/28\/en-5-anos-colima-no-tendra-para-pagar-pensiones-y-jubilaciones-aregional\/\" >En 5 a\u00f1os Colima no tendr\u00e1 para pagar pensiones y jubilaciones: Aregional<\/a><br \/><em>Diario Avanzada<\/em><br  \/><\/p>\n","protected":false},"excerpt":{"rendered":"<p>05\/09\/16. Se manifiestan jubilados IMSS contra Afore BanorteColima Noticias 28\/07\/16. En 5 a\u00f1os Colima no tendr\u00e1 para pagar pensiones y jubilaciones: AregionalDiario Avanzada<\/p>\n","protected":false},"author":2,"featured_media":21928,"comment_status":"closed","ping_status":"closed","sticky":false,"template":"","format":"standard","meta":{"ngg_post_thumbnail":0,"_jetpack_newsletter_access":"","_jetpack_dont_email_post_to_subs":false,"_jetpack_newsletter_tier_id":0,"_jetpack_memberships_contains_paywalled_content":false,"_jetpack_memberships_contains_paid_content":false,"footnotes":""},"categories":[13,2],"tags":[],"class_list":["post-18476","post","type-post","status-publish","format-standard","has-post-thumbnail","hentry","category-colima","category-noticias-nacionales","entry"],"jetpack_featured_media_url":"https:\/\/www.grieta.org.mx\/wp-content\/uploads\/2018\/03\/14524434_1106112876131411_958039263622046936_o.jpg","jetpack_sharing_enabled":true,"jetpack_shortlink":"https:\/\/wp.me\/p7ZJR4-4O0","jetpack_likes_enabled":false,"jetpack-related-posts":[{"id":41046,"url":"https:\/\/www.grieta.org.mx\/index.php\/2019\/11\/06\/denuncian-falta-de-aplicacion-de-quimioterapias-en-el-imss-colima\/","url_meta":{"origin":18476,"position":0},"title":"Denuncian falta de aplicaci\u00f3n de quimioterapias en el IMSS Colima","author":"grieta","date":"6 noviembre, 2019","format":false,"excerpt":"Foto Colima Noticias Juan Carlos Flores \/ Colima Noticias Colima, Col.- Derechohabientes del Instituto Mexicano del Seguro Social (Imss) denunciaron que no est\u00e1n aplicando quimioterapias a pacientes del Hospital de Colima. A trav\u00e9s de una denuncia presentada a este medio, la usuaria Ofis Valle se\u00f1al\u00f3 que su madre no ha\u2026","rel":"","context":"En &quot;CINTILLO&quot;","block_context":{"text":"CINTILLO","link":"https:\/\/www.grieta.org.mx\/index.php\/category\/cintillo\/"},"img":{"alt_text":"","src":"https:\/\/i0.wp.com\/www.grieta.org.mx\/wp-content\/uploads\/2019\/11\/imss-seguro-social-archivo-696x522.jpeg?resize=350%2C200&ssl=1","width":350,"height":200,"srcset":"https:\/\/i0.wp.com\/www.grieta.org.mx\/wp-content\/uploads\/2019\/11\/imss-seguro-social-archivo-696x522.jpeg?resize=350%2C200&ssl=1 1x, https:\/\/i0.wp.com\/www.grieta.org.mx\/wp-content\/uploads\/2019\/11\/imss-seguro-social-archivo-696x522.jpeg?resize=525%2C300&ssl=1 1.5x"},"classes":[]},{"id":21561,"url":"https:\/\/www.grieta.org.mx\/index.php\/2016\/09\/05\/violencia-en-colima\/","url_meta":{"origin":18476,"position":1},"title":"Violencia en Colima","author":"grieta","date":"5 septiembre, 2016","format":false,"excerpt":"05\/09\/16. Menores de edad, asesinados en ColimaDiario Avanzada","rel":"","context":"En &quot;Colima&quot;","block_context":{"text":"Colima","link":"https:\/\/www.grieta.org.mx\/index.php\/category\/noticias-nacionales\/colima\/"},"img":{"alt_text":"","src":"https:\/\/i0.wp.com\/www.grieta.org.mx\/wp-content\/uploads\/2018\/03\/14524434_1106112876131411_958039263622046936_o.jpg?resize=350%2C200&ssl=1","width":350,"height":200,"srcset":"https:\/\/i0.wp.com\/www.grieta.org.mx\/wp-content\/uploads\/2018\/03\/14524434_1106112876131411_958039263622046936_o.jpg?resize=350%2C200&ssl=1 1x, https:\/\/i0.wp.com\/www.grieta.org.mx\/wp-content\/uploads\/2018\/03\/14524434_1106112876131411_958039263622046936_o.jpg?resize=525%2C300&ssl=1 1.5x, https:\/\/i0.wp.com\/www.grieta.org.mx\/wp-content\/uploads\/2018\/03\/14524434_1106112876131411_958039263622046936_o.jpg?resize=700%2C400&ssl=1 2x"},"classes":[]},{"id":10682,"url":"https:\/\/www.grieta.org.mx\/index.php\/2016\/04\/07\/militarizacion-en-colima\/","url_meta":{"origin":18476,"position":2},"title":"Militarizaci\u00f3n en Colima","author":"grieta","date":"7 abril, 2016","format":false,"excerpt":"07\/04\/16. Gobierno y Congreso regalan terreno \u201cParota Herrada\u201d de 10 MdP a la SemarColima Noticias","rel":"","context":"En &quot;Colima&quot;","block_context":{"text":"Colima","link":"https:\/\/www.grieta.org.mx\/index.php\/category\/noticias-nacionales\/colima\/"},"img":{"alt_text":"","src":"https:\/\/i0.wp.com\/www.grieta.org.mx\/wp-content\/uploads\/2018\/03\/14524434_1106112876131411_958039263622046936_o.jpg?resize=350%2C200&ssl=1","width":350,"height":200,"srcset":"https:\/\/i0.wp.com\/www.grieta.org.mx\/wp-content\/uploads\/2018\/03\/14524434_1106112876131411_958039263622046936_o.jpg?resize=350%2C200&ssl=1 1x, https:\/\/i0.wp.com\/www.grieta.org.mx\/wp-content\/uploads\/2018\/03\/14524434_1106112876131411_958039263622046936_o.jpg?resize=525%2C300&ssl=1 1.5x, https:\/\/i0.wp.com\/www.grieta.org.mx\/wp-content\/uploads\/2018\/03\/14524434_1106112876131411_958039263622046936_o.jpg?resize=700%2C400&ssl=1 2x"},"classes":[]},{"id":15349,"url":"https:\/\/www.grieta.org.mx\/index.php\/2016\/06\/22\/movilizaciones-del-sector-salud-en-colima\/","url_meta":{"origin":18476,"position":3},"title":"Movilizaciones del sector salud en Colima","author":"grieta","date":"22 junio, 2016","format":false,"excerpt":"22\/06\/16. Doctores del movimiento #YoSoy17 realizan manifestaci\u00f3n pac\u00edfica en ColimaAngel Guardian","rel":"","context":"En &quot;Colima&quot;","block_context":{"text":"Colima","link":"https:\/\/www.grieta.org.mx\/index.php\/category\/noticias-nacionales\/colima\/"},"img":{"alt_text":"","src":"https:\/\/i0.wp.com\/www.grieta.org.mx\/wp-content\/uploads\/2018\/03\/14524434_1106112876131411_958039263622046936_o.jpg?resize=350%2C200&ssl=1","width":350,"height":200,"srcset":"https:\/\/i0.wp.com\/www.grieta.org.mx\/wp-content\/uploads\/2018\/03\/14524434_1106112876131411_958039263622046936_o.jpg?resize=350%2C200&ssl=1 1x, https:\/\/i0.wp.com\/www.grieta.org.mx\/wp-content\/uploads\/2018\/03\/14524434_1106112876131411_958039263622046936_o.jpg?resize=525%2C300&ssl=1 1.5x, https:\/\/i0.wp.com\/www.grieta.org.mx\/wp-content\/uploads\/2018\/03\/14524434_1106112876131411_958039263622046936_o.jpg?resize=700%2C400&ssl=1 2x"},"classes":[]},{"id":2763,"url":"https:\/\/www.grieta.org.mx\/index.php\/2015\/05\/19\/jornaleros-agricolas-en-colima\/","url_meta":{"origin":18476,"position":4},"title":"Jornaleros agr\u00edcolas en Colima","author":"grieta","date":"19 mayo, 2015","format":false,"excerpt":"19\/05\/15. Jornaleros agr\u00edcolas en Colima: explotados y sin nadie que los defiendaDiario Avanzada 23\/04\/15. \u2018Consiente\u2019 Colima explotaci\u00f3n de jornaleros mixtecosDiario Avanzada 31\/03\/15. Colima, entre los 18 estados donde se explota a los jornaleros agr\u00edcolas: FIOBDiario Avanzada","rel":"","context":"En &quot;Colima&quot;","block_context":{"text":"Colima","link":"https:\/\/www.grieta.org.mx\/index.php\/category\/noticias-nacionales\/colima\/"},"img":{"alt_text":"","src":"https:\/\/i0.wp.com\/www.grieta.org.mx\/wp-content\/uploads\/2018\/03\/14524434_1106112876131411_958039263622046936_o.jpg?resize=350%2C200&ssl=1","width":350,"height":200,"srcset":"https:\/\/i0.wp.com\/www.grieta.org.mx\/wp-content\/uploads\/2018\/03\/14524434_1106112876131411_958039263622046936_o.jpg?resize=350%2C200&ssl=1 1x, https:\/\/i0.wp.com\/www.grieta.org.mx\/wp-content\/uploads\/2018\/03\/14524434_1106112876131411_958039263622046936_o.jpg?resize=525%2C300&ssl=1 1.5x, https:\/\/i0.wp.com\/www.grieta.org.mx\/wp-content\/uploads\/2018\/03\/14524434_1106112876131411_958039263622046936_o.jpg?resize=700%2C400&ssl=1 2x"},"classes":[]},{"id":2709,"url":"https:\/\/www.grieta.org.mx\/index.php\/2016\/07\/17\/movilizaciones-contra-la-reforma-educativa-y-la-evaluacion-magisterial-en-colima\/","url_meta":{"origin":18476,"position":5},"title":"Movilizaciones contra la Reforma educativa y evaluaci\u00f3n magisterial en Colima","author":"grieta","date":"17 julio, 2016","format":false,"excerpt":"17\/07\/16. Marchan maestros en contra de la reforma educativaMeganoticias Colima 02\/07\/16. Maestros de la CNTE bloquearon el puertoCorreo de Manzanillo 23\/06\/16. Maestros de Colima protestan por OaxacaPerriodismo 21\/06\/16. Marchan maestros, pescadores y hasta tramitadores en ManzanilloColima Noticias 21\/06\/16. Maestros de Colima se unen a quienes exigen la renuncia de Aurelio\u2026","rel":"","context":"En &quot;Colima&quot;","block_context":{"text":"Colima","link":"https:\/\/www.grieta.org.mx\/index.php\/category\/noticias-nacionales\/colima\/"},"img":{"alt_text":"","src":"https:\/\/i0.wp.com\/www.grieta.org.mx\/wp-content\/uploads\/2018\/03\/14524434_1106112876131411_958039263622046936_o.jpg?resize=350%2C200&ssl=1","width":350,"height":200,"srcset":"https:\/\/i0.wp.com\/www.grieta.org.mx\/wp-content\/uploads\/2018\/03\/14524434_1106112876131411_958039263622046936_o.jpg?resize=350%2C200&ssl=1 1x, https:\/\/i0.wp.com\/www.grieta.org.mx\/wp-content\/uploads\/2018\/03\/14524434_1106112876131411_958039263622046936_o.jpg?resize=525%2C300&ssl=1 1.5x, https:\/\/i0.wp.com\/www.grieta.org.mx\/wp-content\/uploads\/2018\/03\/14524434_1106112876131411_958039263622046936_o.jpg?resize=700%2C400&ssl=1 2x"},"classes":[]}],"_links":{"self":[{"href":"https:\/\/www.grieta.org.mx\/index.php\/wp-json\/wp\/v2\/posts\/18476","targetHints":{"allow":["GET"]}}],"collection":[{"href":"https:\/\/www.grieta.org.mx\/index.php\/wp-json\/wp\/v2\/posts"}],"about":[{"href":"https:\/\/www.grieta.org.mx\/index.php\/wp-json\/wp\/v2\/types\/post"}],"author":[{"embeddable":true,"href":"https:\/\/www.grieta.org.mx\/index.php\/wp-json\/wp\/v2\/users\/2"}],"replies":[{"embeddable":true,"href":"https:\/\/www.grieta.org.mx\/index.php\/wp-json\/wp\/v2\/comments?post=18476"}],"version-history":[{"count":1,"href":"https:\/\/www.grieta.org.mx\/index.php\/wp-json\/wp\/v2\/posts\/18476\/revisions"}],"predecessor-version":[{"id":21192,"href":"https:\/\/www.grieta.org.mx\/index.php\/wp-json\/wp\/v2\/posts\/18476\/revisions\/21192"}],"wp:featuredmedia":[{"embeddable":true,"href":"https:\/\/www.grieta.org.mx\/index.php\/wp-json\/wp\/v2\/media\/21928"}],"wp:attachment":[{"href":"https:\/\/www.grieta.org.mx\/index.php\/wp-json\/wp\/v2\/media?parent=18476"}],"wp:term":[{"taxonomy":"category","embeddable":true,"href":"https:\/\/www.grieta.org.mx\/index.php\/wp-json\/wp\/v2\/categories?post=18476"},{"taxonomy":"post_tag","embeddable":true,"href":"https:\/\/www.grieta.org.mx\/index.php\/wp-json\/wp\/v2\/tags?post=18476"}],"curies":[{"name":"wp","href":"https:\/\/api.w.org\/{rel}","templated":true}]}}