{"id":18391,"date":"2016-07-30T17:17:40","date_gmt":"2016-07-30T22:17:40","guid":{"rendered":"http:\/\/www.grieta.org.mx\/?p=18391"},"modified":"2016-08-01T17:28:44","modified_gmt":"2016-08-01T22:28:44","slug":"el-arte-de-la-organizacion-para-hacer-posible-el-arte-de-la-solidaridad","status":"publish","type":"post","link":"https:\/\/www.grieta.org.mx\/index.php\/2016\/07\/30\/el-arte-de-la-organizacion-para-hacer-posible-el-arte-de-la-solidaridad\/","title":{"rendered":"El arte de la organizaci\u00f3n para hacer posible el arte de la solidaridad"},"content":{"rendered":"<p>Koman Ilel. San Crist\u00f3bal de Las Casas, Chiapas. 30 de julio 2016.<\/p>\n<p><img loading=\"lazy\" decoding=\"async\" data-attachment-id=\"18392\" data-permalink=\"https:\/\/www.grieta.org.mx\/index.php\/2016\/07\/30\/el-arte-de-la-organizacion-para-hacer-posible-el-arte-de-la-solidaridad\/k1\/\" data-orig-file=\"https:\/\/www.grieta.org.mx\/wp-content\/uploads\/2016\/08\/k1.jpg\" data-orig-size=\"500,333\" data-comments-opened=\"0\" data-image-meta=\"{&quot;aperture&quot;:&quot;0&quot;,&quot;credit&quot;:&quot;&quot;,&quot;camera&quot;:&quot;&quot;,&quot;caption&quot;:&quot;&quot;,&quot;created_timestamp&quot;:&quot;0&quot;,&quot;copyright&quot;:&quot;&quot;,&quot;focal_length&quot;:&quot;0&quot;,&quot;iso&quot;:&quot;0&quot;,&quot;shutter_speed&quot;:&quot;0&quot;,&quot;title&quot;:&quot;&quot;,&quot;orientation&quot;:&quot;0&quot;}\" data-image-title=\"k1\" data-image-description=\"\" data-image-caption=\"\" data-medium-file=\"https:\/\/www.grieta.org.mx\/wp-content\/uploads\/2016\/08\/k1-300x200.jpg\" data-large-file=\"https:\/\/www.grieta.org.mx\/wp-content\/uploads\/2016\/08\/k1.jpg\" src=\"http:\/\/www.grieta.org.mx\/wp-content\/uploads\/2016\/08\/k1.jpg\" alt=\"k1\" width=\"500\" height=\"333\" class=\"aligncenter size-full wp-image-18392\" srcset=\"https:\/\/www.grieta.org.mx\/wp-content\/uploads\/2016\/08\/k1.jpg 500w, https:\/\/www.grieta.org.mx\/wp-content\/uploads\/2016\/08\/k1-300x200.jpg 300w\" sizes=\"auto, (max-width: 500px) 100vw, 500px\" \/><\/p>\n<p>El arte se instala en Oventic<\/p>\n<p>Si las m\u00faltiples manifestaciones art\u00edsticas a lo largo de la semana en CIDECI sorprendieron por su diversidad y su cantidad, de l@s compas zapatistas no se esperaba menos. Decenas de actuaciones que abarcaron todas las artes deleitaron las miradas de tod@s l@s presentes: teatro, m\u00fasica, baile, pintura, poes\u00eda\u2026 Cient@s de zapatistas de los pueblos originarios tzotzil, zoque y tzeltal de Los Altos de Chiapas compartieron durante todo el d\u00eda sus creaciones, todas ellas muy vinculadas a la historia de Chiapas, a la lucha zapatista, a las luchas del pueblo mexicano organizado y a valores como la autonom\u00eda, la libertad, la justicia y la dignidad. <\/p>\n<p><img loading=\"lazy\" decoding=\"async\" data-attachment-id=\"18393\" data-permalink=\"https:\/\/www.grieta.org.mx\/index.php\/2016\/07\/30\/el-arte-de-la-organizacion-para-hacer-posible-el-arte-de-la-solidaridad\/k2\/\" data-orig-file=\"https:\/\/www.grieta.org.mx\/wp-content\/uploads\/2016\/08\/k2.jpg\" data-orig-size=\"333,500\" data-comments-opened=\"0\" data-image-meta=\"{&quot;aperture&quot;:&quot;0&quot;,&quot;credit&quot;:&quot;&quot;,&quot;camera&quot;:&quot;&quot;,&quot;caption&quot;:&quot;&quot;,&quot;created_timestamp&quot;:&quot;0&quot;,&quot;copyright&quot;:&quot;&quot;,&quot;focal_length&quot;:&quot;0&quot;,&quot;iso&quot;:&quot;0&quot;,&quot;shutter_speed&quot;:&quot;0&quot;,&quot;title&quot;:&quot;&quot;,&quot;orientation&quot;:&quot;0&quot;}\" data-image-title=\"k2\" data-image-description=\"\" data-image-caption=\"\" data-medium-file=\"https:\/\/www.grieta.org.mx\/wp-content\/uploads\/2016\/08\/k2-200x300.jpg\" data-large-file=\"https:\/\/www.grieta.org.mx\/wp-content\/uploads\/2016\/08\/k2.jpg\" src=\"http:\/\/www.grieta.org.mx\/wp-content\/uploads\/2016\/08\/k2.jpg\" alt=\"k2\" width=\"333\" height=\"500\" class=\"aligncenter size-full wp-image-18393\" srcset=\"https:\/\/www.grieta.org.mx\/wp-content\/uploads\/2016\/08\/k2.jpg 333w, https:\/\/www.grieta.org.mx\/wp-content\/uploads\/2016\/08\/k2-200x300.jpg 200w\" sizes=\"auto, (max-width: 333px) 100vw, 333px\" \/><\/p>\n<p>El viernes 29 de julio, s\u00e9ptimo d\u00eda del festival CompArte por la Humanidad, decenas de coches, taxis, combis y pick ups salieron de San Cristobal en direcci\u00f3n a Oventic, donde por primera vez en el festival, l@s protagonistas y creadores de las manifestaciones art\u00edsticas fueron l@s compas zapatistas. El d\u00eda amaneci\u00f3 soleado, y desde las 9 de la ma\u00f1ana el caracol II Resistencia y Rebeld\u00eda por la Humanidad, Oventic, comenz\u00f3 a recibir a centenares de zapatistas y artistas, participantes y espectadores que disfrutaron del festival durante toda la semana.<\/p>\n<p>Las actuaciones musicales pasaron por diversos estilos, desde la tradicional, ranchera, corridos, hip hop o pop. Contaron con instrumentos como el arpa, guitarras y un acorde\u00f3n entre otros. Los bailes, a menudo musicalizados en directo, fueron una de las artes favoritas de l@s compa\u00f1er@s. Buena parte de ellos fueron danzas tradicionales, pero tambi\u00e9n hubo algunas sorpresas, como el Vals del Obrero, con el que l@s comp@s bailaron ska y entusiasmaron a todo el p\u00fablico. Las obras teatrales fueron muy aplaudidas, ya que a trav\u00e9s de ellas se reprodujeron procesos o momentos de la historia o del presente del pueblo de Chiapas, de la lucha zapatista y del pueblo mexicano. La poes\u00eda tambi\u00e9n tuvo un papel principal, tanto en espa\u00f1ol como en tsotsil. Y por \u00faltimo, la pintura, que se mostr\u00f3 p\u00fablicamente y siempre acompa\u00f1ada con una presentaci\u00f3n que la contextualizara.<\/p>\n<p>El subcomandante Mois\u00e9s da la bienvenida<\/p>\n<p>La jornada comenz\u00f3 con las palabras del Subcomandante Insurgente Mois\u00e9s, que dio la bienvenida a l@s asistentes y dedic\u00f3 una pl\u00e1tica a manifestar el sentir de l@s zapatistas en el contexto del festival. Con sus palabras, hizo una dura cr\u00edtica a los periodistas de paga, a quienes define como \u201cintelectuales de la mentira\u201d, y se centr\u00f3 en su labor period\u00edstica con los sucesos de San Juan Chamula, los acus\u00f3 de tratar el caso con superficialidad, en beneficio de los intereses del poder y de no contemplar la profundidad de los hechos, condicionados por una historia llena de represi\u00f3n e injusticia. As\u00ed mismo, habl\u00f3 de las relaciones de poder econ\u00f3mico y la desigualdad latentes en todos los contextos: \u201cNos maltratan igual a trabajadores del campo y la ciudad\u201d. Y a\u00f1adi\u00f3: \u201cSin la explotaci\u00f3n que nos hacen no ser\u00edan ricos\u201d. Mois\u00e9s contextualiz\u00f3 este presente en una falta de justicia a lo largo de la historia, especialmente la del pueblo mexicano y sus ancestros. Una realidad que en los \u00faltimos a\u00f1os se ha reflejado en sucesos como la masacre de Acteal, la guarder\u00eda ABC, Ayotzinapa y muchos otros. La pl\u00e1tica de inauguraci\u00f3n finaliz\u00f3 haciendo un grito a la lucha y a la organizaci\u00f3n de todos los sectores, el magisterial, del sector salud y el pueblo mexicano. \u201cHay diferencias, pero todos queremos salud, justicia y democracia, y eso nos une\u201d.<\/p>\n<p><img loading=\"lazy\" decoding=\"async\" data-attachment-id=\"18394\" data-permalink=\"https:\/\/www.grieta.org.mx\/index.php\/2016\/07\/30\/el-arte-de-la-organizacion-para-hacer-posible-el-arte-de-la-solidaridad\/k3\/\" data-orig-file=\"https:\/\/www.grieta.org.mx\/wp-content\/uploads\/2016\/08\/k3.jpg\" data-orig-size=\"500,333\" data-comments-opened=\"0\" data-image-meta=\"{&quot;aperture&quot;:&quot;0&quot;,&quot;credit&quot;:&quot;&quot;,&quot;camera&quot;:&quot;&quot;,&quot;caption&quot;:&quot;&quot;,&quot;created_timestamp&quot;:&quot;0&quot;,&quot;copyright&quot;:&quot;&quot;,&quot;focal_length&quot;:&quot;0&quot;,&quot;iso&quot;:&quot;0&quot;,&quot;shutter_speed&quot;:&quot;0&quot;,&quot;title&quot;:&quot;&quot;,&quot;orientation&quot;:&quot;0&quot;}\" data-image-title=\"k3\" data-image-description=\"\" data-image-caption=\"\" data-medium-file=\"https:\/\/www.grieta.org.mx\/wp-content\/uploads\/2016\/08\/k3-300x200.jpg\" data-large-file=\"https:\/\/www.grieta.org.mx\/wp-content\/uploads\/2016\/08\/k3.jpg\" src=\"http:\/\/www.grieta.org.mx\/wp-content\/uploads\/2016\/08\/k3.jpg\" alt=\"k3\" width=\"500\" height=\"333\" class=\"aligncenter size-full wp-image-18394\" srcset=\"https:\/\/www.grieta.org.mx\/wp-content\/uploads\/2016\/08\/k3.jpg 500w, https:\/\/www.grieta.org.mx\/wp-content\/uploads\/2016\/08\/k3-300x200.jpg 300w\" sizes=\"auto, (max-width: 500px) 100vw, 500px\" \/><\/p>\n<p>El arte de la organizaci\u00f3n y de la solidaridad<\/p>\n<p>En el discurso de cierre, el Subcomandante Insurgente Mois\u00e9s invit\u00f3 a todos los asistentes a ir al resto de caracoles a disfrutar de l@s \u201cmiles de artistas\u201d que quedaban por ver, exclam\u00f3 con su habitual sentido de humor. Pero su mensaje se centr\u00f3 en hablar del significado del arte para l@s zapatistas, el arte de la solidaridad y el arte de la organizaci\u00f3n para hacer posible la solidaridad. Como ejemplo explic\u00f3 c\u00f3mo se hab\u00edan organizado mujeres y hombres zapatistas para poder alimentar a l@s maestr@s chiapanec@s de la CNTE que est\u00e1n en resistencia. En este trabajo colectivo es necesaria tambi\u00e9n el arte de las matem\u00e1ticas, del c\u00e1lculo. As\u00ed mismo, habl\u00f3 de la necesidad del arte para desarrollar la imaginaci\u00f3n. \u201cMujeres y hombres pobres del campo y la ciudad tienen la imaginaci\u00f3n para crear una nueva sociedad, pero falta organizarnos\u201d, exclam\u00f3.<\/p>\n<div data-carousel-extra='{&quot;blog_id&quot;:1,&quot;permalink&quot;:&quot;https:\/\/www.grieta.org.mx\/index.php\/2016\/07\/30\/el-arte-de-la-organizacion-para-hacer-posible-el-arte-de-la-solidaridad\/&quot;}' id='gallery-1' class='gallery galleryid-18391 gallery-columns-1 gallery-size-large'><figure class='gallery-item'>\n\t\t\t<div class='gallery-icon landscape'>\n\t\t\t\t<a href='https:\/\/www.grieta.org.mx\/index.php\/2016\/07\/30\/el-arte-de-la-organizacion-para-hacer-posible-el-arte-de-la-solidaridad\/c4-2\/'><img loading=\"lazy\" decoding=\"async\" width=\"500\" height=\"333\" src=\"https:\/\/www.grieta.org.mx\/wp-content\/uploads\/2016\/08\/c4.jpg\" class=\"attachment-large size-large\" alt=\"\" srcset=\"https:\/\/www.grieta.org.mx\/wp-content\/uploads\/2016\/08\/c4.jpg 500w, https:\/\/www.grieta.org.mx\/wp-content\/uploads\/2016\/08\/c4-300x200.jpg 300w\" sizes=\"auto, (max-width: 500px) 100vw, 500px\" data-attachment-id=\"18395\" data-permalink=\"https:\/\/www.grieta.org.mx\/index.php\/2016\/07\/30\/el-arte-de-la-organizacion-para-hacer-posible-el-arte-de-la-solidaridad\/c4-2\/\" data-orig-file=\"https:\/\/www.grieta.org.mx\/wp-content\/uploads\/2016\/08\/c4.jpg\" data-orig-size=\"500,333\" data-comments-opened=\"0\" data-image-meta=\"{&quot;aperture&quot;:&quot;0&quot;,&quot;credit&quot;:&quot;&quot;,&quot;camera&quot;:&quot;&quot;,&quot;caption&quot;:&quot;&quot;,&quot;created_timestamp&quot;:&quot;0&quot;,&quot;copyright&quot;:&quot;&quot;,&quot;focal_length&quot;:&quot;0&quot;,&quot;iso&quot;:&quot;0&quot;,&quot;shutter_speed&quot;:&quot;0&quot;,&quot;title&quot;:&quot;&quot;,&quot;orientation&quot;:&quot;0&quot;}\" data-image-title=\"c4\" data-image-description=\"\" data-image-caption=\"\" data-medium-file=\"https:\/\/www.grieta.org.mx\/wp-content\/uploads\/2016\/08\/c4-300x200.jpg\" data-large-file=\"https:\/\/www.grieta.org.mx\/wp-content\/uploads\/2016\/08\/c4.jpg\" \/><\/a>\n\t\t\t<\/div><\/figure><figure class='gallery-item'>\n\t\t\t<div class='gallery-icon portrait'>\n\t\t\t\t<a href='https:\/\/www.grieta.org.mx\/index.php\/2016\/07\/30\/el-arte-de-la-organizacion-para-hacer-posible-el-arte-de-la-solidaridad\/c5-2\/'><img loading=\"lazy\" decoding=\"async\" width=\"375\" height=\"500\" src=\"https:\/\/www.grieta.org.mx\/wp-content\/uploads\/2016\/08\/c5.jpg\" class=\"attachment-large size-large\" alt=\"\" srcset=\"https:\/\/www.grieta.org.mx\/wp-content\/uploads\/2016\/08\/c5.jpg 375w, https:\/\/www.grieta.org.mx\/wp-content\/uploads\/2016\/08\/c5-225x300.jpg 225w\" sizes=\"auto, (max-width: 375px) 100vw, 375px\" data-attachment-id=\"18396\" data-permalink=\"https:\/\/www.grieta.org.mx\/index.php\/2016\/07\/30\/el-arte-de-la-organizacion-para-hacer-posible-el-arte-de-la-solidaridad\/c5-2\/\" data-orig-file=\"https:\/\/www.grieta.org.mx\/wp-content\/uploads\/2016\/08\/c5.jpg\" data-orig-size=\"375,500\" data-comments-opened=\"0\" data-image-meta=\"{&quot;aperture&quot;:&quot;0&quot;,&quot;credit&quot;:&quot;&quot;,&quot;camera&quot;:&quot;&quot;,&quot;caption&quot;:&quot;&quot;,&quot;created_timestamp&quot;:&quot;0&quot;,&quot;copyright&quot;:&quot;&quot;,&quot;focal_length&quot;:&quot;0&quot;,&quot;iso&quot;:&quot;0&quot;,&quot;shutter_speed&quot;:&quot;0&quot;,&quot;title&quot;:&quot;&quot;,&quot;orientation&quot;:&quot;0&quot;}\" data-image-title=\"c5\" data-image-description=\"\" data-image-caption=\"\" data-medium-file=\"https:\/\/www.grieta.org.mx\/wp-content\/uploads\/2016\/08\/c5-225x300.jpg\" data-large-file=\"https:\/\/www.grieta.org.mx\/wp-content\/uploads\/2016\/08\/c5.jpg\" \/><\/a>\n\t\t\t<\/div><\/figure><figure class='gallery-item'>\n\t\t\t<div class='gallery-icon landscape'>\n\t\t\t\t<a href='https:\/\/www.grieta.org.mx\/index.php\/2016\/07\/30\/el-arte-de-la-organizacion-para-hacer-posible-el-arte-de-la-solidaridad\/c6-2\/'><img loading=\"lazy\" decoding=\"async\" width=\"500\" height=\"333\" src=\"https:\/\/www.grieta.org.mx\/wp-content\/uploads\/2016\/08\/c6.jpg\" class=\"attachment-large size-large\" alt=\"\" srcset=\"https:\/\/www.grieta.org.mx\/wp-content\/uploads\/2016\/08\/c6.jpg 500w, https:\/\/www.grieta.org.mx\/wp-content\/uploads\/2016\/08\/c6-300x200.jpg 300w\" sizes=\"auto, (max-width: 500px) 100vw, 500px\" data-attachment-id=\"18397\" data-permalink=\"https:\/\/www.grieta.org.mx\/index.php\/2016\/07\/30\/el-arte-de-la-organizacion-para-hacer-posible-el-arte-de-la-solidaridad\/c6-2\/\" data-orig-file=\"https:\/\/www.grieta.org.mx\/wp-content\/uploads\/2016\/08\/c6.jpg\" data-orig-size=\"500,333\" data-comments-opened=\"0\" data-image-meta=\"{&quot;aperture&quot;:&quot;0&quot;,&quot;credit&quot;:&quot;&quot;,&quot;camera&quot;:&quot;&quot;,&quot;caption&quot;:&quot;&quot;,&quot;created_timestamp&quot;:&quot;0&quot;,&quot;copyright&quot;:&quot;&quot;,&quot;focal_length&quot;:&quot;0&quot;,&quot;iso&quot;:&quot;0&quot;,&quot;shutter_speed&quot;:&quot;0&quot;,&quot;title&quot;:&quot;&quot;,&quot;orientation&quot;:&quot;0&quot;}\" data-image-title=\"c6\" data-image-description=\"\" data-image-caption=\"\" data-medium-file=\"https:\/\/www.grieta.org.mx\/wp-content\/uploads\/2016\/08\/c6-300x200.jpg\" data-large-file=\"https:\/\/www.grieta.org.mx\/wp-content\/uploads\/2016\/08\/c6.jpg\" \/><\/a>\n\t\t\t<\/div><\/figure><figure class='gallery-item'>\n\t\t\t<div class='gallery-icon landscape'>\n\t\t\t\t<a href='https:\/\/www.grieta.org.mx\/index.php\/2016\/07\/30\/el-arte-de-la-organizacion-para-hacer-posible-el-arte-de-la-solidaridad\/c7-2\/'><img loading=\"lazy\" decoding=\"async\" width=\"500\" height=\"333\" src=\"https:\/\/www.grieta.org.mx\/wp-content\/uploads\/2016\/08\/c7.jpg\" class=\"attachment-large size-large\" alt=\"\" srcset=\"https:\/\/www.grieta.org.mx\/wp-content\/uploads\/2016\/08\/c7.jpg 500w, https:\/\/www.grieta.org.mx\/wp-content\/uploads\/2016\/08\/c7-300x200.jpg 300w\" sizes=\"auto, (max-width: 500px) 100vw, 500px\" data-attachment-id=\"18398\" data-permalink=\"https:\/\/www.grieta.org.mx\/index.php\/2016\/07\/30\/el-arte-de-la-organizacion-para-hacer-posible-el-arte-de-la-solidaridad\/c7-2\/\" data-orig-file=\"https:\/\/www.grieta.org.mx\/wp-content\/uploads\/2016\/08\/c7.jpg\" data-orig-size=\"500,333\" data-comments-opened=\"0\" data-image-meta=\"{&quot;aperture&quot;:&quot;0&quot;,&quot;credit&quot;:&quot;&quot;,&quot;camera&quot;:&quot;&quot;,&quot;caption&quot;:&quot;&quot;,&quot;created_timestamp&quot;:&quot;0&quot;,&quot;copyright&quot;:&quot;&quot;,&quot;focal_length&quot;:&quot;0&quot;,&quot;iso&quot;:&quot;0&quot;,&quot;shutter_speed&quot;:&quot;0&quot;,&quot;title&quot;:&quot;&quot;,&quot;orientation&quot;:&quot;0&quot;}\" data-image-title=\"c7\" data-image-description=\"\" data-image-caption=\"\" data-medium-file=\"https:\/\/www.grieta.org.mx\/wp-content\/uploads\/2016\/08\/c7-300x200.jpg\" data-large-file=\"https:\/\/www.grieta.org.mx\/wp-content\/uploads\/2016\/08\/c7.jpg\" \/><\/a>\n\t\t\t<\/div><\/figure><figure class='gallery-item'>\n\t\t\t<div class='gallery-icon landscape'>\n\t\t\t\t<a href='https:\/\/www.grieta.org.mx\/index.php\/2016\/07\/30\/el-arte-de-la-organizacion-para-hacer-posible-el-arte-de-la-solidaridad\/c8-2\/'><img loading=\"lazy\" decoding=\"async\" width=\"500\" height=\"333\" src=\"https:\/\/www.grieta.org.mx\/wp-content\/uploads\/2016\/08\/c8.jpg\" class=\"attachment-large size-large\" alt=\"\" srcset=\"https:\/\/www.grieta.org.mx\/wp-content\/uploads\/2016\/08\/c8.jpg 500w, https:\/\/www.grieta.org.mx\/wp-content\/uploads\/2016\/08\/c8-300x200.jpg 300w\" sizes=\"auto, (max-width: 500px) 100vw, 500px\" data-attachment-id=\"18399\" data-permalink=\"https:\/\/www.grieta.org.mx\/index.php\/2016\/07\/30\/el-arte-de-la-organizacion-para-hacer-posible-el-arte-de-la-solidaridad\/c8-2\/\" data-orig-file=\"https:\/\/www.grieta.org.mx\/wp-content\/uploads\/2016\/08\/c8.jpg\" data-orig-size=\"500,333\" data-comments-opened=\"0\" data-image-meta=\"{&quot;aperture&quot;:&quot;0&quot;,&quot;credit&quot;:&quot;&quot;,&quot;camera&quot;:&quot;&quot;,&quot;caption&quot;:&quot;&quot;,&quot;created_timestamp&quot;:&quot;0&quot;,&quot;copyright&quot;:&quot;&quot;,&quot;focal_length&quot;:&quot;0&quot;,&quot;iso&quot;:&quot;0&quot;,&quot;shutter_speed&quot;:&quot;0&quot;,&quot;title&quot;:&quot;&quot;,&quot;orientation&quot;:&quot;0&quot;}\" data-image-title=\"c8\" data-image-description=\"\" data-image-caption=\"\" data-medium-file=\"https:\/\/www.grieta.org.mx\/wp-content\/uploads\/2016\/08\/c8-300x200.jpg\" data-large-file=\"https:\/\/www.grieta.org.mx\/wp-content\/uploads\/2016\/08\/c8.jpg\" \/><\/a>\n\t\t\t<\/div><\/figure><figure class='gallery-item'>\n\t\t\t<div class='gallery-icon landscape'>\n\t\t\t\t<a href='https:\/\/www.grieta.org.mx\/index.php\/2016\/07\/30\/el-arte-de-la-organizacion-para-hacer-posible-el-arte-de-la-solidaridad\/c9\/'><img loading=\"lazy\" decoding=\"async\" width=\"500\" height=\"333\" src=\"https:\/\/www.grieta.org.mx\/wp-content\/uploads\/2016\/08\/c9.jpg\" class=\"attachment-large size-large\" alt=\"\" srcset=\"https:\/\/www.grieta.org.mx\/wp-content\/uploads\/2016\/08\/c9.jpg 500w, https:\/\/www.grieta.org.mx\/wp-content\/uploads\/2016\/08\/c9-300x200.jpg 300w\" sizes=\"auto, (max-width: 500px) 100vw, 500px\" data-attachment-id=\"18400\" data-permalink=\"https:\/\/www.grieta.org.mx\/index.php\/2016\/07\/30\/el-arte-de-la-organizacion-para-hacer-posible-el-arte-de-la-solidaridad\/c9\/\" data-orig-file=\"https:\/\/www.grieta.org.mx\/wp-content\/uploads\/2016\/08\/c9.jpg\" data-orig-size=\"500,333\" data-comments-opened=\"0\" data-image-meta=\"{&quot;aperture&quot;:&quot;0&quot;,&quot;credit&quot;:&quot;&quot;,&quot;camera&quot;:&quot;&quot;,&quot;caption&quot;:&quot;&quot;,&quot;created_timestamp&quot;:&quot;0&quot;,&quot;copyright&quot;:&quot;&quot;,&quot;focal_length&quot;:&quot;0&quot;,&quot;iso&quot;:&quot;0&quot;,&quot;shutter_speed&quot;:&quot;0&quot;,&quot;title&quot;:&quot;&quot;,&quot;orientation&quot;:&quot;0&quot;}\" data-image-title=\"c9\" data-image-description=\"\" data-image-caption=\"\" data-medium-file=\"https:\/\/www.grieta.org.mx\/wp-content\/uploads\/2016\/08\/c9-300x200.jpg\" data-large-file=\"https:\/\/www.grieta.org.mx\/wp-content\/uploads\/2016\/08\/c9.jpg\" \/><\/a>\n\t\t\t<\/div><\/figure>\n\t\t<\/div>\n\n<p><a href=\"http:\/\/komanilel.org\/2016\/07\/30\/el-arte-de-la-organizacion-para-hacer-posible-el-arte-la-solidaridad\/\" target=\"_blank\">http:\/\/komanilel.org\/2016\/07\/30\/el-arte-de-la-organizacion-para-hacer-posible-el-arte-la-solidaridad\/<\/a><\/p>\n","protected":false},"excerpt":{"rendered":"<p>Koman Ilel. San Crist\u00f3bal de Las Casas, Chiapas. 30 de julio 2016. El arte se instala en Oventic Si las m\u00faltiples manifestaciones art\u00edsticas a lo largo de la semana en &hellip; <a href=\"https:\/\/www.grieta.org.mx\/index.php\/2016\/07\/30\/el-arte-de-la-organizacion-para-hacer-posible-el-arte-de-la-solidaridad\/\" class=\"more-link\">Leer m\u00e1s<\/a><\/p>\n","protected":false},"author":2,"featured_media":21928,"comment_status":"closed","ping_status":"closed","sticky":false,"template":"","format":"standard","meta":{"ngg_post_thumbnail":0,"_jetpack_newsletter_access":"","_jetpack_dont_email_post_to_subs":false,"_jetpack_newsletter_tier_id":0,"_jetpack_memberships_contains_paywalled_content":false,"_jetpack_memberships_contains_paid_content":false,"footnotes":""},"categories":[80,817],"tags":[818],"class_list":["post-18391","post","type-post","status-publish","format-standard","has-post-thumbnail","hentry","category-cintillo","category-festival-comparte-por-la-humanidad","tag-festival-comparte","entry"],"jetpack_featured_media_url":"https:\/\/www.grieta.org.mx\/wp-content\/uploads\/2018\/03\/14524434_1106112876131411_958039263622046936_o.jpg","jetpack_sharing_enabled":true,"jetpack_shortlink":"https:\/\/wp.me\/p7ZJR4-4MD","jetpack_likes_enabled":false,"jetpack-related-posts":[{"id":19548,"url":"https:\/\/www.grieta.org.mx\/index.php\/2016\/08\/12\/festival-comparte-caracol-zapatista-roberto-barrios\/","url_meta":{"origin":18391,"position":0},"title":"Festival CompArte, Caracol zapatista Roberto Barrios.","author":"grieta","date":"12 agosto, 2016","format":false,"excerpt":"POZOL COLECTIVO Palenque Chiapas. 12 de agosto. Caracol de Roberto Barrios. Artistas base de apoyo zapatistas del festival CompArte y artistas de la sexta nacional e internacional, al ritmo de las voces, el tambor, la jarana, la guitarra y los aplausos, comenzaron a expresar su Arte, su historia, su autonom\u00eda,\u2026","rel":"","context":"En &quot;CINTILLO&quot;","block_context":{"text":"CINTILLO","link":"https:\/\/www.grieta.org.mx\/index.php\/category\/cintillo\/"},"img":{"alt_text":"","src":"https:\/\/i0.wp.com\/www.grieta.org.mx\/wp-content\/uploads\/2018\/03\/14524434_1106112876131411_958039263622046936_o.jpg?resize=350%2C200&ssl=1","width":350,"height":200,"srcset":"https:\/\/i0.wp.com\/www.grieta.org.mx\/wp-content\/uploads\/2018\/03\/14524434_1106112876131411_958039263622046936_o.jpg?resize=350%2C200&ssl=1 1x, https:\/\/i0.wp.com\/www.grieta.org.mx\/wp-content\/uploads\/2018\/03\/14524434_1106112876131411_958039263622046936_o.jpg?resize=525%2C300&ssl=1 1.5x, https:\/\/i0.wp.com\/www.grieta.org.mx\/wp-content\/uploads\/2018\/03\/14524434_1106112876131411_958039263622046936_o.jpg?resize=700%2C400&ssl=1 2x"},"classes":[]},{"id":18719,"url":"https:\/\/www.grieta.org.mx\/index.php\/2016\/08\/01\/festival-comparte-de-los-altos-de-chiapas-a-los-caracoles\/","url_meta":{"origin":18391,"position":1},"title":"Festival #CompArte, de los Altos de Chiapas a los #Caracoles","author":"grieta","date":"1 agosto, 2016","format":false,"excerpt":"Koman Ilel El Festival CompArte por la Humanidad, convocado por loas zapatistas, finaliz\u00f3 el s\u00e1bado 30 de julio en los Altos de Chiapas, para continuar en los caracoles de La Realidad, La Garrucha, Morelia y Roberto Barrios durante las pr\u00f3ximas dos semanas. Como bien explic\u00f3 la comandancia del EZLN en\u2026","rel":"","context":"En &quot;CINTILLO&quot;","block_context":{"text":"CINTILLO","link":"https:\/\/www.grieta.org.mx\/index.php\/category\/cintillo\/"},"img":{"alt_text":"","src":"https:\/\/i0.wp.com\/www.grieta.org.mx\/wp-content\/uploads\/2018\/03\/14524434_1106112876131411_958039263622046936_o.jpg?resize=350%2C200&ssl=1","width":350,"height":200,"srcset":"https:\/\/i0.wp.com\/www.grieta.org.mx\/wp-content\/uploads\/2018\/03\/14524434_1106112876131411_958039263622046936_o.jpg?resize=350%2C200&ssl=1 1x, https:\/\/i0.wp.com\/www.grieta.org.mx\/wp-content\/uploads\/2018\/03\/14524434_1106112876131411_958039263622046936_o.jpg?resize=525%2C300&ssl=1 1.5x, https:\/\/i0.wp.com\/www.grieta.org.mx\/wp-content\/uploads\/2018\/03\/14524434_1106112876131411_958039263622046936_o.jpg?resize=700%2C400&ssl=1 2x"},"classes":[]},{"id":3472,"url":"https:\/\/www.grieta.org.mx\/index.php\/2016\/02\/29\/convocatoria-zapatista-a-actividades-2016\/","url_meta":{"origin":18391,"position":2},"title":"CONVOCATORIA ZAPATISTA A ACTIVIDADES 2016","author":"grieta","date":"29 febrero, 2016","format":false,"excerpt":"EJ\u00c9RCITO ZAPATISTA DE LIBERACI\u00d3N NACIONAL. M\u00c9XICO. CONVOCATORIA ZAPATISTA A ACTIVIDADES 2016. 29 de febrero del 2016. Considerando: Primero: Que la grave crisis que sacude al mundo entero y que habr\u00e1 de agudizarse, pone en riesgo la supervivencia del planeta y todo lo que lo puebla, incluyendo a los seres humanos.\u2026","rel":"","context":"En &quot;Comunicados&quot;","block_context":{"text":"Comunicados","link":"https:\/\/www.grieta.org.mx\/index.php\/category\/ezln-2\/ezln\/"},"img":{"alt_text":"","src":"https:\/\/i0.wp.com\/www.grieta.org.mx\/wp-content\/uploads\/2018\/03\/14524434_1106112876131411_958039263622046936_o.jpg?resize=350%2C200&ssl=1","width":350,"height":200,"srcset":"https:\/\/i0.wp.com\/www.grieta.org.mx\/wp-content\/uploads\/2018\/03\/14524434_1106112876131411_958039263622046936_o.jpg?resize=350%2C200&ssl=1 1x, https:\/\/i0.wp.com\/www.grieta.org.mx\/wp-content\/uploads\/2018\/03\/14524434_1106112876131411_958039263622046936_o.jpg?resize=525%2C300&ssl=1 1.5x, https:\/\/i0.wp.com\/www.grieta.org.mx\/wp-content\/uploads\/2018\/03\/14524434_1106112876131411_958039263622046936_o.jpg?resize=700%2C400&ssl=1 2x"},"classes":[]},{"id":18867,"url":"https:\/\/www.grieta.org.mx\/index.php\/2016\/08\/04\/festival-comparte-en-el-caracol-zapatista-de-la-realidad-chiapas\/","url_meta":{"origin":18391,"position":3},"title":"Festival CompArte en el caracol zapatista de La Realidad, Chiapas","author":"grieta","date":"4 agosto, 2016","format":false,"excerpt":"Pozol Chiapas, M\u00e9xico. 4 de agosto. El festival compArte por la humanidad contin\u00faa, esta vez la sede fue el caracol I \u201cMadre de los caracoles del mar de nuestros sue\u00f1os\u201d. Bases de apoyo del EZLN de las diferentes comunidades aut\u00f3nomas que conforman la zona, a trav\u00e9s de sus obras de\u2026","rel":"","context":"En &quot;CINTILLO&quot;","block_context":{"text":"CINTILLO","link":"https:\/\/www.grieta.org.mx\/index.php\/category\/cintillo\/"},"img":{"alt_text":"","src":"https:\/\/i0.wp.com\/www.grieta.org.mx\/wp-content\/uploads\/2018\/03\/14524434_1106112876131411_958039263622046936_o.jpg?resize=350%2C200&ssl=1","width":350,"height":200,"srcset":"https:\/\/i0.wp.com\/www.grieta.org.mx\/wp-content\/uploads\/2018\/03\/14524434_1106112876131411_958039263622046936_o.jpg?resize=350%2C200&ssl=1 1x, https:\/\/i0.wp.com\/www.grieta.org.mx\/wp-content\/uploads\/2018\/03\/14524434_1106112876131411_958039263622046936_o.jpg?resize=525%2C300&ssl=1 1.5x, https:\/\/i0.wp.com\/www.grieta.org.mx\/wp-content\/uploads\/2018\/03\/14524434_1106112876131411_958039263622046936_o.jpg?resize=700%2C400&ssl=1 2x"},"classes":[]},{"id":18735,"url":"https:\/\/www.grieta.org.mx\/index.php\/2016\/07\/30\/finaliza-el-festival-comparte-por-la-humanidad-en-cideci-unitierra-continua-ahora-en-los-caracoles-zapatistas\/","url_meta":{"origin":18391,"position":4},"title":"Finaliza el Festival \u201ccompARTE por la Humanidad\u201d en CIDECI-Unitierra. Contin\u00faa ahora en los caracoles zapatistas.","author":"grieta","date":"30 julio, 2016","format":false,"excerpt":"Sabado 30 de julio.- Radio Zapatista. Jovel-San Crist\u00f3bal de Las Casas, Chiapas. Finaliza el Festival \u201ccompARTE por la Humanidad\u201d en CIDECI-Unitierra, con mucha alegr\u00eda, fiesta, colores y sabores se da por terminado el festival compArte en lo que corresponde a la sede del CIDECI, ya que la fiesta, creatividad, arte\u2026","rel":"","context":"En &quot;CINTILLO&quot;","block_context":{"text":"CINTILLO","link":"https:\/\/www.grieta.org.mx\/index.php\/category\/cintillo\/"},"img":{"alt_text":"","src":"https:\/\/i0.wp.com\/www.grieta.org.mx\/wp-content\/uploads\/2018\/03\/14524434_1106112876131411_958039263622046936_o.jpg?resize=350%2C200&ssl=1","width":350,"height":200,"srcset":"https:\/\/i0.wp.com\/www.grieta.org.mx\/wp-content\/uploads\/2018\/03\/14524434_1106112876131411_958039263622046936_o.jpg?resize=350%2C200&ssl=1 1x, https:\/\/i0.wp.com\/www.grieta.org.mx\/wp-content\/uploads\/2018\/03\/14524434_1106112876131411_958039263622046936_o.jpg?resize=525%2C300&ssl=1 1.5x, https:\/\/i0.wp.com\/www.grieta.org.mx\/wp-content\/uploads\/2018\/03\/14524434_1106112876131411_958039263622046936_o.jpg?resize=700%2C400&ssl=1 2x"},"classes":[]},{"id":42501,"url":"https:\/\/www.grieta.org.mx\/index.php\/2019\/12\/10\/sensibilidad-zapatista-arte-para-que-y-para-quien\/","url_meta":{"origin":18391,"position":5},"title":"Sensibilidad zapatista: \u00bfArte para qu\u00e9 y para qui\u00e9n?","author":"grieta","date":"10 diciembre, 2019","format":false,"excerpt":"Representaci\u00f3n de la defensa de la Tierra en el compArte 2017. Daliri Oropeza \/ Pie de P\u00e1gina El EZLN convoca actividades todo diciembre y arrancan con un festival de cine y otro de danza. El zapatismo teje redes de conocimiento mostrando el modo en que viven la autonom\u00eda a trav\u00e9s\u2026","rel":"","context":"En &quot;CINTILLO&quot;","block_context":{"text":"CINTILLO","link":"https:\/\/www.grieta.org.mx\/index.php\/category\/cintillo\/"},"img":{"alt_text":"","src":"https:\/\/i0.wp.com\/www.grieta.org.mx\/wp-content\/uploads\/2019\/12\/Sensibilidad-zapatista-Arte-para-qu%C3%A9-y-para-qui%C3%A9n.jpg?resize=350%2C200&ssl=1","width":350,"height":200,"srcset":"https:\/\/i0.wp.com\/www.grieta.org.mx\/wp-content\/uploads\/2019\/12\/Sensibilidad-zapatista-Arte-para-qu%C3%A9-y-para-qui%C3%A9n.jpg?resize=350%2C200&ssl=1 1x, https:\/\/i0.wp.com\/www.grieta.org.mx\/wp-content\/uploads\/2019\/12\/Sensibilidad-zapatista-Arte-para-qu%C3%A9-y-para-qui%C3%A9n.jpg?resize=525%2C300&ssl=1 1.5x"},"classes":[]}],"_links":{"self":[{"href":"https:\/\/www.grieta.org.mx\/index.php\/wp-json\/wp\/v2\/posts\/18391","targetHints":{"allow":["GET"]}}],"collection":[{"href":"https:\/\/www.grieta.org.mx\/index.php\/wp-json\/wp\/v2\/posts"}],"about":[{"href":"https:\/\/www.grieta.org.mx\/index.php\/wp-json\/wp\/v2\/types\/post"}],"author":[{"embeddable":true,"href":"https:\/\/www.grieta.org.mx\/index.php\/wp-json\/wp\/v2\/users\/2"}],"replies":[{"embeddable":true,"href":"https:\/\/www.grieta.org.mx\/index.php\/wp-json\/wp\/v2\/comments?post=18391"}],"version-history":[{"count":1,"href":"https:\/\/www.grieta.org.mx\/index.php\/wp-json\/wp\/v2\/posts\/18391\/revisions"}],"predecessor-version":[{"id":18401,"href":"https:\/\/www.grieta.org.mx\/index.php\/wp-json\/wp\/v2\/posts\/18391\/revisions\/18401"}],"wp:featuredmedia":[{"embeddable":true,"href":"https:\/\/www.grieta.org.mx\/index.php\/wp-json\/wp\/v2\/media\/21928"}],"wp:attachment":[{"href":"https:\/\/www.grieta.org.mx\/index.php\/wp-json\/wp\/v2\/media?parent=18391"}],"wp:term":[{"taxonomy":"category","embeddable":true,"href":"https:\/\/www.grieta.org.mx\/index.php\/wp-json\/wp\/v2\/categories?post=18391"},{"taxonomy":"post_tag","embeddable":true,"href":"https:\/\/www.grieta.org.mx\/index.php\/wp-json\/wp\/v2\/tags?post=18391"}],"curies":[{"name":"wp","href":"https:\/\/api.w.org\/{rel}","templated":true}]}}