{"id":18380,"date":"2016-07-29T23:54:01","date_gmt":"2016-07-30T04:54:01","guid":{"rendered":"http:\/\/www.grieta.org.mx\/?p=18380"},"modified":"2016-08-01T10:26:08","modified_gmt":"2016-08-01T15:26:08","slug":"habitantes-de-la-sierra-claman-por-ayuda-al-ejercito-sinaloa","status":"publish","type":"post","link":"https:\/\/www.grieta.org.mx\/index.php\/2016\/07\/29\/habitantes-de-la-sierra-claman-por-ayuda-al-ejercito-sinaloa\/","title":{"rendered":"Habitantes de la sierra claman por ayuda al Ej\u00e9rcito (SINALOA)"},"content":{"rendered":"<p>Lidia Liz\u00e1rraga, Sinaloa.<\/p>\n<p>Sinaloa.- Los habitantes de la sierra, ubicados en los municipios de Concordia, Rosario y Escuinapa son quienes m\u00e1s han solicitado al Ej\u00e9rcito el apoyo para salir de sus comunidades debido a la inseguridad que se vive en los pueblos,  reconoci\u00f3 el comandante de la Tercera Regi\u00f3n Militar, Alfonso Duarte M\u00fajica.<\/p>\n<p>Expres\u00f3 que en este a\u00f1o se han realizado alrededor de 15 servicios.<br \/>\nEstos servicios consisten en escoltar a familias para sacarlas de sus casas, muebles, art\u00edculos o ganado para ubicarlos en un sitio que no est\u00e9n en riesgo.<br \/>\nSin embargo, dijo, han observado que al sentirlos desplazados de la zona serrana de los municipios citados, el riesgo para vivir en su comunidad disminuye, pues los pobladores regresan por su voluntad a sus viviendas.<br \/>\nAclar\u00f3 que Badiraguato no ha solicitado el apoyo para desplazarse a sitios seguros, pero los elementos del Ej\u00e9rcito se encuentran en el municipio de manera permanente realizando operativos de vigilancia.<\/p>\n<p>OPERATIVOS<br \/>\nEl comandante de la Tercera Regi\u00f3n Militar indic\u00f3 que en lo que va del a\u00f1o, en la regi\u00f3n se han localizado y asegurado 62 narcolaboratorios por el Ej\u00e9rcito y estos se han puesto a disposici\u00f3n de la PGR. El a\u00f1o pasado se aseguraron 101 narcolaboratorios.<br \/>\nAl asegurar estos laboratorios para el procesamiento de enervantes, se est\u00e1 afectando seriamente la base de financiamiento del crimen organizado, asegur\u00f3.<br \/>\nEn relaci\u00f3n a los hechos violentos recientes que se han registrado en la zona sur de Sinaloa, precis\u00f3 que se han realizado diversos operativos en conjunto con los elementos de la Secretar\u00eda de Marina.Durante los operativos en esta zona se han realizado actividades espec\u00edficas como el aseguramiento de veh\u00edculos robados, asent\u00f3 Duarte M\u00fajica.<\/p>\n<p><a href=\"http:\/\/www.debate.com.mx\/mazatlan\/Habitantes-de-la-sierra-claman-por-ayuda-al-Ejercito-20160729-0123.html\" target=\"_blank\">http:\/\/www.debate.com.mx\/mazatlan\/Habitantes-de-la-sierra-claman-por-ayuda-al-Ejercito-20160729-0123.html<\/a><\/p>\n","protected":false},"excerpt":{"rendered":"<p>Lidia Liz\u00e1rraga, Sinaloa. Sinaloa.- Los habitantes de la sierra, ubicados en los municipios de Concordia, Rosario y Escuinapa son quienes m\u00e1s han solicitado al Ej\u00e9rcito el apoyo para salir de &hellip; <a href=\"https:\/\/www.grieta.org.mx\/index.php\/2016\/07\/29\/habitantes-de-la-sierra-claman-por-ayuda-al-ejercito-sinaloa\/\" class=\"more-link\">Leer m\u00e1s<\/a><\/p>\n","protected":false},"author":2,"featured_media":21928,"comment_status":"closed","ping_status":"closed","sticky":false,"template":"","format":"standard","meta":{"ngg_post_thumbnail":0,"_jetpack_newsletter_access":"","_jetpack_dont_email_post_to_subs":false,"_jetpack_newsletter_tier_id":0,"_jetpack_memberships_contains_paywalled_content":false,"_jetpack_memberships_contains_paid_content":false,"footnotes":""},"categories":[80,164],"tags":[749,174,232,746],"class_list":["post-18380","post","type-post","status-publish","format-standard","has-post-thumbnail","hentry","category-cintillo","category-sinaloa","tag-deplazados-por-violencia","tag-derechos-humanos","tag-desplazados","tag-violencia","entry"],"jetpack_featured_media_url":"https:\/\/www.grieta.org.mx\/wp-content\/uploads\/2018\/03\/14524434_1106112876131411_958039263622046936_o.jpg","jetpack_sharing_enabled":true,"jetpack_shortlink":"https:\/\/wp.me\/p7ZJR4-4Ms","jetpack_likes_enabled":false,"jetpack-related-posts":[{"id":15505,"url":"https:\/\/www.grieta.org.mx\/index.php\/2016\/08\/14\/desplazados-por-violencia-en-sinaloa\/","url_meta":{"origin":18380,"position":0},"title":"Desplazados por violencia en Sinaloa","author":"grieta","date":"14 agosto, 2016","format":false,"excerpt":"14\/08\/16. Desplazados viven en la ciudad con incertidumbre (Sinaloa) El Debate 29\/07\/16. Violencia expulsa de sus estados a m\u00e1s de 281 mil El Financiero 29\/07\/16. Habitantes de la sierra claman por ayuda al Ej\u00e9rcito El Debate 13\/07\/16. Los desplazados de la zona serrana de Sinaloa claman por ayuda El Pa\u00eds\u2026","rel":"","context":"En &quot;NOTICIAS NACIONALES&quot;","block_context":{"text":"NOTICIAS NACIONALES","link":"https:\/\/www.grieta.org.mx\/index.php\/category\/noticias-nacionales\/"},"img":{"alt_text":"","src":"https:\/\/i0.wp.com\/www.grieta.org.mx\/wp-content\/uploads\/2018\/03\/14524434_1106112876131411_958039263622046936_o.jpg?resize=350%2C200&ssl=1","width":350,"height":200,"srcset":"https:\/\/i0.wp.com\/www.grieta.org.mx\/wp-content\/uploads\/2018\/03\/14524434_1106112876131411_958039263622046936_o.jpg?resize=350%2C200&ssl=1 1x, https:\/\/i0.wp.com\/www.grieta.org.mx\/wp-content\/uploads\/2018\/03\/14524434_1106112876131411_958039263622046936_o.jpg?resize=525%2C300&ssl=1 1.5x, https:\/\/i0.wp.com\/www.grieta.org.mx\/wp-content\/uploads\/2018\/03\/14524434_1106112876131411_958039263622046936_o.jpg?resize=700%2C400&ssl=1 2x"},"classes":[]},{"id":31640,"url":"https:\/\/www.grieta.org.mx\/index.php\/2019\/04\/02\/por-inseguridad-familias-de-la-sierra-de-rosario-abandonan-sus-hogares-sinaloa\/","url_meta":{"origin":18380,"position":1},"title":"Por inseguridad, familias de la sierra de Rosario abandonan sus hogares (Sinaloa)","author":"grieta","date":"2 abril, 2019","format":false,"excerpt":"Jes\u00fas L\u00f3pez \/ El Sol de Mazatl\u00e1n Rosario, Sin. -\u00a0Ha consecuencias de los\u00a0hechos violentos\u00a0que se han registrado en los \u00faltimos d\u00edas en los cuales han perdido cuatro personas, m\u00e1s de\u00a020 familias de las comunidades\u00a0de la zona serrana del\u00a0municipio\u00a0abandonaron sus hogares esto lo confirm\u00f3 Abd\u00f3n Caravantes Hern\u00e1ndez, director de\u00a0Seguridad P\u00fablica y\u2026","rel":"","context":"En &quot;CINTILLO&quot;","block_context":{"text":"CINTILLO","link":"https:\/\/www.grieta.org.mx\/index.php\/category\/cintillo\/"},"img":{"alt_text":"","src":"https:\/\/i0.wp.com\/www.grieta.org.mx\/wp-content\/uploads\/2018\/03\/14524434_1106112876131411_958039263622046936_o.jpg?resize=350%2C200&ssl=1","width":350,"height":200,"srcset":"https:\/\/i0.wp.com\/www.grieta.org.mx\/wp-content\/uploads\/2018\/03\/14524434_1106112876131411_958039263622046936_o.jpg?resize=350%2C200&ssl=1 1x, https:\/\/i0.wp.com\/www.grieta.org.mx\/wp-content\/uploads\/2018\/03\/14524434_1106112876131411_958039263622046936_o.jpg?resize=525%2C300&ssl=1 1.5x, https:\/\/i0.wp.com\/www.grieta.org.mx\/wp-content\/uploads\/2018\/03\/14524434_1106112876131411_958039263622046936_o.jpg?resize=700%2C400&ssl=1 2x"},"classes":[]},{"id":33915,"url":"https:\/\/www.grieta.org.mx\/index.php\/2019\/05\/19\/la-hambruna-golpea-fuertemente-a-indigenas-de-la-sierra-de-sinaloa\/","url_meta":{"origin":18380,"position":2},"title":"La hambruna golpea fuertemente a ind\u00edgenas de la sierra de Sinaloa","author":"grieta","date":"19 mayo, 2019","format":false,"excerpt":"La situaci\u00f3n que viven obliga a habitantes de comunidades como Lajitas y Todo Esto a bajar de la monta\u00f1a Karen Rubio \/ El Debate Guasave, Sinaloa.-\u00a0Desde la semana pasada decenas de ind\u00edgenas que habitan en comunidades serranas del municipio Sinaloa han estado bajando a la cabecera municipal pues la falta\u2026","rel":"","context":"En &quot;CINTILLO&quot;","block_context":{"text":"CINTILLO","link":"https:\/\/www.grieta.org.mx\/index.php\/category\/cintillo\/"},"img":{"alt_text":"","src":"https:\/\/i0.wp.com\/www.grieta.org.mx\/wp-content\/uploads\/2019\/05\/la-hambruna-golpea-fuertemente_crop1558292080075.jpg_219914347.jpg?resize=350%2C200&ssl=1","width":350,"height":200,"srcset":"https:\/\/i0.wp.com\/www.grieta.org.mx\/wp-content\/uploads\/2019\/05\/la-hambruna-golpea-fuertemente_crop1558292080075.jpg_219914347.jpg?resize=350%2C200&ssl=1 1x, https:\/\/i0.wp.com\/www.grieta.org.mx\/wp-content\/uploads\/2019\/05\/la-hambruna-golpea-fuertemente_crop1558292080075.jpg_219914347.jpg?resize=525%2C300&ssl=1 1.5x, https:\/\/i0.wp.com\/www.grieta.org.mx\/wp-content\/uploads\/2019\/05\/la-hambruna-golpea-fuertemente_crop1558292080075.jpg_219914347.jpg?resize=700%2C400&ssl=1 2x"},"classes":[]},{"id":19650,"url":"https:\/\/www.grieta.org.mx\/index.php\/2016\/06\/22\/acusan-simulacion-en-atencion-a-desplazados-en-sinaloa\/","url_meta":{"origin":18380,"position":3},"title":"Acusan simulaci\u00f3n en atenci\u00f3n a desplazados en Sinaloa","author":"grieta","date":"22 junio, 2016","format":false,"excerpt":"Marcos Vizcarra En Sinaloa, ninguna de las personas despazadas tiene la certeza de que pueden volver a sus pueblos, asegur\u00f3 Esperanza Hern\u00e1ndez Lugo, al asegurar que el Gobierno del Estado s\u00f3lo ha simulado la atenci\u00f3n ante los m\u00e1s de los 33 mil 770 personas que dejaron sus hogares por la\u2026","rel":"","context":"En &quot;CINTILLO&quot;","block_context":{"text":"CINTILLO","link":"https:\/\/www.grieta.org.mx\/index.php\/category\/cintillo\/"},"img":{"alt_text":"","src":"https:\/\/i0.wp.com\/www.grieta.org.mx\/wp-content\/uploads\/2018\/03\/14524434_1106112876131411_958039263622046936_o.jpg?resize=350%2C200&ssl=1","width":350,"height":200,"srcset":"https:\/\/i0.wp.com\/www.grieta.org.mx\/wp-content\/uploads\/2018\/03\/14524434_1106112876131411_958039263622046936_o.jpg?resize=350%2C200&ssl=1 1x, https:\/\/i0.wp.com\/www.grieta.org.mx\/wp-content\/uploads\/2018\/03\/14524434_1106112876131411_958039263622046936_o.jpg?resize=525%2C300&ssl=1 1.5x, https:\/\/i0.wp.com\/www.grieta.org.mx\/wp-content\/uploads\/2018\/03\/14524434_1106112876131411_958039263622046936_o.jpg?resize=700%2C400&ssl=1 2x"},"classes":[]},{"id":43637,"url":"https:\/\/www.grieta.org.mx\/index.php\/2020\/01\/23\/desplazados-desmienten-a-autoridades-persiste-violencia-en-sierra-del-sur-de-sinaloa\/","url_meta":{"origin":18380,"position":4},"title":"Desplazados desmienten a autoridades: \u2018Persiste violencia en sierra del sur de Sinaloa\u2019","author":"grieta","date":"23 enero, 2020","format":false,"excerpt":"Ricardo Rojas\/L\u00ednea Directa \u00a0 Las familias desplazadas aseguran que es falso lo que han dicho algunas autoridades, como el alcalde de Concordia, respecto a que se ha tranquilizado la situaci\u00f3n en dicha regi\u00f3n El desplazamiento forzado por la violencia est\u00e1 fuerte a\u00fan y es mentira que las familias puedan volver\u2026","rel":"","context":"En &quot;CINTILLO&quot;","block_context":{"text":"CINTILLO","link":"https:\/\/www.grieta.org.mx\/index.php\/category\/cintillo\/"},"img":{"alt_text":"","src":"https:\/\/i0.wp.com\/www.grieta.org.mx\/wp-content\/uploads\/2020\/01\/DESPLAZADOS-11-1024x459.jpg?resize=350%2C200&ssl=1","width":350,"height":200,"srcset":"https:\/\/i0.wp.com\/www.grieta.org.mx\/wp-content\/uploads\/2020\/01\/DESPLAZADOS-11-1024x459.jpg?resize=350%2C200&ssl=1 1x, https:\/\/i0.wp.com\/www.grieta.org.mx\/wp-content\/uploads\/2020\/01\/DESPLAZADOS-11-1024x459.jpg?resize=525%2C300&ssl=1 1.5x, https:\/\/i0.wp.com\/www.grieta.org.mx\/wp-content\/uploads\/2020\/01\/DESPLAZADOS-11-1024x459.jpg?resize=700%2C400&ssl=1 2x"},"classes":[]},{"id":16398,"url":"https:\/\/www.grieta.org.mx\/index.php\/2016\/07\/07\/elementos-de-elite-del-ejercito-marina-y-pf-refuerzan-seguridad-en-sierra-de-badiraguato-sin\/","url_meta":{"origin":18380,"position":5},"title":"Elementos de \u00e9lite del Ej\u00e9rcito, Marina y PF refuerzan seguridad en sierra de Badiraguato (SIN)","author":"grieta","date":"7 julio, 2016","format":false,"excerpt":"Redacci\u00f3n Noroeste. BADIRAGUATO._ Elementos de las Fuerzas Especiales del Ej\u00e9rcito Mexicano reforzaron las acciones del Operativo Sierra-Madre en busca de integrantes de la delincuencia organizada que se enfrentaron hace casi un mes en la zona serrana de Badiraguato, en Sinaloa. Seg\u00fan Noticieros Televisa, en el reforzamiento del operativo tambi\u00e9n participan\u2026","rel":"","context":"En &quot;CINTILLO&quot;","block_context":{"text":"CINTILLO","link":"https:\/\/www.grieta.org.mx\/index.php\/category\/cintillo\/"},"img":{"alt_text":"","src":"https:\/\/i0.wp.com\/www.grieta.org.mx\/wp-content\/uploads\/2018\/03\/14524434_1106112876131411_958039263622046936_o.jpg?resize=350%2C200&ssl=1","width":350,"height":200,"srcset":"https:\/\/i0.wp.com\/www.grieta.org.mx\/wp-content\/uploads\/2018\/03\/14524434_1106112876131411_958039263622046936_o.jpg?resize=350%2C200&ssl=1 1x, https:\/\/i0.wp.com\/www.grieta.org.mx\/wp-content\/uploads\/2018\/03\/14524434_1106112876131411_958039263622046936_o.jpg?resize=525%2C300&ssl=1 1.5x, https:\/\/i0.wp.com\/www.grieta.org.mx\/wp-content\/uploads\/2018\/03\/14524434_1106112876131411_958039263622046936_o.jpg?resize=700%2C400&ssl=1 2x"},"classes":[]}],"_links":{"self":[{"href":"https:\/\/www.grieta.org.mx\/index.php\/wp-json\/wp\/v2\/posts\/18380","targetHints":{"allow":["GET"]}}],"collection":[{"href":"https:\/\/www.grieta.org.mx\/index.php\/wp-json\/wp\/v2\/posts"}],"about":[{"href":"https:\/\/www.grieta.org.mx\/index.php\/wp-json\/wp\/v2\/types\/post"}],"author":[{"embeddable":true,"href":"https:\/\/www.grieta.org.mx\/index.php\/wp-json\/wp\/v2\/users\/2"}],"replies":[{"embeddable":true,"href":"https:\/\/www.grieta.org.mx\/index.php\/wp-json\/wp\/v2\/comments?post=18380"}],"version-history":[{"count":1,"href":"https:\/\/www.grieta.org.mx\/index.php\/wp-json\/wp\/v2\/posts\/18380\/revisions"}],"predecessor-version":[{"id":18381,"href":"https:\/\/www.grieta.org.mx\/index.php\/wp-json\/wp\/v2\/posts\/18380\/revisions\/18381"}],"wp:featuredmedia":[{"embeddable":true,"href":"https:\/\/www.grieta.org.mx\/index.php\/wp-json\/wp\/v2\/media\/21928"}],"wp:attachment":[{"href":"https:\/\/www.grieta.org.mx\/index.php\/wp-json\/wp\/v2\/media?parent=18380"}],"wp:term":[{"taxonomy":"category","embeddable":true,"href":"https:\/\/www.grieta.org.mx\/index.php\/wp-json\/wp\/v2\/categories?post=18380"},{"taxonomy":"post_tag","embeddable":true,"href":"https:\/\/www.grieta.org.mx\/index.php\/wp-json\/wp\/v2\/tags?post=18380"}],"curies":[{"name":"wp","href":"https:\/\/api.w.org\/{rel}","templated":true}]}}