{"id":18190,"date":"2016-07-29T00:00:20","date_gmt":"2016-07-29T05:00:20","guid":{"rendered":"http:\/\/www.grieta.org.mx\/?p=18190"},"modified":"2016-07-29T21:53:21","modified_gmt":"2016-07-30T02:53:21","slug":"ejidatarios-de-zacamulpa-denuncian-afectaciones-en-sus-viviendas-por-explosiones-en-una-mina","status":"publish","type":"post","link":"https:\/\/www.grieta.org.mx\/index.php\/2016\/07\/29\/ejidatarios-de-zacamulpa-denuncian-afectaciones-en-sus-viviendas-por-explosiones-en-una-mina\/","title":{"rendered":"Ejidatarios de Zacamulpa denuncian afectaciones en sus viviendas por explosiones en una mina"},"content":{"rendered":"<p><strong>29\/07\/16. <\/strong><a href=\"http:\/\/www.grieta.org.mx\/index.php\/2016\/07\/29\/vecinos-y-ejidatarios-son-victimas-de-cuarteaduras-en-60-viviendas-por-fuertes-explosiones-en-un-cerro-exigen-que-se-cumplan-las-normas\/\">Vecinos y ejidatarios son v\u00edctimas de cuarteaduras en 60 viviendas por fuertes explosiones en un cerro<\/a><br  \/><em>La Regi\u00f3n<\/em><br  \/><\/p>\n","protected":false},"excerpt":{"rendered":"<p>29\/07\/16. Vecinos y ejidatarios son v\u00edctimas de cuarteaduras en 60 viviendas por fuertes explosiones en un cerroLa Regi\u00f3n<\/p>\n","protected":false},"author":2,"featured_media":21928,"comment_status":"closed","ping_status":"closed","sticky":false,"template":"","format":"standard","meta":{"ngg_post_thumbnail":0,"_jetpack_newsletter_access":"","_jetpack_dont_email_post_to_subs":false,"_jetpack_newsletter_tier_id":0,"_jetpack_memberships_contains_paywalled_content":false,"_jetpack_memberships_contains_paid_content":false,"footnotes":""},"categories":[19,2],"tags":[],"class_list":["post-18190","post","type-post","status-publish","format-standard","has-post-thumbnail","hentry","category-hidalgo","category-noticias-nacionales","entry"],"jetpack_featured_media_url":"https:\/\/www.grieta.org.mx\/wp-content\/uploads\/2018\/03\/14524434_1106112876131411_958039263622046936_o.jpg","jetpack_sharing_enabled":true,"jetpack_shortlink":"https:\/\/wp.me\/p7ZJR4-4Jo","jetpack_likes_enabled":false,"jetpack-related-posts":[{"id":66350,"url":"https:\/\/www.grieta.org.mx\/index.php\/2023\/02\/21\/tenemos-pruebas-contundentes-documentan-danos-a-techos-por-tren-maya-en-40-viviendas-de-el-ideal-familias-afectadas-amagan-con-bloqueosquintana-roo\/","url_meta":{"origin":18190,"position":0},"title":"&#8220;Tenemos pruebas contundentes&#8221;: Documentan da\u00f1os a techos por Tren Maya en 40 viviendas de El Ideal; familias afectadas amagan con bloqueos(Quintana Roo)","author":"grieta","date":"21 febrero, 2023","format":false,"excerpt":"Noticaribe KANTUNILK\u00cdN, MX.- Al menos 40 viviendas de la comunidad de El Ideal, perteneciente a L\u00e1zaro C\u00e1rdenas, tienen da\u00f1os diversos en techos o paredes, presuntamente a causa de las explosiones para la construcci\u00f3n del Tren Maya. Pese a ello, hasta la fecha, ning\u00fan encargado del proyecto se ha comprometido a\u2026","rel":"","context":"En &quot;CINTILLO&quot;","block_context":{"text":"CINTILLO","link":"https:\/\/www.grieta.org.mx\/index.php\/category\/cintillo\/"},"img":{"alt_text":"","src":"https:\/\/i0.wp.com\/www.grieta.org.mx\/wp-content\/uploads\/2023\/02\/PruebasContundentes-e1677593618921.jpg?resize=350%2C200&ssl=1","width":350,"height":200,"srcset":"https:\/\/i0.wp.com\/www.grieta.org.mx\/wp-content\/uploads\/2023\/02\/PruebasContundentes-e1677593618921.jpg?resize=350%2C200&ssl=1 1x, https:\/\/i0.wp.com\/www.grieta.org.mx\/wp-content\/uploads\/2023\/02\/PruebasContundentes-e1677593618921.jpg?resize=525%2C300&ssl=1 1.5x, https:\/\/i0.wp.com\/www.grieta.org.mx\/wp-content\/uploads\/2023\/02\/PruebasContundentes-e1677593618921.jpg?resize=700%2C400&ssl=1 2x"},"classes":[]},{"id":18188,"url":"https:\/\/www.grieta.org.mx\/index.php\/2016\/07\/29\/vecinos-y-ejidatarios-son-victimas-de-cuarteaduras-en-60-viviendas-por-fuertes-explosiones-en-un-cerro-exigen-que-se-cumplan-las-normas\/","url_meta":{"origin":18190,"position":1},"title":"Vecinos y ejidatarios son v\u00edctimas de cuarteaduras en 60 viviendas por fuertes explosiones en un cerro; exigen que se cumplan las normas","author":"grieta","date":"29 julio, 2016","format":false,"excerpt":"Luego de permanecer en el bloqueo desde las 9:00 de la ma\u00f1ana, el grupo de aproximadamente 60 pobladores, finalmente liber\u00f3 el paso a la empresa al filo de las 2:00 de la tarde, tras firmarse una minuta de compromisos y solicitudes. La protesta fue pac\u00edfica pero cuando se present\u00f3 el\u2026","rel":"","context":"En &quot;CINTILLO&quot;","block_context":{"text":"CINTILLO","link":"https:\/\/www.grieta.org.mx\/index.php\/category\/cintillo\/"},"img":{"alt_text":"","src":"https:\/\/i0.wp.com\/www.grieta.org.mx\/wp-content\/uploads\/2018\/03\/14524434_1106112876131411_958039263622046936_o.jpg?resize=350%2C200&ssl=1","width":350,"height":200,"srcset":"https:\/\/i0.wp.com\/www.grieta.org.mx\/wp-content\/uploads\/2018\/03\/14524434_1106112876131411_958039263622046936_o.jpg?resize=350%2C200&ssl=1 1x, https:\/\/i0.wp.com\/www.grieta.org.mx\/wp-content\/uploads\/2018\/03\/14524434_1106112876131411_958039263622046936_o.jpg?resize=525%2C300&ssl=1 1.5x, https:\/\/i0.wp.com\/www.grieta.org.mx\/wp-content\/uploads\/2018\/03\/14524434_1106112876131411_958039263622046936_o.jpg?resize=700%2C400&ssl=1 2x"},"classes":[]},{"id":12613,"url":"https:\/\/www.grieta.org.mx\/index.php\/2016\/05\/16\/se-quejan-ejidatarios-de-operaciones-de-tajos-en-santa-maria\/","url_meta":{"origin":18190,"position":2},"title":"Se quejan ejidatarios de operaciones de tajos en Santa Mar\u00eda (Coahuila)","author":"grieta","date":"16 mayo, 2016","format":false,"excerpt":"Nueva Rosita Coahuila.- Familias del Ejido Santa Mar\u00eda enfrentan serios problemas estructurales en sus viviendas, a consecuencia de los tajos que se encuentran trabajando en estos lugares, se\u00f1al\u00f3 la se\u00f1ora Aurora Camacho, vecina del lugar. \u201cHace dos semanas, comenz\u00f3 a trabajar un tajo en este lugar, pero desde hace tiempo\u2026","rel":"","context":"En &quot;CINTILLO&quot;","block_context":{"text":"CINTILLO","link":"https:\/\/www.grieta.org.mx\/index.php\/category\/cintillo\/"},"img":{"alt_text":"","src":"https:\/\/i0.wp.com\/www.grieta.org.mx\/wp-content\/uploads\/2018\/03\/14524434_1106112876131411_958039263622046936_o.jpg?resize=350%2C200&ssl=1","width":350,"height":200,"srcset":"https:\/\/i0.wp.com\/www.grieta.org.mx\/wp-content\/uploads\/2018\/03\/14524434_1106112876131411_958039263622046936_o.jpg?resize=350%2C200&ssl=1 1x, https:\/\/i0.wp.com\/www.grieta.org.mx\/wp-content\/uploads\/2018\/03\/14524434_1106112876131411_958039263622046936_o.jpg?resize=525%2C300&ssl=1 1.5x, https:\/\/i0.wp.com\/www.grieta.org.mx\/wp-content\/uploads\/2018\/03\/14524434_1106112876131411_958039263622046936_o.jpg?resize=700%2C400&ssl=1 2x"},"classes":[]},{"id":1239,"url":"https:\/\/www.grieta.org.mx\/index.php\/2015\/11\/15\/afectados-por-explosiones-de-cemex-en-huichapan-seran-atendidos\/","url_meta":{"origin":18190,"position":3},"title":"Afectados por explosiones de Cemex en Huichapan ser\u00e1n atendidos","author":"grieta","date":"15 noviembre, 2015","format":false,"excerpt":"Miguel \u00c1ngel Villeda HUICHAPAN, Hgo., 15 de noviembre de 2015.- Luego de que en d\u00edas pasados quemadores de Cementos de M\u00e9xico (Cemex) en Huichapan se salieron de control y provocaran una explosi\u00f3n que a su vez gener\u00f3 una gigantesca fumarola que arroj\u00f3 cenizas, y donde vecinos en especial de la\u2026","rel":"","context":"En &quot;CINTILLO&quot;","block_context":{"text":"CINTILLO","link":"https:\/\/www.grieta.org.mx\/index.php\/category\/cintillo\/"},"img":{"alt_text":"","src":"https:\/\/i0.wp.com\/www.grieta.org.mx\/wp-content\/uploads\/2018\/03\/14524434_1106112876131411_958039263622046936_o.jpg?resize=350%2C200&ssl=1","width":350,"height":200,"srcset":"https:\/\/i0.wp.com\/www.grieta.org.mx\/wp-content\/uploads\/2018\/03\/14524434_1106112876131411_958039263622046936_o.jpg?resize=350%2C200&ssl=1 1x, https:\/\/i0.wp.com\/www.grieta.org.mx\/wp-content\/uploads\/2018\/03\/14524434_1106112876131411_958039263622046936_o.jpg?resize=525%2C300&ssl=1 1.5x, https:\/\/i0.wp.com\/www.grieta.org.mx\/wp-content\/uploads\/2018\/03\/14524434_1106112876131411_958039263622046936_o.jpg?resize=700%2C400&ssl=1 2x"},"classes":[]},{"id":65656,"url":"https:\/\/www.grieta.org.mx\/index.php\/2022\/11\/04\/ejidatarios-de-hopelchen-acusan-a-menonitas-de-invadir-mas-de-4-mil-hectareas-campeche\/","url_meta":{"origin":18190,"position":4},"title":"Ejidatarios de Hopelch\u00e9n acusan a menonitas de invadir m\u00e1s de 4 mil hect\u00e1reas (Campeche)","author":"grieta","date":"4 noviembre, 2022","format":false,"excerpt":"Wilbert Casanova \/ Por Esto! Ejidatarios de Iturbide denunciaron la invasi\u00f3n de cuatro mil hect\u00e1reas de sus terrenos que supuestamente compraron un grupo de menonitas a un particular; sin embargo, la superficie pertenece al ejido con base en el documento de 1940 que le adjudica los terrenos. Previo a su\u2026","rel":"","context":"En &quot;Agroindustria&quot;","block_context":{"text":"Agroindustria","link":"https:\/\/www.grieta.org.mx\/index.php\/category\/megaproyectos\/agroindustria\/"},"img":{"alt_text":"","src":"https:\/\/i0.wp.com\/www.grieta.org.mx\/wp-content\/uploads\/2022\/11\/Menonitas-e1667669754362.jpg?resize=350%2C200&ssl=1","width":350,"height":200,"srcset":"https:\/\/i0.wp.com\/www.grieta.org.mx\/wp-content\/uploads\/2022\/11\/Menonitas-e1667669754362.jpg?resize=350%2C200&ssl=1 1x, https:\/\/i0.wp.com\/www.grieta.org.mx\/wp-content\/uploads\/2022\/11\/Menonitas-e1667669754362.jpg?resize=525%2C300&ssl=1 1.5x, https:\/\/i0.wp.com\/www.grieta.org.mx\/wp-content\/uploads\/2022\/11\/Menonitas-e1667669754362.jpg?resize=700%2C400&ssl=1 2x"},"classes":[]},{"id":72133,"url":"https:\/\/www.grieta.org.mx\/index.php\/2025\/07\/27\/explosiones-para-el-tren-maya-destruyen-viviendas-en-yucatan\/","url_meta":{"origin":18190,"position":5},"title":"Explosiones para el Tren Maya destruyen viviendas en Yucat\u00e1n","author":"grieta","date":"27 julio, 2025","format":false,"excerpt":"Texto: Herbeth Escalante y Cuauhtli Laguna \/ Fotos: Iv\u00e1n Aguilar \/ Pie de P\u00e1gina Las explosiones de una constructora proveedora del Tren Maya han da\u00f1ado decenas de viviendas en Xcucul Sur, Yucat\u00e1n. Los Pobladores exigen reparaciones mientras denuncian grietas, techos colapsados y noches en vela por las detonaciones. La empresa\u2026","rel":"","context":"En &quot;CINTILLO&quot;","block_context":{"text":"CINTILLO","link":"https:\/\/www.grieta.org.mx\/index.php\/category\/cintillo\/"},"img":{"alt_text":"","src":"https:\/\/i0.wp.com\/www.grieta.org.mx\/wp-content\/uploads\/2025\/08\/Explosiones-e1754685061240.jpg?resize=350%2C200&ssl=1","width":350,"height":200,"srcset":"https:\/\/i0.wp.com\/www.grieta.org.mx\/wp-content\/uploads\/2025\/08\/Explosiones-e1754685061240.jpg?resize=350%2C200&ssl=1 1x, https:\/\/i0.wp.com\/www.grieta.org.mx\/wp-content\/uploads\/2025\/08\/Explosiones-e1754685061240.jpg?resize=525%2C300&ssl=1 1.5x, https:\/\/i0.wp.com\/www.grieta.org.mx\/wp-content\/uploads\/2025\/08\/Explosiones-e1754685061240.jpg?resize=700%2C400&ssl=1 2x"},"classes":[]}],"_links":{"self":[{"href":"https:\/\/www.grieta.org.mx\/index.php\/wp-json\/wp\/v2\/posts\/18190","targetHints":{"allow":["GET"]}}],"collection":[{"href":"https:\/\/www.grieta.org.mx\/index.php\/wp-json\/wp\/v2\/posts"}],"about":[{"href":"https:\/\/www.grieta.org.mx\/index.php\/wp-json\/wp\/v2\/types\/post"}],"author":[{"embeddable":true,"href":"https:\/\/www.grieta.org.mx\/index.php\/wp-json\/wp\/v2\/users\/2"}],"replies":[{"embeddable":true,"href":"https:\/\/www.grieta.org.mx\/index.php\/wp-json\/wp\/v2\/comments?post=18190"}],"version-history":[{"count":1,"href":"https:\/\/www.grieta.org.mx\/index.php\/wp-json\/wp\/v2\/posts\/18190\/revisions"}],"predecessor-version":[{"id":18192,"href":"https:\/\/www.grieta.org.mx\/index.php\/wp-json\/wp\/v2\/posts\/18190\/revisions\/18192"}],"wp:featuredmedia":[{"embeddable":true,"href":"https:\/\/www.grieta.org.mx\/index.php\/wp-json\/wp\/v2\/media\/21928"}],"wp:attachment":[{"href":"https:\/\/www.grieta.org.mx\/index.php\/wp-json\/wp\/v2\/media?parent=18190"}],"wp:term":[{"taxonomy":"category","embeddable":true,"href":"https:\/\/www.grieta.org.mx\/index.php\/wp-json\/wp\/v2\/categories?post=18190"},{"taxonomy":"post_tag","embeddable":true,"href":"https:\/\/www.grieta.org.mx\/index.php\/wp-json\/wp\/v2\/tags?post=18190"}],"curies":[{"name":"wp","href":"https:\/\/api.w.org\/{rel}","templated":true}]}}