{"id":18114,"date":"2016-07-28T11:54:02","date_gmt":"2016-07-28T16:54:02","guid":{"rendered":"http:\/\/www.grieta.org.mx\/?p=18114"},"modified":"2016-08-03T14:49:22","modified_gmt":"2016-08-03T19:49:22","slug":"dia-6-comparte-por-la-humanidad-cideci","status":"publish","type":"post","link":"https:\/\/www.grieta.org.mx\/index.php\/2016\/07\/28\/dia-6-comparte-por-la-humanidad-cideci\/","title":{"rendered":"D\u00eda 6 \u2013 CompARTE por la humanidad \u2013 Cideci (Audios)"},"content":{"rendered":"<p>Radio Zapatista<\/p>\n<p>Festival CompARTE por la humanidad<br \/>\n28 de julio de 2016<br \/>\nCideci \/ Universidad de la Tierra Chiapas<\/p>\n<div data-carousel-extra='{&quot;blog_id&quot;:1,&quot;permalink&quot;:&quot;https:\/\/www.grieta.org.mx\/index.php\/2016\/07\/28\/dia-6-comparte-por-la-humanidad-cideci\/&quot;}' id='gallery-1' class='gallery galleryid-18114 gallery-columns-3 gallery-size-medium'><figure class='gallery-item'>\n\t\t\t<div class='gallery-icon landscape'>\n\t\t\t\t<a href='https:\/\/www.grieta.org.mx\/index.php\/2016\/07\/28\/dia-6-comparte-por-la-humanidad-cideci\/img_5272-800x400\/'><img loading=\"lazy\" decoding=\"async\" width=\"300\" height=\"150\" src=\"https:\/\/www.grieta.org.mx\/wp-content\/uploads\/2016\/07\/IMG_5272-800x400-300x150.jpg\" class=\"attachment-medium size-medium\" alt=\"\" srcset=\"https:\/\/www.grieta.org.mx\/wp-content\/uploads\/2016\/07\/IMG_5272-800x400-300x150.jpg 300w, https:\/\/www.grieta.org.mx\/wp-content\/uploads\/2016\/07\/IMG_5272-800x400-768x384.jpg 768w, https:\/\/www.grieta.org.mx\/wp-content\/uploads\/2016\/07\/IMG_5272-800x400.jpg 800w\" sizes=\"auto, (max-width: 300px) 100vw, 300px\" data-attachment-id=\"18115\" data-permalink=\"https:\/\/www.grieta.org.mx\/index.php\/2016\/07\/28\/dia-6-comparte-por-la-humanidad-cideci\/img_5272-800x400\/\" data-orig-file=\"https:\/\/www.grieta.org.mx\/wp-content\/uploads\/2016\/07\/IMG_5272-800x400.jpg\" data-orig-size=\"800,400\" data-comments-opened=\"0\" data-image-meta=\"{&quot;aperture&quot;:&quot;0&quot;,&quot;credit&quot;:&quot;&quot;,&quot;camera&quot;:&quot;&quot;,&quot;caption&quot;:&quot;&quot;,&quot;created_timestamp&quot;:&quot;0&quot;,&quot;copyright&quot;:&quot;&quot;,&quot;focal_length&quot;:&quot;0&quot;,&quot;iso&quot;:&quot;0&quot;,&quot;shutter_speed&quot;:&quot;0&quot;,&quot;title&quot;:&quot;&quot;,&quot;orientation&quot;:&quot;0&quot;}\" data-image-title=\"IMG_5272-800&amp;#215;400\" data-image-description=\"\" data-image-caption=\"\" data-medium-file=\"https:\/\/www.grieta.org.mx\/wp-content\/uploads\/2016\/07\/IMG_5272-800x400-300x150.jpg\" data-large-file=\"https:\/\/www.grieta.org.mx\/wp-content\/uploads\/2016\/07\/IMG_5272-800x400.jpg\" \/><\/a>\n\t\t\t<\/div><\/figure><figure class='gallery-item'>\n\t\t\t<div class='gallery-icon landscape'>\n\t\t\t\t<a href='https:\/\/www.grieta.org.mx\/index.php\/2016\/07\/28\/dia-6-comparte-por-la-humanidad-cideci\/img_5278-800x400\/'><img loading=\"lazy\" decoding=\"async\" width=\"300\" height=\"150\" src=\"https:\/\/www.grieta.org.mx\/wp-content\/uploads\/2016\/07\/IMG_5278-800x400-300x150.jpg\" class=\"attachment-medium size-medium\" alt=\"\" srcset=\"https:\/\/www.grieta.org.mx\/wp-content\/uploads\/2016\/07\/IMG_5278-800x400-300x150.jpg 300w, https:\/\/www.grieta.org.mx\/wp-content\/uploads\/2016\/07\/IMG_5278-800x400-768x384.jpg 768w, https:\/\/www.grieta.org.mx\/wp-content\/uploads\/2016\/07\/IMG_5278-800x400.jpg 800w\" sizes=\"auto, (max-width: 300px) 100vw, 300px\" data-attachment-id=\"18116\" data-permalink=\"https:\/\/www.grieta.org.mx\/index.php\/2016\/07\/28\/dia-6-comparte-por-la-humanidad-cideci\/img_5278-800x400\/\" data-orig-file=\"https:\/\/www.grieta.org.mx\/wp-content\/uploads\/2016\/07\/IMG_5278-800x400.jpg\" data-orig-size=\"800,400\" data-comments-opened=\"0\" data-image-meta=\"{&quot;aperture&quot;:&quot;0&quot;,&quot;credit&quot;:&quot;&quot;,&quot;camera&quot;:&quot;&quot;,&quot;caption&quot;:&quot;&quot;,&quot;created_timestamp&quot;:&quot;0&quot;,&quot;copyright&quot;:&quot;&quot;,&quot;focal_length&quot;:&quot;0&quot;,&quot;iso&quot;:&quot;0&quot;,&quot;shutter_speed&quot;:&quot;0&quot;,&quot;title&quot;:&quot;&quot;,&quot;orientation&quot;:&quot;0&quot;}\" data-image-title=\"IMG_5278-800&amp;#215;400\" data-image-description=\"\" data-image-caption=\"\" data-medium-file=\"https:\/\/www.grieta.org.mx\/wp-content\/uploads\/2016\/07\/IMG_5278-800x400-300x150.jpg\" data-large-file=\"https:\/\/www.grieta.org.mx\/wp-content\/uploads\/2016\/07\/IMG_5278-800x400.jpg\" \/><\/a>\n\t\t\t<\/div><\/figure><figure class='gallery-item'>\n\t\t\t<div class='gallery-icon landscape'>\n\t\t\t\t<a href='https:\/\/www.grieta.org.mx\/index.php\/2016\/07\/28\/dia-6-comparte-por-la-humanidad-cideci\/img_5283-800x400\/'><img loading=\"lazy\" decoding=\"async\" width=\"300\" height=\"150\" src=\"https:\/\/www.grieta.org.mx\/wp-content\/uploads\/2016\/07\/IMG_5283-800x400-300x150.jpg\" class=\"attachment-medium size-medium\" alt=\"\" srcset=\"https:\/\/www.grieta.org.mx\/wp-content\/uploads\/2016\/07\/IMG_5283-800x400-300x150.jpg 300w, https:\/\/www.grieta.org.mx\/wp-content\/uploads\/2016\/07\/IMG_5283-800x400-768x384.jpg 768w, https:\/\/www.grieta.org.mx\/wp-content\/uploads\/2016\/07\/IMG_5283-800x400.jpg 800w\" sizes=\"auto, (max-width: 300px) 100vw, 300px\" data-attachment-id=\"18117\" data-permalink=\"https:\/\/www.grieta.org.mx\/index.php\/2016\/07\/28\/dia-6-comparte-por-la-humanidad-cideci\/img_5283-800x400\/\" data-orig-file=\"https:\/\/www.grieta.org.mx\/wp-content\/uploads\/2016\/07\/IMG_5283-800x400.jpg\" data-orig-size=\"800,400\" data-comments-opened=\"0\" data-image-meta=\"{&quot;aperture&quot;:&quot;0&quot;,&quot;credit&quot;:&quot;&quot;,&quot;camera&quot;:&quot;&quot;,&quot;caption&quot;:&quot;&quot;,&quot;created_timestamp&quot;:&quot;0&quot;,&quot;copyright&quot;:&quot;&quot;,&quot;focal_length&quot;:&quot;0&quot;,&quot;iso&quot;:&quot;0&quot;,&quot;shutter_speed&quot;:&quot;0&quot;,&quot;title&quot;:&quot;&quot;,&quot;orientation&quot;:&quot;0&quot;}\" data-image-title=\"IMG_5283-800&amp;#215;400\" data-image-description=\"\" data-image-caption=\"\" data-medium-file=\"https:\/\/www.grieta.org.mx\/wp-content\/uploads\/2016\/07\/IMG_5283-800x400-300x150.jpg\" data-large-file=\"https:\/\/www.grieta.org.mx\/wp-content\/uploads\/2016\/07\/IMG_5283-800x400.jpg\" \/><\/a>\n\t\t\t<\/div><\/figure><figure class='gallery-item'>\n\t\t\t<div class='gallery-icon landscape'>\n\t\t\t\t<a href='https:\/\/www.grieta.org.mx\/index.php\/2016\/07\/28\/dia-6-comparte-por-la-humanidad-cideci\/img_5287-800x400\/'><img loading=\"lazy\" decoding=\"async\" width=\"300\" height=\"150\" src=\"https:\/\/www.grieta.org.mx\/wp-content\/uploads\/2016\/07\/IMG_5287-800x400-300x150.jpg\" class=\"attachment-medium size-medium\" alt=\"\" srcset=\"https:\/\/www.grieta.org.mx\/wp-content\/uploads\/2016\/07\/IMG_5287-800x400-300x150.jpg 300w, https:\/\/www.grieta.org.mx\/wp-content\/uploads\/2016\/07\/IMG_5287-800x400-768x384.jpg 768w, https:\/\/www.grieta.org.mx\/wp-content\/uploads\/2016\/07\/IMG_5287-800x400.jpg 800w\" sizes=\"auto, (max-width: 300px) 100vw, 300px\" data-attachment-id=\"18118\" data-permalink=\"https:\/\/www.grieta.org.mx\/index.php\/2016\/07\/28\/dia-6-comparte-por-la-humanidad-cideci\/img_5287-800x400\/\" data-orig-file=\"https:\/\/www.grieta.org.mx\/wp-content\/uploads\/2016\/07\/IMG_5287-800x400.jpg\" data-orig-size=\"800,400\" data-comments-opened=\"0\" data-image-meta=\"{&quot;aperture&quot;:&quot;0&quot;,&quot;credit&quot;:&quot;&quot;,&quot;camera&quot;:&quot;&quot;,&quot;caption&quot;:&quot;&quot;,&quot;created_timestamp&quot;:&quot;0&quot;,&quot;copyright&quot;:&quot;&quot;,&quot;focal_length&quot;:&quot;0&quot;,&quot;iso&quot;:&quot;0&quot;,&quot;shutter_speed&quot;:&quot;0&quot;,&quot;title&quot;:&quot;&quot;,&quot;orientation&quot;:&quot;0&quot;}\" data-image-title=\"IMG_5287-800&amp;#215;400\" data-image-description=\"\" data-image-caption=\"\" data-medium-file=\"https:\/\/www.grieta.org.mx\/wp-content\/uploads\/2016\/07\/IMG_5287-800x400-300x150.jpg\" data-large-file=\"https:\/\/www.grieta.org.mx\/wp-content\/uploads\/2016\/07\/IMG_5287-800x400.jpg\" \/><\/a>\n\t\t\t<\/div><\/figure><figure class='gallery-item'>\n\t\t\t<div class='gallery-icon landscape'>\n\t\t\t\t<a href='https:\/\/www.grieta.org.mx\/index.php\/2016\/07\/28\/dia-6-comparte-por-la-humanidad-cideci\/img_5289-800x400\/'><img loading=\"lazy\" decoding=\"async\" width=\"300\" height=\"150\" src=\"https:\/\/www.grieta.org.mx\/wp-content\/uploads\/2016\/07\/IMG_5289-800x400-300x150.jpg\" class=\"attachment-medium size-medium\" alt=\"\" srcset=\"https:\/\/www.grieta.org.mx\/wp-content\/uploads\/2016\/07\/IMG_5289-800x400-300x150.jpg 300w, https:\/\/www.grieta.org.mx\/wp-content\/uploads\/2016\/07\/IMG_5289-800x400-768x384.jpg 768w, https:\/\/www.grieta.org.mx\/wp-content\/uploads\/2016\/07\/IMG_5289-800x400.jpg 800w\" sizes=\"auto, (max-width: 300px) 100vw, 300px\" data-attachment-id=\"18119\" data-permalink=\"https:\/\/www.grieta.org.mx\/index.php\/2016\/07\/28\/dia-6-comparte-por-la-humanidad-cideci\/img_5289-800x400\/\" data-orig-file=\"https:\/\/www.grieta.org.mx\/wp-content\/uploads\/2016\/07\/IMG_5289-800x400.jpg\" data-orig-size=\"800,400\" data-comments-opened=\"0\" data-image-meta=\"{&quot;aperture&quot;:&quot;0&quot;,&quot;credit&quot;:&quot;&quot;,&quot;camera&quot;:&quot;&quot;,&quot;caption&quot;:&quot;&quot;,&quot;created_timestamp&quot;:&quot;0&quot;,&quot;copyright&quot;:&quot;&quot;,&quot;focal_length&quot;:&quot;0&quot;,&quot;iso&quot;:&quot;0&quot;,&quot;shutter_speed&quot;:&quot;0&quot;,&quot;title&quot;:&quot;&quot;,&quot;orientation&quot;:&quot;0&quot;}\" data-image-title=\"IMG_5289-800&amp;#215;400\" data-image-description=\"\" data-image-caption=\"\" data-medium-file=\"https:\/\/www.grieta.org.mx\/wp-content\/uploads\/2016\/07\/IMG_5289-800x400-300x150.jpg\" data-large-file=\"https:\/\/www.grieta.org.mx\/wp-content\/uploads\/2016\/07\/IMG_5289-800x400.jpg\" \/><\/a>\n\t\t\t<\/div><\/figure><figure class='gallery-item'>\n\t\t\t<div class='gallery-icon landscape'>\n\t\t\t\t<a href='https:\/\/www.grieta.org.mx\/index.php\/2016\/07\/28\/dia-6-comparte-por-la-humanidad-cideci\/img_5294-800x400\/'><img loading=\"lazy\" decoding=\"async\" width=\"300\" height=\"150\" src=\"https:\/\/www.grieta.org.mx\/wp-content\/uploads\/2016\/07\/IMG_5294-800x400-300x150.jpg\" class=\"attachment-medium size-medium\" alt=\"\" srcset=\"https:\/\/www.grieta.org.mx\/wp-content\/uploads\/2016\/07\/IMG_5294-800x400-300x150.jpg 300w, https:\/\/www.grieta.org.mx\/wp-content\/uploads\/2016\/07\/IMG_5294-800x400-768x384.jpg 768w, https:\/\/www.grieta.org.mx\/wp-content\/uploads\/2016\/07\/IMG_5294-800x400.jpg 800w\" sizes=\"auto, (max-width: 300px) 100vw, 300px\" data-attachment-id=\"18120\" data-permalink=\"https:\/\/www.grieta.org.mx\/index.php\/2016\/07\/28\/dia-6-comparte-por-la-humanidad-cideci\/img_5294-800x400\/\" data-orig-file=\"https:\/\/www.grieta.org.mx\/wp-content\/uploads\/2016\/07\/IMG_5294-800x400.jpg\" data-orig-size=\"800,400\" data-comments-opened=\"0\" data-image-meta=\"{&quot;aperture&quot;:&quot;0&quot;,&quot;credit&quot;:&quot;&quot;,&quot;camera&quot;:&quot;&quot;,&quot;caption&quot;:&quot;&quot;,&quot;created_timestamp&quot;:&quot;0&quot;,&quot;copyright&quot;:&quot;&quot;,&quot;focal_length&quot;:&quot;0&quot;,&quot;iso&quot;:&quot;0&quot;,&quot;shutter_speed&quot;:&quot;0&quot;,&quot;title&quot;:&quot;&quot;,&quot;orientation&quot;:&quot;0&quot;}\" data-image-title=\"IMG_5294-800&amp;#215;400\" data-image-description=\"\" data-image-caption=\"\" data-medium-file=\"https:\/\/www.grieta.org.mx\/wp-content\/uploads\/2016\/07\/IMG_5294-800x400-300x150.jpg\" data-large-file=\"https:\/\/www.grieta.org.mx\/wp-content\/uploads\/2016\/07\/IMG_5294-800x400.jpg\" \/><\/a>\n\t\t\t<\/div><\/figure><figure class='gallery-item'>\n\t\t\t<div class='gallery-icon landscape'>\n\t\t\t\t<a href='https:\/\/www.grieta.org.mx\/index.php\/2016\/07\/28\/dia-6-comparte-por-la-humanidad-cideci\/img_5296-800x400\/'><img loading=\"lazy\" decoding=\"async\" width=\"300\" height=\"150\" src=\"https:\/\/www.grieta.org.mx\/wp-content\/uploads\/2016\/07\/IMG_5296-800x400-300x150.jpg\" class=\"attachment-medium size-medium\" alt=\"\" srcset=\"https:\/\/www.grieta.org.mx\/wp-content\/uploads\/2016\/07\/IMG_5296-800x400-300x150.jpg 300w, https:\/\/www.grieta.org.mx\/wp-content\/uploads\/2016\/07\/IMG_5296-800x400-768x384.jpg 768w, https:\/\/www.grieta.org.mx\/wp-content\/uploads\/2016\/07\/IMG_5296-800x400.jpg 800w\" sizes=\"auto, (max-width: 300px) 100vw, 300px\" data-attachment-id=\"18121\" data-permalink=\"https:\/\/www.grieta.org.mx\/index.php\/2016\/07\/28\/dia-6-comparte-por-la-humanidad-cideci\/img_5296-800x400\/\" data-orig-file=\"https:\/\/www.grieta.org.mx\/wp-content\/uploads\/2016\/07\/IMG_5296-800x400.jpg\" data-orig-size=\"800,400\" data-comments-opened=\"0\" data-image-meta=\"{&quot;aperture&quot;:&quot;0&quot;,&quot;credit&quot;:&quot;&quot;,&quot;camera&quot;:&quot;&quot;,&quot;caption&quot;:&quot;&quot;,&quot;created_timestamp&quot;:&quot;0&quot;,&quot;copyright&quot;:&quot;&quot;,&quot;focal_length&quot;:&quot;0&quot;,&quot;iso&quot;:&quot;0&quot;,&quot;shutter_speed&quot;:&quot;0&quot;,&quot;title&quot;:&quot;&quot;,&quot;orientation&quot;:&quot;0&quot;}\" data-image-title=\"IMG_5296-800&amp;#215;400\" data-image-description=\"\" data-image-caption=\"\" data-medium-file=\"https:\/\/www.grieta.org.mx\/wp-content\/uploads\/2016\/07\/IMG_5296-800x400-300x150.jpg\" data-large-file=\"https:\/\/www.grieta.org.mx\/wp-content\/uploads\/2016\/07\/IMG_5296-800x400.jpg\" \/><\/a>\n\t\t\t<\/div><\/figure><figure class='gallery-item'>\n\t\t\t<div class='gallery-icon landscape'>\n\t\t\t\t<a href='https:\/\/www.grieta.org.mx\/index.php\/2016\/07\/28\/dia-6-comparte-por-la-humanidad-cideci\/img_5299-800x400\/'><img loading=\"lazy\" decoding=\"async\" width=\"300\" height=\"150\" src=\"https:\/\/www.grieta.org.mx\/wp-content\/uploads\/2016\/07\/IMG_5299-800x400-300x150.jpg\" class=\"attachment-medium size-medium\" alt=\"\" srcset=\"https:\/\/www.grieta.org.mx\/wp-content\/uploads\/2016\/07\/IMG_5299-800x400-300x150.jpg 300w, https:\/\/www.grieta.org.mx\/wp-content\/uploads\/2016\/07\/IMG_5299-800x400-768x384.jpg 768w, https:\/\/www.grieta.org.mx\/wp-content\/uploads\/2016\/07\/IMG_5299-800x400.jpg 800w\" sizes=\"auto, (max-width: 300px) 100vw, 300px\" data-attachment-id=\"18122\" data-permalink=\"https:\/\/www.grieta.org.mx\/index.php\/2016\/07\/28\/dia-6-comparte-por-la-humanidad-cideci\/img_5299-800x400\/\" data-orig-file=\"https:\/\/www.grieta.org.mx\/wp-content\/uploads\/2016\/07\/IMG_5299-800x400.jpg\" data-orig-size=\"800,400\" data-comments-opened=\"0\" data-image-meta=\"{&quot;aperture&quot;:&quot;0&quot;,&quot;credit&quot;:&quot;&quot;,&quot;camera&quot;:&quot;&quot;,&quot;caption&quot;:&quot;&quot;,&quot;created_timestamp&quot;:&quot;0&quot;,&quot;copyright&quot;:&quot;&quot;,&quot;focal_length&quot;:&quot;0&quot;,&quot;iso&quot;:&quot;0&quot;,&quot;shutter_speed&quot;:&quot;0&quot;,&quot;title&quot;:&quot;&quot;,&quot;orientation&quot;:&quot;0&quot;}\" data-image-title=\"IMG_5299-800&amp;#215;400\" data-image-description=\"\" data-image-caption=\"\" data-medium-file=\"https:\/\/www.grieta.org.mx\/wp-content\/uploads\/2016\/07\/IMG_5299-800x400-300x150.jpg\" data-large-file=\"https:\/\/www.grieta.org.mx\/wp-content\/uploads\/2016\/07\/IMG_5299-800x400.jpg\" \/><\/a>\n\t\t\t<\/div><\/figure><figure class='gallery-item'>\n\t\t\t<div class='gallery-icon landscape'>\n\t\t\t\t<a href='https:\/\/www.grieta.org.mx\/index.php\/2016\/07\/28\/dia-6-comparte-por-la-humanidad-cideci\/img_5308-800x400\/'><img loading=\"lazy\" decoding=\"async\" width=\"300\" height=\"150\" src=\"https:\/\/www.grieta.org.mx\/wp-content\/uploads\/2016\/07\/IMG_5308-800x400-300x150.jpg\" class=\"attachment-medium size-medium\" alt=\"\" srcset=\"https:\/\/www.grieta.org.mx\/wp-content\/uploads\/2016\/07\/IMG_5308-800x400-300x150.jpg 300w, https:\/\/www.grieta.org.mx\/wp-content\/uploads\/2016\/07\/IMG_5308-800x400-768x384.jpg 768w, https:\/\/www.grieta.org.mx\/wp-content\/uploads\/2016\/07\/IMG_5308-800x400.jpg 800w\" sizes=\"auto, (max-width: 300px) 100vw, 300px\" data-attachment-id=\"18123\" data-permalink=\"https:\/\/www.grieta.org.mx\/index.php\/2016\/07\/28\/dia-6-comparte-por-la-humanidad-cideci\/img_5308-800x400\/\" data-orig-file=\"https:\/\/www.grieta.org.mx\/wp-content\/uploads\/2016\/07\/IMG_5308-800x400.jpg\" data-orig-size=\"800,400\" data-comments-opened=\"0\" data-image-meta=\"{&quot;aperture&quot;:&quot;0&quot;,&quot;credit&quot;:&quot;&quot;,&quot;camera&quot;:&quot;&quot;,&quot;caption&quot;:&quot;&quot;,&quot;created_timestamp&quot;:&quot;0&quot;,&quot;copyright&quot;:&quot;&quot;,&quot;focal_length&quot;:&quot;0&quot;,&quot;iso&quot;:&quot;0&quot;,&quot;shutter_speed&quot;:&quot;0&quot;,&quot;title&quot;:&quot;&quot;,&quot;orientation&quot;:&quot;0&quot;}\" data-image-title=\"IMG_5308-800&amp;#215;400\" data-image-description=\"\" data-image-caption=\"\" data-medium-file=\"https:\/\/www.grieta.org.mx\/wp-content\/uploads\/2016\/07\/IMG_5308-800x400-300x150.jpg\" data-large-file=\"https:\/\/www.grieta.org.mx\/wp-content\/uploads\/2016\/07\/IMG_5308-800x400.jpg\" \/><\/a>\n\t\t\t<\/div><\/figure><figure class='gallery-item'>\n\t\t\t<div class='gallery-icon landscape'>\n\t\t\t\t<a href='https:\/\/www.grieta.org.mx\/index.php\/2016\/07\/28\/dia-6-comparte-por-la-humanidad-cideci\/img_5310-800x400\/'><img loading=\"lazy\" decoding=\"async\" width=\"300\" height=\"150\" src=\"https:\/\/www.grieta.org.mx\/wp-content\/uploads\/2016\/07\/IMG_5310-800x400-300x150.jpg\" class=\"attachment-medium size-medium\" alt=\"\" srcset=\"https:\/\/www.grieta.org.mx\/wp-content\/uploads\/2016\/07\/IMG_5310-800x400-300x150.jpg 300w, https:\/\/www.grieta.org.mx\/wp-content\/uploads\/2016\/07\/IMG_5310-800x400-768x384.jpg 768w, https:\/\/www.grieta.org.mx\/wp-content\/uploads\/2016\/07\/IMG_5310-800x400.jpg 800w\" sizes=\"auto, (max-width: 300px) 100vw, 300px\" data-attachment-id=\"18124\" data-permalink=\"https:\/\/www.grieta.org.mx\/index.php\/2016\/07\/28\/dia-6-comparte-por-la-humanidad-cideci\/img_5310-800x400\/\" data-orig-file=\"https:\/\/www.grieta.org.mx\/wp-content\/uploads\/2016\/07\/IMG_5310-800x400.jpg\" data-orig-size=\"800,400\" data-comments-opened=\"0\" data-image-meta=\"{&quot;aperture&quot;:&quot;0&quot;,&quot;credit&quot;:&quot;&quot;,&quot;camera&quot;:&quot;&quot;,&quot;caption&quot;:&quot;&quot;,&quot;created_timestamp&quot;:&quot;0&quot;,&quot;copyright&quot;:&quot;&quot;,&quot;focal_length&quot;:&quot;0&quot;,&quot;iso&quot;:&quot;0&quot;,&quot;shutter_speed&quot;:&quot;0&quot;,&quot;title&quot;:&quot;&quot;,&quot;orientation&quot;:&quot;0&quot;}\" data-image-title=\"IMG_5310-800&amp;#215;400\" data-image-description=\"\" data-image-caption=\"\" data-medium-file=\"https:\/\/www.grieta.org.mx\/wp-content\/uploads\/2016\/07\/IMG_5310-800x400-300x150.jpg\" data-large-file=\"https:\/\/www.grieta.org.mx\/wp-content\/uploads\/2016\/07\/IMG_5310-800x400.jpg\" \/><\/a>\n\t\t\t<\/div><\/figure><figure class='gallery-item'>\n\t\t\t<div class='gallery-icon landscape'>\n\t\t\t\t<a href='https:\/\/www.grieta.org.mx\/index.php\/2016\/07\/28\/dia-6-comparte-por-la-humanidad-cideci\/img_5317-800x400\/'><img loading=\"lazy\" decoding=\"async\" width=\"300\" height=\"150\" src=\"https:\/\/www.grieta.org.mx\/wp-content\/uploads\/2016\/07\/IMG_5317-800x400-300x150.jpg\" class=\"attachment-medium size-medium\" alt=\"\" srcset=\"https:\/\/www.grieta.org.mx\/wp-content\/uploads\/2016\/07\/IMG_5317-800x400-300x150.jpg 300w, https:\/\/www.grieta.org.mx\/wp-content\/uploads\/2016\/07\/IMG_5317-800x400-768x384.jpg 768w, https:\/\/www.grieta.org.mx\/wp-content\/uploads\/2016\/07\/IMG_5317-800x400.jpg 800w\" sizes=\"auto, (max-width: 300px) 100vw, 300px\" data-attachment-id=\"18125\" data-permalink=\"https:\/\/www.grieta.org.mx\/index.php\/2016\/07\/28\/dia-6-comparte-por-la-humanidad-cideci\/img_5317-800x400\/\" data-orig-file=\"https:\/\/www.grieta.org.mx\/wp-content\/uploads\/2016\/07\/IMG_5317-800x400.jpg\" data-orig-size=\"800,400\" data-comments-opened=\"0\" data-image-meta=\"{&quot;aperture&quot;:&quot;0&quot;,&quot;credit&quot;:&quot;&quot;,&quot;camera&quot;:&quot;&quot;,&quot;caption&quot;:&quot;&quot;,&quot;created_timestamp&quot;:&quot;0&quot;,&quot;copyright&quot;:&quot;&quot;,&quot;focal_length&quot;:&quot;0&quot;,&quot;iso&quot;:&quot;0&quot;,&quot;shutter_speed&quot;:&quot;0&quot;,&quot;title&quot;:&quot;&quot;,&quot;orientation&quot;:&quot;0&quot;}\" data-image-title=\"IMG_5317-800&amp;#215;400\" data-image-description=\"\" data-image-caption=\"\" data-medium-file=\"https:\/\/www.grieta.org.mx\/wp-content\/uploads\/2016\/07\/IMG_5317-800x400-300x150.jpg\" data-large-file=\"https:\/\/www.grieta.org.mx\/wp-content\/uploads\/2016\/07\/IMG_5317-800x400.jpg\" \/><\/a>\n\t\t\t<\/div><\/figure><figure class='gallery-item'>\n\t\t\t<div class='gallery-icon landscape'>\n\t\t\t\t<a href='https:\/\/www.grieta.org.mx\/index.php\/2016\/07\/28\/dia-6-comparte-por-la-humanidad-cideci\/img_5322-800x400\/'><img loading=\"lazy\" decoding=\"async\" width=\"300\" height=\"150\" src=\"https:\/\/www.grieta.org.mx\/wp-content\/uploads\/2016\/07\/IMG_5322-800x400-300x150.jpg\" class=\"attachment-medium size-medium\" alt=\"\" srcset=\"https:\/\/www.grieta.org.mx\/wp-content\/uploads\/2016\/07\/IMG_5322-800x400-300x150.jpg 300w, https:\/\/www.grieta.org.mx\/wp-content\/uploads\/2016\/07\/IMG_5322-800x400-768x384.jpg 768w, https:\/\/www.grieta.org.mx\/wp-content\/uploads\/2016\/07\/IMG_5322-800x400.jpg 800w\" sizes=\"auto, (max-width: 300px) 100vw, 300px\" data-attachment-id=\"18126\" data-permalink=\"https:\/\/www.grieta.org.mx\/index.php\/2016\/07\/28\/dia-6-comparte-por-la-humanidad-cideci\/img_5322-800x400\/\" data-orig-file=\"https:\/\/www.grieta.org.mx\/wp-content\/uploads\/2016\/07\/IMG_5322-800x400.jpg\" data-orig-size=\"800,400\" data-comments-opened=\"0\" data-image-meta=\"{&quot;aperture&quot;:&quot;0&quot;,&quot;credit&quot;:&quot;&quot;,&quot;camera&quot;:&quot;&quot;,&quot;caption&quot;:&quot;&quot;,&quot;created_timestamp&quot;:&quot;0&quot;,&quot;copyright&quot;:&quot;&quot;,&quot;focal_length&quot;:&quot;0&quot;,&quot;iso&quot;:&quot;0&quot;,&quot;shutter_speed&quot;:&quot;0&quot;,&quot;title&quot;:&quot;&quot;,&quot;orientation&quot;:&quot;0&quot;}\" data-image-title=\"IMG_5322-800&amp;#215;400\" data-image-description=\"\" data-image-caption=\"\" data-medium-file=\"https:\/\/www.grieta.org.mx\/wp-content\/uploads\/2016\/07\/IMG_5322-800x400-300x150.jpg\" data-large-file=\"https:\/\/www.grieta.org.mx\/wp-content\/uploads\/2016\/07\/IMG_5322-800x400.jpg\" \/><\/a>\n\t\t\t<\/div><\/figure><figure class='gallery-item'>\n\t\t\t<div class='gallery-icon landscape'>\n\t\t\t\t<a href='https:\/\/www.grieta.org.mx\/index.php\/2016\/07\/28\/dia-6-comparte-por-la-humanidad-cideci\/img_5325-800x400\/'><img loading=\"lazy\" decoding=\"async\" width=\"300\" height=\"150\" src=\"https:\/\/www.grieta.org.mx\/wp-content\/uploads\/2016\/07\/IMG_5325-800x400-300x150.jpg\" class=\"attachment-medium size-medium\" alt=\"\" srcset=\"https:\/\/www.grieta.org.mx\/wp-content\/uploads\/2016\/07\/IMG_5325-800x400-300x150.jpg 300w, https:\/\/www.grieta.org.mx\/wp-content\/uploads\/2016\/07\/IMG_5325-800x400-768x384.jpg 768w, https:\/\/www.grieta.org.mx\/wp-content\/uploads\/2016\/07\/IMG_5325-800x400.jpg 800w\" sizes=\"auto, (max-width: 300px) 100vw, 300px\" data-attachment-id=\"18127\" data-permalink=\"https:\/\/www.grieta.org.mx\/index.php\/2016\/07\/28\/dia-6-comparte-por-la-humanidad-cideci\/img_5325-800x400\/\" data-orig-file=\"https:\/\/www.grieta.org.mx\/wp-content\/uploads\/2016\/07\/IMG_5325-800x400.jpg\" data-orig-size=\"800,400\" data-comments-opened=\"0\" data-image-meta=\"{&quot;aperture&quot;:&quot;0&quot;,&quot;credit&quot;:&quot;&quot;,&quot;camera&quot;:&quot;&quot;,&quot;caption&quot;:&quot;&quot;,&quot;created_timestamp&quot;:&quot;0&quot;,&quot;copyright&quot;:&quot;&quot;,&quot;focal_length&quot;:&quot;0&quot;,&quot;iso&quot;:&quot;0&quot;,&quot;shutter_speed&quot;:&quot;0&quot;,&quot;title&quot;:&quot;&quot;,&quot;orientation&quot;:&quot;0&quot;}\" data-image-title=\"IMG_5325-800&amp;#215;400\" data-image-description=\"\" data-image-caption=\"\" data-medium-file=\"https:\/\/www.grieta.org.mx\/wp-content\/uploads\/2016\/07\/IMG_5325-800x400-300x150.jpg\" data-large-file=\"https:\/\/www.grieta.org.mx\/wp-content\/uploads\/2016\/07\/IMG_5325-800x400.jpg\" \/><\/a>\n\t\t\t<\/div><\/figure><figure class='gallery-item'>\n\t\t\t<div class='gallery-icon landscape'>\n\t\t\t\t<a href='https:\/\/www.grieta.org.mx\/index.php\/2016\/07\/28\/dia-6-comparte-por-la-humanidad-cideci\/img_5329-800x400\/'><img loading=\"lazy\" decoding=\"async\" width=\"300\" height=\"150\" src=\"https:\/\/www.grieta.org.mx\/wp-content\/uploads\/2016\/07\/IMG_5329-800x400-300x150.jpg\" class=\"attachment-medium size-medium\" alt=\"\" srcset=\"https:\/\/www.grieta.org.mx\/wp-content\/uploads\/2016\/07\/IMG_5329-800x400-300x150.jpg 300w, https:\/\/www.grieta.org.mx\/wp-content\/uploads\/2016\/07\/IMG_5329-800x400-768x384.jpg 768w, https:\/\/www.grieta.org.mx\/wp-content\/uploads\/2016\/07\/IMG_5329-800x400.jpg 800w\" sizes=\"auto, (max-width: 300px) 100vw, 300px\" data-attachment-id=\"18128\" data-permalink=\"https:\/\/www.grieta.org.mx\/index.php\/2016\/07\/28\/dia-6-comparte-por-la-humanidad-cideci\/img_5329-800x400\/\" data-orig-file=\"https:\/\/www.grieta.org.mx\/wp-content\/uploads\/2016\/07\/IMG_5329-800x400.jpg\" data-orig-size=\"800,400\" data-comments-opened=\"0\" data-image-meta=\"{&quot;aperture&quot;:&quot;0&quot;,&quot;credit&quot;:&quot;&quot;,&quot;camera&quot;:&quot;&quot;,&quot;caption&quot;:&quot;&quot;,&quot;created_timestamp&quot;:&quot;0&quot;,&quot;copyright&quot;:&quot;&quot;,&quot;focal_length&quot;:&quot;0&quot;,&quot;iso&quot;:&quot;0&quot;,&quot;shutter_speed&quot;:&quot;0&quot;,&quot;title&quot;:&quot;&quot;,&quot;orientation&quot;:&quot;0&quot;}\" data-image-title=\"IMG_5329-800&amp;#215;400\" data-image-description=\"\" data-image-caption=\"\" data-medium-file=\"https:\/\/www.grieta.org.mx\/wp-content\/uploads\/2016\/07\/IMG_5329-800x400-300x150.jpg\" data-large-file=\"https:\/\/www.grieta.org.mx\/wp-content\/uploads\/2016\/07\/IMG_5329-800x400.jpg\" \/><\/a>\n\t\t\t<\/div><\/figure><figure class='gallery-item'>\n\t\t\t<div class='gallery-icon landscape'>\n\t\t\t\t<a href='https:\/\/www.grieta.org.mx\/index.php\/2016\/07\/28\/dia-6-comparte-por-la-humanidad-cideci\/img_5375-800x400\/'><img loading=\"lazy\" decoding=\"async\" width=\"300\" height=\"150\" src=\"https:\/\/www.grieta.org.mx\/wp-content\/uploads\/2016\/07\/IMG_5375-800x400-300x150.jpg\" class=\"attachment-medium size-medium\" alt=\"\" srcset=\"https:\/\/www.grieta.org.mx\/wp-content\/uploads\/2016\/07\/IMG_5375-800x400-300x150.jpg 300w, https:\/\/www.grieta.org.mx\/wp-content\/uploads\/2016\/07\/IMG_5375-800x400-768x384.jpg 768w, https:\/\/www.grieta.org.mx\/wp-content\/uploads\/2016\/07\/IMG_5375-800x400.jpg 800w\" sizes=\"auto, (max-width: 300px) 100vw, 300px\" data-attachment-id=\"18129\" data-permalink=\"https:\/\/www.grieta.org.mx\/index.php\/2016\/07\/28\/dia-6-comparte-por-la-humanidad-cideci\/img_5375-800x400\/\" data-orig-file=\"https:\/\/www.grieta.org.mx\/wp-content\/uploads\/2016\/07\/IMG_5375-800x400.jpg\" data-orig-size=\"800,400\" data-comments-opened=\"0\" data-image-meta=\"{&quot;aperture&quot;:&quot;0&quot;,&quot;credit&quot;:&quot;&quot;,&quot;camera&quot;:&quot;&quot;,&quot;caption&quot;:&quot;&quot;,&quot;created_timestamp&quot;:&quot;0&quot;,&quot;copyright&quot;:&quot;&quot;,&quot;focal_length&quot;:&quot;0&quot;,&quot;iso&quot;:&quot;0&quot;,&quot;shutter_speed&quot;:&quot;0&quot;,&quot;title&quot;:&quot;&quot;,&quot;orientation&quot;:&quot;0&quot;}\" data-image-title=\"IMG_5375-800&amp;#215;400\" data-image-description=\"\" data-image-caption=\"\" data-medium-file=\"https:\/\/www.grieta.org.mx\/wp-content\/uploads\/2016\/07\/IMG_5375-800x400-300x150.jpg\" data-large-file=\"https:\/\/www.grieta.org.mx\/wp-content\/uploads\/2016\/07\/IMG_5375-800x400.jpg\" \/><\/a>\n\t\t\t<\/div><\/figure><figure class='gallery-item'>\n\t\t\t<div class='gallery-icon landscape'>\n\t\t\t\t<a href='https:\/\/www.grieta.org.mx\/index.php\/2016\/07\/28\/dia-6-comparte-por-la-humanidad-cideci\/mg_7782-800x400\/'><img loading=\"lazy\" decoding=\"async\" width=\"300\" height=\"150\" src=\"https:\/\/www.grieta.org.mx\/wp-content\/uploads\/2016\/07\/MG_7782-800x400-300x150.jpg\" class=\"attachment-medium size-medium\" alt=\"\" srcset=\"https:\/\/www.grieta.org.mx\/wp-content\/uploads\/2016\/07\/MG_7782-800x400-300x150.jpg 300w, https:\/\/www.grieta.org.mx\/wp-content\/uploads\/2016\/07\/MG_7782-800x400-768x384.jpg 768w, https:\/\/www.grieta.org.mx\/wp-content\/uploads\/2016\/07\/MG_7782-800x400.jpg 800w\" sizes=\"auto, (max-width: 300px) 100vw, 300px\" data-attachment-id=\"18130\" data-permalink=\"https:\/\/www.grieta.org.mx\/index.php\/2016\/07\/28\/dia-6-comparte-por-la-humanidad-cideci\/mg_7782-800x400\/\" data-orig-file=\"https:\/\/www.grieta.org.mx\/wp-content\/uploads\/2016\/07\/MG_7782-800x400.jpg\" data-orig-size=\"800,400\" data-comments-opened=\"0\" data-image-meta=\"{&quot;aperture&quot;:&quot;0&quot;,&quot;credit&quot;:&quot;&quot;,&quot;camera&quot;:&quot;&quot;,&quot;caption&quot;:&quot;&quot;,&quot;created_timestamp&quot;:&quot;0&quot;,&quot;copyright&quot;:&quot;&quot;,&quot;focal_length&quot;:&quot;0&quot;,&quot;iso&quot;:&quot;0&quot;,&quot;shutter_speed&quot;:&quot;0&quot;,&quot;title&quot;:&quot;&quot;,&quot;orientation&quot;:&quot;0&quot;}\" data-image-title=\"MG_7782-800&amp;#215;400\" data-image-description=\"\" data-image-caption=\"\" data-medium-file=\"https:\/\/www.grieta.org.mx\/wp-content\/uploads\/2016\/07\/MG_7782-800x400-300x150.jpg\" data-large-file=\"https:\/\/www.grieta.org.mx\/wp-content\/uploads\/2016\/07\/MG_7782-800x400.jpg\" \/><\/a>\n\t\t\t<\/div><\/figure><figure class='gallery-item'>\n\t\t\t<div class='gallery-icon landscape'>\n\t\t\t\t<a href='https:\/\/www.grieta.org.mx\/index.php\/2016\/07\/28\/dia-6-comparte-por-la-humanidad-cideci\/mg_7787-800x400\/'><img loading=\"lazy\" decoding=\"async\" width=\"300\" height=\"150\" src=\"https:\/\/www.grieta.org.mx\/wp-content\/uploads\/2016\/07\/MG_7787-800x400-300x150.jpg\" class=\"attachment-medium size-medium\" alt=\"\" srcset=\"https:\/\/www.grieta.org.mx\/wp-content\/uploads\/2016\/07\/MG_7787-800x400-300x150.jpg 300w, https:\/\/www.grieta.org.mx\/wp-content\/uploads\/2016\/07\/MG_7787-800x400-768x384.jpg 768w, https:\/\/www.grieta.org.mx\/wp-content\/uploads\/2016\/07\/MG_7787-800x400.jpg 800w\" sizes=\"auto, (max-width: 300px) 100vw, 300px\" data-attachment-id=\"18131\" data-permalink=\"https:\/\/www.grieta.org.mx\/index.php\/2016\/07\/28\/dia-6-comparte-por-la-humanidad-cideci\/mg_7787-800x400\/\" data-orig-file=\"https:\/\/www.grieta.org.mx\/wp-content\/uploads\/2016\/07\/MG_7787-800x400.jpg\" data-orig-size=\"800,400\" data-comments-opened=\"0\" data-image-meta=\"{&quot;aperture&quot;:&quot;0&quot;,&quot;credit&quot;:&quot;&quot;,&quot;camera&quot;:&quot;&quot;,&quot;caption&quot;:&quot;&quot;,&quot;created_timestamp&quot;:&quot;0&quot;,&quot;copyright&quot;:&quot;&quot;,&quot;focal_length&quot;:&quot;0&quot;,&quot;iso&quot;:&quot;0&quot;,&quot;shutter_speed&quot;:&quot;0&quot;,&quot;title&quot;:&quot;&quot;,&quot;orientation&quot;:&quot;0&quot;}\" data-image-title=\"MG_7787-800&amp;#215;400\" data-image-description=\"\" data-image-caption=\"\" data-medium-file=\"https:\/\/www.grieta.org.mx\/wp-content\/uploads\/2016\/07\/MG_7787-800x400-300x150.jpg\" data-large-file=\"https:\/\/www.grieta.org.mx\/wp-content\/uploads\/2016\/07\/MG_7787-800x400.jpg\" \/><\/a>\n\t\t\t<\/div><\/figure><figure class='gallery-item'>\n\t\t\t<div class='gallery-icon landscape'>\n\t\t\t\t<a href='https:\/\/www.grieta.org.mx\/index.php\/2016\/07\/28\/dia-6-comparte-por-la-humanidad-cideci\/mg_7796-800x400\/'><img loading=\"lazy\" decoding=\"async\" width=\"300\" height=\"150\" src=\"https:\/\/www.grieta.org.mx\/wp-content\/uploads\/2016\/07\/MG_7796-800x400-300x150.jpg\" class=\"attachment-medium size-medium\" alt=\"\" srcset=\"https:\/\/www.grieta.org.mx\/wp-content\/uploads\/2016\/07\/MG_7796-800x400-300x150.jpg 300w, https:\/\/www.grieta.org.mx\/wp-content\/uploads\/2016\/07\/MG_7796-800x400-768x384.jpg 768w, https:\/\/www.grieta.org.mx\/wp-content\/uploads\/2016\/07\/MG_7796-800x400.jpg 800w\" sizes=\"auto, (max-width: 300px) 100vw, 300px\" data-attachment-id=\"18132\" data-permalink=\"https:\/\/www.grieta.org.mx\/index.php\/2016\/07\/28\/dia-6-comparte-por-la-humanidad-cideci\/mg_7796-800x400\/\" data-orig-file=\"https:\/\/www.grieta.org.mx\/wp-content\/uploads\/2016\/07\/MG_7796-800x400.jpg\" data-orig-size=\"800,400\" data-comments-opened=\"0\" data-image-meta=\"{&quot;aperture&quot;:&quot;0&quot;,&quot;credit&quot;:&quot;&quot;,&quot;camera&quot;:&quot;&quot;,&quot;caption&quot;:&quot;&quot;,&quot;created_timestamp&quot;:&quot;0&quot;,&quot;copyright&quot;:&quot;&quot;,&quot;focal_length&quot;:&quot;0&quot;,&quot;iso&quot;:&quot;0&quot;,&quot;shutter_speed&quot;:&quot;0&quot;,&quot;title&quot;:&quot;&quot;,&quot;orientation&quot;:&quot;0&quot;}\" data-image-title=\"MG_7796-800&amp;#215;400\" data-image-description=\"\" data-image-caption=\"\" data-medium-file=\"https:\/\/www.grieta.org.mx\/wp-content\/uploads\/2016\/07\/MG_7796-800x400-300x150.jpg\" data-large-file=\"https:\/\/www.grieta.org.mx\/wp-content\/uploads\/2016\/07\/MG_7796-800x400.jpg\" \/><\/a>\n\t\t\t<\/div><\/figure><figure class='gallery-item'>\n\t\t\t<div class='gallery-icon landscape'>\n\t\t\t\t<a href='https:\/\/www.grieta.org.mx\/index.php\/2016\/07\/28\/dia-6-comparte-por-la-humanidad-cideci\/mg_8116-800x400\/'><img loading=\"lazy\" decoding=\"async\" width=\"300\" height=\"150\" src=\"https:\/\/www.grieta.org.mx\/wp-content\/uploads\/2016\/07\/MG_8116-800x400-300x150.jpg\" class=\"attachment-medium size-medium\" alt=\"\" srcset=\"https:\/\/www.grieta.org.mx\/wp-content\/uploads\/2016\/07\/MG_8116-800x400-300x150.jpg 300w, https:\/\/www.grieta.org.mx\/wp-content\/uploads\/2016\/07\/MG_8116-800x400-768x384.jpg 768w, https:\/\/www.grieta.org.mx\/wp-content\/uploads\/2016\/07\/MG_8116-800x400.jpg 800w\" sizes=\"auto, (max-width: 300px) 100vw, 300px\" data-attachment-id=\"18133\" data-permalink=\"https:\/\/www.grieta.org.mx\/index.php\/2016\/07\/28\/dia-6-comparte-por-la-humanidad-cideci\/mg_8116-800x400\/\" data-orig-file=\"https:\/\/www.grieta.org.mx\/wp-content\/uploads\/2016\/07\/MG_8116-800x400.jpg\" data-orig-size=\"800,400\" data-comments-opened=\"0\" data-image-meta=\"{&quot;aperture&quot;:&quot;0&quot;,&quot;credit&quot;:&quot;&quot;,&quot;camera&quot;:&quot;&quot;,&quot;caption&quot;:&quot;&quot;,&quot;created_timestamp&quot;:&quot;0&quot;,&quot;copyright&quot;:&quot;&quot;,&quot;focal_length&quot;:&quot;0&quot;,&quot;iso&quot;:&quot;0&quot;,&quot;shutter_speed&quot;:&quot;0&quot;,&quot;title&quot;:&quot;&quot;,&quot;orientation&quot;:&quot;0&quot;}\" data-image-title=\"MG_8116-800&amp;#215;400\" data-image-description=\"\" data-image-caption=\"\" data-medium-file=\"https:\/\/www.grieta.org.mx\/wp-content\/uploads\/2016\/07\/MG_8116-800x400-300x150.jpg\" data-large-file=\"https:\/\/www.grieta.org.mx\/wp-content\/uploads\/2016\/07\/MG_8116-800x400.jpg\" \/><\/a>\n\t\t\t<\/div><\/figure><figure class='gallery-item'>\n\t\t\t<div class='gallery-icon landscape'>\n\t\t\t\t<a href='https:\/\/www.grieta.org.mx\/index.php\/2016\/07\/28\/dia-6-comparte-por-la-humanidad-cideci\/mg_8121-800x400\/'><img loading=\"lazy\" decoding=\"async\" width=\"300\" height=\"150\" src=\"https:\/\/www.grieta.org.mx\/wp-content\/uploads\/2016\/07\/MG_8121-800x400-300x150.jpg\" class=\"attachment-medium size-medium\" alt=\"\" srcset=\"https:\/\/www.grieta.org.mx\/wp-content\/uploads\/2016\/07\/MG_8121-800x400-300x150.jpg 300w, https:\/\/www.grieta.org.mx\/wp-content\/uploads\/2016\/07\/MG_8121-800x400-768x384.jpg 768w, https:\/\/www.grieta.org.mx\/wp-content\/uploads\/2016\/07\/MG_8121-800x400.jpg 800w\" sizes=\"auto, (max-width: 300px) 100vw, 300px\" data-attachment-id=\"18134\" data-permalink=\"https:\/\/www.grieta.org.mx\/index.php\/2016\/07\/28\/dia-6-comparte-por-la-humanidad-cideci\/mg_8121-800x400\/\" data-orig-file=\"https:\/\/www.grieta.org.mx\/wp-content\/uploads\/2016\/07\/MG_8121-800x400.jpg\" data-orig-size=\"800,400\" data-comments-opened=\"0\" data-image-meta=\"{&quot;aperture&quot;:&quot;0&quot;,&quot;credit&quot;:&quot;&quot;,&quot;camera&quot;:&quot;&quot;,&quot;caption&quot;:&quot;&quot;,&quot;created_timestamp&quot;:&quot;0&quot;,&quot;copyright&quot;:&quot;&quot;,&quot;focal_length&quot;:&quot;0&quot;,&quot;iso&quot;:&quot;0&quot;,&quot;shutter_speed&quot;:&quot;0&quot;,&quot;title&quot;:&quot;&quot;,&quot;orientation&quot;:&quot;0&quot;}\" data-image-title=\"MG_8121-800&amp;#215;400\" data-image-description=\"\" data-image-caption=\"\" data-medium-file=\"https:\/\/www.grieta.org.mx\/wp-content\/uploads\/2016\/07\/MG_8121-800x400-300x150.jpg\" data-large-file=\"https:\/\/www.grieta.org.mx\/wp-content\/uploads\/2016\/07\/MG_8121-800x400.jpg\" \/><\/a>\n\t\t\t<\/div><\/figure><figure class='gallery-item'>\n\t\t\t<div class='gallery-icon landscape'>\n\t\t\t\t<a href='https:\/\/www.grieta.org.mx\/index.php\/2016\/07\/28\/dia-6-comparte-por-la-humanidad-cideci\/mg_8132-800x400\/'><img loading=\"lazy\" decoding=\"async\" width=\"300\" height=\"150\" src=\"https:\/\/www.grieta.org.mx\/wp-content\/uploads\/2016\/07\/MG_8132-800x400-300x150.jpg\" class=\"attachment-medium size-medium\" alt=\"\" srcset=\"https:\/\/www.grieta.org.mx\/wp-content\/uploads\/2016\/07\/MG_8132-800x400-300x150.jpg 300w, https:\/\/www.grieta.org.mx\/wp-content\/uploads\/2016\/07\/MG_8132-800x400-768x384.jpg 768w, https:\/\/www.grieta.org.mx\/wp-content\/uploads\/2016\/07\/MG_8132-800x400.jpg 800w\" sizes=\"auto, (max-width: 300px) 100vw, 300px\" data-attachment-id=\"18135\" data-permalink=\"https:\/\/www.grieta.org.mx\/index.php\/2016\/07\/28\/dia-6-comparte-por-la-humanidad-cideci\/mg_8132-800x400\/\" data-orig-file=\"https:\/\/www.grieta.org.mx\/wp-content\/uploads\/2016\/07\/MG_8132-800x400.jpg\" data-orig-size=\"800,400\" data-comments-opened=\"0\" data-image-meta=\"{&quot;aperture&quot;:&quot;0&quot;,&quot;credit&quot;:&quot;&quot;,&quot;camera&quot;:&quot;&quot;,&quot;caption&quot;:&quot;&quot;,&quot;created_timestamp&quot;:&quot;0&quot;,&quot;copyright&quot;:&quot;&quot;,&quot;focal_length&quot;:&quot;0&quot;,&quot;iso&quot;:&quot;0&quot;,&quot;shutter_speed&quot;:&quot;0&quot;,&quot;title&quot;:&quot;&quot;,&quot;orientation&quot;:&quot;0&quot;}\" data-image-title=\"MG_8132-800&amp;#215;400\" data-image-description=\"\" data-image-caption=\"\" data-medium-file=\"https:\/\/www.grieta.org.mx\/wp-content\/uploads\/2016\/07\/MG_8132-800x400-300x150.jpg\" data-large-file=\"https:\/\/www.grieta.org.mx\/wp-content\/uploads\/2016\/07\/MG_8132-800x400.jpg\" \/><\/a>\n\t\t\t<\/div><\/figure><figure class='gallery-item'>\n\t\t\t<div class='gallery-icon landscape'>\n\t\t\t\t<a href='https:\/\/www.grieta.org.mx\/index.php\/2016\/07\/28\/dia-6-comparte-por-la-humanidad-cideci\/mg_8135-800x400\/'><img loading=\"lazy\" decoding=\"async\" width=\"300\" height=\"150\" src=\"https:\/\/www.grieta.org.mx\/wp-content\/uploads\/2016\/07\/MG_8135-800x400-300x150.jpg\" class=\"attachment-medium size-medium\" alt=\"\" srcset=\"https:\/\/www.grieta.org.mx\/wp-content\/uploads\/2016\/07\/MG_8135-800x400-300x150.jpg 300w, https:\/\/www.grieta.org.mx\/wp-content\/uploads\/2016\/07\/MG_8135-800x400-768x384.jpg 768w, https:\/\/www.grieta.org.mx\/wp-content\/uploads\/2016\/07\/MG_8135-800x400.jpg 800w\" sizes=\"auto, (max-width: 300px) 100vw, 300px\" data-attachment-id=\"18136\" data-permalink=\"https:\/\/www.grieta.org.mx\/index.php\/2016\/07\/28\/dia-6-comparte-por-la-humanidad-cideci\/mg_8135-800x400\/\" data-orig-file=\"https:\/\/www.grieta.org.mx\/wp-content\/uploads\/2016\/07\/MG_8135-800x400.jpg\" data-orig-size=\"800,400\" data-comments-opened=\"0\" data-image-meta=\"{&quot;aperture&quot;:&quot;0&quot;,&quot;credit&quot;:&quot;&quot;,&quot;camera&quot;:&quot;&quot;,&quot;caption&quot;:&quot;&quot;,&quot;created_timestamp&quot;:&quot;0&quot;,&quot;copyright&quot;:&quot;&quot;,&quot;focal_length&quot;:&quot;0&quot;,&quot;iso&quot;:&quot;0&quot;,&quot;shutter_speed&quot;:&quot;0&quot;,&quot;title&quot;:&quot;&quot;,&quot;orientation&quot;:&quot;0&quot;}\" data-image-title=\"MG_8135-800&amp;#215;400\" data-image-description=\"\" data-image-caption=\"\" data-medium-file=\"https:\/\/www.grieta.org.mx\/wp-content\/uploads\/2016\/07\/MG_8135-800x400-300x150.jpg\" data-large-file=\"https:\/\/www.grieta.org.mx\/wp-content\/uploads\/2016\/07\/MG_8135-800x400.jpg\" \/><\/a>\n\t\t\t<\/div><\/figure><figure class='gallery-item'>\n\t\t\t<div class='gallery-icon landscape'>\n\t\t\t\t<a href='https:\/\/www.grieta.org.mx\/index.php\/2016\/07\/28\/dia-6-comparte-por-la-humanidad-cideci\/mg_8145-800x400\/'><img loading=\"lazy\" decoding=\"async\" width=\"300\" height=\"150\" src=\"https:\/\/www.grieta.org.mx\/wp-content\/uploads\/2016\/07\/MG_8145-800x400-300x150.jpg\" class=\"attachment-medium size-medium\" alt=\"\" srcset=\"https:\/\/www.grieta.org.mx\/wp-content\/uploads\/2016\/07\/MG_8145-800x400-300x150.jpg 300w, https:\/\/www.grieta.org.mx\/wp-content\/uploads\/2016\/07\/MG_8145-800x400-768x384.jpg 768w, https:\/\/www.grieta.org.mx\/wp-content\/uploads\/2016\/07\/MG_8145-800x400.jpg 800w\" sizes=\"auto, (max-width: 300px) 100vw, 300px\" data-attachment-id=\"18137\" data-permalink=\"https:\/\/www.grieta.org.mx\/index.php\/2016\/07\/28\/dia-6-comparte-por-la-humanidad-cideci\/mg_8145-800x400\/\" data-orig-file=\"https:\/\/www.grieta.org.mx\/wp-content\/uploads\/2016\/07\/MG_8145-800x400.jpg\" data-orig-size=\"800,400\" data-comments-opened=\"0\" data-image-meta=\"{&quot;aperture&quot;:&quot;0&quot;,&quot;credit&quot;:&quot;&quot;,&quot;camera&quot;:&quot;&quot;,&quot;caption&quot;:&quot;&quot;,&quot;created_timestamp&quot;:&quot;0&quot;,&quot;copyright&quot;:&quot;&quot;,&quot;focal_length&quot;:&quot;0&quot;,&quot;iso&quot;:&quot;0&quot;,&quot;shutter_speed&quot;:&quot;0&quot;,&quot;title&quot;:&quot;&quot;,&quot;orientation&quot;:&quot;0&quot;}\" data-image-title=\"MG_8145-800&amp;#215;400\" data-image-description=\"\" data-image-caption=\"\" data-medium-file=\"https:\/\/www.grieta.org.mx\/wp-content\/uploads\/2016\/07\/MG_8145-800x400-300x150.jpg\" data-large-file=\"https:\/\/www.grieta.org.mx\/wp-content\/uploads\/2016\/07\/MG_8145-800x400.jpg\" \/><\/a>\n\t\t\t<\/div><\/figure><figure class='gallery-item'>\n\t\t\t<div class='gallery-icon landscape'>\n\t\t\t\t<a href='https:\/\/www.grieta.org.mx\/index.php\/2016\/07\/28\/dia-6-comparte-por-la-humanidad-cideci\/mg_8151-800x400\/'><img loading=\"lazy\" decoding=\"async\" width=\"300\" height=\"150\" src=\"https:\/\/www.grieta.org.mx\/wp-content\/uploads\/2016\/07\/MG_8151-800x400-300x150.jpg\" class=\"attachment-medium size-medium\" alt=\"\" srcset=\"https:\/\/www.grieta.org.mx\/wp-content\/uploads\/2016\/07\/MG_8151-800x400-300x150.jpg 300w, https:\/\/www.grieta.org.mx\/wp-content\/uploads\/2016\/07\/MG_8151-800x400-768x384.jpg 768w, https:\/\/www.grieta.org.mx\/wp-content\/uploads\/2016\/07\/MG_8151-800x400.jpg 800w\" sizes=\"auto, (max-width: 300px) 100vw, 300px\" data-attachment-id=\"18138\" data-permalink=\"https:\/\/www.grieta.org.mx\/index.php\/2016\/07\/28\/dia-6-comparte-por-la-humanidad-cideci\/mg_8151-800x400\/\" data-orig-file=\"https:\/\/www.grieta.org.mx\/wp-content\/uploads\/2016\/07\/MG_8151-800x400.jpg\" data-orig-size=\"800,400\" data-comments-opened=\"0\" data-image-meta=\"{&quot;aperture&quot;:&quot;0&quot;,&quot;credit&quot;:&quot;&quot;,&quot;camera&quot;:&quot;&quot;,&quot;caption&quot;:&quot;&quot;,&quot;created_timestamp&quot;:&quot;0&quot;,&quot;copyright&quot;:&quot;&quot;,&quot;focal_length&quot;:&quot;0&quot;,&quot;iso&quot;:&quot;0&quot;,&quot;shutter_speed&quot;:&quot;0&quot;,&quot;title&quot;:&quot;&quot;,&quot;orientation&quot;:&quot;0&quot;}\" data-image-title=\"MG_8151-800&amp;#215;400\" data-image-description=\"\" data-image-caption=\"\" data-medium-file=\"https:\/\/www.grieta.org.mx\/wp-content\/uploads\/2016\/07\/MG_8151-800x400-300x150.jpg\" data-large-file=\"https:\/\/www.grieta.org.mx\/wp-content\/uploads\/2016\/07\/MG_8151-800x400.jpg\" \/><\/a>\n\t\t\t<\/div><\/figure><figure class='gallery-item'>\n\t\t\t<div class='gallery-icon landscape'>\n\t\t\t\t<a href='https:\/\/www.grieta.org.mx\/index.php\/2016\/07\/28\/dia-6-comparte-por-la-humanidad-cideci\/mg_8163-800x400\/'><img loading=\"lazy\" decoding=\"async\" width=\"300\" height=\"150\" src=\"https:\/\/www.grieta.org.mx\/wp-content\/uploads\/2016\/07\/MG_8163-800x400-300x150.jpg\" class=\"attachment-medium size-medium\" alt=\"\" srcset=\"https:\/\/www.grieta.org.mx\/wp-content\/uploads\/2016\/07\/MG_8163-800x400-300x150.jpg 300w, https:\/\/www.grieta.org.mx\/wp-content\/uploads\/2016\/07\/MG_8163-800x400-768x384.jpg 768w, https:\/\/www.grieta.org.mx\/wp-content\/uploads\/2016\/07\/MG_8163-800x400.jpg 800w\" sizes=\"auto, (max-width: 300px) 100vw, 300px\" data-attachment-id=\"18139\" data-permalink=\"https:\/\/www.grieta.org.mx\/index.php\/2016\/07\/28\/dia-6-comparte-por-la-humanidad-cideci\/mg_8163-800x400\/\" data-orig-file=\"https:\/\/www.grieta.org.mx\/wp-content\/uploads\/2016\/07\/MG_8163-800x400.jpg\" data-orig-size=\"800,400\" data-comments-opened=\"0\" data-image-meta=\"{&quot;aperture&quot;:&quot;0&quot;,&quot;credit&quot;:&quot;&quot;,&quot;camera&quot;:&quot;&quot;,&quot;caption&quot;:&quot;&quot;,&quot;created_timestamp&quot;:&quot;0&quot;,&quot;copyright&quot;:&quot;&quot;,&quot;focal_length&quot;:&quot;0&quot;,&quot;iso&quot;:&quot;0&quot;,&quot;shutter_speed&quot;:&quot;0&quot;,&quot;title&quot;:&quot;&quot;,&quot;orientation&quot;:&quot;0&quot;}\" data-image-title=\"MG_8163-800&amp;#215;400\" data-image-description=\"\" data-image-caption=\"\" data-medium-file=\"https:\/\/www.grieta.org.mx\/wp-content\/uploads\/2016\/07\/MG_8163-800x400-300x150.jpg\" data-large-file=\"https:\/\/www.grieta.org.mx\/wp-content\/uploads\/2016\/07\/MG_8163-800x400.jpg\" \/><\/a>\n\t\t\t<\/div><\/figure><figure class='gallery-item'>\n\t\t\t<div class='gallery-icon landscape'>\n\t\t\t\t<a href='https:\/\/www.grieta.org.mx\/index.php\/2016\/07\/28\/dia-6-comparte-por-la-humanidad-cideci\/mg_8167-800x400\/'><img loading=\"lazy\" decoding=\"async\" width=\"300\" height=\"150\" src=\"https:\/\/www.grieta.org.mx\/wp-content\/uploads\/2016\/07\/MG_8167-800x400-300x150.jpg\" class=\"attachment-medium size-medium\" alt=\"\" srcset=\"https:\/\/www.grieta.org.mx\/wp-content\/uploads\/2016\/07\/MG_8167-800x400-300x150.jpg 300w, https:\/\/www.grieta.org.mx\/wp-content\/uploads\/2016\/07\/MG_8167-800x400-768x384.jpg 768w, https:\/\/www.grieta.org.mx\/wp-content\/uploads\/2016\/07\/MG_8167-800x400.jpg 800w\" sizes=\"auto, (max-width: 300px) 100vw, 300px\" data-attachment-id=\"18140\" data-permalink=\"https:\/\/www.grieta.org.mx\/index.php\/2016\/07\/28\/dia-6-comparte-por-la-humanidad-cideci\/mg_8167-800x400\/\" data-orig-file=\"https:\/\/www.grieta.org.mx\/wp-content\/uploads\/2016\/07\/MG_8167-800x400.jpg\" data-orig-size=\"800,400\" data-comments-opened=\"0\" data-image-meta=\"{&quot;aperture&quot;:&quot;0&quot;,&quot;credit&quot;:&quot;&quot;,&quot;camera&quot;:&quot;&quot;,&quot;caption&quot;:&quot;&quot;,&quot;created_timestamp&quot;:&quot;0&quot;,&quot;copyright&quot;:&quot;&quot;,&quot;focal_length&quot;:&quot;0&quot;,&quot;iso&quot;:&quot;0&quot;,&quot;shutter_speed&quot;:&quot;0&quot;,&quot;title&quot;:&quot;&quot;,&quot;orientation&quot;:&quot;0&quot;}\" data-image-title=\"MG_8167-800&amp;#215;400\" data-image-description=\"\" data-image-caption=\"\" data-medium-file=\"https:\/\/www.grieta.org.mx\/wp-content\/uploads\/2016\/07\/MG_8167-800x400-300x150.jpg\" data-large-file=\"https:\/\/www.grieta.org.mx\/wp-content\/uploads\/2016\/07\/MG_8167-800x400.jpg\" \/><\/a>\n\t\t\t<\/div><\/figure><figure class='gallery-item'>\n\t\t\t<div class='gallery-icon landscape'>\n\t\t\t\t<a href='https:\/\/www.grieta.org.mx\/index.php\/2016\/07\/28\/dia-6-comparte-por-la-humanidad-cideci\/mg_8195-800x400\/'><img loading=\"lazy\" decoding=\"async\" width=\"300\" height=\"150\" src=\"https:\/\/www.grieta.org.mx\/wp-content\/uploads\/2016\/07\/MG_8195-800x400-300x150.jpg\" class=\"attachment-medium size-medium\" alt=\"\" srcset=\"https:\/\/www.grieta.org.mx\/wp-content\/uploads\/2016\/07\/MG_8195-800x400-300x150.jpg 300w, https:\/\/www.grieta.org.mx\/wp-content\/uploads\/2016\/07\/MG_8195-800x400-768x384.jpg 768w, https:\/\/www.grieta.org.mx\/wp-content\/uploads\/2016\/07\/MG_8195-800x400.jpg 800w\" sizes=\"auto, (max-width: 300px) 100vw, 300px\" data-attachment-id=\"18141\" data-permalink=\"https:\/\/www.grieta.org.mx\/index.php\/2016\/07\/28\/dia-6-comparte-por-la-humanidad-cideci\/mg_8195-800x400\/\" data-orig-file=\"https:\/\/www.grieta.org.mx\/wp-content\/uploads\/2016\/07\/MG_8195-800x400.jpg\" data-orig-size=\"800,400\" data-comments-opened=\"0\" data-image-meta=\"{&quot;aperture&quot;:&quot;0&quot;,&quot;credit&quot;:&quot;&quot;,&quot;camera&quot;:&quot;&quot;,&quot;caption&quot;:&quot;&quot;,&quot;created_timestamp&quot;:&quot;0&quot;,&quot;copyright&quot;:&quot;&quot;,&quot;focal_length&quot;:&quot;0&quot;,&quot;iso&quot;:&quot;0&quot;,&quot;shutter_speed&quot;:&quot;0&quot;,&quot;title&quot;:&quot;&quot;,&quot;orientation&quot;:&quot;0&quot;}\" data-image-title=\"MG_8195-800&amp;#215;400\" data-image-description=\"\" data-image-caption=\"\" data-medium-file=\"https:\/\/www.grieta.org.mx\/wp-content\/uploads\/2016\/07\/MG_8195-800x400-300x150.jpg\" data-large-file=\"https:\/\/www.grieta.org.mx\/wp-content\/uploads\/2016\/07\/MG_8195-800x400.jpg\" \/><\/a>\n\t\t\t<\/div><\/figure><figure class='gallery-item'>\n\t\t\t<div class='gallery-icon landscape'>\n\t\t\t\t<a href='https:\/\/www.grieta.org.mx\/index.php\/2016\/07\/28\/dia-6-comparte-por-la-humanidad-cideci\/mg_8219-800x400\/'><img loading=\"lazy\" decoding=\"async\" width=\"300\" height=\"150\" src=\"https:\/\/www.grieta.org.mx\/wp-content\/uploads\/2016\/07\/MG_8219-800x400-300x150.jpg\" class=\"attachment-medium size-medium\" alt=\"\" srcset=\"https:\/\/www.grieta.org.mx\/wp-content\/uploads\/2016\/07\/MG_8219-800x400-300x150.jpg 300w, https:\/\/www.grieta.org.mx\/wp-content\/uploads\/2016\/07\/MG_8219-800x400-768x384.jpg 768w, https:\/\/www.grieta.org.mx\/wp-content\/uploads\/2016\/07\/MG_8219-800x400.jpg 800w\" sizes=\"auto, (max-width: 300px) 100vw, 300px\" data-attachment-id=\"18142\" data-permalink=\"https:\/\/www.grieta.org.mx\/index.php\/2016\/07\/28\/dia-6-comparte-por-la-humanidad-cideci\/mg_8219-800x400\/\" data-orig-file=\"https:\/\/www.grieta.org.mx\/wp-content\/uploads\/2016\/07\/MG_8219-800x400.jpg\" data-orig-size=\"800,400\" data-comments-opened=\"0\" data-image-meta=\"{&quot;aperture&quot;:&quot;0&quot;,&quot;credit&quot;:&quot;&quot;,&quot;camera&quot;:&quot;&quot;,&quot;caption&quot;:&quot;&quot;,&quot;created_timestamp&quot;:&quot;0&quot;,&quot;copyright&quot;:&quot;&quot;,&quot;focal_length&quot;:&quot;0&quot;,&quot;iso&quot;:&quot;0&quot;,&quot;shutter_speed&quot;:&quot;0&quot;,&quot;title&quot;:&quot;&quot;,&quot;orientation&quot;:&quot;0&quot;}\" data-image-title=\"MG_8219-800&amp;#215;400\" data-image-description=\"\" data-image-caption=\"\" data-medium-file=\"https:\/\/www.grieta.org.mx\/wp-content\/uploads\/2016\/07\/MG_8219-800x400-300x150.jpg\" data-large-file=\"https:\/\/www.grieta.org.mx\/wp-content\/uploads\/2016\/07\/MG_8219-800x400.jpg\" \/><\/a>\n\t\t\t<\/div><\/figure><figure class='gallery-item'>\n\t\t\t<div class='gallery-icon landscape'>\n\t\t\t\t<a href='https:\/\/www.grieta.org.mx\/index.php\/2016\/07\/28\/dia-6-comparte-por-la-humanidad-cideci\/mg_8234-800x400\/'><img loading=\"lazy\" decoding=\"async\" width=\"300\" height=\"150\" src=\"https:\/\/www.grieta.org.mx\/wp-content\/uploads\/2016\/07\/MG_8234-800x400-300x150.jpg\" class=\"attachment-medium size-medium\" alt=\"\" srcset=\"https:\/\/www.grieta.org.mx\/wp-content\/uploads\/2016\/07\/MG_8234-800x400-300x150.jpg 300w, https:\/\/www.grieta.org.mx\/wp-content\/uploads\/2016\/07\/MG_8234-800x400-768x384.jpg 768w, https:\/\/www.grieta.org.mx\/wp-content\/uploads\/2016\/07\/MG_8234-800x400.jpg 800w\" sizes=\"auto, (max-width: 300px) 100vw, 300px\" data-attachment-id=\"18143\" data-permalink=\"https:\/\/www.grieta.org.mx\/index.php\/2016\/07\/28\/dia-6-comparte-por-la-humanidad-cideci\/mg_8234-800x400\/\" data-orig-file=\"https:\/\/www.grieta.org.mx\/wp-content\/uploads\/2016\/07\/MG_8234-800x400.jpg\" data-orig-size=\"800,400\" data-comments-opened=\"0\" data-image-meta=\"{&quot;aperture&quot;:&quot;0&quot;,&quot;credit&quot;:&quot;&quot;,&quot;camera&quot;:&quot;&quot;,&quot;caption&quot;:&quot;&quot;,&quot;created_timestamp&quot;:&quot;0&quot;,&quot;copyright&quot;:&quot;&quot;,&quot;focal_length&quot;:&quot;0&quot;,&quot;iso&quot;:&quot;0&quot;,&quot;shutter_speed&quot;:&quot;0&quot;,&quot;title&quot;:&quot;&quot;,&quot;orientation&quot;:&quot;0&quot;}\" data-image-title=\"MG_8234-800&amp;#215;400\" data-image-description=\"\" data-image-caption=\"\" data-medium-file=\"https:\/\/www.grieta.org.mx\/wp-content\/uploads\/2016\/07\/MG_8234-800x400-300x150.jpg\" data-large-file=\"https:\/\/www.grieta.org.mx\/wp-content\/uploads\/2016\/07\/MG_8234-800x400.jpg\" \/><\/a>\n\t\t\t<\/div><\/figure><figure class='gallery-item'>\n\t\t\t<div class='gallery-icon landscape'>\n\t\t\t\t<a href='https:\/\/www.grieta.org.mx\/index.php\/2016\/07\/28\/dia-6-comparte-por-la-humanidad-cideci\/mg_8243-800x400\/'><img loading=\"lazy\" decoding=\"async\" width=\"300\" height=\"150\" src=\"https:\/\/www.grieta.org.mx\/wp-content\/uploads\/2016\/07\/MG_8243-800x400-300x150.jpg\" class=\"attachment-medium size-medium\" alt=\"\" srcset=\"https:\/\/www.grieta.org.mx\/wp-content\/uploads\/2016\/07\/MG_8243-800x400-300x150.jpg 300w, https:\/\/www.grieta.org.mx\/wp-content\/uploads\/2016\/07\/MG_8243-800x400-768x384.jpg 768w, https:\/\/www.grieta.org.mx\/wp-content\/uploads\/2016\/07\/MG_8243-800x400.jpg 800w\" sizes=\"auto, (max-width: 300px) 100vw, 300px\" data-attachment-id=\"18144\" data-permalink=\"https:\/\/www.grieta.org.mx\/index.php\/2016\/07\/28\/dia-6-comparte-por-la-humanidad-cideci\/mg_8243-800x400\/\" data-orig-file=\"https:\/\/www.grieta.org.mx\/wp-content\/uploads\/2016\/07\/MG_8243-800x400.jpg\" data-orig-size=\"800,400\" data-comments-opened=\"0\" data-image-meta=\"{&quot;aperture&quot;:&quot;0&quot;,&quot;credit&quot;:&quot;&quot;,&quot;camera&quot;:&quot;&quot;,&quot;caption&quot;:&quot;&quot;,&quot;created_timestamp&quot;:&quot;0&quot;,&quot;copyright&quot;:&quot;&quot;,&quot;focal_length&quot;:&quot;0&quot;,&quot;iso&quot;:&quot;0&quot;,&quot;shutter_speed&quot;:&quot;0&quot;,&quot;title&quot;:&quot;&quot;,&quot;orientation&quot;:&quot;0&quot;}\" data-image-title=\"MG_8243-800&amp;#215;400\" data-image-description=\"\" data-image-caption=\"\" data-medium-file=\"https:\/\/www.grieta.org.mx\/wp-content\/uploads\/2016\/07\/MG_8243-800x400-300x150.jpg\" data-large-file=\"https:\/\/www.grieta.org.mx\/wp-content\/uploads\/2016\/07\/MG_8243-800x400.jpg\" \/><\/a>\n\t\t\t<\/div><\/figure><figure class='gallery-item'>\n\t\t\t<div class='gallery-icon landscape'>\n\t\t\t\t<a href='https:\/\/www.grieta.org.mx\/index.php\/2016\/07\/28\/dia-6-comparte-por-la-humanidad-cideci\/mg_8262-800x400\/'><img loading=\"lazy\" decoding=\"async\" width=\"300\" height=\"150\" src=\"https:\/\/www.grieta.org.mx\/wp-content\/uploads\/2016\/07\/MG_8262-800x400-300x150.jpg\" class=\"attachment-medium size-medium\" alt=\"\" srcset=\"https:\/\/www.grieta.org.mx\/wp-content\/uploads\/2016\/07\/MG_8262-800x400-300x150.jpg 300w, https:\/\/www.grieta.org.mx\/wp-content\/uploads\/2016\/07\/MG_8262-800x400-768x384.jpg 768w, https:\/\/www.grieta.org.mx\/wp-content\/uploads\/2016\/07\/MG_8262-800x400.jpg 800w\" sizes=\"auto, (max-width: 300px) 100vw, 300px\" data-attachment-id=\"18145\" data-permalink=\"https:\/\/www.grieta.org.mx\/index.php\/2016\/07\/28\/dia-6-comparte-por-la-humanidad-cideci\/mg_8262-800x400\/\" data-orig-file=\"https:\/\/www.grieta.org.mx\/wp-content\/uploads\/2016\/07\/MG_8262-800x400.jpg\" data-orig-size=\"800,400\" data-comments-opened=\"0\" data-image-meta=\"{&quot;aperture&quot;:&quot;0&quot;,&quot;credit&quot;:&quot;&quot;,&quot;camera&quot;:&quot;&quot;,&quot;caption&quot;:&quot;&quot;,&quot;created_timestamp&quot;:&quot;0&quot;,&quot;copyright&quot;:&quot;&quot;,&quot;focal_length&quot;:&quot;0&quot;,&quot;iso&quot;:&quot;0&quot;,&quot;shutter_speed&quot;:&quot;0&quot;,&quot;title&quot;:&quot;&quot;,&quot;orientation&quot;:&quot;0&quot;}\" data-image-title=\"MG_8262-800&amp;#215;400\" data-image-description=\"\" data-image-caption=\"\" data-medium-file=\"https:\/\/www.grieta.org.mx\/wp-content\/uploads\/2016\/07\/MG_8262-800x400-300x150.jpg\" data-large-file=\"https:\/\/www.grieta.org.mx\/wp-content\/uploads\/2016\/07\/MG_8262-800x400.jpg\" \/><\/a>\n\t\t\t<\/div><\/figure><figure class='gallery-item'>\n\t\t\t<div class='gallery-icon landscape'>\n\t\t\t\t<a href='https:\/\/www.grieta.org.mx\/index.php\/2016\/07\/28\/dia-6-comparte-por-la-humanidad-cideci\/mg_8272-800x400\/'><img loading=\"lazy\" decoding=\"async\" width=\"300\" height=\"150\" src=\"https:\/\/www.grieta.org.mx\/wp-content\/uploads\/2016\/07\/MG_8272-800x400-300x150.jpg\" class=\"attachment-medium size-medium\" alt=\"\" srcset=\"https:\/\/www.grieta.org.mx\/wp-content\/uploads\/2016\/07\/MG_8272-800x400-300x150.jpg 300w, https:\/\/www.grieta.org.mx\/wp-content\/uploads\/2016\/07\/MG_8272-800x400-768x384.jpg 768w, https:\/\/www.grieta.org.mx\/wp-content\/uploads\/2016\/07\/MG_8272-800x400.jpg 800w\" sizes=\"auto, (max-width: 300px) 100vw, 300px\" data-attachment-id=\"18146\" data-permalink=\"https:\/\/www.grieta.org.mx\/index.php\/2016\/07\/28\/dia-6-comparte-por-la-humanidad-cideci\/mg_8272-800x400\/\" data-orig-file=\"https:\/\/www.grieta.org.mx\/wp-content\/uploads\/2016\/07\/MG_8272-800x400.jpg\" data-orig-size=\"800,400\" data-comments-opened=\"0\" data-image-meta=\"{&quot;aperture&quot;:&quot;0&quot;,&quot;credit&quot;:&quot;&quot;,&quot;camera&quot;:&quot;&quot;,&quot;caption&quot;:&quot;&quot;,&quot;created_timestamp&quot;:&quot;0&quot;,&quot;copyright&quot;:&quot;&quot;,&quot;focal_length&quot;:&quot;0&quot;,&quot;iso&quot;:&quot;0&quot;,&quot;shutter_speed&quot;:&quot;0&quot;,&quot;title&quot;:&quot;&quot;,&quot;orientation&quot;:&quot;0&quot;}\" data-image-title=\"MG_8272-800&amp;#215;400\" data-image-description=\"\" data-image-caption=\"\" data-medium-file=\"https:\/\/www.grieta.org.mx\/wp-content\/uploads\/2016\/07\/MG_8272-800x400-300x150.jpg\" data-large-file=\"https:\/\/www.grieta.org.mx\/wp-content\/uploads\/2016\/07\/MG_8272-800x400.jpg\" \/><\/a>\n\t\t\t<\/div><\/figure><figure class='gallery-item'>\n\t\t\t<div class='gallery-icon landscape'>\n\t\t\t\t<a href='https:\/\/www.grieta.org.mx\/index.php\/2016\/07\/28\/dia-6-comparte-por-la-humanidad-cideci\/mg_8276-800x400\/'><img loading=\"lazy\" decoding=\"async\" width=\"300\" height=\"150\" src=\"https:\/\/www.grieta.org.mx\/wp-content\/uploads\/2016\/07\/MG_8276-800x400-300x150.jpg\" class=\"attachment-medium size-medium\" alt=\"\" srcset=\"https:\/\/www.grieta.org.mx\/wp-content\/uploads\/2016\/07\/MG_8276-800x400-300x150.jpg 300w, https:\/\/www.grieta.org.mx\/wp-content\/uploads\/2016\/07\/MG_8276-800x400-768x384.jpg 768w, https:\/\/www.grieta.org.mx\/wp-content\/uploads\/2016\/07\/MG_8276-800x400.jpg 800w\" sizes=\"auto, (max-width: 300px) 100vw, 300px\" data-attachment-id=\"18147\" data-permalink=\"https:\/\/www.grieta.org.mx\/index.php\/2016\/07\/28\/dia-6-comparte-por-la-humanidad-cideci\/mg_8276-800x400\/\" data-orig-file=\"https:\/\/www.grieta.org.mx\/wp-content\/uploads\/2016\/07\/MG_8276-800x400.jpg\" data-orig-size=\"800,400\" data-comments-opened=\"0\" data-image-meta=\"{&quot;aperture&quot;:&quot;0&quot;,&quot;credit&quot;:&quot;&quot;,&quot;camera&quot;:&quot;&quot;,&quot;caption&quot;:&quot;&quot;,&quot;created_timestamp&quot;:&quot;0&quot;,&quot;copyright&quot;:&quot;&quot;,&quot;focal_length&quot;:&quot;0&quot;,&quot;iso&quot;:&quot;0&quot;,&quot;shutter_speed&quot;:&quot;0&quot;,&quot;title&quot;:&quot;&quot;,&quot;orientation&quot;:&quot;0&quot;}\" data-image-title=\"MG_8276-800&amp;#215;400\" data-image-description=\"\" data-image-caption=\"\" data-medium-file=\"https:\/\/www.grieta.org.mx\/wp-content\/uploads\/2016\/07\/MG_8276-800x400-300x150.jpg\" data-large-file=\"https:\/\/www.grieta.org.mx\/wp-content\/uploads\/2016\/07\/MG_8276-800x400.jpg\" \/><\/a>\n\t\t\t<\/div><\/figure><figure class='gallery-item'>\n\t\t\t<div class='gallery-icon landscape'>\n\t\t\t\t<a href='https:\/\/www.grieta.org.mx\/index.php\/2016\/07\/28\/dia-6-comparte-por-la-humanidad-cideci\/mg_8288-800x400\/'><img loading=\"lazy\" decoding=\"async\" width=\"300\" height=\"150\" src=\"https:\/\/www.grieta.org.mx\/wp-content\/uploads\/2016\/07\/MG_8288-800x400-300x150.jpg\" class=\"attachment-medium size-medium\" alt=\"\" srcset=\"https:\/\/www.grieta.org.mx\/wp-content\/uploads\/2016\/07\/MG_8288-800x400-300x150.jpg 300w, https:\/\/www.grieta.org.mx\/wp-content\/uploads\/2016\/07\/MG_8288-800x400-768x384.jpg 768w, https:\/\/www.grieta.org.mx\/wp-content\/uploads\/2016\/07\/MG_8288-800x400.jpg 800w\" sizes=\"auto, (max-width: 300px) 100vw, 300px\" data-attachment-id=\"18148\" data-permalink=\"https:\/\/www.grieta.org.mx\/index.php\/2016\/07\/28\/dia-6-comparte-por-la-humanidad-cideci\/mg_8288-800x400\/\" data-orig-file=\"https:\/\/www.grieta.org.mx\/wp-content\/uploads\/2016\/07\/MG_8288-800x400.jpg\" data-orig-size=\"800,400\" data-comments-opened=\"0\" data-image-meta=\"{&quot;aperture&quot;:&quot;0&quot;,&quot;credit&quot;:&quot;&quot;,&quot;camera&quot;:&quot;&quot;,&quot;caption&quot;:&quot;&quot;,&quot;created_timestamp&quot;:&quot;0&quot;,&quot;copyright&quot;:&quot;&quot;,&quot;focal_length&quot;:&quot;0&quot;,&quot;iso&quot;:&quot;0&quot;,&quot;shutter_speed&quot;:&quot;0&quot;,&quot;title&quot;:&quot;&quot;,&quot;orientation&quot;:&quot;0&quot;}\" data-image-title=\"MG_8288-800&amp;#215;400\" data-image-description=\"\" data-image-caption=\"\" data-medium-file=\"https:\/\/www.grieta.org.mx\/wp-content\/uploads\/2016\/07\/MG_8288-800x400-300x150.jpg\" data-large-file=\"https:\/\/www.grieta.org.mx\/wp-content\/uploads\/2016\/07\/MG_8288-800x400.jpg\" \/><\/a>\n\t\t\t<\/div><\/figure><figure class='gallery-item'>\n\t\t\t<div class='gallery-icon landscape'>\n\t\t\t\t<a href='https:\/\/www.grieta.org.mx\/index.php\/2016\/07\/28\/dia-6-comparte-por-la-humanidad-cideci\/mg_8301-800x400\/'><img loading=\"lazy\" decoding=\"async\" width=\"300\" height=\"150\" src=\"https:\/\/www.grieta.org.mx\/wp-content\/uploads\/2016\/07\/MG_8301-800x400-300x150.jpg\" class=\"attachment-medium size-medium\" alt=\"\" srcset=\"https:\/\/www.grieta.org.mx\/wp-content\/uploads\/2016\/07\/MG_8301-800x400-300x150.jpg 300w, https:\/\/www.grieta.org.mx\/wp-content\/uploads\/2016\/07\/MG_8301-800x400-768x384.jpg 768w, https:\/\/www.grieta.org.mx\/wp-content\/uploads\/2016\/07\/MG_8301-800x400.jpg 800w\" sizes=\"auto, (max-width: 300px) 100vw, 300px\" data-attachment-id=\"18149\" data-permalink=\"https:\/\/www.grieta.org.mx\/index.php\/2016\/07\/28\/dia-6-comparte-por-la-humanidad-cideci\/mg_8301-800x400\/\" data-orig-file=\"https:\/\/www.grieta.org.mx\/wp-content\/uploads\/2016\/07\/MG_8301-800x400.jpg\" data-orig-size=\"800,400\" data-comments-opened=\"0\" data-image-meta=\"{&quot;aperture&quot;:&quot;0&quot;,&quot;credit&quot;:&quot;&quot;,&quot;camera&quot;:&quot;&quot;,&quot;caption&quot;:&quot;&quot;,&quot;created_timestamp&quot;:&quot;0&quot;,&quot;copyright&quot;:&quot;&quot;,&quot;focal_length&quot;:&quot;0&quot;,&quot;iso&quot;:&quot;0&quot;,&quot;shutter_speed&quot;:&quot;0&quot;,&quot;title&quot;:&quot;&quot;,&quot;orientation&quot;:&quot;0&quot;}\" data-image-title=\"MG_8301-800&amp;#215;400\" data-image-description=\"\" data-image-caption=\"\" data-medium-file=\"https:\/\/www.grieta.org.mx\/wp-content\/uploads\/2016\/07\/MG_8301-800x400-300x150.jpg\" data-large-file=\"https:\/\/www.grieta.org.mx\/wp-content\/uploads\/2016\/07\/MG_8301-800x400.jpg\" \/><\/a>\n\t\t\t<\/div><\/figure><figure class='gallery-item'>\n\t\t\t<div class='gallery-icon landscape'>\n\t\t\t\t<a href='https:\/\/www.grieta.org.mx\/index.php\/2016\/07\/28\/dia-6-comparte-por-la-humanidad-cideci\/mg_8308-800x400\/'><img loading=\"lazy\" decoding=\"async\" width=\"300\" height=\"150\" src=\"https:\/\/www.grieta.org.mx\/wp-content\/uploads\/2016\/07\/MG_8308-800x400-300x150.jpg\" class=\"attachment-medium size-medium\" alt=\"\" srcset=\"https:\/\/www.grieta.org.mx\/wp-content\/uploads\/2016\/07\/MG_8308-800x400-300x150.jpg 300w, https:\/\/www.grieta.org.mx\/wp-content\/uploads\/2016\/07\/MG_8308-800x400-768x384.jpg 768w, https:\/\/www.grieta.org.mx\/wp-content\/uploads\/2016\/07\/MG_8308-800x400.jpg 800w\" sizes=\"auto, (max-width: 300px) 100vw, 300px\" data-attachment-id=\"18150\" data-permalink=\"https:\/\/www.grieta.org.mx\/index.php\/2016\/07\/28\/dia-6-comparte-por-la-humanidad-cideci\/mg_8308-800x400\/\" data-orig-file=\"https:\/\/www.grieta.org.mx\/wp-content\/uploads\/2016\/07\/MG_8308-800x400.jpg\" data-orig-size=\"800,400\" data-comments-opened=\"0\" data-image-meta=\"{&quot;aperture&quot;:&quot;0&quot;,&quot;credit&quot;:&quot;&quot;,&quot;camera&quot;:&quot;&quot;,&quot;caption&quot;:&quot;&quot;,&quot;created_timestamp&quot;:&quot;0&quot;,&quot;copyright&quot;:&quot;&quot;,&quot;focal_length&quot;:&quot;0&quot;,&quot;iso&quot;:&quot;0&quot;,&quot;shutter_speed&quot;:&quot;0&quot;,&quot;title&quot;:&quot;&quot;,&quot;orientation&quot;:&quot;0&quot;}\" data-image-title=\"MG_8308-800&amp;#215;400\" data-image-description=\"\" data-image-caption=\"\" data-medium-file=\"https:\/\/www.grieta.org.mx\/wp-content\/uploads\/2016\/07\/MG_8308-800x400-300x150.jpg\" data-large-file=\"https:\/\/www.grieta.org.mx\/wp-content\/uploads\/2016\/07\/MG_8308-800x400.jpg\" \/><\/a>\n\t\t\t<\/div><\/figure><figure class='gallery-item'>\n\t\t\t<div class='gallery-icon landscape'>\n\t\t\t\t<a href='https:\/\/www.grieta.org.mx\/index.php\/2016\/07\/28\/dia-6-comparte-por-la-humanidad-cideci\/mg_8310-800x400\/'><img loading=\"lazy\" decoding=\"async\" width=\"300\" height=\"150\" src=\"https:\/\/www.grieta.org.mx\/wp-content\/uploads\/2016\/07\/MG_8310-800x400-300x150.jpg\" class=\"attachment-medium size-medium\" alt=\"\" srcset=\"https:\/\/www.grieta.org.mx\/wp-content\/uploads\/2016\/07\/MG_8310-800x400-300x150.jpg 300w, https:\/\/www.grieta.org.mx\/wp-content\/uploads\/2016\/07\/MG_8310-800x400-768x384.jpg 768w, https:\/\/www.grieta.org.mx\/wp-content\/uploads\/2016\/07\/MG_8310-800x400.jpg 800w\" sizes=\"auto, (max-width: 300px) 100vw, 300px\" data-attachment-id=\"18151\" data-permalink=\"https:\/\/www.grieta.org.mx\/index.php\/2016\/07\/28\/dia-6-comparte-por-la-humanidad-cideci\/mg_8310-800x400\/\" data-orig-file=\"https:\/\/www.grieta.org.mx\/wp-content\/uploads\/2016\/07\/MG_8310-800x400.jpg\" data-orig-size=\"800,400\" data-comments-opened=\"0\" data-image-meta=\"{&quot;aperture&quot;:&quot;0&quot;,&quot;credit&quot;:&quot;&quot;,&quot;camera&quot;:&quot;&quot;,&quot;caption&quot;:&quot;&quot;,&quot;created_timestamp&quot;:&quot;0&quot;,&quot;copyright&quot;:&quot;&quot;,&quot;focal_length&quot;:&quot;0&quot;,&quot;iso&quot;:&quot;0&quot;,&quot;shutter_speed&quot;:&quot;0&quot;,&quot;title&quot;:&quot;&quot;,&quot;orientation&quot;:&quot;0&quot;}\" data-image-title=\"MG_8310-800&amp;#215;400\" data-image-description=\"\" data-image-caption=\"\" data-medium-file=\"https:\/\/www.grieta.org.mx\/wp-content\/uploads\/2016\/07\/MG_8310-800x400-300x150.jpg\" data-large-file=\"https:\/\/www.grieta.org.mx\/wp-content\/uploads\/2016\/07\/MG_8310-800x400.jpg\" \/><\/a>\n\t\t\t<\/div><\/figure><figure class='gallery-item'>\n\t\t\t<div class='gallery-icon landscape'>\n\t\t\t\t<a href='https:\/\/www.grieta.org.mx\/index.php\/2016\/07\/28\/dia-6-comparte-por-la-humanidad-cideci\/mg_8311-800x400\/'><img loading=\"lazy\" decoding=\"async\" width=\"300\" height=\"150\" src=\"https:\/\/www.grieta.org.mx\/wp-content\/uploads\/2016\/07\/MG_8311-800x400-300x150.jpg\" class=\"attachment-medium size-medium\" alt=\"\" srcset=\"https:\/\/www.grieta.org.mx\/wp-content\/uploads\/2016\/07\/MG_8311-800x400-300x150.jpg 300w, https:\/\/www.grieta.org.mx\/wp-content\/uploads\/2016\/07\/MG_8311-800x400-768x384.jpg 768w, https:\/\/www.grieta.org.mx\/wp-content\/uploads\/2016\/07\/MG_8311-800x400.jpg 800w\" sizes=\"auto, (max-width: 300px) 100vw, 300px\" data-attachment-id=\"18152\" data-permalink=\"https:\/\/www.grieta.org.mx\/index.php\/2016\/07\/28\/dia-6-comparte-por-la-humanidad-cideci\/mg_8311-800x400\/\" data-orig-file=\"https:\/\/www.grieta.org.mx\/wp-content\/uploads\/2016\/07\/MG_8311-800x400.jpg\" data-orig-size=\"800,400\" data-comments-opened=\"0\" data-image-meta=\"{&quot;aperture&quot;:&quot;0&quot;,&quot;credit&quot;:&quot;&quot;,&quot;camera&quot;:&quot;&quot;,&quot;caption&quot;:&quot;&quot;,&quot;created_timestamp&quot;:&quot;0&quot;,&quot;copyright&quot;:&quot;&quot;,&quot;focal_length&quot;:&quot;0&quot;,&quot;iso&quot;:&quot;0&quot;,&quot;shutter_speed&quot;:&quot;0&quot;,&quot;title&quot;:&quot;&quot;,&quot;orientation&quot;:&quot;0&quot;}\" data-image-title=\"MG_8311-800&amp;#215;400\" data-image-description=\"\" data-image-caption=\"\" data-medium-file=\"https:\/\/www.grieta.org.mx\/wp-content\/uploads\/2016\/07\/MG_8311-800x400-300x150.jpg\" data-large-file=\"https:\/\/www.grieta.org.mx\/wp-content\/uploads\/2016\/07\/MG_8311-800x400.jpg\" \/><\/a>\n\t\t\t<\/div><\/figure><figure class='gallery-item'>\n\t\t\t<div class='gallery-icon landscape'>\n\t\t\t\t<a href='https:\/\/www.grieta.org.mx\/index.php\/2016\/07\/28\/dia-6-comparte-por-la-humanidad-cideci\/mg_8315-800x400\/'><img loading=\"lazy\" decoding=\"async\" width=\"300\" height=\"150\" src=\"https:\/\/www.grieta.org.mx\/wp-content\/uploads\/2016\/07\/MG_8315-800x400-300x150.jpg\" class=\"attachment-medium size-medium\" alt=\"\" srcset=\"https:\/\/www.grieta.org.mx\/wp-content\/uploads\/2016\/07\/MG_8315-800x400-300x150.jpg 300w, https:\/\/www.grieta.org.mx\/wp-content\/uploads\/2016\/07\/MG_8315-800x400-768x384.jpg 768w, https:\/\/www.grieta.org.mx\/wp-content\/uploads\/2016\/07\/MG_8315-800x400.jpg 800w\" sizes=\"auto, (max-width: 300px) 100vw, 300px\" data-attachment-id=\"18153\" data-permalink=\"https:\/\/www.grieta.org.mx\/index.php\/2016\/07\/28\/dia-6-comparte-por-la-humanidad-cideci\/mg_8315-800x400\/\" data-orig-file=\"https:\/\/www.grieta.org.mx\/wp-content\/uploads\/2016\/07\/MG_8315-800x400.jpg\" data-orig-size=\"800,400\" data-comments-opened=\"0\" data-image-meta=\"{&quot;aperture&quot;:&quot;0&quot;,&quot;credit&quot;:&quot;&quot;,&quot;camera&quot;:&quot;&quot;,&quot;caption&quot;:&quot;&quot;,&quot;created_timestamp&quot;:&quot;0&quot;,&quot;copyright&quot;:&quot;&quot;,&quot;focal_length&quot;:&quot;0&quot;,&quot;iso&quot;:&quot;0&quot;,&quot;shutter_speed&quot;:&quot;0&quot;,&quot;title&quot;:&quot;&quot;,&quot;orientation&quot;:&quot;0&quot;}\" data-image-title=\"MG_8315-800&amp;#215;400\" data-image-description=\"\" data-image-caption=\"\" data-medium-file=\"https:\/\/www.grieta.org.mx\/wp-content\/uploads\/2016\/07\/MG_8315-800x400-300x150.jpg\" data-large-file=\"https:\/\/www.grieta.org.mx\/wp-content\/uploads\/2016\/07\/MG_8315-800x400.jpg\" \/><\/a>\n\t\t\t<\/div><\/figure><figure class='gallery-item'>\n\t\t\t<div class='gallery-icon landscape'>\n\t\t\t\t<a href='https:\/\/www.grieta.org.mx\/index.php\/2016\/07\/28\/dia-6-comparte-por-la-humanidad-cideci\/mg_8322-800x400\/'><img loading=\"lazy\" decoding=\"async\" width=\"300\" height=\"150\" src=\"https:\/\/www.grieta.org.mx\/wp-content\/uploads\/2016\/07\/MG_8322-800x400-300x150.jpg\" class=\"attachment-medium size-medium\" alt=\"\" srcset=\"https:\/\/www.grieta.org.mx\/wp-content\/uploads\/2016\/07\/MG_8322-800x400-300x150.jpg 300w, https:\/\/www.grieta.org.mx\/wp-content\/uploads\/2016\/07\/MG_8322-800x400-768x384.jpg 768w, https:\/\/www.grieta.org.mx\/wp-content\/uploads\/2016\/07\/MG_8322-800x400.jpg 800w\" sizes=\"auto, (max-width: 300px) 100vw, 300px\" data-attachment-id=\"18154\" data-permalink=\"https:\/\/www.grieta.org.mx\/index.php\/2016\/07\/28\/dia-6-comparte-por-la-humanidad-cideci\/mg_8322-800x400\/\" data-orig-file=\"https:\/\/www.grieta.org.mx\/wp-content\/uploads\/2016\/07\/MG_8322-800x400.jpg\" data-orig-size=\"800,400\" data-comments-opened=\"0\" data-image-meta=\"{&quot;aperture&quot;:&quot;0&quot;,&quot;credit&quot;:&quot;&quot;,&quot;camera&quot;:&quot;&quot;,&quot;caption&quot;:&quot;&quot;,&quot;created_timestamp&quot;:&quot;0&quot;,&quot;copyright&quot;:&quot;&quot;,&quot;focal_length&quot;:&quot;0&quot;,&quot;iso&quot;:&quot;0&quot;,&quot;shutter_speed&quot;:&quot;0&quot;,&quot;title&quot;:&quot;&quot;,&quot;orientation&quot;:&quot;0&quot;}\" data-image-title=\"MG_8322-800&amp;#215;400\" data-image-description=\"\" data-image-caption=\"\" data-medium-file=\"https:\/\/www.grieta.org.mx\/wp-content\/uploads\/2016\/07\/MG_8322-800x400-300x150.jpg\" data-large-file=\"https:\/\/www.grieta.org.mx\/wp-content\/uploads\/2016\/07\/MG_8322-800x400.jpg\" \/><\/a>\n\t\t\t<\/div><\/figure><figure class='gallery-item'>\n\t\t\t<div class='gallery-icon landscape'>\n\t\t\t\t<a href='https:\/\/www.grieta.org.mx\/index.php\/2016\/07\/28\/dia-6-comparte-por-la-humanidad-cideci\/mg_8324-800x400\/'><img loading=\"lazy\" decoding=\"async\" width=\"300\" height=\"150\" src=\"https:\/\/www.grieta.org.mx\/wp-content\/uploads\/2016\/07\/MG_8324-800x400-300x150.jpg\" class=\"attachment-medium size-medium\" alt=\"\" srcset=\"https:\/\/www.grieta.org.mx\/wp-content\/uploads\/2016\/07\/MG_8324-800x400-300x150.jpg 300w, https:\/\/www.grieta.org.mx\/wp-content\/uploads\/2016\/07\/MG_8324-800x400-768x384.jpg 768w, https:\/\/www.grieta.org.mx\/wp-content\/uploads\/2016\/07\/MG_8324-800x400.jpg 800w\" sizes=\"auto, (max-width: 300px) 100vw, 300px\" data-attachment-id=\"18155\" data-permalink=\"https:\/\/www.grieta.org.mx\/index.php\/2016\/07\/28\/dia-6-comparte-por-la-humanidad-cideci\/mg_8324-800x400\/\" data-orig-file=\"https:\/\/www.grieta.org.mx\/wp-content\/uploads\/2016\/07\/MG_8324-800x400.jpg\" data-orig-size=\"800,400\" data-comments-opened=\"0\" data-image-meta=\"{&quot;aperture&quot;:&quot;0&quot;,&quot;credit&quot;:&quot;&quot;,&quot;camera&quot;:&quot;&quot;,&quot;caption&quot;:&quot;&quot;,&quot;created_timestamp&quot;:&quot;0&quot;,&quot;copyright&quot;:&quot;&quot;,&quot;focal_length&quot;:&quot;0&quot;,&quot;iso&quot;:&quot;0&quot;,&quot;shutter_speed&quot;:&quot;0&quot;,&quot;title&quot;:&quot;&quot;,&quot;orientation&quot;:&quot;0&quot;}\" data-image-title=\"MG_8324-800&amp;#215;400\" data-image-description=\"\" data-image-caption=\"\" data-medium-file=\"https:\/\/www.grieta.org.mx\/wp-content\/uploads\/2016\/07\/MG_8324-800x400-300x150.jpg\" data-large-file=\"https:\/\/www.grieta.org.mx\/wp-content\/uploads\/2016\/07\/MG_8324-800x400.jpg\" \/><\/a>\n\t\t\t<\/div><\/figure><figure class='gallery-item'>\n\t\t\t<div class='gallery-icon landscape'>\n\t\t\t\t<a href='https:\/\/www.grieta.org.mx\/index.php\/2016\/07\/28\/dia-6-comparte-por-la-humanidad-cideci\/mg_8331-800x400\/'><img loading=\"lazy\" decoding=\"async\" width=\"300\" height=\"150\" src=\"https:\/\/www.grieta.org.mx\/wp-content\/uploads\/2016\/07\/MG_8331-800x400-300x150.jpg\" class=\"attachment-medium size-medium\" alt=\"\" srcset=\"https:\/\/www.grieta.org.mx\/wp-content\/uploads\/2016\/07\/MG_8331-800x400-300x150.jpg 300w, https:\/\/www.grieta.org.mx\/wp-content\/uploads\/2016\/07\/MG_8331-800x400-768x384.jpg 768w, https:\/\/www.grieta.org.mx\/wp-content\/uploads\/2016\/07\/MG_8331-800x400.jpg 800w\" sizes=\"auto, (max-width: 300px) 100vw, 300px\" data-attachment-id=\"18156\" data-permalink=\"https:\/\/www.grieta.org.mx\/index.php\/2016\/07\/28\/dia-6-comparte-por-la-humanidad-cideci\/mg_8331-800x400\/\" data-orig-file=\"https:\/\/www.grieta.org.mx\/wp-content\/uploads\/2016\/07\/MG_8331-800x400.jpg\" data-orig-size=\"800,400\" data-comments-opened=\"0\" data-image-meta=\"{&quot;aperture&quot;:&quot;0&quot;,&quot;credit&quot;:&quot;&quot;,&quot;camera&quot;:&quot;&quot;,&quot;caption&quot;:&quot;&quot;,&quot;created_timestamp&quot;:&quot;0&quot;,&quot;copyright&quot;:&quot;&quot;,&quot;focal_length&quot;:&quot;0&quot;,&quot;iso&quot;:&quot;0&quot;,&quot;shutter_speed&quot;:&quot;0&quot;,&quot;title&quot;:&quot;&quot;,&quot;orientation&quot;:&quot;0&quot;}\" data-image-title=\"MG_8331-800&amp;#215;400\" data-image-description=\"\" data-image-caption=\"\" data-medium-file=\"https:\/\/www.grieta.org.mx\/wp-content\/uploads\/2016\/07\/MG_8331-800x400-300x150.jpg\" data-large-file=\"https:\/\/www.grieta.org.mx\/wp-content\/uploads\/2016\/07\/MG_8331-800x400.jpg\" \/><\/a>\n\t\t\t<\/div><\/figure><figure class='gallery-item'>\n\t\t\t<div class='gallery-icon landscape'>\n\t\t\t\t<a href='https:\/\/www.grieta.org.mx\/index.php\/2016\/07\/28\/dia-6-comparte-por-la-humanidad-cideci\/mg_8332-800x400\/'><img loading=\"lazy\" decoding=\"async\" width=\"300\" height=\"150\" src=\"https:\/\/www.grieta.org.mx\/wp-content\/uploads\/2016\/07\/MG_8332-800x400-300x150.jpg\" class=\"attachment-medium size-medium\" alt=\"\" srcset=\"https:\/\/www.grieta.org.mx\/wp-content\/uploads\/2016\/07\/MG_8332-800x400-300x150.jpg 300w, https:\/\/www.grieta.org.mx\/wp-content\/uploads\/2016\/07\/MG_8332-800x400-768x384.jpg 768w, https:\/\/www.grieta.org.mx\/wp-content\/uploads\/2016\/07\/MG_8332-800x400.jpg 800w\" sizes=\"auto, (max-width: 300px) 100vw, 300px\" data-attachment-id=\"18157\" data-permalink=\"https:\/\/www.grieta.org.mx\/index.php\/2016\/07\/28\/dia-6-comparte-por-la-humanidad-cideci\/mg_8332-800x400\/\" data-orig-file=\"https:\/\/www.grieta.org.mx\/wp-content\/uploads\/2016\/07\/MG_8332-800x400.jpg\" data-orig-size=\"800,400\" data-comments-opened=\"0\" data-image-meta=\"{&quot;aperture&quot;:&quot;0&quot;,&quot;credit&quot;:&quot;&quot;,&quot;camera&quot;:&quot;&quot;,&quot;caption&quot;:&quot;&quot;,&quot;created_timestamp&quot;:&quot;0&quot;,&quot;copyright&quot;:&quot;&quot;,&quot;focal_length&quot;:&quot;0&quot;,&quot;iso&quot;:&quot;0&quot;,&quot;shutter_speed&quot;:&quot;0&quot;,&quot;title&quot;:&quot;&quot;,&quot;orientation&quot;:&quot;0&quot;}\" data-image-title=\"MG_8332-800&amp;#215;400\" data-image-description=\"\" data-image-caption=\"\" data-medium-file=\"https:\/\/www.grieta.org.mx\/wp-content\/uploads\/2016\/07\/MG_8332-800x400-300x150.jpg\" data-large-file=\"https:\/\/www.grieta.org.mx\/wp-content\/uploads\/2016\/07\/MG_8332-800x400.jpg\" \/><\/a>\n\t\t\t<\/div><\/figure><figure class='gallery-item'>\n\t\t\t<div class='gallery-icon landscape'>\n\t\t\t\t<a href='https:\/\/www.grieta.org.mx\/index.php\/2016\/07\/28\/dia-6-comparte-por-la-humanidad-cideci\/mg_8335-800x400\/'><img loading=\"lazy\" decoding=\"async\" width=\"300\" height=\"150\" src=\"https:\/\/www.grieta.org.mx\/wp-content\/uploads\/2016\/07\/MG_8335-800x400-300x150.jpg\" class=\"attachment-medium size-medium\" alt=\"\" srcset=\"https:\/\/www.grieta.org.mx\/wp-content\/uploads\/2016\/07\/MG_8335-800x400-300x150.jpg 300w, https:\/\/www.grieta.org.mx\/wp-content\/uploads\/2016\/07\/MG_8335-800x400-768x384.jpg 768w, https:\/\/www.grieta.org.mx\/wp-content\/uploads\/2016\/07\/MG_8335-800x400.jpg 800w\" sizes=\"auto, (max-width: 300px) 100vw, 300px\" data-attachment-id=\"18158\" data-permalink=\"https:\/\/www.grieta.org.mx\/index.php\/2016\/07\/28\/dia-6-comparte-por-la-humanidad-cideci\/mg_8335-800x400\/\" data-orig-file=\"https:\/\/www.grieta.org.mx\/wp-content\/uploads\/2016\/07\/MG_8335-800x400.jpg\" data-orig-size=\"800,400\" data-comments-opened=\"0\" data-image-meta=\"{&quot;aperture&quot;:&quot;0&quot;,&quot;credit&quot;:&quot;&quot;,&quot;camera&quot;:&quot;&quot;,&quot;caption&quot;:&quot;&quot;,&quot;created_timestamp&quot;:&quot;0&quot;,&quot;copyright&quot;:&quot;&quot;,&quot;focal_length&quot;:&quot;0&quot;,&quot;iso&quot;:&quot;0&quot;,&quot;shutter_speed&quot;:&quot;0&quot;,&quot;title&quot;:&quot;&quot;,&quot;orientation&quot;:&quot;0&quot;}\" data-image-title=\"MG_8335-800&amp;#215;400\" data-image-description=\"\" data-image-caption=\"\" data-medium-file=\"https:\/\/www.grieta.org.mx\/wp-content\/uploads\/2016\/07\/MG_8335-800x400-300x150.jpg\" data-large-file=\"https:\/\/www.grieta.org.mx\/wp-content\/uploads\/2016\/07\/MG_8335-800x400.jpg\" \/><\/a>\n\t\t\t<\/div><\/figure><figure class='gallery-item'>\n\t\t\t<div class='gallery-icon landscape'>\n\t\t\t\t<a href='https:\/\/www.grieta.org.mx\/index.php\/2016\/07\/28\/dia-6-comparte-por-la-humanidad-cideci\/mg_8341-800x400\/'><img loading=\"lazy\" decoding=\"async\" width=\"300\" height=\"150\" src=\"https:\/\/www.grieta.org.mx\/wp-content\/uploads\/2016\/07\/MG_8341-800x400-300x150.jpg\" class=\"attachment-medium size-medium\" alt=\"\" srcset=\"https:\/\/www.grieta.org.mx\/wp-content\/uploads\/2016\/07\/MG_8341-800x400-300x150.jpg 300w, https:\/\/www.grieta.org.mx\/wp-content\/uploads\/2016\/07\/MG_8341-800x400-768x384.jpg 768w, https:\/\/www.grieta.org.mx\/wp-content\/uploads\/2016\/07\/MG_8341-800x400.jpg 800w\" sizes=\"auto, (max-width: 300px) 100vw, 300px\" data-attachment-id=\"18159\" data-permalink=\"https:\/\/www.grieta.org.mx\/index.php\/2016\/07\/28\/dia-6-comparte-por-la-humanidad-cideci\/mg_8341-800x400\/\" data-orig-file=\"https:\/\/www.grieta.org.mx\/wp-content\/uploads\/2016\/07\/MG_8341-800x400.jpg\" data-orig-size=\"800,400\" data-comments-opened=\"0\" data-image-meta=\"{&quot;aperture&quot;:&quot;0&quot;,&quot;credit&quot;:&quot;&quot;,&quot;camera&quot;:&quot;&quot;,&quot;caption&quot;:&quot;&quot;,&quot;created_timestamp&quot;:&quot;0&quot;,&quot;copyright&quot;:&quot;&quot;,&quot;focal_length&quot;:&quot;0&quot;,&quot;iso&quot;:&quot;0&quot;,&quot;shutter_speed&quot;:&quot;0&quot;,&quot;title&quot;:&quot;&quot;,&quot;orientation&quot;:&quot;0&quot;}\" data-image-title=\"MG_8341-800&amp;#215;400\" data-image-description=\"\" data-image-caption=\"\" data-medium-file=\"https:\/\/www.grieta.org.mx\/wp-content\/uploads\/2016\/07\/MG_8341-800x400-300x150.jpg\" data-large-file=\"https:\/\/www.grieta.org.mx\/wp-content\/uploads\/2016\/07\/MG_8341-800x400.jpg\" \/><\/a>\n\t\t\t<\/div><\/figure><figure class='gallery-item'>\n\t\t\t<div class='gallery-icon landscape'>\n\t\t\t\t<a href='https:\/\/www.grieta.org.mx\/index.php\/2016\/07\/28\/dia-6-comparte-por-la-humanidad-cideci\/mg_8352-800x400\/'><img loading=\"lazy\" decoding=\"async\" width=\"300\" height=\"150\" src=\"https:\/\/www.grieta.org.mx\/wp-content\/uploads\/2016\/07\/MG_8352-800x400-300x150.jpg\" class=\"attachment-medium size-medium\" alt=\"\" srcset=\"https:\/\/www.grieta.org.mx\/wp-content\/uploads\/2016\/07\/MG_8352-800x400-300x150.jpg 300w, https:\/\/www.grieta.org.mx\/wp-content\/uploads\/2016\/07\/MG_8352-800x400-768x384.jpg 768w, https:\/\/www.grieta.org.mx\/wp-content\/uploads\/2016\/07\/MG_8352-800x400.jpg 800w\" sizes=\"auto, (max-width: 300px) 100vw, 300px\" data-attachment-id=\"18160\" data-permalink=\"https:\/\/www.grieta.org.mx\/index.php\/2016\/07\/28\/dia-6-comparte-por-la-humanidad-cideci\/mg_8352-800x400\/\" data-orig-file=\"https:\/\/www.grieta.org.mx\/wp-content\/uploads\/2016\/07\/MG_8352-800x400.jpg\" data-orig-size=\"800,400\" data-comments-opened=\"0\" data-image-meta=\"{&quot;aperture&quot;:&quot;0&quot;,&quot;credit&quot;:&quot;&quot;,&quot;camera&quot;:&quot;&quot;,&quot;caption&quot;:&quot;&quot;,&quot;created_timestamp&quot;:&quot;0&quot;,&quot;copyright&quot;:&quot;&quot;,&quot;focal_length&quot;:&quot;0&quot;,&quot;iso&quot;:&quot;0&quot;,&quot;shutter_speed&quot;:&quot;0&quot;,&quot;title&quot;:&quot;&quot;,&quot;orientation&quot;:&quot;0&quot;}\" data-image-title=\"MG_8352-800&amp;#215;400\" data-image-description=\"\" data-image-caption=\"\" data-medium-file=\"https:\/\/www.grieta.org.mx\/wp-content\/uploads\/2016\/07\/MG_8352-800x400-300x150.jpg\" data-large-file=\"https:\/\/www.grieta.org.mx\/wp-content\/uploads\/2016\/07\/MG_8352-800x400.jpg\" \/><\/a>\n\t\t\t<\/div><\/figure><figure class='gallery-item'>\n\t\t\t<div class='gallery-icon landscape'>\n\t\t\t\t<a href='https:\/\/www.grieta.org.mx\/index.php\/2016\/07\/28\/dia-6-comparte-por-la-humanidad-cideci\/mg_8369-800x400\/'><img loading=\"lazy\" decoding=\"async\" width=\"300\" height=\"150\" src=\"https:\/\/www.grieta.org.mx\/wp-content\/uploads\/2016\/07\/MG_8369-800x400-300x150.jpg\" class=\"attachment-medium size-medium\" alt=\"\" srcset=\"https:\/\/www.grieta.org.mx\/wp-content\/uploads\/2016\/07\/MG_8369-800x400-300x150.jpg 300w, https:\/\/www.grieta.org.mx\/wp-content\/uploads\/2016\/07\/MG_8369-800x400-768x384.jpg 768w, https:\/\/www.grieta.org.mx\/wp-content\/uploads\/2016\/07\/MG_8369-800x400.jpg 800w\" sizes=\"auto, (max-width: 300px) 100vw, 300px\" data-attachment-id=\"18161\" data-permalink=\"https:\/\/www.grieta.org.mx\/index.php\/2016\/07\/28\/dia-6-comparte-por-la-humanidad-cideci\/mg_8369-800x400\/\" data-orig-file=\"https:\/\/www.grieta.org.mx\/wp-content\/uploads\/2016\/07\/MG_8369-800x400.jpg\" data-orig-size=\"800,400\" data-comments-opened=\"0\" data-image-meta=\"{&quot;aperture&quot;:&quot;0&quot;,&quot;credit&quot;:&quot;&quot;,&quot;camera&quot;:&quot;&quot;,&quot;caption&quot;:&quot;&quot;,&quot;created_timestamp&quot;:&quot;0&quot;,&quot;copyright&quot;:&quot;&quot;,&quot;focal_length&quot;:&quot;0&quot;,&quot;iso&quot;:&quot;0&quot;,&quot;shutter_speed&quot;:&quot;0&quot;,&quot;title&quot;:&quot;&quot;,&quot;orientation&quot;:&quot;0&quot;}\" data-image-title=\"MG_8369-800&amp;#215;400\" data-image-description=\"\" data-image-caption=\"\" data-medium-file=\"https:\/\/www.grieta.org.mx\/wp-content\/uploads\/2016\/07\/MG_8369-800x400-300x150.jpg\" data-large-file=\"https:\/\/www.grieta.org.mx\/wp-content\/uploads\/2016\/07\/MG_8369-800x400.jpg\" \/><\/a>\n\t\t\t<\/div><\/figure><figure class='gallery-item'>\n\t\t\t<div class='gallery-icon landscape'>\n\t\t\t\t<a href='https:\/\/www.grieta.org.mx\/index.php\/2016\/07\/28\/dia-6-comparte-por-la-humanidad-cideci\/mg_8372-800x400\/'><img loading=\"lazy\" decoding=\"async\" width=\"300\" height=\"150\" src=\"https:\/\/www.grieta.org.mx\/wp-content\/uploads\/2016\/07\/MG_8372-800x400-300x150.jpg\" class=\"attachment-medium size-medium\" alt=\"\" srcset=\"https:\/\/www.grieta.org.mx\/wp-content\/uploads\/2016\/07\/MG_8372-800x400-300x150.jpg 300w, https:\/\/www.grieta.org.mx\/wp-content\/uploads\/2016\/07\/MG_8372-800x400-768x384.jpg 768w, https:\/\/www.grieta.org.mx\/wp-content\/uploads\/2016\/07\/MG_8372-800x400.jpg 800w\" sizes=\"auto, (max-width: 300px) 100vw, 300px\" data-attachment-id=\"18162\" data-permalink=\"https:\/\/www.grieta.org.mx\/index.php\/2016\/07\/28\/dia-6-comparte-por-la-humanidad-cideci\/mg_8372-800x400\/\" data-orig-file=\"https:\/\/www.grieta.org.mx\/wp-content\/uploads\/2016\/07\/MG_8372-800x400.jpg\" data-orig-size=\"800,400\" data-comments-opened=\"0\" data-image-meta=\"{&quot;aperture&quot;:&quot;0&quot;,&quot;credit&quot;:&quot;&quot;,&quot;camera&quot;:&quot;&quot;,&quot;caption&quot;:&quot;&quot;,&quot;created_timestamp&quot;:&quot;0&quot;,&quot;copyright&quot;:&quot;&quot;,&quot;focal_length&quot;:&quot;0&quot;,&quot;iso&quot;:&quot;0&quot;,&quot;shutter_speed&quot;:&quot;0&quot;,&quot;title&quot;:&quot;&quot;,&quot;orientation&quot;:&quot;0&quot;}\" data-image-title=\"MG_8372-800&amp;#215;400\" data-image-description=\"\" data-image-caption=\"\" data-medium-file=\"https:\/\/www.grieta.org.mx\/wp-content\/uploads\/2016\/07\/MG_8372-800x400-300x150.jpg\" data-large-file=\"https:\/\/www.grieta.org.mx\/wp-content\/uploads\/2016\/07\/MG_8372-800x400.jpg\" \/><\/a>\n\t\t\t<\/div><\/figure><figure class='gallery-item'>\n\t\t\t<div class='gallery-icon landscape'>\n\t\t\t\t<a href='https:\/\/www.grieta.org.mx\/index.php\/2016\/07\/28\/dia-6-comparte-por-la-humanidad-cideci\/mg_8397-800x400\/'><img loading=\"lazy\" decoding=\"async\" width=\"300\" height=\"150\" src=\"https:\/\/www.grieta.org.mx\/wp-content\/uploads\/2016\/07\/MG_8397-800x400-300x150.jpg\" class=\"attachment-medium size-medium\" alt=\"\" srcset=\"https:\/\/www.grieta.org.mx\/wp-content\/uploads\/2016\/07\/MG_8397-800x400-300x150.jpg 300w, https:\/\/www.grieta.org.mx\/wp-content\/uploads\/2016\/07\/MG_8397-800x400-768x384.jpg 768w, https:\/\/www.grieta.org.mx\/wp-content\/uploads\/2016\/07\/MG_8397-800x400.jpg 800w\" sizes=\"auto, (max-width: 300px) 100vw, 300px\" data-attachment-id=\"18163\" data-permalink=\"https:\/\/www.grieta.org.mx\/index.php\/2016\/07\/28\/dia-6-comparte-por-la-humanidad-cideci\/mg_8397-800x400\/\" data-orig-file=\"https:\/\/www.grieta.org.mx\/wp-content\/uploads\/2016\/07\/MG_8397-800x400.jpg\" data-orig-size=\"800,400\" data-comments-opened=\"0\" data-image-meta=\"{&quot;aperture&quot;:&quot;0&quot;,&quot;credit&quot;:&quot;&quot;,&quot;camera&quot;:&quot;&quot;,&quot;caption&quot;:&quot;&quot;,&quot;created_timestamp&quot;:&quot;0&quot;,&quot;copyright&quot;:&quot;&quot;,&quot;focal_length&quot;:&quot;0&quot;,&quot;iso&quot;:&quot;0&quot;,&quot;shutter_speed&quot;:&quot;0&quot;,&quot;title&quot;:&quot;&quot;,&quot;orientation&quot;:&quot;0&quot;}\" data-image-title=\"MG_8397-800&amp;#215;400\" data-image-description=\"\" data-image-caption=\"\" data-medium-file=\"https:\/\/www.grieta.org.mx\/wp-content\/uploads\/2016\/07\/MG_8397-800x400-300x150.jpg\" data-large-file=\"https:\/\/www.grieta.org.mx\/wp-content\/uploads\/2016\/07\/MG_8397-800x400.jpg\" \/><\/a>\n\t\t\t<\/div><\/figure><figure class='gallery-item'>\n\t\t\t<div class='gallery-icon landscape'>\n\t\t\t\t<a href='https:\/\/www.grieta.org.mx\/index.php\/2016\/07\/28\/dia-6-comparte-por-la-humanidad-cideci\/mg_8401-800x400\/'><img loading=\"lazy\" decoding=\"async\" width=\"300\" height=\"150\" src=\"https:\/\/www.grieta.org.mx\/wp-content\/uploads\/2016\/07\/MG_8401-800x400-300x150.jpg\" class=\"attachment-medium size-medium\" alt=\"\" srcset=\"https:\/\/www.grieta.org.mx\/wp-content\/uploads\/2016\/07\/MG_8401-800x400-300x150.jpg 300w, https:\/\/www.grieta.org.mx\/wp-content\/uploads\/2016\/07\/MG_8401-800x400-768x384.jpg 768w, https:\/\/www.grieta.org.mx\/wp-content\/uploads\/2016\/07\/MG_8401-800x400.jpg 800w\" sizes=\"auto, (max-width: 300px) 100vw, 300px\" data-attachment-id=\"18164\" data-permalink=\"https:\/\/www.grieta.org.mx\/index.php\/2016\/07\/28\/dia-6-comparte-por-la-humanidad-cideci\/mg_8401-800x400\/\" data-orig-file=\"https:\/\/www.grieta.org.mx\/wp-content\/uploads\/2016\/07\/MG_8401-800x400.jpg\" data-orig-size=\"800,400\" data-comments-opened=\"0\" data-image-meta=\"{&quot;aperture&quot;:&quot;0&quot;,&quot;credit&quot;:&quot;&quot;,&quot;camera&quot;:&quot;&quot;,&quot;caption&quot;:&quot;&quot;,&quot;created_timestamp&quot;:&quot;0&quot;,&quot;copyright&quot;:&quot;&quot;,&quot;focal_length&quot;:&quot;0&quot;,&quot;iso&quot;:&quot;0&quot;,&quot;shutter_speed&quot;:&quot;0&quot;,&quot;title&quot;:&quot;&quot;,&quot;orientation&quot;:&quot;0&quot;}\" data-image-title=\"MG_8401-800&amp;#215;400\" data-image-description=\"\" data-image-caption=\"\" data-medium-file=\"https:\/\/www.grieta.org.mx\/wp-content\/uploads\/2016\/07\/MG_8401-800x400-300x150.jpg\" data-large-file=\"https:\/\/www.grieta.org.mx\/wp-content\/uploads\/2016\/07\/MG_8401-800x400.jpg\" \/><\/a>\n\t\t\t<\/div><\/figure><figure class='gallery-item'>\n\t\t\t<div class='gallery-icon landscape'>\n\t\t\t\t<a href='https:\/\/www.grieta.org.mx\/index.php\/2016\/07\/28\/dia-6-comparte-por-la-humanidad-cideci\/mg_8404-800x400\/'><img loading=\"lazy\" decoding=\"async\" width=\"300\" height=\"150\" src=\"https:\/\/www.grieta.org.mx\/wp-content\/uploads\/2016\/07\/MG_8404-800x400-300x150.jpg\" class=\"attachment-medium size-medium\" alt=\"\" srcset=\"https:\/\/www.grieta.org.mx\/wp-content\/uploads\/2016\/07\/MG_8404-800x400-300x150.jpg 300w, https:\/\/www.grieta.org.mx\/wp-content\/uploads\/2016\/07\/MG_8404-800x400-768x384.jpg 768w, https:\/\/www.grieta.org.mx\/wp-content\/uploads\/2016\/07\/MG_8404-800x400.jpg 800w\" sizes=\"auto, (max-width: 300px) 100vw, 300px\" data-attachment-id=\"18165\" data-permalink=\"https:\/\/www.grieta.org.mx\/index.php\/2016\/07\/28\/dia-6-comparte-por-la-humanidad-cideci\/mg_8404-800x400\/\" data-orig-file=\"https:\/\/www.grieta.org.mx\/wp-content\/uploads\/2016\/07\/MG_8404-800x400.jpg\" data-orig-size=\"800,400\" data-comments-opened=\"0\" data-image-meta=\"{&quot;aperture&quot;:&quot;0&quot;,&quot;credit&quot;:&quot;&quot;,&quot;camera&quot;:&quot;&quot;,&quot;caption&quot;:&quot;&quot;,&quot;created_timestamp&quot;:&quot;0&quot;,&quot;copyright&quot;:&quot;&quot;,&quot;focal_length&quot;:&quot;0&quot;,&quot;iso&quot;:&quot;0&quot;,&quot;shutter_speed&quot;:&quot;0&quot;,&quot;title&quot;:&quot;&quot;,&quot;orientation&quot;:&quot;0&quot;}\" data-image-title=\"MG_8404-800&amp;#215;400\" data-image-description=\"\" data-image-caption=\"\" data-medium-file=\"https:\/\/www.grieta.org.mx\/wp-content\/uploads\/2016\/07\/MG_8404-800x400-300x150.jpg\" data-large-file=\"https:\/\/www.grieta.org.mx\/wp-content\/uploads\/2016\/07\/MG_8404-800x400.jpg\" \/><\/a>\n\t\t\t<\/div><\/figure><figure class='gallery-item'>\n\t\t\t<div class='gallery-icon landscape'>\n\t\t\t\t<a href='https:\/\/www.grieta.org.mx\/index.php\/2016\/07\/28\/dia-6-comparte-por-la-humanidad-cideci\/mg_81211-800x400\/'><img loading=\"lazy\" decoding=\"async\" width=\"300\" height=\"150\" src=\"https:\/\/www.grieta.org.mx\/wp-content\/uploads\/2016\/07\/MG_81211-800x400-300x150.jpg\" class=\"attachment-medium size-medium\" alt=\"\" srcset=\"https:\/\/www.grieta.org.mx\/wp-content\/uploads\/2016\/07\/MG_81211-800x400-300x150.jpg 300w, https:\/\/www.grieta.org.mx\/wp-content\/uploads\/2016\/07\/MG_81211-800x400-768x384.jpg 768w, https:\/\/www.grieta.org.mx\/wp-content\/uploads\/2016\/07\/MG_81211-800x400.jpg 800w\" sizes=\"auto, (max-width: 300px) 100vw, 300px\" data-attachment-id=\"18166\" data-permalink=\"https:\/\/www.grieta.org.mx\/index.php\/2016\/07\/28\/dia-6-comparte-por-la-humanidad-cideci\/mg_81211-800x400\/\" data-orig-file=\"https:\/\/www.grieta.org.mx\/wp-content\/uploads\/2016\/07\/MG_81211-800x400.jpg\" data-orig-size=\"800,400\" data-comments-opened=\"0\" data-image-meta=\"{&quot;aperture&quot;:&quot;0&quot;,&quot;credit&quot;:&quot;&quot;,&quot;camera&quot;:&quot;&quot;,&quot;caption&quot;:&quot;&quot;,&quot;created_timestamp&quot;:&quot;0&quot;,&quot;copyright&quot;:&quot;&quot;,&quot;focal_length&quot;:&quot;0&quot;,&quot;iso&quot;:&quot;0&quot;,&quot;shutter_speed&quot;:&quot;0&quot;,&quot;title&quot;:&quot;&quot;,&quot;orientation&quot;:&quot;0&quot;}\" data-image-title=\"MG_81211-800&amp;#215;400\" data-image-description=\"\" data-image-caption=\"\" data-medium-file=\"https:\/\/www.grieta.org.mx\/wp-content\/uploads\/2016\/07\/MG_81211-800x400-300x150.jpg\" data-large-file=\"https:\/\/www.grieta.org.mx\/wp-content\/uploads\/2016\/07\/MG_81211-800x400.jpg\" \/><\/a>\n\t\t\t<\/div><\/figure><figure class='gallery-item'>\n\t\t\t<div class='gallery-icon landscape'>\n\t\t\t\t<a href='https:\/\/www.grieta.org.mx\/index.php\/2016\/07\/28\/dia-6-comparte-por-la-humanidad-cideci\/mg_83221-800x400\/'><img loading=\"lazy\" decoding=\"async\" width=\"300\" height=\"150\" src=\"https:\/\/www.grieta.org.mx\/wp-content\/uploads\/2016\/07\/MG_83221-800x400-300x150.jpg\" class=\"attachment-medium size-medium\" alt=\"\" srcset=\"https:\/\/www.grieta.org.mx\/wp-content\/uploads\/2016\/07\/MG_83221-800x400-300x150.jpg 300w, https:\/\/www.grieta.org.mx\/wp-content\/uploads\/2016\/07\/MG_83221-800x400-768x384.jpg 768w, https:\/\/www.grieta.org.mx\/wp-content\/uploads\/2016\/07\/MG_83221-800x400.jpg 800w\" sizes=\"auto, (max-width: 300px) 100vw, 300px\" data-attachment-id=\"18167\" data-permalink=\"https:\/\/www.grieta.org.mx\/index.php\/2016\/07\/28\/dia-6-comparte-por-la-humanidad-cideci\/mg_83221-800x400\/\" data-orig-file=\"https:\/\/www.grieta.org.mx\/wp-content\/uploads\/2016\/07\/MG_83221-800x400.jpg\" data-orig-size=\"800,400\" data-comments-opened=\"0\" data-image-meta=\"{&quot;aperture&quot;:&quot;0&quot;,&quot;credit&quot;:&quot;&quot;,&quot;camera&quot;:&quot;&quot;,&quot;caption&quot;:&quot;&quot;,&quot;created_timestamp&quot;:&quot;0&quot;,&quot;copyright&quot;:&quot;&quot;,&quot;focal_length&quot;:&quot;0&quot;,&quot;iso&quot;:&quot;0&quot;,&quot;shutter_speed&quot;:&quot;0&quot;,&quot;title&quot;:&quot;&quot;,&quot;orientation&quot;:&quot;0&quot;}\" data-image-title=\"MG_83221-800&amp;#215;400\" data-image-description=\"\" data-image-caption=\"\" data-medium-file=\"https:\/\/www.grieta.org.mx\/wp-content\/uploads\/2016\/07\/MG_83221-800x400-300x150.jpg\" data-large-file=\"https:\/\/www.grieta.org.mx\/wp-content\/uploads\/2016\/07\/MG_83221-800x400.jpg\" \/><\/a>\n\t\t\t<\/div><\/figure><figure class='gallery-item'>\n\t\t\t<div class='gallery-icon landscape'>\n\t\t\t\t<a href='https:\/\/www.grieta.org.mx\/index.php\/2016\/07\/28\/dia-6-comparte-por-la-humanidad-cideci\/mg_83241-800x400\/'><img loading=\"lazy\" decoding=\"async\" width=\"300\" height=\"150\" src=\"https:\/\/www.grieta.org.mx\/wp-content\/uploads\/2016\/07\/MG_83241-800x400-300x150.jpg\" class=\"attachment-medium size-medium\" alt=\"\" srcset=\"https:\/\/www.grieta.org.mx\/wp-content\/uploads\/2016\/07\/MG_83241-800x400-300x150.jpg 300w, https:\/\/www.grieta.org.mx\/wp-content\/uploads\/2016\/07\/MG_83241-800x400-768x384.jpg 768w, https:\/\/www.grieta.org.mx\/wp-content\/uploads\/2016\/07\/MG_83241-800x400.jpg 800w\" sizes=\"auto, (max-width: 300px) 100vw, 300px\" data-attachment-id=\"18168\" data-permalink=\"https:\/\/www.grieta.org.mx\/index.php\/2016\/07\/28\/dia-6-comparte-por-la-humanidad-cideci\/mg_83241-800x400\/\" data-orig-file=\"https:\/\/www.grieta.org.mx\/wp-content\/uploads\/2016\/07\/MG_83241-800x400.jpg\" data-orig-size=\"800,400\" data-comments-opened=\"0\" data-image-meta=\"{&quot;aperture&quot;:&quot;0&quot;,&quot;credit&quot;:&quot;&quot;,&quot;camera&quot;:&quot;&quot;,&quot;caption&quot;:&quot;&quot;,&quot;created_timestamp&quot;:&quot;0&quot;,&quot;copyright&quot;:&quot;&quot;,&quot;focal_length&quot;:&quot;0&quot;,&quot;iso&quot;:&quot;0&quot;,&quot;shutter_speed&quot;:&quot;0&quot;,&quot;title&quot;:&quot;&quot;,&quot;orientation&quot;:&quot;0&quot;}\" data-image-title=\"MG_83241-800&amp;#215;400\" data-image-description=\"\" data-image-caption=\"\" data-medium-file=\"https:\/\/www.grieta.org.mx\/wp-content\/uploads\/2016\/07\/MG_83241-800x400-300x150.jpg\" data-large-file=\"https:\/\/www.grieta.org.mx\/wp-content\/uploads\/2016\/07\/MG_83241-800x400.jpg\" \/><\/a>\n\t\t\t<\/div><\/figure><figure class='gallery-item'>\n\t\t\t<div class='gallery-icon landscape'>\n\t\t\t\t<a href='https:\/\/www.grieta.org.mx\/index.php\/2016\/07\/28\/dia-6-comparte-por-la-humanidad-cideci\/mg_83311-800x400\/'><img loading=\"lazy\" decoding=\"async\" width=\"300\" height=\"150\" src=\"https:\/\/www.grieta.org.mx\/wp-content\/uploads\/2016\/07\/MG_83311-800x400-300x150.jpg\" class=\"attachment-medium size-medium\" alt=\"\" srcset=\"https:\/\/www.grieta.org.mx\/wp-content\/uploads\/2016\/07\/MG_83311-800x400-300x150.jpg 300w, https:\/\/www.grieta.org.mx\/wp-content\/uploads\/2016\/07\/MG_83311-800x400-768x384.jpg 768w, https:\/\/www.grieta.org.mx\/wp-content\/uploads\/2016\/07\/MG_83311-800x400.jpg 800w\" sizes=\"auto, (max-width: 300px) 100vw, 300px\" data-attachment-id=\"18169\" data-permalink=\"https:\/\/www.grieta.org.mx\/index.php\/2016\/07\/28\/dia-6-comparte-por-la-humanidad-cideci\/mg_83311-800x400\/\" data-orig-file=\"https:\/\/www.grieta.org.mx\/wp-content\/uploads\/2016\/07\/MG_83311-800x400.jpg\" data-orig-size=\"800,400\" data-comments-opened=\"0\" data-image-meta=\"{&quot;aperture&quot;:&quot;0&quot;,&quot;credit&quot;:&quot;&quot;,&quot;camera&quot;:&quot;&quot;,&quot;caption&quot;:&quot;&quot;,&quot;created_timestamp&quot;:&quot;0&quot;,&quot;copyright&quot;:&quot;&quot;,&quot;focal_length&quot;:&quot;0&quot;,&quot;iso&quot;:&quot;0&quot;,&quot;shutter_speed&quot;:&quot;0&quot;,&quot;title&quot;:&quot;&quot;,&quot;orientation&quot;:&quot;0&quot;}\" data-image-title=\"MG_83311-800&amp;#215;400\" data-image-description=\"\" data-image-caption=\"\" data-medium-file=\"https:\/\/www.grieta.org.mx\/wp-content\/uploads\/2016\/07\/MG_83311-800x400-300x150.jpg\" data-large-file=\"https:\/\/www.grieta.org.mx\/wp-content\/uploads\/2016\/07\/MG_83311-800x400.jpg\" \/><\/a>\n\t\t\t<\/div><\/figure>\n\t\t<\/div>\n\n<p>Jueves 28 de julio.- Jovel-San Crist\u00f3bal de Las Casas, Chiapas. Es el sexto d\u00eda de presentaciones, talleres, fusiones construidas a partir del encontrarse, sentirse, transgredir corazones y pensamientos en este Festival #CompArte por la Humanidad. La creatividad desborda las expectativas y la imaginaci\u00f3n, el arte sigue cavando en lo profundo porque para \u00e9sta no hay edad, color, lengua. La creaci\u00f3n art\u00edstica compartida abraza, reconforta y da pie a la construcci\u00f3n de sue\u00f1os y esperanzas.<\/p>\n<p>Un halo en el sol es reflejo de lo que la Tierra est\u00e1 siendo testiga, y es que el multicolor que se dibuja en el cielo es reflejo de lo que abajo est\u00e1 aconteciendo. Los sentidos est\u00e1n tejiendo las m\u00faltiples geograf\u00edas, latitudes haciendo honor al sexto, o Sexta d\u00eda. Esas otroas aseguran que este festival est\u00e1 siendo muy otro, rindiendo tributo a la Declaraci\u00f3n de la Selva que hace ya 10 a\u00f1os que vio nacerse de la reflexi\u00f3n, la memoria viva que es a la vez horizonte presente.<\/p>\n<p>Sin m\u00e1s palabras que puedan dar reporte de lo que aqu\u00ed se est\u00e1 viviendo, les hacemos esta entrega de materiales para que sean escuchados por sus corazones y pensamientos, para compartirse, utilizarse y transformarse de manera libre, como lo est\u00e1n siendo las presentaciones que poco a poco van m\u00e1s all\u00e1 de eso, para convertirse en fusiones. Todos los esfuerzos puestos van rindiendo claros frutos que podr\u00e1n escuchar al cerrar los ojos y abrirse a la experiencia de escuchar a quienes ha puesto todo su esfuerzo para a luz, vida en medio de la tormena.<\/p>\n<p>De Los Gatos de la V\u00eda L\u00e1ctea y el proyecto de lectura, teatro, danza y m\u00fasica infantil Cuitlachtli, Juan comenz\u00f3 el d\u00eda compartiendo tres poes\u00edas:<\/p>\n<audio class=\"wp-audio-shortcode\" id=\"audio-18114-1\" preload=\"none\" style=\"width: 100%;\" controls=\"controls\"><source type=\"audio\/mpeg\" src=\"http:\/\/radiozapatista.org\/Audios\/rzchiapas\/juansancris.mp3?_=1\" \/><a href=\"http:\/\/radiozapatista.org\/Audios\/rzchiapas\/juansancris.mp3\">http:\/\/radiozapatista.org\/Audios\/rzchiapas\/juansancris.mp3<\/a><\/audio>\n<p>&nbsp;<\/p>\n<p>Juval Brodsky de Chile reverber\u00f3 el auditorio con uno de los pocos tambores de mano en el mundo:<\/p>\n<audio class=\"wp-audio-shortcode\" id=\"audio-18114-2\" preload=\"none\" style=\"width: 100%;\" controls=\"controls\"><source type=\"audio\/mpeg\" src=\"http:\/\/radiozapatista.org\/Audios\/rzchiapas\/juvalbrodsky.mp3?_=2\" \/><a href=\"http:\/\/radiozapatista.org\/Audios\/rzchiapas\/juvalbrodsky.mp3\">http:\/\/radiozapatista.org\/Audios\/rzchiapas\/juvalbrodsky.mp3<\/a><\/audio>\n<p>&nbsp;<\/p>\n<p>Soyotrotu Crew y Manik B de San Luis, Comit\u00e1n y San Crist\u00f3bal compArtieron reggae y hip hop rebeldes:<\/p>\n<audio class=\"wp-audio-shortcode\" id=\"audio-18114-3\" preload=\"none\" style=\"width: 100%;\" controls=\"controls\"><source type=\"audio\/mpeg\" src=\"http:\/\/radiozapatista.org\/Audios\/rzchiapas\/soyotrotuuno.mp3?_=3\" \/><a href=\"http:\/\/radiozapatista.org\/Audios\/rzchiapas\/soyotrotuuno.mp3\">http:\/\/radiozapatista.org\/Audios\/rzchiapas\/soyotrotuuno.mp3<\/a><\/audio>\n<p>&nbsp;<\/p>\n<audio class=\"wp-audio-shortcode\" id=\"audio-18114-4\" preload=\"none\" style=\"width: 100%;\" controls=\"controls\"><source type=\"audio\/mpeg\" src=\"http:\/\/radiozapatista.org\/Audios\/rzchiapas\/soyotrotudos.mp3?_=4\" \/><a href=\"http:\/\/radiozapatista.org\/Audios\/rzchiapas\/soyotrotudos.mp3\">http:\/\/radiozapatista.org\/Audios\/rzchiapas\/soyotrotudos.mp3<\/a><\/audio>\n<p>&nbsp;<\/p>\n<p>Desde Celaya, Guanajuato, Juan Miguel sintetiz\u00f3 historia, ficci\u00f3n, cuentas, narrativa y sensaciones en la lectura de \u201cMe encontr\u00e9 esto en la basura\u201d y, de paso, record\u00f3 \u201cSoluciones para el mundo\u201d de Ricardo Pessoa. O Fernando Reis, tanto faz:<\/p>\n<audio class=\"wp-audio-shortcode\" id=\"audio-18114-5\" preload=\"none\" style=\"width: 100%;\" controls=\"controls\"><source type=\"audio\/mpeg\" src=\"http:\/\/radiozapatista.org\/Audios\/rzchiapas\/juancelaya.mp3?_=5\" \/><a href=\"http:\/\/radiozapatista.org\/Audios\/rzchiapas\/juancelaya.mp3\">http:\/\/radiozapatista.org\/Audios\/rzchiapas\/juancelaya.mp3<\/a><\/audio>\n<p>&nbsp;<\/p>\n<p>Pavel Ortega present\u00f3 t\u00edteres, humor negro y la expectativa de que el compArte se replique en todo M\u00e9xico para que la libertad y la realidad vuelvan a estar del lado del pueblo:<\/p>\n<audio class=\"wp-audio-shortcode\" id=\"audio-18114-6\" preload=\"none\" style=\"width: 100%;\" controls=\"controls\"><source type=\"audio\/mpeg\" src=\"http:\/\/radiozapatista.org\/Audios\/rzchiapas\/pavelortega.mp3?_=6\" \/><a href=\"http:\/\/radiozapatista.org\/Audios\/rzchiapas\/pavelortega.mp3\">http:\/\/radiozapatista.org\/Audios\/rzchiapas\/pavelortega.mp3<\/a><\/audio>\n<p>&nbsp;<\/p>\n<p>Sangre Ma\u00edz dedic\u00f3 \u201cEn la mira\u201d a quienes all\u00e1 arriba nos quieren exterminar y \u201cPolvora\u201d. En su canto compartieron que no van a apagar nuestra llama nunca y nos queda organizarnos, resistir y existir:<\/p>\n<audio class=\"wp-audio-shortcode\" id=\"audio-18114-7\" preload=\"none\" style=\"width: 100%;\" controls=\"controls\"><source type=\"audio\/mpeg\" src=\"http:\/\/radiozapatista.org\/Audios\/rzchiapas\/sangremaizuno.mp3?_=7\" \/><a href=\"http:\/\/radiozapatista.org\/Audios\/rzchiapas\/sangremaizuno.mp3\">http:\/\/radiozapatista.org\/Audios\/rzchiapas\/sangremaizuno.mp3<\/a><\/audio>\n<p>&nbsp;<\/p>\n<audio class=\"wp-audio-shortcode\" id=\"audio-18114-8\" preload=\"none\" style=\"width: 100%;\" controls=\"controls\"><source type=\"audio\/mpeg\" src=\"http:\/\/radiozapatista.org\/Audios\/rzchiapas\/sangremaizdos.mp3?_=8\" \/><a href=\"http:\/\/radiozapatista.org\/Audios\/rzchiapas\/sangremaizdos.mp3\">http:\/\/radiozapatista.org\/Audios\/rzchiapas\/sangremaizdos.mp3<\/a><\/audio>\n<p>&nbsp;<\/p>\n<p>Desde Costa Rica, Sa\u00fal Demonio compaArti\u00f3 la propuesta de salir a escena para generar planes de acci\u00f3n autogestivos en las comunidades:<\/p>\n<audio class=\"wp-audio-shortcode\" id=\"audio-18114-9\" preload=\"none\" style=\"width: 100%;\" controls=\"controls\"><source type=\"audio\/mpeg\" src=\"http:\/\/radiozapatista.org\/Audios\/rzchiapas\/sauldemonio.mp3?_=9\" \/><a href=\"http:\/\/radiozapatista.org\/Audios\/rzchiapas\/sauldemonio.mp3\">http:\/\/radiozapatista.org\/Audios\/rzchiapas\/sauldemonio.mp3<\/a><\/audio>\n<p>&nbsp;<\/p>\n<p>En la charla \u201cTodoas somos artistas\u201d, la pintora Beatriz Aurora que el arte de ser humano consiste en hacer todo con todos y para los dem\u00e1s. Adem\u00e1s, de pil\u00f3n encarrer\u00f3 una composici\u00f3n musical an\u00f3nima toda vez que las obras de arte m\u00e1s grandes que ha conocido son as\u00ed: an\u00f3nimas. Colectivas, pues:<\/p>\n<audio class=\"wp-audio-shortcode\" id=\"audio-18114-10\" preload=\"none\" style=\"width: 100%;\" controls=\"controls\"><source type=\"audio\/mpeg\" src=\"http:\/\/radiozapatista.org\/Audios\/rzchiapas\/beatrizaurorauno.mp3?_=10\" \/><a href=\"http:\/\/radiozapatista.org\/Audios\/rzchiapas\/beatrizaurorauno.mp3\">http:\/\/radiozapatista.org\/Audios\/rzchiapas\/beatrizaurorauno.mp3<\/a><\/audio>\n<p>&nbsp;<\/p>\n<audio class=\"wp-audio-shortcode\" id=\"audio-18114-11\" preload=\"none\" style=\"width: 100%;\" controls=\"controls\"><source type=\"audio\/mpeg\" src=\"http:\/\/radiozapatista.org\/Audios\/rzchiapas\/beatrizaurorados.mp3?_=11\" \/><a href=\"http:\/\/radiozapatista.org\/Audios\/rzchiapas\/beatrizaurorados.mp3\">http:\/\/radiozapatista.org\/Audios\/rzchiapas\/beatrizaurorados.mp3<\/a><\/audio>\n<p>&nbsp;<\/p>\n<p>Como homenaje a sus votanes de la Escuelita Zapatista, el Colectivo Danza en Resistencia compArti\u00f3 que la danza somos todxs y est\u00e1 en todos lados:<\/p>\n<audio class=\"wp-audio-shortcode\" id=\"audio-18114-12\" preload=\"none\" style=\"width: 100%;\" controls=\"controls\"><source type=\"audio\/mpeg\" src=\"http:\/\/radiozapatista.org\/Audios\/rzchiapas\/danzaenresistencia.mp3?_=12\" \/><a href=\"http:\/\/radiozapatista.org\/Audios\/rzchiapas\/danzaenresistencia.mp3\">http:\/\/radiozapatista.org\/Audios\/rzchiapas\/danzaenresistencia.mp3<\/a><\/audio>\n<p>&nbsp;<\/p>\n<p>Adem\u00e1s de las piezas Palestina y una m\u00e1s sobre La Visi\u00f3n de los Vencidos de Miguel de Le\u00f3n Portilla, el Colectivo Ecos de nuestro pasado adelant\u00f3 quiz\u00e1s la suma del compArte y el conCiencia pr\u00f3ximos: urge poner la imaginaci\u00f3n en el centro, jugarla y disfrutarla y, entonces, compartir todo eso que imaginemos y creemos:<\/p>\n<audio class=\"wp-audio-shortcode\" id=\"audio-18114-13\" preload=\"none\" style=\"width: 100%;\" controls=\"controls\"><source type=\"audio\/mpeg\" src=\"http:\/\/radiozapatista.org\/Audios\/rzchiapas\/ecosdenuestropasado.mp3?_=13\" \/><a href=\"http:\/\/radiozapatista.org\/Audios\/rzchiapas\/ecosdenuestropasado.mp3\">http:\/\/radiozapatista.org\/Audios\/rzchiapas\/ecosdenuestropasado.mp3<\/a><\/audio>\n<p>&nbsp;<\/p>\n<p>Ana Monteverde, Gustavo Rabado y Roel Osorio compartieron composiciones:<\/p>\n<audio class=\"wp-audio-shortcode\" id=\"audio-18114-14\" preload=\"none\" style=\"width: 100%;\" controls=\"controls\"><source type=\"audio\/mpeg\" src=\"http:\/\/radiozapatista.org\/Audios\/rzchiapas\/anamonteverdeuno.mp3?_=14\" \/><a href=\"http:\/\/radiozapatista.org\/Audios\/rzchiapas\/anamonteverdeuno.mp3\">http:\/\/radiozapatista.org\/Audios\/rzchiapas\/anamonteverdeuno.mp3<\/a><\/audio>\n<p>&nbsp;<\/p>\n<audio class=\"wp-audio-shortcode\" id=\"audio-18114-15\" preload=\"none\" style=\"width: 100%;\" controls=\"controls\"><source type=\"audio\/mpeg\" src=\"http:\/\/radiozapatista.org\/Audios\/rzchiapas\/anamonteverdedos.mp3?_=15\" \/><a href=\"http:\/\/radiozapatista.org\/Audios\/rzchiapas\/anamonteverdedos.mp3\">http:\/\/radiozapatista.org\/Audios\/rzchiapas\/anamonteverdedos.mp3<\/a><\/audio>\n<p>&nbsp;<\/p>\n<audio class=\"wp-audio-shortcode\" id=\"audio-18114-16\" preload=\"none\" style=\"width: 100%;\" controls=\"controls\"><source type=\"audio\/mpeg\" src=\"http:\/\/radiozapatista.org\/Audios\/rzchiapas\/gustavorabado.mp3?_=16\" \/><a href=\"http:\/\/radiozapatista.org\/Audios\/rzchiapas\/gustavorabado.mp3\">http:\/\/radiozapatista.org\/Audios\/rzchiapas\/gustavorabado.mp3<\/a><\/audio>\n<p>&nbsp;<\/p>\n<audio class=\"wp-audio-shortcode\" id=\"audio-18114-17\" preload=\"none\" style=\"width: 100%;\" controls=\"controls\"><source type=\"audio\/mpeg\" src=\"http:\/\/radiozapatista.org\/Audios\/rzchiapas\/roelosorio.mp3?_=17\" \/><a href=\"http:\/\/radiozapatista.org\/Audios\/rzchiapas\/roelosorio.mp3\">http:\/\/radiozapatista.org\/Audios\/rzchiapas\/roelosorio.mp3<\/a><\/audio>\n<p>&nbsp;<\/p>\n<p>Jorge y Linda, del Centro Esportivo Capoeira Angola Joao Pequeno de Pasquina, compArtieron este arte afrobrasile\u00f1o de resistencia, movimiento, improvisaci\u00f3n y narraci\u00f3n de historias:<\/p>\n<audio class=\"wp-audio-shortcode\" id=\"audio-18114-18\" preload=\"none\" style=\"width: 100%;\" controls=\"controls\"><source type=\"audio\/mpeg\" src=\"http:\/\/radiozapatista.org\/Audios\/rzchiapas\/capoeira.mp3?_=18\" \/><a href=\"http:\/\/radiozapatista.org\/Audios\/rzchiapas\/capoeira.mp3\">http:\/\/radiozapatista.org\/Audios\/rzchiapas\/capoeira.mp3<\/a><\/audio>\n<p>&nbsp;<\/p>\n<audio class=\"wp-audio-shortcode\" id=\"audio-18114-19\" preload=\"none\" style=\"width: 100%;\" controls=\"controls\"><source type=\"audio\/mpeg\" src=\"http:\/\/radiozapatista.org\/Audios\/rzchiapas\/capoeirados.mp3?_=19\" \/><a href=\"http:\/\/radiozapatista.org\/Audios\/rzchiapas\/capoeirados.mp3\">http:\/\/radiozapatista.org\/Audios\/rzchiapas\/capoeirados.mp3<\/a><\/audio>\n<p>&nbsp;<\/p>\n<p>Malavida, que combina en el De Efe reggae, funk, rap, dub, rock psic\u00f3delico y progresivo, adelant\u00f3 que se lleva del compArte la ense\u00f1anza de aprender m\u00e1s de la gente y compartir la palabra, el mensaje, la m\u00fasica y todo\u2026 El arte es su peque\u00f1a lucha:<\/p>\n<audio class=\"wp-audio-shortcode\" id=\"audio-18114-20\" preload=\"none\" style=\"width: 100%;\" controls=\"controls\"><source type=\"audio\/mpeg\" src=\"http:\/\/radiozapatista.org\/Audios\/rzchiapas\/malavida.mp3?_=20\" \/><a href=\"http:\/\/radiozapatista.org\/Audios\/rzchiapas\/malavida.mp3\">http:\/\/radiozapatista.org\/Audios\/rzchiapas\/malavida.mp3<\/a><\/audio>\n<p>&nbsp;<\/p>\n<audio class=\"wp-audio-shortcode\" id=\"audio-18114-21\" preload=\"none\" style=\"width: 100%;\" controls=\"controls\"><source type=\"audio\/mpeg\" src=\"http:\/\/radiozapatista.org\/Audios\/rzchiapas\/malavidados.mp3?_=21\" \/><a href=\"http:\/\/radiozapatista.org\/Audios\/rzchiapas\/malavidados.mp3\">http:\/\/radiozapatista.org\/Audios\/rzchiapas\/malavidados.mp3<\/a><\/audio>\n<p>&nbsp;<\/p>\n<p>La Revuelta de las Semillas cantaron a Juan V\u00e1squez G\u00f3mez, a los barrios, los territorios, las ra\u00edces y las barricadas. CompArtieron tambi\u00e9n que el arte y la cultura nos sirven de barricadas para defendernos, para crear y para hacer m\u00e1s:<\/p>\n<audio class=\"wp-audio-shortcode\" id=\"audio-18114-22\" preload=\"none\" style=\"width: 100%;\" controls=\"controls\"><source type=\"audio\/mpeg\" src=\"http:\/\/radiozapatista.org\/Audios\/rzchiapas\/revueltasemillasuno.mp3?_=22\" \/><a href=\"http:\/\/radiozapatista.org\/Audios\/rzchiapas\/revueltasemillasuno.mp3\">http:\/\/radiozapatista.org\/Audios\/rzchiapas\/revueltasemillasuno.mp3<\/a><\/audio>\n<p>&nbsp;<\/p>\n<audio class=\"wp-audio-shortcode\" id=\"audio-18114-23\" preload=\"none\" style=\"width: 100%;\" controls=\"controls\"><source type=\"audio\/mpeg\" src=\"http:\/\/radiozapatista.org\/Audios\/rzchiapas\/revueltasemillasdos.mp3?_=23\" \/><a href=\"http:\/\/radiozapatista.org\/Audios\/rzchiapas\/revueltasemillasdos.mp3\">http:\/\/radiozapatista.org\/Audios\/rzchiapas\/revueltasemillasdos.mp3<\/a><\/audio>\n<p><a href=\"http:\/\/radiozapatista.org\/?p=17048\" target=\"_blank\">http:\/\/radiozapatista.org\/?p=17048<\/a><\/p>\n","protected":false},"excerpt":{"rendered":"<p>Radio Zapatista Festival CompARTE por la humanidad 28 de julio de 2016 Cideci \/ Universidad de la Tierra Chiapas Jueves 28 de julio.- Jovel-San Crist\u00f3bal de Las Casas, Chiapas. Es &hellip; <a href=\"https:\/\/www.grieta.org.mx\/index.php\/2016\/07\/28\/dia-6-comparte-por-la-humanidad-cideci\/\" class=\"more-link\">Leer m\u00e1s<\/a><\/p>\n","protected":false},"author":2,"featured_media":21928,"comment_status":"closed","ping_status":"closed","sticky":false,"template":"","format":"standard","meta":{"ngg_post_thumbnail":0,"_jetpack_newsletter_access":"","_jetpack_dont_email_post_to_subs":false,"_jetpack_newsletter_tier_id":0,"_jetpack_memberships_contains_paywalled_content":false,"_jetpack_memberships_contains_paid_content":false,"footnotes":""},"categories":[80,817],"tags":[818],"class_list":["post-18114","post","type-post","status-publish","format-standard","has-post-thumbnail","hentry","category-cintillo","category-festival-comparte-por-la-humanidad","tag-festival-comparte","entry"],"jetpack_featured_media_url":"https:\/\/www.grieta.org.mx\/wp-content\/uploads\/2018\/03\/14524434_1106112876131411_958039263622046936_o.jpg","jetpack_sharing_enabled":true,"jetpack_shortlink":"https:\/\/wp.me\/p7ZJR4-4Ia","jetpack_likes_enabled":false,"jetpack-related-posts":[{"id":18735,"url":"https:\/\/www.grieta.org.mx\/index.php\/2016\/07\/30\/finaliza-el-festival-comparte-por-la-humanidad-en-cideci-unitierra-continua-ahora-en-los-caracoles-zapatistas\/","url_meta":{"origin":18114,"position":0},"title":"Finaliza el Festival \u201ccompARTE por la Humanidad\u201d en CIDECI-Unitierra. Contin\u00faa ahora en los caracoles zapatistas.","author":"grieta","date":"30 julio, 2016","format":false,"excerpt":"Sabado 30 de julio.- Radio Zapatista. Jovel-San Crist\u00f3bal de Las Casas, Chiapas. Finaliza el Festival \u201ccompARTE por la Humanidad\u201d en CIDECI-Unitierra, con mucha alegr\u00eda, fiesta, colores y sabores se da por terminado el festival compArte en lo que corresponde a la sede del CIDECI, ya que la fiesta, creatividad, arte\u2026","rel":"","context":"En &quot;CINTILLO&quot;","block_context":{"text":"CINTILLO","link":"https:\/\/www.grieta.org.mx\/index.php\/category\/cintillo\/"},"img":{"alt_text":"","src":"https:\/\/i0.wp.com\/www.grieta.org.mx\/wp-content\/uploads\/2018\/03\/14524434_1106112876131411_958039263622046936_o.jpg?resize=350%2C200&ssl=1","width":350,"height":200,"srcset":"https:\/\/i0.wp.com\/www.grieta.org.mx\/wp-content\/uploads\/2018\/03\/14524434_1106112876131411_958039263622046936_o.jpg?resize=350%2C200&ssl=1 1x, https:\/\/i0.wp.com\/www.grieta.org.mx\/wp-content\/uploads\/2018\/03\/14524434_1106112876131411_958039263622046936_o.jpg?resize=525%2C300&ssl=1 1.5x, https:\/\/i0.wp.com\/www.grieta.org.mx\/wp-content\/uploads\/2018\/03\/14524434_1106112876131411_958039263622046936_o.jpg?resize=700%2C400&ssl=1 2x"},"classes":[]},{"id":18402,"url":"https:\/\/www.grieta.org.mx\/index.php\/2016\/07\/31\/dia-8-comparte-por-la-humanidad-cideci\/","url_meta":{"origin":18114,"position":1},"title":"D\u00eda 8 \u2013 CompARTE por la humanidad \u2013 Cideci (Audios)","author":"grieta","date":"31 julio, 2016","format":false,"excerpt":"Radio Zapatista Festival CompARTE por la humanidad 30 de julio de 2016 Cideci \/ Universidad de la Tierra Chiapas Sabado 30 de julio.- Jovel-San Crist\u00f3bal de Las Casas, Chiapas. Finaliza el Festival \u201ccompARTE por la Humanidad\u201d en CIDECI-Unitierra, con mucha alegr\u00eda, fiesta, colores y sabores se da por terminado el\u2026","rel":"","context":"En &quot;CINTILLO&quot;","block_context":{"text":"CINTILLO","link":"https:\/\/www.grieta.org.mx\/index.php\/category\/cintillo\/"},"img":{"alt_text":"","src":"https:\/\/i0.wp.com\/www.grieta.org.mx\/wp-content\/uploads\/2018\/03\/14524434_1106112876131411_958039263622046936_o.jpg?resize=350%2C200&ssl=1","width":350,"height":200,"srcset":"https:\/\/i0.wp.com\/www.grieta.org.mx\/wp-content\/uploads\/2018\/03\/14524434_1106112876131411_958039263622046936_o.jpg?resize=350%2C200&ssl=1 1x, https:\/\/i0.wp.com\/www.grieta.org.mx\/wp-content\/uploads\/2018\/03\/14524434_1106112876131411_958039263622046936_o.jpg?resize=525%2C300&ssl=1 1.5x, https:\/\/i0.wp.com\/www.grieta.org.mx\/wp-content\/uploads\/2018\/03\/14524434_1106112876131411_958039263622046936_o.jpg?resize=700%2C400&ssl=1 2x"},"classes":[]},{"id":17621,"url":"https:\/\/www.grieta.org.mx\/index.php\/2016\/07\/24\/dia-1-comparte-por-la-humanidad-cideci\/","url_meta":{"origin":18114,"position":2},"title":"D\u00eda 1 \u2013 CompARTE por la humanidad \u2013 Cideci (Audios)","author":"grieta","date":"24 julio, 2016","format":false,"excerpt":"Radio Zapatista Festival CompARTE por la humanidad 23 de julio de 2016 Cideci \/ Universidad de la Tierra Chiapas Inicia el Festival CompArte en el Cideci-Unitierra Chiapas \u2026 \u201clas artes\u201d porque son ellas (y no la pol\u00edtica) quienes cavan en lo m\u00e1s profundo del ser humano y rescatan su esencia.\u2026","rel":"","context":"En &quot;CINTILLO&quot;","block_context":{"text":"CINTILLO","link":"https:\/\/www.grieta.org.mx\/index.php\/category\/cintillo\/"},"img":{"alt_text":"","src":"https:\/\/i0.wp.com\/www.grieta.org.mx\/wp-content\/uploads\/2018\/03\/14524434_1106112876131411_958039263622046936_o.jpg?resize=350%2C200&ssl=1","width":350,"height":200,"srcset":"https:\/\/i0.wp.com\/www.grieta.org.mx\/wp-content\/uploads\/2018\/03\/14524434_1106112876131411_958039263622046936_o.jpg?resize=350%2C200&ssl=1 1x, https:\/\/i0.wp.com\/www.grieta.org.mx\/wp-content\/uploads\/2018\/03\/14524434_1106112876131411_958039263622046936_o.jpg?resize=525%2C300&ssl=1 1.5x, https:\/\/i0.wp.com\/www.grieta.org.mx\/wp-content\/uploads\/2018\/03\/14524434_1106112876131411_958039263622046936_o.jpg?resize=700%2C400&ssl=1 2x"},"classes":[]},{"id":18527,"url":"https:\/\/www.grieta.org.mx\/index.php\/2016\/07\/30\/hip-hop-zapatista\/","url_meta":{"origin":18114,"position":3},"title":"Participaciones del EZLN en el festival CompArte. 29 de julio, Oventik","author":"grieta","date":"30 julio, 2016","format":false,"excerpt":"Festival compARTE por la humanidad - Comparte Zapatistas Compartici\u00f3n de bases de apoyo del EZLN. Oventic, Chiapas, M\u00e9xico... 29 de Julio 2016 Corrido Zapatista El Gavil\u00e1n y Jos\u00e9 en el #CompArte #Oventik #EZLN #Comparte #CompArte #CIDECI #zapatistas #orgullosamentezapatistas El Querreque Danza Zapatista en el #CompArte Las mujeres zapatistas cant\u00e1ndole a\u2026","rel":"","context":"En &quot;CINTILLO&quot;","block_context":{"text":"CINTILLO","link":"https:\/\/www.grieta.org.mx\/index.php\/category\/cintillo\/"},"img":{"alt_text":"","src":"https:\/\/i0.wp.com\/www.grieta.org.mx\/wp-content\/uploads\/2018\/03\/14524434_1106112876131411_958039263622046936_o.jpg?resize=350%2C200&ssl=1","width":350,"height":200,"srcset":"https:\/\/i0.wp.com\/www.grieta.org.mx\/wp-content\/uploads\/2018\/03\/14524434_1106112876131411_958039263622046936_o.jpg?resize=350%2C200&ssl=1 1x, https:\/\/i0.wp.com\/www.grieta.org.mx\/wp-content\/uploads\/2018\/03\/14524434_1106112876131411_958039263622046936_o.jpg?resize=525%2C300&ssl=1 1.5x, https:\/\/i0.wp.com\/www.grieta.org.mx\/wp-content\/uploads\/2018\/03\/14524434_1106112876131411_958039263622046936_o.jpg?resize=700%2C400&ssl=1 2x"},"classes":[]},{"id":17636,"url":"https:\/\/www.grieta.org.mx\/index.php\/2016\/07\/24\/dia-2-comparte-por-la-humanidad-cideci\/","url_meta":{"origin":18114,"position":4},"title":"D\u00eda 2 \u2013 CompARTE por la humanidad \u2013 Cideci (Audios)","author":"grieta","date":"24 julio, 2016","format":false,"excerpt":"Radio Zapatista Festival CompARTE por la humanidad 24 de julio de 2016 Cideci \/ Universidad de la Tierra Chiapas Domingo 24 de julio.- Jovel-San Crist\u00f3bal de Las Casas, Chiapas. Durante este segundo d\u00eda del Festival #CompArte por la Humanidad continuaron las comparticiones por parte de los y las compa\u00f1eras que\u2026","rel":"","context":"En &quot;CINTILLO&quot;","block_context":{"text":"CINTILLO","link":"https:\/\/www.grieta.org.mx\/index.php\/category\/cintillo\/"},"img":{"alt_text":"","src":"https:\/\/i0.wp.com\/www.grieta.org.mx\/wp-content\/uploads\/2018\/03\/14524434_1106112876131411_958039263622046936_o.jpg?resize=350%2C200&ssl=1","width":350,"height":200,"srcset":"https:\/\/i0.wp.com\/www.grieta.org.mx\/wp-content\/uploads\/2018\/03\/14524434_1106112876131411_958039263622046936_o.jpg?resize=350%2C200&ssl=1 1x, https:\/\/i0.wp.com\/www.grieta.org.mx\/wp-content\/uploads\/2018\/03\/14524434_1106112876131411_958039263622046936_o.jpg?resize=525%2C300&ssl=1 1.5x, https:\/\/i0.wp.com\/www.grieta.org.mx\/wp-content\/uploads\/2018\/03\/14524434_1106112876131411_958039263622046936_o.jpg?resize=700%2C400&ssl=1 2x"},"classes":[]},{"id":17839,"url":"https:\/\/www.grieta.org.mx\/index.php\/2016\/07\/26\/dia-3-comparte-por-la-humanidad-cideci\/","url_meta":{"origin":18114,"position":5},"title":"D\u00eda 3 \u2013 CompARTE por la humanidad \u2013 Cideci (Audios)","author":"grieta","date":"26 julio, 2016","format":false,"excerpt":"Radio Zapatista Festival CompARTE por la humanidad 25 de julio de 2016 Cideci \/ Universidad de la Tierra Chiapas Lunes 25 de julio.- Jovel-San Crist\u00f3bal de Las Casas, Chiapas. Es el tercer d\u00eda del #CompArte por la Humanidad y los cuerpos, sonidos y trazos siguen interviniendo el espacio, tiempo, los\u2026","rel":"","context":"En &quot;CINTILLO&quot;","block_context":{"text":"CINTILLO","link":"https:\/\/www.grieta.org.mx\/index.php\/category\/cintillo\/"},"img":{"alt_text":"","src":"https:\/\/i0.wp.com\/www.grieta.org.mx\/wp-content\/uploads\/2018\/03\/14524434_1106112876131411_958039263622046936_o.jpg?resize=350%2C200&ssl=1","width":350,"height":200,"srcset":"https:\/\/i0.wp.com\/www.grieta.org.mx\/wp-content\/uploads\/2018\/03\/14524434_1106112876131411_958039263622046936_o.jpg?resize=350%2C200&ssl=1 1x, https:\/\/i0.wp.com\/www.grieta.org.mx\/wp-content\/uploads\/2018\/03\/14524434_1106112876131411_958039263622046936_o.jpg?resize=525%2C300&ssl=1 1.5x, https:\/\/i0.wp.com\/www.grieta.org.mx\/wp-content\/uploads\/2018\/03\/14524434_1106112876131411_958039263622046936_o.jpg?resize=700%2C400&ssl=1 2x"},"classes":[]}],"_links":{"self":[{"href":"https:\/\/www.grieta.org.mx\/index.php\/wp-json\/wp\/v2\/posts\/18114","targetHints":{"allow":["GET"]}}],"collection":[{"href":"https:\/\/www.grieta.org.mx\/index.php\/wp-json\/wp\/v2\/posts"}],"about":[{"href":"https:\/\/www.grieta.org.mx\/index.php\/wp-json\/wp\/v2\/types\/post"}],"author":[{"embeddable":true,"href":"https:\/\/www.grieta.org.mx\/index.php\/wp-json\/wp\/v2\/users\/2"}],"replies":[{"embeddable":true,"href":"https:\/\/www.grieta.org.mx\/index.php\/wp-json\/wp\/v2\/comments?post=18114"}],"version-history":[{"count":1,"href":"https:\/\/www.grieta.org.mx\/index.php\/wp-json\/wp\/v2\/posts\/18114\/revisions"}],"predecessor-version":[{"id":18742,"href":"https:\/\/www.grieta.org.mx\/index.php\/wp-json\/wp\/v2\/posts\/18114\/revisions\/18742"}],"wp:featuredmedia":[{"embeddable":true,"href":"https:\/\/www.grieta.org.mx\/index.php\/wp-json\/wp\/v2\/media\/21928"}],"wp:attachment":[{"href":"https:\/\/www.grieta.org.mx\/index.php\/wp-json\/wp\/v2\/media?parent=18114"}],"wp:term":[{"taxonomy":"category","embeddable":true,"href":"https:\/\/www.grieta.org.mx\/index.php\/wp-json\/wp\/v2\/categories?post=18114"},{"taxonomy":"post_tag","embeddable":true,"href":"https:\/\/www.grieta.org.mx\/index.php\/wp-json\/wp\/v2\/tags?post=18114"}],"curies":[{"name":"wp","href":"https:\/\/api.w.org\/{rel}","templated":true}]}}