{"id":18053,"date":"2016-07-28T23:46:45","date_gmt":"2016-07-29T04:46:45","guid":{"rendered":"http:\/\/www.grieta.org.mx\/?p=18053"},"modified":"2016-07-29T10:38:22","modified_gmt":"2016-07-29T15:38:22","slug":"marcha-la-seccion-22-del-ieepo-al-zocalo-capitalino","status":"publish","type":"post","link":"https:\/\/www.grieta.org.mx\/index.php\/2016\/07\/28\/marcha-la-seccion-22-del-ieepo-al-zocalo-capitalino\/","title":{"rendered":"Marcha la Secci\u00f3n 22 del IEEPO al Z\u00f3calo capitalino"},"content":{"rendered":"<p>Redacci\u00f3n e-Oaxaca<\/p>\n<p>Eduardo S\u00e1nchez, representante de la regi\u00f3n de la Sierra, dijo  que el problema real  es porque las autoridades dicen &#8220;misa&#8221;, pero no hay avances sustanciales en los compromisos que ellos mismos est\u00e1n contrayendo y debido a eso es que el magisterio oaxaque\u00f1o determin\u00f3 seguir en las actividades de movilizaci\u00f3n y denuncia social, partieron del IEEPO hacia la gasolinera Fonapas, pasando por el Llano para llegar al z\u00f3calo. <\/p>\n<p> Por ello inform\u00f3 que en el marco del plan de acci\u00f3n que tienen y de la asamblea estatal, en atenci\u00f3n de las mesas que se est\u00e1n realizando en la ciudad de M\u00e9xico por parte de la comisi\u00f3n pol\u00edtica, el d\u00eda de hoy se determin\u00f3 realizar una marcha con todas las regiones para hacer la denuncia correspondiente. <\/p>\n<p>Lo anterior, explic\u00f3  por la falta de responsabilidad que el mismo gobierno federal est\u00e1 teniendo con los compa\u00f1eros que tienen la representaci\u00f3n de las comisiones pol\u00edticas. <\/p>\n<p>Abund\u00f3 que inician esta actividad  en se\u00f1al de protesta por la actitud que tiene la representaci\u00f3n de la Secretar\u00eda de Gobernaci\u00f3n, de manera general no hay seriedad por parte de Miguel \u00c1ngel Osorio Chong, del gobierno federal. <\/p>\n<p>Indic\u00f3 que por eso siguen viviendo una situaci\u00f3n complicada y lamentable, por una parte les han dicho que est\u00e1n en la mejor disposici\u00f3n del di\u00e1logo para darle soluci\u00f3n a la problem\u00e1tica y a la media hora se contradicen en lo que ellos mismos anuncian.<\/p>\n<p><a href=\"http:\/\/e-oaxaca.com\/nota\/2016-07-28\/educacion\/marcha-la-seccion-22-del-ieepo-al-zocalo-capitalino\" target=\"_blank\">http:\/\/e-oaxaca.com\/nota\/2016-07-28\/educacion\/marcha-la-seccion-22-del-ieepo-al-zocalo-capitalino<\/a><\/p>\n","protected":false},"excerpt":{"rendered":"<p>Redacci\u00f3n e-Oaxaca Eduardo S\u00e1nchez, representante de la regi\u00f3n de la Sierra, dijo que el problema real es porque las autoridades dicen &#8220;misa&#8221;, pero no hay avances sustanciales en los compromisos &hellip; <a href=\"https:\/\/www.grieta.org.mx\/index.php\/2016\/07\/28\/marcha-la-seccion-22-del-ieepo-al-zocalo-capitalino\/\" class=\"more-link\">Leer m\u00e1s<\/a><\/p>\n","protected":false},"author":2,"featured_media":21928,"comment_status":"closed","ping_status":"closed","sticky":false,"template":"","format":"standard","meta":{"ngg_post_thumbnail":0,"_jetpack_newsletter_access":"","_jetpack_dont_email_post_to_subs":false,"_jetpack_newsletter_tier_id":0,"_jetpack_memberships_contains_paywalled_content":false,"_jetpack_memberships_contains_paid_content":false,"footnotes":""},"categories":[80],"tags":[134,107,674,93,135],"class_list":["post-18053","post","type-post","status-publish","format-standard","has-post-thumbnail","hentry","category-cintillo","tag-cnte","tag-educacion","tag-movilizaciones-maestros","tag-oaxaca","tag-reforma-educativa","entry"],"jetpack_featured_media_url":"https:\/\/www.grieta.org.mx\/wp-content\/uploads\/2018\/03\/14524434_1106112876131411_958039263622046936_o.jpg","jetpack_sharing_enabled":true,"jetpack_shortlink":"https:\/\/wp.me\/p7ZJR4-4Hb","jetpack_likes_enabled":false,"jetpack-related-posts":[{"id":5073,"url":"https:\/\/www.grieta.org.mx\/index.php\/2015\/07\/24\/docentes-de-la-cnte-arriban-al-zocalo-de-oaxaca\/","url_meta":{"origin":18053,"position":0},"title":"Docentes de la CNTE arriban al Z\u00f3calo de Oaxaca","author":"grieta","date":"24 julio, 2015","format":false,"excerpt":"Redacci\u00f3n El Informador. OAXACA, OAXACA (24\/JUL\/2015).- \u201c\u00a1El pueblo est\u00e1 despierto! \u00a1El lunes es el d\u00eda decisivo!\u201d, aseguran los maestros al llegar al Z\u00f3calo de la ciudad de Oaxaca. Luego de recorrer las calles principales, el contingente del magisterio de la Coordinadora Nacional de Trabajadores de la Educaci\u00f3n (CNTE) arrib\u00f3 al\u2026","rel":"","context":"En &quot;CINTILLO&quot;","block_context":{"text":"CINTILLO","link":"https:\/\/www.grieta.org.mx\/index.php\/category\/cintillo\/"},"img":{"alt_text":"","src":"https:\/\/i0.wp.com\/www.grieta.org.mx\/wp-content\/uploads\/2018\/03\/14524434_1106112876131411_958039263622046936_o.jpg?resize=350%2C200&ssl=1","width":350,"height":200,"srcset":"https:\/\/i0.wp.com\/www.grieta.org.mx\/wp-content\/uploads\/2018\/03\/14524434_1106112876131411_958039263622046936_o.jpg?resize=350%2C200&ssl=1 1x, https:\/\/i0.wp.com\/www.grieta.org.mx\/wp-content\/uploads\/2018\/03\/14524434_1106112876131411_958039263622046936_o.jpg?resize=525%2C300&ssl=1 1.5x, https:\/\/i0.wp.com\/www.grieta.org.mx\/wp-content\/uploads\/2018\/03\/14524434_1106112876131411_958039263622046936_o.jpg?resize=700%2C400&ssl=1 2x"},"classes":[]},{"id":13825,"url":"https:\/\/www.grieta.org.mx\/index.php\/2016\/06\/07\/inicia-seccion-22-del-snte-protesta-permanente-en-instalaciones-del-ieepo\/","url_meta":{"origin":18053,"position":1},"title":"Inicia Secci\u00f3n 22 del SNTE protesta permanente en instalaciones del IEEPO","author":"grieta","date":"7 junio, 2016","format":false,"excerpt":"Francisco Cruz, Oaxaca. Maestros y maestras de la Secci\u00f3n 22 del Sindicato Nacional de Trabajadores de la Educaci\u00f3n (SNTE) iniciaron un hoy un \u201cacordonamiento permanente\u201d a las instalaciones del Instituto Estatal de Educaci\u00f3n P\u00fablica de Oaxaca (IEEPO). Los profesores de cada regi\u00f3n se instalar\u00e1n en plant\u00f3n a los alrededores del\u2026","rel":"","context":"En &quot;CINTILLO&quot;","block_context":{"text":"CINTILLO","link":"https:\/\/www.grieta.org.mx\/index.php\/category\/cintillo\/"},"img":{"alt_text":"","src":"https:\/\/i0.wp.com\/www.grieta.org.mx\/wp-content\/uploads\/2018\/03\/14524434_1106112876131411_958039263622046936_o.jpg?resize=350%2C200&ssl=1","width":350,"height":200,"srcset":"https:\/\/i0.wp.com\/www.grieta.org.mx\/wp-content\/uploads\/2018\/03\/14524434_1106112876131411_958039263622046936_o.jpg?resize=350%2C200&ssl=1 1x, https:\/\/i0.wp.com\/www.grieta.org.mx\/wp-content\/uploads\/2018\/03\/14524434_1106112876131411_958039263622046936_o.jpg?resize=525%2C300&ssl=1 1.5x, https:\/\/i0.wp.com\/www.grieta.org.mx\/wp-content\/uploads\/2018\/03\/14524434_1106112876131411_958039263622046936_o.jpg?resize=700%2C400&ssl=1 2x"},"classes":[]},{"id":16407,"url":"https:\/\/www.grieta.org.mx\/index.php\/2016\/07\/10\/maestros-de-oaxaca-mantienen-seis-bloqueos-carreteros-este-domingo\/","url_meta":{"origin":18053,"position":2},"title":"Maestros de Oaxaca mantienen seis bloqueos carreteros este domingo","author":"grieta","date":"10 julio, 2016","format":false,"excerpt":"El Financiero. Evlin Arag\u00f3n, Oaxaca.- Con menor participaci\u00f3n que en anteriores d\u00edas, este fin de semana integrantes de la Secci\u00f3n 22 adherida a la Coordinadora Nacional de Trabajadores de la Educaci\u00f3n (CNTE), mantuvieron algunos bloqueos al interior del estado e impidieron el acceso en las oficinas principales del Instituto Estatal\u2026","rel":"","context":"En &quot;CINTILLO&quot;","block_context":{"text":"CINTILLO","link":"https:\/\/www.grieta.org.mx\/index.php\/category\/cintillo\/"},"img":{"alt_text":"","src":"https:\/\/i0.wp.com\/www.grieta.org.mx\/wp-content\/uploads\/2018\/03\/14524434_1106112876131411_958039263622046936_o.jpg?resize=350%2C200&ssl=1","width":350,"height":200,"srcset":"https:\/\/i0.wp.com\/www.grieta.org.mx\/wp-content\/uploads\/2018\/03\/14524434_1106112876131411_958039263622046936_o.jpg?resize=350%2C200&ssl=1 1x, https:\/\/i0.wp.com\/www.grieta.org.mx\/wp-content\/uploads\/2018\/03\/14524434_1106112876131411_958039263622046936_o.jpg?resize=525%2C300&ssl=1 1.5x, https:\/\/i0.wp.com\/www.grieta.org.mx\/wp-content\/uploads\/2018\/03\/14524434_1106112876131411_958039263622046936_o.jpg?resize=700%2C400&ssl=1 2x"},"classes":[]},{"id":21073,"url":"https:\/\/www.grieta.org.mx\/index.php\/2016\/09\/05\/bloquean-docentes-accesos-a-las-oficinas-centrales-del-ieepo-oaxaca\/","url_meta":{"origin":18053,"position":3},"title":"Bloquean docentes accesos a las oficinas centrales del IEEPO (Oaxaca)","author":"grieta","date":"5 septiembre, 2016","format":false,"excerpt":"Quadrat\u00edn. Ernesto Rojas, Oaxaca.- Un grupo de maestros disidentes de la Secci\u00f3n 22 del SNTE bloquearon este lunes los accesos a las oficinas centrales del Instituto Estatal de Educaci\u00f3n P\u00fablica de Oaxaca (IEEPO). Seg\u00fan la convocatoria de la dirigencia magisterial, correspondi\u00f3 a profesores de los sectores Ca\u00f1ada, Tuxtepec, Istmo, Sierra\u2026","rel":"","context":"En &quot;CINTILLO&quot;","block_context":{"text":"CINTILLO","link":"https:\/\/www.grieta.org.mx\/index.php\/category\/cintillo\/"},"img":{"alt_text":"","src":"https:\/\/i0.wp.com\/www.grieta.org.mx\/wp-content\/uploads\/2018\/03\/14524434_1106112876131411_958039263622046936_o.jpg?resize=350%2C200&ssl=1","width":350,"height":200,"srcset":"https:\/\/i0.wp.com\/www.grieta.org.mx\/wp-content\/uploads\/2018\/03\/14524434_1106112876131411_958039263622046936_o.jpg?resize=350%2C200&ssl=1 1x, https:\/\/i0.wp.com\/www.grieta.org.mx\/wp-content\/uploads\/2018\/03\/14524434_1106112876131411_958039263622046936_o.jpg?resize=525%2C300&ssl=1 1.5x, https:\/\/i0.wp.com\/www.grieta.org.mx\/wp-content\/uploads\/2018\/03\/14524434_1106112876131411_958039263622046936_o.jpg?resize=700%2C400&ssl=1 2x"},"classes":[]},{"id":4133,"url":"https:\/\/www.grieta.org.mx\/index.php\/2015\/08\/27\/marcha-cnte-en-oaxaca-y-cdmx-en-la-15-accion-global-por-ayotzinapa\/","url_meta":{"origin":18053,"position":4},"title":"Marcha CNTE en Oaxaca y CDMX en la 15 acci\u00f3n global por Ayotzinapa","author":"grieta","date":"27 agosto, 2015","format":false,"excerpt":"David Yeudiel, Oaxaca A casi una semana de haber iniciado de manera alterna el ciclo escolar 2015-2016, profesores de la secci\u00f3n 22 de los trabajadores de la educaci\u00f3n, adheridos a la Coordinadora Nacional de Trabajadores de la Educaci\u00f3n (CNTE), se manifestaron el d\u00eda de ayer como parte de la 15\u2026","rel":"","context":"En &quot;CINTILLO&quot;","block_context":{"text":"CINTILLO","link":"https:\/\/www.grieta.org.mx\/index.php\/category\/cintillo\/"},"img":{"alt_text":"","src":"https:\/\/i0.wp.com\/www.grieta.org.mx\/wp-content\/uploads\/2018\/03\/14524434_1106112876131411_958039263622046936_o.jpg?resize=350%2C200&ssl=1","width":350,"height":200,"srcset":"https:\/\/i0.wp.com\/www.grieta.org.mx\/wp-content\/uploads\/2018\/03\/14524434_1106112876131411_958039263622046936_o.jpg?resize=350%2C200&ssl=1 1x, https:\/\/i0.wp.com\/www.grieta.org.mx\/wp-content\/uploads\/2018\/03\/14524434_1106112876131411_958039263622046936_o.jpg?resize=525%2C300&ssl=1 1.5x, https:\/\/i0.wp.com\/www.grieta.org.mx\/wp-content\/uploads\/2018\/03\/14524434_1106112876131411_958039263622046936_o.jpg?resize=700%2C400&ssl=1 2x"},"classes":[]},{"id":1689,"url":"https:\/\/www.grieta.org.mx\/index.php\/2015\/12\/31\/continuan-maestros-de-la-cnte-en-protesta-en-el-zocalo\/","url_meta":{"origin":18053,"position":5},"title":"Contin\u00faan maestros de la CNTE en protesta en el z\u00f3calo","author":"grieta","date":"31 diciembre, 2015","format":false,"excerpt":"E-Oaxaca, Oaxaca Oaxaca.- Profesores regularizados de la secci\u00f3n 22 de la Coordinadora Nacional de Trabajadores de la Educaci\u00f3n (CNTE), contin\u00faan su protesta frente al Palacio de Gobierno, en exigencia de la restituci\u00f3n de sus sueldos, que fueron suspendidos desde el a\u00f1o pasado. Con pancartas y mantas los mentores reclaman al\u2026","rel":"","context":"En &quot;CINTILLO&quot;","block_context":{"text":"CINTILLO","link":"https:\/\/www.grieta.org.mx\/index.php\/category\/cintillo\/"},"img":{"alt_text":"","src":"https:\/\/i0.wp.com\/www.grieta.org.mx\/wp-content\/uploads\/2018\/03\/14524434_1106112876131411_958039263622046936_o.jpg?resize=350%2C200&ssl=1","width":350,"height":200,"srcset":"https:\/\/i0.wp.com\/www.grieta.org.mx\/wp-content\/uploads\/2018\/03\/14524434_1106112876131411_958039263622046936_o.jpg?resize=350%2C200&ssl=1 1x, https:\/\/i0.wp.com\/www.grieta.org.mx\/wp-content\/uploads\/2018\/03\/14524434_1106112876131411_958039263622046936_o.jpg?resize=525%2C300&ssl=1 1.5x, https:\/\/i0.wp.com\/www.grieta.org.mx\/wp-content\/uploads\/2018\/03\/14524434_1106112876131411_958039263622046936_o.jpg?resize=700%2C400&ssl=1 2x"},"classes":[]}],"_links":{"self":[{"href":"https:\/\/www.grieta.org.mx\/index.php\/wp-json\/wp\/v2\/posts\/18053","targetHints":{"allow":["GET"]}}],"collection":[{"href":"https:\/\/www.grieta.org.mx\/index.php\/wp-json\/wp\/v2\/posts"}],"about":[{"href":"https:\/\/www.grieta.org.mx\/index.php\/wp-json\/wp\/v2\/types\/post"}],"author":[{"embeddable":true,"href":"https:\/\/www.grieta.org.mx\/index.php\/wp-json\/wp\/v2\/users\/2"}],"replies":[{"embeddable":true,"href":"https:\/\/www.grieta.org.mx\/index.php\/wp-json\/wp\/v2\/comments?post=18053"}],"version-history":[{"count":1,"href":"https:\/\/www.grieta.org.mx\/index.php\/wp-json\/wp\/v2\/posts\/18053\/revisions"}],"predecessor-version":[{"id":18054,"href":"https:\/\/www.grieta.org.mx\/index.php\/wp-json\/wp\/v2\/posts\/18053\/revisions\/18054"}],"wp:featuredmedia":[{"embeddable":true,"href":"https:\/\/www.grieta.org.mx\/index.php\/wp-json\/wp\/v2\/media\/21928"}],"wp:attachment":[{"href":"https:\/\/www.grieta.org.mx\/index.php\/wp-json\/wp\/v2\/media?parent=18053"}],"wp:term":[{"taxonomy":"category","embeddable":true,"href":"https:\/\/www.grieta.org.mx\/index.php\/wp-json\/wp\/v2\/categories?post=18053"},{"taxonomy":"post_tag","embeddable":true,"href":"https:\/\/www.grieta.org.mx\/index.php\/wp-json\/wp\/v2\/tags?post=18053"}],"curies":[{"name":"wp","href":"https:\/\/api.w.org\/{rel}","templated":true}]}}