{"id":18035,"date":"2016-07-28T23:30:30","date_gmt":"2016-07-29T04:30:30","guid":{"rendered":"http:\/\/www.grieta.org.mx\/?p=18035"},"modified":"2016-07-29T10:19:52","modified_gmt":"2016-07-29T15:19:52","slug":"inicia-pemex-recuperacion-de-hidrocarburo-derramado-en-matias-romero","status":"publish","type":"post","link":"https:\/\/www.grieta.org.mx\/index.php\/2016\/07\/28\/inicia-pemex-recuperacion-de-hidrocarburo-derramado-en-matias-romero\/","title":{"rendered":"Inicia Pemex recuperaci\u00f3n de hidrocarburo derramado en Mat\u00edas Romero (OAX)"},"content":{"rendered":"<p>Rusvel Razgado, Oaxaca. <\/p>\n<p>MAT\u00cdAS ROMERO, Oax., 28 de julio de 2016.- Petr\u00f3leos Mexicanos (Pemex) inici\u00f3 con la recuperaci\u00f3n del hidrocarburo derramado en un arroyo y un r\u00edo en Paso Guayabo, perteneciente al municipio de Mat\u00edas Romero, que contamin\u00f3 el afluente y ocasion\u00f3 mortandad de peces. Durante la ma\u00f1ana de este jueves, el fuerte olor a hidrocarburo alert\u00f3 a los habitantes de este municipio del Istmo. Los lugare\u00f1os ya hab\u00edan sido advertidos por las autoridades locales sobre los riesgos de contaminaci\u00f3n, ya que el martes se registr\u00f3 una fuga de gasolina muy cerca de la comunidad. La agente municipal, Silvia Zedillo, hab\u00eda alertado a los habitantes de que si llov\u00eda, era seguro que el r\u00edo y el arroyo se contaminaran. \u201cPor eso y como llovi\u00f3 anoche (mi\u00e9rcoles) desde las 7 de la ma\u00f1ana, un primo y yo pasamos a ver el r\u00edo y vimos que ya estaba contaminado. Vimos que los peces hab\u00edan muerto y otros m\u00e1s se estaban muriendo mientras est\u00e1bamos aqu\u00ed\u201d, dijo Jos\u00e9 David Cruz, un joven de 20 a\u00f1os de edad que, preocupado por la contaminaci\u00f3n, dio aviso a las autoridades. Las autoridades dieron aviso a la Coordinaci\u00f3n Municipal de Protecci\u00f3n Civil de Mat\u00edas Romero, y estos a su vez, a Petr\u00f3leos Mexicanos. \u201cNuestra preocupaci\u00f3n es que tenemos ganado que bebe agua del r\u00edo, hay un pozo profundo donde nosotros tenemos agua potable que est\u00e1 cerca del r\u00edo y claro que al momento que pasa la gasolina, nos puede da\u00f1ar el pozo\u201d, expres\u00f3 Jos\u00e9 David Cruz. El pasado martes por la noche, 34 de las 137 personas que habitan en Paso Guayabo, evacuaron sus viviendas hacia un albergue temporal en Mat\u00edas Romero, por el fuerte olor a gasolina. Otros se trasladaron con sus familiares. Esa noche, tres mujeres fueron atendidas en urgencias en un hospital en Mat\u00edas Romero, entre ellas, la esposa de El\u00edas Rafael Vel\u00e1squez, un campesino de la comunidad de Paso Guayabo. \u201cHace dos d\u00edas fue muy fuerte el olor de la gasolina, a la se\u00f1ora la llevaron al doctor porque era fuerte el olor de gasolina, y ahorita empieza otra vez a oler porque ya se contamin\u00f3 el r\u00edo\u201d, dijo El\u00edas. Petr\u00f3leos Mexicanos inform\u00f3 que el martes se registr\u00f3 un derrame de gasolina por una toma clandestina descontrolada, localizada en el kil\u00f3metro 166 del poliducto de 16 pulgadas del tramo Minatitl\u00e1n \u2013 Salina Cruz, a la altura del Ejido Barrio Nuevo, cerca de la comunidad de Paso Guayabo. La noche del mi\u00e9rcoles se registraron lluvias en la zona, lo que provoc\u00f3 el escurrimiento del hidrocarburo hacia el arroyo. Este jueves, personal de Pemex acudi\u00f3 al lugar para colocar cordones oleof\u00edlicos para contener el material y que no siguiera contaminando la flora y la fauna. Tambi\u00e9n acudi\u00f3 Protecci\u00f3n Civil del Istmo para constatar los trabajos de Pemex y pedir a la poblaci\u00f3n tomar sus precauciones. \u201cPetr\u00f3leos Mexicanos est\u00e1 haciendo su trabajo, est\u00e1 atendiendo la emergencia que se dio en Paso Guayabo. Este arroyo contaminado, es un arroyo que la ciudadan\u00eda utiliza para ba\u00f1arse y para su uso dom\u00e9stico, estamos muy pendientes de que se est\u00e9n llevando a cabo estos trabajos, se est\u00e1n instalando filtros para que el producto que quede sea recogido\u201d, explic\u00f3 Jes\u00fas Gonz\u00e1lez P\u00e9rez, delegado regional de Protecci\u00f3n Civil del Istmo. Las autoridades pidieron a los habitantes evitar entrar a nadar y tampoco ocupar el agua del arroyo para su uso dom\u00e9stico, hasta que se levante la contingencia.<\/p>\n<p><a href=\"https:\/\/oaxaca.quadratin.com.mx\/inicia-pemex-recuperacion-hidrocarburo-derramado-matias-romero\/\" target=\"_blank\">https:\/\/oaxaca.quadratin.com.mx\/inicia-pemex-recuperacion-hidrocarburo-derramado-matias-romero\/<\/a><\/p>\n","protected":false},"excerpt":{"rendered":"<p>Rusvel Razgado, Oaxaca. MAT\u00cdAS ROMERO, Oax., 28 de julio de 2016.- Petr\u00f3leos Mexicanos (Pemex) inici\u00f3 con la recuperaci\u00f3n del hidrocarburo derramado en un arroyo y un r\u00edo en Paso Guayabo, &hellip; <a href=\"https:\/\/www.grieta.org.mx\/index.php\/2016\/07\/28\/inicia-pemex-recuperacion-de-hidrocarburo-derramado-en-matias-romero\/\" class=\"more-link\">Leer m\u00e1s<\/a><\/p>\n","protected":false},"author":2,"featured_media":21928,"comment_status":"closed","ping_status":"closed","sticky":false,"template":"","format":"standard","meta":{"ngg_post_thumbnail":0,"_jetpack_newsletter_access":"","_jetpack_dont_email_post_to_subs":false,"_jetpack_newsletter_tier_id":0,"_jetpack_memberships_contains_paywalled_content":false,"_jetpack_memberships_contains_paid_content":false,"footnotes":""},"categories":[80],"tags":[91,366,93,125],"class_list":["post-18035","post","type-post","status-publish","format-standard","has-post-thumbnail","hentry","category-cintillo","tag-contaminacion-ambiental","tag-derrame","tag-oaxaca","tag-pemex","entry"],"jetpack_featured_media_url":"https:\/\/www.grieta.org.mx\/wp-content\/uploads\/2018\/03\/14524434_1106112876131411_958039263622046936_o.jpg","jetpack_sharing_enabled":true,"jetpack_shortlink":"https:\/\/wp.me\/p7ZJR4-4GT","jetpack_likes_enabled":false,"jetpack-related-posts":[{"id":4748,"url":"https:\/\/www.grieta.org.mx\/index.php\/2016\/07\/30\/4748\/","url_meta":{"origin":18035,"position":0},"title":"Impacto ambiental y conflictos por despojo debido a obras de PEMEX en Oaxaca","author":"grieta","date":"30 julio, 2016","format":false,"excerpt":"30\/07\/16. Protecci\u00f3n civil municipal de Mat\u00edas Romero afirma que s\u00ed se contamin\u00f3 Arroyo de Paso Guayabo por derrame de combustible Istmo Press 28\/07\/16. Inicia Pemex recuperaci\u00f3n de hidrocarburo derramado en Mat\u00edas Romero Quadrat\u00edn 01\/05\/16. Salina Cruz huele a peligro El Imparcial 14\/10\/15. PEMEX llega ocho horas despu\u00e9s del derrame de\u2026","rel":"","context":"En &quot;Hidrocarburos&quot;","block_context":{"text":"Hidrocarburos","link":"https:\/\/www.grieta.org.mx\/index.php\/category\/megaproyectos\/hidrocarburos\/"},"img":{"alt_text":"","src":"https:\/\/i0.wp.com\/www.grieta.org.mx\/wp-content\/uploads\/2018\/03\/14524434_1106112876131411_958039263622046936_o.jpg?resize=350%2C200&ssl=1","width":350,"height":200,"srcset":"https:\/\/i0.wp.com\/www.grieta.org.mx\/wp-content\/uploads\/2018\/03\/14524434_1106112876131411_958039263622046936_o.jpg?resize=350%2C200&ssl=1 1x, https:\/\/i0.wp.com\/www.grieta.org.mx\/wp-content\/uploads\/2018\/03\/14524434_1106112876131411_958039263622046936_o.jpg?resize=525%2C300&ssl=1 1.5x, https:\/\/i0.wp.com\/www.grieta.org.mx\/wp-content\/uploads\/2018\/03\/14524434_1106112876131411_958039263622046936_o.jpg?resize=700%2C400&ssl=1 2x"},"classes":[]},{"id":18684,"url":"https:\/\/www.grieta.org.mx\/index.php\/2016\/07\/30\/proteccion-civil-municipal-de-matias-romero-afirma-que-si-se-contamino-arroyo-de-paso-guayabo-por-derrame-de-combustible-oaxaca\/","url_meta":{"origin":18035,"position":1},"title":"Protecci\u00f3n civil municipal de Mat\u00edas Romero afirma que s\u00ed se contamin\u00f3 Arroyo de Paso Guayabo por derrame de combustible (OAXACA)","author":"grieta","date":"30 julio, 2016","format":false,"excerpt":"Diana Manzo, Oaxaca. #Mat\u00edasRomero 30 jul (#Istmopress).- El director de protecci\u00f3n civil municipal de Mat\u00edas Romero, L\u00e1zaro Z\u00e1rate Estudillo afirm\u00f3 que mediante una inspecci\u00f3n ocular que realiz\u00f3 en el arroyo de Paso Guayabo, se percat\u00f3 de la muerte de peces y anguilas ocasionadas por la contaminaci\u00f3n de combustible que caus\u00f3\u2026","rel":"","context":"En &quot;CINTILLO&quot;","block_context":{"text":"CINTILLO","link":"https:\/\/www.grieta.org.mx\/index.php\/category\/cintillo\/"},"img":{"alt_text":"","src":"https:\/\/i0.wp.com\/www.grieta.org.mx\/wp-content\/uploads\/2018\/03\/14524434_1106112876131411_958039263622046936_o.jpg?resize=350%2C200&ssl=1","width":350,"height":200,"srcset":"https:\/\/i0.wp.com\/www.grieta.org.mx\/wp-content\/uploads\/2018\/03\/14524434_1106112876131411_958039263622046936_o.jpg?resize=350%2C200&ssl=1 1x, https:\/\/i0.wp.com\/www.grieta.org.mx\/wp-content\/uploads\/2018\/03\/14524434_1106112876131411_958039263622046936_o.jpg?resize=525%2C300&ssl=1 1.5x, https:\/\/i0.wp.com\/www.grieta.org.mx\/wp-content\/uploads\/2018\/03\/14524434_1106112876131411_958039263622046936_o.jpg?resize=700%2C400&ssl=1 2x"},"classes":[]},{"id":4749,"url":"https:\/\/www.grieta.org.mx\/index.php\/2015\/01\/05\/pemex-incompetente-ucizoni\/","url_meta":{"origin":18035,"position":2},"title":"Pemex, incompetente: Ucizoni","author":"grieta","date":"5 enero, 2015","format":false,"excerpt":"Roselia Chaca, Oaxaca. Juchit\u00e1n, Oax.- Como \u201cincompetente, lento y omiso\u201d catalog\u00f3 la Uni\u00f3n de Comunidades Ind\u00edgenas de la Zona Norte del Istmo (UCIZONI) a Petr\u00f3leos Mexicanos (Pemex) tras su reacci\u00f3n en los \u00faltimos derrames de material peligroso en la zona norte del Istmo. Para esta organizaci\u00f3n, el personal de Pemex\u2026","rel":"","context":"En &quot;CINTILLO&quot;","block_context":{"text":"CINTILLO","link":"https:\/\/www.grieta.org.mx\/index.php\/category\/cintillo\/"},"img":{"alt_text":"","src":"https:\/\/i0.wp.com\/www.grieta.org.mx\/wp-content\/uploads\/2018\/03\/14524434_1106112876131411_958039263622046936_o.jpg?resize=350%2C200&ssl=1","width":350,"height":200,"srcset":"https:\/\/i0.wp.com\/www.grieta.org.mx\/wp-content\/uploads\/2018\/03\/14524434_1106112876131411_958039263622046936_o.jpg?resize=350%2C200&ssl=1 1x, https:\/\/i0.wp.com\/www.grieta.org.mx\/wp-content\/uploads\/2018\/03\/14524434_1106112876131411_958039263622046936_o.jpg?resize=525%2C300&ssl=1 1.5x, https:\/\/i0.wp.com\/www.grieta.org.mx\/wp-content\/uploads\/2018\/03\/14524434_1106112876131411_958039263622046936_o.jpg?resize=700%2C400&ssl=1 2x"},"classes":[]},{"id":4794,"url":"https:\/\/www.grieta.org.mx\/index.php\/2015\/09\/14\/oaxaca-reclaman-a-pemex-indemnizacion\/","url_meta":{"origin":18035,"position":3},"title":"Oaxaca: reclaman a Pemex indemnizaci\u00f3n","author":"grieta","date":"14 septiembre, 2015","format":false,"excerpt":"Diana Manzo, Oaxaca. Juchit\u00e1n, Oax., Habitantes de las comunidades Tolosita y Ejido Juno, municipio de Mat\u00edas Romero, as\u00ed como de los poblados Jos\u00e9 Mar\u00eda Morelos, El Triunfo y Plan de San Luis, en San Juan Guichicovi, afectados por un derrame de gasolina ocurrido el s\u00e1bado anterior, provocado por una toma\u2026","rel":"","context":"En &quot;CINTILLO&quot;","block_context":{"text":"CINTILLO","link":"https:\/\/www.grieta.org.mx\/index.php\/category\/cintillo\/"},"img":{"alt_text":"","src":"https:\/\/i0.wp.com\/www.grieta.org.mx\/wp-content\/uploads\/2018\/03\/14524434_1106112876131411_958039263622046936_o.jpg?resize=350%2C200&ssl=1","width":350,"height":200,"srcset":"https:\/\/i0.wp.com\/www.grieta.org.mx\/wp-content\/uploads\/2018\/03\/14524434_1106112876131411_958039263622046936_o.jpg?resize=350%2C200&ssl=1 1x, https:\/\/i0.wp.com\/www.grieta.org.mx\/wp-content\/uploads\/2018\/03\/14524434_1106112876131411_958039263622046936_o.jpg?resize=525%2C300&ssl=1 1.5x, https:\/\/i0.wp.com\/www.grieta.org.mx\/wp-content\/uploads\/2018\/03\/14524434_1106112876131411_958039263622046936_o.jpg?resize=700%2C400&ssl=1 2x"},"classes":[]},{"id":4778,"url":"https:\/\/www.grieta.org.mx\/index.php\/2015\/03\/19\/denuncia-ucizoni-nuevo-ecocidio-en-el-istmo\/","url_meta":{"origin":18035,"position":4},"title":"Denuncia UCIZONI nuevo ecocidio en el Istmo","author":"grieta","date":"19 marzo, 2015","format":false,"excerpt":"Diana Manzo, Oaxaca. JUCHIT\u00c1N,OAX.- La organizaci\u00f3n social Uni\u00f3n de Comunidades Ind\u00edgenas de la Zona Norte del Istmo (UCIZONI) denunci\u00f3 que un nuevo derrame de hidrocarburo afect\u00f3 m\u00e1s de seis kil\u00f3metros del Arroyo Colmillo, afluente natural que se ubica en el ejido de nuevo progreso perteneciente al municipio de Mat\u00edas Romero\u2026","rel":"","context":"En &quot;CINTILLO&quot;","block_context":{"text":"CINTILLO","link":"https:\/\/www.grieta.org.mx\/index.php\/category\/cintillo\/"},"img":{"alt_text":"","src":"https:\/\/i0.wp.com\/www.grieta.org.mx\/wp-content\/uploads\/2018\/03\/14524434_1106112876131411_958039263622046936_o.jpg?resize=350%2C200&ssl=1","width":350,"height":200,"srcset":"https:\/\/i0.wp.com\/www.grieta.org.mx\/wp-content\/uploads\/2018\/03\/14524434_1106112876131411_958039263622046936_o.jpg?resize=350%2C200&ssl=1 1x, https:\/\/i0.wp.com\/www.grieta.org.mx\/wp-content\/uploads\/2018\/03\/14524434_1106112876131411_958039263622046936_o.jpg?resize=525%2C300&ssl=1 1.5x, https:\/\/i0.wp.com\/www.grieta.org.mx\/wp-content\/uploads\/2018\/03\/14524434_1106112876131411_958039263622046936_o.jpg?resize=700%2C400&ssl=1 2x"},"classes":[]},{"id":70125,"url":"https:\/\/www.grieta.org.mx\/index.php\/2024\/10\/10\/sin-agua-desde-hace-14-dias-3-mil-afectados-por-derrame-de-hidrocarburo-en-el-istmo-oaxaqueno-oaxaca\/","url_meta":{"origin":18035,"position":5},"title":"Sin agua desde hace 14 d\u00edas, 3 mil afectados por derrame de Hidrocarburo en el Istmo oaxaque\u00f1o (Oaxaca)","author":"grieta","date":"10 octubre, 2024","format":false,"excerpt":"Imagen: Itsmo Press Da\u00f1o a cultivos de ma\u00edz y suspensi\u00f3n de clases Diana Manzo \/ Itsmo Press #Oaxaca 10 Oct (#Istmopress) \u2013 Por un derrame de hidrocarburo ocurrido la noche del 26 de septiembre, unas 3 mil familias de al menos 10 comunidades de la Zona Norte del Istmo de\u2026","rel":"","context":"En &quot;CINTILLO&quot;","block_context":{"text":"CINTILLO","link":"https:\/\/www.grieta.org.mx\/index.php\/category\/cintillo\/"},"img":{"alt_text":"","src":"https:\/\/i0.wp.com\/www.grieta.org.mx\/wp-content\/uploads\/2024\/10\/1728622458157-1024x576-1.jpg?resize=350%2C200&ssl=1","width":350,"height":200,"srcset":"https:\/\/i0.wp.com\/www.grieta.org.mx\/wp-content\/uploads\/2024\/10\/1728622458157-1024x576-1.jpg?resize=350%2C200&ssl=1 1x, https:\/\/i0.wp.com\/www.grieta.org.mx\/wp-content\/uploads\/2024\/10\/1728622458157-1024x576-1.jpg?resize=525%2C300&ssl=1 1.5x, https:\/\/i0.wp.com\/www.grieta.org.mx\/wp-content\/uploads\/2024\/10\/1728622458157-1024x576-1.jpg?resize=700%2C400&ssl=1 2x"},"classes":[]}],"_links":{"self":[{"href":"https:\/\/www.grieta.org.mx\/index.php\/wp-json\/wp\/v2\/posts\/18035","targetHints":{"allow":["GET"]}}],"collection":[{"href":"https:\/\/www.grieta.org.mx\/index.php\/wp-json\/wp\/v2\/posts"}],"about":[{"href":"https:\/\/www.grieta.org.mx\/index.php\/wp-json\/wp\/v2\/types\/post"}],"author":[{"embeddable":true,"href":"https:\/\/www.grieta.org.mx\/index.php\/wp-json\/wp\/v2\/users\/2"}],"replies":[{"embeddable":true,"href":"https:\/\/www.grieta.org.mx\/index.php\/wp-json\/wp\/v2\/comments?post=18035"}],"version-history":[{"count":1,"href":"https:\/\/www.grieta.org.mx\/index.php\/wp-json\/wp\/v2\/posts\/18035\/revisions"}],"predecessor-version":[{"id":18041,"href":"https:\/\/www.grieta.org.mx\/index.php\/wp-json\/wp\/v2\/posts\/18035\/revisions\/18041"}],"wp:featuredmedia":[{"embeddable":true,"href":"https:\/\/www.grieta.org.mx\/index.php\/wp-json\/wp\/v2\/media\/21928"}],"wp:attachment":[{"href":"https:\/\/www.grieta.org.mx\/index.php\/wp-json\/wp\/v2\/media?parent=18035"}],"wp:term":[{"taxonomy":"category","embeddable":true,"href":"https:\/\/www.grieta.org.mx\/index.php\/wp-json\/wp\/v2\/categories?post=18035"},{"taxonomy":"post_tag","embeddable":true,"href":"https:\/\/www.grieta.org.mx\/index.php\/wp-json\/wp\/v2\/tags?post=18035"}],"curies":[{"name":"wp","href":"https:\/\/api.w.org\/{rel}","templated":true}]}}