{"id":17953,"date":"2016-07-26T10:53:38","date_gmt":"2016-07-26T15:53:38","guid":{"rendered":"http:\/\/www.grieta.org.mx\/?p=17953"},"modified":"2016-07-28T11:04:08","modified_gmt":"2016-07-28T16:04:08","slug":"violencia-contra-periodistas-en-campeche","status":"publish","type":"post","link":"https:\/\/www.grieta.org.mx\/index.php\/2016\/07\/26\/violencia-contra-periodistas-en-campeche\/","title":{"rendered":"Violencia contra periodistas en Campeche"},"content":{"rendered":"<p><strong>26\/06\/16. <\/strong><a href=\"http:\/\/www.grieta.org.mx\/index.php\/2016\/07\/26\/reportero-denuncia-agresion-campeche\/\">Reportero denuncia agresi\u00f3n (Campeche)<\/a><br \/>\n<em>Tribuna<\/em><\/p>\n","protected":false},"excerpt":{"rendered":"<p>26\/06\/16. Reportero denuncia agresi\u00f3n (Campeche) Tribuna<\/p>\n","protected":false},"author":2,"featured_media":21928,"comment_status":"closed","ping_status":"closed","sticky":false,"template":"","format":"standard","meta":{"ngg_post_thumbnail":0,"_jetpack_newsletter_access":"","_jetpack_dont_email_post_to_subs":false,"_jetpack_newsletter_tier_id":0,"_jetpack_memberships_contains_paywalled_content":false,"_jetpack_memberships_contains_paid_content":false,"footnotes":""},"categories":[11,88],"tags":[],"class_list":["post-17953","post","type-post","status-publish","format-standard","has-post-thumbnail","hentry","category-campeche","category-violencia-contra-periodistas","entry"],"jetpack_featured_media_url":"https:\/\/www.grieta.org.mx\/wp-content\/uploads\/2018\/03\/14524434_1106112876131411_958039263622046936_o.jpg","jetpack_sharing_enabled":true,"jetpack_shortlink":"https:\/\/wp.me\/p7ZJR4-4Fz","jetpack_likes_enabled":false,"jetpack-related-posts":[{"id":17951,"url":"https:\/\/www.grieta.org.mx\/index.php\/2016\/07\/26\/reportero-denuncia-agresion-campeche\/","url_meta":{"origin":17953,"position":0},"title":"Reportero denuncia agresi\u00f3n (Campeche)","author":"grieta","date":"26 julio, 2016","format":false,"excerpt":"CD. DEL CARMEN.- Por agresi\u00f3n f\u00edsica y amenazas, ayer fue denunciado ante la Vicefiscal\u00eda con sede en Carmen, Wilberth Eligio Flores, exsubdirector administrativo de la Direcci\u00f3n de Seguridad P\u00fablica, Vialidad y Tr\u00e1nsito Municipal (DSPVTM) por haber golpeado al excolaborador de varios medios informativos locales y actual reportero de Internet, Manuel\u2026","rel":"","context":"En &quot;campeche&quot;","block_context":{"text":"campeche","link":"https:\/\/www.grieta.org.mx\/index.php\/category\/campeche\/"},"img":{"alt_text":"","src":"https:\/\/i0.wp.com\/www.grieta.org.mx\/wp-content\/uploads\/2018\/03\/14524434_1106112876131411_958039263622046936_o.jpg?resize=350%2C200&ssl=1","width":350,"height":200,"srcset":"https:\/\/i0.wp.com\/www.grieta.org.mx\/wp-content\/uploads\/2018\/03\/14524434_1106112876131411_958039263622046936_o.jpg?resize=350%2C200&ssl=1 1x, https:\/\/i0.wp.com\/www.grieta.org.mx\/wp-content\/uploads\/2018\/03\/14524434_1106112876131411_958039263622046936_o.jpg?resize=525%2C300&ssl=1 1.5x, https:\/\/i0.wp.com\/www.grieta.org.mx\/wp-content\/uploads\/2018\/03\/14524434_1106112876131411_958039263622046936_o.jpg?resize=700%2C400&ssl=1 2x"},"classes":[]},{"id":66428,"url":"https:\/\/www.grieta.org.mx\/index.php\/2023\/02\/28\/reportero-denuncia-a-policias-de-campeche-ante-codhecam\/","url_meta":{"origin":17953,"position":1},"title":"Reportero denuncia a polic\u00edas de Campeche ante Codhecam","author":"grieta","date":"28 febrero, 2023","format":false,"excerpt":"Jairo Maga\u00f1a \/ Foto: Fernando Eloy Archivo \/ La Jornada Maya Juan Pablo C\u00fa sostuvo que un agente lo someti\u00f3 y lo provoc\u00f3 Juan Pablo C\u00fa Soberano, reportero detenido el pasado viernes 24 de febrero luego de la conmemoraci\u00f3n del D\u00eda de la Bandera, acudi\u00f3 a la Comisi\u00f3n de Derechos\u2026","rel":"","context":"En &quot;Campeche&quot;","block_context":{"text":"Campeche","link":"https:\/\/www.grieta.org.mx\/index.php\/category\/noticias-nacionales\/campeche\/"},"img":{"alt_text":"","src":"https:\/\/i0.wp.com\/www.grieta.org.mx\/wp-content\/uploads\/2023\/03\/Reportero-e1678066934660.jpg?resize=350%2C200&ssl=1","width":350,"height":200,"srcset":"https:\/\/i0.wp.com\/www.grieta.org.mx\/wp-content\/uploads\/2023\/03\/Reportero-e1678066934660.jpg?resize=350%2C200&ssl=1 1x, https:\/\/i0.wp.com\/www.grieta.org.mx\/wp-content\/uploads\/2023\/03\/Reportero-e1678066934660.jpg?resize=525%2C300&ssl=1 1.5x, https:\/\/i0.wp.com\/www.grieta.org.mx\/wp-content\/uploads\/2023\/03\/Reportero-e1678066934660.jpg?resize=700%2C400&ssl=1 2x"},"classes":[]},{"id":66210,"url":"https:\/\/www.grieta.org.mx\/index.php\/2023\/02\/08\/intentan-incendiar-casa-de-periodista-en-campeche\/","url_meta":{"origin":17953,"position":2},"title":"Intentan incendiar casa de periodista en Campeche","author":"grieta","date":"8 febrero, 2023","format":false,"excerpt":"UnoTv En Campeche, el periodista Luis Armando Mendoza denunci\u00f3, a trav\u00e9s de redes sociales, que intentaron incendiar su casa la madrugada del martes; el comunicador sali\u00f3 ileso porque logr\u00f3 apagar las llamas. Mediante su cuenta de Facebook, Luis Armando Mendoza coloc\u00f3 unos videos en donde mostr\u00f3 los restos del fuego\u2026","rel":"","context":"En &quot;Campeche&quot;","block_context":{"text":"Campeche","link":"https:\/\/www.grieta.org.mx\/index.php\/category\/noticias-nacionales\/campeche\/"},"img":{"alt_text":"","src":"https:\/\/i0.wp.com\/www.grieta.org.mx\/wp-content\/uploads\/2023\/02\/Periodista-e1676148199999.jpg?resize=350%2C200&ssl=1","width":350,"height":200,"srcset":"https:\/\/i0.wp.com\/www.grieta.org.mx\/wp-content\/uploads\/2023\/02\/Periodista-e1676148199999.jpg?resize=350%2C200&ssl=1 1x, https:\/\/i0.wp.com\/www.grieta.org.mx\/wp-content\/uploads\/2023\/02\/Periodista-e1676148199999.jpg?resize=525%2C300&ssl=1 1.5x, https:\/\/i0.wp.com\/www.grieta.org.mx\/wp-content\/uploads\/2023\/02\/Periodista-e1676148199999.jpg?resize=700%2C400&ssl=1 2x"},"classes":[]},{"id":72073,"url":"https:\/\/www.grieta.org.mx\/index.php\/2025\/06\/29\/jorge-gonzalez-la-cara-del-asedio-judicial-contra-los-periodistas-en-campeche-muy-pocas-personas-firman-las-columnas-por-miedo-a-las-represalias\/","url_meta":{"origin":17953,"position":3},"title":"Jorge Gonz\u00e1lez, la cara del asedio judicial contra los periodistas en Campeche: \u201cMuy pocas personas firman las columnas por miedo a las represalias\u201d","author":"grieta","date":"29 junio, 2025","format":false,"excerpt":"Micaela Varela \/ El Pa\u00eds El veterano periodista de 72 a\u00f1os ha tenido que abandonar su carrera y cerrar el medio que dirigi\u00f3 como medida cautelar en el proceso penal iniciado por la gobernadora Layda Sansores El d\u00eda que le cit\u00f3 el juez de control para la imputaci\u00f3n, Jorge Gonz\u00e1lez\u2026","rel":"","context":"En &quot;Abuso de autoridad en Campeche&quot;","block_context":{"text":"Abuso de autoridad en Campeche","link":"https:\/\/www.grieta.org.mx\/index.php\/category\/noticias-nacionales\/campeche\/abuso-de-autoridad-en-campeche\/"},"img":{"alt_text":"","src":"https:\/\/i0.wp.com\/www.grieta.org.mx\/wp-content\/uploads\/2025\/07\/PeriodistaCampeche-e1753457412334.jpg?resize=350%2C200&ssl=1","width":350,"height":200,"srcset":"https:\/\/i0.wp.com\/www.grieta.org.mx\/wp-content\/uploads\/2025\/07\/PeriodistaCampeche-e1753457412334.jpg?resize=350%2C200&ssl=1 1x, https:\/\/i0.wp.com\/www.grieta.org.mx\/wp-content\/uploads\/2025\/07\/PeriodistaCampeche-e1753457412334.jpg?resize=525%2C300&ssl=1 1.5x, https:\/\/i0.wp.com\/www.grieta.org.mx\/wp-content\/uploads\/2025\/07\/PeriodistaCampeche-e1753457412334.jpg?resize=700%2C400&ssl=1 2x"},"classes":[]},{"id":72130,"url":"https:\/\/www.grieta.org.mx\/index.php\/2025\/07\/16\/jueza-impone-censor-oficial-para-que-el-periodista-jorge-gonzalez-y-tribuna-no-hablen-de-sansores-campeche\/","url_meta":{"origin":17953,"position":4},"title":"Jueza impone censor oficial para que el periodista Jorge Gonz\u00e1lez y &#8220;Tribuna&#8221; no hablen de Sansores (Campeche)","author":"grieta","date":"16 julio, 2025","format":false,"excerpt":"Claudia V. Arriaga Dur\u00e1n \/ Revista Proceso SAN FRANCISCO, Camp., (apro) .- El periodista Jorge Luis Gonz\u00e1lez Valdez y el medio de comunicaci\u00f3n \u201cTribuna\u201d deber\u00e1n tener un censor oficial, que no es otra cosa, que una persona que designe el Tribunal Superior de Justicia (TSJ) de Campeche y supervise su\u2026","rel":"","context":"En &quot;Abuso de autoridad en Campeche&quot;","block_context":{"text":"Abuso de autoridad en Campeche","link":"https:\/\/www.grieta.org.mx\/index.php\/category\/noticias-nacionales\/campeche\/abuso-de-autoridad-en-campeche\/"},"img":{"alt_text":"","src":"https:\/\/i0.wp.com\/www.grieta.org.mx\/wp-content\/uploads\/2025\/07\/CensuraSansores-e1754679327289.jpg?resize=350%2C200&ssl=1","width":350,"height":200,"srcset":"https:\/\/i0.wp.com\/www.grieta.org.mx\/wp-content\/uploads\/2025\/07\/CensuraSansores-e1754679327289.jpg?resize=350%2C200&ssl=1 1x, https:\/\/i0.wp.com\/www.grieta.org.mx\/wp-content\/uploads\/2025\/07\/CensuraSansores-e1754679327289.jpg?resize=525%2C300&ssl=1 1.5x, https:\/\/i0.wp.com\/www.grieta.org.mx\/wp-content\/uploads\/2025\/07\/CensuraSansores-e1754679327289.jpg?resize=700%2C400&ssl=1 2x"},"classes":[]},{"id":25202,"url":"https:\/\/www.grieta.org.mx\/index.php\/2018\/07\/14\/nuevamente-alcalde-ordena-agredir-a-periodistascampeche\/","url_meta":{"origin":17953,"position":5},"title":"Nuevamente alcalde ordena agredir a periodistas(Campeche)","author":"grieta","date":"14 julio, 2018","format":false,"excerpt":"Ciudad del Carmen, Cam, 14 Jul (El Voceador).- Dos miembros de este medio informativo fueron agredidos verbal y f\u00edsicamente por simpatizantes panistas y funcionarios del Ayuntamiento de Carmen, que se encontraban manifest\u00e1ndose en las afueras del Consejo Electoral Municipal, por instrucciones del alcalde municipal Pablo Guti\u00e9rrez Lazarus tras ser descubierto\u2026","rel":"","context":"En &quot;Campeche&quot;","block_context":{"text":"Campeche","link":"https:\/\/www.grieta.org.mx\/index.php\/category\/noticias-nacionales\/campeche\/"},"img":{"alt_text":"","src":"https:\/\/i0.wp.com\/www.grieta.org.mx\/wp-content\/uploads\/2018\/07\/agreden-a-periodistas-por-ordenes-del-alcalde.jpg?resize=350%2C200&ssl=1","width":350,"height":200,"srcset":"https:\/\/i0.wp.com\/www.grieta.org.mx\/wp-content\/uploads\/2018\/07\/agreden-a-periodistas-por-ordenes-del-alcalde.jpg?resize=350%2C200&ssl=1 1x, https:\/\/i0.wp.com\/www.grieta.org.mx\/wp-content\/uploads\/2018\/07\/agreden-a-periodistas-por-ordenes-del-alcalde.jpg?resize=525%2C300&ssl=1 1.5x"},"classes":[]}],"_links":{"self":[{"href":"https:\/\/www.grieta.org.mx\/index.php\/wp-json\/wp\/v2\/posts\/17953","targetHints":{"allow":["GET"]}}],"collection":[{"href":"https:\/\/www.grieta.org.mx\/index.php\/wp-json\/wp\/v2\/posts"}],"about":[{"href":"https:\/\/www.grieta.org.mx\/index.php\/wp-json\/wp\/v2\/types\/post"}],"author":[{"embeddable":true,"href":"https:\/\/www.grieta.org.mx\/index.php\/wp-json\/wp\/v2\/users\/2"}],"replies":[{"embeddable":true,"href":"https:\/\/www.grieta.org.mx\/index.php\/wp-json\/wp\/v2\/comments?post=17953"}],"version-history":[{"count":1,"href":"https:\/\/www.grieta.org.mx\/index.php\/wp-json\/wp\/v2\/posts\/17953\/revisions"}],"predecessor-version":[{"id":17955,"href":"https:\/\/www.grieta.org.mx\/index.php\/wp-json\/wp\/v2\/posts\/17953\/revisions\/17955"}],"wp:featuredmedia":[{"embeddable":true,"href":"https:\/\/www.grieta.org.mx\/index.php\/wp-json\/wp\/v2\/media\/21928"}],"wp:attachment":[{"href":"https:\/\/www.grieta.org.mx\/index.php\/wp-json\/wp\/v2\/media?parent=17953"}],"wp:term":[{"taxonomy":"category","embeddable":true,"href":"https:\/\/www.grieta.org.mx\/index.php\/wp-json\/wp\/v2\/categories?post=17953"},{"taxonomy":"post_tag","embeddable":true,"href":"https:\/\/www.grieta.org.mx\/index.php\/wp-json\/wp\/v2\/tags?post=17953"}],"curies":[{"name":"wp","href":"https:\/\/api.w.org\/{rel}","templated":true}]}}