{"id":17887,"date":"2016-07-26T12:37:51","date_gmt":"2016-07-26T17:37:51","guid":{"rendered":"http:\/\/www.grieta.org.mx\/?p=17887"},"modified":"2016-08-03T14:50:36","modified_gmt":"2016-08-03T19:50:36","slug":"dia-4-comparte-por-la-humanidad-cideci","status":"publish","type":"post","link":"https:\/\/www.grieta.org.mx\/index.php\/2016\/07\/26\/dia-4-comparte-por-la-humanidad-cideci\/","title":{"rendered":"D\u00eda 4 \u2013 CompARTE por la humanidad Cideci (Audios)"},"content":{"rendered":"<p>Radio Zapatista<\/p>\n<p>Festival CompARTE por la humanidad<br \/>\n26 de julio de 2016<br \/>\nCideci \/ Universidad de la Tierra Chiapas<\/p>\n<div data-carousel-extra='{&quot;blog_id&quot;:1,&quot;permalink&quot;:&quot;https:\/\/www.grieta.org.mx\/index.php\/2016\/07\/26\/dia-4-comparte-por-la-humanidad-cideci\/&quot;}' id='gallery-1' class='gallery galleryid-17887 gallery-columns-3 gallery-size-medium'><figure class='gallery-item'>\n\t\t\t<div class='gallery-icon landscape'>\n\t\t\t\t<a href='https:\/\/www.grieta.org.mx\/index.php\/2016\/07\/26\/dia-4-comparte-por-la-humanidad-cideci\/img_4900-800x400\/'><img loading=\"lazy\" decoding=\"async\" width=\"300\" height=\"150\" src=\"https:\/\/www.grieta.org.mx\/wp-content\/uploads\/2016\/07\/IMG_4900-800x400-300x150.jpg\" class=\"attachment-medium size-medium\" alt=\"\" srcset=\"https:\/\/www.grieta.org.mx\/wp-content\/uploads\/2016\/07\/IMG_4900-800x400-300x150.jpg 300w, https:\/\/www.grieta.org.mx\/wp-content\/uploads\/2016\/07\/IMG_4900-800x400-768x384.jpg 768w, https:\/\/www.grieta.org.mx\/wp-content\/uploads\/2016\/07\/IMG_4900-800x400.jpg 800w\" sizes=\"auto, (max-width: 300px) 100vw, 300px\" data-attachment-id=\"17888\" data-permalink=\"https:\/\/www.grieta.org.mx\/index.php\/2016\/07\/26\/dia-4-comparte-por-la-humanidad-cideci\/img_4900-800x400\/\" data-orig-file=\"https:\/\/www.grieta.org.mx\/wp-content\/uploads\/2016\/07\/IMG_4900-800x400.jpg\" data-orig-size=\"800,400\" data-comments-opened=\"0\" data-image-meta=\"{&quot;aperture&quot;:&quot;0&quot;,&quot;credit&quot;:&quot;&quot;,&quot;camera&quot;:&quot;&quot;,&quot;caption&quot;:&quot;&quot;,&quot;created_timestamp&quot;:&quot;0&quot;,&quot;copyright&quot;:&quot;&quot;,&quot;focal_length&quot;:&quot;0&quot;,&quot;iso&quot;:&quot;0&quot;,&quot;shutter_speed&quot;:&quot;0&quot;,&quot;title&quot;:&quot;&quot;,&quot;orientation&quot;:&quot;0&quot;}\" data-image-title=\"IMG_4900-800&amp;#215;400\" data-image-description=\"\" data-image-caption=\"\" data-medium-file=\"https:\/\/www.grieta.org.mx\/wp-content\/uploads\/2016\/07\/IMG_4900-800x400-300x150.jpg\" data-large-file=\"https:\/\/www.grieta.org.mx\/wp-content\/uploads\/2016\/07\/IMG_4900-800x400.jpg\" \/><\/a>\n\t\t\t<\/div><\/figure><figure class='gallery-item'>\n\t\t\t<div class='gallery-icon landscape'>\n\t\t\t\t<a href='https:\/\/www.grieta.org.mx\/index.php\/2016\/07\/26\/dia-4-comparte-por-la-humanidad-cideci\/img_4902-800x400\/'><img loading=\"lazy\" decoding=\"async\" width=\"300\" height=\"150\" src=\"https:\/\/www.grieta.org.mx\/wp-content\/uploads\/2016\/07\/IMG_4902-800x400-300x150.jpg\" class=\"attachment-medium size-medium\" alt=\"\" srcset=\"https:\/\/www.grieta.org.mx\/wp-content\/uploads\/2016\/07\/IMG_4902-800x400-300x150.jpg 300w, https:\/\/www.grieta.org.mx\/wp-content\/uploads\/2016\/07\/IMG_4902-800x400-768x384.jpg 768w, https:\/\/www.grieta.org.mx\/wp-content\/uploads\/2016\/07\/IMG_4902-800x400.jpg 800w\" sizes=\"auto, (max-width: 300px) 100vw, 300px\" data-attachment-id=\"17889\" data-permalink=\"https:\/\/www.grieta.org.mx\/index.php\/2016\/07\/26\/dia-4-comparte-por-la-humanidad-cideci\/img_4902-800x400\/\" data-orig-file=\"https:\/\/www.grieta.org.mx\/wp-content\/uploads\/2016\/07\/IMG_4902-800x400.jpg\" data-orig-size=\"800,400\" data-comments-opened=\"0\" data-image-meta=\"{&quot;aperture&quot;:&quot;0&quot;,&quot;credit&quot;:&quot;&quot;,&quot;camera&quot;:&quot;&quot;,&quot;caption&quot;:&quot;&quot;,&quot;created_timestamp&quot;:&quot;0&quot;,&quot;copyright&quot;:&quot;&quot;,&quot;focal_length&quot;:&quot;0&quot;,&quot;iso&quot;:&quot;0&quot;,&quot;shutter_speed&quot;:&quot;0&quot;,&quot;title&quot;:&quot;&quot;,&quot;orientation&quot;:&quot;0&quot;}\" data-image-title=\"IMG_4902-800&amp;#215;400\" data-image-description=\"\" data-image-caption=\"\" data-medium-file=\"https:\/\/www.grieta.org.mx\/wp-content\/uploads\/2016\/07\/IMG_4902-800x400-300x150.jpg\" data-large-file=\"https:\/\/www.grieta.org.mx\/wp-content\/uploads\/2016\/07\/IMG_4902-800x400.jpg\" \/><\/a>\n\t\t\t<\/div><\/figure><figure class='gallery-item'>\n\t\t\t<div class='gallery-icon landscape'>\n\t\t\t\t<a href='https:\/\/www.grieta.org.mx\/index.php\/2016\/07\/26\/dia-4-comparte-por-la-humanidad-cideci\/img_4908-800x400\/'><img loading=\"lazy\" decoding=\"async\" width=\"300\" height=\"150\" src=\"https:\/\/www.grieta.org.mx\/wp-content\/uploads\/2016\/07\/IMG_4908-800x400-300x150.jpg\" class=\"attachment-medium size-medium\" alt=\"\" srcset=\"https:\/\/www.grieta.org.mx\/wp-content\/uploads\/2016\/07\/IMG_4908-800x400-300x150.jpg 300w, https:\/\/www.grieta.org.mx\/wp-content\/uploads\/2016\/07\/IMG_4908-800x400-768x384.jpg 768w, https:\/\/www.grieta.org.mx\/wp-content\/uploads\/2016\/07\/IMG_4908-800x400.jpg 800w\" sizes=\"auto, (max-width: 300px) 100vw, 300px\" data-attachment-id=\"17890\" data-permalink=\"https:\/\/www.grieta.org.mx\/index.php\/2016\/07\/26\/dia-4-comparte-por-la-humanidad-cideci\/img_4908-800x400\/\" data-orig-file=\"https:\/\/www.grieta.org.mx\/wp-content\/uploads\/2016\/07\/IMG_4908-800x400.jpg\" data-orig-size=\"800,400\" data-comments-opened=\"0\" data-image-meta=\"{&quot;aperture&quot;:&quot;0&quot;,&quot;credit&quot;:&quot;&quot;,&quot;camera&quot;:&quot;&quot;,&quot;caption&quot;:&quot;&quot;,&quot;created_timestamp&quot;:&quot;0&quot;,&quot;copyright&quot;:&quot;&quot;,&quot;focal_length&quot;:&quot;0&quot;,&quot;iso&quot;:&quot;0&quot;,&quot;shutter_speed&quot;:&quot;0&quot;,&quot;title&quot;:&quot;&quot;,&quot;orientation&quot;:&quot;0&quot;}\" data-image-title=\"IMG_4908-800&amp;#215;400\" data-image-description=\"\" data-image-caption=\"\" data-medium-file=\"https:\/\/www.grieta.org.mx\/wp-content\/uploads\/2016\/07\/IMG_4908-800x400-300x150.jpg\" data-large-file=\"https:\/\/www.grieta.org.mx\/wp-content\/uploads\/2016\/07\/IMG_4908-800x400.jpg\" \/><\/a>\n\t\t\t<\/div><\/figure><figure class='gallery-item'>\n\t\t\t<div class='gallery-icon landscape'>\n\t\t\t\t<a href='https:\/\/www.grieta.org.mx\/index.php\/2016\/07\/26\/dia-4-comparte-por-la-humanidad-cideci\/img_4913-800x400\/'><img loading=\"lazy\" decoding=\"async\" width=\"300\" height=\"150\" src=\"https:\/\/www.grieta.org.mx\/wp-content\/uploads\/2016\/07\/IMG_4913-800x400-300x150.jpg\" class=\"attachment-medium size-medium\" alt=\"\" srcset=\"https:\/\/www.grieta.org.mx\/wp-content\/uploads\/2016\/07\/IMG_4913-800x400-300x150.jpg 300w, https:\/\/www.grieta.org.mx\/wp-content\/uploads\/2016\/07\/IMG_4913-800x400-768x384.jpg 768w, https:\/\/www.grieta.org.mx\/wp-content\/uploads\/2016\/07\/IMG_4913-800x400.jpg 800w\" sizes=\"auto, (max-width: 300px) 100vw, 300px\" data-attachment-id=\"17891\" data-permalink=\"https:\/\/www.grieta.org.mx\/index.php\/2016\/07\/26\/dia-4-comparte-por-la-humanidad-cideci\/img_4913-800x400\/\" data-orig-file=\"https:\/\/www.grieta.org.mx\/wp-content\/uploads\/2016\/07\/IMG_4913-800x400.jpg\" data-orig-size=\"800,400\" data-comments-opened=\"0\" data-image-meta=\"{&quot;aperture&quot;:&quot;0&quot;,&quot;credit&quot;:&quot;&quot;,&quot;camera&quot;:&quot;&quot;,&quot;caption&quot;:&quot;&quot;,&quot;created_timestamp&quot;:&quot;0&quot;,&quot;copyright&quot;:&quot;&quot;,&quot;focal_length&quot;:&quot;0&quot;,&quot;iso&quot;:&quot;0&quot;,&quot;shutter_speed&quot;:&quot;0&quot;,&quot;title&quot;:&quot;&quot;,&quot;orientation&quot;:&quot;0&quot;}\" data-image-title=\"IMG_4913-800&amp;#215;400\" data-image-description=\"\" data-image-caption=\"\" data-medium-file=\"https:\/\/www.grieta.org.mx\/wp-content\/uploads\/2016\/07\/IMG_4913-800x400-300x150.jpg\" data-large-file=\"https:\/\/www.grieta.org.mx\/wp-content\/uploads\/2016\/07\/IMG_4913-800x400.jpg\" \/><\/a>\n\t\t\t<\/div><\/figure><figure class='gallery-item'>\n\t\t\t<div class='gallery-icon landscape'>\n\t\t\t\t<a href='https:\/\/www.grieta.org.mx\/index.php\/2016\/07\/26\/dia-4-comparte-por-la-humanidad-cideci\/img_4916-800x400\/'><img loading=\"lazy\" decoding=\"async\" width=\"300\" height=\"150\" src=\"https:\/\/www.grieta.org.mx\/wp-content\/uploads\/2016\/07\/IMG_4916-800x400-300x150.jpg\" class=\"attachment-medium size-medium\" alt=\"\" srcset=\"https:\/\/www.grieta.org.mx\/wp-content\/uploads\/2016\/07\/IMG_4916-800x400-300x150.jpg 300w, https:\/\/www.grieta.org.mx\/wp-content\/uploads\/2016\/07\/IMG_4916-800x400-768x384.jpg 768w, https:\/\/www.grieta.org.mx\/wp-content\/uploads\/2016\/07\/IMG_4916-800x400.jpg 800w\" sizes=\"auto, (max-width: 300px) 100vw, 300px\" data-attachment-id=\"17892\" data-permalink=\"https:\/\/www.grieta.org.mx\/index.php\/2016\/07\/26\/dia-4-comparte-por-la-humanidad-cideci\/img_4916-800x400\/\" data-orig-file=\"https:\/\/www.grieta.org.mx\/wp-content\/uploads\/2016\/07\/IMG_4916-800x400.jpg\" data-orig-size=\"800,400\" data-comments-opened=\"0\" data-image-meta=\"{&quot;aperture&quot;:&quot;0&quot;,&quot;credit&quot;:&quot;&quot;,&quot;camera&quot;:&quot;&quot;,&quot;caption&quot;:&quot;&quot;,&quot;created_timestamp&quot;:&quot;0&quot;,&quot;copyright&quot;:&quot;&quot;,&quot;focal_length&quot;:&quot;0&quot;,&quot;iso&quot;:&quot;0&quot;,&quot;shutter_speed&quot;:&quot;0&quot;,&quot;title&quot;:&quot;&quot;,&quot;orientation&quot;:&quot;0&quot;}\" data-image-title=\"IMG_4916-800&amp;#215;400\" data-image-description=\"\" data-image-caption=\"\" data-medium-file=\"https:\/\/www.grieta.org.mx\/wp-content\/uploads\/2016\/07\/IMG_4916-800x400-300x150.jpg\" data-large-file=\"https:\/\/www.grieta.org.mx\/wp-content\/uploads\/2016\/07\/IMG_4916-800x400.jpg\" \/><\/a>\n\t\t\t<\/div><\/figure><figure class='gallery-item'>\n\t\t\t<div class='gallery-icon landscape'>\n\t\t\t\t<a href='https:\/\/www.grieta.org.mx\/index.php\/2016\/07\/26\/dia-4-comparte-por-la-humanidad-cideci\/img_4917-800x400\/'><img loading=\"lazy\" decoding=\"async\" width=\"300\" height=\"150\" src=\"https:\/\/www.grieta.org.mx\/wp-content\/uploads\/2016\/07\/IMG_4917-800x400-300x150.jpg\" class=\"attachment-medium size-medium\" alt=\"\" srcset=\"https:\/\/www.grieta.org.mx\/wp-content\/uploads\/2016\/07\/IMG_4917-800x400-300x150.jpg 300w, https:\/\/www.grieta.org.mx\/wp-content\/uploads\/2016\/07\/IMG_4917-800x400-768x384.jpg 768w, https:\/\/www.grieta.org.mx\/wp-content\/uploads\/2016\/07\/IMG_4917-800x400.jpg 800w\" sizes=\"auto, (max-width: 300px) 100vw, 300px\" data-attachment-id=\"17893\" data-permalink=\"https:\/\/www.grieta.org.mx\/index.php\/2016\/07\/26\/dia-4-comparte-por-la-humanidad-cideci\/img_4917-800x400\/\" data-orig-file=\"https:\/\/www.grieta.org.mx\/wp-content\/uploads\/2016\/07\/IMG_4917-800x400.jpg\" data-orig-size=\"800,400\" data-comments-opened=\"0\" data-image-meta=\"{&quot;aperture&quot;:&quot;0&quot;,&quot;credit&quot;:&quot;&quot;,&quot;camera&quot;:&quot;&quot;,&quot;caption&quot;:&quot;&quot;,&quot;created_timestamp&quot;:&quot;0&quot;,&quot;copyright&quot;:&quot;&quot;,&quot;focal_length&quot;:&quot;0&quot;,&quot;iso&quot;:&quot;0&quot;,&quot;shutter_speed&quot;:&quot;0&quot;,&quot;title&quot;:&quot;&quot;,&quot;orientation&quot;:&quot;0&quot;}\" data-image-title=\"IMG_4917-800&amp;#215;400\" data-image-description=\"\" data-image-caption=\"\" data-medium-file=\"https:\/\/www.grieta.org.mx\/wp-content\/uploads\/2016\/07\/IMG_4917-800x400-300x150.jpg\" data-large-file=\"https:\/\/www.grieta.org.mx\/wp-content\/uploads\/2016\/07\/IMG_4917-800x400.jpg\" \/><\/a>\n\t\t\t<\/div><\/figure><figure class='gallery-item'>\n\t\t\t<div class='gallery-icon landscape'>\n\t\t\t\t<a href='https:\/\/www.grieta.org.mx\/index.php\/2016\/07\/26\/dia-4-comparte-por-la-humanidad-cideci\/img_4920-800x400\/'><img loading=\"lazy\" decoding=\"async\" width=\"300\" height=\"150\" src=\"https:\/\/www.grieta.org.mx\/wp-content\/uploads\/2016\/07\/IMG_4920-800x400-300x150.jpg\" class=\"attachment-medium size-medium\" alt=\"\" srcset=\"https:\/\/www.grieta.org.mx\/wp-content\/uploads\/2016\/07\/IMG_4920-800x400-300x150.jpg 300w, https:\/\/www.grieta.org.mx\/wp-content\/uploads\/2016\/07\/IMG_4920-800x400-768x384.jpg 768w, https:\/\/www.grieta.org.mx\/wp-content\/uploads\/2016\/07\/IMG_4920-800x400.jpg 800w\" sizes=\"auto, (max-width: 300px) 100vw, 300px\" data-attachment-id=\"17894\" data-permalink=\"https:\/\/www.grieta.org.mx\/index.php\/2016\/07\/26\/dia-4-comparte-por-la-humanidad-cideci\/img_4920-800x400\/\" data-orig-file=\"https:\/\/www.grieta.org.mx\/wp-content\/uploads\/2016\/07\/IMG_4920-800x400.jpg\" data-orig-size=\"800,400\" data-comments-opened=\"0\" data-image-meta=\"{&quot;aperture&quot;:&quot;0&quot;,&quot;credit&quot;:&quot;&quot;,&quot;camera&quot;:&quot;&quot;,&quot;caption&quot;:&quot;&quot;,&quot;created_timestamp&quot;:&quot;0&quot;,&quot;copyright&quot;:&quot;&quot;,&quot;focal_length&quot;:&quot;0&quot;,&quot;iso&quot;:&quot;0&quot;,&quot;shutter_speed&quot;:&quot;0&quot;,&quot;title&quot;:&quot;&quot;,&quot;orientation&quot;:&quot;0&quot;}\" data-image-title=\"IMG_4920-800&amp;#215;400\" data-image-description=\"\" data-image-caption=\"\" data-medium-file=\"https:\/\/www.grieta.org.mx\/wp-content\/uploads\/2016\/07\/IMG_4920-800x400-300x150.jpg\" data-large-file=\"https:\/\/www.grieta.org.mx\/wp-content\/uploads\/2016\/07\/IMG_4920-800x400.jpg\" \/><\/a>\n\t\t\t<\/div><\/figure><figure class='gallery-item'>\n\t\t\t<div class='gallery-icon landscape'>\n\t\t\t\t<a href='https:\/\/www.grieta.org.mx\/index.php\/2016\/07\/26\/dia-4-comparte-por-la-humanidad-cideci\/img_4921-800x400\/'><img loading=\"lazy\" decoding=\"async\" width=\"300\" height=\"150\" src=\"https:\/\/www.grieta.org.mx\/wp-content\/uploads\/2016\/07\/IMG_4921-800x400-300x150.jpg\" class=\"attachment-medium size-medium\" alt=\"\" srcset=\"https:\/\/www.grieta.org.mx\/wp-content\/uploads\/2016\/07\/IMG_4921-800x400-300x150.jpg 300w, https:\/\/www.grieta.org.mx\/wp-content\/uploads\/2016\/07\/IMG_4921-800x400-768x384.jpg 768w, https:\/\/www.grieta.org.mx\/wp-content\/uploads\/2016\/07\/IMG_4921-800x400.jpg 800w\" sizes=\"auto, (max-width: 300px) 100vw, 300px\" data-attachment-id=\"17895\" data-permalink=\"https:\/\/www.grieta.org.mx\/index.php\/2016\/07\/26\/dia-4-comparte-por-la-humanidad-cideci\/img_4921-800x400\/\" data-orig-file=\"https:\/\/www.grieta.org.mx\/wp-content\/uploads\/2016\/07\/IMG_4921-800x400.jpg\" data-orig-size=\"800,400\" data-comments-opened=\"0\" data-image-meta=\"{&quot;aperture&quot;:&quot;0&quot;,&quot;credit&quot;:&quot;&quot;,&quot;camera&quot;:&quot;&quot;,&quot;caption&quot;:&quot;&quot;,&quot;created_timestamp&quot;:&quot;0&quot;,&quot;copyright&quot;:&quot;&quot;,&quot;focal_length&quot;:&quot;0&quot;,&quot;iso&quot;:&quot;0&quot;,&quot;shutter_speed&quot;:&quot;0&quot;,&quot;title&quot;:&quot;&quot;,&quot;orientation&quot;:&quot;0&quot;}\" data-image-title=\"IMG_4921-800&amp;#215;400\" data-image-description=\"\" data-image-caption=\"\" data-medium-file=\"https:\/\/www.grieta.org.mx\/wp-content\/uploads\/2016\/07\/IMG_4921-800x400-300x150.jpg\" data-large-file=\"https:\/\/www.grieta.org.mx\/wp-content\/uploads\/2016\/07\/IMG_4921-800x400.jpg\" \/><\/a>\n\t\t\t<\/div><\/figure><figure class='gallery-item'>\n\t\t\t<div class='gallery-icon landscape'>\n\t\t\t\t<a href='https:\/\/www.grieta.org.mx\/index.php\/2016\/07\/26\/dia-4-comparte-por-la-humanidad-cideci\/img_4924-800x400\/'><img loading=\"lazy\" decoding=\"async\" width=\"300\" height=\"150\" src=\"https:\/\/www.grieta.org.mx\/wp-content\/uploads\/2016\/07\/IMG_4924-800x400-300x150.jpg\" class=\"attachment-medium size-medium\" alt=\"\" srcset=\"https:\/\/www.grieta.org.mx\/wp-content\/uploads\/2016\/07\/IMG_4924-800x400-300x150.jpg 300w, https:\/\/www.grieta.org.mx\/wp-content\/uploads\/2016\/07\/IMG_4924-800x400-768x384.jpg 768w, https:\/\/www.grieta.org.mx\/wp-content\/uploads\/2016\/07\/IMG_4924-800x400.jpg 800w\" sizes=\"auto, (max-width: 300px) 100vw, 300px\" data-attachment-id=\"17896\" data-permalink=\"https:\/\/www.grieta.org.mx\/index.php\/2016\/07\/26\/dia-4-comparte-por-la-humanidad-cideci\/img_4924-800x400\/\" data-orig-file=\"https:\/\/www.grieta.org.mx\/wp-content\/uploads\/2016\/07\/IMG_4924-800x400.jpg\" data-orig-size=\"800,400\" data-comments-opened=\"0\" data-image-meta=\"{&quot;aperture&quot;:&quot;0&quot;,&quot;credit&quot;:&quot;&quot;,&quot;camera&quot;:&quot;&quot;,&quot;caption&quot;:&quot;&quot;,&quot;created_timestamp&quot;:&quot;0&quot;,&quot;copyright&quot;:&quot;&quot;,&quot;focal_length&quot;:&quot;0&quot;,&quot;iso&quot;:&quot;0&quot;,&quot;shutter_speed&quot;:&quot;0&quot;,&quot;title&quot;:&quot;&quot;,&quot;orientation&quot;:&quot;0&quot;}\" data-image-title=\"IMG_4924-800&amp;#215;400\" data-image-description=\"\" data-image-caption=\"\" data-medium-file=\"https:\/\/www.grieta.org.mx\/wp-content\/uploads\/2016\/07\/IMG_4924-800x400-300x150.jpg\" data-large-file=\"https:\/\/www.grieta.org.mx\/wp-content\/uploads\/2016\/07\/IMG_4924-800x400.jpg\" \/><\/a>\n\t\t\t<\/div><\/figure><figure class='gallery-item'>\n\t\t\t<div class='gallery-icon landscape'>\n\t\t\t\t<a href='https:\/\/www.grieta.org.mx\/index.php\/2016\/07\/26\/dia-4-comparte-por-la-humanidad-cideci\/img_4925-800x400\/'><img loading=\"lazy\" decoding=\"async\" width=\"300\" height=\"150\" src=\"https:\/\/www.grieta.org.mx\/wp-content\/uploads\/2016\/07\/IMG_4925-800x400-300x150.jpg\" class=\"attachment-medium size-medium\" alt=\"\" srcset=\"https:\/\/www.grieta.org.mx\/wp-content\/uploads\/2016\/07\/IMG_4925-800x400-300x150.jpg 300w, https:\/\/www.grieta.org.mx\/wp-content\/uploads\/2016\/07\/IMG_4925-800x400-768x384.jpg 768w, https:\/\/www.grieta.org.mx\/wp-content\/uploads\/2016\/07\/IMG_4925-800x400.jpg 800w\" sizes=\"auto, (max-width: 300px) 100vw, 300px\" data-attachment-id=\"17897\" data-permalink=\"https:\/\/www.grieta.org.mx\/index.php\/2016\/07\/26\/dia-4-comparte-por-la-humanidad-cideci\/img_4925-800x400\/\" data-orig-file=\"https:\/\/www.grieta.org.mx\/wp-content\/uploads\/2016\/07\/IMG_4925-800x400.jpg\" data-orig-size=\"800,400\" data-comments-opened=\"0\" data-image-meta=\"{&quot;aperture&quot;:&quot;0&quot;,&quot;credit&quot;:&quot;&quot;,&quot;camera&quot;:&quot;&quot;,&quot;caption&quot;:&quot;&quot;,&quot;created_timestamp&quot;:&quot;0&quot;,&quot;copyright&quot;:&quot;&quot;,&quot;focal_length&quot;:&quot;0&quot;,&quot;iso&quot;:&quot;0&quot;,&quot;shutter_speed&quot;:&quot;0&quot;,&quot;title&quot;:&quot;&quot;,&quot;orientation&quot;:&quot;0&quot;}\" data-image-title=\"IMG_4925-800&amp;#215;400\" data-image-description=\"\" data-image-caption=\"\" data-medium-file=\"https:\/\/www.grieta.org.mx\/wp-content\/uploads\/2016\/07\/IMG_4925-800x400-300x150.jpg\" data-large-file=\"https:\/\/www.grieta.org.mx\/wp-content\/uploads\/2016\/07\/IMG_4925-800x400.jpg\" \/><\/a>\n\t\t\t<\/div><\/figure><figure class='gallery-item'>\n\t\t\t<div class='gallery-icon landscape'>\n\t\t\t\t<a href='https:\/\/www.grieta.org.mx\/index.php\/2016\/07\/26\/dia-4-comparte-por-la-humanidad-cideci\/img_4928-800x400\/'><img loading=\"lazy\" decoding=\"async\" width=\"300\" height=\"150\" src=\"https:\/\/www.grieta.org.mx\/wp-content\/uploads\/2016\/07\/IMG_4928-800x400-300x150.jpg\" class=\"attachment-medium size-medium\" alt=\"\" srcset=\"https:\/\/www.grieta.org.mx\/wp-content\/uploads\/2016\/07\/IMG_4928-800x400-300x150.jpg 300w, https:\/\/www.grieta.org.mx\/wp-content\/uploads\/2016\/07\/IMG_4928-800x400-768x384.jpg 768w, https:\/\/www.grieta.org.mx\/wp-content\/uploads\/2016\/07\/IMG_4928-800x400.jpg 800w\" sizes=\"auto, (max-width: 300px) 100vw, 300px\" data-attachment-id=\"17898\" data-permalink=\"https:\/\/www.grieta.org.mx\/index.php\/2016\/07\/26\/dia-4-comparte-por-la-humanidad-cideci\/img_4928-800x400\/\" data-orig-file=\"https:\/\/www.grieta.org.mx\/wp-content\/uploads\/2016\/07\/IMG_4928-800x400.jpg\" data-orig-size=\"800,400\" data-comments-opened=\"0\" data-image-meta=\"{&quot;aperture&quot;:&quot;0&quot;,&quot;credit&quot;:&quot;&quot;,&quot;camera&quot;:&quot;&quot;,&quot;caption&quot;:&quot;&quot;,&quot;created_timestamp&quot;:&quot;0&quot;,&quot;copyright&quot;:&quot;&quot;,&quot;focal_length&quot;:&quot;0&quot;,&quot;iso&quot;:&quot;0&quot;,&quot;shutter_speed&quot;:&quot;0&quot;,&quot;title&quot;:&quot;&quot;,&quot;orientation&quot;:&quot;0&quot;}\" data-image-title=\"IMG_4928-800&amp;#215;400\" data-image-description=\"\" data-image-caption=\"\" data-medium-file=\"https:\/\/www.grieta.org.mx\/wp-content\/uploads\/2016\/07\/IMG_4928-800x400-300x150.jpg\" data-large-file=\"https:\/\/www.grieta.org.mx\/wp-content\/uploads\/2016\/07\/IMG_4928-800x400.jpg\" \/><\/a>\n\t\t\t<\/div><\/figure><figure class='gallery-item'>\n\t\t\t<div class='gallery-icon landscape'>\n\t\t\t\t<a href='https:\/\/www.grieta.org.mx\/index.php\/2016\/07\/26\/dia-4-comparte-por-la-humanidad-cideci\/img_4931-800x400\/'><img loading=\"lazy\" decoding=\"async\" width=\"300\" height=\"150\" src=\"https:\/\/www.grieta.org.mx\/wp-content\/uploads\/2016\/07\/IMG_4931-800x400-300x150.jpg\" class=\"attachment-medium size-medium\" alt=\"\" srcset=\"https:\/\/www.grieta.org.mx\/wp-content\/uploads\/2016\/07\/IMG_4931-800x400-300x150.jpg 300w, https:\/\/www.grieta.org.mx\/wp-content\/uploads\/2016\/07\/IMG_4931-800x400-768x384.jpg 768w, https:\/\/www.grieta.org.mx\/wp-content\/uploads\/2016\/07\/IMG_4931-800x400.jpg 800w\" sizes=\"auto, (max-width: 300px) 100vw, 300px\" data-attachment-id=\"17899\" data-permalink=\"https:\/\/www.grieta.org.mx\/index.php\/2016\/07\/26\/dia-4-comparte-por-la-humanidad-cideci\/img_4931-800x400\/\" data-orig-file=\"https:\/\/www.grieta.org.mx\/wp-content\/uploads\/2016\/07\/IMG_4931-800x400.jpg\" data-orig-size=\"800,400\" data-comments-opened=\"0\" data-image-meta=\"{&quot;aperture&quot;:&quot;0&quot;,&quot;credit&quot;:&quot;&quot;,&quot;camera&quot;:&quot;&quot;,&quot;caption&quot;:&quot;&quot;,&quot;created_timestamp&quot;:&quot;0&quot;,&quot;copyright&quot;:&quot;&quot;,&quot;focal_length&quot;:&quot;0&quot;,&quot;iso&quot;:&quot;0&quot;,&quot;shutter_speed&quot;:&quot;0&quot;,&quot;title&quot;:&quot;&quot;,&quot;orientation&quot;:&quot;0&quot;}\" data-image-title=\"IMG_4931-800&amp;#215;400\" data-image-description=\"\" data-image-caption=\"\" data-medium-file=\"https:\/\/www.grieta.org.mx\/wp-content\/uploads\/2016\/07\/IMG_4931-800x400-300x150.jpg\" data-large-file=\"https:\/\/www.grieta.org.mx\/wp-content\/uploads\/2016\/07\/IMG_4931-800x400.jpg\" \/><\/a>\n\t\t\t<\/div><\/figure><figure class='gallery-item'>\n\t\t\t<div class='gallery-icon landscape'>\n\t\t\t\t<a href='https:\/\/www.grieta.org.mx\/index.php\/2016\/07\/26\/dia-4-comparte-por-la-humanidad-cideci\/img_4934-800x400\/'><img loading=\"lazy\" decoding=\"async\" width=\"300\" height=\"150\" src=\"https:\/\/www.grieta.org.mx\/wp-content\/uploads\/2016\/07\/IMG_4934-800x400-300x150.jpg\" class=\"attachment-medium size-medium\" alt=\"\" srcset=\"https:\/\/www.grieta.org.mx\/wp-content\/uploads\/2016\/07\/IMG_4934-800x400-300x150.jpg 300w, https:\/\/www.grieta.org.mx\/wp-content\/uploads\/2016\/07\/IMG_4934-800x400-768x384.jpg 768w, https:\/\/www.grieta.org.mx\/wp-content\/uploads\/2016\/07\/IMG_4934-800x400.jpg 800w\" sizes=\"auto, (max-width: 300px) 100vw, 300px\" data-attachment-id=\"17900\" data-permalink=\"https:\/\/www.grieta.org.mx\/index.php\/2016\/07\/26\/dia-4-comparte-por-la-humanidad-cideci\/img_4934-800x400\/\" data-orig-file=\"https:\/\/www.grieta.org.mx\/wp-content\/uploads\/2016\/07\/IMG_4934-800x400.jpg\" data-orig-size=\"800,400\" data-comments-opened=\"0\" data-image-meta=\"{&quot;aperture&quot;:&quot;0&quot;,&quot;credit&quot;:&quot;&quot;,&quot;camera&quot;:&quot;&quot;,&quot;caption&quot;:&quot;&quot;,&quot;created_timestamp&quot;:&quot;0&quot;,&quot;copyright&quot;:&quot;&quot;,&quot;focal_length&quot;:&quot;0&quot;,&quot;iso&quot;:&quot;0&quot;,&quot;shutter_speed&quot;:&quot;0&quot;,&quot;title&quot;:&quot;&quot;,&quot;orientation&quot;:&quot;0&quot;}\" data-image-title=\"IMG_4934-800&amp;#215;400\" data-image-description=\"\" data-image-caption=\"\" data-medium-file=\"https:\/\/www.grieta.org.mx\/wp-content\/uploads\/2016\/07\/IMG_4934-800x400-300x150.jpg\" data-large-file=\"https:\/\/www.grieta.org.mx\/wp-content\/uploads\/2016\/07\/IMG_4934-800x400.jpg\" \/><\/a>\n\t\t\t<\/div><\/figure><figure class='gallery-item'>\n\t\t\t<div class='gallery-icon landscape'>\n\t\t\t\t<a href='https:\/\/www.grieta.org.mx\/index.php\/2016\/07\/26\/dia-4-comparte-por-la-humanidad-cideci\/img_4935-800x400\/'><img loading=\"lazy\" decoding=\"async\" width=\"300\" height=\"150\" src=\"https:\/\/www.grieta.org.mx\/wp-content\/uploads\/2016\/07\/IMG_4935-800x400-300x150.jpg\" class=\"attachment-medium size-medium\" alt=\"\" srcset=\"https:\/\/www.grieta.org.mx\/wp-content\/uploads\/2016\/07\/IMG_4935-800x400-300x150.jpg 300w, https:\/\/www.grieta.org.mx\/wp-content\/uploads\/2016\/07\/IMG_4935-800x400-768x384.jpg 768w, https:\/\/www.grieta.org.mx\/wp-content\/uploads\/2016\/07\/IMG_4935-800x400.jpg 800w\" sizes=\"auto, (max-width: 300px) 100vw, 300px\" data-attachment-id=\"17901\" data-permalink=\"https:\/\/www.grieta.org.mx\/index.php\/2016\/07\/26\/dia-4-comparte-por-la-humanidad-cideci\/img_4935-800x400\/\" data-orig-file=\"https:\/\/www.grieta.org.mx\/wp-content\/uploads\/2016\/07\/IMG_4935-800x400.jpg\" data-orig-size=\"800,400\" data-comments-opened=\"0\" data-image-meta=\"{&quot;aperture&quot;:&quot;0&quot;,&quot;credit&quot;:&quot;&quot;,&quot;camera&quot;:&quot;&quot;,&quot;caption&quot;:&quot;&quot;,&quot;created_timestamp&quot;:&quot;0&quot;,&quot;copyright&quot;:&quot;&quot;,&quot;focal_length&quot;:&quot;0&quot;,&quot;iso&quot;:&quot;0&quot;,&quot;shutter_speed&quot;:&quot;0&quot;,&quot;title&quot;:&quot;&quot;,&quot;orientation&quot;:&quot;0&quot;}\" data-image-title=\"IMG_4935-800&amp;#215;400\" data-image-description=\"\" data-image-caption=\"\" data-medium-file=\"https:\/\/www.grieta.org.mx\/wp-content\/uploads\/2016\/07\/IMG_4935-800x400-300x150.jpg\" data-large-file=\"https:\/\/www.grieta.org.mx\/wp-content\/uploads\/2016\/07\/IMG_4935-800x400.jpg\" \/><\/a>\n\t\t\t<\/div><\/figure><figure class='gallery-item'>\n\t\t\t<div class='gallery-icon landscape'>\n\t\t\t\t<a href='https:\/\/www.grieta.org.mx\/index.php\/2016\/07\/26\/dia-4-comparte-por-la-humanidad-cideci\/img_4936-800x400\/'><img loading=\"lazy\" decoding=\"async\" width=\"300\" height=\"150\" src=\"https:\/\/www.grieta.org.mx\/wp-content\/uploads\/2016\/07\/IMG_4936-800x400-300x150.jpg\" class=\"attachment-medium size-medium\" alt=\"\" srcset=\"https:\/\/www.grieta.org.mx\/wp-content\/uploads\/2016\/07\/IMG_4936-800x400-300x150.jpg 300w, https:\/\/www.grieta.org.mx\/wp-content\/uploads\/2016\/07\/IMG_4936-800x400-768x384.jpg 768w, https:\/\/www.grieta.org.mx\/wp-content\/uploads\/2016\/07\/IMG_4936-800x400.jpg 800w\" sizes=\"auto, (max-width: 300px) 100vw, 300px\" data-attachment-id=\"17902\" data-permalink=\"https:\/\/www.grieta.org.mx\/index.php\/2016\/07\/26\/dia-4-comparte-por-la-humanidad-cideci\/img_4936-800x400\/\" data-orig-file=\"https:\/\/www.grieta.org.mx\/wp-content\/uploads\/2016\/07\/IMG_4936-800x400.jpg\" data-orig-size=\"800,400\" data-comments-opened=\"0\" data-image-meta=\"{&quot;aperture&quot;:&quot;0&quot;,&quot;credit&quot;:&quot;&quot;,&quot;camera&quot;:&quot;&quot;,&quot;caption&quot;:&quot;&quot;,&quot;created_timestamp&quot;:&quot;0&quot;,&quot;copyright&quot;:&quot;&quot;,&quot;focal_length&quot;:&quot;0&quot;,&quot;iso&quot;:&quot;0&quot;,&quot;shutter_speed&quot;:&quot;0&quot;,&quot;title&quot;:&quot;&quot;,&quot;orientation&quot;:&quot;0&quot;}\" data-image-title=\"IMG_4936-800&amp;#215;400\" data-image-description=\"\" data-image-caption=\"\" data-medium-file=\"https:\/\/www.grieta.org.mx\/wp-content\/uploads\/2016\/07\/IMG_4936-800x400-300x150.jpg\" data-large-file=\"https:\/\/www.grieta.org.mx\/wp-content\/uploads\/2016\/07\/IMG_4936-800x400.jpg\" \/><\/a>\n\t\t\t<\/div><\/figure><figure class='gallery-item'>\n\t\t\t<div class='gallery-icon landscape'>\n\t\t\t\t<a href='https:\/\/www.grieta.org.mx\/index.php\/2016\/07\/26\/dia-4-comparte-por-la-humanidad-cideci\/img_4937-800x400\/'><img loading=\"lazy\" decoding=\"async\" width=\"300\" height=\"150\" src=\"https:\/\/www.grieta.org.mx\/wp-content\/uploads\/2016\/07\/IMG_4937-800x400-300x150.jpg\" class=\"attachment-medium size-medium\" alt=\"\" srcset=\"https:\/\/www.grieta.org.mx\/wp-content\/uploads\/2016\/07\/IMG_4937-800x400-300x150.jpg 300w, https:\/\/www.grieta.org.mx\/wp-content\/uploads\/2016\/07\/IMG_4937-800x400-768x384.jpg 768w, https:\/\/www.grieta.org.mx\/wp-content\/uploads\/2016\/07\/IMG_4937-800x400.jpg 800w\" sizes=\"auto, (max-width: 300px) 100vw, 300px\" data-attachment-id=\"17903\" data-permalink=\"https:\/\/www.grieta.org.mx\/index.php\/2016\/07\/26\/dia-4-comparte-por-la-humanidad-cideci\/img_4937-800x400\/\" data-orig-file=\"https:\/\/www.grieta.org.mx\/wp-content\/uploads\/2016\/07\/IMG_4937-800x400.jpg\" data-orig-size=\"800,400\" data-comments-opened=\"0\" data-image-meta=\"{&quot;aperture&quot;:&quot;0&quot;,&quot;credit&quot;:&quot;&quot;,&quot;camera&quot;:&quot;&quot;,&quot;caption&quot;:&quot;&quot;,&quot;created_timestamp&quot;:&quot;0&quot;,&quot;copyright&quot;:&quot;&quot;,&quot;focal_length&quot;:&quot;0&quot;,&quot;iso&quot;:&quot;0&quot;,&quot;shutter_speed&quot;:&quot;0&quot;,&quot;title&quot;:&quot;&quot;,&quot;orientation&quot;:&quot;0&quot;}\" data-image-title=\"IMG_4937-800&amp;#215;400\" data-image-description=\"\" data-image-caption=\"\" data-medium-file=\"https:\/\/www.grieta.org.mx\/wp-content\/uploads\/2016\/07\/IMG_4937-800x400-300x150.jpg\" data-large-file=\"https:\/\/www.grieta.org.mx\/wp-content\/uploads\/2016\/07\/IMG_4937-800x400.jpg\" \/><\/a>\n\t\t\t<\/div><\/figure><figure class='gallery-item'>\n\t\t\t<div class='gallery-icon landscape'>\n\t\t\t\t<a href='https:\/\/www.grieta.org.mx\/index.php\/2016\/07\/26\/dia-4-comparte-por-la-humanidad-cideci\/img_4944-800x400\/'><img loading=\"lazy\" decoding=\"async\" width=\"300\" height=\"150\" src=\"https:\/\/www.grieta.org.mx\/wp-content\/uploads\/2016\/07\/IMG_4944-800x400-300x150.jpg\" class=\"attachment-medium size-medium\" alt=\"\" srcset=\"https:\/\/www.grieta.org.mx\/wp-content\/uploads\/2016\/07\/IMG_4944-800x400-300x150.jpg 300w, https:\/\/www.grieta.org.mx\/wp-content\/uploads\/2016\/07\/IMG_4944-800x400-768x384.jpg 768w, https:\/\/www.grieta.org.mx\/wp-content\/uploads\/2016\/07\/IMG_4944-800x400.jpg 800w\" sizes=\"auto, (max-width: 300px) 100vw, 300px\" data-attachment-id=\"17904\" data-permalink=\"https:\/\/www.grieta.org.mx\/index.php\/2016\/07\/26\/dia-4-comparte-por-la-humanidad-cideci\/img_4944-800x400\/\" data-orig-file=\"https:\/\/www.grieta.org.mx\/wp-content\/uploads\/2016\/07\/IMG_4944-800x400.jpg\" data-orig-size=\"800,400\" data-comments-opened=\"0\" data-image-meta=\"{&quot;aperture&quot;:&quot;0&quot;,&quot;credit&quot;:&quot;&quot;,&quot;camera&quot;:&quot;&quot;,&quot;caption&quot;:&quot;&quot;,&quot;created_timestamp&quot;:&quot;0&quot;,&quot;copyright&quot;:&quot;&quot;,&quot;focal_length&quot;:&quot;0&quot;,&quot;iso&quot;:&quot;0&quot;,&quot;shutter_speed&quot;:&quot;0&quot;,&quot;title&quot;:&quot;&quot;,&quot;orientation&quot;:&quot;0&quot;}\" data-image-title=\"IMG_4944-800&amp;#215;400\" data-image-description=\"\" data-image-caption=\"\" data-medium-file=\"https:\/\/www.grieta.org.mx\/wp-content\/uploads\/2016\/07\/IMG_4944-800x400-300x150.jpg\" data-large-file=\"https:\/\/www.grieta.org.mx\/wp-content\/uploads\/2016\/07\/IMG_4944-800x400.jpg\" \/><\/a>\n\t\t\t<\/div><\/figure><figure class='gallery-item'>\n\t\t\t<div class='gallery-icon landscape'>\n\t\t\t\t<a href='https:\/\/www.grieta.org.mx\/index.php\/2016\/07\/26\/dia-4-comparte-por-la-humanidad-cideci\/img_4947-800x400\/'><img loading=\"lazy\" decoding=\"async\" width=\"300\" height=\"150\" src=\"https:\/\/www.grieta.org.mx\/wp-content\/uploads\/2016\/07\/IMG_4947-800x400-300x150.jpg\" class=\"attachment-medium size-medium\" alt=\"\" srcset=\"https:\/\/www.grieta.org.mx\/wp-content\/uploads\/2016\/07\/IMG_4947-800x400-300x150.jpg 300w, https:\/\/www.grieta.org.mx\/wp-content\/uploads\/2016\/07\/IMG_4947-800x400-768x384.jpg 768w, https:\/\/www.grieta.org.mx\/wp-content\/uploads\/2016\/07\/IMG_4947-800x400.jpg 800w\" sizes=\"auto, (max-width: 300px) 100vw, 300px\" data-attachment-id=\"17905\" data-permalink=\"https:\/\/www.grieta.org.mx\/index.php\/2016\/07\/26\/dia-4-comparte-por-la-humanidad-cideci\/img_4947-800x400\/\" data-orig-file=\"https:\/\/www.grieta.org.mx\/wp-content\/uploads\/2016\/07\/IMG_4947-800x400.jpg\" data-orig-size=\"800,400\" data-comments-opened=\"0\" data-image-meta=\"{&quot;aperture&quot;:&quot;0&quot;,&quot;credit&quot;:&quot;&quot;,&quot;camera&quot;:&quot;&quot;,&quot;caption&quot;:&quot;&quot;,&quot;created_timestamp&quot;:&quot;0&quot;,&quot;copyright&quot;:&quot;&quot;,&quot;focal_length&quot;:&quot;0&quot;,&quot;iso&quot;:&quot;0&quot;,&quot;shutter_speed&quot;:&quot;0&quot;,&quot;title&quot;:&quot;&quot;,&quot;orientation&quot;:&quot;0&quot;}\" data-image-title=\"IMG_4947-800&amp;#215;400\" data-image-description=\"\" data-image-caption=\"\" data-medium-file=\"https:\/\/www.grieta.org.mx\/wp-content\/uploads\/2016\/07\/IMG_4947-800x400-300x150.jpg\" data-large-file=\"https:\/\/www.grieta.org.mx\/wp-content\/uploads\/2016\/07\/IMG_4947-800x400.jpg\" \/><\/a>\n\t\t\t<\/div><\/figure><figure class='gallery-item'>\n\t\t\t<div class='gallery-icon landscape'>\n\t\t\t\t<a href='https:\/\/www.grieta.org.mx\/index.php\/2016\/07\/26\/dia-4-comparte-por-la-humanidad-cideci\/img_4951-800x400\/'><img loading=\"lazy\" decoding=\"async\" width=\"300\" height=\"150\" src=\"https:\/\/www.grieta.org.mx\/wp-content\/uploads\/2016\/07\/IMG_4951-800x400-300x150.jpg\" class=\"attachment-medium size-medium\" alt=\"\" srcset=\"https:\/\/www.grieta.org.mx\/wp-content\/uploads\/2016\/07\/IMG_4951-800x400-300x150.jpg 300w, https:\/\/www.grieta.org.mx\/wp-content\/uploads\/2016\/07\/IMG_4951-800x400-768x384.jpg 768w, https:\/\/www.grieta.org.mx\/wp-content\/uploads\/2016\/07\/IMG_4951-800x400.jpg 800w\" sizes=\"auto, (max-width: 300px) 100vw, 300px\" data-attachment-id=\"17906\" data-permalink=\"https:\/\/www.grieta.org.mx\/index.php\/2016\/07\/26\/dia-4-comparte-por-la-humanidad-cideci\/img_4951-800x400\/\" data-orig-file=\"https:\/\/www.grieta.org.mx\/wp-content\/uploads\/2016\/07\/IMG_4951-800x400.jpg\" data-orig-size=\"800,400\" data-comments-opened=\"0\" data-image-meta=\"{&quot;aperture&quot;:&quot;0&quot;,&quot;credit&quot;:&quot;&quot;,&quot;camera&quot;:&quot;&quot;,&quot;caption&quot;:&quot;&quot;,&quot;created_timestamp&quot;:&quot;0&quot;,&quot;copyright&quot;:&quot;&quot;,&quot;focal_length&quot;:&quot;0&quot;,&quot;iso&quot;:&quot;0&quot;,&quot;shutter_speed&quot;:&quot;0&quot;,&quot;title&quot;:&quot;&quot;,&quot;orientation&quot;:&quot;0&quot;}\" data-image-title=\"IMG_4951-800&amp;#215;400\" data-image-description=\"\" data-image-caption=\"\" data-medium-file=\"https:\/\/www.grieta.org.mx\/wp-content\/uploads\/2016\/07\/IMG_4951-800x400-300x150.jpg\" data-large-file=\"https:\/\/www.grieta.org.mx\/wp-content\/uploads\/2016\/07\/IMG_4951-800x400.jpg\" \/><\/a>\n\t\t\t<\/div><\/figure><figure class='gallery-item'>\n\t\t\t<div class='gallery-icon landscape'>\n\t\t\t\t<a href='https:\/\/www.grieta.org.mx\/index.php\/2016\/07\/26\/dia-4-comparte-por-la-humanidad-cideci\/img_4954-800x400\/'><img loading=\"lazy\" decoding=\"async\" width=\"300\" height=\"150\" src=\"https:\/\/www.grieta.org.mx\/wp-content\/uploads\/2016\/07\/IMG_4954-800x400-300x150.jpg\" class=\"attachment-medium size-medium\" alt=\"\" srcset=\"https:\/\/www.grieta.org.mx\/wp-content\/uploads\/2016\/07\/IMG_4954-800x400-300x150.jpg 300w, https:\/\/www.grieta.org.mx\/wp-content\/uploads\/2016\/07\/IMG_4954-800x400-768x384.jpg 768w, https:\/\/www.grieta.org.mx\/wp-content\/uploads\/2016\/07\/IMG_4954-800x400.jpg 800w\" sizes=\"auto, (max-width: 300px) 100vw, 300px\" data-attachment-id=\"17907\" data-permalink=\"https:\/\/www.grieta.org.mx\/index.php\/2016\/07\/26\/dia-4-comparte-por-la-humanidad-cideci\/img_4954-800x400\/\" data-orig-file=\"https:\/\/www.grieta.org.mx\/wp-content\/uploads\/2016\/07\/IMG_4954-800x400.jpg\" data-orig-size=\"800,400\" data-comments-opened=\"0\" data-image-meta=\"{&quot;aperture&quot;:&quot;0&quot;,&quot;credit&quot;:&quot;&quot;,&quot;camera&quot;:&quot;&quot;,&quot;caption&quot;:&quot;&quot;,&quot;created_timestamp&quot;:&quot;0&quot;,&quot;copyright&quot;:&quot;&quot;,&quot;focal_length&quot;:&quot;0&quot;,&quot;iso&quot;:&quot;0&quot;,&quot;shutter_speed&quot;:&quot;0&quot;,&quot;title&quot;:&quot;&quot;,&quot;orientation&quot;:&quot;0&quot;}\" data-image-title=\"IMG_4954-800&amp;#215;400\" data-image-description=\"\" data-image-caption=\"\" data-medium-file=\"https:\/\/www.grieta.org.mx\/wp-content\/uploads\/2016\/07\/IMG_4954-800x400-300x150.jpg\" data-large-file=\"https:\/\/www.grieta.org.mx\/wp-content\/uploads\/2016\/07\/IMG_4954-800x400.jpg\" \/><\/a>\n\t\t\t<\/div><\/figure><figure class='gallery-item'>\n\t\t\t<div class='gallery-icon landscape'>\n\t\t\t\t<a href='https:\/\/www.grieta.org.mx\/index.php\/2016\/07\/26\/dia-4-comparte-por-la-humanidad-cideci\/img_4964-800x400\/'><img loading=\"lazy\" decoding=\"async\" width=\"300\" height=\"150\" src=\"https:\/\/www.grieta.org.mx\/wp-content\/uploads\/2016\/07\/IMG_4964-800x400-300x150.jpg\" class=\"attachment-medium size-medium\" alt=\"\" srcset=\"https:\/\/www.grieta.org.mx\/wp-content\/uploads\/2016\/07\/IMG_4964-800x400-300x150.jpg 300w, https:\/\/www.grieta.org.mx\/wp-content\/uploads\/2016\/07\/IMG_4964-800x400-768x384.jpg 768w, https:\/\/www.grieta.org.mx\/wp-content\/uploads\/2016\/07\/IMG_4964-800x400.jpg 800w\" sizes=\"auto, (max-width: 300px) 100vw, 300px\" data-attachment-id=\"17908\" data-permalink=\"https:\/\/www.grieta.org.mx\/index.php\/2016\/07\/26\/dia-4-comparte-por-la-humanidad-cideci\/img_4964-800x400\/\" data-orig-file=\"https:\/\/www.grieta.org.mx\/wp-content\/uploads\/2016\/07\/IMG_4964-800x400.jpg\" data-orig-size=\"800,400\" data-comments-opened=\"0\" data-image-meta=\"{&quot;aperture&quot;:&quot;0&quot;,&quot;credit&quot;:&quot;&quot;,&quot;camera&quot;:&quot;&quot;,&quot;caption&quot;:&quot;&quot;,&quot;created_timestamp&quot;:&quot;0&quot;,&quot;copyright&quot;:&quot;&quot;,&quot;focal_length&quot;:&quot;0&quot;,&quot;iso&quot;:&quot;0&quot;,&quot;shutter_speed&quot;:&quot;0&quot;,&quot;title&quot;:&quot;&quot;,&quot;orientation&quot;:&quot;0&quot;}\" data-image-title=\"IMG_4964-800&amp;#215;400\" data-image-description=\"\" data-image-caption=\"\" data-medium-file=\"https:\/\/www.grieta.org.mx\/wp-content\/uploads\/2016\/07\/IMG_4964-800x400-300x150.jpg\" data-large-file=\"https:\/\/www.grieta.org.mx\/wp-content\/uploads\/2016\/07\/IMG_4964-800x400.jpg\" \/><\/a>\n\t\t\t<\/div><\/figure><figure class='gallery-item'>\n\t\t\t<div class='gallery-icon landscape'>\n\t\t\t\t<a href='https:\/\/www.grieta.org.mx\/index.php\/2016\/07\/26\/dia-4-comparte-por-la-humanidad-cideci\/img_4966-800x400\/'><img loading=\"lazy\" decoding=\"async\" width=\"300\" height=\"150\" src=\"https:\/\/www.grieta.org.mx\/wp-content\/uploads\/2016\/07\/IMG_4966-800x400-300x150.jpg\" class=\"attachment-medium size-medium\" alt=\"\" srcset=\"https:\/\/www.grieta.org.mx\/wp-content\/uploads\/2016\/07\/IMG_4966-800x400-300x150.jpg 300w, https:\/\/www.grieta.org.mx\/wp-content\/uploads\/2016\/07\/IMG_4966-800x400-768x384.jpg 768w, https:\/\/www.grieta.org.mx\/wp-content\/uploads\/2016\/07\/IMG_4966-800x400.jpg 800w\" sizes=\"auto, (max-width: 300px) 100vw, 300px\" data-attachment-id=\"17909\" data-permalink=\"https:\/\/www.grieta.org.mx\/index.php\/2016\/07\/26\/dia-4-comparte-por-la-humanidad-cideci\/img_4966-800x400\/\" data-orig-file=\"https:\/\/www.grieta.org.mx\/wp-content\/uploads\/2016\/07\/IMG_4966-800x400.jpg\" data-orig-size=\"800,400\" data-comments-opened=\"0\" data-image-meta=\"{&quot;aperture&quot;:&quot;0&quot;,&quot;credit&quot;:&quot;&quot;,&quot;camera&quot;:&quot;&quot;,&quot;caption&quot;:&quot;&quot;,&quot;created_timestamp&quot;:&quot;0&quot;,&quot;copyright&quot;:&quot;&quot;,&quot;focal_length&quot;:&quot;0&quot;,&quot;iso&quot;:&quot;0&quot;,&quot;shutter_speed&quot;:&quot;0&quot;,&quot;title&quot;:&quot;&quot;,&quot;orientation&quot;:&quot;0&quot;}\" data-image-title=\"IMG_4966-800&amp;#215;400\" data-image-description=\"\" data-image-caption=\"\" data-medium-file=\"https:\/\/www.grieta.org.mx\/wp-content\/uploads\/2016\/07\/IMG_4966-800x400-300x150.jpg\" data-large-file=\"https:\/\/www.grieta.org.mx\/wp-content\/uploads\/2016\/07\/IMG_4966-800x400.jpg\" \/><\/a>\n\t\t\t<\/div><\/figure><figure class='gallery-item'>\n\t\t\t<div class='gallery-icon landscape'>\n\t\t\t\t<a href='https:\/\/www.grieta.org.mx\/index.php\/2016\/07\/26\/dia-4-comparte-por-la-humanidad-cideci\/img_4967-800x400\/'><img loading=\"lazy\" decoding=\"async\" width=\"300\" height=\"150\" src=\"https:\/\/www.grieta.org.mx\/wp-content\/uploads\/2016\/07\/IMG_4967-800x400-300x150.jpg\" class=\"attachment-medium size-medium\" alt=\"\" srcset=\"https:\/\/www.grieta.org.mx\/wp-content\/uploads\/2016\/07\/IMG_4967-800x400-300x150.jpg 300w, https:\/\/www.grieta.org.mx\/wp-content\/uploads\/2016\/07\/IMG_4967-800x400-768x384.jpg 768w, https:\/\/www.grieta.org.mx\/wp-content\/uploads\/2016\/07\/IMG_4967-800x400.jpg 800w\" sizes=\"auto, (max-width: 300px) 100vw, 300px\" data-attachment-id=\"17910\" data-permalink=\"https:\/\/www.grieta.org.mx\/index.php\/2016\/07\/26\/dia-4-comparte-por-la-humanidad-cideci\/img_4967-800x400\/\" data-orig-file=\"https:\/\/www.grieta.org.mx\/wp-content\/uploads\/2016\/07\/IMG_4967-800x400.jpg\" data-orig-size=\"800,400\" data-comments-opened=\"0\" data-image-meta=\"{&quot;aperture&quot;:&quot;0&quot;,&quot;credit&quot;:&quot;&quot;,&quot;camera&quot;:&quot;&quot;,&quot;caption&quot;:&quot;&quot;,&quot;created_timestamp&quot;:&quot;0&quot;,&quot;copyright&quot;:&quot;&quot;,&quot;focal_length&quot;:&quot;0&quot;,&quot;iso&quot;:&quot;0&quot;,&quot;shutter_speed&quot;:&quot;0&quot;,&quot;title&quot;:&quot;&quot;,&quot;orientation&quot;:&quot;0&quot;}\" data-image-title=\"IMG_4967-800&amp;#215;400\" data-image-description=\"\" data-image-caption=\"\" data-medium-file=\"https:\/\/www.grieta.org.mx\/wp-content\/uploads\/2016\/07\/IMG_4967-800x400-300x150.jpg\" data-large-file=\"https:\/\/www.grieta.org.mx\/wp-content\/uploads\/2016\/07\/IMG_4967-800x400.jpg\" \/><\/a>\n\t\t\t<\/div><\/figure><figure class='gallery-item'>\n\t\t\t<div class='gallery-icon landscape'>\n\t\t\t\t<a href='https:\/\/www.grieta.org.mx\/index.php\/2016\/07\/26\/dia-4-comparte-por-la-humanidad-cideci\/img_4968-800x400\/'><img loading=\"lazy\" decoding=\"async\" width=\"300\" height=\"150\" src=\"https:\/\/www.grieta.org.mx\/wp-content\/uploads\/2016\/07\/IMG_4968-800x400-300x150.jpg\" class=\"attachment-medium size-medium\" alt=\"\" srcset=\"https:\/\/www.grieta.org.mx\/wp-content\/uploads\/2016\/07\/IMG_4968-800x400-300x150.jpg 300w, https:\/\/www.grieta.org.mx\/wp-content\/uploads\/2016\/07\/IMG_4968-800x400-768x384.jpg 768w, https:\/\/www.grieta.org.mx\/wp-content\/uploads\/2016\/07\/IMG_4968-800x400.jpg 800w\" sizes=\"auto, (max-width: 300px) 100vw, 300px\" data-attachment-id=\"17911\" data-permalink=\"https:\/\/www.grieta.org.mx\/index.php\/2016\/07\/26\/dia-4-comparte-por-la-humanidad-cideci\/img_4968-800x400\/\" data-orig-file=\"https:\/\/www.grieta.org.mx\/wp-content\/uploads\/2016\/07\/IMG_4968-800x400.jpg\" data-orig-size=\"800,400\" data-comments-opened=\"0\" data-image-meta=\"{&quot;aperture&quot;:&quot;0&quot;,&quot;credit&quot;:&quot;&quot;,&quot;camera&quot;:&quot;&quot;,&quot;caption&quot;:&quot;&quot;,&quot;created_timestamp&quot;:&quot;0&quot;,&quot;copyright&quot;:&quot;&quot;,&quot;focal_length&quot;:&quot;0&quot;,&quot;iso&quot;:&quot;0&quot;,&quot;shutter_speed&quot;:&quot;0&quot;,&quot;title&quot;:&quot;&quot;,&quot;orientation&quot;:&quot;0&quot;}\" data-image-title=\"IMG_4968-800&amp;#215;400\" data-image-description=\"\" data-image-caption=\"\" data-medium-file=\"https:\/\/www.grieta.org.mx\/wp-content\/uploads\/2016\/07\/IMG_4968-800x400-300x150.jpg\" data-large-file=\"https:\/\/www.grieta.org.mx\/wp-content\/uploads\/2016\/07\/IMG_4968-800x400.jpg\" \/><\/a>\n\t\t\t<\/div><\/figure><figure class='gallery-item'>\n\t\t\t<div class='gallery-icon landscape'>\n\t\t\t\t<a href='https:\/\/www.grieta.org.mx\/index.php\/2016\/07\/26\/dia-4-comparte-por-la-humanidad-cideci\/img_4975-800x400\/'><img loading=\"lazy\" decoding=\"async\" width=\"300\" height=\"150\" src=\"https:\/\/www.grieta.org.mx\/wp-content\/uploads\/2016\/07\/IMG_4975-800x400-300x150.jpg\" class=\"attachment-medium size-medium\" alt=\"\" srcset=\"https:\/\/www.grieta.org.mx\/wp-content\/uploads\/2016\/07\/IMG_4975-800x400-300x150.jpg 300w, https:\/\/www.grieta.org.mx\/wp-content\/uploads\/2016\/07\/IMG_4975-800x400-768x384.jpg 768w, https:\/\/www.grieta.org.mx\/wp-content\/uploads\/2016\/07\/IMG_4975-800x400.jpg 800w\" sizes=\"auto, (max-width: 300px) 100vw, 300px\" data-attachment-id=\"17912\" data-permalink=\"https:\/\/www.grieta.org.mx\/index.php\/2016\/07\/26\/dia-4-comparte-por-la-humanidad-cideci\/img_4975-800x400\/\" data-orig-file=\"https:\/\/www.grieta.org.mx\/wp-content\/uploads\/2016\/07\/IMG_4975-800x400.jpg\" data-orig-size=\"800,400\" data-comments-opened=\"0\" data-image-meta=\"{&quot;aperture&quot;:&quot;0&quot;,&quot;credit&quot;:&quot;&quot;,&quot;camera&quot;:&quot;&quot;,&quot;caption&quot;:&quot;&quot;,&quot;created_timestamp&quot;:&quot;0&quot;,&quot;copyright&quot;:&quot;&quot;,&quot;focal_length&quot;:&quot;0&quot;,&quot;iso&quot;:&quot;0&quot;,&quot;shutter_speed&quot;:&quot;0&quot;,&quot;title&quot;:&quot;&quot;,&quot;orientation&quot;:&quot;0&quot;}\" data-image-title=\"IMG_4975-800&amp;#215;400\" data-image-description=\"\" data-image-caption=\"\" data-medium-file=\"https:\/\/www.grieta.org.mx\/wp-content\/uploads\/2016\/07\/IMG_4975-800x400-300x150.jpg\" data-large-file=\"https:\/\/www.grieta.org.mx\/wp-content\/uploads\/2016\/07\/IMG_4975-800x400.jpg\" \/><\/a>\n\t\t\t<\/div><\/figure><figure class='gallery-item'>\n\t\t\t<div class='gallery-icon landscape'>\n\t\t\t\t<a href='https:\/\/www.grieta.org.mx\/index.php\/2016\/07\/26\/dia-4-comparte-por-la-humanidad-cideci\/img_4991-800x400\/'><img loading=\"lazy\" decoding=\"async\" width=\"300\" height=\"150\" src=\"https:\/\/www.grieta.org.mx\/wp-content\/uploads\/2016\/07\/IMG_4991-800x400-300x150.jpg\" class=\"attachment-medium size-medium\" alt=\"\" srcset=\"https:\/\/www.grieta.org.mx\/wp-content\/uploads\/2016\/07\/IMG_4991-800x400-300x150.jpg 300w, https:\/\/www.grieta.org.mx\/wp-content\/uploads\/2016\/07\/IMG_4991-800x400-768x384.jpg 768w, https:\/\/www.grieta.org.mx\/wp-content\/uploads\/2016\/07\/IMG_4991-800x400.jpg 800w\" sizes=\"auto, (max-width: 300px) 100vw, 300px\" data-attachment-id=\"17913\" data-permalink=\"https:\/\/www.grieta.org.mx\/index.php\/2016\/07\/26\/dia-4-comparte-por-la-humanidad-cideci\/img_4991-800x400\/\" data-orig-file=\"https:\/\/www.grieta.org.mx\/wp-content\/uploads\/2016\/07\/IMG_4991-800x400.jpg\" data-orig-size=\"800,400\" data-comments-opened=\"0\" data-image-meta=\"{&quot;aperture&quot;:&quot;0&quot;,&quot;credit&quot;:&quot;&quot;,&quot;camera&quot;:&quot;&quot;,&quot;caption&quot;:&quot;&quot;,&quot;created_timestamp&quot;:&quot;0&quot;,&quot;copyright&quot;:&quot;&quot;,&quot;focal_length&quot;:&quot;0&quot;,&quot;iso&quot;:&quot;0&quot;,&quot;shutter_speed&quot;:&quot;0&quot;,&quot;title&quot;:&quot;&quot;,&quot;orientation&quot;:&quot;0&quot;}\" data-image-title=\"IMG_4991-800&amp;#215;400\" data-image-description=\"\" data-image-caption=\"\" data-medium-file=\"https:\/\/www.grieta.org.mx\/wp-content\/uploads\/2016\/07\/IMG_4991-800x400-300x150.jpg\" data-large-file=\"https:\/\/www.grieta.org.mx\/wp-content\/uploads\/2016\/07\/IMG_4991-800x400.jpg\" \/><\/a>\n\t\t\t<\/div><\/figure><figure class='gallery-item'>\n\t\t\t<div class='gallery-icon landscape'>\n\t\t\t\t<a href='https:\/\/www.grieta.org.mx\/index.php\/2016\/07\/26\/dia-4-comparte-por-la-humanidad-cideci\/img_4993-800x400\/'><img loading=\"lazy\" decoding=\"async\" width=\"300\" height=\"150\" src=\"https:\/\/www.grieta.org.mx\/wp-content\/uploads\/2016\/07\/IMG_4993-800x400-300x150.jpg\" class=\"attachment-medium size-medium\" alt=\"\" srcset=\"https:\/\/www.grieta.org.mx\/wp-content\/uploads\/2016\/07\/IMG_4993-800x400-300x150.jpg 300w, https:\/\/www.grieta.org.mx\/wp-content\/uploads\/2016\/07\/IMG_4993-800x400-768x384.jpg 768w, https:\/\/www.grieta.org.mx\/wp-content\/uploads\/2016\/07\/IMG_4993-800x400.jpg 800w\" sizes=\"auto, (max-width: 300px) 100vw, 300px\" data-attachment-id=\"17914\" data-permalink=\"https:\/\/www.grieta.org.mx\/index.php\/2016\/07\/26\/dia-4-comparte-por-la-humanidad-cideci\/img_4993-800x400\/\" data-orig-file=\"https:\/\/www.grieta.org.mx\/wp-content\/uploads\/2016\/07\/IMG_4993-800x400.jpg\" data-orig-size=\"800,400\" data-comments-opened=\"0\" data-image-meta=\"{&quot;aperture&quot;:&quot;0&quot;,&quot;credit&quot;:&quot;&quot;,&quot;camera&quot;:&quot;&quot;,&quot;caption&quot;:&quot;&quot;,&quot;created_timestamp&quot;:&quot;0&quot;,&quot;copyright&quot;:&quot;&quot;,&quot;focal_length&quot;:&quot;0&quot;,&quot;iso&quot;:&quot;0&quot;,&quot;shutter_speed&quot;:&quot;0&quot;,&quot;title&quot;:&quot;&quot;,&quot;orientation&quot;:&quot;0&quot;}\" data-image-title=\"IMG_4993-800&amp;#215;400\" data-image-description=\"\" data-image-caption=\"\" data-medium-file=\"https:\/\/www.grieta.org.mx\/wp-content\/uploads\/2016\/07\/IMG_4993-800x400-300x150.jpg\" data-large-file=\"https:\/\/www.grieta.org.mx\/wp-content\/uploads\/2016\/07\/IMG_4993-800x400.jpg\" \/><\/a>\n\t\t\t<\/div><\/figure><figure class='gallery-item'>\n\t\t\t<div class='gallery-icon landscape'>\n\t\t\t\t<a href='https:\/\/www.grieta.org.mx\/index.php\/2016\/07\/26\/dia-4-comparte-por-la-humanidad-cideci\/img_5003-800x400\/'><img loading=\"lazy\" decoding=\"async\" width=\"300\" height=\"150\" src=\"https:\/\/www.grieta.org.mx\/wp-content\/uploads\/2016\/07\/IMG_5003-800x400-300x150.jpg\" class=\"attachment-medium size-medium\" alt=\"\" srcset=\"https:\/\/www.grieta.org.mx\/wp-content\/uploads\/2016\/07\/IMG_5003-800x400-300x150.jpg 300w, https:\/\/www.grieta.org.mx\/wp-content\/uploads\/2016\/07\/IMG_5003-800x400-768x384.jpg 768w, https:\/\/www.grieta.org.mx\/wp-content\/uploads\/2016\/07\/IMG_5003-800x400.jpg 800w\" sizes=\"auto, (max-width: 300px) 100vw, 300px\" data-attachment-id=\"17915\" data-permalink=\"https:\/\/www.grieta.org.mx\/index.php\/2016\/07\/26\/dia-4-comparte-por-la-humanidad-cideci\/img_5003-800x400\/\" data-orig-file=\"https:\/\/www.grieta.org.mx\/wp-content\/uploads\/2016\/07\/IMG_5003-800x400.jpg\" data-orig-size=\"800,400\" data-comments-opened=\"0\" data-image-meta=\"{&quot;aperture&quot;:&quot;0&quot;,&quot;credit&quot;:&quot;&quot;,&quot;camera&quot;:&quot;&quot;,&quot;caption&quot;:&quot;&quot;,&quot;created_timestamp&quot;:&quot;0&quot;,&quot;copyright&quot;:&quot;&quot;,&quot;focal_length&quot;:&quot;0&quot;,&quot;iso&quot;:&quot;0&quot;,&quot;shutter_speed&quot;:&quot;0&quot;,&quot;title&quot;:&quot;&quot;,&quot;orientation&quot;:&quot;0&quot;}\" data-image-title=\"IMG_5003-800&amp;#215;400\" data-image-description=\"\" data-image-caption=\"\" data-medium-file=\"https:\/\/www.grieta.org.mx\/wp-content\/uploads\/2016\/07\/IMG_5003-800x400-300x150.jpg\" data-large-file=\"https:\/\/www.grieta.org.mx\/wp-content\/uploads\/2016\/07\/IMG_5003-800x400.jpg\" \/><\/a>\n\t\t\t<\/div><\/figure><figure class='gallery-item'>\n\t\t\t<div class='gallery-icon landscape'>\n\t\t\t\t<a href='https:\/\/www.grieta.org.mx\/index.php\/2016\/07\/26\/dia-4-comparte-por-la-humanidad-cideci\/img_5009-800x400\/'><img loading=\"lazy\" decoding=\"async\" width=\"300\" height=\"150\" src=\"https:\/\/www.grieta.org.mx\/wp-content\/uploads\/2016\/07\/IMG_5009-800x400-300x150.jpg\" class=\"attachment-medium size-medium\" alt=\"\" srcset=\"https:\/\/www.grieta.org.mx\/wp-content\/uploads\/2016\/07\/IMG_5009-800x400-300x150.jpg 300w, https:\/\/www.grieta.org.mx\/wp-content\/uploads\/2016\/07\/IMG_5009-800x400-768x384.jpg 768w, https:\/\/www.grieta.org.mx\/wp-content\/uploads\/2016\/07\/IMG_5009-800x400.jpg 800w\" sizes=\"auto, (max-width: 300px) 100vw, 300px\" data-attachment-id=\"17916\" data-permalink=\"https:\/\/www.grieta.org.mx\/index.php\/2016\/07\/26\/dia-4-comparte-por-la-humanidad-cideci\/img_5009-800x400\/\" data-orig-file=\"https:\/\/www.grieta.org.mx\/wp-content\/uploads\/2016\/07\/IMG_5009-800x400.jpg\" data-orig-size=\"800,400\" data-comments-opened=\"0\" data-image-meta=\"{&quot;aperture&quot;:&quot;0&quot;,&quot;credit&quot;:&quot;&quot;,&quot;camera&quot;:&quot;&quot;,&quot;caption&quot;:&quot;&quot;,&quot;created_timestamp&quot;:&quot;0&quot;,&quot;copyright&quot;:&quot;&quot;,&quot;focal_length&quot;:&quot;0&quot;,&quot;iso&quot;:&quot;0&quot;,&quot;shutter_speed&quot;:&quot;0&quot;,&quot;title&quot;:&quot;&quot;,&quot;orientation&quot;:&quot;0&quot;}\" data-image-title=\"IMG_5009-800&amp;#215;400\" data-image-description=\"\" data-image-caption=\"\" data-medium-file=\"https:\/\/www.grieta.org.mx\/wp-content\/uploads\/2016\/07\/IMG_5009-800x400-300x150.jpg\" data-large-file=\"https:\/\/www.grieta.org.mx\/wp-content\/uploads\/2016\/07\/IMG_5009-800x400.jpg\" \/><\/a>\n\t\t\t<\/div><\/figure><figure class='gallery-item'>\n\t\t\t<div class='gallery-icon landscape'>\n\t\t\t\t<a href='https:\/\/www.grieta.org.mx\/index.php\/2016\/07\/26\/dia-4-comparte-por-la-humanidad-cideci\/img_5031-800x400\/'><img loading=\"lazy\" decoding=\"async\" width=\"300\" height=\"150\" src=\"https:\/\/www.grieta.org.mx\/wp-content\/uploads\/2016\/07\/IMG_5031-800x400-300x150.jpg\" class=\"attachment-medium size-medium\" alt=\"\" srcset=\"https:\/\/www.grieta.org.mx\/wp-content\/uploads\/2016\/07\/IMG_5031-800x400-300x150.jpg 300w, https:\/\/www.grieta.org.mx\/wp-content\/uploads\/2016\/07\/IMG_5031-800x400-768x384.jpg 768w, https:\/\/www.grieta.org.mx\/wp-content\/uploads\/2016\/07\/IMG_5031-800x400.jpg 800w\" sizes=\"auto, (max-width: 300px) 100vw, 300px\" data-attachment-id=\"17917\" data-permalink=\"https:\/\/www.grieta.org.mx\/index.php\/2016\/07\/26\/dia-4-comparte-por-la-humanidad-cideci\/img_5031-800x400\/\" data-orig-file=\"https:\/\/www.grieta.org.mx\/wp-content\/uploads\/2016\/07\/IMG_5031-800x400.jpg\" data-orig-size=\"800,400\" data-comments-opened=\"0\" data-image-meta=\"{&quot;aperture&quot;:&quot;0&quot;,&quot;credit&quot;:&quot;&quot;,&quot;camera&quot;:&quot;&quot;,&quot;caption&quot;:&quot;&quot;,&quot;created_timestamp&quot;:&quot;0&quot;,&quot;copyright&quot;:&quot;&quot;,&quot;focal_length&quot;:&quot;0&quot;,&quot;iso&quot;:&quot;0&quot;,&quot;shutter_speed&quot;:&quot;0&quot;,&quot;title&quot;:&quot;&quot;,&quot;orientation&quot;:&quot;0&quot;}\" data-image-title=\"IMG_5031-800&amp;#215;400\" data-image-description=\"\" data-image-caption=\"\" data-medium-file=\"https:\/\/www.grieta.org.mx\/wp-content\/uploads\/2016\/07\/IMG_5031-800x400-300x150.jpg\" data-large-file=\"https:\/\/www.grieta.org.mx\/wp-content\/uploads\/2016\/07\/IMG_5031-800x400.jpg\" \/><\/a>\n\t\t\t<\/div><\/figure><figure class='gallery-item'>\n\t\t\t<div class='gallery-icon landscape'>\n\t\t\t\t<a href='https:\/\/www.grieta.org.mx\/index.php\/2016\/07\/26\/dia-4-comparte-por-la-humanidad-cideci\/img_5038-800x400\/'><img loading=\"lazy\" decoding=\"async\" width=\"300\" height=\"150\" src=\"https:\/\/www.grieta.org.mx\/wp-content\/uploads\/2016\/07\/IMG_5038-800x400-300x150.jpg\" class=\"attachment-medium size-medium\" alt=\"\" srcset=\"https:\/\/www.grieta.org.mx\/wp-content\/uploads\/2016\/07\/IMG_5038-800x400-300x150.jpg 300w, https:\/\/www.grieta.org.mx\/wp-content\/uploads\/2016\/07\/IMG_5038-800x400-768x384.jpg 768w, https:\/\/www.grieta.org.mx\/wp-content\/uploads\/2016\/07\/IMG_5038-800x400.jpg 800w\" sizes=\"auto, (max-width: 300px) 100vw, 300px\" data-attachment-id=\"17918\" data-permalink=\"https:\/\/www.grieta.org.mx\/index.php\/2016\/07\/26\/dia-4-comparte-por-la-humanidad-cideci\/img_5038-800x400\/\" data-orig-file=\"https:\/\/www.grieta.org.mx\/wp-content\/uploads\/2016\/07\/IMG_5038-800x400.jpg\" data-orig-size=\"800,400\" data-comments-opened=\"0\" data-image-meta=\"{&quot;aperture&quot;:&quot;0&quot;,&quot;credit&quot;:&quot;&quot;,&quot;camera&quot;:&quot;&quot;,&quot;caption&quot;:&quot;&quot;,&quot;created_timestamp&quot;:&quot;0&quot;,&quot;copyright&quot;:&quot;&quot;,&quot;focal_length&quot;:&quot;0&quot;,&quot;iso&quot;:&quot;0&quot;,&quot;shutter_speed&quot;:&quot;0&quot;,&quot;title&quot;:&quot;&quot;,&quot;orientation&quot;:&quot;0&quot;}\" data-image-title=\"IMG_5038-800&amp;#215;400\" data-image-description=\"\" data-image-caption=\"\" data-medium-file=\"https:\/\/www.grieta.org.mx\/wp-content\/uploads\/2016\/07\/IMG_5038-800x400-300x150.jpg\" data-large-file=\"https:\/\/www.grieta.org.mx\/wp-content\/uploads\/2016\/07\/IMG_5038-800x400.jpg\" \/><\/a>\n\t\t\t<\/div><\/figure><figure class='gallery-item'>\n\t\t\t<div class='gallery-icon landscape'>\n\t\t\t\t<a href='https:\/\/www.grieta.org.mx\/index.php\/2016\/07\/26\/dia-4-comparte-por-la-humanidad-cideci\/img_5041-800x400\/'><img loading=\"lazy\" decoding=\"async\" width=\"300\" height=\"150\" src=\"https:\/\/www.grieta.org.mx\/wp-content\/uploads\/2016\/07\/IMG_5041-800x400-300x150.jpg\" class=\"attachment-medium size-medium\" alt=\"\" srcset=\"https:\/\/www.grieta.org.mx\/wp-content\/uploads\/2016\/07\/IMG_5041-800x400-300x150.jpg 300w, https:\/\/www.grieta.org.mx\/wp-content\/uploads\/2016\/07\/IMG_5041-800x400-768x384.jpg 768w, https:\/\/www.grieta.org.mx\/wp-content\/uploads\/2016\/07\/IMG_5041-800x400.jpg 800w\" sizes=\"auto, (max-width: 300px) 100vw, 300px\" data-attachment-id=\"17919\" data-permalink=\"https:\/\/www.grieta.org.mx\/index.php\/2016\/07\/26\/dia-4-comparte-por-la-humanidad-cideci\/img_5041-800x400\/\" data-orig-file=\"https:\/\/www.grieta.org.mx\/wp-content\/uploads\/2016\/07\/IMG_5041-800x400.jpg\" data-orig-size=\"800,400\" data-comments-opened=\"0\" data-image-meta=\"{&quot;aperture&quot;:&quot;0&quot;,&quot;credit&quot;:&quot;&quot;,&quot;camera&quot;:&quot;&quot;,&quot;caption&quot;:&quot;&quot;,&quot;created_timestamp&quot;:&quot;0&quot;,&quot;copyright&quot;:&quot;&quot;,&quot;focal_length&quot;:&quot;0&quot;,&quot;iso&quot;:&quot;0&quot;,&quot;shutter_speed&quot;:&quot;0&quot;,&quot;title&quot;:&quot;&quot;,&quot;orientation&quot;:&quot;0&quot;}\" data-image-title=\"IMG_5041-800&amp;#215;400\" data-image-description=\"\" data-image-caption=\"\" data-medium-file=\"https:\/\/www.grieta.org.mx\/wp-content\/uploads\/2016\/07\/IMG_5041-800x400-300x150.jpg\" data-large-file=\"https:\/\/www.grieta.org.mx\/wp-content\/uploads\/2016\/07\/IMG_5041-800x400.jpg\" \/><\/a>\n\t\t\t<\/div><\/figure><figure class='gallery-item'>\n\t\t\t<div class='gallery-icon landscape'>\n\t\t\t\t<a href='https:\/\/www.grieta.org.mx\/index.php\/2016\/07\/26\/dia-4-comparte-por-la-humanidad-cideci\/img_5061-800x400\/'><img loading=\"lazy\" decoding=\"async\" width=\"300\" height=\"150\" src=\"https:\/\/www.grieta.org.mx\/wp-content\/uploads\/2016\/07\/IMG_5061-800x400-300x150.jpg\" class=\"attachment-medium size-medium\" alt=\"\" srcset=\"https:\/\/www.grieta.org.mx\/wp-content\/uploads\/2016\/07\/IMG_5061-800x400-300x150.jpg 300w, https:\/\/www.grieta.org.mx\/wp-content\/uploads\/2016\/07\/IMG_5061-800x400-768x384.jpg 768w, https:\/\/www.grieta.org.mx\/wp-content\/uploads\/2016\/07\/IMG_5061-800x400.jpg 800w\" sizes=\"auto, (max-width: 300px) 100vw, 300px\" data-attachment-id=\"17920\" data-permalink=\"https:\/\/www.grieta.org.mx\/index.php\/2016\/07\/26\/dia-4-comparte-por-la-humanidad-cideci\/img_5061-800x400\/\" data-orig-file=\"https:\/\/www.grieta.org.mx\/wp-content\/uploads\/2016\/07\/IMG_5061-800x400.jpg\" data-orig-size=\"800,400\" data-comments-opened=\"0\" data-image-meta=\"{&quot;aperture&quot;:&quot;0&quot;,&quot;credit&quot;:&quot;&quot;,&quot;camera&quot;:&quot;&quot;,&quot;caption&quot;:&quot;&quot;,&quot;created_timestamp&quot;:&quot;0&quot;,&quot;copyright&quot;:&quot;&quot;,&quot;focal_length&quot;:&quot;0&quot;,&quot;iso&quot;:&quot;0&quot;,&quot;shutter_speed&quot;:&quot;0&quot;,&quot;title&quot;:&quot;&quot;,&quot;orientation&quot;:&quot;0&quot;}\" data-image-title=\"IMG_5061-800&amp;#215;400\" data-image-description=\"\" data-image-caption=\"\" data-medium-file=\"https:\/\/www.grieta.org.mx\/wp-content\/uploads\/2016\/07\/IMG_5061-800x400-300x150.jpg\" data-large-file=\"https:\/\/www.grieta.org.mx\/wp-content\/uploads\/2016\/07\/IMG_5061-800x400.jpg\" \/><\/a>\n\t\t\t<\/div><\/figure><figure class='gallery-item'>\n\t\t\t<div class='gallery-icon landscape'>\n\t\t\t\t<a href='https:\/\/www.grieta.org.mx\/index.php\/2016\/07\/26\/dia-4-comparte-por-la-humanidad-cideci\/img_5067-800x400\/'><img loading=\"lazy\" decoding=\"async\" width=\"300\" height=\"150\" src=\"https:\/\/www.grieta.org.mx\/wp-content\/uploads\/2016\/07\/IMG_5067-800x400-300x150.jpg\" class=\"attachment-medium size-medium\" alt=\"\" srcset=\"https:\/\/www.grieta.org.mx\/wp-content\/uploads\/2016\/07\/IMG_5067-800x400-300x150.jpg 300w, https:\/\/www.grieta.org.mx\/wp-content\/uploads\/2016\/07\/IMG_5067-800x400-768x384.jpg 768w, https:\/\/www.grieta.org.mx\/wp-content\/uploads\/2016\/07\/IMG_5067-800x400.jpg 800w\" sizes=\"auto, (max-width: 300px) 100vw, 300px\" data-attachment-id=\"17921\" data-permalink=\"https:\/\/www.grieta.org.mx\/index.php\/2016\/07\/26\/dia-4-comparte-por-la-humanidad-cideci\/img_5067-800x400\/\" data-orig-file=\"https:\/\/www.grieta.org.mx\/wp-content\/uploads\/2016\/07\/IMG_5067-800x400.jpg\" data-orig-size=\"800,400\" data-comments-opened=\"0\" data-image-meta=\"{&quot;aperture&quot;:&quot;0&quot;,&quot;credit&quot;:&quot;&quot;,&quot;camera&quot;:&quot;&quot;,&quot;caption&quot;:&quot;&quot;,&quot;created_timestamp&quot;:&quot;0&quot;,&quot;copyright&quot;:&quot;&quot;,&quot;focal_length&quot;:&quot;0&quot;,&quot;iso&quot;:&quot;0&quot;,&quot;shutter_speed&quot;:&quot;0&quot;,&quot;title&quot;:&quot;&quot;,&quot;orientation&quot;:&quot;0&quot;}\" data-image-title=\"IMG_5067-800&amp;#215;400\" data-image-description=\"\" data-image-caption=\"\" data-medium-file=\"https:\/\/www.grieta.org.mx\/wp-content\/uploads\/2016\/07\/IMG_5067-800x400-300x150.jpg\" data-large-file=\"https:\/\/www.grieta.org.mx\/wp-content\/uploads\/2016\/07\/IMG_5067-800x400.jpg\" \/><\/a>\n\t\t\t<\/div><\/figure><figure class='gallery-item'>\n\t\t\t<div class='gallery-icon landscape'>\n\t\t\t\t<a href='https:\/\/www.grieta.org.mx\/index.php\/2016\/07\/26\/dia-4-comparte-por-la-humanidad-cideci\/img_5076-800x400\/'><img loading=\"lazy\" decoding=\"async\" width=\"300\" height=\"150\" src=\"https:\/\/www.grieta.org.mx\/wp-content\/uploads\/2016\/07\/IMG_5076-800x400-300x150.jpg\" class=\"attachment-medium size-medium\" alt=\"\" srcset=\"https:\/\/www.grieta.org.mx\/wp-content\/uploads\/2016\/07\/IMG_5076-800x400-300x150.jpg 300w, https:\/\/www.grieta.org.mx\/wp-content\/uploads\/2016\/07\/IMG_5076-800x400-768x384.jpg 768w, https:\/\/www.grieta.org.mx\/wp-content\/uploads\/2016\/07\/IMG_5076-800x400.jpg 800w\" sizes=\"auto, (max-width: 300px) 100vw, 300px\" data-attachment-id=\"17922\" data-permalink=\"https:\/\/www.grieta.org.mx\/index.php\/2016\/07\/26\/dia-4-comparte-por-la-humanidad-cideci\/img_5076-800x400\/\" data-orig-file=\"https:\/\/www.grieta.org.mx\/wp-content\/uploads\/2016\/07\/IMG_5076-800x400.jpg\" data-orig-size=\"800,400\" data-comments-opened=\"0\" data-image-meta=\"{&quot;aperture&quot;:&quot;0&quot;,&quot;credit&quot;:&quot;&quot;,&quot;camera&quot;:&quot;&quot;,&quot;caption&quot;:&quot;&quot;,&quot;created_timestamp&quot;:&quot;0&quot;,&quot;copyright&quot;:&quot;&quot;,&quot;focal_length&quot;:&quot;0&quot;,&quot;iso&quot;:&quot;0&quot;,&quot;shutter_speed&quot;:&quot;0&quot;,&quot;title&quot;:&quot;&quot;,&quot;orientation&quot;:&quot;0&quot;}\" data-image-title=\"IMG_5076-800&amp;#215;400\" data-image-description=\"\" data-image-caption=\"\" data-medium-file=\"https:\/\/www.grieta.org.mx\/wp-content\/uploads\/2016\/07\/IMG_5076-800x400-300x150.jpg\" data-large-file=\"https:\/\/www.grieta.org.mx\/wp-content\/uploads\/2016\/07\/IMG_5076-800x400.jpg\" \/><\/a>\n\t\t\t<\/div><\/figure><figure class='gallery-item'>\n\t\t\t<div class='gallery-icon landscape'>\n\t\t\t\t<a href='https:\/\/www.grieta.org.mx\/index.php\/2016\/07\/26\/dia-4-comparte-por-la-humanidad-cideci\/img_5078-800x400\/'><img loading=\"lazy\" decoding=\"async\" width=\"300\" height=\"150\" src=\"https:\/\/www.grieta.org.mx\/wp-content\/uploads\/2016\/07\/IMG_5078-800x400-300x150.jpg\" class=\"attachment-medium size-medium\" alt=\"\" srcset=\"https:\/\/www.grieta.org.mx\/wp-content\/uploads\/2016\/07\/IMG_5078-800x400-300x150.jpg 300w, https:\/\/www.grieta.org.mx\/wp-content\/uploads\/2016\/07\/IMG_5078-800x400-768x384.jpg 768w, https:\/\/www.grieta.org.mx\/wp-content\/uploads\/2016\/07\/IMG_5078-800x400.jpg 800w\" sizes=\"auto, (max-width: 300px) 100vw, 300px\" data-attachment-id=\"17923\" data-permalink=\"https:\/\/www.grieta.org.mx\/index.php\/2016\/07\/26\/dia-4-comparte-por-la-humanidad-cideci\/img_5078-800x400\/\" data-orig-file=\"https:\/\/www.grieta.org.mx\/wp-content\/uploads\/2016\/07\/IMG_5078-800x400.jpg\" data-orig-size=\"800,400\" data-comments-opened=\"0\" data-image-meta=\"{&quot;aperture&quot;:&quot;0&quot;,&quot;credit&quot;:&quot;&quot;,&quot;camera&quot;:&quot;&quot;,&quot;caption&quot;:&quot;&quot;,&quot;created_timestamp&quot;:&quot;0&quot;,&quot;copyright&quot;:&quot;&quot;,&quot;focal_length&quot;:&quot;0&quot;,&quot;iso&quot;:&quot;0&quot;,&quot;shutter_speed&quot;:&quot;0&quot;,&quot;title&quot;:&quot;&quot;,&quot;orientation&quot;:&quot;0&quot;}\" data-image-title=\"IMG_5078-800&amp;#215;400\" data-image-description=\"\" data-image-caption=\"\" data-medium-file=\"https:\/\/www.grieta.org.mx\/wp-content\/uploads\/2016\/07\/IMG_5078-800x400-300x150.jpg\" data-large-file=\"https:\/\/www.grieta.org.mx\/wp-content\/uploads\/2016\/07\/IMG_5078-800x400.jpg\" \/><\/a>\n\t\t\t<\/div><\/figure><figure class='gallery-item'>\n\t\t\t<div class='gallery-icon landscape'>\n\t\t\t\t<a href='https:\/\/www.grieta.org.mx\/index.php\/2016\/07\/26\/dia-4-comparte-por-la-humanidad-cideci\/img_5079-800x400\/'><img loading=\"lazy\" decoding=\"async\" width=\"300\" height=\"150\" src=\"https:\/\/www.grieta.org.mx\/wp-content\/uploads\/2016\/07\/IMG_5079-800x400-300x150.jpg\" class=\"attachment-medium size-medium\" alt=\"\" srcset=\"https:\/\/www.grieta.org.mx\/wp-content\/uploads\/2016\/07\/IMG_5079-800x400-300x150.jpg 300w, https:\/\/www.grieta.org.mx\/wp-content\/uploads\/2016\/07\/IMG_5079-800x400-768x384.jpg 768w, https:\/\/www.grieta.org.mx\/wp-content\/uploads\/2016\/07\/IMG_5079-800x400.jpg 800w\" sizes=\"auto, (max-width: 300px) 100vw, 300px\" data-attachment-id=\"17924\" data-permalink=\"https:\/\/www.grieta.org.mx\/index.php\/2016\/07\/26\/dia-4-comparte-por-la-humanidad-cideci\/img_5079-800x400\/\" data-orig-file=\"https:\/\/www.grieta.org.mx\/wp-content\/uploads\/2016\/07\/IMG_5079-800x400.jpg\" data-orig-size=\"800,400\" data-comments-opened=\"0\" data-image-meta=\"{&quot;aperture&quot;:&quot;0&quot;,&quot;credit&quot;:&quot;&quot;,&quot;camera&quot;:&quot;&quot;,&quot;caption&quot;:&quot;&quot;,&quot;created_timestamp&quot;:&quot;0&quot;,&quot;copyright&quot;:&quot;&quot;,&quot;focal_length&quot;:&quot;0&quot;,&quot;iso&quot;:&quot;0&quot;,&quot;shutter_speed&quot;:&quot;0&quot;,&quot;title&quot;:&quot;&quot;,&quot;orientation&quot;:&quot;0&quot;}\" data-image-title=\"IMG_5079-800&amp;#215;400\" data-image-description=\"\" data-image-caption=\"\" data-medium-file=\"https:\/\/www.grieta.org.mx\/wp-content\/uploads\/2016\/07\/IMG_5079-800x400-300x150.jpg\" data-large-file=\"https:\/\/www.grieta.org.mx\/wp-content\/uploads\/2016\/07\/IMG_5079-800x400.jpg\" \/><\/a>\n\t\t\t<\/div><\/figure><figure class='gallery-item'>\n\t\t\t<div class='gallery-icon landscape'>\n\t\t\t\t<a href='https:\/\/www.grieta.org.mx\/index.php\/2016\/07\/26\/dia-4-comparte-por-la-humanidad-cideci\/img_5092-800x400\/'><img loading=\"lazy\" decoding=\"async\" width=\"300\" height=\"150\" src=\"https:\/\/www.grieta.org.mx\/wp-content\/uploads\/2016\/07\/IMG_5092-800x400-300x150.jpg\" class=\"attachment-medium size-medium\" alt=\"\" srcset=\"https:\/\/www.grieta.org.mx\/wp-content\/uploads\/2016\/07\/IMG_5092-800x400-300x150.jpg 300w, https:\/\/www.grieta.org.mx\/wp-content\/uploads\/2016\/07\/IMG_5092-800x400-768x384.jpg 768w, https:\/\/www.grieta.org.mx\/wp-content\/uploads\/2016\/07\/IMG_5092-800x400.jpg 800w\" sizes=\"auto, (max-width: 300px) 100vw, 300px\" data-attachment-id=\"17925\" data-permalink=\"https:\/\/www.grieta.org.mx\/index.php\/2016\/07\/26\/dia-4-comparte-por-la-humanidad-cideci\/img_5092-800x400\/\" data-orig-file=\"https:\/\/www.grieta.org.mx\/wp-content\/uploads\/2016\/07\/IMG_5092-800x400.jpg\" data-orig-size=\"800,400\" data-comments-opened=\"0\" data-image-meta=\"{&quot;aperture&quot;:&quot;0&quot;,&quot;credit&quot;:&quot;&quot;,&quot;camera&quot;:&quot;&quot;,&quot;caption&quot;:&quot;&quot;,&quot;created_timestamp&quot;:&quot;0&quot;,&quot;copyright&quot;:&quot;&quot;,&quot;focal_length&quot;:&quot;0&quot;,&quot;iso&quot;:&quot;0&quot;,&quot;shutter_speed&quot;:&quot;0&quot;,&quot;title&quot;:&quot;&quot;,&quot;orientation&quot;:&quot;0&quot;}\" data-image-title=\"IMG_5092-800&amp;#215;400\" data-image-description=\"\" data-image-caption=\"\" data-medium-file=\"https:\/\/www.grieta.org.mx\/wp-content\/uploads\/2016\/07\/IMG_5092-800x400-300x150.jpg\" data-large-file=\"https:\/\/www.grieta.org.mx\/wp-content\/uploads\/2016\/07\/IMG_5092-800x400.jpg\" \/><\/a>\n\t\t\t<\/div><\/figure><figure class='gallery-item'>\n\t\t\t<div class='gallery-icon landscape'>\n\t\t\t\t<a href='https:\/\/www.grieta.org.mx\/index.php\/2016\/07\/26\/dia-4-comparte-por-la-humanidad-cideci\/img_5106-800x400\/'><img loading=\"lazy\" decoding=\"async\" width=\"300\" height=\"150\" src=\"https:\/\/www.grieta.org.mx\/wp-content\/uploads\/2016\/07\/IMG_5106-800x400-300x150.jpg\" class=\"attachment-medium size-medium\" alt=\"\" srcset=\"https:\/\/www.grieta.org.mx\/wp-content\/uploads\/2016\/07\/IMG_5106-800x400-300x150.jpg 300w, https:\/\/www.grieta.org.mx\/wp-content\/uploads\/2016\/07\/IMG_5106-800x400-768x384.jpg 768w, https:\/\/www.grieta.org.mx\/wp-content\/uploads\/2016\/07\/IMG_5106-800x400.jpg 800w\" sizes=\"auto, (max-width: 300px) 100vw, 300px\" data-attachment-id=\"17926\" data-permalink=\"https:\/\/www.grieta.org.mx\/index.php\/2016\/07\/26\/dia-4-comparte-por-la-humanidad-cideci\/img_5106-800x400\/\" data-orig-file=\"https:\/\/www.grieta.org.mx\/wp-content\/uploads\/2016\/07\/IMG_5106-800x400.jpg\" data-orig-size=\"800,400\" data-comments-opened=\"0\" data-image-meta=\"{&quot;aperture&quot;:&quot;0&quot;,&quot;credit&quot;:&quot;&quot;,&quot;camera&quot;:&quot;&quot;,&quot;caption&quot;:&quot;&quot;,&quot;created_timestamp&quot;:&quot;0&quot;,&quot;copyright&quot;:&quot;&quot;,&quot;focal_length&quot;:&quot;0&quot;,&quot;iso&quot;:&quot;0&quot;,&quot;shutter_speed&quot;:&quot;0&quot;,&quot;title&quot;:&quot;&quot;,&quot;orientation&quot;:&quot;0&quot;}\" data-image-title=\"IMG_5106-800&amp;#215;400\" data-image-description=\"\" data-image-caption=\"\" data-medium-file=\"https:\/\/www.grieta.org.mx\/wp-content\/uploads\/2016\/07\/IMG_5106-800x400-300x150.jpg\" data-large-file=\"https:\/\/www.grieta.org.mx\/wp-content\/uploads\/2016\/07\/IMG_5106-800x400.jpg\" \/><\/a>\n\t\t\t<\/div><\/figure><figure class='gallery-item'>\n\t\t\t<div class='gallery-icon landscape'>\n\t\t\t\t<a href='https:\/\/www.grieta.org.mx\/index.php\/2016\/07\/26\/dia-4-comparte-por-la-humanidad-cideci\/img_5133-800x400\/'><img loading=\"lazy\" decoding=\"async\" width=\"300\" height=\"150\" src=\"https:\/\/www.grieta.org.mx\/wp-content\/uploads\/2016\/07\/IMG_5133-800x400-300x150.jpg\" class=\"attachment-medium size-medium\" alt=\"\" srcset=\"https:\/\/www.grieta.org.mx\/wp-content\/uploads\/2016\/07\/IMG_5133-800x400-300x150.jpg 300w, https:\/\/www.grieta.org.mx\/wp-content\/uploads\/2016\/07\/IMG_5133-800x400-768x384.jpg 768w, https:\/\/www.grieta.org.mx\/wp-content\/uploads\/2016\/07\/IMG_5133-800x400.jpg 800w\" sizes=\"auto, (max-width: 300px) 100vw, 300px\" data-attachment-id=\"17927\" data-permalink=\"https:\/\/www.grieta.org.mx\/index.php\/2016\/07\/26\/dia-4-comparte-por-la-humanidad-cideci\/img_5133-800x400\/\" data-orig-file=\"https:\/\/www.grieta.org.mx\/wp-content\/uploads\/2016\/07\/IMG_5133-800x400.jpg\" data-orig-size=\"800,400\" data-comments-opened=\"0\" data-image-meta=\"{&quot;aperture&quot;:&quot;0&quot;,&quot;credit&quot;:&quot;&quot;,&quot;camera&quot;:&quot;&quot;,&quot;caption&quot;:&quot;&quot;,&quot;created_timestamp&quot;:&quot;0&quot;,&quot;copyright&quot;:&quot;&quot;,&quot;focal_length&quot;:&quot;0&quot;,&quot;iso&quot;:&quot;0&quot;,&quot;shutter_speed&quot;:&quot;0&quot;,&quot;title&quot;:&quot;&quot;,&quot;orientation&quot;:&quot;0&quot;}\" data-image-title=\"IMG_5133-800&amp;#215;400\" data-image-description=\"\" data-image-caption=\"\" data-medium-file=\"https:\/\/www.grieta.org.mx\/wp-content\/uploads\/2016\/07\/IMG_5133-800x400-300x150.jpg\" data-large-file=\"https:\/\/www.grieta.org.mx\/wp-content\/uploads\/2016\/07\/IMG_5133-800x400.jpg\" \/><\/a>\n\t\t\t<\/div><\/figure><figure class='gallery-item'>\n\t\t\t<div class='gallery-icon landscape'>\n\t\t\t\t<a href='https:\/\/www.grieta.org.mx\/index.php\/2016\/07\/26\/dia-4-comparte-por-la-humanidad-cideci\/img_5146-800x400\/'><img loading=\"lazy\" decoding=\"async\" width=\"300\" height=\"150\" src=\"https:\/\/www.grieta.org.mx\/wp-content\/uploads\/2016\/07\/IMG_5146-800x400-300x150.jpg\" class=\"attachment-medium size-medium\" alt=\"\" srcset=\"https:\/\/www.grieta.org.mx\/wp-content\/uploads\/2016\/07\/IMG_5146-800x400-300x150.jpg 300w, https:\/\/www.grieta.org.mx\/wp-content\/uploads\/2016\/07\/IMG_5146-800x400-768x384.jpg 768w, https:\/\/www.grieta.org.mx\/wp-content\/uploads\/2016\/07\/IMG_5146-800x400.jpg 800w\" sizes=\"auto, (max-width: 300px) 100vw, 300px\" data-attachment-id=\"17928\" data-permalink=\"https:\/\/www.grieta.org.mx\/index.php\/2016\/07\/26\/dia-4-comparte-por-la-humanidad-cideci\/img_5146-800x400\/\" data-orig-file=\"https:\/\/www.grieta.org.mx\/wp-content\/uploads\/2016\/07\/IMG_5146-800x400.jpg\" data-orig-size=\"800,400\" data-comments-opened=\"0\" data-image-meta=\"{&quot;aperture&quot;:&quot;0&quot;,&quot;credit&quot;:&quot;&quot;,&quot;camera&quot;:&quot;&quot;,&quot;caption&quot;:&quot;&quot;,&quot;created_timestamp&quot;:&quot;0&quot;,&quot;copyright&quot;:&quot;&quot;,&quot;focal_length&quot;:&quot;0&quot;,&quot;iso&quot;:&quot;0&quot;,&quot;shutter_speed&quot;:&quot;0&quot;,&quot;title&quot;:&quot;&quot;,&quot;orientation&quot;:&quot;0&quot;}\" data-image-title=\"IMG_5146-800&amp;#215;400\" data-image-description=\"\" data-image-caption=\"\" data-medium-file=\"https:\/\/www.grieta.org.mx\/wp-content\/uploads\/2016\/07\/IMG_5146-800x400-300x150.jpg\" data-large-file=\"https:\/\/www.grieta.org.mx\/wp-content\/uploads\/2016\/07\/IMG_5146-800x400.jpg\" \/><\/a>\n\t\t\t<\/div><\/figure><figure class='gallery-item'>\n\t\t\t<div class='gallery-icon landscape'>\n\t\t\t\t<a href='https:\/\/www.grieta.org.mx\/index.php\/2016\/07\/26\/dia-4-comparte-por-la-humanidad-cideci\/img_5170-800x400\/'><img loading=\"lazy\" decoding=\"async\" width=\"300\" height=\"150\" src=\"https:\/\/www.grieta.org.mx\/wp-content\/uploads\/2016\/07\/IMG_5170-800x400-300x150.jpg\" class=\"attachment-medium size-medium\" alt=\"\" srcset=\"https:\/\/www.grieta.org.mx\/wp-content\/uploads\/2016\/07\/IMG_5170-800x400-300x150.jpg 300w, https:\/\/www.grieta.org.mx\/wp-content\/uploads\/2016\/07\/IMG_5170-800x400-768x384.jpg 768w, https:\/\/www.grieta.org.mx\/wp-content\/uploads\/2016\/07\/IMG_5170-800x400.jpg 800w\" sizes=\"auto, (max-width: 300px) 100vw, 300px\" data-attachment-id=\"17929\" data-permalink=\"https:\/\/www.grieta.org.mx\/index.php\/2016\/07\/26\/dia-4-comparte-por-la-humanidad-cideci\/img_5170-800x400\/\" data-orig-file=\"https:\/\/www.grieta.org.mx\/wp-content\/uploads\/2016\/07\/IMG_5170-800x400.jpg\" data-orig-size=\"800,400\" data-comments-opened=\"0\" data-image-meta=\"{&quot;aperture&quot;:&quot;0&quot;,&quot;credit&quot;:&quot;&quot;,&quot;camera&quot;:&quot;&quot;,&quot;caption&quot;:&quot;&quot;,&quot;created_timestamp&quot;:&quot;0&quot;,&quot;copyright&quot;:&quot;&quot;,&quot;focal_length&quot;:&quot;0&quot;,&quot;iso&quot;:&quot;0&quot;,&quot;shutter_speed&quot;:&quot;0&quot;,&quot;title&quot;:&quot;&quot;,&quot;orientation&quot;:&quot;0&quot;}\" data-image-title=\"IMG_5170-800&amp;#215;400\" data-image-description=\"\" data-image-caption=\"\" data-medium-file=\"https:\/\/www.grieta.org.mx\/wp-content\/uploads\/2016\/07\/IMG_5170-800x400-300x150.jpg\" data-large-file=\"https:\/\/www.grieta.org.mx\/wp-content\/uploads\/2016\/07\/IMG_5170-800x400.jpg\" \/><\/a>\n\t\t\t<\/div><\/figure><figure class='gallery-item'>\n\t\t\t<div class='gallery-icon landscape'>\n\t\t\t\t<a href='https:\/\/www.grieta.org.mx\/index.php\/2016\/07\/26\/dia-4-comparte-por-la-humanidad-cideci\/img_5185-800x400\/'><img loading=\"lazy\" decoding=\"async\" width=\"300\" height=\"150\" src=\"https:\/\/www.grieta.org.mx\/wp-content\/uploads\/2016\/07\/IMG_5185-800x400-300x150.jpg\" class=\"attachment-medium size-medium\" alt=\"\" srcset=\"https:\/\/www.grieta.org.mx\/wp-content\/uploads\/2016\/07\/IMG_5185-800x400-300x150.jpg 300w, https:\/\/www.grieta.org.mx\/wp-content\/uploads\/2016\/07\/IMG_5185-800x400-768x384.jpg 768w, https:\/\/www.grieta.org.mx\/wp-content\/uploads\/2016\/07\/IMG_5185-800x400.jpg 800w\" sizes=\"auto, (max-width: 300px) 100vw, 300px\" data-attachment-id=\"17930\" data-permalink=\"https:\/\/www.grieta.org.mx\/index.php\/2016\/07\/26\/dia-4-comparte-por-la-humanidad-cideci\/img_5185-800x400\/\" data-orig-file=\"https:\/\/www.grieta.org.mx\/wp-content\/uploads\/2016\/07\/IMG_5185-800x400.jpg\" data-orig-size=\"800,400\" data-comments-opened=\"0\" data-image-meta=\"{&quot;aperture&quot;:&quot;0&quot;,&quot;credit&quot;:&quot;&quot;,&quot;camera&quot;:&quot;&quot;,&quot;caption&quot;:&quot;&quot;,&quot;created_timestamp&quot;:&quot;0&quot;,&quot;copyright&quot;:&quot;&quot;,&quot;focal_length&quot;:&quot;0&quot;,&quot;iso&quot;:&quot;0&quot;,&quot;shutter_speed&quot;:&quot;0&quot;,&quot;title&quot;:&quot;&quot;,&quot;orientation&quot;:&quot;0&quot;}\" data-image-title=\"IMG_5185-800&amp;#215;400\" data-image-description=\"\" data-image-caption=\"\" data-medium-file=\"https:\/\/www.grieta.org.mx\/wp-content\/uploads\/2016\/07\/IMG_5185-800x400-300x150.jpg\" data-large-file=\"https:\/\/www.grieta.org.mx\/wp-content\/uploads\/2016\/07\/IMG_5185-800x400.jpg\" \/><\/a>\n\t\t\t<\/div><\/figure>\n\t\t<\/div>\n\n<p>Martes 26 de julio.- Jovel-San Crist\u00f3bal de Las Casas, Chiapas. Es el cuarto d\u00eda de presentaciones en el #CompArte por la Humanidad y las palabras siguen quedando cortas para transmitir la experiencia de esta compartici\u00f3n. El esfuerzo, \u00e1nimo, energ\u00eda, rabia y amor puesto en com\u00fan por las compa\u00f1eras, compa\u00f1eros y compa\u00f1eroas, as\u00ed como sus reflexiones hechas cuerpo, movimiento, nos trasladan entre los laberintos de la experiencia humana que logra agrietar los muros de la opresi\u00f3n.<\/p>\n<p>Seguimos con el \u00e1nimo de seguir compartiendo el arte por la humanidad, por la vida, por el ser compa y es as\u00ed como desde diferentes geograf\u00edas nos reunimos en el CIDECI-unitierra, para aprender, observar, sentir, o\u00edr, oler y respirar las diferentes formas, colores y sabores de lucha, de resistencia y de alegr\u00edas de compartir y seguir caminando juntos en la construcci\u00f3n de un otro mundo mejor.<\/p>\n<p>Nuevamente les hacemos llegar esta entrega con algunos trazos de lo que hemos podido recoger de entre la enorme cantidad de trabajos que se contin\u00faan haciendo presentes en los diferentes espacios de esta otra Universidad, parida por esta Tierra, el Chiapas digno, de abajo. Estos audios y fotos se los compartimos para que como las piezas de arte que han presentado nuestros compas artistas circulen como una propiedad colectiva de todas y todos.<\/p>\n<p>Este 26 de Julio, Batallones Femeninos son\u00f3 rimas feministas combativas y mostr\u00f3 las ansias locas de asaltar el cielo y romper el asfalto. Adem\u00e1s, Batallones cant\u00f3 por Ayotzinapa y compArti\u00f3 que al mirarnos a los ojos podemos fluir como los arroyos en esta vida que duele:<\/p>\n<p>(entrevista)<\/p>\n<audio class=\"wp-audio-shortcode\" id=\"audio-17887-1\" preload=\"none\" style=\"width: 100%;\" controls=\"controls\"><source type=\"audio\/mpeg\" src=\"http:\/\/radiozapatista.org\/Audios\/rzchiapas\/batallonesfemeninos.mp3?_=1\" \/><a href=\"http:\/\/radiozapatista.org\/Audios\/rzchiapas\/batallonesfemeninos.mp3\">http:\/\/radiozapatista.org\/Audios\/rzchiapas\/batallonesfemeninos.mp3<\/a><\/audio>\n<p>(intervenci\u00f3n\/participaci\u00f3n)<\/p>\n<audio class=\"wp-audio-shortcode\" id=\"audio-17887-2\" preload=\"none\" style=\"width: 100%;\" controls=\"controls\"><source type=\"audio\/mpeg\" src=\"http:\/\/radiozapatista.org\/Audios\/rzchiapas\/batallonesuno.mp3?_=2\" \/><a href=\"http:\/\/radiozapatista.org\/Audios\/rzchiapas\/batallonesuno.mp3\">http:\/\/radiozapatista.org\/Audios\/rzchiapas\/batallonesuno.mp3<\/a><\/audio>\n<p>&nbsp;<\/p>\n<audio class=\"wp-audio-shortcode\" id=\"audio-17887-3\" preload=\"none\" style=\"width: 100%;\" controls=\"controls\"><source type=\"audio\/mpeg\" src=\"http:\/\/radiozapatista.org\/Audios\/rzchiapas\/batallonesdos.mp3?_=3\" \/><a href=\"http:\/\/radiozapatista.org\/Audios\/rzchiapas\/batallonesdos.mp3\">http:\/\/radiozapatista.org\/Audios\/rzchiapas\/batallonesdos.mp3<\/a><\/audio>\n<p>&nbsp;<\/p>\n<p>Con sus composiciones, Miguel Alzerreka mostr\u00f3 que el arte da sentido y fuerza a lo que hacemos:<\/p>\n<p>(entrevista)<\/p>\n<p><audio class=\"wp-audio-shortcode\" id=\"audio-17887-4\" preload=\"none\" style=\"width: 100%;\" controls=\"controls\"><source type=\"audio\/mpeg\" src=\"http:\/\/radiozapatista.org\/Audios\/rzchiapas\/charlamiguel.mp3?_=4\" \/><a href=\"http:\/\/radiozapatista.org\/Audios\/rzchiapas\/charlamiguel.mp3\">http:\/\/radiozapatista.org\/Audios\/rzchiapas\/charlamiguel.mp3<\/a><\/audio><br \/>\n(intervenci\u00f3n\/participaci\u00f3n)<\/p>\n<audio class=\"wp-audio-shortcode\" id=\"audio-17887-5\" preload=\"none\" style=\"width: 100%;\" controls=\"controls\"><source type=\"audio\/mpeg\" src=\"http:\/\/radiozapatista.org\/Audios\/rzchiapas\/miguelalzerrekauno.mp3?_=5\" \/><a href=\"http:\/\/radiozapatista.org\/Audios\/rzchiapas\/miguelalzerrekauno.mp3\">http:\/\/radiozapatista.org\/Audios\/rzchiapas\/miguelalzerrekauno.mp3<\/a><\/audio>\n<p>&nbsp;<\/p>\n<p>Desde Puebla, Itzel S\u00e1nchez y el Grupo Teatro de lxs Oprimidxs compartieron la pieza \u201cMujeres de a Pie: comunidades sin fronteras\u201d:<\/p>\n<p>(entrevista)<\/p>\n<audio class=\"wp-audio-shortcode\" id=\"audio-17887-6\" preload=\"none\" style=\"width: 100%;\" controls=\"controls\"><source type=\"audio\/mpeg\" src=\"http:\/\/radiozapatista.org\/Audios\/rzchiapas\/itzelsanchez.mp3?_=6\" \/><a href=\"http:\/\/radiozapatista.org\/Audios\/rzchiapas\/itzelsanchez.mp3\">http:\/\/radiozapatista.org\/Audios\/rzchiapas\/itzelsanchez.mp3<\/a><\/audio>\n<p>&nbsp;<\/p>\n<p>Con la Anatom\u00eda de un campo minado, Paola Pilati conjur\u00f3 la opresi\u00f3n y la violencia que combatimos en Uruguay y en todos lados:<\/p>\n<p>(entrevista)<\/p>\n<audio class=\"wp-audio-shortcode\" id=\"audio-17887-7\" preload=\"none\" style=\"width: 100%;\" controls=\"controls\"><source type=\"audio\/mpeg\" src=\"http:\/\/radiozapatista.org\/Audios\/rzchiapas\/paolapilati.mp3?_=7\" \/><a href=\"http:\/\/radiozapatista.org\/Audios\/rzchiapas\/paolapilati.mp3\">http:\/\/radiozapatista.org\/Audios\/rzchiapas\/paolapilati.mp3<\/a><\/audio>\n<p>&nbsp;<\/p>\n<p>Desde la sierra de C\u00f3rdoba, Jos\u00e9 Luis Aguirre comparti\u00f3 cuecas y m\u00fasica folclorica argentina:<\/p>\n<p>(entrevista)<\/p>\n<p><audio class=\"wp-audio-shortcode\" id=\"audio-17887-8\" preload=\"none\" style=\"width: 100%;\" controls=\"controls\"><source type=\"audio\/mpeg\" src=\"http:\/\/radiozapatista.org\/Audios\/rzchiapas\/joseluisaguirre.mp3?_=8\" \/><a href=\"http:\/\/radiozapatista.org\/Audios\/rzchiapas\/joseluisaguirre.mp3\">http:\/\/radiozapatista.org\/Audios\/rzchiapas\/joseluisaguirre.mp3<\/a><\/audio><br \/>\n(intervenci\u00f3n\/participaci\u00f3n)<\/p>\n<audio class=\"wp-audio-shortcode\" id=\"audio-17887-9\" preload=\"none\" style=\"width: 100%;\" controls=\"controls\"><source type=\"audio\/mpeg\" src=\"http:\/\/radiozapatista.org\/Audios\/rzchiapas\/folkloricaargentina.mp3?_=9\" \/><a href=\"http:\/\/radiozapatista.org\/Audios\/rzchiapas\/folkloricaargentina.mp3\">http:\/\/radiozapatista.org\/Audios\/rzchiapas\/folkloricaargentina.mp3<\/a><\/audio>\n<p>&nbsp;<\/p>\n<audio class=\"wp-audio-shortcode\" id=\"audio-17887-10\" preload=\"none\" style=\"width: 100%;\" controls=\"controls\"><source type=\"audio\/mpeg\" src=\"http:\/\/radiozapatista.org\/Audios\/rzchiapas\/folkloricaargentinados.mp3?_=10\" \/><a href=\"http:\/\/radiozapatista.org\/Audios\/rzchiapas\/folkloricaargentinados.mp3\">http:\/\/radiozapatista.org\/Audios\/rzchiapas\/folkloricaargentinados.mp3<\/a><\/audio>\n<p>&nbsp;<\/p>\n<p>Desde Irapuato, Guanajuato, Lucas Booz arranc\u00f3 la jornada con trova libertaria:<\/p>\n<p>(entrevista)<\/p>\n<p><audio class=\"wp-audio-shortcode\" id=\"audio-17887-11\" preload=\"none\" style=\"width: 100%;\" controls=\"controls\"><source type=\"audio\/mpeg\" src=\"http:\/\/radiozapatista.org\/Audios\/rzchiapas\/lucasbooz.mp3?_=11\" \/><a href=\"http:\/\/radiozapatista.org\/Audios\/rzchiapas\/lucasbooz.mp3\">http:\/\/radiozapatista.org\/Audios\/rzchiapas\/lucasbooz.mp3<\/a><\/audio><br \/>\n(intervenci\u00f3n\/participaci\u00f3n)<\/p>\n<audio class=\"wp-audio-shortcode\" id=\"audio-17887-12\" preload=\"none\" style=\"width: 100%;\" controls=\"controls\"><source type=\"audio\/mpeg\" src=\"http:\/\/radiozapatista.org\/Audios\/rzchiapas\/cantaautoruno.mp3?_=12\" \/><a href=\"http:\/\/radiozapatista.org\/Audios\/rzchiapas\/cantaautoruno.mp3\">http:\/\/radiozapatista.org\/Audios\/rzchiapas\/cantaautoruno.mp3<\/a><\/audio>\n<p>&nbsp;<\/p>\n<audio class=\"wp-audio-shortcode\" id=\"audio-17887-13\" preload=\"none\" style=\"width: 100%;\" controls=\"controls\"><source type=\"audio\/mpeg\" src=\"http:\/\/radiozapatista.org\/Audios\/rzchiapas\/cantaautordos.mp3?_=13\" \/><a href=\"http:\/\/radiozapatista.org\/Audios\/rzchiapas\/cantaautordos.mp3\">http:\/\/radiozapatista.org\/Audios\/rzchiapas\/cantaautordos.mp3<\/a><\/audio>\n<p>&nbsp;<\/p>\n<p>Javier Arango y la organizaci\u00f2n Semilla, presentaron una muestra del festival Artifariti realizado en campamentos de refugiados en el desierto del Sahara:<\/p>\n<p>(entrevista)<\/p>\n<audio class=\"wp-audio-shortcode\" id=\"audio-17887-14\" preload=\"none\" style=\"width: 100%;\" controls=\"controls\"><source type=\"audio\/mpeg\" src=\"http:\/\/radiozapatista.org\/Audios\/rzchiapas\/javierarangogarfias.mp3?_=14\" \/><a href=\"http:\/\/radiozapatista.org\/Audios\/rzchiapas\/javierarangogarfias.mp3\">http:\/\/radiozapatista.org\/Audios\/rzchiapas\/javierarangogarfias.mp3<\/a><\/audio>\n<p>&nbsp;<\/p>\n<p>Desde Puebla, canci\u00f3n urbana:<\/p>\n<p>(intervenci\u00f3n\/participaci\u00f3n)<\/p>\n<audio class=\"wp-audio-shortcode\" id=\"audio-17887-15\" preload=\"none\" style=\"width: 100%;\" controls=\"controls\"><source type=\"audio\/mpeg\" src=\"http:\/\/radiozapatista.org\/Audios\/rzchiapas\/comppuebla.mp3?_=15\" \/><a href=\"http:\/\/radiozapatista.org\/Audios\/rzchiapas\/comppuebla.mp3\">http:\/\/radiozapatista.org\/Audios\/rzchiapas\/comppuebla.mp3<\/a><\/audio>\n<p>&nbsp;<\/p>\n<p>La Banda la Mixante\u00f1a de Santa Cecilia compArti\u00f3 m\u00fasica de la costa y la monta\u00f1a de Guerrero:<\/p>\n<p>(entrevista)<\/p>\n<p><audio class=\"wp-audio-shortcode\" id=\"audio-17887-16\" preload=\"none\" style=\"width: 100%;\" controls=\"controls\"><source type=\"audio\/mpeg\" src=\"http:\/\/radiozapatista.org\/Audios\/rzchiapas\/charlamixantena.mp3?_=16\" \/><a href=\"http:\/\/radiozapatista.org\/Audios\/rzchiapas\/charlamixantena.mp3\">http:\/\/radiozapatista.org\/Audios\/rzchiapas\/charlamixantena.mp3<\/a><\/audio><br \/>\n(intervenci\u00f3n\/participaci\u00f3n)<\/p>\n<audio class=\"wp-audio-shortcode\" id=\"audio-17887-17\" preload=\"none\" style=\"width: 100%;\" controls=\"controls\"><source type=\"audio\/mpeg\" src=\"http:\/\/radiozapatista.org\/Audios\/rzchiapas\/costachicauno.mp3?_=17\" \/><a href=\"http:\/\/radiozapatista.org\/Audios\/rzchiapas\/costachicauno.mp3\">http:\/\/radiozapatista.org\/Audios\/rzchiapas\/costachicauno.mp3<\/a><\/audio>\n<p>&nbsp;<\/p>\n<audio class=\"wp-audio-shortcode\" id=\"audio-17887-18\" preload=\"none\" style=\"width: 100%;\" controls=\"controls\"><source type=\"audio\/mpeg\" src=\"http:\/\/radiozapatista.org\/Audios\/rzchiapas\/costachicados.mp3?_=18\" \/><a href=\"http:\/\/radiozapatista.org\/Audios\/rzchiapas\/costachicados.mp3\">http:\/\/radiozapatista.org\/Audios\/rzchiapas\/costachicados.mp3<\/a><\/audio>\n<p>&nbsp;<\/p>\n<p>Tras un a\u00f1o y medio de gira latinoamericana, Alicia y Ezequiel del proyecto argentino Del Mate compArtieron una fusi\u00f3n \u00e1gil y alegre de clown, malabares, t\u00edteres, fantoche y m\u00fasica:<\/p>\n<p>(entrevista)<\/p>\n<audio class=\"wp-audio-shortcode\" id=\"audio-17887-19\" preload=\"none\" style=\"width: 100%;\" controls=\"controls\"><source type=\"audio\/mpeg\" src=\"http:\/\/radiozapatista.org\/Audios\/rzchiapas\/delmate.mp3?_=19\" \/><a href=\"http:\/\/radiozapatista.org\/Audios\/rzchiapas\/delmate.mp3\">http:\/\/radiozapatista.org\/Audios\/rzchiapas\/delmate.mp3<\/a><\/audio>\n<p>&nbsp;<\/p>\n<p>En su primera aparici\u00f3n p\u00fablica, el colectivo \u201cDos que tres\u201d del Estado de M\u00e9xico present\u00f3 narrativa de un autor \u201can\u00f3nimo\u201d y trova latinoamericana:<\/p>\n<p>(entrevista)<\/p>\n<audio class=\"wp-audio-shortcode\" id=\"audio-17887-20\" preload=\"none\" style=\"width: 100%;\" controls=\"controls\"><source type=\"audio\/mpeg\" src=\"http:\/\/radiozapatista.org\/Audios\/rzchiapas\/dosquetres.mp3?_=20\" \/><a href=\"http:\/\/radiozapatista.org\/Audios\/rzchiapas\/dosquetres.mp3\">http:\/\/radiozapatista.org\/Audios\/rzchiapas\/dosquetres.mp3<\/a><\/audio>\n<p>&nbsp;<\/p>\n<p>Tras conocer CIDECI y el primer d\u00eda del CompArte, Jos\u00e9 Esquivel regres\u00f3 a Toluca por su saxof\u00f3n para traerlo consigo y poder interpetar este d\u00eda composiciones como \u201cAgua de beber\u201d:<\/p>\n<p>(intervenci\u00f3n\/partiipaci\u00f3n)<\/p>\n<audio class=\"wp-audio-shortcode\" id=\"audio-17887-21\" preload=\"none\" style=\"width: 100%;\" controls=\"controls\"><source type=\"audio\/mpeg\" src=\"http:\/\/radiozapatista.org\/Audios\/rzchiapas\/joseesquivel.mp3?_=21\" \/><a href=\"http:\/\/radiozapatista.org\/Audios\/rzchiapas\/joseesquivel.mp3\">http:\/\/radiozapatista.org\/Audios\/rzchiapas\/joseesquivel.mp3<\/a><\/audio>\n<p>&nbsp;<\/p>\n<p>Jon\u00e1s L\u00f3pez Loya de Guadalajara compArti\u00f3 poemas como \u201cEl R\u00edo\u201d, \u201cR\u00edo Verde\u201d y \u201cGermen\u201d:<\/p>\n<p>(intervenci\u00f3n\/participaci\u00f3n)<\/p>\n<audio class=\"wp-audio-shortcode\" id=\"audio-17887-22\" preload=\"none\" style=\"width: 100%;\" controls=\"controls\"><source type=\"audio\/mpeg\" src=\"http:\/\/radiozapatista.org\/Audios\/rzchiapas\/poetaguadalajara.mp3?_=22\" \/><a href=\"http:\/\/radiozapatista.org\/Audios\/rzchiapas\/poetaguadalajara.mp3\">http:\/\/radiozapatista.org\/Audios\/rzchiapas\/poetaguadalajara.mp3<\/a><\/audio>\n<p>&nbsp;<\/p>\n<p>Desde la costa este de Uruguay, Sandra Petrovich viaj\u00f3 con pintura, mutaciones, manifiestos, audiovisuales y la certeza de que qui\u00e9n hace arte encuentra respuestas, construye pensamientos y se salva de algo:<\/p>\n<p>(entrevista)<\/p>\n<audio class=\"wp-audio-shortcode\" id=\"audio-17887-23\" preload=\"none\" style=\"width: 100%;\" controls=\"controls\"><source type=\"audio\/mpeg\" src=\"http:\/\/radiozapatista.org\/Audios\/rzchiapas\/sandrapetrovich.mp3?_=23\" \/><a href=\"http:\/\/radiozapatista.org\/Audios\/rzchiapas\/sandrapetrovich.mp3\">http:\/\/radiozapatista.org\/Audios\/rzchiapas\/sandrapetrovich.mp3<\/a><\/audio>\n<p>&nbsp;<\/p>\n<p>Ensamble de percusiones de San Crist\u00f3bal de las Casas:<\/p>\n<p>(intervencion\/participacion)<\/p>\n<audio class=\"wp-audio-shortcode\" id=\"audio-17887-24\" preload=\"none\" style=\"width: 100%;\" controls=\"controls\"><source type=\"audio\/mpeg\" src=\"http:\/\/radiozapatista.org\/Audios\/rzchiapas\/ensamblepercusiones.mp3?_=24\" \/><a href=\"http:\/\/radiozapatista.org\/Audios\/rzchiapas\/ensamblepercusiones.mp3\">http:\/\/radiozapatista.org\/Audios\/rzchiapas\/ensamblepercusiones.mp3<\/a><\/audio>\n<p>&nbsp;<\/p>\n<p>Casi al cerrar la jornada, el grupo Rebeli\u00f3n Skarlata compArti\u00f3 la fuerza de bailar, gritar y resistir con su m\u00fasica tzotzil:<\/p>\n<p>(intervenci\u00f3n\/participaci\u00f3n)<\/p>\n<audio class=\"wp-audio-shortcode\" id=\"audio-17887-25\" preload=\"none\" style=\"width: 100%;\" controls=\"controls\"><source type=\"audio\/mpeg\" src=\"http:\/\/radiozapatista.org\/Audios\/rzchiapas\/rebelionuno.mp3?_=25\" \/><a href=\"http:\/\/radiozapatista.org\/Audios\/rzchiapas\/rebelionuno.mp3\">http:\/\/radiozapatista.org\/Audios\/rzchiapas\/rebelionuno.mp3<\/a><\/audio>\n<p>&nbsp;<\/p>\n<audio class=\"wp-audio-shortcode\" id=\"audio-17887-26\" preload=\"none\" style=\"width: 100%;\" controls=\"controls\"><source type=\"audio\/mpeg\" src=\"http:\/\/radiozapatista.org\/Audios\/rzchiapas\/rebeliondos.mp3?_=26\" \/><a href=\"http:\/\/radiozapatista.org\/Audios\/rzchiapas\/rebeliondos.mp3\">http:\/\/radiozapatista.org\/Audios\/rzchiapas\/rebeliondos.mp3<\/a><\/audio>\n<p>&nbsp;<\/p>\n<p>Duo Perfomance Arte y Vida proyecto \u201cinmiscuir\u201d\u2026 presenta el perfomance \u201csi hablas te desaparecen\u201d<\/p>\n<audio class=\"wp-audio-shortcode\" id=\"audio-17887-27\" preload=\"none\" style=\"width: 100%;\" controls=\"controls\"><source type=\"audio\/mpeg\" src=\"http:\/\/radiozapatista.org\/Audios\/rzchiapas\/ProyectoInmiscuir.mp3.mp3?_=27\" \/><a href=\"http:\/\/radiozapatista.org\/Audios\/rzchiapas\/ProyectoInmiscuir.mp3.mp3\">http:\/\/radiozapatista.org\/Audios\/rzchiapas\/ProyectoInmiscuir.mp3.mp3<\/a><\/audio>\n<p><a href=\"http:\/\/radiozapatista.org\/?p=17044\" target=\"_blank\">http:\/\/radiozapatista.org\/?p=17044<\/a><\/p>\n","protected":false},"excerpt":{"rendered":"<p>Radio Zapatista Festival CompARTE por la humanidad 26 de julio de 2016 Cideci \/ Universidad de la Tierra Chiapas Martes 26 de julio.- Jovel-San Crist\u00f3bal de Las Casas, Chiapas. Es &hellip; <a href=\"https:\/\/www.grieta.org.mx\/index.php\/2016\/07\/26\/dia-4-comparte-por-la-humanidad-cideci\/\" class=\"more-link\">Leer m\u00e1s<\/a><\/p>\n","protected":false},"author":2,"featured_media":21928,"comment_status":"closed","ping_status":"closed","sticky":false,"template":"","format":"standard","meta":{"ngg_post_thumbnail":0,"_jetpack_newsletter_access":"","_jetpack_dont_email_post_to_subs":false,"_jetpack_newsletter_tier_id":0,"_jetpack_memberships_contains_paywalled_content":false,"_jetpack_memberships_contains_paid_content":false,"footnotes":""},"categories":[80,817],"tags":[],"class_list":["post-17887","post","type-post","status-publish","format-standard","has-post-thumbnail","hentry","category-cintillo","category-festival-comparte-por-la-humanidad","entry"],"jetpack_featured_media_url":"https:\/\/www.grieta.org.mx\/wp-content\/uploads\/2018\/03\/14524434_1106112876131411_958039263622046936_o.jpg","jetpack_sharing_enabled":true,"jetpack_shortlink":"https:\/\/wp.me\/p7ZJR4-4Ev","jetpack_likes_enabled":false,"jetpack-related-posts":[{"id":18735,"url":"https:\/\/www.grieta.org.mx\/index.php\/2016\/07\/30\/finaliza-el-festival-comparte-por-la-humanidad-en-cideci-unitierra-continua-ahora-en-los-caracoles-zapatistas\/","url_meta":{"origin":17887,"position":0},"title":"Finaliza el Festival \u201ccompARTE por la Humanidad\u201d en CIDECI-Unitierra. Contin\u00faa ahora en los caracoles zapatistas.","author":"grieta","date":"30 julio, 2016","format":false,"excerpt":"Sabado 30 de julio.- Radio Zapatista. Jovel-San Crist\u00f3bal de Las Casas, Chiapas. Finaliza el Festival \u201ccompARTE por la Humanidad\u201d en CIDECI-Unitierra, con mucha alegr\u00eda, fiesta, colores y sabores se da por terminado el festival compArte en lo que corresponde a la sede del CIDECI, ya que la fiesta, creatividad, arte\u2026","rel":"","context":"En &quot;CINTILLO&quot;","block_context":{"text":"CINTILLO","link":"https:\/\/www.grieta.org.mx\/index.php\/category\/cintillo\/"},"img":{"alt_text":"","src":"https:\/\/i0.wp.com\/www.grieta.org.mx\/wp-content\/uploads\/2018\/03\/14524434_1106112876131411_958039263622046936_o.jpg?resize=350%2C200&ssl=1","width":350,"height":200,"srcset":"https:\/\/i0.wp.com\/www.grieta.org.mx\/wp-content\/uploads\/2018\/03\/14524434_1106112876131411_958039263622046936_o.jpg?resize=350%2C200&ssl=1 1x, https:\/\/i0.wp.com\/www.grieta.org.mx\/wp-content\/uploads\/2018\/03\/14524434_1106112876131411_958039263622046936_o.jpg?resize=525%2C300&ssl=1 1.5x, https:\/\/i0.wp.com\/www.grieta.org.mx\/wp-content\/uploads\/2018\/03\/14524434_1106112876131411_958039263622046936_o.jpg?resize=700%2C400&ssl=1 2x"},"classes":[]},{"id":18402,"url":"https:\/\/www.grieta.org.mx\/index.php\/2016\/07\/31\/dia-8-comparte-por-la-humanidad-cideci\/","url_meta":{"origin":17887,"position":1},"title":"D\u00eda 8 \u2013 CompARTE por la humanidad \u2013 Cideci (Audios)","author":"grieta","date":"31 julio, 2016","format":false,"excerpt":"Radio Zapatista Festival CompARTE por la humanidad 30 de julio de 2016 Cideci \/ Universidad de la Tierra Chiapas Sabado 30 de julio.- Jovel-San Crist\u00f3bal de Las Casas, Chiapas. Finaliza el Festival \u201ccompARTE por la Humanidad\u201d en CIDECI-Unitierra, con mucha alegr\u00eda, fiesta, colores y sabores se da por terminado el\u2026","rel":"","context":"En &quot;CINTILLO&quot;","block_context":{"text":"CINTILLO","link":"https:\/\/www.grieta.org.mx\/index.php\/category\/cintillo\/"},"img":{"alt_text":"","src":"https:\/\/i0.wp.com\/www.grieta.org.mx\/wp-content\/uploads\/2018\/03\/14524434_1106112876131411_958039263622046936_o.jpg?resize=350%2C200&ssl=1","width":350,"height":200,"srcset":"https:\/\/i0.wp.com\/www.grieta.org.mx\/wp-content\/uploads\/2018\/03\/14524434_1106112876131411_958039263622046936_o.jpg?resize=350%2C200&ssl=1 1x, https:\/\/i0.wp.com\/www.grieta.org.mx\/wp-content\/uploads\/2018\/03\/14524434_1106112876131411_958039263622046936_o.jpg?resize=525%2C300&ssl=1 1.5x, https:\/\/i0.wp.com\/www.grieta.org.mx\/wp-content\/uploads\/2018\/03\/14524434_1106112876131411_958039263622046936_o.jpg?resize=700%2C400&ssl=1 2x"},"classes":[]},{"id":17621,"url":"https:\/\/www.grieta.org.mx\/index.php\/2016\/07\/24\/dia-1-comparte-por-la-humanidad-cideci\/","url_meta":{"origin":17887,"position":2},"title":"D\u00eda 1 \u2013 CompARTE por la humanidad \u2013 Cideci (Audios)","author":"grieta","date":"24 julio, 2016","format":false,"excerpt":"Radio Zapatista Festival CompARTE por la humanidad 23 de julio de 2016 Cideci \/ Universidad de la Tierra Chiapas Inicia el Festival CompArte en el Cideci-Unitierra Chiapas \u2026 \u201clas artes\u201d porque son ellas (y no la pol\u00edtica) quienes cavan en lo m\u00e1s profundo del ser humano y rescatan su esencia.\u2026","rel":"","context":"En &quot;CINTILLO&quot;","block_context":{"text":"CINTILLO","link":"https:\/\/www.grieta.org.mx\/index.php\/category\/cintillo\/"},"img":{"alt_text":"","src":"https:\/\/i0.wp.com\/www.grieta.org.mx\/wp-content\/uploads\/2018\/03\/14524434_1106112876131411_958039263622046936_o.jpg?resize=350%2C200&ssl=1","width":350,"height":200,"srcset":"https:\/\/i0.wp.com\/www.grieta.org.mx\/wp-content\/uploads\/2018\/03\/14524434_1106112876131411_958039263622046936_o.jpg?resize=350%2C200&ssl=1 1x, https:\/\/i0.wp.com\/www.grieta.org.mx\/wp-content\/uploads\/2018\/03\/14524434_1106112876131411_958039263622046936_o.jpg?resize=525%2C300&ssl=1 1.5x, https:\/\/i0.wp.com\/www.grieta.org.mx\/wp-content\/uploads\/2018\/03\/14524434_1106112876131411_958039263622046936_o.jpg?resize=700%2C400&ssl=1 2x"},"classes":[]},{"id":17636,"url":"https:\/\/www.grieta.org.mx\/index.php\/2016\/07\/24\/dia-2-comparte-por-la-humanidad-cideci\/","url_meta":{"origin":17887,"position":3},"title":"D\u00eda 2 \u2013 CompARTE por la humanidad \u2013 Cideci (Audios)","author":"grieta","date":"24 julio, 2016","format":false,"excerpt":"Radio Zapatista Festival CompARTE por la humanidad 24 de julio de 2016 Cideci \/ Universidad de la Tierra Chiapas Domingo 24 de julio.- Jovel-San Crist\u00f3bal de Las Casas, Chiapas. Durante este segundo d\u00eda del Festival #CompArte por la Humanidad continuaron las comparticiones por parte de los y las compa\u00f1eras que\u2026","rel":"","context":"En &quot;CINTILLO&quot;","block_context":{"text":"CINTILLO","link":"https:\/\/www.grieta.org.mx\/index.php\/category\/cintillo\/"},"img":{"alt_text":"","src":"https:\/\/i0.wp.com\/www.grieta.org.mx\/wp-content\/uploads\/2018\/03\/14524434_1106112876131411_958039263622046936_o.jpg?resize=350%2C200&ssl=1","width":350,"height":200,"srcset":"https:\/\/i0.wp.com\/www.grieta.org.mx\/wp-content\/uploads\/2018\/03\/14524434_1106112876131411_958039263622046936_o.jpg?resize=350%2C200&ssl=1 1x, https:\/\/i0.wp.com\/www.grieta.org.mx\/wp-content\/uploads\/2018\/03\/14524434_1106112876131411_958039263622046936_o.jpg?resize=525%2C300&ssl=1 1.5x, https:\/\/i0.wp.com\/www.grieta.org.mx\/wp-content\/uploads\/2018\/03\/14524434_1106112876131411_958039263622046936_o.jpg?resize=700%2C400&ssl=1 2x"},"classes":[]},{"id":18527,"url":"https:\/\/www.grieta.org.mx\/index.php\/2016\/07\/30\/hip-hop-zapatista\/","url_meta":{"origin":17887,"position":4},"title":"Participaciones del EZLN en el festival CompArte. 29 de julio, Oventik","author":"grieta","date":"30 julio, 2016","format":false,"excerpt":"Festival compARTE por la humanidad - Comparte Zapatistas Compartici\u00f3n de bases de apoyo del EZLN. Oventic, Chiapas, M\u00e9xico... 29 de Julio 2016 Corrido Zapatista El Gavil\u00e1n y Jos\u00e9 en el #CompArte #Oventik #EZLN #Comparte #CompArte #CIDECI #zapatistas #orgullosamentezapatistas El Querreque Danza Zapatista en el #CompArte Las mujeres zapatistas cant\u00e1ndole a\u2026","rel":"","context":"En &quot;CINTILLO&quot;","block_context":{"text":"CINTILLO","link":"https:\/\/www.grieta.org.mx\/index.php\/category\/cintillo\/"},"img":{"alt_text":"","src":"https:\/\/i0.wp.com\/www.grieta.org.mx\/wp-content\/uploads\/2018\/03\/14524434_1106112876131411_958039263622046936_o.jpg?resize=350%2C200&ssl=1","width":350,"height":200,"srcset":"https:\/\/i0.wp.com\/www.grieta.org.mx\/wp-content\/uploads\/2018\/03\/14524434_1106112876131411_958039263622046936_o.jpg?resize=350%2C200&ssl=1 1x, https:\/\/i0.wp.com\/www.grieta.org.mx\/wp-content\/uploads\/2018\/03\/14524434_1106112876131411_958039263622046936_o.jpg?resize=525%2C300&ssl=1 1.5x, https:\/\/i0.wp.com\/www.grieta.org.mx\/wp-content\/uploads\/2018\/03\/14524434_1106112876131411_958039263622046936_o.jpg?resize=700%2C400&ssl=1 2x"},"classes":[]},{"id":17839,"url":"https:\/\/www.grieta.org.mx\/index.php\/2016\/07\/26\/dia-3-comparte-por-la-humanidad-cideci\/","url_meta":{"origin":17887,"position":5},"title":"D\u00eda 3 \u2013 CompARTE por la humanidad \u2013 Cideci (Audios)","author":"grieta","date":"26 julio, 2016","format":false,"excerpt":"Radio Zapatista Festival CompARTE por la humanidad 25 de julio de 2016 Cideci \/ Universidad de la Tierra Chiapas Lunes 25 de julio.- Jovel-San Crist\u00f3bal de Las Casas, Chiapas. Es el tercer d\u00eda del #CompArte por la Humanidad y los cuerpos, sonidos y trazos siguen interviniendo el espacio, tiempo, los\u2026","rel":"","context":"En &quot;CINTILLO&quot;","block_context":{"text":"CINTILLO","link":"https:\/\/www.grieta.org.mx\/index.php\/category\/cintillo\/"},"img":{"alt_text":"","src":"https:\/\/i0.wp.com\/www.grieta.org.mx\/wp-content\/uploads\/2018\/03\/14524434_1106112876131411_958039263622046936_o.jpg?resize=350%2C200&ssl=1","width":350,"height":200,"srcset":"https:\/\/i0.wp.com\/www.grieta.org.mx\/wp-content\/uploads\/2018\/03\/14524434_1106112876131411_958039263622046936_o.jpg?resize=350%2C200&ssl=1 1x, https:\/\/i0.wp.com\/www.grieta.org.mx\/wp-content\/uploads\/2018\/03\/14524434_1106112876131411_958039263622046936_o.jpg?resize=525%2C300&ssl=1 1.5x, https:\/\/i0.wp.com\/www.grieta.org.mx\/wp-content\/uploads\/2018\/03\/14524434_1106112876131411_958039263622046936_o.jpg?resize=700%2C400&ssl=1 2x"},"classes":[]}],"_links":{"self":[{"href":"https:\/\/www.grieta.org.mx\/index.php\/wp-json\/wp\/v2\/posts\/17887","targetHints":{"allow":["GET"]}}],"collection":[{"href":"https:\/\/www.grieta.org.mx\/index.php\/wp-json\/wp\/v2\/posts"}],"about":[{"href":"https:\/\/www.grieta.org.mx\/index.php\/wp-json\/wp\/v2\/types\/post"}],"author":[{"embeddable":true,"href":"https:\/\/www.grieta.org.mx\/index.php\/wp-json\/wp\/v2\/users\/2"}],"replies":[{"embeddable":true,"href":"https:\/\/www.grieta.org.mx\/index.php\/wp-json\/wp\/v2\/comments?post=17887"}],"version-history":[{"count":1,"href":"https:\/\/www.grieta.org.mx\/index.php\/wp-json\/wp\/v2\/posts\/17887\/revisions"}],"predecessor-version":[{"id":18744,"href":"https:\/\/www.grieta.org.mx\/index.php\/wp-json\/wp\/v2\/posts\/17887\/revisions\/18744"}],"wp:featuredmedia":[{"embeddable":true,"href":"https:\/\/www.grieta.org.mx\/index.php\/wp-json\/wp\/v2\/media\/21928"}],"wp:attachment":[{"href":"https:\/\/www.grieta.org.mx\/index.php\/wp-json\/wp\/v2\/media?parent=17887"}],"wp:term":[{"taxonomy":"category","embeddable":true,"href":"https:\/\/www.grieta.org.mx\/index.php\/wp-json\/wp\/v2\/categories?post=17887"},{"taxonomy":"post_tag","embeddable":true,"href":"https:\/\/www.grieta.org.mx\/index.php\/wp-json\/wp\/v2\/tags?post=17887"}],"curies":[{"name":"wp","href":"https:\/\/api.w.org\/{rel}","templated":true}]}}