{"id":17828,"date":"2016-07-24T22:50:53","date_gmt":"2016-07-25T03:50:53","guid":{"rendered":"http:\/\/www.grieta.org.mx\/?p=17828"},"modified":"2016-07-26T22:55:50","modified_gmt":"2016-07-27T03:55:50","slug":"constructora-rompio-manantial-en-la-cdmx-y-mil-500-millones-de-litros-de-agua-se-fueron-vecinos","status":"publish","type":"post","link":"https:\/\/www.grieta.org.mx\/index.php\/2016\/07\/24\/constructora-rompio-manantial-en-la-cdmx-y-mil-500-millones-de-litros-de-agua-se-fueron-vecinos\/","title":{"rendered":"Constructora rompi\u00f3 manantial en la CdMx y mil 500 millones de litros de agua se fueron: vecinos"},"content":{"rendered":"<p>Por Ivette Lira<\/p>\n<p>Activistas que han levantado la voz y han participado activamente para lograr que el Gobierno de la CdMx cancele un proyecto inmobiliario que ha gastado m\u00e1s de mil 500 millones de litros de agua en la delegaci\u00f3n Coyoac\u00e1n, son hostigados y criminalizados por autoridades capitalinas en apoyo a la empresa Quiero Casa.<\/p>\n<p>Ciudad de M\u00e9xico, 24 de julio (SinEmbargo).- Defensores del agua en la Delegaci\u00f3n Coyoac\u00e1n, quienes desde abril pasado montaron un plant\u00f3n en Avenida Aztecas para protestar y oponerse a un proyecto inmobiliario de la empresa \u201cQuiero Casa\u201d que fractur\u00f3 un manantial subterr\u00e1neo y ha provocado el desperdicio de m\u00e1s de mil 500 millones de litros de agua en la demarcaci\u00f3n, denunciaron que han sufrido hostigamientos.<\/p>\n<p>En entrevista para SinEmbargo, Gustavo L\u00f3pez, miembro de la Asamblea General de los Pueblos, Barrios, Colonias y Pedregales de Coyoac\u00e1n, destac\u00f3 que las exigencias est\u00e1n dirigidas al Jefe de Gobierno de la Ciudad de M\u00e9xico Miguel \u00c1ngel Mancera Espinosa y al Jefe Delegacional de Coyoac\u00e1n Valent\u00edn Maldonado, y giran en torno a la cancelaci\u00f3n definitiva del proyecto y la expropiaci\u00f3n del predio con el fin de rescatar el manantial.<\/p>\n<p>Asimismo, el activista inform\u00f3 que la inmobiliaria interpuso una denuncia por privaci\u00f3n ilegal de la libertad \u201ccontra quien resulte responsable\u201d, por lo que todas las personas que se encuentran en el plant\u00f3n est\u00e1n \u201cen riesgo de ser acusados de secuestro y encarcelados\u201d, se\u00f1al\u00f3.<\/p>\n<p>La denuncia por secuestro fue interpuesta por Eduardo Miguel Salazar Soto, representante legal de la empresa Quiero Casa, con n\u00famero de carpeta de investigaci\u00f3n CI-FCY\/COY-4\/UI-3C\/D\/00563\/07-2016, de acuerdo con datos del Centro de Derechos Humanos Zeferino Ladrillero (CDHZL).<\/p>\n<p>Garc\u00eda considera que la empresa Quiero Casa y el Gobierno de la capital est\u00e1n coludidos. \u201cLa inmobiliaria ha tenido carta abierta para hacer lo que quiera y las autoridades en lugar de resolver el problema del tiradero de agua, la encubri\u00f3 y no s\u00f3lo eso, adem\u00e1s, simul\u00f3 atender el problema\u201d, acus\u00f3.<\/p>\n<p>Desde mayo pasado, los activistas manifestaron en el Centro Nacional de Comunicaci\u00f3n Social (Cencos), la urgencia de que el Gobierno de Mancera aceptara llevar a cabo un di\u00e1logo p\u00fablico con funcionarios y dependencias que pudieran intervenir para la soluci\u00f3n de la problem\u00e1tica, en las mejores condiciones y \u201ccon un car\u00e1cter resolutivo y no con intimidaci\u00f3n\u201d.<\/p>\n<p><img decoding=\"async\" data-attachment-id=\"17831\" data-permalink=\"https:\/\/www.grieta.org.mx\/index.php\/2016\/07\/24\/constructora-rompio-manantial-en-la-cdmx-y-mil-500-millones-de-litros-de-agua-se-fueron-vecinos\/policia-aztecas\/\" data-orig-file=\"https:\/\/www.grieta.org.mx\/wp-content\/uploads\/2016\/07\/policia-aztecas.jpg\" data-orig-size=\"700,394\" data-comments-opened=\"0\" data-image-meta=\"{&quot;aperture&quot;:&quot;0&quot;,&quot;credit&quot;:&quot;&quot;,&quot;camera&quot;:&quot;&quot;,&quot;caption&quot;:&quot;&quot;,&quot;created_timestamp&quot;:&quot;0&quot;,&quot;copyright&quot;:&quot;&quot;,&quot;focal_length&quot;:&quot;0&quot;,&quot;iso&quot;:&quot;0&quot;,&quot;shutter_speed&quot;:&quot;0&quot;,&quot;title&quot;:&quot;&quot;,&quot;orientation&quot;:&quot;1&quot;}\" data-image-title=\"policia-aztecas\" data-image-description=\"\" data-image-caption=\"\" data-medium-file=\"https:\/\/www.grieta.org.mx\/wp-content\/uploads\/2016\/07\/policia-aztecas-300x169.jpg\" data-large-file=\"https:\/\/www.grieta.org.mx\/wp-content\/uploads\/2016\/07\/policia-aztecas.jpg\" src=\"http:\/\/www.grieta.org.mx\/wp-content\/uploads\/2016\/07\/policia-aztecas.jpg\" alt=\"policia-aztecas\" width=\"100%\" class=\"aligncenter size-full wp-image-17831\" srcset=\"https:\/\/www.grieta.org.mx\/wp-content\/uploads\/2016\/07\/policia-aztecas.jpg 700w, https:\/\/www.grieta.org.mx\/wp-content\/uploads\/2016\/07\/policia-aztecas-300x169.jpg 300w\" sizes=\"(max-width: 700px) 100vw, 700px\" \/><br \/>\nPolic\u00eda intimida a defensores del agua en la delegaci\u00f3n Coyoac\u00e1n. Foto: Facebook.<\/p>\n<p>ACTIVISTAS HOSTIGADOS<\/p>\n<p>El pasado 20 de julio aproximadamente a las dos de la tarde se presentaron dos personas que los habitantes llamaron \u201cajenas a la comunidad\u201d, en el plant\u00f3n ubicado en avenida Aztecas, n\u00famero 215, pueblo de Los Reyes.<\/p>\n<p>Una de ellas se identific\u00f3 como Maribel P\u00e9laez Cos\u00edo, agente del Ministerio P\u00fablico (MP), quien solicit\u00f3 hablar con el \u201cl\u00edder del plant\u00f3n\u201d para pedir que los acompa\u00f1ara al MP por una supuesta denuncia de hechos iniciada contra quien resulte responsable por la privaci\u00f3n ilegal de la libertad de tres personas, dos de ellas de la tercera edad, dentro del predio donde se encuentra el plant\u00f3n.<\/p>\n<p>De acuerdo con el testimonio del activista, la segunda persona, un hombre joven \u201cque parec\u00eda polic\u00eda ministerial\u201d camin\u00f3 a la entrada principal del predio para hablar con los trabajadores supuestamente secuestrados, quienes le abrieron la puerta y refirieron que \u201cllevaban tres d\u00edas sin salir del predio por culpa del plant\u00f3n\u201d.<\/p>\n<p>Despu\u00e9s, los supuestos funcionarios p\u00fablicos subieron a un veh\u00edculo Nissan March, con placas R15-ABV y esperaron la llegada de dos personas, quienes se identificaron como M\u00e1ximo Lira Hurtado, polic\u00eda de investigaci\u00f3n y Gabriel Fern\u00e1ndez, como agente del Ministerio P\u00fablico Coyoac\u00e1n-4, con el fin de investigar la denuncia de hechos por privaci\u00f3n ilegal de la libertad, seg\u00fan inform\u00f3 el CDHZL.<\/p>\n<p>El agente Fern\u00e1ndez entr\u00f3 al predio para hablar con los empleados de la construcci\u00f3n, quienes, de acuerdo con los vecinos, dijeron en voz alta \u201cque ten\u00edan miedo de salir porque a veces se les bloquea la entrada y los retienen contra su voluntad\u201d. Sin embargo, los activistas defendieron que dicho plant\u00f3n de protesta no impide el paso de las personas que por all\u00ed transitan.<\/p>\n<p>Horas despu\u00e9s de lo ocurrido, una patrulla del sector Coyoac\u00e1n de la Secretear\u00eda de Seguridad P\u00fablica local (SSP-CdMx) se instal\u00f3 a un costado del plant\u00f3n con un par de polic\u00edas.<\/p>\n<p>Uno de ellos baj\u00f3 de la patrulla y \u201cde manera intimidatoria tom\u00f3 varias fotograf\u00edas del plant\u00f3n y de quienes se encontraban en \u00e9l, personas que integran la Asamblea\u201d, denunciaron.<\/p>\n<p>El CDHZL ha dado acompa\u00f1amiento a los activistas  e incluso antes de lo ocurrido extern\u00f3 su preocupaci\u00f3n \u201cpor la libertad, la seguridad y la integridad f\u00edsica de las personas defensoras del derecho humano al agua, integrantes de la Asamblea General de los Pueblos, Barrios, Colonias y Pedregales de Coyoac\u00e1n\u201d.<\/p>\n<p>De igual manera, hicieron un llamado al Estado mexicano a respetar el derecho a la libertad personal y a la libre manifestaci\u00f3n de las y los activistas, y a que cesen los intentos de criminalizar la defensa del derecho humano al agua en Coyoac\u00e1n.<\/p>\n<p>Garc\u00eda inform\u00f3 que hasta el momento no hay personas detenidas<\/p>\n<p>UN PROYECTO CON IRREGULARIDADES<\/p>\n<p><figure id=\"attachment_17832\" aria-describedby=\"caption-attachment-17832\" style=\"width: 700px\" class=\"wp-caption aligncenter\"><img decoding=\"async\" data-attachment-id=\"17832\" data-permalink=\"https:\/\/www.grieta.org.mx\/index.php\/2016\/07\/24\/constructora-rompio-manantial-en-la-cdmx-y-mil-500-millones-de-litros-de-agua-se-fueron-vecinos\/bloqueo_inmobiliaria_denunciada-3\/\" data-orig-file=\"https:\/\/www.grieta.org.mx\/wp-content\/uploads\/2016\/07\/bloqueo_inmobiliaria_denunciada-3.jpg\" data-orig-size=\"700,467\" data-comments-opened=\"0\" data-image-meta=\"{&quot;aperture&quot;:&quot;3.5&quot;,&quot;credit&quot;:&quot;&quot;,&quot;camera&quot;:&quot;Canon EOS 7D&quot;,&quot;caption&quot;:&quot;CIUDAD DE M\\u00c9XICO, 18MARZO2016.- La 4ta asamblea general del los Pueblos, Barrios, Colonias y Pedregales de Coyoac\\u00e1n cerraron parcialmente Avenida Aztecas en el #215 en el Pueblo de los Reyes Coyoac\\u00e1n donde una inmobiliaria ha sido denunciada por pretender secar y desviar un manantial de agua dulce que fue encontrada en semanas recientes e impedia seguir con la obra, la obra esta anegada despu\\u00e9s de una primera clausura y el agua es bombeada al drenaje.\\nFOTO: CUARTOSCURO.COM&quot;,&quot;created_timestamp&quot;:&quot;1342293768&quot;,&quot;copyright&quot;:&quot;&quot;,&quot;focal_length&quot;:&quot;16&quot;,&quot;iso&quot;:&quot;100&quot;,&quot;shutter_speed&quot;:&quot;0.004&quot;,&quot;title&quot;:&quot;&quot;,&quot;orientation&quot;:&quot;1&quot;}\" data-image-title=\"bloqueo_inmobiliaria_denunciada-3\" data-image-description=\"\" data-image-caption=\"&lt;p&gt;CIUDAD DE M\u00c9XICO, 18MARZO2016.- La 4ta asamblea general del los Pueblos, Barrios, Colonias y Pedregales de Coyoac\u00e1n cerraron parcialmente Avenida Aztecas en el #215 en el Pueblo de los Reyes Coyoac\u00e1n donde una inmobiliaria ha sido denunciada por pretender secar y desviar un manantial de agua dulce que fue encontrada en semanas recientes e impedia seguir con la obra, la obra esta anegada despu\u00e9s de una primera clausura y el agua es bombeada al drenaje.&lt;br \/&gt;\nFOTO: CUARTOSCURO.COM&lt;\/p&gt;\n\" data-medium-file=\"https:\/\/www.grieta.org.mx\/wp-content\/uploads\/2016\/07\/bloqueo_inmobiliaria_denunciada-3-300x200.jpg\" data-large-file=\"https:\/\/www.grieta.org.mx\/wp-content\/uploads\/2016\/07\/bloqueo_inmobiliaria_denunciada-3.jpg\" src=\"http:\/\/www.grieta.org.mx\/wp-content\/uploads\/2016\/07\/bloqueo_inmobiliaria_denunciada-3.jpg\" alt=\"CIUDAD DE M\u00c9XICO, 18MARZO2016.- La 4ta asamblea general del los Pueblos, Barrios, Colonias y Pedregales de Coyoac\u00e1n cerraron parcialmente Avenida Aztecas en el #215 en el Pueblo de los Reyes Coyoac\u00e1n donde una inmobiliaria ha sido denunciada por pretender secar y desviar un manantial de agua dulce que fue encontrada en semanas recientes e impedia seguir con la obra, la obra esta anegada despu\u00e9s de una primera clausura y el agua es bombeada al drenaje. FOTO: CUARTOSCURO.COM\" width=\"100%\" class=\"size-full wp-image-17832\" srcset=\"https:\/\/www.grieta.org.mx\/wp-content\/uploads\/2016\/07\/bloqueo_inmobiliaria_denunciada-3.jpg 700w, https:\/\/www.grieta.org.mx\/wp-content\/uploads\/2016\/07\/bloqueo_inmobiliaria_denunciada-3-300x200.jpg 300w\" sizes=\"(max-width: 700px) 100vw, 700px\" \/><figcaption id=\"caption-attachment-17832\" class=\"wp-caption-text\">CIUDAD DE M\u00c9XICO, 18MARZO2016.- La 4ta asamblea general del los Pueblos, Barrios, Colonias y Pedregales de Coyoac\u00e1n cerraron parcialmente Avenida Aztecas en el #215 en el Pueblo de los Reyes Coyoac\u00e1n donde una inmobiliaria ha sido denunciada por pretender secar y desviar un manantial de agua dulce que fue encontrada en semanas recientes e impedia seguir con la obra, la obra esta anegada despu\u00e9s de una primera clausura y el agua es bombeada al drenaje.<br \/>FOTO: CUARTOSCURO.COM<\/figcaption><\/figure><br \/>\nEn marzo, la asamblea general del los Pueblos, Barrios, Colonias y Pedregales de Coyoac\u00e1n cerraron parcialmente Avenida Aztecas en el #215 en el Pueblo de los Reyes Coyoac\u00e1n donde una inmobiliaria ha sido denunciada por pretender secar y desviar un manantial de agua dulce. Foto: Cuartoscuro<\/p>\n<p>En marzo del a\u00f1o pasado, en el predio ubicado en Avenida Aztecas 215, la empresa Inmobiliaria Quiero Casa, propiedad de Jos\u00e9 Shabot Cherem y Salom\u00f3n Cherem, intent\u00f3 edificar un complejo habitacional de 377 departamentos con 683 cajones de estacionamiento que se proyectan construir en tres s\u00f3tanos.<\/p>\n<p>Al excava para la construcci\u00f3n del estacionamiento, varios afloramientos de agua subterr\u00e1nea brotaron, con lo que una parte importante de la obra se inund\u00f3.<\/p>\n<p>Quiero Casa recurri\u00f3 a la extracci\u00f3n del vital l\u00edquido para despu\u00e9s tirarla al drenaje. \u201cDurante un a\u00f1o echaron al drenaje cerca de mil 500 millones de litros de agua, bajo el argumento de que es \u2018agua mala\u2019 o residual\u201d, acus\u00f3 L\u00f3pez.<\/p>\n<p>El proyecto ha sido suspendido en dos ocasiones \u2013ninguna por la cuesti\u00f3n del agua\u2013. La primera ocurri\u00f3 en febrero pasado y dur\u00f3 apenas 20 d\u00edas, la segunda, en abril. Ambas suspensiones fueron \u201cpor medidas de seguridad\u201d, dijo L\u00f3pez.<\/p>\n<p>Los vecinos, quienes se dijeron preocupados por la situaci\u00f3n, recurrieron al Sistema de Aguas de la Ciudad de M\u00e9xico (Sacmex), al Instituto de Verificaci\u00f3n Administrativa (Invea), a la Direcci\u00f3n General de Obras y Desarrollo Urbano, a la Direcci\u00f3n de Mejoramiento y Mantenimiento Urbano, a la Secretar\u00eda de Desarrollo Urbano y Vivienda (Seduvi), a la Procuradur\u00eda Ambiental y Ordenamiento Territorial (Paot) y a la propia Delegaci\u00f3n Coyoac\u00e1n, para solicitar que detuvieran el desperdicio de agua.<\/p>\n<p>Actualmente, la Asamblea est\u00e1 en espera de los resultados del an\u00e1lisis del agua que brot\u00f3 en el manantial realizado por especialistas del Instituto de Geolog\u00eda de la Universidad Nacional Aut\u00f3noma de M\u00e9xico (UNAM), con lo cual se acreditar\u00eda la potabilidad y pureza del agua y la subsecuente necesidad de cancelaci\u00f3n de la obra.<\/p>\n<p><a href=\"http:\/\/www.sinembargo.mx\/24-07-2016\/3070670\" target=\"_blank\">http:\/\/www.sinembargo.mx\/24-07-2016\/3070670<\/a><\/p>\n","protected":false},"excerpt":{"rendered":"<p>Por Ivette Lira Activistas que han levantado la voz y han participado activamente para lograr que el Gobierno de la CdMx cancele un proyecto inmobiliario que ha gastado m\u00e1s de &hellip; <a href=\"https:\/\/www.grieta.org.mx\/index.php\/2016\/07\/24\/constructora-rompio-manantial-en-la-cdmx-y-mil-500-millones-de-litros-de-agua-se-fueron-vecinos\/\" class=\"more-link\">Leer m\u00e1s<\/a><\/p>\n","protected":false},"author":2,"featured_media":21928,"comment_status":"closed","ping_status":"closed","sticky":false,"template":"","format":"standard","meta":{"ngg_post_thumbnail":0,"_jetpack_newsletter_access":"","_jetpack_dont_email_post_to_subs":false,"_jetpack_newsletter_tier_id":0,"_jetpack_memberships_contains_paywalled_content":false,"_jetpack_memberships_contains_paid_content":false,"footnotes":""},"categories":[598,80],"tags":[824,612,399],"class_list":["post-17828","post","type-post","status-publish","format-standard","has-post-thumbnail","hentry","category-cdmx","category-cintillo","tag-aztecas","tag-coyoacan","tag-proyecto-inmobiliario","entry"],"jetpack_featured_media_url":"https:\/\/www.grieta.org.mx\/wp-content\/uploads\/2018\/03\/14524434_1106112876131411_958039263622046936_o.jpg","jetpack_sharing_enabled":true,"jetpack_shortlink":"https:\/\/wp.me\/p7ZJR4-4Dy","jetpack_likes_enabled":false,"jetpack-related-posts":[{"id":11577,"url":"https:\/\/www.grieta.org.mx\/index.php\/2016\/09\/02\/movilizaciones-contra-proyectos-inmobiliarios-en-la-ciudad-de-mexico\/","url_meta":{"origin":17828,"position":0},"title":"Protestas y organizaci\u00f3n contra proyectos inmobiliarios en la Ciudad de M\u00e9xico","author":"grieta","date":"2 septiembre, 2016","format":false,"excerpt":"01\/09\/16. Agua de predio de Aztecas 215 s\u00ed es potable: UNAM (CDMX)El Big data 01\/08\/16. Pobladores denuncian invasi\u00f3n descontrolada de construcciones en Xochimilco Desinform\u00e9monos 28\/07\/16. Vecinos de Xochimilco padecen \u201cefectos colaterales\u201d del boom inmobiliario El big data 24\/07\/16. Constructora rompi\u00f3 manantial en la CdMx y mil 500 millones de litros\u2026","rel":"","context":"En &quot;Ciudad de M\u00e9xico&quot;","block_context":{"text":"Ciudad de M\u00e9xico","link":"https:\/\/www.grieta.org.mx\/index.php\/category\/noticias-nacionales\/ciudad-de-mexico\/"},"img":{"alt_text":"","src":"https:\/\/i0.wp.com\/www.grieta.org.mx\/wp-content\/uploads\/2018\/03\/14524434_1106112876131411_958039263622046936_o.jpg?resize=350%2C200&ssl=1","width":350,"height":200,"srcset":"https:\/\/i0.wp.com\/www.grieta.org.mx\/wp-content\/uploads\/2018\/03\/14524434_1106112876131411_958039263622046936_o.jpg?resize=350%2C200&ssl=1 1x, https:\/\/i0.wp.com\/www.grieta.org.mx\/wp-content\/uploads\/2018\/03\/14524434_1106112876131411_958039263622046936_o.jpg?resize=525%2C300&ssl=1 1.5x, https:\/\/i0.wp.com\/www.grieta.org.mx\/wp-content\/uploads\/2018\/03\/14524434_1106112876131411_958039263622046936_o.jpg?resize=700%2C400&ssl=1 2x"},"classes":[]},{"id":11587,"url":"https:\/\/www.grieta.org.mx\/index.php\/2016\/04\/30\/planton-de-comunidades-pedregales-de-coyoacan-contra-los-proyectos-inmobiliarios\/","url_meta":{"origin":17828,"position":1},"title":"Plant\u00f3n de comunidades Pedregales de Coyoac\u00e1n, contra los proyectos inmobiliarios","author":"grieta","date":"30 abril, 2016","format":false,"excerpt":"Documental que describe la lucha de Comunidades de Pedregales de Coyoac\u00e1n, contra proyectos devastadores, que amenazan a todos los pueblos Pueblos y barrios de Coyoac\u00e1n, ente los que se encuentran La Candelaria, Santo Domingo, Santa \u00darsula, Los Reyes, adem\u00e1s de vecinxs de Iztacalco, Santa Fe y Magdalena Contreras, se unieron\u2026","rel":"","context":"En &quot;cdmx&quot;","block_context":{"text":"cdmx","link":"https:\/\/www.grieta.org.mx\/index.php\/category\/cdmx\/"},"img":{"alt_text":"","src":"https:\/\/i0.wp.com\/www.grieta.org.mx\/wp-content\/uploads\/2018\/03\/14524434_1106112876131411_958039263622046936_o.jpg?resize=350%2C200&ssl=1","width":350,"height":200,"srcset":"https:\/\/i0.wp.com\/www.grieta.org.mx\/wp-content\/uploads\/2018\/03\/14524434_1106112876131411_958039263622046936_o.jpg?resize=350%2C200&ssl=1 1x, https:\/\/i0.wp.com\/www.grieta.org.mx\/wp-content\/uploads\/2018\/03\/14524434_1106112876131411_958039263622046936_o.jpg?resize=525%2C300&ssl=1 1.5x, https:\/\/i0.wp.com\/www.grieta.org.mx\/wp-content\/uploads\/2018\/03\/14524434_1106112876131411_958039263622046936_o.jpg?resize=700%2C400&ssl=1 2x"},"classes":[]},{"id":12289,"url":"https:\/\/www.grieta.org.mx\/index.php\/2016\/04\/30\/marchan-para-exigir-la-expropiacion-del-predio-donde-esta-el-manantial-cdmx\/","url_meta":{"origin":17828,"position":2},"title":"Marchan para exigir la expropiaci\u00f3n del predio donde est\u00e1 el manantial (CDMX)","author":"grieta","date":"30 abril, 2016","format":false,"excerpt":"Roc\u00edo Gonz\u00e1lez Alvarado Residentes arman plant\u00f3n frente a la edificaci\u00f3n de departamentos Habitantes de Santo Domingo, Ajusco y la Candelaria se sumaron a la movilizaci\u00f3n de vecinos del pueblo de Los Reyes, Coyoac\u00e1n, quienes exigieron que expertos independientes analicen el agua que brota del predio Aztecas 215 para verificar que\u2026","rel":"","context":"En &quot;cdmx&quot;","block_context":{"text":"cdmx","link":"https:\/\/www.grieta.org.mx\/index.php\/category\/cdmx\/"},"img":{"alt_text":"","src":"https:\/\/i0.wp.com\/www.grieta.org.mx\/wp-content\/uploads\/2018\/03\/14524434_1106112876131411_958039263622046936_o.jpg?resize=350%2C200&ssl=1","width":350,"height":200,"srcset":"https:\/\/i0.wp.com\/www.grieta.org.mx\/wp-content\/uploads\/2018\/03\/14524434_1106112876131411_958039263622046936_o.jpg?resize=350%2C200&ssl=1 1x, https:\/\/i0.wp.com\/www.grieta.org.mx\/wp-content\/uploads\/2018\/03\/14524434_1106112876131411_958039263622046936_o.jpg?resize=525%2C300&ssl=1 1.5x, https:\/\/i0.wp.com\/www.grieta.org.mx\/wp-content\/uploads\/2018\/03\/14524434_1106112876131411_958039263622046936_o.jpg?resize=700%2C400&ssl=1 2x"},"classes":[]},{"id":26637,"url":"https:\/\/www.grieta.org.mx\/index.php\/2018\/09\/15\/policias-de-la-cdmx-detienen-a-dos-defensores-del-agua-cuando-documentaban-en-el-planton-azteca\/","url_meta":{"origin":17828,"position":3},"title":"Polic\u00edas de la CDMX detienen a dos defensores del agua cuando documentaban en el plant\u00f3n Azteca","author":"grieta","date":"15 septiembre, 2018","format":false,"excerpt":"Redacci\u00f3n\/somos el medio CDMX, 15 de septiembre 2018.-\u00a0Polic\u00edas de la Secretaria de Seguridad P\u00fablica de la Ciudad de M\u00e9xico, detuvieron a dos activistas que realizaban una transmisi\u00f3n en vivo donde denunciaban la afectaci\u00f3n a la v\u00eda p\u00fablica que la inmobiliaria Quiero Casa realizaba sobre la banqueta. Al rededor de las\u00a010:30\u2026","rel":"","context":"En &quot;CINTILLO&quot;","block_context":{"text":"CINTILLO","link":"https:\/\/www.grieta.org.mx\/index.php\/category\/cintillo\/"},"img":{"alt_text":"","src":"https:\/\/i0.wp.com\/www.grieta.org.mx\/wp-content\/uploads\/2018\/03\/14524434_1106112876131411_958039263622046936_o.jpg?resize=350%2C200&ssl=1","width":350,"height":200,"srcset":"https:\/\/i0.wp.com\/www.grieta.org.mx\/wp-content\/uploads\/2018\/03\/14524434_1106112876131411_958039263622046936_o.jpg?resize=350%2C200&ssl=1 1x, https:\/\/i0.wp.com\/www.grieta.org.mx\/wp-content\/uploads\/2018\/03\/14524434_1106112876131411_958039263622046936_o.jpg?resize=525%2C300&ssl=1 1.5x, https:\/\/i0.wp.com\/www.grieta.org.mx\/wp-content\/uploads\/2018\/03\/14524434_1106112876131411_958039263622046936_o.jpg?resize=700%2C400&ssl=1 2x"},"classes":[]},{"id":26442,"url":"https:\/\/www.grieta.org.mx\/index.php\/2018\/09\/15\/detiene-la-policia-de-la-ciudad-de-mexico-a-integrantes-de-la-asamblea-general-de-los-pueblos-barrios-y-colonias-de-coyoacan\/","url_meta":{"origin":17828,"position":4},"title":"Detiene la polic\u00eda de la Ciudad de M\u00e9xico a integrantes de la Asamblea General de los Pueblos, Barrios y Colonias de Coyoac\u00e1n","author":"grieta","date":"15 septiembre, 2018","format":false,"excerpt":"COLECTIVO GRIETA El d\u00eda de hoy, s\u00e1bado 15 de septiembre hacia las 10:30 hrs., polic\u00edas capitalinos detuvieron con lujo de violencia a Gustavo Rosas y Vicente Soria, defensores del manantial ubicado en el predio de Aztecas 215, donde la inmobiliaria \"Quiero Casa\" de los hermanos Shabot Cherem lleva dos a\u00f1os\u2026","rel":"","context":"En &quot;CINTILLO&quot;","block_context":{"text":"CINTILLO","link":"https:\/\/www.grieta.org.mx\/index.php\/category\/cintillo\/"},"img":{"alt_text":"","src":"https:\/\/i0.wp.com\/www.grieta.org.mx\/wp-content\/uploads\/2018\/03\/14524434_1106112876131411_958039263622046936_o.jpg?resize=350%2C200&ssl=1","width":350,"height":200,"srcset":"https:\/\/i0.wp.com\/www.grieta.org.mx\/wp-content\/uploads\/2018\/03\/14524434_1106112876131411_958039263622046936_o.jpg?resize=350%2C200&ssl=1 1x, https:\/\/i0.wp.com\/www.grieta.org.mx\/wp-content\/uploads\/2018\/03\/14524434_1106112876131411_958039263622046936_o.jpg?resize=525%2C300&ssl=1 1.5x, https:\/\/i0.wp.com\/www.grieta.org.mx\/wp-content\/uploads\/2018\/03\/14524434_1106112876131411_958039263622046936_o.jpg?resize=700%2C400&ssl=1 2x"},"classes":[]},{"id":22128,"url":"https:\/\/www.grieta.org.mx\/index.php\/2018\/03\/15\/aztecas-215-dos-anos-de-resistencia-contra-el-ecocidio-de-la-inmobiliaria-quiero-casa\/","url_meta":{"origin":17828,"position":5},"title":"Aztecas 215, dos a\u00f1os de resistencia contra el ecocidio de la inmobiliaria &#8220;Quiero Casa\u201d","author":"grieta","date":"15 marzo, 2018","format":false,"excerpt":"Estudio realizado por el Instituto de Geolog\u00eda de la UNAM da raz\u00f3n a los vecinos. Quedan en evidencia las mentiras y complicidad de inmobiliarios y autoridades. COLECTIVO GRIETA El pasado de 26 de febrero de 2018, los pobladores de los Pedregales de Coyoac\u00e1n cumplieron dos a\u00f1os de haber iniciado la\u2026","rel":"","context":"En &quot;CINTILLO&quot;","block_context":{"text":"CINTILLO","link":"https:\/\/www.grieta.org.mx\/index.php\/category\/cintillo\/"},"img":{"alt_text":"","src":"https:\/\/i0.wp.com\/www.grieta.org.mx\/wp-content\/uploads\/2018\/03\/Plant%C3%B3n-aa.jpg?resize=350%2C200&ssl=1","width":350,"height":200,"srcset":"https:\/\/i0.wp.com\/www.grieta.org.mx\/wp-content\/uploads\/2018\/03\/Plant%C3%B3n-aa.jpg?resize=350%2C200&ssl=1 1x, https:\/\/i0.wp.com\/www.grieta.org.mx\/wp-content\/uploads\/2018\/03\/Plant%C3%B3n-aa.jpg?resize=525%2C300&ssl=1 1.5x, https:\/\/i0.wp.com\/www.grieta.org.mx\/wp-content\/uploads\/2018\/03\/Plant%C3%B3n-aa.jpg?resize=700%2C400&ssl=1 2x"},"classes":[]}],"_links":{"self":[{"href":"https:\/\/www.grieta.org.mx\/index.php\/wp-json\/wp\/v2\/posts\/17828","targetHints":{"allow":["GET"]}}],"collection":[{"href":"https:\/\/www.grieta.org.mx\/index.php\/wp-json\/wp\/v2\/posts"}],"about":[{"href":"https:\/\/www.grieta.org.mx\/index.php\/wp-json\/wp\/v2\/types\/post"}],"author":[{"embeddable":true,"href":"https:\/\/www.grieta.org.mx\/index.php\/wp-json\/wp\/v2\/users\/2"}],"replies":[{"embeddable":true,"href":"https:\/\/www.grieta.org.mx\/index.php\/wp-json\/wp\/v2\/comments?post=17828"}],"version-history":[{"count":1,"href":"https:\/\/www.grieta.org.mx\/index.php\/wp-json\/wp\/v2\/posts\/17828\/revisions"}],"predecessor-version":[{"id":17836,"href":"https:\/\/www.grieta.org.mx\/index.php\/wp-json\/wp\/v2\/posts\/17828\/revisions\/17836"}],"wp:featuredmedia":[{"embeddable":true,"href":"https:\/\/www.grieta.org.mx\/index.php\/wp-json\/wp\/v2\/media\/21928"}],"wp:attachment":[{"href":"https:\/\/www.grieta.org.mx\/index.php\/wp-json\/wp\/v2\/media?parent=17828"}],"wp:term":[{"taxonomy":"category","embeddable":true,"href":"https:\/\/www.grieta.org.mx\/index.php\/wp-json\/wp\/v2\/categories?post=17828"},{"taxonomy":"post_tag","embeddable":true,"href":"https:\/\/www.grieta.org.mx\/index.php\/wp-json\/wp\/v2\/tags?post=17828"}],"curies":[{"name":"wp","href":"https:\/\/api.w.org\/{rel}","templated":true}]}}