{"id":17797,"date":"2016-07-24T20:50:49","date_gmt":"2016-07-25T01:50:49","guid":{"rendered":"http:\/\/www.grieta.org.mx\/?p=17797"},"modified":"2016-07-26T20:54:11","modified_gmt":"2016-07-27T01:54:11","slug":"a-un-ano-sin-justicia-a-un-ano-sin-ruben","status":"publish","type":"post","link":"https:\/\/www.grieta.org.mx\/index.php\/2016\/07\/24\/a-un-ano-sin-justicia-a-un-ano-sin-ruben\/","title":{"rendered":"A un a\u00f1o sin justicia, a un a\u00f1o sin Rub\u00e9n"},"content":{"rendered":"<p>Aideth Goroztieta<\/p>\n<p><img decoding=\"async\" data-attachment-id=\"17798\" data-permalink=\"https:\/\/www.grieta.org.mx\/index.php\/2016\/07\/24\/a-un-ano-sin-justicia-a-un-ano-sin-ruben\/ruben\/\" data-orig-file=\"https:\/\/www.grieta.org.mx\/wp-content\/uploads\/2016\/07\/rube?n.jpg\" data-orig-size=\"\" data-comments-opened=\"0\" data-image-meta=\"[]\" data-image-title=\"rube?n\" data-image-description=\"\" data-image-caption=\"\" data-medium-file=\"https:\/\/www.grieta.org.mx\/wp-content\/uploads\/2016\/07\/rube?n.jpg\" data-large-file=\"https:\/\/www.grieta.org.mx\/wp-content\/uploads\/2016\/07\/rube?n.jpg\" src=\"http:\/\/www.grieta.org.mx\/wp-content\/uploads\/2016\/07\/rube?n.jpg\" alt=\"rube?n\" width=\"100%\" class=\"aligncenter size-full wp-image-17798\" \/><\/p>\n<p>Preocupante y alarmante la respuesta de la PGJDF en relaci\u00f3n al caso Narvarte.<\/p>\n<p>Ciudad de M\u00e9xico, 24 de julio de 2016. El pr\u00f3ximo 31 de julio se cumple un a\u00f1o del asesinato de Rub\u00e9n Espinosa, Nadia Vera, Yesenia Quiroz,  Mile Mart\u00edn y Alejandra Negrete; esto sucedi\u00f3 en un departamento de la calle Luz Savi\u00f1\u00f3n de la colonia Narvarte de la Cuidad de M\u00e9xico. Hasta el momento, el hecho no ha sido esclarecido por la PGJDF, y resulta preocupante para quienes exigen una investigaci\u00f3n exhaustiva del caso en relaci\u00f3n a la labor period\u00edstica de Rub\u00e9n y el activismo pol\u00edtico de Nadia Vera.<\/p>\n<p>Rub\u00e9n Espinosa era  fotoperiodista de Proceso, tambi\u00e9n colaboraba para la agencia Cuarto Oscuro y AVC Noticias. Luego de haber sufrido episodios de intimidaci\u00f3n, mismos que le hicieron temer por su seguridad, decidi\u00f3 salir de Veracruz, lugar en el que radicaba desde hac\u00eda m\u00e1s de ocho a\u00f1os. Su labor period\u00edstica, en relaci\u00f3n a movimientos sociales y protestas, lo convirti\u00f3 en un periodista &#8220;desagradable&#8221; para el gobierno de Javier Duarte.<\/p>\n<p>Ante el clima de violencia contra los periodistas en esta entidad, Rub\u00e9n consider\u00f3  refugiarse en la Ciudad de M\u00e9xico; sin embargo, a dos meses de permanecer aqu\u00ed, fue asesinado junto con las mujeres ya mencionadas el 31 de julio de 2015.<\/p>\n<p>Hasta la fecha, el n\u00famero de comunicadores asesinados durante la gubernatura de Javier Duarte asciende a 17, a esto se suman 5 comunicadores m\u00e1s que se encuentran desaparecidos en Veracruz. Del 2000 a 2016, son ya 97 comunicadores asesinados en M\u00e9xico en posible relaci\u00f3n con su labor period\u00edstica; esto seg\u00fan datos emitidos por la organizaci\u00f3n Art\u00edculo 19.<\/p>\n<p>A un a\u00f1o del asesinado de Rub\u00e9n Espinosa, el caso se mantiene &#8220;impune&#8221;. Hay tres consignados por el multihomicidio; sin embargo, existen indicios de que pudieron haber participado m\u00e1s personas, no solamente en la ejecuci\u00f3n material, tambi\u00e9n en la intelectual.<\/p>\n<p>En entrevista telef\u00f3nica para Somos el Medio, Leopoldo Maldonado, abogado de la familia de Rub\u00e9n Espinosa, se\u00f1ala que a pesar de la negativa de la Procuradur\u00eda local se contin\u00faa exigiendo que se considere la l\u00ednea de investigaci\u00f3n en la relaci\u00f3n al ejercicio period\u00edstico de Rub\u00e9n: \u201cinterpusimos un nuevo amparo contra esta nueva respuesta, vamos a seguir presionando para que se cumplan los acuerdos que hemos alcanzado incluso con el jefe de gobierno. \u00c9l se comprometi\u00f3 a un cumplimiento exhaustivo del amparo que hab\u00edamos ganado en abril, eso no sucedi\u00f3 as\u00ed, se comprometi\u00f3 a realizar un plan de investigaci\u00f3n, no lo hemos hecho, la PGJDF no nos ha dado luz verde para armar el plan de investigaci\u00f3n, pero seguiremos insistiendo por la v\u00eda jur\u00eddica pero tambi\u00e9n a trav\u00e9s de la v\u00eda pol\u00edtica\u201d.<\/p>\n<p>Leopoldo Maldonado tambi\u00e9n se\u00f1al\u00f3 que \u201cen su momento el procurador Rodolfo R\u00edos declar\u00f3 que se estaban agotando todas las l\u00edneas de investigaci\u00f3n. Esto no fue verdad. La respuesta de la Procuradur\u00eda ya en t\u00e9rminos formales y escritos, nos dice: yo no tengo la obligaci\u00f3n de esclarecer el m\u00f3vil del crimen. Eso es lo m\u00e1s preocupante y alarmante en este contexto ya que s\u00ed tienen la obligaci\u00f3n, lo establece la Constituci\u00f3n, los tratados internacionales y la propia ley que los rige\u201d.<\/p>\n<p>Familia, amigos, personas solidarias y organizaciones han llevado a cabo diversas acciones en apoyo a la exigencia de justicia para Rub\u00e9n; desde exposiciones fotogr\u00e1ficas, subastas fotogr\u00e1ficas, mesas de discusi\u00f3n y manifestaciones.<\/p>\n<p>En su aniversario luctuoso se realizar\u00e1n manifestaciones en la Ciudad de M\u00e9xico y Xalapa, Veracruz, el 31 de julio, as\u00ed como una mesa de di\u00e1logo el pr\u00f3ximo 26 de julio en la Casa del Tiempo de la UAM con el tema \u201cM\u00e9xico, el sitio m\u00e1s peligroso para ejercer el periodismo en Am\u00e9rica\u201d.<\/p>\n<p><a href=\"http:\/\/www.somoselmedio.org\/article\/un-a%C3%B1o-sin-justicia-un-a%C3%B1o-sin-rub%C3%A9n\" target=\"_blank\">http:\/\/www.somoselmedio.org\/article\/un-a%C3%B1o-sin-justicia-un-a%C3%B1o-sin-rub%C3%A9n<\/a><\/p>\n","protected":false},"excerpt":{"rendered":"<p>Aideth Goroztieta Preocupante y alarmante la respuesta de la PGJDF en relaci\u00f3n al caso Narvarte. Ciudad de M\u00e9xico, 24 de julio de 2016. El pr\u00f3ximo 31 de julio se cumple &hellip; <a href=\"https:\/\/www.grieta.org.mx\/index.php\/2016\/07\/24\/a-un-ano-sin-justicia-a-un-ano-sin-ruben\/\" class=\"more-link\">Leer m\u00e1s<\/a><\/p>\n","protected":false},"author":2,"featured_media":21928,"comment_status":"closed","ping_status":"closed","sticky":false,"template":"","format":"standard","meta":{"ngg_post_thumbnail":0,"_jetpack_newsletter_access":"","_jetpack_dont_email_post_to_subs":false,"_jetpack_newsletter_tier_id":0,"_jetpack_memberships_contains_paywalled_content":false,"_jetpack_memberships_contains_paid_content":false,"footnotes":""},"categories":[598,80],"tags":[823,822,820,349,373,120,821],"class_list":["post-17797","post","type-post","status-publish","format-standard","has-post-thumbnail","hentry","category-cdmx","category-cintillo","tag-alejandra-negrete","tag-mile-martin","tag-nadia-vera","tag-narvarte","tag-ruben-espinosa","tag-violencia-contra-periodistas","tag-yesenia-quiroz","entry"],"jetpack_featured_media_url":"https:\/\/www.grieta.org.mx\/wp-content\/uploads\/2018\/03\/14524434_1106112876131411_958039263622046936_o.jpg","jetpack_sharing_enabled":true,"jetpack_shortlink":"https:\/\/wp.me\/p7ZJR4-4D3","jetpack_likes_enabled":false,"jetpack-related-posts":[{"id":18561,"url":"https:\/\/www.grieta.org.mx\/index.php\/2016\/08\/01\/a-un-ano-de-los-asesinatos-en-la-colonia-narvarte\/","url_meta":{"origin":17797,"position":0},"title":"A un a\u00f1o de los asesinatos en la colonia Narvarte","author":"grieta","date":"1 agosto, 2016","format":false,"excerpt":"El 31 de julio de 2016 se cumpli\u00f3 un a\u00f1o del asesinato de Nadia Vera, Yesenia Quiroz, Alejandra Negrete, Mile Virginia y Rub\u00e9n Espinoza en la colonia Narvarte en Ciudad Monstruo. Tanto Nadia Vera como Rub\u00e9n Espinoza se desplazaron de Veracruz a esta ciudad debido a las amenazas y hostigamientos\u2026","rel":"","context":"En &quot;cdmx&quot;","block_context":{"text":"cdmx","link":"https:\/\/www.grieta.org.mx\/index.php\/category\/cdmx\/"},"img":{"alt_text":"","src":"https:\/\/i0.wp.com\/www.grieta.org.mx\/wp-content\/uploads\/2018\/03\/14524434_1106112876131411_958039263622046936_o.jpg?resize=350%2C200&ssl=1","width":350,"height":200,"srcset":"https:\/\/i0.wp.com\/www.grieta.org.mx\/wp-content\/uploads\/2018\/03\/14524434_1106112876131411_958039263622046936_o.jpg?resize=350%2C200&ssl=1 1x, https:\/\/i0.wp.com\/www.grieta.org.mx\/wp-content\/uploads\/2018\/03\/14524434_1106112876131411_958039263622046936_o.jpg?resize=525%2C300&ssl=1 1.5x, https:\/\/i0.wp.com\/www.grieta.org.mx\/wp-content\/uploads\/2018\/03\/14524434_1106112876131411_958039263622046936_o.jpg?resize=700%2C400&ssl=1 2x"},"classes":[]},{"id":9939,"url":"https:\/\/www.grieta.org.mx\/index.php\/2016\/01\/30\/la-pgjdf-no-tiene-ni-movil-del-crimen-en-narvarte-abogado-a-6-meses-apuesta-al-olvido\/","url_meta":{"origin":17797,"position":1},"title":"La PGJDF no tiene ni m\u00f3vil del crimen en Narvarte: abogado; a 6 meses, \u201capuesta al olvido\u201d","author":"grieta","date":"30 enero, 2016","format":false,"excerpt":"Apia Virtual Por Sandra Rodr\u00edguez Nieto A seis meses del asesinato del fotoperiodista Rub\u00e9n Espinosa Becerril, Nadia Vera P\u00e9rez, Alejandra Negrete Avil\u00e9s, Yesenia Quiroz Alfaro y Mile Virginia Mart\u00edn en un departamento de la colonia Narvarte, en la capital del pa\u00eds, los presuntos culpables niegan su participaci\u00f3n en el multihomicidio.\u2026","rel":"","context":"En &quot;CINTILLO&quot;","block_context":{"text":"CINTILLO","link":"https:\/\/www.grieta.org.mx\/index.php\/category\/cintillo\/"},"img":{"alt_text":"","src":"https:\/\/i0.wp.com\/www.grieta.org.mx\/wp-content\/uploads\/2018\/03\/14524434_1106112876131411_958039263622046936_o.jpg?resize=350%2C200&ssl=1","width":350,"height":200,"srcset":"https:\/\/i0.wp.com\/www.grieta.org.mx\/wp-content\/uploads\/2018\/03\/14524434_1106112876131411_958039263622046936_o.jpg?resize=350%2C200&ssl=1 1x, https:\/\/i0.wp.com\/www.grieta.org.mx\/wp-content\/uploads\/2018\/03\/14524434_1106112876131411_958039263622046936_o.jpg?resize=525%2C300&ssl=1 1.5x, https:\/\/i0.wp.com\/www.grieta.org.mx\/wp-content\/uploads\/2018\/03\/14524434_1106112876131411_958039263622046936_o.jpg?resize=700%2C400&ssl=1 2x"},"classes":[]},{"id":9948,"url":"https:\/\/www.grieta.org.mx\/index.php\/2016\/01\/29\/reclaman-en-mexico-justicia-para-ruben-espinosa-a-6-meses-de-su-asesinato\/","url_meta":{"origin":17797,"position":2},"title":"Reclaman en M\u00e9xico, Justicia para Ruben Espinosa, a 6 meses de su asesinato","author":"grieta","date":"29 enero, 2016","format":false,"excerpt":"Desinform\u00e9monos Eliana Gilet Esta tarde, a partir de las ocho, se inaugura una muestra del trabajo realizado por Ruben Espinosa. Una muestra p\u00f3stuma para vencer el dolor y la falta del compa\u00f1ero. Desde Veracruz viajaron a la Ciudad de M\u00e9xico los integrantes del Colectivo Voz Alterna, basado en Xalapa, en\u2026","rel":"","context":"En &quot;CINTILLO&quot;","block_context":{"text":"CINTILLO","link":"https:\/\/www.grieta.org.mx\/index.php\/category\/cintillo\/"},"img":{"alt_text":"","src":"https:\/\/i0.wp.com\/www.grieta.org.mx\/wp-content\/uploads\/2018\/03\/14524434_1106112876131411_958039263622046936_o.jpg?resize=350%2C200&ssl=1","width":350,"height":200,"srcset":"https:\/\/i0.wp.com\/www.grieta.org.mx\/wp-content\/uploads\/2018\/03\/14524434_1106112876131411_958039263622046936_o.jpg?resize=350%2C200&ssl=1 1x, https:\/\/i0.wp.com\/www.grieta.org.mx\/wp-content\/uploads\/2018\/03\/14524434_1106112876131411_958039263622046936_o.jpg?resize=525%2C300&ssl=1 1.5x, https:\/\/i0.wp.com\/www.grieta.org.mx\/wp-content\/uploads\/2018\/03\/14524434_1106112876131411_958039263622046936_o.jpg?resize=700%2C400&ssl=1 2x"},"classes":[]},{"id":52771,"url":"https:\/\/www.grieta.org.mx\/index.php\/2020\/07\/31\/familiares-piden-a-sheinbaum-y-a-godoy-resolver-el-caso-narvarte-sin-mas-dilaciones-ni-excusas-ciudad-de-mexico\/","url_meta":{"origin":17797,"position":3},"title":"Familiares piden a Sheinbaum y a Godoy resolver el caso Narvarte \u201csin m\u00e1s dilaciones ni excusas\u201d (Ciudad de M\u00e9xico)","author":"grieta","date":"31 julio, 2020","format":false,"excerpt":"Un festival cultural fue realizado en la colonia Narvarte para conmemorar el asesinato de Rub\u00e9n Espinosa, Mile Mart\u00edn, Alejandra Negrete, Yesenia Quir\u00f3z y Nadia Vera. Foto. Sara Pantoja Sara Pantoja \/ Proceso CIUDAD DE M\u00c9XICO (apro).- Al cumplirse cinco a\u00f1os del multihomicidio en la colonia Narvarte, familiares de las cinco\u2026","rel":"","context":"En &quot;Abuso policiaco y tortura en la Ciudad de M\u00e9xico&quot;","block_context":{"text":"Abuso policiaco y tortura en la Ciudad de M\u00e9xico","link":"https:\/\/www.grieta.org.mx\/index.php\/category\/noticias-nacionales\/ciudad-de-mexico\/abuso-policiaco-y-tortura-en-la-ciudad-de-mexico\/"},"img":{"alt_text":"","src":"https:\/\/i0.wp.com\/www.grieta.org.mx\/wp-content\/uploads\/2020\/08\/Familiares-piden-a-Sheinbaum-y-a-Godoy-resolver-el-caso-Narvarte-sin-mas-dilaciones-ni-excusas-cdmx-ago.jpg?resize=350%2C200&ssl=1","width":350,"height":200,"srcset":"https:\/\/i0.wp.com\/www.grieta.org.mx\/wp-content\/uploads\/2020\/08\/Familiares-piden-a-Sheinbaum-y-a-Godoy-resolver-el-caso-Narvarte-sin-mas-dilaciones-ni-excusas-cdmx-ago.jpg?resize=350%2C200&ssl=1 1x, https:\/\/i0.wp.com\/www.grieta.org.mx\/wp-content\/uploads\/2020\/08\/Familiares-piden-a-Sheinbaum-y-a-Godoy-resolver-el-caso-Narvarte-sin-mas-dilaciones-ni-excusas-cdmx-ago.jpg?resize=525%2C300&ssl=1 1.5x, https:\/\/i0.wp.com\/www.grieta.org.mx\/wp-content\/uploads\/2020\/08\/Familiares-piden-a-Sheinbaum-y-a-Godoy-resolver-el-caso-Narvarte-sin-mas-dilaciones-ni-excusas-cdmx-ago.jpg?resize=700%2C400&ssl=1 2x, https:\/\/i0.wp.com\/www.grieta.org.mx\/wp-content\/uploads\/2020\/08\/Familiares-piden-a-Sheinbaum-y-a-Godoy-resolver-el-caso-Narvarte-sin-mas-dilaciones-ni-excusas-cdmx-ago.jpg?resize=1050%2C600&ssl=1 3x"},"classes":[]},{"id":9953,"url":"https:\/\/www.grieta.org.mx\/index.php\/2015\/10\/01\/caso-narvarte-60-dias-tres-personas-detenidas-y-ningun-movil\/","url_meta":{"origin":17797,"position":4},"title":"Caso Narvarte: 60 d\u00edas, tres personas detenidas y ning\u00fan m\u00f3vil","author":"grieta","date":"1 octubre, 2015","format":false,"excerpt":"Art\u00edculo 19 M\u00e9xico D.F., a 1 de octubre de 2015.- A dos meses del multihomicidio de cinco personas en la colonia Narvarte persisten serias interrogantes en torno a la investigaci\u00f3n de los hechos que han consternado a la sociedad. Entre las v\u00edctimas se encuentra el fotoperiodista Rub\u00e9n Espinosa Becerril, de\u2026","rel":"","context":"En &quot;CINTILLO&quot;","block_context":{"text":"CINTILLO","link":"https:\/\/www.grieta.org.mx\/index.php\/category\/cintillo\/"},"img":{"alt_text":"","src":"https:\/\/i0.wp.com\/www.grieta.org.mx\/wp-content\/uploads\/2018\/03\/14524434_1106112876131411_958039263622046936_o.jpg?resize=350%2C200&ssl=1","width":350,"height":200,"srcset":"https:\/\/i0.wp.com\/www.grieta.org.mx\/wp-content\/uploads\/2018\/03\/14524434_1106112876131411_958039263622046936_o.jpg?resize=350%2C200&ssl=1 1x, https:\/\/i0.wp.com\/www.grieta.org.mx\/wp-content\/uploads\/2018\/03\/14524434_1106112876131411_958039263622046936_o.jpg?resize=525%2C300&ssl=1 1.5x, https:\/\/i0.wp.com\/www.grieta.org.mx\/wp-content\/uploads\/2018\/03\/14524434_1106112876131411_958039263622046936_o.jpg?resize=700%2C400&ssl=1 2x"},"classes":[]},{"id":25700,"url":"https:\/\/www.grieta.org.mx\/index.php\/2018\/07\/31\/no-nos-vamos-a-callar-familiares-y-amigos-de-ruben-espinosa-al-exigir-justicia-por-caso-narvarte\/","url_meta":{"origin":17797,"position":5},"title":"\u201cNo nos vamos a callar\u201d: familiares y amigos de Rub\u00e9n Espinosa al exigir justicia por caso Narvarte","author":"grieta","date":"31 julio, 2018","format":false,"excerpt":"No\u00e9 Zavaleta \/ Proceso XALAPA, Ver. (apro).- Un mural con los rostros de Rub\u00e9n Espinosa, fotoperiodista colaborador de Proceso, y de Nadia Vera, activista cultural, con las leyendas \u201cEn Defensa de la Memoria\u201d y \u201cJusticia para Todos\u201d, sirvi\u00f3 para conmemorar el tercer aniversario del multihomicidio de la colonia Narvarte, en\u2026","rel":"","context":"En &quot;CINTILLO&quot;","block_context":{"text":"CINTILLO","link":"https:\/\/www.grieta.org.mx\/index.php\/category\/cintillo\/"},"img":{"alt_text":"","src":"https:\/\/i0.wp.com\/www.grieta.org.mx\/wp-content\/uploads\/2018\/08\/jjj-1.jpg?resize=350%2C200&ssl=1","width":350,"height":200,"srcset":"https:\/\/i0.wp.com\/www.grieta.org.mx\/wp-content\/uploads\/2018\/08\/jjj-1.jpg?resize=350%2C200&ssl=1 1x, https:\/\/i0.wp.com\/www.grieta.org.mx\/wp-content\/uploads\/2018\/08\/jjj-1.jpg?resize=525%2C300&ssl=1 1.5x, https:\/\/i0.wp.com\/www.grieta.org.mx\/wp-content\/uploads\/2018\/08\/jjj-1.jpg?resize=700%2C400&ssl=1 2x"},"classes":[]}],"_links":{"self":[{"href":"https:\/\/www.grieta.org.mx\/index.php\/wp-json\/wp\/v2\/posts\/17797","targetHints":{"allow":["GET"]}}],"collection":[{"href":"https:\/\/www.grieta.org.mx\/index.php\/wp-json\/wp\/v2\/posts"}],"about":[{"href":"https:\/\/www.grieta.org.mx\/index.php\/wp-json\/wp\/v2\/types\/post"}],"author":[{"embeddable":true,"href":"https:\/\/www.grieta.org.mx\/index.php\/wp-json\/wp\/v2\/users\/2"}],"replies":[{"embeddable":true,"href":"https:\/\/www.grieta.org.mx\/index.php\/wp-json\/wp\/v2\/comments?post=17797"}],"version-history":[{"count":1,"href":"https:\/\/www.grieta.org.mx\/index.php\/wp-json\/wp\/v2\/posts\/17797\/revisions"}],"predecessor-version":[{"id":17799,"href":"https:\/\/www.grieta.org.mx\/index.php\/wp-json\/wp\/v2\/posts\/17797\/revisions\/17799"}],"wp:featuredmedia":[{"embeddable":true,"href":"https:\/\/www.grieta.org.mx\/index.php\/wp-json\/wp\/v2\/media\/21928"}],"wp:attachment":[{"href":"https:\/\/www.grieta.org.mx\/index.php\/wp-json\/wp\/v2\/media?parent=17797"}],"wp:term":[{"taxonomy":"category","embeddable":true,"href":"https:\/\/www.grieta.org.mx\/index.php\/wp-json\/wp\/v2\/categories?post=17797"},{"taxonomy":"post_tag","embeddable":true,"href":"https:\/\/www.grieta.org.mx\/index.php\/wp-json\/wp\/v2\/tags?post=17797"}],"curies":[{"name":"wp","href":"https:\/\/api.w.org\/{rel}","templated":true}]}}