{"id":17766,"date":"2016-07-26T11:58:34","date_gmt":"2016-07-26T16:58:34","guid":{"rendered":"http:\/\/www.grieta.org.mx\/?p=17766"},"modified":"2016-07-26T11:58:34","modified_gmt":"2016-07-26T16:58:34","slug":"denunciaran-a-juez-que-redujo-pena-al-agresor-de-reportera-de-silao","status":"publish","type":"post","link":"https:\/\/www.grieta.org.mx\/index.php\/2016\/07\/26\/denunciaran-a-juez-que-redujo-pena-al-agresor-de-reportera-de-silao\/","title":{"rendered":"Denunciar\u00e1n a juez que redujo pena al agresor de reportera de Silao"},"content":{"rendered":"<p>Carlos Garc\u00eda<\/p>\n<p>Guanajuato, Gto., La juez Mar\u00eda del Roc\u00edo Arias Ar\u00e9valo ser\u00e1 denunciada ante el Consejo del Poder Judicial porque redujo la pena y liber\u00f3 al ex director de seguridad p\u00fablica de Silao, Nicasio Aguirre Guerrero, procesado por contratar a sujetos que golpearon y amenazaron a la reportera Karla Silva Guerrero el 4 de septiembre de 2014 en el peri\u00f3dico El Heraldo en dicha ciudad, anunci\u00f3 la directora del Centro Las Libres, Ver\u00f3nica Cruz S\u00e1nchez. El viernes termin\u00f3 el juicio abreviado contra el ex director de seguridad p\u00fablica, en el cual la fiscal\u00eda estatal, los abogados de la reportera y los defensores de Nicasio Aguirre aceptaron que la pena fuera de cuatro a\u00f1os y 11 meses de prisi\u00f3n en libertad parcial. Sin embargo, la juez baj\u00f3 la pena a tres a\u00f1os y 11 meses de trabajo comunitario en una instituci\u00f3n p\u00fablica. Con esta sentencia, el ex jefe policiaco, acusado de lesiones, amenazas y robo, no tendr\u00e1 que pasar los fines de semana en la c\u00e1rcel.<br \/>\n<a href=\"http:\/\/www.jornada.unam.mx\/2016\/07\/26\/estados\/028n6est\" target=\"_blank\">http:\/\/www.jornada.unam.mx\/2016\/07\/26\/estados\/028n6est<\/a><\/p>\n","protected":false},"excerpt":{"rendered":"<p>Carlos Garc\u00eda Guanajuato, Gto., La juez Mar\u00eda del Roc\u00edo Arias Ar\u00e9valo ser\u00e1 denunciada ante el Consejo del Poder Judicial porque redujo la pena y liber\u00f3 al ex director de seguridad &hellip; <a href=\"https:\/\/www.grieta.org.mx\/index.php\/2016\/07\/26\/denunciaran-a-juez-que-redujo-pena-al-agresor-de-reportera-de-silao\/\" class=\"more-link\">Leer m\u00e1s<\/a><\/p>\n","protected":false},"author":2,"featured_media":21928,"comment_status":"closed","ping_status":"closed","sticky":false,"template":"","format":"standard","meta":{"ngg_post_thumbnail":0,"_jetpack_newsletter_access":"","_jetpack_dont_email_post_to_subs":false,"_jetpack_newsletter_tier_id":0,"_jetpack_memberships_contains_paywalled_content":false,"_jetpack_memberships_contains_paid_content":false,"footnotes":""},"categories":[80,471],"tags":[120],"class_list":["post-17766","post","type-post","status-publish","format-standard","has-post-thumbnail","hentry","category-cintillo","category-guanajuato","tag-violencia-contra-periodistas","entry"],"jetpack_featured_media_url":"https:\/\/www.grieta.org.mx\/wp-content\/uploads\/2018\/03\/14524434_1106112876131411_958039263622046936_o.jpg","jetpack_sharing_enabled":true,"jetpack_shortlink":"https:\/\/wp.me\/p7ZJR4-4Cy","jetpack_likes_enabled":false,"jetpack-related-posts":[{"id":7251,"url":"https:\/\/www.grieta.org.mx\/index.php\/2016\/07\/26\/violencia-contra-periodistas-en-guanajuato\/","url_meta":{"origin":17766,"position":0},"title":"Violencia contra periodistas en Guanajuato","author":"grieta","date":"26 julio, 2016","format":false,"excerpt":"26\/07\/2016. Denunciar\u00e1n a juez que redujo pena al agresor de reportera de SilaoLa Jornada 16\/06\/2016. Exigen a alcalde panista frenar ataques contra comunicadoras de Gto.Proceso 14\/10\/2015. Incendian autom\u00f3vil de periodista en Irapuato; recibi\u00f3 amenazas previasArt\u00edculo 19 04\/09\/2015. A un a\u00f1o de la agresi\u00f3n a la periodista Karla Silva, entregan a\u2026","rel":"","context":"En &quot;Guanajuato&quot;","block_context":{"text":"Guanajuato","link":"https:\/\/www.grieta.org.mx\/index.php\/category\/noticias-nacionales\/guanajuato\/"},"img":{"alt_text":"","src":"https:\/\/i0.wp.com\/www.grieta.org.mx\/wp-content\/uploads\/2018\/03\/14524434_1106112876131411_958039263622046936_o.jpg?resize=350%2C200&ssl=1","width":350,"height":200,"srcset":"https:\/\/i0.wp.com\/www.grieta.org.mx\/wp-content\/uploads\/2018\/03\/14524434_1106112876131411_958039263622046936_o.jpg?resize=350%2C200&ssl=1 1x, https:\/\/i0.wp.com\/www.grieta.org.mx\/wp-content\/uploads\/2018\/03\/14524434_1106112876131411_958039263622046936_o.jpg?resize=525%2C300&ssl=1 1.5x, https:\/\/i0.wp.com\/www.grieta.org.mx\/wp-content\/uploads\/2018\/03\/14524434_1106112876131411_958039263622046936_o.jpg?resize=700%2C400&ssl=1 2x"},"classes":[]},{"id":6901,"url":"https:\/\/www.grieta.org.mx\/index.php\/2015\/09\/04\/a-un-ano-de-la-agresion-a-la-periodista-karla-silva-entregan-a-la-pgjeg-recuento-de-agresiones-y-omisiones\/","url_meta":{"origin":17766,"position":1},"title":"A un a\u00f1o de la agresi\u00f3n a la periodista Karla Silva, entregan a la PGJEG recuento de agresiones y omisiones","author":"grieta","date":"4 septiembre, 2015","format":false,"excerpt":"Guanajuato. Ha transcurrido un a\u00f1o desde la agresi\u00f3n a la periodista y corresponsal del diario El Heraldo de Le\u00f3n, Karla Silva. El proceso de impartici\u00f3n de justicia, evidenci\u00f3 la ausencia de una ley de protecci\u00f3n al oficio de informar, quedando un saldo de tres autores materiales liberados y los intelectuales\u2026","rel":"","context":"En &quot;CINTILLO&quot;","block_context":{"text":"CINTILLO","link":"https:\/\/www.grieta.org.mx\/index.php\/category\/cintillo\/"},"img":{"alt_text":"","src":"https:\/\/i0.wp.com\/www.grieta.org.mx\/wp-content\/uploads\/2018\/03\/14524434_1106112876131411_958039263622046936_o.jpg?resize=350%2C200&ssl=1","width":350,"height":200,"srcset":"https:\/\/i0.wp.com\/www.grieta.org.mx\/wp-content\/uploads\/2018\/03\/14524434_1106112876131411_958039263622046936_o.jpg?resize=350%2C200&ssl=1 1x, https:\/\/i0.wp.com\/www.grieta.org.mx\/wp-content\/uploads\/2018\/03\/14524434_1106112876131411_958039263622046936_o.jpg?resize=525%2C300&ssl=1 1.5x, https:\/\/i0.wp.com\/www.grieta.org.mx\/wp-content\/uploads\/2018\/03\/14524434_1106112876131411_958039263622046936_o.jpg?resize=700%2C400&ssl=1 2x"},"classes":[]},{"id":59595,"url":"https:\/\/www.grieta.org.mx\/index.php\/2021\/05\/07\/reportero-denuncia-amenazas-tras-publicar-nota-sobre-reclamos-de-un-joven-a-candidato-en-silao-guanajuato-2\/","url_meta":{"origin":17766,"position":2},"title":"Reportero denuncia amenazas tras publicar nota sobre reclamos de un joven a candidato en Silao (Guanajuato)","author":"grieta","date":"7 mayo, 2021","format":false,"excerpt":"Hasta hace poco Alejandro Pe\u00f1a fung\u00eda como secretario del ayuntamiento en la actual administraci\u00f3n del tambi\u00e9n panista Antonio Trejo Valdepe\u00f1a. Por Ver\u00f3nica Espinosa, Proceso viernes, 7 de mayo de 2021 GUANAJUATO, Gto. (apro).- Luego de publicar una nota sobre los reclamos de un joven colono al candidato del PAN a\u2026","rel":"","context":"En &quot;Amenzas y agresiones a periodistas en Guanajuato&quot;","block_context":{"text":"Amenzas y agresiones a periodistas en Guanajuato","link":"https:\/\/www.grieta.org.mx\/index.php\/category\/noticias-nacionales\/guanajuato\/amenzas-y-agresiones-a-periodistas-en-guanajuato\/"},"img":{"alt_text":"","src":"https:\/\/i0.wp.com\/www.grieta.org.mx\/wp-content\/uploads\/2021\/05\/f800x450-134855_186301_5050.jpeg?resize=350%2C200&ssl=1","width":350,"height":200,"srcset":"https:\/\/i0.wp.com\/www.grieta.org.mx\/wp-content\/uploads\/2021\/05\/f800x450-134855_186301_5050.jpeg?resize=350%2C200&ssl=1 1x, https:\/\/i0.wp.com\/www.grieta.org.mx\/wp-content\/uploads\/2021\/05\/f800x450-134855_186301_5050.jpeg?resize=525%2C300&ssl=1 1.5x, https:\/\/i0.wp.com\/www.grieta.org.mx\/wp-content\/uploads\/2021\/05\/f800x450-134855_186301_5050.jpeg?resize=700%2C400&ssl=1 2x"},"classes":[]},{"id":59583,"url":"https:\/\/www.grieta.org.mx\/index.php\/2021\/05\/07\/reportero-denuncia-amenazas-tras-publicar-nota-sobre-reclamos-de-un-joven-a-candidato-en-silao-guanajuato\/","url_meta":{"origin":17766,"position":3},"title":"Reportero denuncia amenazas tras publicar nota sobre reclamos de un joven a candidato en Silao (Guanajuato)","author":"grieta","date":"7 mayo, 2021","format":false,"excerpt":"Hasta hace poco Alejandro Pe\u00f1a fung\u00eda como secretario del ayuntamiento en la actual administraci\u00f3n del tambi\u00e9n panista Antonio Trejo Valdepe\u00f1a. Por Ver\u00f3nica Espinosa, Proceso, Viernes, 7 de mayo de 2021 GUANAJUATO, Gto. (apro).- Luego de publicar una nota sobre los reclamos de un joven colono al candidato del PAN a\u2026","rel":"","context":"En &quot;CINTILLO&quot;","block_context":{"text":"CINTILLO","link":"https:\/\/www.grieta.org.mx\/index.php\/category\/cintillo\/"},"img":{"alt_text":"","src":"https:\/\/i0.wp.com\/www.grieta.org.mx\/wp-content\/uploads\/2021\/05\/f800x450-134855_186301_5050.jpeg?resize=350%2C200&ssl=1","width":350,"height":200,"srcset":"https:\/\/i0.wp.com\/www.grieta.org.mx\/wp-content\/uploads\/2021\/05\/f800x450-134855_186301_5050.jpeg?resize=350%2C200&ssl=1 1x, https:\/\/i0.wp.com\/www.grieta.org.mx\/wp-content\/uploads\/2021\/05\/f800x450-134855_186301_5050.jpeg?resize=525%2C300&ssl=1 1.5x, https:\/\/i0.wp.com\/www.grieta.org.mx\/wp-content\/uploads\/2021\/05\/f800x450-134855_186301_5050.jpeg?resize=700%2C400&ssl=1 2x"},"classes":[]},{"id":64087,"url":"https:\/\/www.grieta.org.mx\/index.php\/2022\/04\/20\/sinttia-nuevo-sindicato-de-general-motors-en-silao-emplazara-a-huelga\/","url_meta":{"origin":17766,"position":4},"title":"SINTTIA, nuevo sindicato de General Motors en Silao emplazar\u00e1 a Huelga","author":"grieta","date":"20 abril, 2022","format":false,"excerpt":"Con informaci\u00f3n de El Debate, 20 de abril de 2022 Le\u00f3n, Guanajuato.- La relaci\u00f3n entre General Motors en Silao, Guanajuato y el Sindicato Independiente Nacional de Trabajadores y Trabajadoras de la Industria Automotriz (SINTTIA) sigue dando de qu\u00e9 hablar, ambas organizaciones sostuvieron hoy una reuni\u00f3n frente a un juez para\u2026","rel":"","context":"En &quot;CINTILLO&quot;","block_context":{"text":"CINTILLO","link":"https:\/\/www.grieta.org.mx\/index.php\/category\/cintillo\/"},"img":{"alt_text":"","src":"https:\/\/i0.wp.com\/www.grieta.org.mx\/wp-content\/uploads\/2022\/04\/https-_www.debate.com_.mx___export_1650472510148_sites_debate_img_2022_04_20_gm.jpg_346753400.jpg?resize=350%2C200&ssl=1","width":350,"height":200},"classes":[]},{"id":51484,"url":"https:\/\/www.grieta.org.mx\/index.php\/2020\/06\/29\/silao-se-debate-entre-el-virus-y-las-balas-mientras-las-autoridades-toman-vacaciones-guanajuato\/","url_meta":{"origin":17766,"position":5},"title":"Silao se debate entre el virus y las balas, mientras las autoridades toman vacaciones (Guanajuato)","author":"grieta","date":"29 junio, 2020","format":false,"excerpt":"Poplab, 29 de junio de 2020 Silao se ha convertido en un foco rojo, no solo por la propagaci\u00f3n del COVID-19, sino por la violencia que ha cobrado la vida de seis elementos de la polic\u00eda municipal en los \u00faltimos 15 d\u00edas, mientras las autoridades locales acordaron tomarse unas vacaciones\u2026","rel":"","context":"En &quot;CINTILLO&quot;","block_context":{"text":"CINTILLO","link":"https:\/\/www.grieta.org.mx\/index.php\/category\/cintillo\/"},"img":{"alt_text":"","src":"https:\/\/i0.wp.com\/www.grieta.org.mx\/wp-content\/uploads\/2020\/07\/JUNIO_29.jpg?resize=350%2C200&ssl=1","width":350,"height":200,"srcset":"https:\/\/i0.wp.com\/www.grieta.org.mx\/wp-content\/uploads\/2020\/07\/JUNIO_29.jpg?resize=350%2C200&ssl=1 1x, https:\/\/i0.wp.com\/www.grieta.org.mx\/wp-content\/uploads\/2020\/07\/JUNIO_29.jpg?resize=525%2C300&ssl=1 1.5x, https:\/\/i0.wp.com\/www.grieta.org.mx\/wp-content\/uploads\/2020\/07\/JUNIO_29.jpg?resize=700%2C400&ssl=1 2x"},"classes":[]}],"_links":{"self":[{"href":"https:\/\/www.grieta.org.mx\/index.php\/wp-json\/wp\/v2\/posts\/17766","targetHints":{"allow":["GET"]}}],"collection":[{"href":"https:\/\/www.grieta.org.mx\/index.php\/wp-json\/wp\/v2\/posts"}],"about":[{"href":"https:\/\/www.grieta.org.mx\/index.php\/wp-json\/wp\/v2\/types\/post"}],"author":[{"embeddable":true,"href":"https:\/\/www.grieta.org.mx\/index.php\/wp-json\/wp\/v2\/users\/2"}],"replies":[{"embeddable":true,"href":"https:\/\/www.grieta.org.mx\/index.php\/wp-json\/wp\/v2\/comments?post=17766"}],"version-history":[{"count":1,"href":"https:\/\/www.grieta.org.mx\/index.php\/wp-json\/wp\/v2\/posts\/17766\/revisions"}],"predecessor-version":[{"id":17768,"href":"https:\/\/www.grieta.org.mx\/index.php\/wp-json\/wp\/v2\/posts\/17766\/revisions\/17768"}],"wp:featuredmedia":[{"embeddable":true,"href":"https:\/\/www.grieta.org.mx\/index.php\/wp-json\/wp\/v2\/media\/21928"}],"wp:attachment":[{"href":"https:\/\/www.grieta.org.mx\/index.php\/wp-json\/wp\/v2\/media?parent=17766"}],"wp:term":[{"taxonomy":"category","embeddable":true,"href":"https:\/\/www.grieta.org.mx\/index.php\/wp-json\/wp\/v2\/categories?post=17766"},{"taxonomy":"post_tag","embeddable":true,"href":"https:\/\/www.grieta.org.mx\/index.php\/wp-json\/wp\/v2\/tags?post=17766"}],"curies":[{"name":"wp","href":"https:\/\/api.w.org\/{rel}","templated":true}]}}