{"id":17757,"date":"2016-07-24T23:50:48","date_gmt":"2016-07-25T04:50:48","guid":{"rendered":"http:\/\/www.grieta.org.mx\/?p=17757"},"modified":"2016-07-26T07:32:38","modified_gmt":"2016-07-26T12:32:38","slug":"comuneros-exigiran-a-congreso-de-oaxaca-que-no-avale-proyectos-mineros","status":"publish","type":"post","link":"https:\/\/www.grieta.org.mx\/index.php\/2016\/07\/24\/comuneros-exigiran-a-congreso-de-oaxaca-que-no-avale-proyectos-mineros\/","title":{"rendered":"Comuneros exigir\u00e1n a Congreso de Oaxaca que no avale proyectos mineros"},"content":{"rendered":"<p>Diana Manzo, Oaxaca.<\/p>\n<p>IXTEPEC, Oax., (#p\u00e1gina3.mx).- Comuneros de Ciudad Ixtepec exigir\u00e1n a las y los legisladores del Congreso de Oaxaca no avalar proyectos mineros para esta localidad porque aseguraron que son proyectos de muerte que afectar\u00e1n al medio ambiente, recursos naturales y la vida misma de la comunidad zapoteca.<\/p>\n<p>Mediante un foro convocado por la Comisar\u00eda de Bienes Comunales puntualizaron que exhortar\u00e1n al Congreso de Oaxaca para que se proponga un punto de acuerdo donde se rechace todo proyecto minero para Ciudad Ixtepec.<\/p>\n<p>En esta localidad, El consorcio Plata Real, filial de la canadiense Linear Gold Corporation, obtuvo en 2008 una concesi\u00f3n para extraer minerales del lote denominado Niza. Mediante esta concesi\u00f3n, con el n\u00famero T-232089, en 8 mil 150 hect\u00e1reas la empresa pretende extraer oro y plata a cielo abierto.<\/p>\n<p>Esta concesi\u00f3n minera con n\u00famero de t\u00edtulo 232089 fue otorgada por el Gobierno Federal a trav\u00e9s de la Direcci\u00f3n General de Regulaci\u00f3n Minera de la Secretar\u00eda de Econom\u00eda por un periodo de 50 a\u00f1os.<\/p>\n<p>Los asistentes a este evento manifestaron sin tapujos su rechazo total a la miner\u00eda y exhortaron tambi\u00e9n a las y los comuneros a no firmar ning\u00fan documento que permita a la empresa realizar excavaciones en territorio ixtepecano.<\/p>\n<p>Germ\u00e1n Rosado Valencia, presidente de los comuneros de Ciudad Ixtepec, dijo que la postura es de rechazo total al proyecto minero y tambi\u00e9n deriva de la demanda social, debido a que afectar\u00e1 a la salud y medio ambiente.<\/p>\n<p>\u201cExigimos la intervenci\u00f3n directa e inmediata de las y los diputados, nuestra postura de rechazo a la minera es inamovible, es m\u00e1s valiosa la vida que el oro y la plata, por eso exigimos, no pedimos, al Congreso de Oaxaca a que no sean c\u00f3mplices de proyectos asesinos que no solo afectan al medio ambiente sino a todo el territorio y el futuro de nuestras hijas e hijos\u201d, refiri\u00f3.<br \/>\n*Comisariado de Bienes Comunales y su Consejo de Vigilancia, con doble impugnaci\u00f3n<\/p>\n<p>Ante esta postura de los comuneros, el Comit\u00e9 Ixtepecano Vida y Territorio dio a conocer mediante una misiva que el comisariado de Bienes Comunales y su Consejo de Vigilancia tienen una doble impugnaci\u00f3n, tanto por el tribunal agrario en Tuxtepec y un juez federal.<\/p>\n<p>\u201cEl Comisariado de Bienes Comunales no tiene legalidad para decidir sobre las tierras de uso com\u00fan del pueblo porque est\u00e1 impugnado; sin embargo, la exigencia nuestra es que mediante un acta comunal con todos los requerimientos necesarios y legales se presente ante el Tribunal aAgrario en donde se rechace ceder las tierras de Ixtepec, incluyendo tambi\u00e9n al Presidente electo y todo su cabildo y no se permita el cambio de uso de suelo\u201d, refirieron.<\/p>\n<p>Finalmente, se\u00f1alaron que han presentado un amparo preventivo ciudadano con el aval de 4 mil 900 firmas de 36 barrios de Ixtepec para evitar que los tr\u00e1mites de la empresa canadiense avance; estos logros son de diversas reuniones que han realizado donde se explica qu\u00e9 es la miner\u00eda y los efectos da\u00f1inos a la vida.<\/p>\n<p><a href=\"http:\/\/pagina3.mx\/2016\/07\/comuneros-exigiran-a-congreso-de-oaxaca-que-no-avale-proyectos-mineros\/\" target=\"_blank\">http:\/\/pagina3.mx\/2016\/07\/comuneros-exigiran-a-congreso-de-oaxaca-que-no-avale-proyectos-mineros\/<\/a><\/p>\n","protected":false},"excerpt":{"rendered":"<p>Diana Manzo, Oaxaca. IXTEPEC, Oax., (#p\u00e1gina3.mx).- Comuneros de Ciudad Ixtepec exigir\u00e1n a las y los legisladores del Congreso de Oaxaca no avalar proyectos mineros para esta localidad porque aseguraron que &hellip; <a href=\"https:\/\/www.grieta.org.mx\/index.php\/2016\/07\/24\/comuneros-exigiran-a-congreso-de-oaxaca-que-no-avale-proyectos-mineros\/\" class=\"more-link\">Leer m\u00e1s<\/a><\/p>\n","protected":false},"author":2,"featured_media":21928,"comment_status":"closed","ping_status":"closed","sticky":false,"template":"","format":"standard","meta":{"ngg_post_thumbnail":0,"_jetpack_newsletter_access":"","_jetpack_dont_email_post_to_subs":false,"_jetpack_newsletter_tier_id":0,"_jetpack_memberships_contains_paywalled_content":false,"_jetpack_memberships_contains_paid_content":false,"footnotes":""},"categories":[80],"tags":[91,628,96,109,93],"class_list":["post-17757","post","type-post","status-publish","format-standard","has-post-thumbnail","hentry","category-cintillo","tag-contaminacion-ambiental","tag-defensa-del-territorio","tag-megaproyectos","tag-mineria","tag-oaxaca","entry"],"jetpack_featured_media_url":"https:\/\/www.grieta.org.mx\/wp-content\/uploads\/2018\/03\/14524434_1106112876131411_958039263622046936_o.jpg","jetpack_sharing_enabled":true,"jetpack_shortlink":"https:\/\/wp.me\/p7ZJR4-4Cp","jetpack_likes_enabled":false,"jetpack-related-posts":[{"id":2086,"url":"https:\/\/www.grieta.org.mx\/index.php\/2016\/07\/24\/conflictos-mineros-en-oaxaca\/","url_meta":{"origin":17757,"position":0},"title":"Conflictos ambientales y sociales por miner\u00eda en Oaxaca","author":"grieta","date":"24 julio, 2016","format":false,"excerpt":"24\/07\/16. Comuneros exigir\u00e1n a Congreso de Oaxaca que no avale proyectos mineros P\u00e1gina 3 23\/07\/16. Concesiones mineras acaparan 47 mil hect\u00e1reas en el istmo Istmo Press 18\/07\/16. Marchan en rechazo a la miner\u00eda en Ixtepec El Imparcial 06\/05\/16. Manifestantes exigen, en San Jos\u00e9 del Progreso, Oaxaca, la salida de empresa\u2026","rel":"","context":"En &quot;Miner\u00eda&quot;","block_context":{"text":"Miner\u00eda","link":"https:\/\/www.grieta.org.mx\/index.php\/category\/megaproyectos\/mineria\/"},"img":{"alt_text":"","src":"https:\/\/i0.wp.com\/www.grieta.org.mx\/wp-content\/uploads\/2018\/03\/14524434_1106112876131411_958039263622046936_o.jpg?resize=350%2C200&ssl=1","width":350,"height":200,"srcset":"https:\/\/i0.wp.com\/www.grieta.org.mx\/wp-content\/uploads\/2018\/03\/14524434_1106112876131411_958039263622046936_o.jpg?resize=350%2C200&ssl=1 1x, https:\/\/i0.wp.com\/www.grieta.org.mx\/wp-content\/uploads\/2018\/03\/14524434_1106112876131411_958039263622046936_o.jpg?resize=525%2C300&ssl=1 1.5x, https:\/\/i0.wp.com\/www.grieta.org.mx\/wp-content\/uploads\/2018\/03\/14524434_1106112876131411_958039263622046936_o.jpg?resize=700%2C400&ssl=1 2x"},"classes":[]},{"id":17197,"url":"https:\/\/www.grieta.org.mx\/index.php\/2016\/07\/18\/marchan-en-rechazo-a-la-mineria-en-ixtepec\/","url_meta":{"origin":17757,"position":1},"title":"Marchan en rechazo a la miner\u00eda en Ixtepec","author":"grieta","date":"18 julio, 2016","format":false,"excerpt":"Diana Manzo, Oaxaca. Ciudad Ixtepec.- Con voz fuerte y llena de rabia, Faustina Guzm\u00e1n exclam\u00f3 su rechazo a la actividad minera en Ciudad Ixtepec, ella y otras 500 personas m\u00e1s marcharon por las principales calles para dejar claro que no aceptar\u00e1n la instalaci\u00f3n de ninguna minera. La edad, rasgo y\u2026","rel":"","context":"En &quot;CINTILLO&quot;","block_context":{"text":"CINTILLO","link":"https:\/\/www.grieta.org.mx\/index.php\/category\/cintillo\/"},"img":{"alt_text":"","src":"https:\/\/i0.wp.com\/www.grieta.org.mx\/wp-content\/uploads\/2018\/03\/14524434_1106112876131411_958039263622046936_o.jpg?resize=350%2C200&ssl=1","width":350,"height":200,"srcset":"https:\/\/i0.wp.com\/www.grieta.org.mx\/wp-content\/uploads\/2018\/03\/14524434_1106112876131411_958039263622046936_o.jpg?resize=350%2C200&ssl=1 1x, https:\/\/i0.wp.com\/www.grieta.org.mx\/wp-content\/uploads\/2018\/03\/14524434_1106112876131411_958039263622046936_o.jpg?resize=525%2C300&ssl=1 1.5x, https:\/\/i0.wp.com\/www.grieta.org.mx\/wp-content\/uploads\/2018\/03\/14524434_1106112876131411_958039263622046936_o.jpg?resize=700%2C400&ssl=1 2x"},"classes":[]},{"id":40158,"url":"https:\/\/www.grieta.org.mx\/index.php\/2019\/10\/12\/comuneros-de-san-pablo-cuatro-venados-oaxaca-llaman-a-defender-las-tierras-y-advierten-sobre-posibles-agresiones-por-parte-de-los-tres-niveles-de-gobierno\/","url_meta":{"origin":17757,"position":2},"title":"Comuneros de San Pablo Cuatro Venados, Oaxaca, llaman a defender las tierras y advierten sobre posibles agresiones por parte de los tres niveles de gobierno","author":"grieta","date":"12 octubre, 2019","format":false,"excerpt":"Colectivo Grieta, 12 de Octubre de 2019 Oaxaca, Oaxaca.- Los comuneros de San Pablo 4 Venados pertenecientes a las localidades de El Rebollero, R\u00edo Minas y Paraje los Arquitos, anunciaron que la continuaci\u00f3n de su lucha en defensa de la tierra, al tiempo que reponsabilizaron a los tres niveles de\u2026","rel":"","context":"En &quot;CINTILLO&quot;","block_context":{"text":"CINTILLO","link":"https:\/\/www.grieta.org.mx\/index.php\/category\/cintillo\/"},"img":{"alt_text":"","src":"https:\/\/i0.wp.com\/www.grieta.org.mx\/wp-content\/uploads\/2019\/10\/IMG-20191013-WA0009.jpg?resize=350%2C200&ssl=1","width":350,"height":200,"srcset":"https:\/\/i0.wp.com\/www.grieta.org.mx\/wp-content\/uploads\/2019\/10\/IMG-20191013-WA0009.jpg?resize=350%2C200&ssl=1 1x, https:\/\/i0.wp.com\/www.grieta.org.mx\/wp-content\/uploads\/2019\/10\/IMG-20191013-WA0009.jpg?resize=525%2C300&ssl=1 1.5x, https:\/\/i0.wp.com\/www.grieta.org.mx\/wp-content\/uploads\/2019\/10\/IMG-20191013-WA0009.jpg?resize=700%2C400&ssl=1 2x, https:\/\/i0.wp.com\/www.grieta.org.mx\/wp-content\/uploads\/2019\/10\/IMG-20191013-WA0009.jpg?resize=1050%2C600&ssl=1 3x"},"classes":[]},{"id":10418,"url":"https:\/\/www.grieta.org.mx\/index.php\/2016\/04\/14\/mujeres-de-ixtepec-rechazan-explotacion-minera\/","url_meta":{"origin":17757,"position":3},"title":"Mujeres de Ixtepec rechazan explotaci\u00f3n minera","author":"grieta","date":"14 abril, 2016","format":false,"excerpt":"Diana Manzo, Oaxaca IXTEPEC,OAX.- Mujeres que integran el Comit\u00e9 Ixtepecano en Defensa de la vida y el territorio manifestaron mediante una misiva su rechazo al proyecto minero en Ciudad Ixtepec, el cual abarca una concesi\u00f3n de 8,150 hect\u00e1reas, denominada \u201clote NIZA\u201d. Esta concesi\u00f3n minera con n\u00famero de t\u00edtulo 232089 fue\u2026","rel":"","context":"En &quot;CINTILLO&quot;","block_context":{"text":"CINTILLO","link":"https:\/\/www.grieta.org.mx\/index.php\/category\/cintillo\/"},"img":{"alt_text":"","src":"https:\/\/i0.wp.com\/www.grieta.org.mx\/wp-content\/uploads\/2018\/03\/14524434_1106112876131411_958039263622046936_o.jpg?resize=350%2C200&ssl=1","width":350,"height":200,"srcset":"https:\/\/i0.wp.com\/www.grieta.org.mx\/wp-content\/uploads\/2018\/03\/14524434_1106112876131411_958039263622046936_o.jpg?resize=350%2C200&ssl=1 1x, https:\/\/i0.wp.com\/www.grieta.org.mx\/wp-content\/uploads\/2018\/03\/14524434_1106112876131411_958039263622046936_o.jpg?resize=525%2C300&ssl=1 1.5x, https:\/\/i0.wp.com\/www.grieta.org.mx\/wp-content\/uploads\/2018\/03\/14524434_1106112876131411_958039263622046936_o.jpg?resize=700%2C400&ssl=1 2x"},"classes":[]},{"id":10425,"url":"https:\/\/www.grieta.org.mx\/index.php\/2016\/04\/10\/pueblos-y-organizaciones-rechazan-minera-en-ixtepec\/","url_meta":{"origin":17757,"position":4},"title":"Pueblos y organizaciones rechazan minera en Ixtepec","author":"grieta","date":"10 abril, 2016","format":false,"excerpt":"Diana Manzo, Oaxaca CIUDAD IXTEPEC, OAX., (#p\u00e1gina3.mx).- Pueblos y organizaciones civiles, comunales, pescadores, ganaderas, de mujeres, j\u00f3venes, pueblos del Istmo de Tehuantepec, el estado de Oaxaca y a nivel nacional compartieron su experiencia en torno a la miner\u00eda en el foro informativo que organiz\u00f3 el Comit\u00e9 Ixtepecano en Defensa de\u2026","rel":"","context":"En &quot;CINTILLO&quot;","block_context":{"text":"CINTILLO","link":"https:\/\/www.grieta.org.mx\/index.php\/category\/cintillo\/"},"img":{"alt_text":"","src":"https:\/\/i0.wp.com\/www.grieta.org.mx\/wp-content\/uploads\/2018\/03\/14524434_1106112876131411_958039263622046936_o.jpg?resize=350%2C200&ssl=1","width":350,"height":200,"srcset":"https:\/\/i0.wp.com\/www.grieta.org.mx\/wp-content\/uploads\/2018\/03\/14524434_1106112876131411_958039263622046936_o.jpg?resize=350%2C200&ssl=1 1x, https:\/\/i0.wp.com\/www.grieta.org.mx\/wp-content\/uploads\/2018\/03\/14524434_1106112876131411_958039263622046936_o.jpg?resize=525%2C300&ssl=1 1.5x, https:\/\/i0.wp.com\/www.grieta.org.mx\/wp-content\/uploads\/2018\/03\/14524434_1106112876131411_958039263622046936_o.jpg?resize=700%2C400&ssl=1 2x"},"classes":[]},{"id":14568,"url":"https:\/\/www.grieta.org.mx\/index.php\/2016\/06\/18\/pobladores-enfrentan-a-granaderos-en-ciudad-ixtepec-oax\/","url_meta":{"origin":17757,"position":5},"title":"Pobladores enfrentan a granaderos en Ciudad Ixtepec (Oaxaca)","author":"grieta","date":"18 junio, 2016","format":false,"excerpt":"Istmopress. Mart\u00edn Vargas, Ixtepec, Oaxaca.- Pobladores de Ciudad Ixtepec encapsularon a elementos de la Polic\u00eda Estatal que se dirig\u00edan a desactivar el bloqueo en la supercarretera que conecta este municipio con Salina Cruz. Los pobladores llegaron en apoyo de maestros y padres de familia que quedaron en medio de fuerzas\u2026","rel":"","context":"En &quot;CINTILLO&quot;","block_context":{"text":"CINTILLO","link":"https:\/\/www.grieta.org.mx\/index.php\/category\/cintillo\/"},"img":{"alt_text":"","src":"https:\/\/i0.wp.com\/www.grieta.org.mx\/wp-content\/uploads\/2018\/03\/14524434_1106112876131411_958039263622046936_o.jpg?resize=350%2C200&ssl=1","width":350,"height":200,"srcset":"https:\/\/i0.wp.com\/www.grieta.org.mx\/wp-content\/uploads\/2018\/03\/14524434_1106112876131411_958039263622046936_o.jpg?resize=350%2C200&ssl=1 1x, https:\/\/i0.wp.com\/www.grieta.org.mx\/wp-content\/uploads\/2018\/03\/14524434_1106112876131411_958039263622046936_o.jpg?resize=525%2C300&ssl=1 1.5x, https:\/\/i0.wp.com\/www.grieta.org.mx\/wp-content\/uploads\/2018\/03\/14524434_1106112876131411_958039263622046936_o.jpg?resize=700%2C400&ssl=1 2x"},"classes":[]}],"_links":{"self":[{"href":"https:\/\/www.grieta.org.mx\/index.php\/wp-json\/wp\/v2\/posts\/17757","targetHints":{"allow":["GET"]}}],"collection":[{"href":"https:\/\/www.grieta.org.mx\/index.php\/wp-json\/wp\/v2\/posts"}],"about":[{"href":"https:\/\/www.grieta.org.mx\/index.php\/wp-json\/wp\/v2\/types\/post"}],"author":[{"embeddable":true,"href":"https:\/\/www.grieta.org.mx\/index.php\/wp-json\/wp\/v2\/users\/2"}],"replies":[{"embeddable":true,"href":"https:\/\/www.grieta.org.mx\/index.php\/wp-json\/wp\/v2\/comments?post=17757"}],"version-history":[{"count":1,"href":"https:\/\/www.grieta.org.mx\/index.php\/wp-json\/wp\/v2\/posts\/17757\/revisions"}],"predecessor-version":[{"id":17758,"href":"https:\/\/www.grieta.org.mx\/index.php\/wp-json\/wp\/v2\/posts\/17757\/revisions\/17758"}],"wp:featuredmedia":[{"embeddable":true,"href":"https:\/\/www.grieta.org.mx\/index.php\/wp-json\/wp\/v2\/media\/21928"}],"wp:attachment":[{"href":"https:\/\/www.grieta.org.mx\/index.php\/wp-json\/wp\/v2\/media?parent=17757"}],"wp:term":[{"taxonomy":"category","embeddable":true,"href":"https:\/\/www.grieta.org.mx\/index.php\/wp-json\/wp\/v2\/categories?post=17757"},{"taxonomy":"post_tag","embeddable":true,"href":"https:\/\/www.grieta.org.mx\/index.php\/wp-json\/wp\/v2\/tags?post=17757"}],"curies":[{"name":"wp","href":"https:\/\/api.w.org\/{rel}","templated":true}]}}