{"id":17742,"date":"2016-07-23T00:46:48","date_gmt":"2016-07-23T05:46:48","guid":{"rendered":"http:\/\/www.grieta.org.mx\/?p=17742"},"modified":"2016-07-26T00:55:01","modified_gmt":"2016-07-26T05:55:01","slug":"se-comprobo-que-policias-de-puebla-accionaron-armas-de-fuego-en-desalojo-de-comerciantes","status":"publish","type":"post","link":"https:\/\/www.grieta.org.mx\/index.php\/2016\/07\/23\/se-comprobo-que-policias-de-puebla-accionaron-armas-de-fuego-en-desalojo-de-comerciantes\/","title":{"rendered":"Se comprob\u00f3 que polic\u00edas de Puebla accionaron armas de fuego en desalojo de comerciantes"},"content":{"rendered":"<p><img loading=\"lazy\" decoding=\"async\" data-attachment-id=\"17744\" data-permalink=\"https:\/\/www.grieta.org.mx\/index.php\/2016\/07\/23\/se-comprobo-que-policias-de-puebla-accionaron-armas-de-fuego-en-desalojo-de-comerciantes\/enfrentameinto-puebla\/\" data-orig-file=\"https:\/\/www.grieta.org.mx\/wp-content\/uploads\/2016\/07\/enfrentameinto-puebla.jpg\" data-orig-size=\"600,390\" data-comments-opened=\"0\" data-image-meta=\"{&quot;aperture&quot;:&quot;0&quot;,&quot;credit&quot;:&quot;&quot;,&quot;camera&quot;:&quot;&quot;,&quot;caption&quot;:&quot;&quot;,&quot;created_timestamp&quot;:&quot;0&quot;,&quot;copyright&quot;:&quot;&quot;,&quot;focal_length&quot;:&quot;0&quot;,&quot;iso&quot;:&quot;0&quot;,&quot;shutter_speed&quot;:&quot;0&quot;,&quot;title&quot;:&quot;&quot;,&quot;orientation&quot;:&quot;0&quot;}\" data-image-title=\"enfrentameinto-puebla\" data-image-description=\"\" data-image-caption=\"\" data-medium-file=\"https:\/\/www.grieta.org.mx\/wp-content\/uploads\/2016\/07\/enfrentameinto-puebla-300x195.jpg\" data-large-file=\"https:\/\/www.grieta.org.mx\/wp-content\/uploads\/2016\/07\/enfrentameinto-puebla.jpg\" src=\"http:\/\/www.grieta.org.mx\/wp-content\/uploads\/2016\/07\/enfrentameinto-puebla.jpg\" alt=\"enfrentameinto-puebla\" width=\"600\" height=\"390\" class=\"aligncenter size-full wp-image-17744\" srcset=\"https:\/\/www.grieta.org.mx\/wp-content\/uploads\/2016\/07\/enfrentameinto-puebla.jpg 600w, https:\/\/www.grieta.org.mx\/wp-content\/uploads\/2016\/07\/enfrentameinto-puebla-300x195.jpg 300w\" sizes=\"auto, (max-width: 600px) 100vw, 600px\" \/><\/p>\n<p>Regeneraci\u00f3n 23 de julio de 2016.- En los manuales de la polic\u00eda, se dice que reservar\u00e1n el uso de la fuerza a situaciones en las que sea \u201cestrictamente necesario y en la medida que lo requiera el desempe\u00f1o de sus tareas\u201d, sin embargo, esto tambi\u00e9n parece ser letra muerta.<\/p>\n<p>En el enfrentamiento de ayer, en el que comerciantes y polic\u00edas se enfrentaron en las calles del centro hist\u00f3rico de Puebla, los agentes accionaron sus armas de fuego cuando, de primera instancia, los comerciantes se defend\u00edan con piedras y palos.<\/p>\n<p>Durante el operativo, en el que resultaron heridas al menos 13 personas, algunos videos en internet muestran la manera en la que los agentes se intentaron acercar a los sitios de donde remov\u00edan a los comerciantes quienes a su vez los agred\u00edan.<\/p>\n<p>Durante el video, no se justifica el uso de armas de parte de la polic\u00eda pues los comerciantes no las ten\u00edan.<\/p>\n<p>En varias ocasiones, la polic\u00eda ha sido se\u00f1alada por el uso de la fuerza y violaci\u00f3n a los derechos humanos en la remoci\u00f3n de manifestantes o comerciantes de parte de las autoridades pese a que en los protocolos de la propia polic\u00eda indican la forma en que deben actuar.<\/p>\n<p>\u201cCumplir\u00e1n en todo momento los deberes que les impone la ley, sirviendo a su comunidad y protegiendo a todas las personas contra actos ilegales; \u00a7 Respetar\u00e1n y proteger\u00e1n la dignidad humana y mantendr\u00e1n y defender\u00e1n los derechos humanos de todas las personas; \u00a7 Podr\u00e1n usar la fuerza solo cuando sea estrictamente necesario y en la medida que lo requiera el desempe\u00f1o de sus tareas; \u00a7 Mantendr\u00e1n en secreto las cuestiones de car\u00e1cter confidencial; \u00a7 No podr\u00e1n infligir, instigar o tolerar ning\u00fan acto de tortura u otros tratos o penas crueles, inhumanos o degradantes; \u00a7 Asegurar\u00e1n la plena protecci\u00f3n de la salud de las personas bajo su custodia; \u00a7 No cometer\u00e1n ning\u00fan acto de corrupci\u00f3n; y \u00a7 Har\u00e1n cuanto est\u00e9 a su alcance por impedir toda violaci\u00f3n del C\u00f3digo y por oponerse rigurosamente a tal violaci\u00f3n\u201d, dice el documento, abierto a consulta electr\u00f3nica.<\/p>\n<div class=\"jetpack-video-wrapper\"><iframe loading=\"lazy\" title=\"Polic\u00eda de Puebla dispara contra ambulantes en operativo\" width=\"1170\" height=\"878\" src=\"https:\/\/www.youtube.com\/embed\/yZU92b2CCUQ?feature=oembed\" frameborder=\"0\" allow=\"accelerometer; autoplay; clipboard-write; encrypted-media; gyroscope; picture-in-picture\" allowfullscreen><\/iframe><\/div>\n<p><a href=\"http:\/\/regeneracion.mx\/se-compruebo-que-policias-de-puebla-accionaron-armas-de-fuego-en-desalojo-de-comerciantes\/\">http:\/\/regeneracion.mx\/se-compruebo-que-policias-de-puebla-accionaron-armas-de-fuego-en-desalojo-de-comerciantes\/<\/a><\/p>\n","protected":false},"excerpt":{"rendered":"<p>Regeneraci\u00f3n 23 de julio de 2016.- En los manuales de la polic\u00eda, se dice que reservar\u00e1n el uso de la fuerza a situaciones en las que sea \u201cestrictamente necesario y &hellip; <a href=\"https:\/\/www.grieta.org.mx\/index.php\/2016\/07\/23\/se-comprobo-que-policias-de-puebla-accionaron-armas-de-fuego-en-desalojo-de-comerciantes\/\" class=\"more-link\">Leer m\u00e1s<\/a><\/p>\n","protected":false},"author":2,"featured_media":21928,"comment_status":"closed","ping_status":"closed","sticky":false,"template":"","format":"standard","meta":{"ngg_post_thumbnail":0,"_jetpack_newsletter_access":"","_jetpack_dont_email_post_to_subs":false,"_jetpack_newsletter_tier_id":0,"_jetpack_memberships_contains_paywalled_content":false,"_jetpack_memberships_contains_paid_content":false,"footnotes":""},"categories":[80],"tags":[703],"class_list":["post-17742","post","type-post","status-publish","format-standard","has-post-thumbnail","hentry","category-cintillo","tag-violencia-policiaca","entry"],"jetpack_featured_media_url":"https:\/\/www.grieta.org.mx\/wp-content\/uploads\/2018\/03\/14524434_1106112876131411_958039263622046936_o.jpg","jetpack_sharing_enabled":true,"jetpack_shortlink":"https:\/\/wp.me\/p7ZJR4-4Ca","jetpack_likes_enabled":false,"jetpack-related-posts":[{"id":13797,"url":"https:\/\/www.grieta.org.mx\/index.php\/2016\/07\/23\/pobadores-contra-violencia-policiaca-en-puebla\/","url_meta":{"origin":17742,"position":0},"title":"Violencia policiaca en Puebla","author":"grieta","date":"23 julio, 2016","format":false,"excerpt":"23\/07\/16. Se comprob\u00f3 que polic\u00edas de Puebla accionaron armas de fuego en desalojo de comerciantes Regeneraci\u00f3n 11\/07\/16. Puebla, dos a\u00f1os bajo el dominio de la Ley Bala; el Congreso desatiende iniciativa para abrogarla La Jornada de Oriente 03\/07\/16. Violaci\u00f3n, m\u00e9todo para arrancar confesiones a mujeres en Puebla: AI Intolerancia Diario\u2026","rel":"","context":"En &quot;NOTICIAS NACIONALES&quot;","block_context":{"text":"NOTICIAS NACIONALES","link":"https:\/\/www.grieta.org.mx\/index.php\/category\/noticias-nacionales\/"},"img":{"alt_text":"","src":"https:\/\/i0.wp.com\/www.grieta.org.mx\/wp-content\/uploads\/2018\/03\/14524434_1106112876131411_958039263622046936_o.jpg?resize=350%2C200&ssl=1","width":350,"height":200,"srcset":"https:\/\/i0.wp.com\/www.grieta.org.mx\/wp-content\/uploads\/2018\/03\/14524434_1106112876131411_958039263622046936_o.jpg?resize=350%2C200&ssl=1 1x, https:\/\/i0.wp.com\/www.grieta.org.mx\/wp-content\/uploads\/2018\/03\/14524434_1106112876131411_958039263622046936_o.jpg?resize=525%2C300&ssl=1 1.5x, https:\/\/i0.wp.com\/www.grieta.org.mx\/wp-content\/uploads\/2018\/03\/14524434_1106112876131411_958039263622046936_o.jpg?resize=700%2C400&ssl=1 2x"},"classes":[]},{"id":62034,"url":"https:\/\/www.grieta.org.mx\/index.php\/2021\/09\/17\/se-enfrentan-comerciantes-y-policias-municipales-en-mercado-de-oaxaca\/","url_meta":{"origin":17742,"position":1},"title":"Se enfrentan comerciantes y polic\u00edas municipales en mercado de Oaxaca","author":"grieta","date":"17 septiembre, 2021","format":false,"excerpt":"Noticias \/ Luis \u00c1ngel M\u00e1rquez. La noche del jueves 16 de septiembre se registr\u00f3 un enfrentamiento entre comerciantes de la Central de Abastos y elementos de la Polic\u00eda Municipal de Oaxaca Ju\u00e1rez. De acuerdo con el testimonio del secretario de la organizaci\u00f3n 15 de septiembre, Gonzalo Rodr\u00edguez Cort\u00e9s, el incidente\u2026","rel":"","context":"En &quot;Brutalidad polic\u00edaca en Oaxaca&quot;","block_context":{"text":"Brutalidad polic\u00edaca en Oaxaca","link":"https:\/\/www.grieta.org.mx\/index.php\/category\/noticias-nacionales\/oaxaca\/brutalidad-policiaca-en-oaxaca\/"},"img":{"alt_text":"","src":"https:\/\/i0.wp.com\/www.grieta.org.mx\/wp-content\/uploads\/2021\/09\/3.jpg?resize=350%2C200&ssl=1","width":350,"height":200,"srcset":"https:\/\/i0.wp.com\/www.grieta.org.mx\/wp-content\/uploads\/2021\/09\/3.jpg?resize=350%2C200&ssl=1 1x, https:\/\/i0.wp.com\/www.grieta.org.mx\/wp-content\/uploads\/2021\/09\/3.jpg?resize=525%2C300&ssl=1 1.5x, https:\/\/i0.wp.com\/www.grieta.org.mx\/wp-content\/uploads\/2021\/09\/3.jpg?resize=700%2C400&ssl=1 2x"},"classes":[]},{"id":49259,"url":"https:\/\/www.grieta.org.mx\/index.php\/2020\/04\/24\/policias-enfrentan-a-comerciantes-mientras-san-luis-sufre-ataques-armados\/","url_meta":{"origin":17742,"position":2},"title":"Polic\u00edas enfrentan a comerciantes mientras San Luis sufre ataques armados","author":"grieta","date":"24 abril, 2020","format":false,"excerpt":"Redacci\u00f3n\/C\u00f3digo San Luis 24 abril 2020 * Agentes municipales agreden a vendedores de comida en la Delegaci\u00f3n de La Pila * El pasado jueves, en menos de una hora, la ciudad registr\u00f3 tres ataques armados Mientras que la capital potosina se encuentra al rojo vivo y sufre los estragos de\u2026","rel":"","context":"En &quot;CINTILLO&quot;","block_context":{"text":"CINTILLO","link":"https:\/\/www.grieta.org.mx\/index.php\/category\/cintillo\/"},"img":{"alt_text":"","src":"https:\/\/i0.wp.com\/www.grieta.org.mx\/wp-content\/uploads\/2020\/05\/policias.jpg?resize=350%2C200&ssl=1","width":350,"height":200,"srcset":"https:\/\/i0.wp.com\/www.grieta.org.mx\/wp-content\/uploads\/2020\/05\/policias.jpg?resize=350%2C200&ssl=1 1x, https:\/\/i0.wp.com\/www.grieta.org.mx\/wp-content\/uploads\/2020\/05\/policias.jpg?resize=525%2C300&ssl=1 1.5x"},"classes":[]},{"id":15142,"url":"https:\/\/www.grieta.org.mx\/index.php\/2016\/06\/17\/pobladores-de-tezoapan-puebla-toman-carretera\/","url_meta":{"origin":17742,"position":3},"title":"Pobladores de Tezoapan, Puebla &#8216;toman&#8217; carretera","author":"grieta","date":"17 junio, 2016","format":false,"excerpt":"Por Elizabeth Rodr\u00edguez Ca\u00f1ada Morelos, Pue. Pobladores de la rancher\u00eda de Tezoapan bloquearon la carretera 144 que comunica al municipio poblano de Tehuac\u00e1n con el estado de Veracruz, e incendiaron veh\u00edculos para exigir la liberaci\u00f3n de tres pobladores presuntamente acusados de robo y que cesen los abuso de autoridad de\u2026","rel":"","context":"En &quot;CINTILLO&quot;","block_context":{"text":"CINTILLO","link":"https:\/\/www.grieta.org.mx\/index.php\/category\/cintillo\/"},"img":{"alt_text":"","src":"https:\/\/i0.wp.com\/www.grieta.org.mx\/wp-content\/uploads\/2018\/03\/14524434_1106112876131411_958039263622046936_o.jpg?resize=350%2C200&ssl=1","width":350,"height":200,"srcset":"https:\/\/i0.wp.com\/www.grieta.org.mx\/wp-content\/uploads\/2018\/03\/14524434_1106112876131411_958039263622046936_o.jpg?resize=350%2C200&ssl=1 1x, https:\/\/i0.wp.com\/www.grieta.org.mx\/wp-content\/uploads\/2018\/03\/14524434_1106112876131411_958039263622046936_o.jpg?resize=525%2C300&ssl=1 1.5x, https:\/\/i0.wp.com\/www.grieta.org.mx\/wp-content\/uploads\/2018\/03\/14524434_1106112876131411_958039263622046936_o.jpg?resize=700%2C400&ssl=1 2x"},"classes":[]},{"id":14477,"url":"https:\/\/www.grieta.org.mx\/index.php\/2016\/06\/14\/comerciantes-y-ciudadanos-arman-frente-contra-obras-del-edil-de-san-pedro-puebla\/","url_meta":{"origin":17742,"position":4},"title":"Comerciantes y ciudadanos arman frente contra obras del edil de San Pedro (Puebla)","author":"grieta","date":"14 junio, 2016","format":false,"excerpt":"Por Arturo Manzano San Pedro Cholula, Pue.- Diversos movimientos de resistencia civil anunciaron la realizaci\u00f3n de una marcha en contra de los proyectos impulsados por el presidente municipal de San Pedro Cholula, Jos\u00e9 Juan Espinosa Torres y la forma en c\u00f3mo quiere imponerlos. Pese a que la movilizaci\u00f3n, convocada para\u2026","rel":"","context":"En &quot;CINTILLO&quot;","block_context":{"text":"CINTILLO","link":"https:\/\/www.grieta.org.mx\/index.php\/category\/cintillo\/"},"img":{"alt_text":"","src":"https:\/\/i0.wp.com\/www.grieta.org.mx\/wp-content\/uploads\/2018\/03\/14524434_1106112876131411_958039263622046936_o.jpg?resize=350%2C200&ssl=1","width":350,"height":200,"srcset":"https:\/\/i0.wp.com\/www.grieta.org.mx\/wp-content\/uploads\/2018\/03\/14524434_1106112876131411_958039263622046936_o.jpg?resize=350%2C200&ssl=1 1x, https:\/\/i0.wp.com\/www.grieta.org.mx\/wp-content\/uploads\/2018\/03\/14524434_1106112876131411_958039263622046936_o.jpg?resize=525%2C300&ssl=1 1.5x, https:\/\/i0.wp.com\/www.grieta.org.mx\/wp-content\/uploads\/2018\/03\/14524434_1106112876131411_958039263622046936_o.jpg?resize=700%2C400&ssl=1 2x"},"classes":[]},{"id":24645,"url":"https:\/\/www.grieta.org.mx\/index.php\/2018\/06\/29\/comerciantes-indigenas-acusan-de-racista-y-discriminatorio-a-alcalde-de-ensenada-los-apresan-baja-california\/","url_meta":{"origin":17742,"position":5},"title":"Comerciantes ind\u00edgenas acusan de racista y discriminatorio a alcalde de Ensenada; los apresan (Baja California)","author":"grieta","date":"29 junio, 2018","format":false,"excerpt":"Agencia Informativa Lindero Norte \/ Periodismo Sin Fronteras. Antonio Heras, Mexicali.- Comerciantes y artesanos ind\u00edgenas de Ensenada mantienen una huelga de hambre para exigir que les respeten los permisos de venta en la zona comercial de este puerto bajacaliforniano y se\u00f1alan de racismo al gobierno municipal. Durante el mediodia de\u2026","rel":"","context":"En &quot;Baja California&quot;","block_context":{"text":"Baja California","link":"https:\/\/www.grieta.org.mx\/index.php\/category\/noticias-nacionales\/baja-california\/"},"img":{"alt_text":"","src":"https:\/\/i0.wp.com\/www.grieta.org.mx\/wp-content\/uploads\/2018\/07\/img-20180628-wa0016951864171.jpg?resize=350%2C200&ssl=1","width":350,"height":200,"srcset":"https:\/\/i0.wp.com\/www.grieta.org.mx\/wp-content\/uploads\/2018\/07\/img-20180628-wa0016951864171.jpg?resize=350%2C200&ssl=1 1x, https:\/\/i0.wp.com\/www.grieta.org.mx\/wp-content\/uploads\/2018\/07\/img-20180628-wa0016951864171.jpg?resize=525%2C300&ssl=1 1.5x"},"classes":[]}],"_links":{"self":[{"href":"https:\/\/www.grieta.org.mx\/index.php\/wp-json\/wp\/v2\/posts\/17742","targetHints":{"allow":["GET"]}}],"collection":[{"href":"https:\/\/www.grieta.org.mx\/index.php\/wp-json\/wp\/v2\/posts"}],"about":[{"href":"https:\/\/www.grieta.org.mx\/index.php\/wp-json\/wp\/v2\/types\/post"}],"author":[{"embeddable":true,"href":"https:\/\/www.grieta.org.mx\/index.php\/wp-json\/wp\/v2\/users\/2"}],"replies":[{"embeddable":true,"href":"https:\/\/www.grieta.org.mx\/index.php\/wp-json\/wp\/v2\/comments?post=17742"}],"version-history":[{"count":1,"href":"https:\/\/www.grieta.org.mx\/index.php\/wp-json\/wp\/v2\/posts\/17742\/revisions"}],"predecessor-version":[{"id":17745,"href":"https:\/\/www.grieta.org.mx\/index.php\/wp-json\/wp\/v2\/posts\/17742\/revisions\/17745"}],"wp:featuredmedia":[{"embeddable":true,"href":"https:\/\/www.grieta.org.mx\/index.php\/wp-json\/wp\/v2\/media\/21928"}],"wp:attachment":[{"href":"https:\/\/www.grieta.org.mx\/index.php\/wp-json\/wp\/v2\/media?parent=17742"}],"wp:term":[{"taxonomy":"category","embeddable":true,"href":"https:\/\/www.grieta.org.mx\/index.php\/wp-json\/wp\/v2\/categories?post=17742"},{"taxonomy":"post_tag","embeddable":true,"href":"https:\/\/www.grieta.org.mx\/index.php\/wp-json\/wp\/v2\/tags?post=17742"}],"curies":[{"name":"wp","href":"https:\/\/api.w.org\/{rel}","templated":true}]}}