{"id":17697,"date":"2016-07-24T22:21:43","date_gmt":"2016-07-25T03:21:43","guid":{"rendered":"http:\/\/www.grieta.org.mx\/?p=17697"},"modified":"2016-07-25T22:43:03","modified_gmt":"2016-07-26T03:43:03","slug":"danos-a-la-salud-en-trabajadores-jornaleros-de-nayarit","status":"publish","type":"post","link":"https:\/\/www.grieta.org.mx\/index.php\/2016\/07\/24\/danos-a-la-salud-en-trabajadores-jornaleros-de-nayarit\/","title":{"rendered":"Da\u00f1os a la salud en trabajadores jornaleros de Nayarit"},"content":{"rendered":"<p><strong>24\/07\/16. <\/strong><a href=\"http:\/\/www.grieta.org.mx\/index.php\/2016\/07\/24\/investigan-efectos-de-plaguicidas-en-la-salud-de-indigenas-de-nayarit\/\">Investigan efectos de plaguicidas en la salud de ind\u00edgenas de Nayarit<\/a><br \/>\n<em>Conacyt Agencia Informativa<\/em><\/p>\n","protected":false},"excerpt":{"rendered":"<p>24\/07\/16. Investigan efectos de plaguicidas en la salud de ind\u00edgenas de Nayarit Conacyt Agencia Informativa<\/p>\n","protected":false},"author":2,"featured_media":21928,"comment_status":"closed","ping_status":"closed","sticky":false,"template":"","format":"standard","meta":{"ngg_post_thumbnail":0,"_jetpack_newsletter_access":"","_jetpack_dont_email_post_to_subs":false,"_jetpack_newsletter_tier_id":0,"_jetpack_memberships_contains_paywalled_content":false,"_jetpack_memberships_contains_paid_content":false,"footnotes":""},"categories":[80,85,23],"tags":[],"class_list":["post-17697","post","type-post","status-publish","format-standard","has-post-thumbnail","hentry","category-cintillo","category-jornaleros","category-nayarit","entry"],"jetpack_featured_media_url":"https:\/\/www.grieta.org.mx\/wp-content\/uploads\/2018\/03\/14524434_1106112876131411_958039263622046936_o.jpg","jetpack_sharing_enabled":true,"jetpack_shortlink":"https:\/\/wp.me\/p7ZJR4-4Br","jetpack_likes_enabled":false,"jetpack-related-posts":[{"id":4224,"url":"https:\/\/www.grieta.org.mx\/index.php\/2015\/04\/14\/jornaleros-agricolas-en-nayarit\/","url_meta":{"origin":17697,"position":0},"title":"Jornaleros agr\u00edcolas en Nayarit","author":"grieta","date":"14 abril, 2015","format":false,"excerpt":"14\/04\/15. Denuncian abusos a jornaleros agr\u00edcolas El sol de Nayarit","rel":"","context":"En &quot;Jornaleros&quot;","block_context":{"text":"Jornaleros","link":"https:\/\/www.grieta.org.mx\/index.php\/category\/temas-nacionales\/jornaleros\/"},"img":{"alt_text":"","src":"https:\/\/i0.wp.com\/www.grieta.org.mx\/wp-content\/uploads\/2018\/03\/14524434_1106112876131411_958039263622046936_o.jpg?resize=350%2C200&ssl=1","width":350,"height":200,"srcset":"https:\/\/i0.wp.com\/www.grieta.org.mx\/wp-content\/uploads\/2018\/03\/14524434_1106112876131411_958039263622046936_o.jpg?resize=350%2C200&ssl=1 1x, https:\/\/i0.wp.com\/www.grieta.org.mx\/wp-content\/uploads\/2018\/03\/14524434_1106112876131411_958039263622046936_o.jpg?resize=525%2C300&ssl=1 1.5x, https:\/\/i0.wp.com\/www.grieta.org.mx\/wp-content\/uploads\/2018\/03\/14524434_1106112876131411_958039263622046936_o.jpg?resize=700%2C400&ssl=1 2x"},"classes":[]},{"id":16410,"url":"https:\/\/www.grieta.org.mx\/index.php\/2016\/07\/10\/jornaleros-zapotecas-denuncian-maltrato-y-discriminacion-en-cortes-de-cana-en-nayarit\/","url_meta":{"origin":17697,"position":1},"title":"Jornaleros zapotecas denuncian maltrato y discriminaci\u00f3n en cortes de ca\u00f1a en Nayarit","author":"grieta","date":"10 julio, 2016","format":false,"excerpt":"P\u00e1gina 3. Diana Manzo, Santa Mar\u00eda Xadani, Oaxaca.- Jornaleros zapotecas que en noviembre del 2015 fueron contratados por el corte de ca\u00f1a en Tepic, Nayarit, denunciaron maltrato y discriminaci\u00f3n en la zafra por parte de los due\u00f1os, ante ello decidieron regresar a su localidad de Santa Mar\u00eda Xadani en el\u2026","rel":"","context":"En &quot;CINTILLO&quot;","block_context":{"text":"CINTILLO","link":"https:\/\/www.grieta.org.mx\/index.php\/category\/cintillo\/"},"img":{"alt_text":"","src":"https:\/\/i0.wp.com\/www.grieta.org.mx\/wp-content\/uploads\/2018\/03\/14524434_1106112876131411_958039263622046936_o.jpg?resize=350%2C200&ssl=1","width":350,"height":200,"srcset":"https:\/\/i0.wp.com\/www.grieta.org.mx\/wp-content\/uploads\/2018\/03\/14524434_1106112876131411_958039263622046936_o.jpg?resize=350%2C200&ssl=1 1x, https:\/\/i0.wp.com\/www.grieta.org.mx\/wp-content\/uploads\/2018\/03\/14524434_1106112876131411_958039263622046936_o.jpg?resize=525%2C300&ssl=1 1.5x, https:\/\/i0.wp.com\/www.grieta.org.mx\/wp-content\/uploads\/2018\/03\/14524434_1106112876131411_958039263622046936_o.jpg?resize=700%2C400&ssl=1 2x"},"classes":[]},{"id":17698,"url":"https:\/\/www.grieta.org.mx\/index.php\/2016\/07\/24\/investigan-efectos-de-plaguicidas-en-la-salud-de-indigenas-de-nayarit\/","url_meta":{"origin":17697,"position":2},"title":"Investigan efectos de plaguicidas en la salud de ind\u00edgenas de Nayarit","author":"grieta","date":"24 julio, 2016","format":false,"excerpt":"Claudia Karina G\u00f3mez Cancino\/Coanacyt Agencia Informativa Tepic, Nayarit. 24 de julio de 2016 (Agencia Informativa Conacyt).- La doctora en ciencias ambientales Yael Yvette Bernal Hern\u00e1ndez, de la Universidad Aut\u00f3noma de Nayarit (UAN), encabeza la investigaci\u00f3n para conocer el estado de salud de jornaleros ind\u00edgenas huicholes \u2014wix\u00e1rikas\u2014 que trabajan en zonas\u2026","rel":"","context":"En &quot;CINTILLO&quot;","block_context":{"text":"CINTILLO","link":"https:\/\/www.grieta.org.mx\/index.php\/category\/cintillo\/"},"img":{"alt_text":"","src":"https:\/\/i0.wp.com\/www.grieta.org.mx\/wp-content\/uploads\/2018\/03\/14524434_1106112876131411_958039263622046936_o.jpg?resize=350%2C200&ssl=1","width":350,"height":200,"srcset":"https:\/\/i0.wp.com\/www.grieta.org.mx\/wp-content\/uploads\/2018\/03\/14524434_1106112876131411_958039263622046936_o.jpg?resize=350%2C200&ssl=1 1x, https:\/\/i0.wp.com\/www.grieta.org.mx\/wp-content\/uploads\/2018\/03\/14524434_1106112876131411_958039263622046936_o.jpg?resize=525%2C300&ssl=1 1.5x, https:\/\/i0.wp.com\/www.grieta.org.mx\/wp-content\/uploads\/2018\/03\/14524434_1106112876131411_958039263622046936_o.jpg?resize=700%2C400&ssl=1 2x"},"classes":[]},{"id":4223,"url":"https:\/\/www.grieta.org.mx\/index.php\/2015\/04\/14\/denuncian-abusos-a-jornaleros-agricolas\/","url_meta":{"origin":17697,"position":3},"title":"Denuncian abusos a jornaleros agr\u00edcolas","author":"grieta","date":"14 abril, 2015","format":false,"excerpt":"Redacci\u00f3n\/El Sol de Nayarit Los denunciantes precisaron que en Nayarit los casos se dan con mayor frecuencia en municipios de la zona norte del estado. Ante instancias nacionales, defensores de los derechos de los jornaleros agr\u00edcolas denunciaron la explotaci\u00f3n generalizada a la que son sometidos los ind\u00edgenas que cada a\u00f1o\u2026","rel":"","context":"En &quot;CINTILLO&quot;","block_context":{"text":"CINTILLO","link":"https:\/\/www.grieta.org.mx\/index.php\/category\/cintillo\/"},"img":{"alt_text":"","src":"https:\/\/i0.wp.com\/www.grieta.org.mx\/wp-content\/uploads\/2018\/03\/14524434_1106112876131411_958039263622046936_o.jpg?resize=350%2C200&ssl=1","width":350,"height":200,"srcset":"https:\/\/i0.wp.com\/www.grieta.org.mx\/wp-content\/uploads\/2018\/03\/14524434_1106112876131411_958039263622046936_o.jpg?resize=350%2C200&ssl=1 1x, https:\/\/i0.wp.com\/www.grieta.org.mx\/wp-content\/uploads\/2018\/03\/14524434_1106112876131411_958039263622046936_o.jpg?resize=525%2C300&ssl=1 1.5x, https:\/\/i0.wp.com\/www.grieta.org.mx\/wp-content\/uploads\/2018\/03\/14524434_1106112876131411_958039263622046936_o.jpg?resize=700%2C400&ssl=1 2x"},"classes":[]},{"id":22023,"url":"https:\/\/www.grieta.org.mx\/index.php\/2018\/03\/10\/jornaleros-de-nayarit-denuncian-que-no-les-pagaron-el-sueldo-acordado-la-mayoria-mujeres\/","url_meta":{"origin":17697,"position":4},"title":"Jornaleros de Nayarit denuncian que no les pagaron el sueldo acordado, la mayor\u00eda mujeres","author":"grieta","date":"10 marzo, 2018","format":false,"excerpt":"Los jornaleros aseguraron que ya hab\u00edan trabajo con otras empresas, esta no es la primera vez que no reciben el salario que hab\u00edan acordado. Regeneraci\u00f3n, 10 de marzo de 2018.- Jornaleros agr\u00edcolas del estado de Nayarit, en su mayor\u00eda mujeres, acudieron a la Comuna de Escuinapa para denunciar el abuso\u2026","rel":"","context":"En &quot;CINTILLO&quot;","block_context":{"text":"CINTILLO","link":"https:\/\/www.grieta.org.mx\/index.php\/category\/cintillo\/"},"img":{"alt_text":"","src":"https:\/\/i0.wp.com\/www.grieta.org.mx\/wp-content\/uploads\/2018\/03\/jornaleros.jpg?resize=350%2C200&ssl=1","width":350,"height":200,"srcset":"https:\/\/i0.wp.com\/www.grieta.org.mx\/wp-content\/uploads\/2018\/03\/jornaleros.jpg?resize=350%2C200&ssl=1 1x, https:\/\/i0.wp.com\/www.grieta.org.mx\/wp-content\/uploads\/2018\/03\/jornaleros.jpg?resize=525%2C300&ssl=1 1.5x"},"classes":[]},{"id":4165,"url":"https:\/\/www.grieta.org.mx\/index.php\/2015\/08\/11\/trabajadores-de-nayarit-contra-la-privatizacion-de-la-salud\/","url_meta":{"origin":17697,"position":5},"title":"Trabajadores de Nayarit contra la privatizaci\u00f3n de la salud","author":"grieta","date":"11 agosto, 2015","format":false,"excerpt":"11\/08\/15. Defendemos la Seguridad Social, no estamos contra el sindicato: Trabajadores del IMSS Independiente","rel":"","context":"En &quot;nayarit&quot;","block_context":{"text":"nayarit","link":"https:\/\/www.grieta.org.mx\/index.php\/category\/nayarit\/"},"img":{"alt_text":"","src":"https:\/\/i0.wp.com\/www.grieta.org.mx\/wp-content\/uploads\/2018\/03\/14524434_1106112876131411_958039263622046936_o.jpg?resize=350%2C200&ssl=1","width":350,"height":200,"srcset":"https:\/\/i0.wp.com\/www.grieta.org.mx\/wp-content\/uploads\/2018\/03\/14524434_1106112876131411_958039263622046936_o.jpg?resize=350%2C200&ssl=1 1x, https:\/\/i0.wp.com\/www.grieta.org.mx\/wp-content\/uploads\/2018\/03\/14524434_1106112876131411_958039263622046936_o.jpg?resize=525%2C300&ssl=1 1.5x, https:\/\/i0.wp.com\/www.grieta.org.mx\/wp-content\/uploads\/2018\/03\/14524434_1106112876131411_958039263622046936_o.jpg?resize=700%2C400&ssl=1 2x"},"classes":[]}],"_links":{"self":[{"href":"https:\/\/www.grieta.org.mx\/index.php\/wp-json\/wp\/v2\/posts\/17697","targetHints":{"allow":["GET"]}}],"collection":[{"href":"https:\/\/www.grieta.org.mx\/index.php\/wp-json\/wp\/v2\/posts"}],"about":[{"href":"https:\/\/www.grieta.org.mx\/index.php\/wp-json\/wp\/v2\/types\/post"}],"author":[{"embeddable":true,"href":"https:\/\/www.grieta.org.mx\/index.php\/wp-json\/wp\/v2\/users\/2"}],"replies":[{"embeddable":true,"href":"https:\/\/www.grieta.org.mx\/index.php\/wp-json\/wp\/v2\/comments?post=17697"}],"version-history":[{"count":1,"href":"https:\/\/www.grieta.org.mx\/index.php\/wp-json\/wp\/v2\/posts\/17697\/revisions"}],"predecessor-version":[{"id":17701,"href":"https:\/\/www.grieta.org.mx\/index.php\/wp-json\/wp\/v2\/posts\/17697\/revisions\/17701"}],"wp:featuredmedia":[{"embeddable":true,"href":"https:\/\/www.grieta.org.mx\/index.php\/wp-json\/wp\/v2\/media\/21928"}],"wp:attachment":[{"href":"https:\/\/www.grieta.org.mx\/index.php\/wp-json\/wp\/v2\/media?parent=17697"}],"wp:term":[{"taxonomy":"category","embeddable":true,"href":"https:\/\/www.grieta.org.mx\/index.php\/wp-json\/wp\/v2\/categories?post=17697"},{"taxonomy":"post_tag","embeddable":true,"href":"https:\/\/www.grieta.org.mx\/index.php\/wp-json\/wp\/v2\/tags?post=17697"}],"curies":[{"name":"wp","href":"https:\/\/api.w.org\/{rel}","templated":true}]}}