{"id":17688,"date":"2016-07-24T21:14:08","date_gmt":"2016-07-25T02:14:08","guid":{"rendered":"http:\/\/www.grieta.org.mx\/?p=17688"},"modified":"2016-07-25T21:16:08","modified_gmt":"2016-07-26T02:16:08","slug":"pedro-tamayo-la-policia-bajo-sospecha","status":"publish","type":"post","link":"https:\/\/www.grieta.org.mx\/index.php\/2016\/07\/24\/pedro-tamayo-la-policia-bajo-sospecha\/","title":{"rendered":"Pedro Tamayo: la polic\u00eda bajo sospecha"},"content":{"rendered":"<p>Malos, los polic\u00edas. A ellos, m\u00e1s que al crimen organizado, tem\u00eda Pedro Tamayo en enero, perseguido y asediado, por lo que hurgaba en el levant\u00f3n de los j\u00f3venes en Tierra Blanca, exiliado por decisi\u00f3n propia, y porque el miedo cala, tra\u00eddo luego a Veracruz y finalmente asesinado.<\/p>\n<p>Horas despu\u00e9s de su muerte se entretejen versiones que sit\u00faan, por en\u00e9sima ocasi\u00f3n, a la polic\u00eda de Veracruz bajo sospecha, por su conducta en el momento del crimen, por su pasividad, por su falta de auxilio, por evitar que su familia lo pudiera ayudar.<\/p>\n<p>Ultimado a eso de las 11 de la noche del mi\u00e9rcoles 20, a manos de un grupo armado que irrumpi\u00f3 en su hogar, que era tambi\u00e9n su negocio de alimentos, herido de muerte Pedro Tamayo Rosas habr\u00eda de ser trasladado a una cl\u00ednica del Seguro Social cuando dej\u00f3 de existir.<\/p>\n<p>Pasa a ser el periodista n\u00famero 19, asesinado en los d\u00edas de Javier Duarte como gobernador.<\/p>\n<p>No fueron once balazos como refieren en las primeras informaciones. Fue s\u00f3lo uno o dos que le traspasaron el pulm\u00f3n y le cortaron la vida. Fueron once disparos, quiz\u00e1 m\u00e1s, unos al piso como pretendieron intimidarlo, o como si los matones no anduvieran en su juicio. S\u00f3lo uno o dos dieron en su humanidad.<\/p>\n<p>Disparaban los sicarios, o aprendices de sicarios, sin ton ni son. \u201cS\u00f3lo pasaron unos minutos cuando se empezaron a o\u00edr disparos \u2014cuenta \u00c1ngeles Gonz\u00e1lez en el portal en internet Al Calor Pol\u00edtico, del que Pedro Tamayo era corresponsal\u2014. Fueron varios. No todos eran hacia Pedro. Disparaban al piso o no le daban quiz\u00e1 por el estado inconveniente en el que parec\u00eda que se encontraban. S\u00f3lo fue un disparo el que acertaron, no nueve ni 11: uno que le perfor\u00f3 el costado izquierdo y lo desangr\u00f3\u201d.<\/p>\n<p>Otra versi\u00f3n:<\/p>\n<p>\u201cEl ataque se consum\u00f3 a las 10:45 PM \u2014refiere Ignacio Carvajal, de Liberal del Sur y Blog Expediente\u2014 afuera de la casa ubicada en avenida Cinco de Mayo. Quienes fueron a matar a Pedro lo saludaron y pidieron comida para llevar. \u2018No traigan cartas; quieren cuatro hamburguesas de res\u2019, alcanz\u00f3 a gritar al de la cocina, y pocos segundos despu\u00e9s se oyen dos disparos. Algunos testigos hablan de once detonaciones, otros que m\u00e1s. En la plancha del forense de Tierra Blanca, consta en las primeras averiguaciones, s\u00f3lo extrajeron dos balas calibre .9 mm del cuerpo de Pedro Tamayo. Le deshicieron los pulmones\u201d.<\/p>\n<p>Luego reitera:<\/p>\n<p>\u201cS\u00f3lo dos disparos dieron en el cuerpo de Pedro. Los dem\u00e1s, presuntamente efectuados para intimidarlo, lanzados al suelo\u201d.<\/p>\n<p>Otra vez \u00c1ngeles Gonz\u00e1lez, de Al Calor Pol\u00edtico. Invoca a los testigos, la familia, directo el se\u00f1alamiento hacia la polic\u00eda de Veracruz:<\/p>\n<p>\u201cComo en otras muchas incontables, inacabables, ocasiones, malos elementos de la Secretar\u00eda de Seguridad P\u00fablica no hicieron nada a pesar de encontrarse a escasos 10 metros de donde ocurr\u00edan los hechos.<\/p>\n<p>\u201c \u2018Porque no podemos hacer nada\u2019, respondieron a uno de los hijos mientras el cuerpo yac\u00eda malherido a la puerta de su casa.<\/p>\n<p>\u201cLo incre\u00edble, lo impensable, es que en lugar de apresurar al ayuda, la ambulancia, los polic\u00edas interrumpieron la l\u00ednea telef\u00f3nica para darle mal la direcci\u00f3n a los servicios de emergencia. En m\u00e1s de tres ocasiones dieron mal la direcci\u00f3n para que se demorara\u201d.<\/p>\n<p>De nuevo Ignacio Carvajal:<\/p>\n<p>\u201cAl llegar los atacantes a donde Tamayo, \u00e9l acababa de entregar un pedido de hamburguesas. Estaba sentado en la calle, aunque se oyeron varias detonaciones, s\u00f3lo dos disparos dieron en el cuerpo de Pedro. Las dem\u00e1s, presuntamente, efectuadas para intimidarlo, lanzadas al suelo. Agoniz\u00f3 unos 20 minutos, durante los cuales se despidi\u00f3 de sus seres queridos. Ese tiempo tard\u00f3 en llegar la ambulancia aunque los hechos se dieron en el centro (de la ciudad). La familia se\u00f1ala que los polic\u00edas que llegaron a atender la alerta de disparos dieron mal la direcci\u00f3n a la Cruz Roja\u201d.<\/p>\n<p>No\u00e9 Zavaleta toca el tema en la revista Proceso, la omisi\u00f3n de auxilio, la simulada confusi\u00f3n en el reporte del crimen a la central que deb\u00eda enviar la ambulancia:<\/p>\n<p>\u201cEl periodista fue asesinado frente a su familia en su domicilio, por dos sujetos desconocidos quienes le dispararon en once ocasiones. Una patrulla se encontraba a solo diez metros de distancia.<\/p>\n<p>\u201c \u2018A la hora del crimen una patrulla de la polic\u00eda del estado con n\u00famero econ\u00f3mico 08-2841 se encontraba a 10 metros de los hechos y no hicieron nada por detener a los agresores\u2019, escribi\u00f3 el periodista y amigo de Pedro, Octavio Bravo, en su cuenta de Facebook.<\/p>\n<p>\u201cLa familia narra que los polic\u00edas obstruyeron que su esposa le diera los primeros auxilios, esperando que falleciera, y cuando vieron que pr\u00e1cticamente hab\u00eda muerto de inmediato un oficial de polic\u00eda llamo a la Cruz Roja dando una direcci\u00f3n equivocada\u201d.<\/p>\n<p>Malos, los polic\u00edas.<\/p>\n<p>Enero marc\u00f3 una tragedia en Tierra Blanca, levantados los cinco j\u00f3venes que procedentes del puerto de Veracruz se dirig\u00edan a su lugar de origen, Playa Vicente. Comieron, cargaron gasolina y emprendieron el regreso. Una patrulla los intercept\u00f3. Inici\u00f3 el interrogatorio y se los llev\u00f3. Entregados al crimen organizado, nunca m\u00e1s se volvi\u00f3 a saber de ellos.<\/p>\n<p>Hurgaba en el caso Pedro Tamayo. Hurgaba en la actuaci\u00f3n de la Polic\u00eda de Veracruz, implicada con los malosos, su jefe Marcos Conde, delegado de la Secretar\u00eda de Seguridad P\u00fablica, el superpolic\u00eda de Arturo Berm\u00fadez, con historial de muerte, de levantones de j\u00f3venes, de desaparici\u00f3n de otros polic\u00edas, impune hasta ese d\u00eda. Hoy est\u00e1 en prisi\u00f3n se\u00f1alado de ser el conecte con los narcos, el abastecedor de inocentes.<\/p>\n<p>Ocurri\u00f3 el levant\u00f3n el 11 de enero. Casi dos semanas despu\u00e9s, el d\u00eda 24, fue aprehendido Francisco Navarrete Serna, alias \u201cEl Ingeniero\u201d, propietario del rancho El Lim\u00f3n, ubicado entre Tierra Blanca y Tlalixcoyan, donde habr\u00edan sido llevados los j\u00f3venes, torturados, asesinados y cocinados para no dejar rastro.<\/p>\n<p>Su esposa convoc\u00f3 meses antes a Pedro Tamayo. Lo inst\u00f3 que se adhiriera al proyecto de volver a la circulaci\u00f3n al diario La Voz de Tierra Blanca. Ella en lo financiero, \u00e9l en lo period\u00edstico, Navarrete operador del diputado federal por Cosamaloapan, Tarek Abdal\u00e1, fidelista y duartista.<\/p>\n<p>Con la aprehensi\u00f3n de Francisco Navarrete se frustr\u00f3 el arranque del peri\u00f3dico. Y Pedro Tamayo percibi\u00f3 que el siguiente ser\u00eda \u00e9l. Sospechaba de la polic\u00eda desde enero, cuando se march\u00f3 de Veracruz.<\/p>\n<p>Cuenta Plumas Libres:<\/p>\n<p>\u201cTamayo Rosas a la vez trabajaba como corresponsal de los medios Alcalorpol\u00edtico y El Pi\u00f1ero de la Cuenta pero tras haber sido amenazado por la cobertura de la desaparici\u00f3n de los chicos de Playa Vicente. Se fue de esa ciudad en enero de 2016.<\/p>\n<p>\u201cEl sab\u00eda que los propios elementos polic\u00edacos fueron quienes lo hab\u00eda amenazado. Por eso la CEAPP (Comisi\u00f3n Estatal para la Atenci\u00f3n y Protecci\u00f3n de los Periodistas) lo sac\u00f3 de Tierra Blanca a un lugar de Oaxaca donde su familia lo alcanz\u00f3.<\/p>\n<p>\u201cPedro Tamayo regres\u00f3 en marzo de este a\u00f1o a vivir de nuevo en Tierra Blanca y se incorpor\u00f3 a trabajar en el peri\u00f3dico La Voz de Tierra Blanca, pero pidi\u00f3 a la CEAPP que le retiraran la vigilancia polic\u00edaca porque desconfiaba de los polic\u00edas y firm\u00f3 una responsiva donde se le retiraran las medidas \u2018invasivas\u2019 y solo acept\u00f3 los rondines de la SSP, es decir estaba bajo un protocolo seguridad.<\/p>\n<p>\u201cEl tem\u00eda a los elementos polic\u00edacos. Por eso pidi\u00f3 que se retirar\u00e1n la vigilancia constante a las que calificaba como invasiva.<\/p>\n<p>\u201cAl inicio de ese protocolo una patrulla de la SSP pasaba a su domicilio para que el reportero firmara en la bit\u00e1cora. Despu\u00e9s s\u00f3lo pasaban una vez al d\u00eda incluyendo s\u00e1bados y domingos\u201d.<\/p>\n<p>En \u201cEl Pi\u00f1ero de la Cuenca\u201d, peri\u00f3dico que se edita en Tuxtepec, Oaxaca, del que fue corresponsal, se lee el sentir de la familia:<\/p>\n<p>\u201cFamiliares del reportero Pedro Tamayo Rosas informaron que tras su asesinato, una patrulla de la Polic\u00eda Estatal inmediatamente arrib\u00f3 al sitio pero no hizo nada, se rehus\u00f3 a perseguir a los delincuentes pese a que les indicaron para donde hab\u00edan escapado.<\/p>\n<p>\u201cLos polic\u00edas, indicaron, se limitaron a cercar a la familia para que no hiciera contacto con el cuerpo del infortunado.<\/p>\n<p>\u201cAdem\u00e1s, obstaculizaron la calle y por ende el paso a los cuerpos de rescate que acudieron al auxilio.<\/p>\n<p>\u201cTal parece que hubo complicidad, indic\u00f3 un familiar del reportero.<\/p>\n<p>\u201cPor su parte Alicia Blanco, esposa del malogrado, dio a conocer que ella y sus hijos daban de comer a los polic\u00edas que cuidaban de Pedro; \u00e9l les tuvo confianza y por la atenci\u00f3n nosotros les d\u00e1bamos de comer lo que hab\u00eda, a veces frijoles\u2019.<\/p>\n<p>\u201cBajo esa premisa, la Fiscal\u00eda General del Estado (FGE) tendr\u00e1 que llevar a cuentas a los polic\u00edas que acudieron al crimen y se movilizaron para truncar cualquier resquicio de persecuci\u00f3n y detenci\u00f3n de los asesinos\u201d.<\/p>\n<p>Vicente Bello, en su Tren parlamentario, dice:<\/p>\n<p>\u201cUno de los hijos del periodista subi\u00f3 a un veh\u00edculo y persigui\u00f3 al autom\u00f3vil gris. Les dio alcance cuadras adelante, pero una patrulla estatal lo bloque\u00f3. Ha afirmado ante las autoridades el hijo del periodista que uno de los asesinos hizo se\u00f1as desde el Bora a los polic\u00edas que se acercaban y entonces la patrulla bloque\u00f3 el paso del joven\u201d.<\/p>\n<p>Roberto Campa Cifri\u00e1n, subsecretario de Derechos Humanos del gobierno federal, sostiene que Pedro Tamayo estuvo en Tijuana, sin protecci\u00f3n oficial. Quer\u00eda regresar. Le recomendaron que no lo hiciera. \u201cNo hab\u00eda condiciones para volver a Tierra Blanca, para volver a Veracruz\u201d.<\/p>\n<p>Una vez m\u00e1s, la polic\u00eda. Sobre ella pesa la imputaci\u00f3n del levant\u00f3n a los cinco j\u00f3venes de Playa Vicente a su paso por Tierra Blanca, entregados luego al crimen organizado.<\/p>\n<p>Sobre la polic\u00eda, hoy, la sospecha del crimen del periodista Pedro Tamayo, el n\u00famero 19 en perder la vida violentamente en el Veracruz de Javier Duarte.<\/p>\n<p>Malos, los polic\u00edas. Por algo les tem\u00eda Pedro Tamayo.<\/p>\n<p>Archivo muerto<\/p>\n<p>Pagar\u00e1 Javier Duarte y su pandilla. Pagar\u00e1n La R\u00e9mora Callejas y la corte duartista en el Congreso, los diputados c\u00f3mplices, la runfla que aprob\u00f3 el nuevo atraco a las finanzas de Veracruz, v\u00eda los dos fideicomisos que usar\u00e1n recursos del 3 por ciento a la n\u00f3mina para saldar adeudo a proveedores. Suyo el tono, ins\u00f3lita la advertencia \u2014amenaza, dicen sus enemigos\u2014, Miguel \u00c1ngel Yunes Linares anticipa que \u201cno podr\u00e1n dormir tranquilos\u201d, que les espera la c\u00e1rcel, \u201cporque la ley ir\u00e1 sobre ellos\u201d. Y agrega: \u201cMe he comprometido y hoy lo reitero, a que Duarte y sus c\u00f3mplices ir\u00e1n a la c\u00e1rcel y devolver\u00e1n lo robado. Lo de hoy no tendr\u00e1 perd\u00f3n, Duarte y los diputados ser\u00e1n severamente sancionados\u201d. Avizora que extinguir\u00e1 el impuesto sobre la n\u00f3mina para evitar el dinero que aportan los empresarios sea para pagarle a los amigos y c\u00f3mplices de Javier Duarte por servicios que nunca le prestaron al gobierno de Veracruz. \u201cYa lo hemos denunciado \u2014precisa\u2014. Ese dinero, que debe servir para obras p\u00fablicas, que debe servir para mejorar las condiciones de vida de los veracruzanos, quieren que vaya a parar a la bolsa de los c\u00f3mplices de esta banda\u201d. Y los categoriza como pillos\u2026 Corren las ratas. O se agazapan. O se amparan. As\u00ed andan Deantes, Manzur y Aguirre, un subsecretario y dos titulares de la Secretar\u00eda de Finanzas y Planeaci\u00f3n del gobierno de Veracruz, buscando la protecci\u00f3n de la justicia federal. Tramitan una suspensi\u00f3n provisional contra cualquier orden de presentaci\u00f3n o aprehensi\u00f3n que pudieran emitir los m\u00e1s 100 jueces federales y estatales del estado de Veracruz. Su l\u00edo es con la justicia federal, acusados por la Auditor\u00eda Superior de la Federaci\u00f3n ante la PGR de malversar recursos, reclamando que las autoridades judiciales se\u00f1aladas rindan un informe para establecer si las actuaciones en su contra derivan del nuevo proceso penal acusatorio y oral, cu\u00e1l es el hecho delictuoso que se imputa a los quejosos, la penalidad aplicable y la cuant\u00eda de los da\u00f1os causados o el beneficio econ\u00f3mico obtenido, en caso que se trate de delito de car\u00e1cter patrimonial, o el monto estimado de la reparaci\u00f3n del da\u00f1o. Dicho: las ratas tambi\u00e9n se amparan\u2026 Nota para los reporteros: Armando G\u00e1lvez P\u00e9rez Arag\u00f3n, el notario asesinado en Polanco, en 2013, el que dio fe de las empresas del secretario de Seguridad P\u00fablica de Veracruz, Arturo Berm\u00fadez Zurita, sus hermanos, su mam\u00e1 y su socio, figura en escrituras de connotados personajes de Coatzacoalcos. Por su fe, el despojo de tierras a la familia Vidal, en lo que hoy es Celanese, Balcones, Pensiones. Por su fe, los entuertos y los enredos de los Hillman, los Ram\u00f3n, los Montes de Oca. Y convenientemente \u2014la diosa fortuna siempre est\u00e1 de lado de los pillos\u2014 Armando G\u00e1lvez P\u00e9rez Arag\u00f3n fue asesinado el 13 de marzo de 2013, en la Ciudad de Mexico. Acusaba amenazas y asedio. Reforzaba su seguridad y atend\u00eda a contadas personas, previa cita. Ten\u00eda su historial, investigado por fraude con obras de arte y la validaci\u00f3n de documentos para la construcci\u00f3n ilegal en un predio en la delegaci\u00f3n Magdalena Contreras. Fue acribillado en su autom\u00f3vil, recibiendo cuatro disparos lanzados por un comando que lo caz\u00f3. Armando G\u00e1lvez Perez Arag\u00f3n labor\u00f3 en la notar\u00eda n\u00famero 116, cuyo titular es Ignacio Morales Lechuga, el padrino de Los Pantera, o sea Juan Hillman, Alfredo Ram\u00f3n de Diego y Francisco Montes de Oca. Qu\u00e9 historia. Para Netflix\u2026 Atiza el fuego M\u00f3nica Robles. Tilda de chantajista al alcalde de Tatahuicapan, Filogonio Hern\u00e1ndez Bautista, que politiza el conflicto por el agua, por su reclamo al gobierno de Veracruz por incumplir la inversi\u00f3n en obras, por su amenaza de destruir las tuber\u00edas del sistema Yuribia, que surte de agua a Coatzacoalcos, Minatitl\u00e1n y parte de Cosoleacaque. No dice la diputada que en el centro del conflicto est\u00e1 la disputa PRD-Morena, los del ex alcalde Esteban Bautista y los de Lino Bautista, y la sangr\u00eda econ\u00f3mica pues mes con mes suben a la sierra 2.5 millones de pesos a manos de los morenistas, que son quienes controlan a ejidatarios y avecindados. Tambi\u00e9n tensa el hilo Flavino R\u00edos Alvarado con su silencio, sin atender los llamados del alcalde tatahui, deslizando que de los 50 millones que se han trasladado al ayuntamiento no ha rendido cuentas el edil. Pero Flavino cuida el lenguaje. No los llama chantajistas. No los acusa de lucrar con el conflicto. Reconoce que hay adeudo, mientras la diputada afirma que no. Les dice que no dejar\u00e1 de haber di\u00e1logo. Y mientras el secretario e Gobierno rema en una direcci\u00f3n, M\u00f3nica Robles patea a los tatahuis del sol azteca como si un incendio se sofocara arroj\u00e1ndole gasolina<\/p>\n<p><a href=\"http:\/\/www.e-veracruz.mx\/opinion\/2016-07-24\/pedro-tamayo-la-policia-bajo-sospecha\" target=\"_blank\">http:\/\/www.e-veracruz.mx\/opinion\/2016-07-24\/pedro-tamayo-la-policia-bajo-sospecha<\/a><\/p>\n","protected":false},"excerpt":{"rendered":"<p>Malos, los polic\u00edas. A ellos, m\u00e1s que al crimen organizado, tem\u00eda Pedro Tamayo en enero, perseguido y asediado, por lo que hurgaba en el levant\u00f3n de los j\u00f3venes en Tierra &hellip; <a href=\"https:\/\/www.grieta.org.mx\/index.php\/2016\/07\/24\/pedro-tamayo-la-policia-bajo-sospecha\/\" class=\"more-link\">Leer m\u00e1s<\/a><\/p>\n","protected":false},"author":2,"featured_media":21928,"comment_status":"closed","ping_status":"closed","sticky":false,"template":"","format":"standard","meta":{"ngg_post_thumbnail":0,"_jetpack_newsletter_access":"","_jetpack_dont_email_post_to_subs":false,"_jetpack_newsletter_tier_id":0,"_jetpack_memberships_contains_paywalled_content":false,"_jetpack_memberships_contains_paid_content":false,"footnotes":""},"categories":[80,257],"tags":[120],"class_list":["post-17688","post","type-post","status-publish","format-standard","has-post-thumbnail","hentry","category-cintillo","category-veracruz","tag-violencia-contra-periodistas","entry"],"jetpack_featured_media_url":"https:\/\/www.grieta.org.mx\/wp-content\/uploads\/2018\/03\/14524434_1106112876131411_958039263622046936_o.jpg","jetpack_sharing_enabled":true,"jetpack_shortlink":"https:\/\/wp.me\/p7ZJR4-4Bi","jetpack_likes_enabled":false,"jetpack-related-posts":[{"id":6129,"url":"https:\/\/www.grieta.org.mx\/index.php\/2016\/08\/18\/violencia-contra-periodistas-en-veracruz\/","url_meta":{"origin":17688,"position":0},"title":"Violencia contra periodistas en Veracruz","author":"Admin","date":"18 agosto, 2016","format":false,"excerpt":"No\u00e9 Zavaleta es hostigado por publicaci\u00f3n de libro 18\/08\/16. Tras amenazas y acoso, periodista mexicano abandona el estado de Veracruz El Heraldo de Saltillo 13\/08\/16. Aumentan las amenazas contra reportero No\u00e9 Zavaleta El Mundo de C\u00f3rdoba 07\/08\/16. El periodista No\u00e9 Zavaleta, corresponsal de Proceso, es amenazado en Veracruz por su\u2026","rel":"","context":"En &quot;NOTICIAS NACIONALES&quot;","block_context":{"text":"NOTICIAS NACIONALES","link":"https:\/\/www.grieta.org.mx\/index.php\/category\/noticias-nacionales\/"},"img":{"alt_text":"","src":"https:\/\/i0.wp.com\/www.grieta.org.mx\/wp-content\/uploads\/2018\/03\/14524434_1106112876131411_958039263622046936_o.jpg?resize=350%2C200&ssl=1","width":350,"height":200,"srcset":"https:\/\/i0.wp.com\/www.grieta.org.mx\/wp-content\/uploads\/2018\/03\/14524434_1106112876131411_958039263622046936_o.jpg?resize=350%2C200&ssl=1 1x, https:\/\/i0.wp.com\/www.grieta.org.mx\/wp-content\/uploads\/2018\/03\/14524434_1106112876131411_958039263622046936_o.jpg?resize=525%2C300&ssl=1 1.5x, https:\/\/i0.wp.com\/www.grieta.org.mx\/wp-content\/uploads\/2018\/03\/14524434_1106112876131411_958039263622046936_o.jpg?resize=700%2C400&ssl=1 2x"},"classes":[]},{"id":17685,"url":"https:\/\/www.grieta.org.mx\/index.php\/2016\/07\/21\/asesinan-a-pedro-tamayo-el-periodista-que-denuncio-la-corrupcion-de-javier-duarte-en-verecruz\/","url_meta":{"origin":17688,"position":1},"title":"Asesinan A Pedro Tamayo, El Periodista Que Denuncio La Corrupci\u00f3n De Javier Duarte En, Verecruz.","author":"grieta","date":"21 julio, 2016","format":false,"excerpt":"M\u00e9xico, 21 Julio 2016.- Pedro Tamayo, de 43 a\u00f1os de edad y periodista que cubr\u00eda la regi\u00f3n de Tierra Blanca, Veracruz, fue asesinado de 11 balazos, despu\u00e9s de que denunciara amenazas del Gobernador Javier Duarte de Ochoa y de su cuerpo policiaco. Anuncio Tamayo Rosas hab\u00eda huido del estado despu\u00e9s\u2026","rel":"","context":"En &quot;CINTILLO&quot;","block_context":{"text":"CINTILLO","link":"https:\/\/www.grieta.org.mx\/index.php\/category\/cintillo\/"},"img":{"alt_text":"","src":"https:\/\/i0.wp.com\/www.grieta.org.mx\/wp-content\/uploads\/2018\/03\/14524434_1106112876131411_958039263622046936_o.jpg?resize=350%2C200&ssl=1","width":350,"height":200,"srcset":"https:\/\/i0.wp.com\/www.grieta.org.mx\/wp-content\/uploads\/2018\/03\/14524434_1106112876131411_958039263622046936_o.jpg?resize=350%2C200&ssl=1 1x, https:\/\/i0.wp.com\/www.grieta.org.mx\/wp-content\/uploads\/2018\/03\/14524434_1106112876131411_958039263622046936_o.jpg?resize=525%2C300&ssl=1 1.5x, https:\/\/i0.wp.com\/www.grieta.org.mx\/wp-content\/uploads\/2018\/03\/14524434_1106112876131411_958039263622046936_o.jpg?resize=700%2C400&ssl=1 2x"},"classes":[]},{"id":17693,"url":"https:\/\/www.grieta.org.mx\/index.php\/2016\/07\/25\/pedro-tamayo-rechazo-protocolo-de-reubicacion-mas-no-el-mecanismo-de-proteccion-viuda\/","url_meta":{"origin":17688,"position":2},"title":"Pedro Tamayo rechaz\u00f3 protocolo de reubicaci\u00f3n mas no el mecanismo de protecci\u00f3n: viuda","author":"grieta","date":"25 julio, 2016","format":false,"excerpt":"Alicia Blanco, la viuda del periodista veracruzano Pedro Tamayo, precis\u00f3 este lunes que su esposo s\u00ed estaba adscrito al mecanismo estatal de protecci\u00f3n a periodistas pero se neg\u00f3 a ser reubicado a otro estado. La declaraci\u00f3n se da al margen de las distintas versiones que ha manejado la prensa respecto\u2026","rel":"","context":"En &quot;CINTILLO&quot;","block_context":{"text":"CINTILLO","link":"https:\/\/www.grieta.org.mx\/index.php\/category\/cintillo\/"},"img":{"alt_text":"","src":"https:\/\/i0.wp.com\/www.grieta.org.mx\/wp-content\/uploads\/2018\/03\/14524434_1106112876131411_958039263622046936_o.jpg?resize=350%2C200&ssl=1","width":350,"height":200,"srcset":"https:\/\/i0.wp.com\/www.grieta.org.mx\/wp-content\/uploads\/2018\/03\/14524434_1106112876131411_958039263622046936_o.jpg?resize=350%2C200&ssl=1 1x, https:\/\/i0.wp.com\/www.grieta.org.mx\/wp-content\/uploads\/2018\/03\/14524434_1106112876131411_958039263622046936_o.jpg?resize=525%2C300&ssl=1 1.5x, https:\/\/i0.wp.com\/www.grieta.org.mx\/wp-content\/uploads\/2018\/03\/14524434_1106112876131411_958039263622046936_o.jpg?resize=700%2C400&ssl=1 2x"},"classes":[]},{"id":17691,"url":"https:\/\/www.grieta.org.mx\/index.php\/2016\/07\/25\/condena-la-cidh-asesinato-del-periodista-pedro-tamayo\/","url_meta":{"origin":17688,"position":3},"title":"Condena la CIDH asesinato del periodista Pedro Tamayo","author":"grieta","date":"25 julio, 2016","format":false,"excerpt":"CIUDAD DE M\u00c9XICO (apro).- La Relator\u00eda Especial para la Libertad de Expresi\u00f3n conden\u00f3 el asesinato del periodista Pedro Tamayo Rosas, ocurrido el pasado mi\u00e9rcoles 20 en la localidad de Tierra Blanca, Veracruz, e inst\u00f3 a las autoridades mexicanas a actuar de manera \u201cpronta y oportuna\u201d para investigar el crimen y\u2026","rel":"","context":"En &quot;CINTILLO&quot;","block_context":{"text":"CINTILLO","link":"https:\/\/www.grieta.org.mx\/index.php\/category\/cintillo\/"},"img":{"alt_text":"","src":"https:\/\/i0.wp.com\/www.grieta.org.mx\/wp-content\/uploads\/2018\/03\/14524434_1106112876131411_958039263622046936_o.jpg?resize=350%2C200&ssl=1","width":350,"height":200,"srcset":"https:\/\/i0.wp.com\/www.grieta.org.mx\/wp-content\/uploads\/2018\/03\/14524434_1106112876131411_958039263622046936_o.jpg?resize=350%2C200&ssl=1 1x, https:\/\/i0.wp.com\/www.grieta.org.mx\/wp-content\/uploads\/2018\/03\/14524434_1106112876131411_958039263622046936_o.jpg?resize=525%2C300&ssl=1 1.5x, https:\/\/i0.wp.com\/www.grieta.org.mx\/wp-content\/uploads\/2018\/03\/14524434_1106112876131411_958039263622046936_o.jpg?resize=700%2C400&ssl=1 2x"},"classes":[]},{"id":19901,"url":"https:\/\/www.grieta.org.mx\/index.php\/2016\/07\/21\/ejecuciones-en-veracruz-suben-83-por-ciento-en-solo-seis-meses\/","url_meta":{"origin":17688,"position":4},"title":"Ejecuciones en Veracruz suben 83 por ciento en s\u00f3lo seis meses","author":"grieta","date":"21 julio, 2016","format":false,"excerpt":"En el primer semestre de este a\u00f1o se registraron 405 casos; en 2015, 221.En Tierra Blanca asesinan al reportero Pedro Tamayo Rosas, la madrugada de ayer. Veracruz tiene hoy una de las incidencias de homicidio doloso m\u00e1s altas en su historia, y en el primer semestre de 2016 ese il\u00edcito\u2026","rel":"","context":"En &quot;CINTILLO&quot;","block_context":{"text":"CINTILLO","link":"https:\/\/www.grieta.org.mx\/index.php\/category\/cintillo\/"},"img":{"alt_text":"","src":"https:\/\/i0.wp.com\/www.grieta.org.mx\/wp-content\/uploads\/2018\/03\/14524434_1106112876131411_958039263622046936_o.jpg?resize=350%2C200&ssl=1","width":350,"height":200,"srcset":"https:\/\/i0.wp.com\/www.grieta.org.mx\/wp-content\/uploads\/2018\/03\/14524434_1106112876131411_958039263622046936_o.jpg?resize=350%2C200&ssl=1 1x, https:\/\/i0.wp.com\/www.grieta.org.mx\/wp-content\/uploads\/2018\/03\/14524434_1106112876131411_958039263622046936_o.jpg?resize=525%2C300&ssl=1 1.5x, https:\/\/i0.wp.com\/www.grieta.org.mx\/wp-content\/uploads\/2018\/03\/14524434_1106112876131411_958039263622046936_o.jpg?resize=700%2C400&ssl=1 2x"},"classes":[]},{"id":33184,"url":"https:\/\/www.grieta.org.mx\/index.php\/2019\/04\/29\/sujetos-armados-persiguen-a-la-periodista-alicia-blanco-en-cosamaloapan-veracruz\/","url_meta":{"origin":17688,"position":5},"title":"Sujetos armados persiguen a la periodista Alicia Blanco, en Cosamaloapan, Veracruz","author":"grieta","date":"29 abril, 2019","format":false,"excerpt":"Redacci\u00f3n \/ Somoselmedio Art\u00edculo 19 inform\u00f3 que la periodista fue seguida por un grupo de sujetos armados, a bordo de un autom\u00f3vil al salir de una audiencia legal en Cosamaloapan, Veracruz el 23 de abril de 2019. Alicia Blanco narr\u00f3 que el martes 23 acudi\u00f3 a una diligencia legal en\u2026","rel":"","context":"En &quot;CINTILLO&quot;","block_context":{"text":"CINTILLO","link":"https:\/\/www.grieta.org.mx\/index.php\/category\/cintillo\/"},"img":{"alt_text":"","src":"https:\/\/i0.wp.com\/www.grieta.org.mx\/wp-content\/uploads\/2019\/05\/direct-11.jpg?resize=350%2C200&ssl=1","width":350,"height":200,"srcset":"https:\/\/i0.wp.com\/www.grieta.org.mx\/wp-content\/uploads\/2019\/05\/direct-11.jpg?resize=350%2C200&ssl=1 1x, https:\/\/i0.wp.com\/www.grieta.org.mx\/wp-content\/uploads\/2019\/05\/direct-11.jpg?resize=525%2C300&ssl=1 1.5x, https:\/\/i0.wp.com\/www.grieta.org.mx\/wp-content\/uploads\/2019\/05\/direct-11.jpg?resize=700%2C400&ssl=1 2x"},"classes":[]}],"_links":{"self":[{"href":"https:\/\/www.grieta.org.mx\/index.php\/wp-json\/wp\/v2\/posts\/17688","targetHints":{"allow":["GET"]}}],"collection":[{"href":"https:\/\/www.grieta.org.mx\/index.php\/wp-json\/wp\/v2\/posts"}],"about":[{"href":"https:\/\/www.grieta.org.mx\/index.php\/wp-json\/wp\/v2\/types\/post"}],"author":[{"embeddable":true,"href":"https:\/\/www.grieta.org.mx\/index.php\/wp-json\/wp\/v2\/users\/2"}],"replies":[{"embeddable":true,"href":"https:\/\/www.grieta.org.mx\/index.php\/wp-json\/wp\/v2\/comments?post=17688"}],"version-history":[{"count":1,"href":"https:\/\/www.grieta.org.mx\/index.php\/wp-json\/wp\/v2\/posts\/17688\/revisions"}],"predecessor-version":[{"id":17689,"href":"https:\/\/www.grieta.org.mx\/index.php\/wp-json\/wp\/v2\/posts\/17688\/revisions\/17689"}],"wp:featuredmedia":[{"embeddable":true,"href":"https:\/\/www.grieta.org.mx\/index.php\/wp-json\/wp\/v2\/media\/21928"}],"wp:attachment":[{"href":"https:\/\/www.grieta.org.mx\/index.php\/wp-json\/wp\/v2\/media?parent=17688"}],"wp:term":[{"taxonomy":"category","embeddable":true,"href":"https:\/\/www.grieta.org.mx\/index.php\/wp-json\/wp\/v2\/categories?post=17688"},{"taxonomy":"post_tag","embeddable":true,"href":"https:\/\/www.grieta.org.mx\/index.php\/wp-json\/wp\/v2\/tags?post=17688"}],"curies":[{"name":"wp","href":"https:\/\/api.w.org\/{rel}","templated":true}]}}