{"id":1768,"date":"2016-09-05T18:59:10","date_gmt":"2016-09-05T23:59:10","guid":{"rendered":"http:\/\/50.22.11.12\/~grietaor\/?p=1768"},"modified":"2018-07-06T23:17:34","modified_gmt":"2018-07-07T04:17:34","slug":"oposicion-a-proyectos-turisticos-en-zona-arqueologica-de-cholula-puebla","status":"publish","type":"post","link":"https:\/\/www.grieta.org.mx\/index.php\/2016\/09\/05\/oposicion-a-proyectos-turisticos-en-zona-arqueologica-de-cholula-puebla\/","title":{"rendered":"Defensa de zonas arqueol\u00f3gicas y culturales en Puebla"},"content":{"rendered":"<p><strong>05\/08\/16. <\/strong><a href=\"http:\/\/www.grieta.org.mx\/index.php\/2016\/09\/05\/activistas-temen-mas-obras-del-capcee-en-zona-arqueologica-de-cholula\/\">Activistas temen m\u00e1s obras del CAPCEE en zona arqueol\u00f3gica de Cholula<\/a><br \/>\n<em>Municipios Puebla<\/em><\/p>\n<p><strong>29\/07\/16. <\/strong><a href=\"https:\/\/www.elsoldepuebla.com.mx\/local\/aseguran-que-obras-en-cholula-carecen-de-permisos-del-inah\">Aseguran que obras en Cholula carecen de permisos del INAH<\/a><br \/>\n<em>El Sol de Puebla<\/em><\/p>\n<p><strong>12\/07\/16. <\/strong><a href=\"http:\/\/www.grieta.org.mx\/?p=17170&#038;preview=true\">Parque Cholula: gobierno de Puebla excava en zona arqueol\u00f3gica sin autorizaci\u00f3n del INAH<\/a><br \/>\n<em>Milenio<\/em><\/p>\n<p><strong>25\/06\/16. <\/strong><a href=\"http:\/\/www.grieta.org.mx\/index.php\/2016\/06\/25\/denunciaran-obras-en-zona-arqueologica-de-cholula-ante-el-inah\/\">Denunciar\u00e1n obras en zona arqueol\u00f3gica de Cholula ante el INAH<\/a><br \/>\n<em>Intolerancia<\/em><\/p>\n<p><strong>25\/06\/16. <\/strong><a href=\"http:\/\/www.grieta.org.mx\/index.php\/2016\/06\/25\/denunciaran-obras-en-zona-arqueologica-de-cholula-ante-el-inah\/\">Denunciar\u00e1n obras en zona arqueol\u00f3gica de Cholula ante el INAH<\/a><br \/>\n<em>Intolerancia<\/em><\/p>\n<p><strong>24\/06\/16. <\/strong><a href=\"http:\/\/www.grieta.org.mx\/index.php\/2016\/06\/24\/gobierno-de-puebla-reanuda-obras-para-en-zona-arqueologica-de-cholula\/\">Gobierno de Puebla reanuda obras para en zona arqueol\u00f3gica de Cholula<\/a><br \/>\n<em>Proceso<\/em><\/p>\n<p><strong>03\/12\/15. <\/strong><a href=\"http:\/\/grieta.org.mx\/index.php\/2015\/12\/03\/los-xicale-confirman-que-mantendran-su-activismo-politico\/\">Los Xicale confirman que mantendr\u00e1n su activismo pol\u00edtico<\/a><br \/>\n<em>Proceso<\/em><\/p>\n<p><strong>01\/12\/15. <\/strong><a href=\"http:\/\/grieta.org.mx\/index.php\/2015\/12\/01\/opositores-a-proyecto-en-cholula-libres\/\">Opositores a proyecto en Cholula, libres<\/a><br \/>\n<em>La Jornada de Oriente<\/em><\/p>\n<p><strong>08\/10\/15. <\/strong><a href=\"http:\/\/grieta.org.mx\/index.php\/2015\/10\/08\/liberan-a-teodulo-cuaya-teutle-tras-liquidar-la-fianza-por-el-delito-de-motin\/\">Liberan a Te\u00f3dulo Cuaya Teutle tras liquidar la fianza por el delito de mot\u00edn<\/a><br \/>\n<em>La Jornada de Oriente<\/em><\/p>\n<p><strong>07\/10\/15. <\/strong><a href=\"http:\/\/grieta.org.mx\/index.php\/2015\/10\/07\/teodulo-cuaya-es-encarcelado-justo-un-ano-despues-de-iniciar-la-resistencia-cholulteca-en-defensa-de-la-identidad\/\">Teodulo Cuaya es encarcelado justo un a\u00f1o despu\u00e9s de iniciar la resistencia Cholulteca en defensa de la identidad<\/a><br \/>\n<em>Cholollan<\/em><\/p>\n<p><strong>06\/10\/15. <\/strong><a href=\"http:\/\/grieta.org.mx\/index.php\/2015\/10\/06\/detienen-en-puebla-a-opositor-al-proyecto-de-parque-cholula\/\">Detienen en Puebla a opositor al proyecto de Parque Cholula<\/a><br \/>\n<em>Proceso<\/em><\/p>\n<p><strong>06\/10\/15. <\/strong><a href=\"http:\/\/grieta.org.mx\/index.php\/2015\/10\/06\/el-sistema-judicial-en-mexico-esta-podrido-adan-xicale-lo-explica-desde-la-carcel\/\">El sistema judicial en M\u00e9xico est\u00e1 podrido: Ad\u00e1n Xicale lo explica desde la c\u00e1rcel<\/a><br \/>\n<em>Mundo Nuestro \/ e-consulta<\/em><\/p>\n<p><strong>04\/10\/15. <\/strong><a href=\"http:\/\/grieta.org.mx\/index.php\/2015\/10\/04\/sindicos-municipales-omisos-ante-violaciones-a-derechos-humanos\/\">S\u00edndicos municipales, omisos ante violaciones a derechos humanos<\/a><br \/>\n<em>Lado B<\/em><\/p>\n<p><strong>27\/07\/15. <\/strong><a href=\"http:\/\/grieta.org.mx\/index.php\/2015\/07\/27\/giran-14-nuevas-ordenes-de-aprehension-contra-defensores-del-patrimonio-en-cholula\/\">Giran 14 nuevas ordenes de aprehensi\u00f3n contra defensores del patrimonio en Cholula<\/a><br \/>\n<em>La Jornada de Oriente<\/em><\/p>\n<p><strong>22\/07\/15. <\/strong><a href=\"http:\/\/grieta.org.mx\/index.php\/2015\/07\/22\/juzgado-incumple-amparo-para-liberar-a-defensores-de-cholula\/\">Juzgado incumple amparo para liberar a defensores de Cholula<\/a><br \/>\n<em>Proceso<\/em><\/p>\n<p><strong>02\/07\/15. <\/strong><a href=\"http:\/\/grieta.org.mx\/index.php\/2015\/07\/02\/al-final-del-amparo-una-pregunta-simple-cuando-liberaran-a-los-xicale-presos-en-cholula\/\"><br \/>\nAl final del amparo una pregunta simple: \u00bfcu\u00e1ndo liberar\u00e1n a los Xicale presos en Cholula?<\/a><br \/>\n<em>Mundo Nuestro \/ e-consulta<\/em><\/p>\n<p><strong>30\/06\/15. <\/strong><a href=\"http:\/\/grieta.org.mx\/index.php\/2015\/06\/30\/dan-reves-a-moreno-valle-en-su-proyecto-de-parque-en-cholula\/\">Dan rev\u00e9s a Moreno Valle en su proyecto de parque en Cholula<\/a><br \/>\n<em>Proceso<\/em><\/p>\n<p><strong>03\/06\/15. <\/strong><a href=\"http:\/\/grieta.org.mx\/index.php\/2015\/06\/03\/detienen-a-tres-integrantes-de-cholula-viva-y-digna\/\">Detienen a tres integrantes de Cholula Viva y Digna<\/a><br \/>\n<em>La Jornada de Oriente<\/em><\/p>\n<p><strong>19\/05\/15. <\/strong><a href=\"http:\/\/grieta.org.mx\/index.php\/2015\/05\/19\/luz-bajo-la-tierra-la-destruccion-de-cholula-documental\/\"><br \/>\nLuz Bajo La Tierra, la Destrucci\u00f3n de Cholula (Documental)<\/a><br \/>\n<em>You Tube<\/em><\/p>\n<p><strong>23\/04\/15. <\/strong><a href=\"http:\/\/grieta.org.mx\/index.php\/2015\/04\/23\/liberan-ordenes-de-aprehension-contra-activistas-de-cholula\/\">Liberan \u00f3rdenes de aprehensi\u00f3n contra activistas de Cholula<\/a><br \/>\n<em>Municipios Puebla<\/em><\/p>\n<p><strong>02\/04\/15. <\/strong><a href=\"http:\/\/grieta.org.mx\/index.php\/2015\/04\/02\/dilacion-de-la-pgj-en-juzgado-de-cholula-para-prorrogar-encarcelamiento-de-los-xicale\/\">Dilaci\u00f3n de la PGJ en juzgado de Cholula, para prorrogar encarcelamiento de los Xicale<\/a><br \/>\n<em>La Jornada de Oriente<\/em><\/p>\n<p><strong>19\/02\/15. <\/strong><a href=\"http:\/\/grieta.org.mx\/index.php\/2015\/02\/19\/los-xicale-y-los-tlachi-ganan-primer-amparo-contra-el-gobierno-de-san-andres-cholula\/\">Los Xicale y los Tlachi ganan primer amparo contra el gobierno de San Andr\u00e9s Cholula<\/a><br \/>\n<em>La Jornada de Oriente<\/em><\/p>\n<p><strong>05\/02\/15. <\/strong><a href=\"http:\/\/grieta.org.mx\/index.php\/2015\/02\/05\/paisano-rompe-el-dialogo-y-autoriza-ingreso-de-maquinaria-de-capcee-a-tierras-expropiadas\/\">Paisano rompe el di\u00e1logo y autoriza ingreso de maquinaria de CAPCEE a tierras expropiadas<\/a><br \/>\n<em>La Jornada de Oriente<\/em><\/p>\n","protected":false},"excerpt":{"rendered":"<p>05\/08\/16. Activistas temen m\u00e1s obras del CAPCEE en zona arqueol\u00f3gica de Cholula Municipios Puebla 29\/07\/16. Aseguran que obras en Cholula carecen de permisos del INAH El Sol de Puebla 12\/07\/16. &hellip; <a href=\"https:\/\/www.grieta.org.mx\/index.php\/2016\/09\/05\/oposicion-a-proyectos-turisticos-en-zona-arqueologica-de-cholula-puebla\/\" class=\"more-link\">Leer m\u00e1s<\/a><\/p>\n","protected":false},"author":2,"featured_media":21928,"comment_status":"closed","ping_status":"open","sticky":false,"template":"","format":"standard","meta":{"ngg_post_thumbnail":0,"_jetpack_newsletter_access":"","_jetpack_dont_email_post_to_subs":false,"_jetpack_newsletter_tier_id":0,"_jetpack_memberships_contains_paywalled_content":false,"_jetpack_memberships_contains_paid_content":false,"footnotes":""},"categories":[2,26],"tags":[285],"class_list":["post-1768","post","type-post","status-publish","format-standard","has-post-thumbnail","hentry","category-noticias-nacionales","category-puebla","tag-turismo","entry"],"jetpack_featured_media_url":"https:\/\/www.grieta.org.mx\/wp-content\/uploads\/2018\/03\/14524434_1106112876131411_958039263622046936_o.jpg","jetpack_sharing_enabled":true,"jetpack_shortlink":"https:\/\/wp.me\/p7ZJR4-sw","jetpack_likes_enabled":false,"jetpack-related-posts":[{"id":18660,"url":"https:\/\/www.grieta.org.mx\/index.php\/2016\/07\/29\/aseguran-que-obras-en-cholula-carecen-de-permisos-del-inah\/","url_meta":{"origin":1768,"position":0},"title":"Aseguran que obras en Cholula carecen de permisos del INAH","author":"grieta","date":"29 julio, 2016","format":false,"excerpt":"Por Norma Marcial SAN ANDR\u00c9S CHOLULA, Pue. Por en\u00e9sima ocasi\u00f3n, integrantes del Colectivo Cholula Viva y Digna, exigieron la cancelaci\u00f3n inmediata de las obras de embellecimiento que autoridades estatales realizan en puntos colindantes a la zona arqueol\u00f3gica de Cholula, tras se\u00f1alar que carecen de los permisos correspondientes por parte del\u2026","rel":"","context":"En &quot;CINTILLO&quot;","block_context":{"text":"CINTILLO","link":"https:\/\/www.grieta.org.mx\/index.php\/category\/cintillo\/"},"img":{"alt_text":"","src":"https:\/\/i0.wp.com\/www.grieta.org.mx\/wp-content\/uploads\/2018\/03\/14524434_1106112876131411_958039263622046936_o.jpg?resize=350%2C200&ssl=1","width":350,"height":200,"srcset":"https:\/\/i0.wp.com\/www.grieta.org.mx\/wp-content\/uploads\/2018\/03\/14524434_1106112876131411_958039263622046936_o.jpg?resize=350%2C200&ssl=1 1x, https:\/\/i0.wp.com\/www.grieta.org.mx\/wp-content\/uploads\/2018\/03\/14524434_1106112876131411_958039263622046936_o.jpg?resize=525%2C300&ssl=1 1.5x, https:\/\/i0.wp.com\/www.grieta.org.mx\/wp-content\/uploads\/2018\/03\/14524434_1106112876131411_958039263622046936_o.jpg?resize=700%2C400&ssl=1 2x"},"classes":[]},{"id":16470,"url":"https:\/\/www.grieta.org.mx\/index.php\/2016\/06\/24\/gobierno-de-puebla-reanuda-obras-para-en-zona-arqueologica-de-cholula\/","url_meta":{"origin":1768,"position":1},"title":"Gobierno de Puebla reanuda obras para en zona arqueol\u00f3gica de Cholula","author":"grieta","date":"24 junio, 2016","format":false,"excerpt":"Por Gabriela Hern\u00e1ndez SAN ANDR\u00c9S CHOLULA, Pue. (apro).- Con una retroexcavadora y a s\u00f3lo unos metros del Patio de los Altares de la zona arqueol\u00f3gica de Cholula, el gobierno de Puebla reinici\u00f3 excavaciones para la construcci\u00f3n del parque de las Siete Culturas. Juan Manuel Ram\u00edrez, realizador del documental Luz bajo\u2026","rel":"","context":"En &quot;CINTILLO&quot;","block_context":{"text":"CINTILLO","link":"https:\/\/www.grieta.org.mx\/index.php\/category\/cintillo\/"},"img":{"alt_text":"","src":"https:\/\/i0.wp.com\/www.grieta.org.mx\/wp-content\/uploads\/2016\/07\/Gran-piramide-de-Cholula.jpg?resize=350%2C200&ssl=1","width":350,"height":200,"srcset":"https:\/\/i0.wp.com\/www.grieta.org.mx\/wp-content\/uploads\/2016\/07\/Gran-piramide-de-Cholula.jpg?resize=350%2C200&ssl=1 1x, https:\/\/i0.wp.com\/www.grieta.org.mx\/wp-content\/uploads\/2016\/07\/Gran-piramide-de-Cholula.jpg?resize=525%2C300&ssl=1 1.5x, https:\/\/i0.wp.com\/www.grieta.org.mx\/wp-content\/uploads\/2016\/07\/Gran-piramide-de-Cholula.jpg?resize=700%2C400&ssl=1 2x"},"classes":[]},{"id":17170,"url":"https:\/\/www.grieta.org.mx\/index.php\/2016\/07\/12\/parque-cholula-gobierno-de-puebla-excava-en-zona-arqueologica-sin-autorizacion-del-inah\/","url_meta":{"origin":1768,"position":2},"title":"Parque Cholula: gobierno de Puebla excava en zona arqueol\u00f3gica sin autorizaci\u00f3n del INAH","author":"grieta","date":"12 julio, 2016","format":false,"excerpt":"Por Javier Vega Una retroexcavadora levanta tierra sobre una zona arqueol\u00f3gica. Muy cerca se escuchan los sonidos de los picos y taladros neum\u00e1ticos. Para el gobierno estatal, es el sonido del progreso. Mientras tanto, una arque\u00f3loga al servicio del INAH va recogiendo los fragmentos de cer\u00e1mica que los trabajos dejan\u2026","rel":"","context":"En &quot;CINTILLO&quot;","block_context":{"text":"CINTILLO","link":"https:\/\/www.grieta.org.mx\/index.php\/category\/cintillo\/"},"img":{"alt_text":"","src":"https:\/\/i0.wp.com\/www.grieta.org.mx\/wp-content\/uploads\/2016\/07\/w704-4.jpg?resize=350%2C200&ssl=1","width":350,"height":200,"srcset":"https:\/\/i0.wp.com\/www.grieta.org.mx\/wp-content\/uploads\/2016\/07\/w704-4.jpg?resize=350%2C200&ssl=1 1x, https:\/\/i0.wp.com\/www.grieta.org.mx\/wp-content\/uploads\/2016\/07\/w704-4.jpg?resize=525%2C300&ssl=1 1.5x, https:\/\/i0.wp.com\/www.grieta.org.mx\/wp-content\/uploads\/2016\/07\/w704-4.jpg?resize=700%2C400&ssl=1 2x"},"classes":[]},{"id":16474,"url":"https:\/\/www.grieta.org.mx\/index.php\/2016\/06\/25\/denunciaran-obras-en-zona-arqueologica-de-cholula-ante-el-inah\/","url_meta":{"origin":1768,"position":3},"title":"Denunciar\u00e1n obras en zona arqueol\u00f3gica de Cholula ante el INAH","author":"grieta","date":"25 junio, 2016","format":false,"excerpt":"Por Jorge Castillo Luego de la intentona del gobierno estatal de continuar la obra aleda\u00f1a a la Gran Pir\u00e1mide, la organizaci\u00f3n Cholula Viva y Digna, prepara una denuncia ante el Instituto Nacional de Antropolog\u00eda e Historia (INAH). As\u00ed lo revel\u00f3 en entrevista Josu\u00e9 Xicale, vocero del organismo civil, al se\u00f1alar\u2026","rel":"","context":"En &quot;CINTILLO&quot;","block_context":{"text":"CINTILLO","link":"https:\/\/www.grieta.org.mx\/index.php\/category\/cintillo\/"},"img":{"alt_text":"","src":"https:\/\/i0.wp.com\/www.grieta.org.mx\/wp-content\/uploads\/2016\/07\/denunciaran-obras-en-cholula-ante-el-inah.jpg?resize=350%2C200&ssl=1","width":350,"height":200,"srcset":"https:\/\/i0.wp.com\/www.grieta.org.mx\/wp-content\/uploads\/2016\/07\/denunciaran-obras-en-cholula-ante-el-inah.jpg?resize=350%2C200&ssl=1 1x, https:\/\/i0.wp.com\/www.grieta.org.mx\/wp-content\/uploads\/2016\/07\/denunciaran-obras-en-cholula-ante-el-inah.jpg?resize=525%2C300&ssl=1 1.5x"},"classes":[]},{"id":21007,"url":"https:\/\/www.grieta.org.mx\/index.php\/2016\/09\/05\/activistas-temen-mas-obras-del-capcee-en-zona-arqueologica-de-cholula\/","url_meta":{"origin":1768,"position":4},"title":"Activistas temen m\u00e1s obras del CAPCEE en zona arqueol\u00f3gica de Cholula","author":"grieta","date":"5 septiembre, 2016","format":false,"excerpt":"Por Arturo Manzano San Andr\u00e9s Cholula, Pue.- El Movimiento colectivo Cholula Viva y Digna alert\u00f3 que recientemente han sido depositadas camionadas de grava en las inmediaciones del Patio de Los Altares, las cuales podr\u00edan ser utilizadas por el Comit\u00e9 Administrador Poblano para la Construcci\u00f3n de Espacios Educativos (CAPCEE) para continuar\u2026","rel":"","context":"En &quot;CINTILLO&quot;","block_context":{"text":"CINTILLO","link":"https:\/\/www.grieta.org.mx\/index.php\/category\/cintillo\/"},"img":{"alt_text":"","src":"https:\/\/i0.wp.com\/www.grieta.org.mx\/wp-content\/uploads\/2016\/09\/fototeca-141020141529imgpng14oct2014chol08_0.jpg?resize=350%2C200&ssl=1","width":350,"height":200,"srcset":"https:\/\/i0.wp.com\/www.grieta.org.mx\/wp-content\/uploads\/2016\/09\/fototeca-141020141529imgpng14oct2014chol08_0.jpg?resize=350%2C200&ssl=1 1x, https:\/\/i0.wp.com\/www.grieta.org.mx\/wp-content\/uploads\/2016\/09\/fototeca-141020141529imgpng14oct2014chol08_0.jpg?resize=525%2C300&ssl=1 1.5x"},"classes":[]},{"id":1784,"url":"https:\/\/www.grieta.org.mx\/index.php\/2015\/05\/19\/luz-bajo-la-tierra-la-destruccion-de-cholula-documental\/","url_meta":{"origin":1768,"position":5},"title":"Luz Bajo La Tierra, la Destrucci\u00f3n de Cholula (Documental)","author":"grieta","date":"19 mayo, 2015","format":false,"excerpt":"mayo 19, 2015 Puebla El Gobierno de Puebla realiza la construcci\u00f3n de un parque comercial sobre la zona arqueol\u00f3gica de Cholula. Este documental muestra la destrucci\u00f3n del patrimonio hist\u00f3rico producto de las obras irregulares, adem\u00e1s de la represi\u00f3n que han sufrido los habitantes de Cholula por oponerse el proyecto. Gui\u00f3n,\u2026","rel":"","context":"En &quot;CINTILLO&quot;","block_context":{"text":"CINTILLO","link":"https:\/\/www.grieta.org.mx\/index.php\/category\/cintillo\/"},"img":{"alt_text":"","src":"https:\/\/i0.wp.com\/www.grieta.org.mx\/wp-content\/uploads\/2018\/03\/14524434_1106112876131411_958039263622046936_o.jpg?resize=350%2C200&ssl=1","width":350,"height":200,"srcset":"https:\/\/i0.wp.com\/www.grieta.org.mx\/wp-content\/uploads\/2018\/03\/14524434_1106112876131411_958039263622046936_o.jpg?resize=350%2C200&ssl=1 1x, https:\/\/i0.wp.com\/www.grieta.org.mx\/wp-content\/uploads\/2018\/03\/14524434_1106112876131411_958039263622046936_o.jpg?resize=525%2C300&ssl=1 1.5x, https:\/\/i0.wp.com\/www.grieta.org.mx\/wp-content\/uploads\/2018\/03\/14524434_1106112876131411_958039263622046936_o.jpg?resize=700%2C400&ssl=1 2x"},"classes":[]}],"_links":{"self":[{"href":"https:\/\/www.grieta.org.mx\/index.php\/wp-json\/wp\/v2\/posts\/1768","targetHints":{"allow":["GET"]}}],"collection":[{"href":"https:\/\/www.grieta.org.mx\/index.php\/wp-json\/wp\/v2\/posts"}],"about":[{"href":"https:\/\/www.grieta.org.mx\/index.php\/wp-json\/wp\/v2\/types\/post"}],"author":[{"embeddable":true,"href":"https:\/\/www.grieta.org.mx\/index.php\/wp-json\/wp\/v2\/users\/2"}],"replies":[{"embeddable":true,"href":"https:\/\/www.grieta.org.mx\/index.php\/wp-json\/wp\/v2\/comments?post=1768"}],"version-history":[{"count":1,"href":"https:\/\/www.grieta.org.mx\/index.php\/wp-json\/wp\/v2\/posts\/1768\/revisions"}],"predecessor-version":[{"id":24373,"href":"https:\/\/www.grieta.org.mx\/index.php\/wp-json\/wp\/v2\/posts\/1768\/revisions\/24373"}],"wp:featuredmedia":[{"embeddable":true,"href":"https:\/\/www.grieta.org.mx\/index.php\/wp-json\/wp\/v2\/media\/21928"}],"wp:attachment":[{"href":"https:\/\/www.grieta.org.mx\/index.php\/wp-json\/wp\/v2\/media?parent=1768"}],"wp:term":[{"taxonomy":"category","embeddable":true,"href":"https:\/\/www.grieta.org.mx\/index.php\/wp-json\/wp\/v2\/categories?post=1768"},{"taxonomy":"post_tag","embeddable":true,"href":"https:\/\/www.grieta.org.mx\/index.php\/wp-json\/wp\/v2\/tags?post=1768"}],"curies":[{"name":"wp","href":"https:\/\/api.w.org\/{rel}","templated":true}]}}