{"id":17672,"date":"2016-08-26T18:42:03","date_gmt":"2016-08-26T23:42:03","guid":{"rendered":"http:\/\/www.grieta.org.mx\/?p=17672"},"modified":"2016-09-05T23:34:16","modified_gmt":"2016-09-06T04:34:16","slug":"ciudadanos-contra-la-ciclopista-en-puebla","status":"publish","type":"post","link":"https:\/\/www.grieta.org.mx\/index.php\/2016\/08\/26\/ciudadanos-contra-la-ciclopista-en-puebla\/","title":{"rendered":"Ciudadanos contra la ciclopista en Puebla"},"content":{"rendered":"<p><strong>26\/08\/16. <\/strong><a href=\"http:\/\/www.grieta.org.mx\/index.php\/2016\/08\/26\/exigen-revertir-privatizacion-del-agua-y-modificar-ciclovia-en-puebla\/\">Exigen revertir privatizaci\u00f3n del agua y modificar ciclov\u00eda en Puebla<\/a><br \/>\n<em>El Sol de Puebla<\/em><\/p>\n<p><strong>08\/08\/16. <\/strong><a href=\"http:\/\/www.grieta.org.mx\/index.php\/2016\/08\/08\/presenta-amparo-frente-puebla-con-arboles\/\">Presenta amparo ante ciclopista &#8220;Frente Puebla con \u00c1rboles&#8221;<\/a><br \/>\n<em>Intolerancia Diario<\/em><\/p>\n<p><strong>02\/08\/16. <\/strong><a href=\"http:\/\/www.grieta.org.mx\/index.php\/2016\/08\/02\/puebla-tiene-4-veces-menos-areas-verdes-de-lo-recomendado-por-la-oms\/\">Puebla tiene 4 veces menos \u00e1reas verdes de lo recomendado por la OMS<\/a><br \/>\n<em>Lado B<\/em><\/p>\n<p><strong>31\/07\/16. <\/strong><a href=\"http:\/\/www.grieta.org.mx\/index.php\/2016\/07\/31\/vuelven-a-manifestarse-contra-la-ciclovia-en-el-hermanos-serdan-puebla\/\">Vuelven a manifestarse contra la ciclov\u00eda en el Hermanos Serd\u00e1n (Puebla)<\/a><br \/>\n<em>El Sol de Puebla<\/em><\/p>\n<p><strong>24\/07\/16. <\/strong><a href=\"http:\/\/www.grieta.org.mx\/index.php\/2016\/07\/24\/por-segunda-vez-protestan-contra-ciclovia-hermanos-serdan-interponen-amparos-puebla\/\">Por segunda vez, protestan contra ciclov\u00eda Hermanos Serd\u00e1n; interponen amparos (Puebla)<\/a><br \/>\n<em>\u00c1ngulo 7<\/em><\/p>\n<p><strong>20\/07\/16. <\/strong><a href=\"http:\/\/www.grieta.org.mx\/index.php\/2016\/07\/20\/hacen-costumbre-arrancar-obras-sin-permisos-en-puebla\/\">Hacen costumbre arrancar obras sin permisos en Puebla<\/a><br \/>\n<em>e-consulta<\/em><\/p>\n<p><strong>17\/07\/16. <\/strong><a href=\"http:\/\/www.grieta.org.mx\/index.php\/2016\/07\/17\/ciudadanos-y-ongs-dicen-no-la-ciclopista-del-bulevar-hermanos-serdan-por-ecocidio-puebla\/\">Ciudadanos y ONG\u2019s dicen NO la ciclopista del bulevar Hermanos Serd\u00e1n por ecocidio (Puebla)<\/a><br \/>\n<em>Peri\u00f3dico Central<\/em><\/p>\n","protected":false},"excerpt":{"rendered":"<p>26\/08\/16. Exigen revertir privatizaci\u00f3n del agua y modificar ciclov\u00eda en Puebla El Sol de Puebla 08\/08\/16. Presenta amparo ante ciclopista &#8220;Frente Puebla con \u00c1rboles&#8221; Intolerancia Diario 02\/08\/16. Puebla tiene 4 &hellip; <a href=\"https:\/\/www.grieta.org.mx\/index.php\/2016\/08\/26\/ciudadanos-contra-la-ciclopista-en-puebla\/\" class=\"more-link\">Leer m\u00e1s<\/a><\/p>\n","protected":false},"author":2,"featured_media":21928,"comment_status":"closed","ping_status":"closed","sticky":false,"template":"","format":"standard","meta":{"ngg_post_thumbnail":0,"_jetpack_newsletter_access":"","_jetpack_dont_email_post_to_subs":false,"_jetpack_newsletter_tier_id":0,"_jetpack_memberships_contains_paywalled_content":false,"_jetpack_memberships_contains_paid_content":false,"footnotes":""},"categories":[2,26],"tags":[],"class_list":["post-17672","post","type-post","status-publish","format-standard","has-post-thumbnail","hentry","category-noticias-nacionales","category-puebla","entry"],"jetpack_featured_media_url":"https:\/\/www.grieta.org.mx\/wp-content\/uploads\/2018\/03\/14524434_1106112876131411_958039263622046936_o.jpg","jetpack_sharing_enabled":true,"jetpack_shortlink":"https:\/\/wp.me\/p7ZJR4-4B2","jetpack_likes_enabled":false,"jetpack-related-posts":[{"id":17717,"url":"https:\/\/www.grieta.org.mx\/index.php\/2016\/07\/24\/por-segunda-vez-protestan-contra-ciclovia-hermanos-serdan-interponen-amparos-puebla\/","url_meta":{"origin":17672,"position":0},"title":"Por segunda vez, protestan contra ciclov\u00eda Hermanos Serd\u00e1n; interponen amparos (Puebla)","author":"grieta","date":"24 julio, 2016","format":false,"excerpt":"Una semana despu\u00e9s de la primera manifestaci\u00f3n pac\u00edfica contra la construcci\u00f3n de la ciclopista Hermanos Serd\u00e1n, en una rodada exigieron a las autoridades estatales detener la construcci\u00f3n del proyecto que requerir\u00e1 derribar 601 \u00e1rboles. A la rodada convocada este s\u00e1bado por el colectivo Subterr\u00e1neos, se le sumaron vecinos y ciudadanos,\u2026","rel":"","context":"En &quot;CINTILLO&quot;","block_context":{"text":"CINTILLO","link":"https:\/\/www.grieta.org.mx\/index.php\/category\/cintillo\/"},"img":{"alt_text":"","src":"https:\/\/i0.wp.com\/www.grieta.org.mx\/wp-content\/uploads\/2018\/03\/14524434_1106112876131411_958039263622046936_o.jpg?resize=350%2C200&ssl=1","width":350,"height":200,"srcset":"https:\/\/i0.wp.com\/www.grieta.org.mx\/wp-content\/uploads\/2018\/03\/14524434_1106112876131411_958039263622046936_o.jpg?resize=350%2C200&ssl=1 1x, https:\/\/i0.wp.com\/www.grieta.org.mx\/wp-content\/uploads\/2018\/03\/14524434_1106112876131411_958039263622046936_o.jpg?resize=525%2C300&ssl=1 1.5x, https:\/\/i0.wp.com\/www.grieta.org.mx\/wp-content\/uploads\/2018\/03\/14524434_1106112876131411_958039263622046936_o.jpg?resize=700%2C400&ssl=1 2x"},"classes":[]},{"id":19041,"url":"https:\/\/www.grieta.org.mx\/index.php\/2016\/08\/08\/presenta-amparo-frente-puebla-con-arboles\/","url_meta":{"origin":17672,"position":1},"title":"Presenta amparo ante ciclopista &#8220;Frente Puebla con \u00c1rboles&#8221;","author":"grieta","date":"8 agosto, 2016","format":false,"excerpt":"Se constituy\u00f3 el Frente Puebla con \u00c1rboles, sobre todo para iniciar protestas contra el derribo de \u00e1rboles por la construcci\u00f3n de la ciclov\u00eda en el boulevard Hermanos Serd\u00e1n, uno de los principales accesos en Puebla. En rueda de prensa, se inform\u00f3 que esta nueva agrupaci\u00f3n conformada por organizaciones civiles sociales\u2026","rel":"","context":"En &quot;CINTILLO&quot;","block_context":{"text":"CINTILLO","link":"https:\/\/www.grieta.org.mx\/index.php\/category\/cintillo\/"},"img":{"alt_text":"","src":"https:\/\/i0.wp.com\/www.grieta.org.mx\/wp-content\/uploads\/2018\/03\/14524434_1106112876131411_958039263622046936_o.jpg?resize=350%2C200&ssl=1","width":350,"height":200,"srcset":"https:\/\/i0.wp.com\/www.grieta.org.mx\/wp-content\/uploads\/2018\/03\/14524434_1106112876131411_958039263622046936_o.jpg?resize=350%2C200&ssl=1 1x, https:\/\/i0.wp.com\/www.grieta.org.mx\/wp-content\/uploads\/2018\/03\/14524434_1106112876131411_958039263622046936_o.jpg?resize=525%2C300&ssl=1 1.5x, https:\/\/i0.wp.com\/www.grieta.org.mx\/wp-content\/uploads\/2018\/03\/14524434_1106112876131411_958039263622046936_o.jpg?resize=700%2C400&ssl=1 2x"},"classes":[]},{"id":20937,"url":"https:\/\/www.grieta.org.mx\/index.php\/2016\/08\/26\/exigen-revertir-privatizacion-del-agua-y-modificar-ciclovia-en-puebla\/","url_meta":{"origin":17672,"position":2},"title":"Exigen revertir privatizaci\u00f3n del agua y modificar ciclov\u00eda en Puebla","author":"grieta","date":"26 agosto, 2016","format":false,"excerpt":"Por V\u00edctor Hugo Ju\u00e1rez Distintas organizaciones de la sociedad civil se manifestaron en las instalaciones del Congreso del Estado para entregar mil 122 firmas m\u00e1s que buscan revertir la privatizaci\u00f3n del servicio de agua potable, as\u00ed como pedir nuevas modificaciones al proyecto de la ciclov\u00eda en el Bulevar Hermanos Serd\u00e1n\u2026","rel":"","context":"En &quot;CINTILLO&quot;","block_context":{"text":"CINTILLO","link":"https:\/\/www.grieta.org.mx\/index.php\/category\/cintillo\/"},"img":{"alt_text":"","src":"https:\/\/i0.wp.com\/www.grieta.org.mx\/wp-content\/uploads\/2018\/03\/14524434_1106112876131411_958039263622046936_o.jpg?resize=350%2C200&ssl=1","width":350,"height":200,"srcset":"https:\/\/i0.wp.com\/www.grieta.org.mx\/wp-content\/uploads\/2018\/03\/14524434_1106112876131411_958039263622046936_o.jpg?resize=350%2C200&ssl=1 1x, https:\/\/i0.wp.com\/www.grieta.org.mx\/wp-content\/uploads\/2018\/03\/14524434_1106112876131411_958039263622046936_o.jpg?resize=525%2C300&ssl=1 1.5x, https:\/\/i0.wp.com\/www.grieta.org.mx\/wp-content\/uploads\/2018\/03\/14524434_1106112876131411_958039263622046936_o.jpg?resize=700%2C400&ssl=1 2x"},"classes":[]},{"id":18644,"url":"https:\/\/www.grieta.org.mx\/index.php\/2016\/07\/31\/vuelven-a-manifestarse-contra-la-ciclovia-en-el-hermanos-serdan-puebla\/","url_meta":{"origin":17672,"position":3},"title":"Vuelven a manifestarse contra la ciclov\u00eda en el Hermanos Serd\u00e1n (Puebla)","author":"grieta","date":"31 julio, 2016","format":false,"excerpt":"Por Bel\u00e9n Cancino Por tercer fin de semana consecutivo, decenas de poblanos a pie y a bordo de sus bicicletas insistieron en solicitar al Gobierno del Estado que modifique el proyecto de construcci\u00f3n de la ciclov\u00eda elevada en el Bulevar Hermanos Serd\u00e1n, a nivel de piso. Adem\u00e1s, un grupo de\u2026","rel":"","context":"En &quot;CINTILLO&quot;","block_context":{"text":"CINTILLO","link":"https:\/\/www.grieta.org.mx\/index.php\/category\/cintillo\/"},"img":{"alt_text":"","src":"https:\/\/i0.wp.com\/www.grieta.org.mx\/wp-content\/uploads\/2018\/03\/14524434_1106112876131411_958039263622046936_o.jpg?resize=350%2C200&ssl=1","width":350,"height":200,"srcset":"https:\/\/i0.wp.com\/www.grieta.org.mx\/wp-content\/uploads\/2018\/03\/14524434_1106112876131411_958039263622046936_o.jpg?resize=350%2C200&ssl=1 1x, https:\/\/i0.wp.com\/www.grieta.org.mx\/wp-content\/uploads\/2018\/03\/14524434_1106112876131411_958039263622046936_o.jpg?resize=525%2C300&ssl=1 1.5x, https:\/\/i0.wp.com\/www.grieta.org.mx\/wp-content\/uploads\/2018\/03\/14524434_1106112876131411_958039263622046936_o.jpg?resize=700%2C400&ssl=1 2x"},"classes":[]},{"id":17677,"url":"https:\/\/www.grieta.org.mx\/index.php\/2016\/07\/20\/hacen-costumbre-arrancar-obras-sin-permisos-en-puebla\/","url_meta":{"origin":17672,"position":4},"title":"Hacen costumbre arrancar obras sin permisos en Puebla","author":"grieta","date":"20 julio, 2016","format":false,"excerpt":"Por Patricia M\u00e9ndez Obras como el segundo piso de la autopista M\u00e9xico-Puebla, el camino de acceso a la Academia de Polic\u00eda, la ciclopista del bulevar Hermanos Serd\u00e1n e incluso el Museo Internacional Barroco (MIB), que est\u00e1n a cargo del gobierno del estado, se iniciaron sin que contaran con los permisos\u2026","rel":"","context":"En &quot;CINTILLO&quot;","block_context":{"text":"CINTILLO","link":"https:\/\/www.grieta.org.mx\/index.php\/category\/cintillo\/"},"img":{"alt_text":"","src":"https:\/\/i0.wp.com\/www.grieta.org.mx\/wp-content\/uploads\/2018\/03\/14524434_1106112876131411_958039263622046936_o.jpg?resize=350%2C200&ssl=1","width":350,"height":200,"srcset":"https:\/\/i0.wp.com\/www.grieta.org.mx\/wp-content\/uploads\/2018\/03\/14524434_1106112876131411_958039263622046936_o.jpg?resize=350%2C200&ssl=1 1x, https:\/\/i0.wp.com\/www.grieta.org.mx\/wp-content\/uploads\/2018\/03\/14524434_1106112876131411_958039263622046936_o.jpg?resize=525%2C300&ssl=1 1.5x, https:\/\/i0.wp.com\/www.grieta.org.mx\/wp-content\/uploads\/2018\/03\/14524434_1106112876131411_958039263622046936_o.jpg?resize=700%2C400&ssl=1 2x"},"classes":[]},{"id":17673,"url":"https:\/\/www.grieta.org.mx\/index.php\/2016\/07\/17\/ciudadanos-y-ongs-dicen-no-la-ciclopista-del-bulevar-hermanos-serdan-por-ecocidio-puebla\/","url_meta":{"origin":17672,"position":5},"title":"Ciudadanos y ONG\u2019s dicen NO la ciclopista del bulevar Hermanos Serd\u00e1n por ecocidio (Puebla)","author":"grieta","date":"17 julio, 2016","format":false,"excerpt":"Por Esteban de Jes\u00fas L\u00f3pez Este fin de semana organizaciones civiles y vecinos de la zona, se manifestaron contra del proyecto de la ciclopista del bulevar Hermanos Serd\u00e1n de 271.3 millones de pesos, pues contempla la tala de 323 \u00e1rboles. Organizaciones como la internacional Greenpeace, Cholula en Bici y Colectivo\u2026","rel":"","context":"En &quot;CINTILLO&quot;","block_context":{"text":"CINTILLO","link":"https:\/\/www.grieta.org.mx\/index.php\/category\/cintillo\/"},"img":{"alt_text":"","src":"https:\/\/i0.wp.com\/www.grieta.org.mx\/wp-content\/uploads\/2018\/03\/14524434_1106112876131411_958039263622046936_o.jpg?resize=350%2C200&ssl=1","width":350,"height":200,"srcset":"https:\/\/i0.wp.com\/www.grieta.org.mx\/wp-content\/uploads\/2018\/03\/14524434_1106112876131411_958039263622046936_o.jpg?resize=350%2C200&ssl=1 1x, https:\/\/i0.wp.com\/www.grieta.org.mx\/wp-content\/uploads\/2018\/03\/14524434_1106112876131411_958039263622046936_o.jpg?resize=525%2C300&ssl=1 1.5x, https:\/\/i0.wp.com\/www.grieta.org.mx\/wp-content\/uploads\/2018\/03\/14524434_1106112876131411_958039263622046936_o.jpg?resize=700%2C400&ssl=1 2x"},"classes":[]}],"_links":{"self":[{"href":"https:\/\/www.grieta.org.mx\/index.php\/wp-json\/wp\/v2\/posts\/17672","targetHints":{"allow":["GET"]}}],"collection":[{"href":"https:\/\/www.grieta.org.mx\/index.php\/wp-json\/wp\/v2\/posts"}],"about":[{"href":"https:\/\/www.grieta.org.mx\/index.php\/wp-json\/wp\/v2\/types\/post"}],"author":[{"embeddable":true,"href":"https:\/\/www.grieta.org.mx\/index.php\/wp-json\/wp\/v2\/users\/2"}],"replies":[{"embeddable":true,"href":"https:\/\/www.grieta.org.mx\/index.php\/wp-json\/wp\/v2\/comments?post=17672"}],"version-history":[{"count":1,"href":"https:\/\/www.grieta.org.mx\/index.php\/wp-json\/wp\/v2\/posts\/17672\/revisions"}],"predecessor-version":[{"id":20946,"href":"https:\/\/www.grieta.org.mx\/index.php\/wp-json\/wp\/v2\/posts\/17672\/revisions\/20946"}],"wp:featuredmedia":[{"embeddable":true,"href":"https:\/\/www.grieta.org.mx\/index.php\/wp-json\/wp\/v2\/media\/21928"}],"wp:attachment":[{"href":"https:\/\/www.grieta.org.mx\/index.php\/wp-json\/wp\/v2\/media?parent=17672"}],"wp:term":[{"taxonomy":"category","embeddable":true,"href":"https:\/\/www.grieta.org.mx\/index.php\/wp-json\/wp\/v2\/categories?post=17672"},{"taxonomy":"post_tag","embeddable":true,"href":"https:\/\/www.grieta.org.mx\/index.php\/wp-json\/wp\/v2\/tags?post=17672"}],"curies":[{"name":"wp","href":"https:\/\/api.w.org\/{rel}","templated":true}]}}