{"id":17636,"date":"2016-07-24T13:50:30","date_gmt":"2016-07-24T18:50:30","guid":{"rendered":"http:\/\/www.grieta.org.mx\/?p=17636"},"modified":"2016-08-03T14:51:37","modified_gmt":"2016-08-03T19:51:37","slug":"dia-2-comparte-por-la-humanidad-cideci","status":"publish","type":"post","link":"https:\/\/www.grieta.org.mx\/index.php\/2016\/07\/24\/dia-2-comparte-por-la-humanidad-cideci\/","title":{"rendered":"D\u00eda 2 \u2013 CompARTE por la humanidad \u2013 Cideci (Audios)"},"content":{"rendered":"<p>Radio Zapatista<\/p>\n<p>Festival CompARTE por la humanidad<br \/>\n24 de julio de 2016<br \/>\nCideci \/ Universidad de la Tierra Chiapas<\/p>\n<div data-carousel-extra='{&quot;blog_id&quot;:1,&quot;permalink&quot;:&quot;https:\/\/www.grieta.org.mx\/index.php\/2016\/07\/24\/dia-2-comparte-por-la-humanidad-cideci\/&quot;}' id='gallery-1' class='gallery galleryid-17636 gallery-columns-3 gallery-size-medium'><figure class='gallery-item'>\n\t\t\t<div class='gallery-icon landscape'>\n\t\t\t\t<a href='https:\/\/www.grieta.org.mx\/index.php\/2016\/07\/24\/dia-2-comparte-por-la-humanidad-cideci\/dscf0829-800x400\/'><img loading=\"lazy\" decoding=\"async\" width=\"300\" height=\"150\" src=\"https:\/\/www.grieta.org.mx\/wp-content\/uploads\/2016\/07\/DSCF0829-800x400-300x150.jpg\" class=\"attachment-medium size-medium\" alt=\"\" srcset=\"https:\/\/www.grieta.org.mx\/wp-content\/uploads\/2016\/07\/DSCF0829-800x400-300x150.jpg 300w, https:\/\/www.grieta.org.mx\/wp-content\/uploads\/2016\/07\/DSCF0829-800x400-768x384.jpg 768w, https:\/\/www.grieta.org.mx\/wp-content\/uploads\/2016\/07\/DSCF0829-800x400.jpg 800w\" sizes=\"auto, (max-width: 300px) 100vw, 300px\" data-attachment-id=\"17637\" data-permalink=\"https:\/\/www.grieta.org.mx\/index.php\/2016\/07\/24\/dia-2-comparte-por-la-humanidad-cideci\/dscf0829-800x400\/\" data-orig-file=\"https:\/\/www.grieta.org.mx\/wp-content\/uploads\/2016\/07\/DSCF0829-800x400.jpg\" data-orig-size=\"800,400\" data-comments-opened=\"0\" data-image-meta=\"{&quot;aperture&quot;:&quot;0&quot;,&quot;credit&quot;:&quot;&quot;,&quot;camera&quot;:&quot;&quot;,&quot;caption&quot;:&quot;&quot;,&quot;created_timestamp&quot;:&quot;0&quot;,&quot;copyright&quot;:&quot;&quot;,&quot;focal_length&quot;:&quot;0&quot;,&quot;iso&quot;:&quot;0&quot;,&quot;shutter_speed&quot;:&quot;0&quot;,&quot;title&quot;:&quot;&quot;,&quot;orientation&quot;:&quot;0&quot;}\" data-image-title=\"DSCF0829-800&amp;#215;400\" data-image-description=\"\" data-image-caption=\"\" data-medium-file=\"https:\/\/www.grieta.org.mx\/wp-content\/uploads\/2016\/07\/DSCF0829-800x400-300x150.jpg\" data-large-file=\"https:\/\/www.grieta.org.mx\/wp-content\/uploads\/2016\/07\/DSCF0829-800x400.jpg\" \/><\/a>\n\t\t\t<\/div><\/figure><figure class='gallery-item'>\n\t\t\t<div class='gallery-icon landscape'>\n\t\t\t\t<a href='https:\/\/www.grieta.org.mx\/index.php\/2016\/07\/24\/dia-2-comparte-por-la-humanidad-cideci\/dscf0830-800x400\/'><img loading=\"lazy\" decoding=\"async\" width=\"300\" height=\"150\" src=\"https:\/\/www.grieta.org.mx\/wp-content\/uploads\/2016\/07\/DSCF0830-800x400-300x150.jpg\" class=\"attachment-medium size-medium\" alt=\"\" srcset=\"https:\/\/www.grieta.org.mx\/wp-content\/uploads\/2016\/07\/DSCF0830-800x400-300x150.jpg 300w, https:\/\/www.grieta.org.mx\/wp-content\/uploads\/2016\/07\/DSCF0830-800x400-768x384.jpg 768w, https:\/\/www.grieta.org.mx\/wp-content\/uploads\/2016\/07\/DSCF0830-800x400.jpg 800w\" sizes=\"auto, (max-width: 300px) 100vw, 300px\" data-attachment-id=\"17638\" data-permalink=\"https:\/\/www.grieta.org.mx\/index.php\/2016\/07\/24\/dia-2-comparte-por-la-humanidad-cideci\/dscf0830-800x400\/\" data-orig-file=\"https:\/\/www.grieta.org.mx\/wp-content\/uploads\/2016\/07\/DSCF0830-800x400.jpg\" data-orig-size=\"800,400\" data-comments-opened=\"0\" data-image-meta=\"{&quot;aperture&quot;:&quot;0&quot;,&quot;credit&quot;:&quot;&quot;,&quot;camera&quot;:&quot;&quot;,&quot;caption&quot;:&quot;&quot;,&quot;created_timestamp&quot;:&quot;0&quot;,&quot;copyright&quot;:&quot;&quot;,&quot;focal_length&quot;:&quot;0&quot;,&quot;iso&quot;:&quot;0&quot;,&quot;shutter_speed&quot;:&quot;0&quot;,&quot;title&quot;:&quot;&quot;,&quot;orientation&quot;:&quot;0&quot;}\" data-image-title=\"DSCF0830-800&amp;#215;400\" data-image-description=\"\" data-image-caption=\"\" data-medium-file=\"https:\/\/www.grieta.org.mx\/wp-content\/uploads\/2016\/07\/DSCF0830-800x400-300x150.jpg\" data-large-file=\"https:\/\/www.grieta.org.mx\/wp-content\/uploads\/2016\/07\/DSCF0830-800x400.jpg\" \/><\/a>\n\t\t\t<\/div><\/figure><figure class='gallery-item'>\n\t\t\t<div class='gallery-icon landscape'>\n\t\t\t\t<a href='https:\/\/www.grieta.org.mx\/index.php\/2016\/07\/24\/dia-2-comparte-por-la-humanidad-cideci\/dscf0844-800x400\/'><img loading=\"lazy\" decoding=\"async\" width=\"300\" height=\"150\" src=\"https:\/\/www.grieta.org.mx\/wp-content\/uploads\/2016\/07\/DSCF0844-800x400-300x150.jpg\" class=\"attachment-medium size-medium\" alt=\"\" srcset=\"https:\/\/www.grieta.org.mx\/wp-content\/uploads\/2016\/07\/DSCF0844-800x400-300x150.jpg 300w, https:\/\/www.grieta.org.mx\/wp-content\/uploads\/2016\/07\/DSCF0844-800x400-768x384.jpg 768w, https:\/\/www.grieta.org.mx\/wp-content\/uploads\/2016\/07\/DSCF0844-800x400.jpg 800w\" sizes=\"auto, (max-width: 300px) 100vw, 300px\" data-attachment-id=\"17639\" data-permalink=\"https:\/\/www.grieta.org.mx\/index.php\/2016\/07\/24\/dia-2-comparte-por-la-humanidad-cideci\/dscf0844-800x400\/\" data-orig-file=\"https:\/\/www.grieta.org.mx\/wp-content\/uploads\/2016\/07\/DSCF0844-800x400.jpg\" data-orig-size=\"800,400\" data-comments-opened=\"0\" data-image-meta=\"{&quot;aperture&quot;:&quot;0&quot;,&quot;credit&quot;:&quot;&quot;,&quot;camera&quot;:&quot;&quot;,&quot;caption&quot;:&quot;&quot;,&quot;created_timestamp&quot;:&quot;0&quot;,&quot;copyright&quot;:&quot;&quot;,&quot;focal_length&quot;:&quot;0&quot;,&quot;iso&quot;:&quot;0&quot;,&quot;shutter_speed&quot;:&quot;0&quot;,&quot;title&quot;:&quot;&quot;,&quot;orientation&quot;:&quot;0&quot;}\" data-image-title=\"DSCF0844-800&amp;#215;400\" data-image-description=\"\" data-image-caption=\"\" data-medium-file=\"https:\/\/www.grieta.org.mx\/wp-content\/uploads\/2016\/07\/DSCF0844-800x400-300x150.jpg\" data-large-file=\"https:\/\/www.grieta.org.mx\/wp-content\/uploads\/2016\/07\/DSCF0844-800x400.jpg\" \/><\/a>\n\t\t\t<\/div><\/figure><figure class='gallery-item'>\n\t\t\t<div class='gallery-icon landscape'>\n\t\t\t\t<a href='https:\/\/www.grieta.org.mx\/index.php\/2016\/07\/24\/dia-2-comparte-por-la-humanidad-cideci\/dscf0848-800x400\/'><img loading=\"lazy\" decoding=\"async\" width=\"300\" height=\"150\" src=\"https:\/\/www.grieta.org.mx\/wp-content\/uploads\/2016\/07\/DSCF0848-800x400-300x150.jpg\" class=\"attachment-medium size-medium\" alt=\"\" srcset=\"https:\/\/www.grieta.org.mx\/wp-content\/uploads\/2016\/07\/DSCF0848-800x400-300x150.jpg 300w, https:\/\/www.grieta.org.mx\/wp-content\/uploads\/2016\/07\/DSCF0848-800x400-768x384.jpg 768w, https:\/\/www.grieta.org.mx\/wp-content\/uploads\/2016\/07\/DSCF0848-800x400.jpg 800w\" sizes=\"auto, (max-width: 300px) 100vw, 300px\" data-attachment-id=\"17640\" data-permalink=\"https:\/\/www.grieta.org.mx\/index.php\/2016\/07\/24\/dia-2-comparte-por-la-humanidad-cideci\/dscf0848-800x400\/\" data-orig-file=\"https:\/\/www.grieta.org.mx\/wp-content\/uploads\/2016\/07\/DSCF0848-800x400.jpg\" data-orig-size=\"800,400\" data-comments-opened=\"0\" data-image-meta=\"{&quot;aperture&quot;:&quot;0&quot;,&quot;credit&quot;:&quot;&quot;,&quot;camera&quot;:&quot;&quot;,&quot;caption&quot;:&quot;&quot;,&quot;created_timestamp&quot;:&quot;0&quot;,&quot;copyright&quot;:&quot;&quot;,&quot;focal_length&quot;:&quot;0&quot;,&quot;iso&quot;:&quot;0&quot;,&quot;shutter_speed&quot;:&quot;0&quot;,&quot;title&quot;:&quot;&quot;,&quot;orientation&quot;:&quot;0&quot;}\" data-image-title=\"DSCF0848-800&amp;#215;400\" data-image-description=\"\" data-image-caption=\"\" data-medium-file=\"https:\/\/www.grieta.org.mx\/wp-content\/uploads\/2016\/07\/DSCF0848-800x400-300x150.jpg\" data-large-file=\"https:\/\/www.grieta.org.mx\/wp-content\/uploads\/2016\/07\/DSCF0848-800x400.jpg\" \/><\/a>\n\t\t\t<\/div><\/figure><figure class='gallery-item'>\n\t\t\t<div class='gallery-icon landscape'>\n\t\t\t\t<a href='https:\/\/www.grieta.org.mx\/index.php\/2016\/07\/24\/dia-2-comparte-por-la-humanidad-cideci\/dscn1946-800x400\/'><img loading=\"lazy\" decoding=\"async\" width=\"300\" height=\"150\" src=\"https:\/\/www.grieta.org.mx\/wp-content\/uploads\/2016\/07\/DSCN1946-800x400-300x150.jpg\" class=\"attachment-medium size-medium\" alt=\"\" srcset=\"https:\/\/www.grieta.org.mx\/wp-content\/uploads\/2016\/07\/DSCN1946-800x400-300x150.jpg 300w, https:\/\/www.grieta.org.mx\/wp-content\/uploads\/2016\/07\/DSCN1946-800x400-768x384.jpg 768w, https:\/\/www.grieta.org.mx\/wp-content\/uploads\/2016\/07\/DSCN1946-800x400.jpg 800w\" sizes=\"auto, (max-width: 300px) 100vw, 300px\" data-attachment-id=\"17641\" data-permalink=\"https:\/\/www.grieta.org.mx\/index.php\/2016\/07\/24\/dia-2-comparte-por-la-humanidad-cideci\/dscn1946-800x400\/\" data-orig-file=\"https:\/\/www.grieta.org.mx\/wp-content\/uploads\/2016\/07\/DSCN1946-800x400.jpg\" data-orig-size=\"800,400\" data-comments-opened=\"0\" data-image-meta=\"{&quot;aperture&quot;:&quot;0&quot;,&quot;credit&quot;:&quot;&quot;,&quot;camera&quot;:&quot;&quot;,&quot;caption&quot;:&quot;&quot;,&quot;created_timestamp&quot;:&quot;0&quot;,&quot;copyright&quot;:&quot;&quot;,&quot;focal_length&quot;:&quot;0&quot;,&quot;iso&quot;:&quot;0&quot;,&quot;shutter_speed&quot;:&quot;0&quot;,&quot;title&quot;:&quot;&quot;,&quot;orientation&quot;:&quot;0&quot;}\" data-image-title=\"DSCN1946-800&amp;#215;400\" data-image-description=\"\" data-image-caption=\"\" data-medium-file=\"https:\/\/www.grieta.org.mx\/wp-content\/uploads\/2016\/07\/DSCN1946-800x400-300x150.jpg\" data-large-file=\"https:\/\/www.grieta.org.mx\/wp-content\/uploads\/2016\/07\/DSCN1946-800x400.jpg\" \/><\/a>\n\t\t\t<\/div><\/figure><figure class='gallery-item'>\n\t\t\t<div class='gallery-icon landscape'>\n\t\t\t\t<a href='https:\/\/www.grieta.org.mx\/index.php\/2016\/07\/24\/dia-2-comparte-por-la-humanidad-cideci\/img_4879-800x400\/'><img loading=\"lazy\" decoding=\"async\" width=\"300\" height=\"150\" src=\"https:\/\/www.grieta.org.mx\/wp-content\/uploads\/2016\/07\/IMG_4879-800x400-300x150.jpg\" class=\"attachment-medium size-medium\" alt=\"\" srcset=\"https:\/\/www.grieta.org.mx\/wp-content\/uploads\/2016\/07\/IMG_4879-800x400-300x150.jpg 300w, https:\/\/www.grieta.org.mx\/wp-content\/uploads\/2016\/07\/IMG_4879-800x400-768x384.jpg 768w, https:\/\/www.grieta.org.mx\/wp-content\/uploads\/2016\/07\/IMG_4879-800x400.jpg 800w\" sizes=\"auto, (max-width: 300px) 100vw, 300px\" data-attachment-id=\"17642\" data-permalink=\"https:\/\/www.grieta.org.mx\/index.php\/2016\/07\/24\/dia-2-comparte-por-la-humanidad-cideci\/img_4879-800x400\/\" data-orig-file=\"https:\/\/www.grieta.org.mx\/wp-content\/uploads\/2016\/07\/IMG_4879-800x400.jpg\" data-orig-size=\"800,400\" data-comments-opened=\"0\" data-image-meta=\"{&quot;aperture&quot;:&quot;0&quot;,&quot;credit&quot;:&quot;&quot;,&quot;camera&quot;:&quot;&quot;,&quot;caption&quot;:&quot;&quot;,&quot;created_timestamp&quot;:&quot;0&quot;,&quot;copyright&quot;:&quot;&quot;,&quot;focal_length&quot;:&quot;0&quot;,&quot;iso&quot;:&quot;0&quot;,&quot;shutter_speed&quot;:&quot;0&quot;,&quot;title&quot;:&quot;&quot;,&quot;orientation&quot;:&quot;0&quot;}\" data-image-title=\"IMG_4879-800&amp;#215;400\" data-image-description=\"\" data-image-caption=\"\" data-medium-file=\"https:\/\/www.grieta.org.mx\/wp-content\/uploads\/2016\/07\/IMG_4879-800x400-300x150.jpg\" data-large-file=\"https:\/\/www.grieta.org.mx\/wp-content\/uploads\/2016\/07\/IMG_4879-800x400.jpg\" \/><\/a>\n\t\t\t<\/div><\/figure><figure class='gallery-item'>\n\t\t\t<div class='gallery-icon landscape'>\n\t\t\t\t<a href='https:\/\/www.grieta.org.mx\/index.php\/2016\/07\/24\/dia-2-comparte-por-la-humanidad-cideci\/mg_7242-800x400\/'><img loading=\"lazy\" decoding=\"async\" width=\"300\" height=\"150\" src=\"https:\/\/www.grieta.org.mx\/wp-content\/uploads\/2016\/07\/MG_7242-800x400-300x150.jpg\" class=\"attachment-medium size-medium\" alt=\"\" srcset=\"https:\/\/www.grieta.org.mx\/wp-content\/uploads\/2016\/07\/MG_7242-800x400-300x150.jpg 300w, https:\/\/www.grieta.org.mx\/wp-content\/uploads\/2016\/07\/MG_7242-800x400-768x384.jpg 768w, https:\/\/www.grieta.org.mx\/wp-content\/uploads\/2016\/07\/MG_7242-800x400.jpg 800w\" sizes=\"auto, (max-width: 300px) 100vw, 300px\" data-attachment-id=\"17643\" data-permalink=\"https:\/\/www.grieta.org.mx\/index.php\/2016\/07\/24\/dia-2-comparte-por-la-humanidad-cideci\/mg_7242-800x400\/\" data-orig-file=\"https:\/\/www.grieta.org.mx\/wp-content\/uploads\/2016\/07\/MG_7242-800x400.jpg\" data-orig-size=\"800,400\" data-comments-opened=\"0\" data-image-meta=\"{&quot;aperture&quot;:&quot;0&quot;,&quot;credit&quot;:&quot;&quot;,&quot;camera&quot;:&quot;&quot;,&quot;caption&quot;:&quot;&quot;,&quot;created_timestamp&quot;:&quot;0&quot;,&quot;copyright&quot;:&quot;&quot;,&quot;focal_length&quot;:&quot;0&quot;,&quot;iso&quot;:&quot;0&quot;,&quot;shutter_speed&quot;:&quot;0&quot;,&quot;title&quot;:&quot;&quot;,&quot;orientation&quot;:&quot;0&quot;}\" data-image-title=\"MG_7242-800&amp;#215;400\" data-image-description=\"\" data-image-caption=\"\" data-medium-file=\"https:\/\/www.grieta.org.mx\/wp-content\/uploads\/2016\/07\/MG_7242-800x400-300x150.jpg\" data-large-file=\"https:\/\/www.grieta.org.mx\/wp-content\/uploads\/2016\/07\/MG_7242-800x400.jpg\" \/><\/a>\n\t\t\t<\/div><\/figure><figure class='gallery-item'>\n\t\t\t<div class='gallery-icon landscape'>\n\t\t\t\t<a href='https:\/\/www.grieta.org.mx\/index.php\/2016\/07\/24\/dia-2-comparte-por-la-humanidad-cideci\/mg_7245-800x400\/'><img loading=\"lazy\" decoding=\"async\" width=\"300\" height=\"150\" src=\"https:\/\/www.grieta.org.mx\/wp-content\/uploads\/2016\/07\/MG_7245-800x400-300x150.jpg\" class=\"attachment-medium size-medium\" alt=\"\" srcset=\"https:\/\/www.grieta.org.mx\/wp-content\/uploads\/2016\/07\/MG_7245-800x400-300x150.jpg 300w, https:\/\/www.grieta.org.mx\/wp-content\/uploads\/2016\/07\/MG_7245-800x400-768x384.jpg 768w, https:\/\/www.grieta.org.mx\/wp-content\/uploads\/2016\/07\/MG_7245-800x400.jpg 800w\" sizes=\"auto, (max-width: 300px) 100vw, 300px\" data-attachment-id=\"17644\" data-permalink=\"https:\/\/www.grieta.org.mx\/index.php\/2016\/07\/24\/dia-2-comparte-por-la-humanidad-cideci\/mg_7245-800x400\/\" data-orig-file=\"https:\/\/www.grieta.org.mx\/wp-content\/uploads\/2016\/07\/MG_7245-800x400.jpg\" data-orig-size=\"800,400\" data-comments-opened=\"0\" data-image-meta=\"{&quot;aperture&quot;:&quot;0&quot;,&quot;credit&quot;:&quot;&quot;,&quot;camera&quot;:&quot;&quot;,&quot;caption&quot;:&quot;&quot;,&quot;created_timestamp&quot;:&quot;0&quot;,&quot;copyright&quot;:&quot;&quot;,&quot;focal_length&quot;:&quot;0&quot;,&quot;iso&quot;:&quot;0&quot;,&quot;shutter_speed&quot;:&quot;0&quot;,&quot;title&quot;:&quot;&quot;,&quot;orientation&quot;:&quot;0&quot;}\" data-image-title=\"MG_7245-800&amp;#215;400\" data-image-description=\"\" data-image-caption=\"\" data-medium-file=\"https:\/\/www.grieta.org.mx\/wp-content\/uploads\/2016\/07\/MG_7245-800x400-300x150.jpg\" data-large-file=\"https:\/\/www.grieta.org.mx\/wp-content\/uploads\/2016\/07\/MG_7245-800x400.jpg\" \/><\/a>\n\t\t\t<\/div><\/figure><figure class='gallery-item'>\n\t\t\t<div class='gallery-icon landscape'>\n\t\t\t\t<a href='https:\/\/www.grieta.org.mx\/index.php\/2016\/07\/24\/dia-2-comparte-por-la-humanidad-cideci\/mg_7248-800x400\/'><img loading=\"lazy\" decoding=\"async\" width=\"300\" height=\"150\" src=\"https:\/\/www.grieta.org.mx\/wp-content\/uploads\/2016\/07\/MG_7248-800x400-300x150.jpg\" class=\"attachment-medium size-medium\" alt=\"\" srcset=\"https:\/\/www.grieta.org.mx\/wp-content\/uploads\/2016\/07\/MG_7248-800x400-300x150.jpg 300w, https:\/\/www.grieta.org.mx\/wp-content\/uploads\/2016\/07\/MG_7248-800x400-768x384.jpg 768w, https:\/\/www.grieta.org.mx\/wp-content\/uploads\/2016\/07\/MG_7248-800x400.jpg 800w\" sizes=\"auto, (max-width: 300px) 100vw, 300px\" data-attachment-id=\"17645\" data-permalink=\"https:\/\/www.grieta.org.mx\/index.php\/2016\/07\/24\/dia-2-comparte-por-la-humanidad-cideci\/mg_7248-800x400\/\" data-orig-file=\"https:\/\/www.grieta.org.mx\/wp-content\/uploads\/2016\/07\/MG_7248-800x400.jpg\" data-orig-size=\"800,400\" data-comments-opened=\"0\" data-image-meta=\"{&quot;aperture&quot;:&quot;0&quot;,&quot;credit&quot;:&quot;&quot;,&quot;camera&quot;:&quot;&quot;,&quot;caption&quot;:&quot;&quot;,&quot;created_timestamp&quot;:&quot;0&quot;,&quot;copyright&quot;:&quot;&quot;,&quot;focal_length&quot;:&quot;0&quot;,&quot;iso&quot;:&quot;0&quot;,&quot;shutter_speed&quot;:&quot;0&quot;,&quot;title&quot;:&quot;&quot;,&quot;orientation&quot;:&quot;0&quot;}\" data-image-title=\"MG_7248-800&amp;#215;400\" data-image-description=\"\" data-image-caption=\"\" data-medium-file=\"https:\/\/www.grieta.org.mx\/wp-content\/uploads\/2016\/07\/MG_7248-800x400-300x150.jpg\" data-large-file=\"https:\/\/www.grieta.org.mx\/wp-content\/uploads\/2016\/07\/MG_7248-800x400.jpg\" \/><\/a>\n\t\t\t<\/div><\/figure><figure class='gallery-item'>\n\t\t\t<div class='gallery-icon landscape'>\n\t\t\t\t<a href='https:\/\/www.grieta.org.mx\/index.php\/2016\/07\/24\/dia-2-comparte-por-la-humanidad-cideci\/mg_7257-800x400\/'><img loading=\"lazy\" decoding=\"async\" width=\"300\" height=\"150\" src=\"https:\/\/www.grieta.org.mx\/wp-content\/uploads\/2016\/07\/MG_7257-800x400-300x150.jpg\" class=\"attachment-medium size-medium\" alt=\"\" srcset=\"https:\/\/www.grieta.org.mx\/wp-content\/uploads\/2016\/07\/MG_7257-800x400-300x150.jpg 300w, https:\/\/www.grieta.org.mx\/wp-content\/uploads\/2016\/07\/MG_7257-800x400-768x384.jpg 768w, https:\/\/www.grieta.org.mx\/wp-content\/uploads\/2016\/07\/MG_7257-800x400.jpg 800w\" sizes=\"auto, (max-width: 300px) 100vw, 300px\" data-attachment-id=\"17646\" data-permalink=\"https:\/\/www.grieta.org.mx\/index.php\/2016\/07\/24\/dia-2-comparte-por-la-humanidad-cideci\/mg_7257-800x400\/\" data-orig-file=\"https:\/\/www.grieta.org.mx\/wp-content\/uploads\/2016\/07\/MG_7257-800x400.jpg\" data-orig-size=\"800,400\" data-comments-opened=\"0\" data-image-meta=\"{&quot;aperture&quot;:&quot;0&quot;,&quot;credit&quot;:&quot;&quot;,&quot;camera&quot;:&quot;&quot;,&quot;caption&quot;:&quot;&quot;,&quot;created_timestamp&quot;:&quot;0&quot;,&quot;copyright&quot;:&quot;&quot;,&quot;focal_length&quot;:&quot;0&quot;,&quot;iso&quot;:&quot;0&quot;,&quot;shutter_speed&quot;:&quot;0&quot;,&quot;title&quot;:&quot;&quot;,&quot;orientation&quot;:&quot;0&quot;}\" data-image-title=\"MG_7257-800&amp;#215;400\" data-image-description=\"\" data-image-caption=\"\" data-medium-file=\"https:\/\/www.grieta.org.mx\/wp-content\/uploads\/2016\/07\/MG_7257-800x400-300x150.jpg\" data-large-file=\"https:\/\/www.grieta.org.mx\/wp-content\/uploads\/2016\/07\/MG_7257-800x400.jpg\" \/><\/a>\n\t\t\t<\/div><\/figure><figure class='gallery-item'>\n\t\t\t<div class='gallery-icon landscape'>\n\t\t\t\t<a href='https:\/\/www.grieta.org.mx\/index.php\/2016\/07\/24\/dia-2-comparte-por-la-humanidad-cideci\/mg_7263-800x400\/'><img loading=\"lazy\" decoding=\"async\" width=\"300\" height=\"150\" src=\"https:\/\/www.grieta.org.mx\/wp-content\/uploads\/2016\/07\/MG_7263-800x400-300x150.jpg\" class=\"attachment-medium size-medium\" alt=\"\" srcset=\"https:\/\/www.grieta.org.mx\/wp-content\/uploads\/2016\/07\/MG_7263-800x400-300x150.jpg 300w, https:\/\/www.grieta.org.mx\/wp-content\/uploads\/2016\/07\/MG_7263-800x400-768x384.jpg 768w, https:\/\/www.grieta.org.mx\/wp-content\/uploads\/2016\/07\/MG_7263-800x400.jpg 800w\" sizes=\"auto, (max-width: 300px) 100vw, 300px\" data-attachment-id=\"17647\" data-permalink=\"https:\/\/www.grieta.org.mx\/index.php\/2016\/07\/24\/dia-2-comparte-por-la-humanidad-cideci\/mg_7263-800x400\/\" data-orig-file=\"https:\/\/www.grieta.org.mx\/wp-content\/uploads\/2016\/07\/MG_7263-800x400.jpg\" data-orig-size=\"800,400\" data-comments-opened=\"0\" data-image-meta=\"{&quot;aperture&quot;:&quot;0&quot;,&quot;credit&quot;:&quot;&quot;,&quot;camera&quot;:&quot;&quot;,&quot;caption&quot;:&quot;&quot;,&quot;created_timestamp&quot;:&quot;0&quot;,&quot;copyright&quot;:&quot;&quot;,&quot;focal_length&quot;:&quot;0&quot;,&quot;iso&quot;:&quot;0&quot;,&quot;shutter_speed&quot;:&quot;0&quot;,&quot;title&quot;:&quot;&quot;,&quot;orientation&quot;:&quot;0&quot;}\" data-image-title=\"MG_7263-800&amp;#215;400\" data-image-description=\"\" data-image-caption=\"\" data-medium-file=\"https:\/\/www.grieta.org.mx\/wp-content\/uploads\/2016\/07\/MG_7263-800x400-300x150.jpg\" data-large-file=\"https:\/\/www.grieta.org.mx\/wp-content\/uploads\/2016\/07\/MG_7263-800x400.jpg\" \/><\/a>\n\t\t\t<\/div><\/figure><figure class='gallery-item'>\n\t\t\t<div class='gallery-icon landscape'>\n\t\t\t\t<a href='https:\/\/www.grieta.org.mx\/index.php\/2016\/07\/24\/dia-2-comparte-por-la-humanidad-cideci\/mg_7277-800x400\/'><img loading=\"lazy\" decoding=\"async\" width=\"300\" height=\"150\" src=\"https:\/\/www.grieta.org.mx\/wp-content\/uploads\/2016\/07\/MG_7277-800x400-300x150.jpg\" class=\"attachment-medium size-medium\" alt=\"\" srcset=\"https:\/\/www.grieta.org.mx\/wp-content\/uploads\/2016\/07\/MG_7277-800x400-300x150.jpg 300w, https:\/\/www.grieta.org.mx\/wp-content\/uploads\/2016\/07\/MG_7277-800x400-768x384.jpg 768w, https:\/\/www.grieta.org.mx\/wp-content\/uploads\/2016\/07\/MG_7277-800x400.jpg 800w\" sizes=\"auto, (max-width: 300px) 100vw, 300px\" data-attachment-id=\"17648\" data-permalink=\"https:\/\/www.grieta.org.mx\/index.php\/2016\/07\/24\/dia-2-comparte-por-la-humanidad-cideci\/mg_7277-800x400\/\" data-orig-file=\"https:\/\/www.grieta.org.mx\/wp-content\/uploads\/2016\/07\/MG_7277-800x400.jpg\" data-orig-size=\"800,400\" data-comments-opened=\"0\" data-image-meta=\"{&quot;aperture&quot;:&quot;0&quot;,&quot;credit&quot;:&quot;&quot;,&quot;camera&quot;:&quot;&quot;,&quot;caption&quot;:&quot;&quot;,&quot;created_timestamp&quot;:&quot;0&quot;,&quot;copyright&quot;:&quot;&quot;,&quot;focal_length&quot;:&quot;0&quot;,&quot;iso&quot;:&quot;0&quot;,&quot;shutter_speed&quot;:&quot;0&quot;,&quot;title&quot;:&quot;&quot;,&quot;orientation&quot;:&quot;0&quot;}\" data-image-title=\"MG_7277-800&amp;#215;400\" data-image-description=\"\" data-image-caption=\"\" data-medium-file=\"https:\/\/www.grieta.org.mx\/wp-content\/uploads\/2016\/07\/MG_7277-800x400-300x150.jpg\" data-large-file=\"https:\/\/www.grieta.org.mx\/wp-content\/uploads\/2016\/07\/MG_7277-800x400.jpg\" \/><\/a>\n\t\t\t<\/div><\/figure><figure class='gallery-item'>\n\t\t\t<div class='gallery-icon landscape'>\n\t\t\t\t<a href='https:\/\/www.grieta.org.mx\/index.php\/2016\/07\/24\/dia-2-comparte-por-la-humanidad-cideci\/mg_7280-800x400\/'><img loading=\"lazy\" decoding=\"async\" width=\"300\" height=\"150\" src=\"https:\/\/www.grieta.org.mx\/wp-content\/uploads\/2016\/07\/MG_7280-800x400-300x150.jpg\" class=\"attachment-medium size-medium\" alt=\"\" srcset=\"https:\/\/www.grieta.org.mx\/wp-content\/uploads\/2016\/07\/MG_7280-800x400-300x150.jpg 300w, https:\/\/www.grieta.org.mx\/wp-content\/uploads\/2016\/07\/MG_7280-800x400-768x384.jpg 768w, https:\/\/www.grieta.org.mx\/wp-content\/uploads\/2016\/07\/MG_7280-800x400.jpg 800w\" sizes=\"auto, (max-width: 300px) 100vw, 300px\" data-attachment-id=\"17649\" data-permalink=\"https:\/\/www.grieta.org.mx\/index.php\/2016\/07\/24\/dia-2-comparte-por-la-humanidad-cideci\/mg_7280-800x400\/\" data-orig-file=\"https:\/\/www.grieta.org.mx\/wp-content\/uploads\/2016\/07\/MG_7280-800x400.jpg\" data-orig-size=\"800,400\" data-comments-opened=\"0\" data-image-meta=\"{&quot;aperture&quot;:&quot;0&quot;,&quot;credit&quot;:&quot;&quot;,&quot;camera&quot;:&quot;&quot;,&quot;caption&quot;:&quot;&quot;,&quot;created_timestamp&quot;:&quot;0&quot;,&quot;copyright&quot;:&quot;&quot;,&quot;focal_length&quot;:&quot;0&quot;,&quot;iso&quot;:&quot;0&quot;,&quot;shutter_speed&quot;:&quot;0&quot;,&quot;title&quot;:&quot;&quot;,&quot;orientation&quot;:&quot;0&quot;}\" data-image-title=\"MG_7280-800&amp;#215;400\" data-image-description=\"\" data-image-caption=\"\" data-medium-file=\"https:\/\/www.grieta.org.mx\/wp-content\/uploads\/2016\/07\/MG_7280-800x400-300x150.jpg\" data-large-file=\"https:\/\/www.grieta.org.mx\/wp-content\/uploads\/2016\/07\/MG_7280-800x400.jpg\" \/><\/a>\n\t\t\t<\/div><\/figure><figure class='gallery-item'>\n\t\t\t<div class='gallery-icon landscape'>\n\t\t\t\t<a href='https:\/\/www.grieta.org.mx\/index.php\/2016\/07\/24\/dia-2-comparte-por-la-humanidad-cideci\/mg_7288-800x400\/'><img loading=\"lazy\" decoding=\"async\" width=\"300\" height=\"150\" src=\"https:\/\/www.grieta.org.mx\/wp-content\/uploads\/2016\/07\/MG_7288-800x400-300x150.jpg\" class=\"attachment-medium size-medium\" alt=\"\" srcset=\"https:\/\/www.grieta.org.mx\/wp-content\/uploads\/2016\/07\/MG_7288-800x400-300x150.jpg 300w, https:\/\/www.grieta.org.mx\/wp-content\/uploads\/2016\/07\/MG_7288-800x400-768x384.jpg 768w, https:\/\/www.grieta.org.mx\/wp-content\/uploads\/2016\/07\/MG_7288-800x400.jpg 800w\" sizes=\"auto, (max-width: 300px) 100vw, 300px\" data-attachment-id=\"17650\" data-permalink=\"https:\/\/www.grieta.org.mx\/index.php\/2016\/07\/24\/dia-2-comparte-por-la-humanidad-cideci\/mg_7288-800x400\/\" data-orig-file=\"https:\/\/www.grieta.org.mx\/wp-content\/uploads\/2016\/07\/MG_7288-800x400.jpg\" data-orig-size=\"800,400\" data-comments-opened=\"0\" data-image-meta=\"{&quot;aperture&quot;:&quot;0&quot;,&quot;credit&quot;:&quot;&quot;,&quot;camera&quot;:&quot;&quot;,&quot;caption&quot;:&quot;&quot;,&quot;created_timestamp&quot;:&quot;0&quot;,&quot;copyright&quot;:&quot;&quot;,&quot;focal_length&quot;:&quot;0&quot;,&quot;iso&quot;:&quot;0&quot;,&quot;shutter_speed&quot;:&quot;0&quot;,&quot;title&quot;:&quot;&quot;,&quot;orientation&quot;:&quot;0&quot;}\" data-image-title=\"MG_7288-800&amp;#215;400\" data-image-description=\"\" data-image-caption=\"\" data-medium-file=\"https:\/\/www.grieta.org.mx\/wp-content\/uploads\/2016\/07\/MG_7288-800x400-300x150.jpg\" data-large-file=\"https:\/\/www.grieta.org.mx\/wp-content\/uploads\/2016\/07\/MG_7288-800x400.jpg\" \/><\/a>\n\t\t\t<\/div><\/figure><figure class='gallery-item'>\n\t\t\t<div class='gallery-icon landscape'>\n\t\t\t\t<a href='https:\/\/www.grieta.org.mx\/index.php\/2016\/07\/24\/dia-2-comparte-por-la-humanidad-cideci\/mg_7297-800x400\/'><img loading=\"lazy\" decoding=\"async\" width=\"300\" height=\"150\" src=\"https:\/\/www.grieta.org.mx\/wp-content\/uploads\/2016\/07\/MG_7297-800x400-300x150.jpg\" class=\"attachment-medium size-medium\" alt=\"\" srcset=\"https:\/\/www.grieta.org.mx\/wp-content\/uploads\/2016\/07\/MG_7297-800x400-300x150.jpg 300w, https:\/\/www.grieta.org.mx\/wp-content\/uploads\/2016\/07\/MG_7297-800x400-768x384.jpg 768w, https:\/\/www.grieta.org.mx\/wp-content\/uploads\/2016\/07\/MG_7297-800x400.jpg 800w\" sizes=\"auto, (max-width: 300px) 100vw, 300px\" data-attachment-id=\"17651\" data-permalink=\"https:\/\/www.grieta.org.mx\/index.php\/2016\/07\/24\/dia-2-comparte-por-la-humanidad-cideci\/mg_7297-800x400\/\" data-orig-file=\"https:\/\/www.grieta.org.mx\/wp-content\/uploads\/2016\/07\/MG_7297-800x400.jpg\" data-orig-size=\"800,400\" data-comments-opened=\"0\" data-image-meta=\"{&quot;aperture&quot;:&quot;0&quot;,&quot;credit&quot;:&quot;&quot;,&quot;camera&quot;:&quot;&quot;,&quot;caption&quot;:&quot;&quot;,&quot;created_timestamp&quot;:&quot;0&quot;,&quot;copyright&quot;:&quot;&quot;,&quot;focal_length&quot;:&quot;0&quot;,&quot;iso&quot;:&quot;0&quot;,&quot;shutter_speed&quot;:&quot;0&quot;,&quot;title&quot;:&quot;&quot;,&quot;orientation&quot;:&quot;0&quot;}\" data-image-title=\"MG_7297-800&amp;#215;400\" data-image-description=\"\" data-image-caption=\"\" data-medium-file=\"https:\/\/www.grieta.org.mx\/wp-content\/uploads\/2016\/07\/MG_7297-800x400-300x150.jpg\" data-large-file=\"https:\/\/www.grieta.org.mx\/wp-content\/uploads\/2016\/07\/MG_7297-800x400.jpg\" \/><\/a>\n\t\t\t<\/div><\/figure><figure class='gallery-item'>\n\t\t\t<div class='gallery-icon landscape'>\n\t\t\t\t<a href='https:\/\/www.grieta.org.mx\/index.php\/2016\/07\/24\/dia-2-comparte-por-la-humanidad-cideci\/mg_7305-800x400\/'><img loading=\"lazy\" decoding=\"async\" width=\"300\" height=\"150\" src=\"https:\/\/www.grieta.org.mx\/wp-content\/uploads\/2016\/07\/MG_7305-800x400-300x150.jpg\" class=\"attachment-medium size-medium\" alt=\"\" srcset=\"https:\/\/www.grieta.org.mx\/wp-content\/uploads\/2016\/07\/MG_7305-800x400-300x150.jpg 300w, https:\/\/www.grieta.org.mx\/wp-content\/uploads\/2016\/07\/MG_7305-800x400-768x384.jpg 768w, https:\/\/www.grieta.org.mx\/wp-content\/uploads\/2016\/07\/MG_7305-800x400.jpg 800w\" sizes=\"auto, (max-width: 300px) 100vw, 300px\" data-attachment-id=\"17652\" data-permalink=\"https:\/\/www.grieta.org.mx\/index.php\/2016\/07\/24\/dia-2-comparte-por-la-humanidad-cideci\/mg_7305-800x400\/\" data-orig-file=\"https:\/\/www.grieta.org.mx\/wp-content\/uploads\/2016\/07\/MG_7305-800x400.jpg\" data-orig-size=\"800,400\" data-comments-opened=\"0\" data-image-meta=\"{&quot;aperture&quot;:&quot;0&quot;,&quot;credit&quot;:&quot;&quot;,&quot;camera&quot;:&quot;&quot;,&quot;caption&quot;:&quot;&quot;,&quot;created_timestamp&quot;:&quot;0&quot;,&quot;copyright&quot;:&quot;&quot;,&quot;focal_length&quot;:&quot;0&quot;,&quot;iso&quot;:&quot;0&quot;,&quot;shutter_speed&quot;:&quot;0&quot;,&quot;title&quot;:&quot;&quot;,&quot;orientation&quot;:&quot;0&quot;}\" data-image-title=\"MG_7305-800&amp;#215;400\" data-image-description=\"\" data-image-caption=\"\" data-medium-file=\"https:\/\/www.grieta.org.mx\/wp-content\/uploads\/2016\/07\/MG_7305-800x400-300x150.jpg\" data-large-file=\"https:\/\/www.grieta.org.mx\/wp-content\/uploads\/2016\/07\/MG_7305-800x400.jpg\" \/><\/a>\n\t\t\t<\/div><\/figure><figure class='gallery-item'>\n\t\t\t<div class='gallery-icon landscape'>\n\t\t\t\t<a href='https:\/\/www.grieta.org.mx\/index.php\/2016\/07\/24\/dia-2-comparte-por-la-humanidad-cideci\/mg_7332-800x400\/'><img loading=\"lazy\" decoding=\"async\" width=\"300\" height=\"150\" src=\"https:\/\/www.grieta.org.mx\/wp-content\/uploads\/2016\/07\/MG_7332-800x400-300x150.jpg\" class=\"attachment-medium size-medium\" alt=\"\" srcset=\"https:\/\/www.grieta.org.mx\/wp-content\/uploads\/2016\/07\/MG_7332-800x400-300x150.jpg 300w, https:\/\/www.grieta.org.mx\/wp-content\/uploads\/2016\/07\/MG_7332-800x400-768x384.jpg 768w, https:\/\/www.grieta.org.mx\/wp-content\/uploads\/2016\/07\/MG_7332-800x400.jpg 800w\" sizes=\"auto, (max-width: 300px) 100vw, 300px\" data-attachment-id=\"17653\" data-permalink=\"https:\/\/www.grieta.org.mx\/index.php\/2016\/07\/24\/dia-2-comparte-por-la-humanidad-cideci\/mg_7332-800x400\/\" data-orig-file=\"https:\/\/www.grieta.org.mx\/wp-content\/uploads\/2016\/07\/MG_7332-800x400.jpg\" data-orig-size=\"800,400\" data-comments-opened=\"0\" data-image-meta=\"{&quot;aperture&quot;:&quot;0&quot;,&quot;credit&quot;:&quot;&quot;,&quot;camera&quot;:&quot;&quot;,&quot;caption&quot;:&quot;&quot;,&quot;created_timestamp&quot;:&quot;0&quot;,&quot;copyright&quot;:&quot;&quot;,&quot;focal_length&quot;:&quot;0&quot;,&quot;iso&quot;:&quot;0&quot;,&quot;shutter_speed&quot;:&quot;0&quot;,&quot;title&quot;:&quot;&quot;,&quot;orientation&quot;:&quot;0&quot;}\" data-image-title=\"MG_7332-800&amp;#215;400\" data-image-description=\"\" data-image-caption=\"\" data-medium-file=\"https:\/\/www.grieta.org.mx\/wp-content\/uploads\/2016\/07\/MG_7332-800x400-300x150.jpg\" data-large-file=\"https:\/\/www.grieta.org.mx\/wp-content\/uploads\/2016\/07\/MG_7332-800x400.jpg\" \/><\/a>\n\t\t\t<\/div><\/figure><figure class='gallery-item'>\n\t\t\t<div class='gallery-icon landscape'>\n\t\t\t\t<a href='https:\/\/www.grieta.org.mx\/index.php\/2016\/07\/24\/dia-2-comparte-por-la-humanidad-cideci\/mg_7339-800x400\/'><img loading=\"lazy\" decoding=\"async\" width=\"300\" height=\"150\" src=\"https:\/\/www.grieta.org.mx\/wp-content\/uploads\/2016\/07\/MG_7339-800x400-300x150.jpg\" class=\"attachment-medium size-medium\" alt=\"\" srcset=\"https:\/\/www.grieta.org.mx\/wp-content\/uploads\/2016\/07\/MG_7339-800x400-300x150.jpg 300w, https:\/\/www.grieta.org.mx\/wp-content\/uploads\/2016\/07\/MG_7339-800x400-768x384.jpg 768w, https:\/\/www.grieta.org.mx\/wp-content\/uploads\/2016\/07\/MG_7339-800x400.jpg 800w\" sizes=\"auto, (max-width: 300px) 100vw, 300px\" data-attachment-id=\"17654\" data-permalink=\"https:\/\/www.grieta.org.mx\/index.php\/2016\/07\/24\/dia-2-comparte-por-la-humanidad-cideci\/mg_7339-800x400\/\" data-orig-file=\"https:\/\/www.grieta.org.mx\/wp-content\/uploads\/2016\/07\/MG_7339-800x400.jpg\" data-orig-size=\"800,400\" data-comments-opened=\"0\" data-image-meta=\"{&quot;aperture&quot;:&quot;0&quot;,&quot;credit&quot;:&quot;&quot;,&quot;camera&quot;:&quot;&quot;,&quot;caption&quot;:&quot;&quot;,&quot;created_timestamp&quot;:&quot;0&quot;,&quot;copyright&quot;:&quot;&quot;,&quot;focal_length&quot;:&quot;0&quot;,&quot;iso&quot;:&quot;0&quot;,&quot;shutter_speed&quot;:&quot;0&quot;,&quot;title&quot;:&quot;&quot;,&quot;orientation&quot;:&quot;0&quot;}\" data-image-title=\"MG_7339-800&amp;#215;400\" data-image-description=\"\" data-image-caption=\"\" data-medium-file=\"https:\/\/www.grieta.org.mx\/wp-content\/uploads\/2016\/07\/MG_7339-800x400-300x150.jpg\" data-large-file=\"https:\/\/www.grieta.org.mx\/wp-content\/uploads\/2016\/07\/MG_7339-800x400.jpg\" \/><\/a>\n\t\t\t<\/div><\/figure><figure class='gallery-item'>\n\t\t\t<div class='gallery-icon landscape'>\n\t\t\t\t<a href='https:\/\/www.grieta.org.mx\/index.php\/2016\/07\/24\/dia-2-comparte-por-la-humanidad-cideci\/mg_7343-800x400\/'><img loading=\"lazy\" decoding=\"async\" width=\"300\" height=\"150\" src=\"https:\/\/www.grieta.org.mx\/wp-content\/uploads\/2016\/07\/MG_7343-800x400-300x150.jpg\" class=\"attachment-medium size-medium\" alt=\"\" srcset=\"https:\/\/www.grieta.org.mx\/wp-content\/uploads\/2016\/07\/MG_7343-800x400-300x150.jpg 300w, https:\/\/www.grieta.org.mx\/wp-content\/uploads\/2016\/07\/MG_7343-800x400-768x384.jpg 768w, https:\/\/www.grieta.org.mx\/wp-content\/uploads\/2016\/07\/MG_7343-800x400.jpg 800w\" sizes=\"auto, (max-width: 300px) 100vw, 300px\" data-attachment-id=\"17655\" data-permalink=\"https:\/\/www.grieta.org.mx\/index.php\/2016\/07\/24\/dia-2-comparte-por-la-humanidad-cideci\/mg_7343-800x400\/\" data-orig-file=\"https:\/\/www.grieta.org.mx\/wp-content\/uploads\/2016\/07\/MG_7343-800x400.jpg\" data-orig-size=\"800,400\" data-comments-opened=\"0\" data-image-meta=\"{&quot;aperture&quot;:&quot;0&quot;,&quot;credit&quot;:&quot;&quot;,&quot;camera&quot;:&quot;&quot;,&quot;caption&quot;:&quot;&quot;,&quot;created_timestamp&quot;:&quot;0&quot;,&quot;copyright&quot;:&quot;&quot;,&quot;focal_length&quot;:&quot;0&quot;,&quot;iso&quot;:&quot;0&quot;,&quot;shutter_speed&quot;:&quot;0&quot;,&quot;title&quot;:&quot;&quot;,&quot;orientation&quot;:&quot;0&quot;}\" data-image-title=\"MG_7343-800&amp;#215;400\" data-image-description=\"\" data-image-caption=\"\" data-medium-file=\"https:\/\/www.grieta.org.mx\/wp-content\/uploads\/2016\/07\/MG_7343-800x400-300x150.jpg\" data-large-file=\"https:\/\/www.grieta.org.mx\/wp-content\/uploads\/2016\/07\/MG_7343-800x400.jpg\" \/><\/a>\n\t\t\t<\/div><\/figure><figure class='gallery-item'>\n\t\t\t<div class='gallery-icon landscape'>\n\t\t\t\t<a href='https:\/\/www.grieta.org.mx\/index.php\/2016\/07\/24\/dia-2-comparte-por-la-humanidad-cideci\/mg_7373-800x400\/'><img loading=\"lazy\" decoding=\"async\" width=\"300\" height=\"150\" src=\"https:\/\/www.grieta.org.mx\/wp-content\/uploads\/2016\/07\/MG_7373-800x400-300x150.jpg\" class=\"attachment-medium size-medium\" alt=\"\" srcset=\"https:\/\/www.grieta.org.mx\/wp-content\/uploads\/2016\/07\/MG_7373-800x400-300x150.jpg 300w, https:\/\/www.grieta.org.mx\/wp-content\/uploads\/2016\/07\/MG_7373-800x400-768x384.jpg 768w, https:\/\/www.grieta.org.mx\/wp-content\/uploads\/2016\/07\/MG_7373-800x400.jpg 800w\" sizes=\"auto, (max-width: 300px) 100vw, 300px\" data-attachment-id=\"17656\" data-permalink=\"https:\/\/www.grieta.org.mx\/index.php\/2016\/07\/24\/dia-2-comparte-por-la-humanidad-cideci\/mg_7373-800x400\/\" data-orig-file=\"https:\/\/www.grieta.org.mx\/wp-content\/uploads\/2016\/07\/MG_7373-800x400.jpg\" data-orig-size=\"800,400\" data-comments-opened=\"0\" data-image-meta=\"{&quot;aperture&quot;:&quot;0&quot;,&quot;credit&quot;:&quot;&quot;,&quot;camera&quot;:&quot;&quot;,&quot;caption&quot;:&quot;&quot;,&quot;created_timestamp&quot;:&quot;0&quot;,&quot;copyright&quot;:&quot;&quot;,&quot;focal_length&quot;:&quot;0&quot;,&quot;iso&quot;:&quot;0&quot;,&quot;shutter_speed&quot;:&quot;0&quot;,&quot;title&quot;:&quot;&quot;,&quot;orientation&quot;:&quot;0&quot;}\" data-image-title=\"MG_7373-800&amp;#215;400\" data-image-description=\"\" data-image-caption=\"\" data-medium-file=\"https:\/\/www.grieta.org.mx\/wp-content\/uploads\/2016\/07\/MG_7373-800x400-300x150.jpg\" data-large-file=\"https:\/\/www.grieta.org.mx\/wp-content\/uploads\/2016\/07\/MG_7373-800x400.jpg\" \/><\/a>\n\t\t\t<\/div><\/figure><figure class='gallery-item'>\n\t\t\t<div class='gallery-icon landscape'>\n\t\t\t\t<a href='https:\/\/www.grieta.org.mx\/index.php\/2016\/07\/24\/dia-2-comparte-por-la-humanidad-cideci\/mg_7391-800x400\/'><img loading=\"lazy\" decoding=\"async\" width=\"300\" height=\"150\" src=\"https:\/\/www.grieta.org.mx\/wp-content\/uploads\/2016\/07\/MG_7391-800x400-300x150.jpg\" class=\"attachment-medium size-medium\" alt=\"\" srcset=\"https:\/\/www.grieta.org.mx\/wp-content\/uploads\/2016\/07\/MG_7391-800x400-300x150.jpg 300w, https:\/\/www.grieta.org.mx\/wp-content\/uploads\/2016\/07\/MG_7391-800x400-768x384.jpg 768w, https:\/\/www.grieta.org.mx\/wp-content\/uploads\/2016\/07\/MG_7391-800x400.jpg 800w\" sizes=\"auto, (max-width: 300px) 100vw, 300px\" data-attachment-id=\"17657\" data-permalink=\"https:\/\/www.grieta.org.mx\/index.php\/2016\/07\/24\/dia-2-comparte-por-la-humanidad-cideci\/mg_7391-800x400\/\" data-orig-file=\"https:\/\/www.grieta.org.mx\/wp-content\/uploads\/2016\/07\/MG_7391-800x400.jpg\" data-orig-size=\"800,400\" data-comments-opened=\"0\" data-image-meta=\"{&quot;aperture&quot;:&quot;0&quot;,&quot;credit&quot;:&quot;&quot;,&quot;camera&quot;:&quot;&quot;,&quot;caption&quot;:&quot;&quot;,&quot;created_timestamp&quot;:&quot;0&quot;,&quot;copyright&quot;:&quot;&quot;,&quot;focal_length&quot;:&quot;0&quot;,&quot;iso&quot;:&quot;0&quot;,&quot;shutter_speed&quot;:&quot;0&quot;,&quot;title&quot;:&quot;&quot;,&quot;orientation&quot;:&quot;0&quot;}\" data-image-title=\"MG_7391-800&amp;#215;400\" data-image-description=\"\" data-image-caption=\"\" data-medium-file=\"https:\/\/www.grieta.org.mx\/wp-content\/uploads\/2016\/07\/MG_7391-800x400-300x150.jpg\" data-large-file=\"https:\/\/www.grieta.org.mx\/wp-content\/uploads\/2016\/07\/MG_7391-800x400.jpg\" \/><\/a>\n\t\t\t<\/div><\/figure><figure class='gallery-item'>\n\t\t\t<div class='gallery-icon landscape'>\n\t\t\t\t<a href='https:\/\/www.grieta.org.mx\/index.php\/2016\/07\/24\/dia-2-comparte-por-la-humanidad-cideci\/mg_7392-800x400\/'><img loading=\"lazy\" decoding=\"async\" width=\"300\" height=\"150\" src=\"https:\/\/www.grieta.org.mx\/wp-content\/uploads\/2016\/07\/MG_7392-800x400-300x150.jpg\" class=\"attachment-medium size-medium\" alt=\"\" srcset=\"https:\/\/www.grieta.org.mx\/wp-content\/uploads\/2016\/07\/MG_7392-800x400-300x150.jpg 300w, https:\/\/www.grieta.org.mx\/wp-content\/uploads\/2016\/07\/MG_7392-800x400-768x384.jpg 768w, https:\/\/www.grieta.org.mx\/wp-content\/uploads\/2016\/07\/MG_7392-800x400.jpg 800w\" sizes=\"auto, (max-width: 300px) 100vw, 300px\" data-attachment-id=\"17658\" data-permalink=\"https:\/\/www.grieta.org.mx\/index.php\/2016\/07\/24\/dia-2-comparte-por-la-humanidad-cideci\/mg_7392-800x400\/\" data-orig-file=\"https:\/\/www.grieta.org.mx\/wp-content\/uploads\/2016\/07\/MG_7392-800x400.jpg\" data-orig-size=\"800,400\" data-comments-opened=\"0\" data-image-meta=\"{&quot;aperture&quot;:&quot;0&quot;,&quot;credit&quot;:&quot;&quot;,&quot;camera&quot;:&quot;&quot;,&quot;caption&quot;:&quot;&quot;,&quot;created_timestamp&quot;:&quot;0&quot;,&quot;copyright&quot;:&quot;&quot;,&quot;focal_length&quot;:&quot;0&quot;,&quot;iso&quot;:&quot;0&quot;,&quot;shutter_speed&quot;:&quot;0&quot;,&quot;title&quot;:&quot;&quot;,&quot;orientation&quot;:&quot;0&quot;}\" data-image-title=\"MG_7392-800&amp;#215;400\" data-image-description=\"\" data-image-caption=\"\" data-medium-file=\"https:\/\/www.grieta.org.mx\/wp-content\/uploads\/2016\/07\/MG_7392-800x400-300x150.jpg\" data-large-file=\"https:\/\/www.grieta.org.mx\/wp-content\/uploads\/2016\/07\/MG_7392-800x400.jpg\" \/><\/a>\n\t\t\t<\/div><\/figure><figure class='gallery-item'>\n\t\t\t<div class='gallery-icon landscape'>\n\t\t\t\t<a href='https:\/\/www.grieta.org.mx\/index.php\/2016\/07\/24\/dia-2-comparte-por-la-humanidad-cideci\/mg_7403-800x400\/'><img loading=\"lazy\" decoding=\"async\" width=\"300\" height=\"150\" src=\"https:\/\/www.grieta.org.mx\/wp-content\/uploads\/2016\/07\/MG_7403-800x400-300x150.jpg\" class=\"attachment-medium size-medium\" alt=\"\" srcset=\"https:\/\/www.grieta.org.mx\/wp-content\/uploads\/2016\/07\/MG_7403-800x400-300x150.jpg 300w, https:\/\/www.grieta.org.mx\/wp-content\/uploads\/2016\/07\/MG_7403-800x400-768x384.jpg 768w, https:\/\/www.grieta.org.mx\/wp-content\/uploads\/2016\/07\/MG_7403-800x400.jpg 800w\" sizes=\"auto, (max-width: 300px) 100vw, 300px\" data-attachment-id=\"17659\" data-permalink=\"https:\/\/www.grieta.org.mx\/index.php\/2016\/07\/24\/dia-2-comparte-por-la-humanidad-cideci\/mg_7403-800x400\/\" data-orig-file=\"https:\/\/www.grieta.org.mx\/wp-content\/uploads\/2016\/07\/MG_7403-800x400.jpg\" data-orig-size=\"800,400\" data-comments-opened=\"0\" data-image-meta=\"{&quot;aperture&quot;:&quot;0&quot;,&quot;credit&quot;:&quot;&quot;,&quot;camera&quot;:&quot;&quot;,&quot;caption&quot;:&quot;&quot;,&quot;created_timestamp&quot;:&quot;0&quot;,&quot;copyright&quot;:&quot;&quot;,&quot;focal_length&quot;:&quot;0&quot;,&quot;iso&quot;:&quot;0&quot;,&quot;shutter_speed&quot;:&quot;0&quot;,&quot;title&quot;:&quot;&quot;,&quot;orientation&quot;:&quot;0&quot;}\" data-image-title=\"MG_7403-800&amp;#215;400\" data-image-description=\"\" data-image-caption=\"\" data-medium-file=\"https:\/\/www.grieta.org.mx\/wp-content\/uploads\/2016\/07\/MG_7403-800x400-300x150.jpg\" data-large-file=\"https:\/\/www.grieta.org.mx\/wp-content\/uploads\/2016\/07\/MG_7403-800x400.jpg\" \/><\/a>\n\t\t\t<\/div><\/figure><figure class='gallery-item'>\n\t\t\t<div class='gallery-icon landscape'>\n\t\t\t\t<a href='https:\/\/www.grieta.org.mx\/index.php\/2016\/07\/24\/dia-2-comparte-por-la-humanidad-cideci\/mg_7404-800x400\/'><img loading=\"lazy\" decoding=\"async\" width=\"300\" height=\"150\" src=\"https:\/\/www.grieta.org.mx\/wp-content\/uploads\/2016\/07\/MG_7404-800x400-300x150.jpg\" class=\"attachment-medium size-medium\" alt=\"\" srcset=\"https:\/\/www.grieta.org.mx\/wp-content\/uploads\/2016\/07\/MG_7404-800x400-300x150.jpg 300w, https:\/\/www.grieta.org.mx\/wp-content\/uploads\/2016\/07\/MG_7404-800x400-768x384.jpg 768w, https:\/\/www.grieta.org.mx\/wp-content\/uploads\/2016\/07\/MG_7404-800x400.jpg 800w\" sizes=\"auto, (max-width: 300px) 100vw, 300px\" data-attachment-id=\"17660\" data-permalink=\"https:\/\/www.grieta.org.mx\/index.php\/2016\/07\/24\/dia-2-comparte-por-la-humanidad-cideci\/mg_7404-800x400\/\" data-orig-file=\"https:\/\/www.grieta.org.mx\/wp-content\/uploads\/2016\/07\/MG_7404-800x400.jpg\" data-orig-size=\"800,400\" data-comments-opened=\"0\" data-image-meta=\"{&quot;aperture&quot;:&quot;0&quot;,&quot;credit&quot;:&quot;&quot;,&quot;camera&quot;:&quot;&quot;,&quot;caption&quot;:&quot;&quot;,&quot;created_timestamp&quot;:&quot;0&quot;,&quot;copyright&quot;:&quot;&quot;,&quot;focal_length&quot;:&quot;0&quot;,&quot;iso&quot;:&quot;0&quot;,&quot;shutter_speed&quot;:&quot;0&quot;,&quot;title&quot;:&quot;&quot;,&quot;orientation&quot;:&quot;0&quot;}\" data-image-title=\"MG_7404-800&amp;#215;400\" data-image-description=\"\" data-image-caption=\"\" data-medium-file=\"https:\/\/www.grieta.org.mx\/wp-content\/uploads\/2016\/07\/MG_7404-800x400-300x150.jpg\" data-large-file=\"https:\/\/www.grieta.org.mx\/wp-content\/uploads\/2016\/07\/MG_7404-800x400.jpg\" \/><\/a>\n\t\t\t<\/div><\/figure>\n\t\t<\/div>\n\n<p>Domingo 24 de julio.- Jovel-San Crist\u00f3bal de Las Casas, Chiapas. Durante este segundo d\u00eda del Festival #CompArte por la Humanidad continuaron las comparticiones por parte de los y las compa\u00f1eras que siguen llegando de las distintas geograf\u00edas de M\u00e9xico y el Planeta tierra. Miradas, palabras, sonidos, im\u00e1genes, silencios y trazos que dibujan con sus cuerpos irrumpen en el calendario para mostrar el diverso abanico de la resistencia hecha arte. Aqu\u00ed les compartimos algunos de los trabajos presentados en esta segunda jornada en el Cideci-Unitierra Chiapas, donde el compa\u00f1erismo, la fraterinidad y sororidad siguen cavando en lo profundo de nuestra Humanidad, donde la rabia compartida se torna esperanza.<\/p>\n<p>El Colectivo Utop\u00eda de Michoac\u00e1n present\u00f3 la instalaci\u00f3n \u201cVivos:43 siluetas\u201d para recordar que los 43 normalistas est\u00e1n entre nosotrxs:<\/p>\n<audio class=\"wp-audio-shortcode\" id=\"audio-17636-1\" preload=\"none\" style=\"width: 100%;\" controls=\"controls\"><source type=\"audio\/mpeg\" src=\"http:\/\/radiozapatista.org\/Audios\/rzchiapas\/colectivoutopia.mp3?_=1\" \/><a href=\"http:\/\/radiozapatista.org\/Audios\/rzchiapas\/colectivoutopia.mp3\">http:\/\/radiozapatista.org\/Audios\/rzchiapas\/colectivoutopia.mp3<\/a><\/audio>\n<p>&nbsp;<\/p>\n<p>Desde el centro de M\u00e9xico, Ensamble Comics comparti\u00f3 el comic \u201cLas aventuras del brujo Crist\u00f3bal\u201d y charl\u00f3 sobre las leyendas que nos rescatan, la autogesti\u00f3n cultural, el arte y la resistencia:<\/p>\n<audio class=\"wp-audio-shortcode\" id=\"audio-17636-2\" preload=\"none\" style=\"width: 100%;\" controls=\"controls\"><source type=\"audio\/mpeg\" src=\"http:\/\/radiozapatista.org\/Audios\/rzchiapas\/ensamblecomics.mp3?_=2\" \/><a href=\"http:\/\/radiozapatista.org\/Audios\/rzchiapas\/ensamblecomics.mp3\">http:\/\/radiozapatista.org\/Audios\/rzchiapas\/ensamblecomics.mp3<\/a><\/audio>\n<p>&nbsp;<\/p>\n<p>En 18 segundos, el colectivo La Necia del Distrito Federal abord\u00f3 tem\u00e1ticas como la falta de memoria, la violencia hacia las mujeres, el desplazamiento forzado y la desaparicion de los normalistas de Ayotzinapa. El Arte, dijeron, debe ser una pregunta y otro modo de compartir y luchar:<\/p>\n<audio class=\"wp-audio-shortcode\" id=\"audio-17636-3\" preload=\"none\" style=\"width: 100%;\" controls=\"controls\"><source type=\"audio\/mpeg\" src=\"http:\/\/radiozapatista.org\/Audios\/rzchiapas\/colectivolanecia.mp3?_=3\" \/><a href=\"http:\/\/radiozapatista.org\/Audios\/rzchiapas\/colectivolanecia.mp3\">http:\/\/radiozapatista.org\/Audios\/rzchiapas\/colectivolanecia.mp3<\/a><\/audio>\n<p>&nbsp;<\/p>\n<p>Desde Morelos, el grupo Los Tecomates charl\u00f3 sobre la alegr\u00eda de zapatear, comunicar, participar y decidir. Adem\u00e1s comparti\u00f3, entre otros, el son \u201cLos Piojos\u201d:<\/p>\n<audio class=\"wp-audio-shortcode\" id=\"audio-17636-4\" preload=\"none\" style=\"width: 100%;\" controls=\"controls\"><source type=\"audio\/mpeg\" src=\"http:\/\/radiozapatista.org\/Audios\/rzchiapas\/lostecomates.mp3?_=4\" \/><a href=\"http:\/\/radiozapatista.org\/Audios\/rzchiapas\/lostecomates.mp3\">http:\/\/radiozapatista.org\/Audios\/rzchiapas\/lostecomates.mp3<\/a><\/audio>\n<audio class=\"wp-audio-shortcode\" id=\"audio-17636-5\" preload=\"none\" style=\"width: 100%;\" controls=\"controls\"><source type=\"audio\/mpeg\" src=\"http:\/\/radiozapatista.org\/Audios\/rzchiapas\/sonlospiojos.mp3?_=5\" \/><a href=\"http:\/\/radiozapatista.org\/Audios\/rzchiapas\/sonlospiojos.mp3\">http:\/\/radiozapatista.org\/Audios\/rzchiapas\/sonlospiojos.mp3<\/a><\/audio>\n<p>&nbsp;<\/p>\n<p>Desde Ensenada, en la otra esquina de M\u00e9xico, Edgar Huerta, mejor conocido como Disidente, mezcl\u00f3 hip-hop y reggae para llamar a conectar y combinar lo social, lo personal y lo espiritual. Como muestra de su claridad, las pistas \u201cFuerza de Guerrero\u201d y \u201cSemilla de cambio\u201d:<\/p>\n<audio class=\"wp-audio-shortcode\" id=\"audio-17636-6\" preload=\"none\" style=\"width: 100%;\" controls=\"controls\"><source type=\"audio\/mpeg\" src=\"http:\/\/radiozapatista.org\/Audios\/rzchiapas\/dicidente.mp3?_=6\" \/><a href=\"http:\/\/radiozapatista.org\/Audios\/rzchiapas\/dicidente.mp3\">http:\/\/radiozapatista.org\/Audios\/rzchiapas\/dicidente.mp3<\/a><\/audio>\n<audio class=\"wp-audio-shortcode\" id=\"audio-17636-7\" preload=\"none\" style=\"width: 100%;\" controls=\"controls\"><source type=\"audio\/mpeg\" src=\"http:\/\/radiozapatista.org\/Audios\/rzchiapas\/hiphop1.mp3?_=7\" \/><a href=\"http:\/\/radiozapatista.org\/Audios\/rzchiapas\/hiphop1.mp3\">http:\/\/radiozapatista.org\/Audios\/rzchiapas\/hiphop1.mp3<\/a><\/audio>\n<audio class=\"wp-audio-shortcode\" id=\"audio-17636-8\" preload=\"none\" style=\"width: 100%;\" controls=\"controls\"><source type=\"audio\/mpeg\" src=\"http:\/\/radiozapatista.org\/Audios\/rzchiapas\/hiphopdos.mp3?_=8\" \/><a href=\"http:\/\/radiozapatista.org\/Audios\/rzchiapas\/hiphopdos.mp3\">http:\/\/radiozapatista.org\/Audios\/rzchiapas\/hiphopdos.mp3<\/a><\/audio>\n<p>&nbsp;<\/p>\n<p>Desde Santiago de Chile y la editorial Quimant\u00fa (Sol del saber), Ignacio Pardo comparti\u00f3 poes\u00eda ligada a la resistencia latinoamericana, tal y como muestra su texto \u201cAyotzinapa\u201d:<\/p>\n<audio class=\"wp-audio-shortcode\" id=\"audio-17636-9\" preload=\"none\" style=\"width: 100%;\" controls=\"controls\"><source type=\"audio\/mpeg\" src=\"http:\/\/radiozapatista.org\/Audios\/rzchiapas\/ignaciopardo.mp3?_=9\" \/><a href=\"http:\/\/radiozapatista.org\/Audios\/rzchiapas\/ignaciopardo.mp3\">http:\/\/radiozapatista.org\/Audios\/rzchiapas\/ignaciopardo.mp3<\/a><\/audio>\n<p>&nbsp;<\/p>\n<p>En el primer palomazo del sal\u00f3n de poes\u00eda y narrativa, Javier Andrade, m\u00e9dico de Pachuca, Hidalgo, comparti\u00f3 el cuento \u201cEl sue\u00f1o\u201d escrito desde 1982:<\/p>\n<audio class=\"wp-audio-shortcode\" id=\"audio-17636-10\" preload=\"none\" style=\"width: 100%;\" controls=\"controls\"><source type=\"audio\/mpeg\" src=\"http:\/\/radiozapatista.org\/Audios\/rzchiapas\/javierandrade.mp3?_=10\" \/><a href=\"http:\/\/radiozapatista.org\/Audios\/rzchiapas\/javierandrade.mp3\">http:\/\/radiozapatista.org\/Audios\/rzchiapas\/javierandrade.mp3<\/a><\/audio>\n<p>&nbsp;<\/p>\n<p>Tras casi una d\u00e9cada en la Garrucha, el colectivo la Karakola present\u00f3 la obra de teatro \u201cEl ma\u00edz transg\u00e9nico\u201d escrita de manera colectiva con lxs compas de este caracol:<\/p>\n<audio class=\"wp-audio-shortcode\" id=\"audio-17636-11\" preload=\"none\" style=\"width: 100%;\" controls=\"controls\"><source type=\"audio\/mpeg\" src=\"http:\/\/radiozapatista.org\/Audios\/rzchiapas\/lakarakola.mp3?_=11\" \/><a href=\"http:\/\/radiozapatista.org\/Audios\/rzchiapas\/lakarakola.mp3\">http:\/\/radiozapatista.org\/Audios\/rzchiapas\/lakarakola.mp3<\/a><\/audio>\n<p>&nbsp;<\/p>\n<p>Desde el desierto de Wirikuta, Antonio Trejo (Marcos Blues) comparti\u00f3 una muestra de canci\u00f3n social de autor llamada a alimentar la congruencia y la resistencia:<\/p>\n<audio class=\"wp-audio-shortcode\" id=\"audio-17636-12\" preload=\"none\" style=\"width: 100%;\" controls=\"controls\"><source type=\"audio\/mpeg\" src=\"http:\/\/radiozapatista.org\/Audios\/rzchiapas\/marcosblues.mp3?_=12\" \/><a href=\"http:\/\/radiozapatista.org\/Audios\/rzchiapas\/marcosblues.mp3\">http:\/\/radiozapatista.org\/Audios\/rzchiapas\/marcosblues.mp3<\/a><\/audio>\n<audio class=\"wp-audio-shortcode\" id=\"audio-17636-13\" preload=\"none\" style=\"width: 100%;\" controls=\"controls\"><source type=\"audio\/mpeg\" src=\"http:\/\/radiozapatista.org\/Audios\/rzchiapas\/compaslp1.mp3?_=13\" \/><a href=\"http:\/\/radiozapatista.org\/Audios\/rzchiapas\/compaslp1.mp3\">http:\/\/radiozapatista.org\/Audios\/rzchiapas\/compaslp1.mp3<\/a><\/audio>\n<p>&nbsp;<\/p>\n<p>Desde Brasil, Elenara Eiabel viaj\u00f3 con un par de exposiciones sobre graffiti, periodistas y libertad de expresi\u00f3n. En el camino destac\u00f3 que el arte puede ser un arma de denuncia y que las experiencias de resistencia del pueblo mexicano demuestran que a\u00fan es posible otro tipo de humanidad:<\/p>\n<audio class=\"wp-audio-shortcode\" id=\"audio-17636-14\" preload=\"none\" style=\"width: 100%;\" controls=\"controls\"><source type=\"audio\/mpeg\" src=\"http:\/\/radiozapatista.org\/%20Audios\/rzchiapas\/elenara.mp3?_=14\" \/><a href=\"http:\/\/radiozapatista.org\/%20Audios\/rzchiapas\/elenara.mp3\">http:\/\/radiozapatista.org\/%20Audios\/rzchiapas\/elenara.mp3<\/a><\/audio>\n<p><a href=\"http:\/\/radiozapatista.org\/?p=17039\" target=\"_blank\">http:\/\/radiozapatista.org\/?p=17039<\/a><\/p>\n","protected":false},"excerpt":{"rendered":"<p>Radio Zapatista Festival CompARTE por la humanidad 24 de julio de 2016 Cideci \/ Universidad de la Tierra Chiapas Domingo 24 de julio.- Jovel-San Crist\u00f3bal de Las Casas, Chiapas. Durante &hellip; <a href=\"https:\/\/www.grieta.org.mx\/index.php\/2016\/07\/24\/dia-2-comparte-por-la-humanidad-cideci\/\" class=\"more-link\">Leer m\u00e1s<\/a><\/p>\n","protected":false},"author":2,"featured_media":21928,"comment_status":"closed","ping_status":"closed","sticky":false,"template":"","format":"standard","meta":{"ngg_post_thumbnail":0,"_jetpack_newsletter_access":"","_jetpack_dont_email_post_to_subs":false,"_jetpack_newsletter_tier_id":0,"_jetpack_memberships_contains_paywalled_content":false,"_jetpack_memberships_contains_paid_content":false,"footnotes":""},"categories":[80,817],"tags":[818],"class_list":["post-17636","post","type-post","status-publish","format-standard","has-post-thumbnail","hentry","category-cintillo","category-festival-comparte-por-la-humanidad","tag-festival-comparte","entry"],"jetpack_featured_media_url":"https:\/\/www.grieta.org.mx\/wp-content\/uploads\/2018\/03\/14524434_1106112876131411_958039263622046936_o.jpg","jetpack_sharing_enabled":true,"jetpack_shortlink":"https:\/\/wp.me\/p7ZJR4-4As","jetpack_likes_enabled":false,"jetpack-related-posts":[{"id":18735,"url":"https:\/\/www.grieta.org.mx\/index.php\/2016\/07\/30\/finaliza-el-festival-comparte-por-la-humanidad-en-cideci-unitierra-continua-ahora-en-los-caracoles-zapatistas\/","url_meta":{"origin":17636,"position":0},"title":"Finaliza el Festival \u201ccompARTE por la Humanidad\u201d en CIDECI-Unitierra. Contin\u00faa ahora en los caracoles zapatistas.","author":"grieta","date":"30 julio, 2016","format":false,"excerpt":"Sabado 30 de julio.- Radio Zapatista. Jovel-San Crist\u00f3bal de Las Casas, Chiapas. Finaliza el Festival \u201ccompARTE por la Humanidad\u201d en CIDECI-Unitierra, con mucha alegr\u00eda, fiesta, colores y sabores se da por terminado el festival compArte en lo que corresponde a la sede del CIDECI, ya que la fiesta, creatividad, arte\u2026","rel":"","context":"En &quot;CINTILLO&quot;","block_context":{"text":"CINTILLO","link":"https:\/\/www.grieta.org.mx\/index.php\/category\/cintillo\/"},"img":{"alt_text":"","src":"https:\/\/i0.wp.com\/www.grieta.org.mx\/wp-content\/uploads\/2018\/03\/14524434_1106112876131411_958039263622046936_o.jpg?resize=350%2C200&ssl=1","width":350,"height":200,"srcset":"https:\/\/i0.wp.com\/www.grieta.org.mx\/wp-content\/uploads\/2018\/03\/14524434_1106112876131411_958039263622046936_o.jpg?resize=350%2C200&ssl=1 1x, https:\/\/i0.wp.com\/www.grieta.org.mx\/wp-content\/uploads\/2018\/03\/14524434_1106112876131411_958039263622046936_o.jpg?resize=525%2C300&ssl=1 1.5x, https:\/\/i0.wp.com\/www.grieta.org.mx\/wp-content\/uploads\/2018\/03\/14524434_1106112876131411_958039263622046936_o.jpg?resize=700%2C400&ssl=1 2x"},"classes":[]},{"id":18402,"url":"https:\/\/www.grieta.org.mx\/index.php\/2016\/07\/31\/dia-8-comparte-por-la-humanidad-cideci\/","url_meta":{"origin":17636,"position":1},"title":"D\u00eda 8 \u2013 CompARTE por la humanidad \u2013 Cideci (Audios)","author":"grieta","date":"31 julio, 2016","format":false,"excerpt":"Radio Zapatista Festival CompARTE por la humanidad 30 de julio de 2016 Cideci \/ Universidad de la Tierra Chiapas Sabado 30 de julio.- Jovel-San Crist\u00f3bal de Las Casas, Chiapas. Finaliza el Festival \u201ccompARTE por la Humanidad\u201d en CIDECI-Unitierra, con mucha alegr\u00eda, fiesta, colores y sabores se da por terminado el\u2026","rel":"","context":"En &quot;CINTILLO&quot;","block_context":{"text":"CINTILLO","link":"https:\/\/www.grieta.org.mx\/index.php\/category\/cintillo\/"},"img":{"alt_text":"","src":"https:\/\/i0.wp.com\/www.grieta.org.mx\/wp-content\/uploads\/2018\/03\/14524434_1106112876131411_958039263622046936_o.jpg?resize=350%2C200&ssl=1","width":350,"height":200,"srcset":"https:\/\/i0.wp.com\/www.grieta.org.mx\/wp-content\/uploads\/2018\/03\/14524434_1106112876131411_958039263622046936_o.jpg?resize=350%2C200&ssl=1 1x, https:\/\/i0.wp.com\/www.grieta.org.mx\/wp-content\/uploads\/2018\/03\/14524434_1106112876131411_958039263622046936_o.jpg?resize=525%2C300&ssl=1 1.5x, https:\/\/i0.wp.com\/www.grieta.org.mx\/wp-content\/uploads\/2018\/03\/14524434_1106112876131411_958039263622046936_o.jpg?resize=700%2C400&ssl=1 2x"},"classes":[]},{"id":17621,"url":"https:\/\/www.grieta.org.mx\/index.php\/2016\/07\/24\/dia-1-comparte-por-la-humanidad-cideci\/","url_meta":{"origin":17636,"position":2},"title":"D\u00eda 1 \u2013 CompARTE por la humanidad \u2013 Cideci (Audios)","author":"grieta","date":"24 julio, 2016","format":false,"excerpt":"Radio Zapatista Festival CompARTE por la humanidad 23 de julio de 2016 Cideci \/ Universidad de la Tierra Chiapas Inicia el Festival CompArte en el Cideci-Unitierra Chiapas \u2026 \u201clas artes\u201d porque son ellas (y no la pol\u00edtica) quienes cavan en lo m\u00e1s profundo del ser humano y rescatan su esencia.\u2026","rel":"","context":"En &quot;CINTILLO&quot;","block_context":{"text":"CINTILLO","link":"https:\/\/www.grieta.org.mx\/index.php\/category\/cintillo\/"},"img":{"alt_text":"","src":"https:\/\/i0.wp.com\/www.grieta.org.mx\/wp-content\/uploads\/2018\/03\/14524434_1106112876131411_958039263622046936_o.jpg?resize=350%2C200&ssl=1","width":350,"height":200,"srcset":"https:\/\/i0.wp.com\/www.grieta.org.mx\/wp-content\/uploads\/2018\/03\/14524434_1106112876131411_958039263622046936_o.jpg?resize=350%2C200&ssl=1 1x, https:\/\/i0.wp.com\/www.grieta.org.mx\/wp-content\/uploads\/2018\/03\/14524434_1106112876131411_958039263622046936_o.jpg?resize=525%2C300&ssl=1 1.5x, https:\/\/i0.wp.com\/www.grieta.org.mx\/wp-content\/uploads\/2018\/03\/14524434_1106112876131411_958039263622046936_o.jpg?resize=700%2C400&ssl=1 2x"},"classes":[]},{"id":18527,"url":"https:\/\/www.grieta.org.mx\/index.php\/2016\/07\/30\/hip-hop-zapatista\/","url_meta":{"origin":17636,"position":3},"title":"Participaciones del EZLN en el festival CompArte. 29 de julio, Oventik","author":"grieta","date":"30 julio, 2016","format":false,"excerpt":"Festival compARTE por la humanidad - Comparte Zapatistas Compartici\u00f3n de bases de apoyo del EZLN. Oventic, Chiapas, M\u00e9xico... 29 de Julio 2016 Corrido Zapatista El Gavil\u00e1n y Jos\u00e9 en el #CompArte #Oventik #EZLN #Comparte #CompArte #CIDECI #zapatistas #orgullosamentezapatistas El Querreque Danza Zapatista en el #CompArte Las mujeres zapatistas cant\u00e1ndole a\u2026","rel":"","context":"En &quot;CINTILLO&quot;","block_context":{"text":"CINTILLO","link":"https:\/\/www.grieta.org.mx\/index.php\/category\/cintillo\/"},"img":{"alt_text":"","src":"https:\/\/i0.wp.com\/www.grieta.org.mx\/wp-content\/uploads\/2018\/03\/14524434_1106112876131411_958039263622046936_o.jpg?resize=350%2C200&ssl=1","width":350,"height":200,"srcset":"https:\/\/i0.wp.com\/www.grieta.org.mx\/wp-content\/uploads\/2018\/03\/14524434_1106112876131411_958039263622046936_o.jpg?resize=350%2C200&ssl=1 1x, https:\/\/i0.wp.com\/www.grieta.org.mx\/wp-content\/uploads\/2018\/03\/14524434_1106112876131411_958039263622046936_o.jpg?resize=525%2C300&ssl=1 1.5x, https:\/\/i0.wp.com\/www.grieta.org.mx\/wp-content\/uploads\/2018\/03\/14524434_1106112876131411_958039263622046936_o.jpg?resize=700%2C400&ssl=1 2x"},"classes":[]},{"id":17839,"url":"https:\/\/www.grieta.org.mx\/index.php\/2016\/07\/26\/dia-3-comparte-por-la-humanidad-cideci\/","url_meta":{"origin":17636,"position":4},"title":"D\u00eda 3 \u2013 CompARTE por la humanidad \u2013 Cideci (Audios)","author":"grieta","date":"26 julio, 2016","format":false,"excerpt":"Radio Zapatista Festival CompARTE por la humanidad 25 de julio de 2016 Cideci \/ Universidad de la Tierra Chiapas Lunes 25 de julio.- Jovel-San Crist\u00f3bal de Las Casas, Chiapas. Es el tercer d\u00eda del #CompArte por la Humanidad y los cuerpos, sonidos y trazos siguen interviniendo el espacio, tiempo, los\u2026","rel":"","context":"En &quot;CINTILLO&quot;","block_context":{"text":"CINTILLO","link":"https:\/\/www.grieta.org.mx\/index.php\/category\/cintillo\/"},"img":{"alt_text":"","src":"https:\/\/i0.wp.com\/www.grieta.org.mx\/wp-content\/uploads\/2018\/03\/14524434_1106112876131411_958039263622046936_o.jpg?resize=350%2C200&ssl=1","width":350,"height":200,"srcset":"https:\/\/i0.wp.com\/www.grieta.org.mx\/wp-content\/uploads\/2018\/03\/14524434_1106112876131411_958039263622046936_o.jpg?resize=350%2C200&ssl=1 1x, https:\/\/i0.wp.com\/www.grieta.org.mx\/wp-content\/uploads\/2018\/03\/14524434_1106112876131411_958039263622046936_o.jpg?resize=525%2C300&ssl=1 1.5x, https:\/\/i0.wp.com\/www.grieta.org.mx\/wp-content\/uploads\/2018\/03\/14524434_1106112876131411_958039263622046936_o.jpg?resize=700%2C400&ssl=1 2x"},"classes":[]},{"id":18719,"url":"https:\/\/www.grieta.org.mx\/index.php\/2016\/08\/01\/festival-comparte-de-los-altos-de-chiapas-a-los-caracoles\/","url_meta":{"origin":17636,"position":5},"title":"Festival #CompArte, de los Altos de Chiapas a los #Caracoles","author":"grieta","date":"1 agosto, 2016","format":false,"excerpt":"Koman Ilel El Festival CompArte por la Humanidad, convocado por loas zapatistas, finaliz\u00f3 el s\u00e1bado 30 de julio en los Altos de Chiapas, para continuar en los caracoles de La Realidad, La Garrucha, Morelia y Roberto Barrios durante las pr\u00f3ximas dos semanas. Como bien explic\u00f3 la comandancia del EZLN en\u2026","rel":"","context":"En &quot;CINTILLO&quot;","block_context":{"text":"CINTILLO","link":"https:\/\/www.grieta.org.mx\/index.php\/category\/cintillo\/"},"img":{"alt_text":"","src":"https:\/\/i0.wp.com\/www.grieta.org.mx\/wp-content\/uploads\/2018\/03\/14524434_1106112876131411_958039263622046936_o.jpg?resize=350%2C200&ssl=1","width":350,"height":200,"srcset":"https:\/\/i0.wp.com\/www.grieta.org.mx\/wp-content\/uploads\/2018\/03\/14524434_1106112876131411_958039263622046936_o.jpg?resize=350%2C200&ssl=1 1x, https:\/\/i0.wp.com\/www.grieta.org.mx\/wp-content\/uploads\/2018\/03\/14524434_1106112876131411_958039263622046936_o.jpg?resize=525%2C300&ssl=1 1.5x, https:\/\/i0.wp.com\/www.grieta.org.mx\/wp-content\/uploads\/2018\/03\/14524434_1106112876131411_958039263622046936_o.jpg?resize=700%2C400&ssl=1 2x"},"classes":[]}],"_links":{"self":[{"href":"https:\/\/www.grieta.org.mx\/index.php\/wp-json\/wp\/v2\/posts\/17636","targetHints":{"allow":["GET"]}}],"collection":[{"href":"https:\/\/www.grieta.org.mx\/index.php\/wp-json\/wp\/v2\/posts"}],"about":[{"href":"https:\/\/www.grieta.org.mx\/index.php\/wp-json\/wp\/v2\/types\/post"}],"author":[{"embeddable":true,"href":"https:\/\/www.grieta.org.mx\/index.php\/wp-json\/wp\/v2\/users\/2"}],"replies":[{"embeddable":true,"href":"https:\/\/www.grieta.org.mx\/index.php\/wp-json\/wp\/v2\/comments?post=17636"}],"version-history":[{"count":1,"href":"https:\/\/www.grieta.org.mx\/index.php\/wp-json\/wp\/v2\/posts\/17636\/revisions"}],"predecessor-version":[{"id":17665,"href":"https:\/\/www.grieta.org.mx\/index.php\/wp-json\/wp\/v2\/posts\/17636\/revisions\/17665"}],"wp:featuredmedia":[{"embeddable":true,"href":"https:\/\/www.grieta.org.mx\/index.php\/wp-json\/wp\/v2\/media\/21928"}],"wp:attachment":[{"href":"https:\/\/www.grieta.org.mx\/index.php\/wp-json\/wp\/v2\/media?parent=17636"}],"wp:term":[{"taxonomy":"category","embeddable":true,"href":"https:\/\/www.grieta.org.mx\/index.php\/wp-json\/wp\/v2\/categories?post=17636"},{"taxonomy":"post_tag","embeddable":true,"href":"https:\/\/www.grieta.org.mx\/index.php\/wp-json\/wp\/v2\/tags?post=17636"}],"curies":[{"name":"wp","href":"https:\/\/api.w.org\/{rel}","templated":true}]}}