{"id":17561,"date":"2016-07-23T21:36:53","date_gmt":"2016-07-24T02:36:53","guid":{"rendered":"http:\/\/www.grieta.org.mx\/?p=17561"},"modified":"2016-07-23T21:54:45","modified_gmt":"2016-07-24T02:54:45","slug":"chiapas-inicia-el-comparte-celebrando-a-la-humanidad-sus-dolores-sus-alegrias-y-sus-luchas","status":"publish","type":"post","link":"https:\/\/www.grieta.org.mx\/index.php\/2016\/07\/23\/chiapas-inicia-el-comparte-celebrando-a-la-humanidad-sus-dolores-sus-alegrias-y-sus-luchas\/","title":{"rendered":"Chiapas: Inicia el CompArte \u201ccelebrando a la humanidad, sus dolores, sus alegr\u00edas y sus luchas\u201d"},"content":{"rendered":"<p><img decoding=\"async\" data-attachment-id=\"17568\" data-permalink=\"https:\/\/www.grieta.org.mx\/index.php\/2016\/07\/23\/chiapas-inicia-el-comparte-celebrando-a-la-humanidad-sus-dolores-sus-alegrias-y-sus-luchas\/desta-995x498\/\" data-orig-file=\"https:\/\/www.grieta.org.mx\/wp-content\/uploads\/2016\/07\/DESTA-995x498.jpg\" data-orig-size=\"995,498\" data-comments-opened=\"0\" data-image-meta=\"{&quot;aperture&quot;:&quot;20&quot;,&quot;credit&quot;:&quot;komanilel&quot;,&quot;camera&quot;:&quot;Canon EOS 60D&quot;,&quot;caption&quot;:&quot;&quot;,&quot;created_timestamp&quot;:&quot;1469278395&quot;,&quot;copyright&quot;:&quot;&quot;,&quot;focal_length&quot;:&quot;28&quot;,&quot;iso&quot;:&quot;800&quot;,&quot;shutter_speed&quot;:&quot;0.003125&quot;,&quot;title&quot;:&quot;&quot;,&quot;orientation&quot;:&quot;1&quot;}\" data-image-title=\"DESTA-995&amp;#215;498\" data-image-description=\"\" data-image-caption=\"\" data-medium-file=\"https:\/\/www.grieta.org.mx\/wp-content\/uploads\/2016\/07\/DESTA-995x498-300x150.jpg\" data-large-file=\"https:\/\/www.grieta.org.mx\/wp-content\/uploads\/2016\/07\/DESTA-995x498.jpg\" src=\"http:\/\/www.grieta.org.mx\/wp-content\/uploads\/2016\/07\/DESTA-995x498.jpg\" alt=\"DESTA-995x498\" width=\"100%\" \" class=\"aligncenter size-large wp-image-17568\" srcset=\"https:\/\/www.grieta.org.mx\/wp-content\/uploads\/2016\/07\/DESTA-995x498.jpg 995w, https:\/\/www.grieta.org.mx\/wp-content\/uploads\/2016\/07\/DESTA-995x498-300x150.jpg 300w, https:\/\/www.grieta.org.mx\/wp-content\/uploads\/2016\/07\/DESTA-995x498-768x384.jpg 768w\" sizes=\"(max-width: 995px) 100vw, 995px\" \/><\/p>\n<p>San Crist\u00f3bal de las Casas, Chiapas. 23 de julio. Inicia el Festival \u201cCompArte por la Humanidad\u201d, en las instalaciones del Cideci Unitierra, con la participaci\u00f3n de artistas nacionales e internacionales. El objetivo del festival \u201ces crear los espacios y condiciones para que las Artes y su irreverente desaf\u00edo de imaginar otros mundos, puedan celebrar la humanidad, sus dolores, sus alegr\u00edas y sus luchas\u201d, indic\u00f3 el EZLN el pasado cuatro de julio a adherentes a La Sexta y artistas solidarios. De igual forma exhortaron a la sociedad solidaria a acompa\u00f1ar la lucha del movimiento magisterial en M\u00e9xico, en huelga desde el pasado 15 de mayo.<\/p>\n<p>\u201cEsperamos que la celebraci\u00f3n en el Cideci sea tan brillante como su quehacer art\u00edstico y que, en estos calendarios de oscura desesperanza, en ese rinc\u00f3n del mundo se respire otro aire, y no sea la noche de arriba quien reine\u201d, expresaron los rebeldes chiapanecos el pasado 17 de julio. \u201cQue aunque sea la fugacidad de una pieza musical, un trazo de pintura, un paso de baile, un fotograma, un rengl\u00f3n de un di\u00e1logo, un verso, un lo que sea, sea derrotada la hora del polic\u00eda, y en un segundo al menos se respire la posibilidad de otro mundo\u201d, agregaron.<\/p>\n<p>Danza contempor\u00e1nea, m\u00fasica, poes\u00eda y teatro, entre otras, son las expresiones art\u00edsticas que se han podido disfrutar en este primer d\u00eda de festival. En 8 distintos foros, las y los artistas muestran c\u00f3mo ven el mundo, c\u00f3mo lo bailan, o lo pintan, o lo cantan. La rebeld\u00eda a estos tiempos de violencia y miedo, encuentra aqu\u00ed, a trav\u00e9s del arte, un espacio para la comunicaci\u00f3n entre esas diferentes formas de ser, de entender la realidad y de contribuir a la construcci\u00f3n de otro mundo.<\/p>\n<p>L@s visitantes han podido asistir a diversos talleres como encuadernaci\u00f3n, circo social, pintura, reposter\u00eda; as\u00ed como a exposiciones de documentales y distintos g\u00e9neros musicales como hip hop, rock, corridos, etc, que han vestido de color y m\u00fasica este festival de la imaginaci\u00f3n y la compartici\u00f3n a trav\u00e9s del Arte.<\/p>\n<p>El festival iniciado este s\u00e1bado se estar\u00e1 llevando a cabo hasta el d\u00eda jueves, y el viernes el festival se realizar\u00e1 en el Caracol Zapatista de Oventik, a una hora de San Crist\u00f3bal, para finalizar el d\u00eda s\u00e1bado 30 de nuevo en el Cideci Unitierra<\/p>\n<p><img decoding=\"async\" data-attachment-id=\"17562\" data-permalink=\"https:\/\/www.grieta.org.mx\/index.php\/2016\/07\/23\/chiapas-inicia-el-comparte-celebrando-a-la-humanidad-sus-dolores-sus-alegrias-y-sus-luchas\/dsc_1821-660x330\/\" data-orig-file=\"https:\/\/www.grieta.org.mx\/wp-content\/uploads\/2016\/07\/DSC_1821-660x330.jpg\" data-orig-size=\"660,330\" data-comments-opened=\"0\" data-image-meta=\"{&quot;aperture&quot;:&quot;8&quot;,&quot;credit&quot;:&quot;&quot;,&quot;camera&quot;:&quot;NIKON D3100&quot;,&quot;caption&quot;:&quot;&quot;,&quot;created_timestamp&quot;:&quot;1469287808&quot;,&quot;copyright&quot;:&quot;&quot;,&quot;focal_length&quot;:&quot;55&quot;,&quot;iso&quot;:&quot;200&quot;,&quot;shutter_speed&quot;:&quot;0.033333333333333&quot;,&quot;title&quot;:&quot;&quot;,&quot;orientation&quot;:&quot;1&quot;}\" data-image-title=\"DSC_1821-660&amp;#215;330\" data-image-description=\"\" data-image-caption=\"\" data-medium-file=\"https:\/\/www.grieta.org.mx\/wp-content\/uploads\/2016\/07\/DSC_1821-660x330-300x150.jpg\" data-large-file=\"https:\/\/www.grieta.org.mx\/wp-content\/uploads\/2016\/07\/DSC_1821-660x330.jpg\" src=\"http:\/\/www.grieta.org.mx\/wp-content\/uploads\/2016\/07\/DSC_1821-660x330.jpg\" alt=\"DSC_1821-660x330\" width=\"100%\"  class=\"aligncenter size-full wp-image-17562\" srcset=\"https:\/\/www.grieta.org.mx\/wp-content\/uploads\/2016\/07\/DSC_1821-660x330.jpg 660w, https:\/\/www.grieta.org.mx\/wp-content\/uploads\/2016\/07\/DSC_1821-660x330-300x150.jpg 300w\" sizes=\"(max-width: 660px) 100vw, 660px\" \/><\/p>\n<p><img decoding=\"async\" data-attachment-id=\"17563\" data-permalink=\"https:\/\/www.grieta.org.mx\/index.php\/2016\/07\/23\/chiapas-inicia-el-comparte-celebrando-a-la-humanidad-sus-dolores-sus-alegrias-y-sus-luchas\/dsc_1865-1-660x330\/\" data-orig-file=\"https:\/\/www.grieta.org.mx\/wp-content\/uploads\/2016\/07\/DSC_1865-1-660x330.jpg\" data-orig-size=\"660,330\" data-comments-opened=\"0\" data-image-meta=\"{&quot;aperture&quot;:&quot;5.6&quot;,&quot;credit&quot;:&quot;&quot;,&quot;camera&quot;:&quot;NIKON D3100&quot;,&quot;caption&quot;:&quot;????????????????????????????????????&quot;,&quot;created_timestamp&quot;:&quot;1469295177&quot;,&quot;copyright&quot;:&quot;&quot;,&quot;focal_length&quot;:&quot;55&quot;,&quot;iso&quot;:&quot;100&quot;,&quot;shutter_speed&quot;:&quot;0.02&quot;,&quot;title&quot;:&quot;&quot;,&quot;orientation&quot;:&quot;1&quot;}\" data-image-title=\"DSC_1865-1-660&amp;#215;330\" data-image-description=\"\" data-image-caption=\"&lt;p&gt;????????????????????????????????????&lt;\/p&gt;\n\" data-medium-file=\"https:\/\/www.grieta.org.mx\/wp-content\/uploads\/2016\/07\/DSC_1865-1-660x330-300x150.jpg\" data-large-file=\"https:\/\/www.grieta.org.mx\/wp-content\/uploads\/2016\/07\/DSC_1865-1-660x330.jpg\" src=\"http:\/\/www.grieta.org.mx\/wp-content\/uploads\/2016\/07\/DSC_1865-1-660x330.jpg\" alt=\"\" width=\"100%\"  class=\"size-large wp-image-17563\" srcset=\"https:\/\/www.grieta.org.mx\/wp-content\/uploads\/2016\/07\/DSC_1865-1-660x330.jpg 660w, https:\/\/www.grieta.org.mx\/wp-content\/uploads\/2016\/07\/DSC_1865-1-660x330-300x150.jpg 300w\" sizes=\"(max-width: 660px) 100vw, 660px\" \/> <\/p>\n<p><img decoding=\"async\" data-attachment-id=\"17564\" data-permalink=\"https:\/\/www.grieta.org.mx\/index.php\/2016\/07\/23\/chiapas-inicia-el-comparte-celebrando-a-la-humanidad-sus-dolores-sus-alegrias-y-sus-luchas\/dsc_1836-660x330\/\" data-orig-file=\"https:\/\/www.grieta.org.mx\/wp-content\/uploads\/2016\/07\/DSC_1836-660x330.jpg\" data-orig-size=\"660,330\" data-comments-opened=\"0\" data-image-meta=\"{&quot;aperture&quot;:&quot;10&quot;,&quot;credit&quot;:&quot;&quot;,&quot;camera&quot;:&quot;NIKON D3100&quot;,&quot;caption&quot;:&quot;&quot;,&quot;created_timestamp&quot;:&quot;1469288768&quot;,&quot;copyright&quot;:&quot;&quot;,&quot;focal_length&quot;:&quot;155&quot;,&quot;iso&quot;:&quot;100&quot;,&quot;shutter_speed&quot;:&quot;0.033333333333333&quot;,&quot;title&quot;:&quot;&quot;,&quot;orientation&quot;:&quot;1&quot;}\" data-image-title=\"DSC_1836-660&amp;#215;330\" data-image-description=\"\" data-image-caption=\"\" data-medium-file=\"https:\/\/www.grieta.org.mx\/wp-content\/uploads\/2016\/07\/DSC_1836-660x330-300x150.jpg\" data-large-file=\"https:\/\/www.grieta.org.mx\/wp-content\/uploads\/2016\/07\/DSC_1836-660x330.jpg\" src=\"http:\/\/www.grieta.org.mx\/wp-content\/uploads\/2016\/07\/DSC_1836-660x330.jpg\" alt=\"DSC_1836-660x330\" width=\"100%\"  class=\"aligncenter size-large wp-image-17564\" srcset=\"https:\/\/www.grieta.org.mx\/wp-content\/uploads\/2016\/07\/DSC_1836-660x330.jpg 660w, https:\/\/www.grieta.org.mx\/wp-content\/uploads\/2016\/07\/DSC_1836-660x330-300x150.jpg 300w\" sizes=\"(max-width: 660px) 100vw, 660px\" \/><\/p>\n<p><img decoding=\"async\" data-attachment-id=\"17565\" data-permalink=\"https:\/\/www.grieta.org.mx\/index.php\/2016\/07\/23\/chiapas-inicia-el-comparte-celebrando-a-la-humanidad-sus-dolores-sus-alegrias-y-sus-luchas\/dsc_1773-660x330\/\" data-orig-file=\"https:\/\/www.grieta.org.mx\/wp-content\/uploads\/2016\/07\/DSC_1773-660x330.jpg\" data-orig-size=\"660,330\" data-comments-opened=\"0\" data-image-meta=\"{&quot;aperture&quot;:&quot;4&quot;,&quot;credit&quot;:&quot;&quot;,&quot;camera&quot;:&quot;NIKON D3100&quot;,&quot;caption&quot;:&quot;&quot;,&quot;created_timestamp&quot;:&quot;1469271376&quot;,&quot;copyright&quot;:&quot;&quot;,&quot;focal_length&quot;:&quot;18&quot;,&quot;iso&quot;:&quot;100&quot;,&quot;shutter_speed&quot;:&quot;0.0025&quot;,&quot;title&quot;:&quot;&quot;,&quot;orientation&quot;:&quot;1&quot;}\" data-image-title=\"DSC_1773-660&amp;#215;330\" data-image-description=\"\" data-image-caption=\"\" data-medium-file=\"https:\/\/www.grieta.org.mx\/wp-content\/uploads\/2016\/07\/DSC_1773-660x330-300x150.jpg\" data-large-file=\"https:\/\/www.grieta.org.mx\/wp-content\/uploads\/2016\/07\/DSC_1773-660x330.jpg\" src=\"http:\/\/www.grieta.org.mx\/wp-content\/uploads\/2016\/07\/DSC_1773-660x330.jpg\" alt=\"DSC_1773-660x330\" width=\"100%\"  class=\"aligncenter size-large wp-image-17565\" srcset=\"https:\/\/www.grieta.org.mx\/wp-content\/uploads\/2016\/07\/DSC_1773-660x330.jpg 660w, https:\/\/www.grieta.org.mx\/wp-content\/uploads\/2016\/07\/DSC_1773-660x330-300x150.jpg 300w\" sizes=\"(max-width: 660px) 100vw, 660px\" \/><\/p>\n<p><img decoding=\"async\" data-attachment-id=\"17566\" data-permalink=\"https:\/\/www.grieta.org.mx\/index.php\/2016\/07\/23\/chiapas-inicia-el-comparte-celebrando-a-la-humanidad-sus-dolores-sus-alegrias-y-sus-luchas\/dsc_1834-660x330\/\" data-orig-file=\"https:\/\/www.grieta.org.mx\/wp-content\/uploads\/2016\/07\/DSC_1834-660x330.jpg\" data-orig-size=\"660,330\" data-comments-opened=\"0\" data-image-meta=\"{&quot;aperture&quot;:&quot;10&quot;,&quot;credit&quot;:&quot;&quot;,&quot;camera&quot;:&quot;NIKON D3100&quot;,&quot;caption&quot;:&quot;&quot;,&quot;created_timestamp&quot;:&quot;1469288633&quot;,&quot;copyright&quot;:&quot;&quot;,&quot;focal_length&quot;:&quot;50&quot;,&quot;iso&quot;:&quot;100&quot;,&quot;shutter_speed&quot;:&quot;0.033333333333333&quot;,&quot;title&quot;:&quot;&quot;,&quot;orientation&quot;:&quot;1&quot;}\" data-image-title=\"DSC_1834-660&amp;#215;330\" data-image-description=\"\" data-image-caption=\"\" data-medium-file=\"https:\/\/www.grieta.org.mx\/wp-content\/uploads\/2016\/07\/DSC_1834-660x330-300x150.jpg\" data-large-file=\"https:\/\/www.grieta.org.mx\/wp-content\/uploads\/2016\/07\/DSC_1834-660x330.jpg\" src=\"http:\/\/www.grieta.org.mx\/wp-content\/uploads\/2016\/07\/DSC_1834-660x330.jpg\" alt=\"DSC_1834-660x330\" width=\"100%\"  class=\"aligncenter size-large wp-image-17566\" srcset=\"https:\/\/www.grieta.org.mx\/wp-content\/uploads\/2016\/07\/DSC_1834-660x330.jpg 660w, https:\/\/www.grieta.org.mx\/wp-content\/uploads\/2016\/07\/DSC_1834-660x330-300x150.jpg 300w\" sizes=\"(max-width: 660px) 100vw, 660px\" \/><\/p>\n<p><img decoding=\"async\" data-attachment-id=\"17567\" data-permalink=\"https:\/\/www.grieta.org.mx\/index.php\/2016\/07\/23\/chiapas-inicia-el-comparte-celebrando-a-la-humanidad-sus-dolores-sus-alegrias-y-sus-luchas\/dsc_1854-1-660x330\/\" data-orig-file=\"https:\/\/www.grieta.org.mx\/wp-content\/uploads\/2016\/07\/DSC_1854-1-660x330.jpg\" data-orig-size=\"660,330\" data-comments-opened=\"0\" data-image-meta=\"{&quot;aperture&quot;:&quot;5&quot;,&quot;credit&quot;:&quot;&quot;,&quot;camera&quot;:&quot;NIKON D3100&quot;,&quot;caption&quot;:&quot;????????????????????????????????????&quot;,&quot;created_timestamp&quot;:&quot;1469294892&quot;,&quot;copyright&quot;:&quot;&quot;,&quot;focal_length&quot;:&quot;36&quot;,&quot;iso&quot;:&quot;100&quot;,&quot;shutter_speed&quot;:&quot;0.033333333333333&quot;,&quot;title&quot;:&quot;&quot;,&quot;orientation&quot;:&quot;1&quot;}\" data-image-title=\"DSC_1854-1-660&amp;#215;330\" data-image-description=\"\" data-image-caption=\"&lt;p&gt;????????????????????????????????????&lt;\/p&gt;\n\" data-medium-file=\"https:\/\/www.grieta.org.mx\/wp-content\/uploads\/2016\/07\/DSC_1854-1-660x330-300x150.jpg\" data-large-file=\"https:\/\/www.grieta.org.mx\/wp-content\/uploads\/2016\/07\/DSC_1854-1-660x330.jpg\" src=\"http:\/\/www.grieta.org.mx\/wp-content\/uploads\/2016\/07\/DSC_1854-1-660x330.jpg\" alt=\"\" width=\"100%\"  class=\"size-large wp-image-17567\" srcset=\"https:\/\/www.grieta.org.mx\/wp-content\/uploads\/2016\/07\/DSC_1854-1-660x330.jpg 660w, https:\/\/www.grieta.org.mx\/wp-content\/uploads\/2016\/07\/DSC_1854-1-660x330-300x150.jpg 300w\" sizes=\"(max-width: 660px) 100vw, 660px\" \/> <\/p>\n<p><img decoding=\"async\" data-attachment-id=\"17569\" data-permalink=\"https:\/\/www.grieta.org.mx\/index.php\/2016\/07\/23\/chiapas-inicia-el-comparte-celebrando-a-la-humanidad-sus-dolores-sus-alegrias-y-sus-luchas\/dsc_1804-660x330\/\" data-orig-file=\"https:\/\/www.grieta.org.mx\/wp-content\/uploads\/2016\/07\/DSC_1804-660x330.jpg\" data-orig-size=\"660,330\" data-comments-opened=\"0\" data-image-meta=\"{&quot;aperture&quot;:&quot;4.8&quot;,&quot;credit&quot;:&quot;&quot;,&quot;camera&quot;:&quot;NIKON D3100&quot;,&quot;caption&quot;:&quot;&quot;,&quot;created_timestamp&quot;:&quot;1469280801&quot;,&quot;copyright&quot;:&quot;&quot;,&quot;focal_length&quot;:&quot;32&quot;,&quot;iso&quot;:&quot;100&quot;,&quot;shutter_speed&quot;:&quot;0.005&quot;,&quot;title&quot;:&quot;&quot;,&quot;orientation&quot;:&quot;1&quot;}\" data-image-title=\"DSC_1804-660&amp;#215;330\" data-image-description=\"\" data-image-caption=\"\" data-medium-file=\"https:\/\/www.grieta.org.mx\/wp-content\/uploads\/2016\/07\/DSC_1804-660x330-300x150.jpg\" data-large-file=\"https:\/\/www.grieta.org.mx\/wp-content\/uploads\/2016\/07\/DSC_1804-660x330.jpg\" src=\"http:\/\/www.grieta.org.mx\/wp-content\/uploads\/2016\/07\/DSC_1804-660x330.jpg\" alt=\"DSC_1804-660x330\" width=\"100%\"  class=\"aligncenter size-large wp-image-17569\" srcset=\"https:\/\/www.grieta.org.mx\/wp-content\/uploads\/2016\/07\/DSC_1804-660x330.jpg 660w, https:\/\/www.grieta.org.mx\/wp-content\/uploads\/2016\/07\/DSC_1804-660x330-300x150.jpg 300w\" sizes=\"(max-width: 660px) 100vw, 660px\" \/><\/p>\n<p><a href=\"http:\/\/www.pozol.org\/?attachment_id=13126\" target=\"_blank\">http:\/\/www.pozol.org\/?attachment_id=13126<\/a><\/p>\n","protected":false},"excerpt":{"rendered":"","protected":false},"author":2,"featured_media":21928,"comment_status":"closed","ping_status":"closed","sticky":false,"template":"","format":"standard","meta":{"ngg_post_thumbnail":0,"_jetpack_newsletter_access":"","_jetpack_dont_email_post_to_subs":false,"_jetpack_newsletter_tier_id":0,"_jetpack_memberships_contains_paywalled_content":false,"_jetpack_memberships_contains_paid_content":false,"footnotes":""},"categories":[80,817],"tags":[466,818],"class_list":["post-17561","post","type-post","status-publish","format-standard","has-post-thumbnail","hentry","category-cintillo","category-festival-comparte-por-la-humanidad","tag-ezln","tag-festival-comparte","entry"],"jetpack_featured_media_url":"https:\/\/www.grieta.org.mx\/wp-content\/uploads\/2018\/03\/14524434_1106112876131411_958039263622046936_o.jpg","jetpack_sharing_enabled":true,"jetpack_shortlink":"https:\/\/wp.me\/p7ZJR4-4zf","jetpack_likes_enabled":false,"jetpack-related-posts":[{"id":18867,"url":"https:\/\/www.grieta.org.mx\/index.php\/2016\/08\/04\/festival-comparte-en-el-caracol-zapatista-de-la-realidad-chiapas\/","url_meta":{"origin":17561,"position":0},"title":"Festival CompArte en el caracol zapatista de La Realidad, Chiapas","author":"grieta","date":"4 agosto, 2016","format":false,"excerpt":"Pozol Chiapas, M\u00e9xico. 4 de agosto. El festival compArte por la humanidad contin\u00faa, esta vez la sede fue el caracol I \u201cMadre de los caracoles del mar de nuestros sue\u00f1os\u201d. Bases de apoyo del EZLN de las diferentes comunidades aut\u00f3nomas que conforman la zona, a trav\u00e9s de sus obras de\u2026","rel":"","context":"En &quot;CINTILLO&quot;","block_context":{"text":"CINTILLO","link":"https:\/\/www.grieta.org.mx\/index.php\/category\/cintillo\/"},"img":{"alt_text":"","src":"https:\/\/i0.wp.com\/www.grieta.org.mx\/wp-content\/uploads\/2018\/03\/14524434_1106112876131411_958039263622046936_o.jpg?resize=350%2C200&ssl=1","width":350,"height":200,"srcset":"https:\/\/i0.wp.com\/www.grieta.org.mx\/wp-content\/uploads\/2018\/03\/14524434_1106112876131411_958039263622046936_o.jpg?resize=350%2C200&ssl=1 1x, https:\/\/i0.wp.com\/www.grieta.org.mx\/wp-content\/uploads\/2018\/03\/14524434_1106112876131411_958039263622046936_o.jpg?resize=525%2C300&ssl=1 1.5x, https:\/\/i0.wp.com\/www.grieta.org.mx\/wp-content\/uploads\/2018\/03\/14524434_1106112876131411_958039263622046936_o.jpg?resize=700%2C400&ssl=1 2x"},"classes":[]},{"id":18735,"url":"https:\/\/www.grieta.org.mx\/index.php\/2016\/07\/30\/finaliza-el-festival-comparte-por-la-humanidad-en-cideci-unitierra-continua-ahora-en-los-caracoles-zapatistas\/","url_meta":{"origin":17561,"position":1},"title":"Finaliza el Festival \u201ccompARTE por la Humanidad\u201d en CIDECI-Unitierra. Contin\u00faa ahora en los caracoles zapatistas.","author":"grieta","date":"30 julio, 2016","format":false,"excerpt":"Sabado 30 de julio.- Radio Zapatista. Jovel-San Crist\u00f3bal de Las Casas, Chiapas. Finaliza el Festival \u201ccompARTE por la Humanidad\u201d en CIDECI-Unitierra, con mucha alegr\u00eda, fiesta, colores y sabores se da por terminado el festival compArte en lo que corresponde a la sede del CIDECI, ya que la fiesta, creatividad, arte\u2026","rel":"","context":"En &quot;CINTILLO&quot;","block_context":{"text":"CINTILLO","link":"https:\/\/www.grieta.org.mx\/index.php\/category\/cintillo\/"},"img":{"alt_text":"","src":"https:\/\/i0.wp.com\/www.grieta.org.mx\/wp-content\/uploads\/2018\/03\/14524434_1106112876131411_958039263622046936_o.jpg?resize=350%2C200&ssl=1","width":350,"height":200,"srcset":"https:\/\/i0.wp.com\/www.grieta.org.mx\/wp-content\/uploads\/2018\/03\/14524434_1106112876131411_958039263622046936_o.jpg?resize=350%2C200&ssl=1 1x, https:\/\/i0.wp.com\/www.grieta.org.mx\/wp-content\/uploads\/2018\/03\/14524434_1106112876131411_958039263622046936_o.jpg?resize=525%2C300&ssl=1 1.5x, https:\/\/i0.wp.com\/www.grieta.org.mx\/wp-content\/uploads\/2018\/03\/14524434_1106112876131411_958039263622046936_o.jpg?resize=700%2C400&ssl=1 2x"},"classes":[]},{"id":19066,"url":"https:\/\/www.grieta.org.mx\/index.php\/2016\/08\/08\/dia-10-comparte-por-la-humanidad-caracol-de-la-garrucha-6-de-agosto\/","url_meta":{"origin":17561,"position":2},"title":"D\u00eda 10 \u2013 CompARTE por la humanidad \u2013 Caracol de La Garrucha (6 de agosto) (Audios)","author":"grieta","date":"8 agosto, 2016","format":false,"excerpt":"Festival CompARTE por la humanidad 6 de agosto de 2016 Caracol de La Garrucha, Chiapas Ahora fue el Caracol III, que tiene su sede en La Garrucha, el encargado de presentar su Arte elaborado con el trabajo colectivo de su resistencia. Pensamientos, canciones, poes\u00edas, obras de teatro mostraron la memoria\u2026","rel":"","context":"En &quot;CINTILLO&quot;","block_context":{"text":"CINTILLO","link":"https:\/\/www.grieta.org.mx\/index.php\/category\/cintillo\/"},"img":{"alt_text":"","src":"https:\/\/i0.wp.com\/www.grieta.org.mx\/wp-content\/uploads\/2018\/03\/14524434_1106112876131411_958039263622046936_o.jpg?resize=350%2C200&ssl=1","width":350,"height":200,"srcset":"https:\/\/i0.wp.com\/www.grieta.org.mx\/wp-content\/uploads\/2018\/03\/14524434_1106112876131411_958039263622046936_o.jpg?resize=350%2C200&ssl=1 1x, https:\/\/i0.wp.com\/www.grieta.org.mx\/wp-content\/uploads\/2018\/03\/14524434_1106112876131411_958039263622046936_o.jpg?resize=525%2C300&ssl=1 1.5x, https:\/\/i0.wp.com\/www.grieta.org.mx\/wp-content\/uploads\/2018\/03\/14524434_1106112876131411_958039263622046936_o.jpg?resize=700%2C400&ssl=1 2x"},"classes":[]},{"id":18523,"url":"https:\/\/www.grieta.org.mx\/index.php\/2016\/07\/31\/mensaje-de-despedida-del-subcomandante-insurgente-moises-al-concluir-el-festival-comparte\/","url_meta":{"origin":17561,"position":3},"title":"Mensaje de despedida del Subcomandante Insurgente Mois\u00e9s al concluir el festival CompArte","author":"grieta","date":"31 julio, 2016","format":false,"excerpt":"Al concluir el festival ?#?CompArte? por la humanidad en el caracol de ?#?Oventik? el d\u00eda de ayer 29 de julio, el Subcomandante Insurgente Mois\u00e9s comparti\u00f3 unas palabras de agradecimiento y de reflexi\u00f3n acerca de lo que el arte de solidaridad representa en nuestras vidas, como uno de los motores primordiales\u2026","rel":"","context":"En &quot;Festival Comparte por la Humanidad&quot;","block_context":{"text":"Festival Comparte por la Humanidad","link":"https:\/\/www.grieta.org.mx\/index.php\/category\/ezln-2\/eventos\/festival-comparte-por-la-humanidad\/"},"img":{"alt_text":"","src":"https:\/\/i0.wp.com\/www.grieta.org.mx\/wp-content\/uploads\/2018\/03\/14524434_1106112876131411_958039263622046936_o.jpg?resize=350%2C200&ssl=1","width":350,"height":200,"srcset":"https:\/\/i0.wp.com\/www.grieta.org.mx\/wp-content\/uploads\/2018\/03\/14524434_1106112876131411_958039263622046936_o.jpg?resize=350%2C200&ssl=1 1x, https:\/\/i0.wp.com\/www.grieta.org.mx\/wp-content\/uploads\/2018\/03\/14524434_1106112876131411_958039263622046936_o.jpg?resize=525%2C300&ssl=1 1.5x, https:\/\/i0.wp.com\/www.grieta.org.mx\/wp-content\/uploads\/2018\/03\/14524434_1106112876131411_958039263622046936_o.jpg?resize=700%2C400&ssl=1 2x"},"classes":[]},{"id":19557,"url":"https:\/\/www.grieta.org.mx\/index.php\/2016\/08\/12\/participaciones-del-ezln-en-el-festival-comparte-9-de-agosto-morelia\/","url_meta":{"origin":17561,"position":4},"title":"Participaciones del EZLN en el festival CompArte. 9 de agosto, Morelia","author":"grieta","date":"12 agosto, 2016","format":false,"excerpt":"Palabras de inauguraci\u00f3n del CompArte zapatista del Caracol de Morelia El 9 de agosto de 2016, al cumplirse 13 a\u00f1os de la fundaci\u00f3n de las Juntas de Buen Gobierno Zapatistas, se realiz\u00f3 el CompArte zapatista del Caracol de Morelia, estas son las palabras de inauguraci\u00f3n. Festejando la Resistencia. El Festival\u2026","rel":"","context":"En &quot;CINTILLO&quot;","block_context":{"text":"CINTILLO","link":"https:\/\/www.grieta.org.mx\/index.php\/category\/cintillo\/"},"img":{"alt_text":"","src":"https:\/\/i0.wp.com\/www.grieta.org.mx\/wp-content\/uploads\/2018\/03\/14524434_1106112876131411_958039263622046936_o.jpg?resize=350%2C200&ssl=1","width":350,"height":200,"srcset":"https:\/\/i0.wp.com\/www.grieta.org.mx\/wp-content\/uploads\/2018\/03\/14524434_1106112876131411_958039263622046936_o.jpg?resize=350%2C200&ssl=1 1x, https:\/\/i0.wp.com\/www.grieta.org.mx\/wp-content\/uploads\/2018\/03\/14524434_1106112876131411_958039263622046936_o.jpg?resize=525%2C300&ssl=1 1.5x, https:\/\/i0.wp.com\/www.grieta.org.mx\/wp-content\/uploads\/2018\/03\/14524434_1106112876131411_958039263622046936_o.jpg?resize=700%2C400&ssl=1 2x"},"classes":[]},{"id":18527,"url":"https:\/\/www.grieta.org.mx\/index.php\/2016\/07\/30\/hip-hop-zapatista\/","url_meta":{"origin":17561,"position":5},"title":"Participaciones del EZLN en el festival CompArte. 29 de julio, Oventik","author":"grieta","date":"30 julio, 2016","format":false,"excerpt":"Festival compARTE por la humanidad - Comparte Zapatistas Compartici\u00f3n de bases de apoyo del EZLN. Oventic, Chiapas, M\u00e9xico... 29 de Julio 2016 Corrido Zapatista El Gavil\u00e1n y Jos\u00e9 en el #CompArte #Oventik #EZLN #Comparte #CompArte #CIDECI #zapatistas #orgullosamentezapatistas El Querreque Danza Zapatista en el #CompArte Las mujeres zapatistas cant\u00e1ndole a\u2026","rel":"","context":"En &quot;CINTILLO&quot;","block_context":{"text":"CINTILLO","link":"https:\/\/www.grieta.org.mx\/index.php\/category\/cintillo\/"},"img":{"alt_text":"","src":"https:\/\/i0.wp.com\/www.grieta.org.mx\/wp-content\/uploads\/2018\/03\/14524434_1106112876131411_958039263622046936_o.jpg?resize=350%2C200&ssl=1","width":350,"height":200,"srcset":"https:\/\/i0.wp.com\/www.grieta.org.mx\/wp-content\/uploads\/2018\/03\/14524434_1106112876131411_958039263622046936_o.jpg?resize=350%2C200&ssl=1 1x, https:\/\/i0.wp.com\/www.grieta.org.mx\/wp-content\/uploads\/2018\/03\/14524434_1106112876131411_958039263622046936_o.jpg?resize=525%2C300&ssl=1 1.5x, https:\/\/i0.wp.com\/www.grieta.org.mx\/wp-content\/uploads\/2018\/03\/14524434_1106112876131411_958039263622046936_o.jpg?resize=700%2C400&ssl=1 2x"},"classes":[]}],"_links":{"self":[{"href":"https:\/\/www.grieta.org.mx\/index.php\/wp-json\/wp\/v2\/posts\/17561","targetHints":{"allow":["GET"]}}],"collection":[{"href":"https:\/\/www.grieta.org.mx\/index.php\/wp-json\/wp\/v2\/posts"}],"about":[{"href":"https:\/\/www.grieta.org.mx\/index.php\/wp-json\/wp\/v2\/types\/post"}],"author":[{"embeddable":true,"href":"https:\/\/www.grieta.org.mx\/index.php\/wp-json\/wp\/v2\/users\/2"}],"replies":[{"embeddable":true,"href":"https:\/\/www.grieta.org.mx\/index.php\/wp-json\/wp\/v2\/comments?post=17561"}],"version-history":[{"count":1,"href":"https:\/\/www.grieta.org.mx\/index.php\/wp-json\/wp\/v2\/posts\/17561\/revisions"}],"predecessor-version":[{"id":17573,"href":"https:\/\/www.grieta.org.mx\/index.php\/wp-json\/wp\/v2\/posts\/17561\/revisions\/17573"}],"wp:featuredmedia":[{"embeddable":true,"href":"https:\/\/www.grieta.org.mx\/index.php\/wp-json\/wp\/v2\/media\/21928"}],"wp:attachment":[{"href":"https:\/\/www.grieta.org.mx\/index.php\/wp-json\/wp\/v2\/media?parent=17561"}],"wp:term":[{"taxonomy":"category","embeddable":true,"href":"https:\/\/www.grieta.org.mx\/index.php\/wp-json\/wp\/v2\/categories?post=17561"},{"taxonomy":"post_tag","embeddable":true,"href":"https:\/\/www.grieta.org.mx\/index.php\/wp-json\/wp\/v2\/tags?post=17561"}],"curies":[{"name":"wp","href":"https:\/\/api.w.org\/{rel}","templated":true}]}}