{"id":17558,"date":"2016-07-23T20:34:08","date_gmt":"2016-07-24T01:34:08","guid":{"rendered":"http:\/\/www.grieta.org.mx\/?p=17558"},"modified":"2016-07-23T20:34:08","modified_gmt":"2016-07-24T01:34:08","slug":"campesinos-de-coahuila-se-organizan-contra-el-coyotaje","status":"publish","type":"post","link":"https:\/\/www.grieta.org.mx\/index.php\/2016\/07\/23\/campesinos-de-coahuila-se-organizan-contra-el-coyotaje\/","title":{"rendered":"Campesinos de Coahuila se organizan contra el coyotaje"},"content":{"rendered":"<p><strong>22\/07\/16. <\/strong><a href=\"http:\/\/www.grieta.org.mx\/index.php\/2016\/07\/22\/productores-de-melon-toman-la-carretera-san-pedro-la-cuchilla-coahuila\">Productores de mel\u00f3n toman la carretera San Pedro \u2013 La Cuchilla<\/a><br \/>\n<em>El Siglo de Torre\u00f3n<\/em><\/p>\n","protected":false},"excerpt":{"rendered":"<p>22\/07\/16. Productores de mel\u00f3n toman la carretera San Pedro \u2013 La Cuchilla El Siglo de Torre\u00f3n<\/p>\n","protected":false},"author":2,"featured_media":21928,"comment_status":"closed","ping_status":"closed","sticky":false,"template":"","format":"standard","meta":{"ngg_post_thumbnail":0,"_jetpack_newsletter_access":"","_jetpack_dont_email_post_to_subs":false,"_jetpack_newsletter_tier_id":0,"_jetpack_memberships_contains_paywalled_content":false,"_jetpack_memberships_contains_paid_content":false,"footnotes":""},"categories":[419,2],"tags":[],"class_list":["post-17558","post","type-post","status-publish","format-standard","has-post-thumbnail","hentry","category-coahuila","category-noticias-nacionales","entry"],"jetpack_featured_media_url":"https:\/\/www.grieta.org.mx\/wp-content\/uploads\/2018\/03\/14524434_1106112876131411_958039263622046936_o.jpg","jetpack_sharing_enabled":true,"jetpack_shortlink":"https:\/\/wp.me\/p7ZJR4-4zc","jetpack_likes_enabled":false,"jetpack-related-posts":[{"id":6665,"url":"https:\/\/www.grieta.org.mx\/index.php\/2015\/08\/11\/fracking-en-coahuila\/","url_meta":{"origin":17558,"position":0},"title":"Fracking en Coahuila","author":"grieta","date":"11 agosto, 2015","format":false,"excerpt":"11\/08\/15. Advierten ambientalistas contra el fracking en Coahuila Vanguardia 16\/06\/15. \u00bfHay fracking en Coahuila? CartoCr\u00edtica 05\/06\/15. Coahuila, con el fracking, va contra la especie humana Vanguardia 03\/06\/15. Denuncian que empresas usan el fracking sin trabas en Coahuila Vanguardia 02\/06\/15. Fracking podr\u00eda inducir sismos en Coahuila El Siglo de Coahuila 26\/03\/14.\u2026","rel":"","context":"En &quot;Fracking&quot;","block_context":{"text":"Fracking","link":"https:\/\/www.grieta.org.mx\/index.php\/category\/megaproyectos\/fracking\/"},"img":{"alt_text":"","src":"https:\/\/i0.wp.com\/www.grieta.org.mx\/wp-content\/uploads\/2018\/03\/14524434_1106112876131411_958039263622046936_o.jpg?resize=350%2C200&ssl=1","width":350,"height":200,"srcset":"https:\/\/i0.wp.com\/www.grieta.org.mx\/wp-content\/uploads\/2018\/03\/14524434_1106112876131411_958039263622046936_o.jpg?resize=350%2C200&ssl=1 1x, https:\/\/i0.wp.com\/www.grieta.org.mx\/wp-content\/uploads\/2018\/03\/14524434_1106112876131411_958039263622046936_o.jpg?resize=525%2C300&ssl=1 1.5x, https:\/\/i0.wp.com\/www.grieta.org.mx\/wp-content\/uploads\/2018\/03\/14524434_1106112876131411_958039263622046936_o.jpg?resize=700%2C400&ssl=1 2x"},"classes":[]},{"id":6618,"url":"https:\/\/www.grieta.org.mx\/index.php\/2015\/09\/14\/rescatan-a-jornaleros-de-coahuila-muchos-son-menores-de-edad\/","url_meta":{"origin":17558,"position":1},"title":"Rescatan a jornaleros de Coahuila: muchos son menores de edad","author":"grieta","date":"14 septiembre, 2015","format":false,"excerpt":"14\/09\/15. Denuncian nuevo caso de explotaci\u00f3n a jornaleros de SLP en Coahuila Pulso de San Luis 24\/08\/15. Coahuila devuelve jornaleros a sus comunidades La Jornada 24\/08\/15. Han declarado 303 personas por ni\u00f1os jornaleros en Coahuila: PGJE Excelsior 22\/08\/15. Ubican segundo predio en Coahuila donde explotaban a 209 jornaleros La Jornada\u2026","rel":"","context":"En &quot;Coahuila&quot;","block_context":{"text":"Coahuila","link":"https:\/\/www.grieta.org.mx\/index.php\/category\/noticias-nacionales\/coahuila\/"},"img":{"alt_text":"","src":"https:\/\/i0.wp.com\/www.grieta.org.mx\/wp-content\/uploads\/2018\/03\/14524434_1106112876131411_958039263622046936_o.jpg?resize=350%2C200&ssl=1","width":350,"height":200,"srcset":"https:\/\/i0.wp.com\/www.grieta.org.mx\/wp-content\/uploads\/2018\/03\/14524434_1106112876131411_958039263622046936_o.jpg?resize=350%2C200&ssl=1 1x, https:\/\/i0.wp.com\/www.grieta.org.mx\/wp-content\/uploads\/2018\/03\/14524434_1106112876131411_958039263622046936_o.jpg?resize=525%2C300&ssl=1 1.5x, https:\/\/i0.wp.com\/www.grieta.org.mx\/wp-content\/uploads\/2018\/03\/14524434_1106112876131411_958039263622046936_o.jpg?resize=700%2C400&ssl=1 2x"},"classes":[]},{"id":10653,"url":"https:\/\/www.grieta.org.mx\/index.php\/2016\/05\/22\/militarizacion-en-coahuila\/","url_meta":{"origin":17558,"position":2},"title":"Militarizaci\u00f3n en Coahuila","author":"grieta","date":"22 mayo, 2016","format":false,"excerpt":"19\/05\/16. Llega un nuevo contingente del Ej\u00e9rcito con 400 elementos a PN Capital Coahuila 12\/05\/16. Nueva brigada militar para norte del pa\u00eds, con inversi\u00f3n privada La Jornada 05\/04\/16. Avanza Coahuila en infraestructura militar Z\u00f3calo Saltillo 05\/01\/16. \u00a1Ent\u00e9rate! Sedena construir\u00e1 cuartel militar en Coahuila Uno Tv","rel":"","context":"En &quot;Coahuila&quot;","block_context":{"text":"Coahuila","link":"https:\/\/www.grieta.org.mx\/index.php\/category\/noticias-nacionales\/coahuila\/"},"img":{"alt_text":"","src":"https:\/\/i0.wp.com\/www.grieta.org.mx\/wp-content\/uploads\/2018\/03\/14524434_1106112876131411_958039263622046936_o.jpg?resize=350%2C200&ssl=1","width":350,"height":200,"srcset":"https:\/\/i0.wp.com\/www.grieta.org.mx\/wp-content\/uploads\/2018\/03\/14524434_1106112876131411_958039263622046936_o.jpg?resize=350%2C200&ssl=1 1x, https:\/\/i0.wp.com\/www.grieta.org.mx\/wp-content\/uploads\/2018\/03\/14524434_1106112876131411_958039263622046936_o.jpg?resize=525%2C300&ssl=1 1.5x, https:\/\/i0.wp.com\/www.grieta.org.mx\/wp-content\/uploads\/2018\/03\/14524434_1106112876131411_958039263622046936_o.jpg?resize=700%2C400&ssl=1 2x"},"classes":[]},{"id":9853,"url":"https:\/\/www.grieta.org.mx\/index.php\/2016\/09\/13\/fuerza-coahuila-asesina-a-dos-jovenes-y-monta-escena-de-enfrentamiento\/","url_meta":{"origin":17558,"position":3},"title":"Montajes, asesinatos y abusos por parte de Fuerza Coahuila y polic\u00eda estatal de Coahuila","author":"grieta","date":"13 septiembre, 2016","format":false,"excerpt":"13\/09\/16. Acusa a elementos de Fuerza Coahuila de matar al perro El Z\u00f3calo de Saltillo 12\/09\/16. Ocasionan accidentes escoltas y polic\u00edas de Fuerza Coahuila El Heraldo de Saltillo 10\/09\/16. Fuerza Coahuila allana casa y golpea a personas Vanguardia 09\/09\/16. Denuncian a polic\u00edas de Saltillo por abuso de autoridad y agresiones\u2026","rel":"","context":"En &quot;Coahuila&quot;","block_context":{"text":"Coahuila","link":"https:\/\/www.grieta.org.mx\/index.php\/category\/noticias-nacionales\/coahuila\/"},"img":{"alt_text":"","src":"https:\/\/i0.wp.com\/www.grieta.org.mx\/wp-content\/uploads\/2018\/03\/14524434_1106112876131411_958039263622046936_o.jpg?resize=350%2C200&ssl=1","width":350,"height":200,"srcset":"https:\/\/i0.wp.com\/www.grieta.org.mx\/wp-content\/uploads\/2018\/03\/14524434_1106112876131411_958039263622046936_o.jpg?resize=350%2C200&ssl=1 1x, https:\/\/i0.wp.com\/www.grieta.org.mx\/wp-content\/uploads\/2018\/03\/14524434_1106112876131411_958039263622046936_o.jpg?resize=525%2C300&ssl=1 1.5x, https:\/\/i0.wp.com\/www.grieta.org.mx\/wp-content\/uploads\/2018\/03\/14524434_1106112876131411_958039263622046936_o.jpg?resize=700%2C400&ssl=1 2x"},"classes":[]},{"id":6833,"url":"https:\/\/www.grieta.org.mx\/index.php\/2016\/09\/08\/los-desaparecidos-en-coahuila\/","url_meta":{"origin":17558,"position":4},"title":"Los desaparecidos en Coahuila","author":"grieta","date":"8 septiembre, 2016","format":false,"excerpt":"08\/09\/16. M\u00e1s de 50 desaparecidos en lo que va del a\u00f1o en Coahuila Noticieros Grem 20\/08\/16. El ni\u00f1o que desapareci\u00f3 creyendo en Santa Cl\u00f3s y otras historias de los 295 menores desaparecidos en Coahuila Vanguardia 19\/05\/16. \u00a1Buscan cad\u00e1veres de mil 600 desaparecidos! El Dem\u00f3crata 21\/03\/16. Conmemoran la masacre de Coahuila\u2026","rel":"","context":"En &quot;Coahuila&quot;","block_context":{"text":"Coahuila","link":"https:\/\/www.grieta.org.mx\/index.php\/category\/noticias-nacionales\/coahuila\/"},"img":{"alt_text":"","src":"https:\/\/i0.wp.com\/www.grieta.org.mx\/wp-content\/uploads\/2018\/03\/14524434_1106112876131411_958039263622046936_o.jpg?resize=350%2C200&ssl=1","width":350,"height":200,"srcset":"https:\/\/i0.wp.com\/www.grieta.org.mx\/wp-content\/uploads\/2018\/03\/14524434_1106112876131411_958039263622046936_o.jpg?resize=350%2C200&ssl=1 1x, https:\/\/i0.wp.com\/www.grieta.org.mx\/wp-content\/uploads\/2018\/03\/14524434_1106112876131411_958039263622046936_o.jpg?resize=525%2C300&ssl=1 1.5x, https:\/\/i0.wp.com\/www.grieta.org.mx\/wp-content\/uploads\/2018\/03\/14524434_1106112876131411_958039263622046936_o.jpg?resize=700%2C400&ssl=1 2x"},"classes":[]},{"id":15805,"url":"https:\/\/www.grieta.org.mx\/index.php\/2016\/07\/04\/impacto-ambiental-en-coahuila-por-mineria\/","url_meta":{"origin":17558,"position":5},"title":"Impacto ambiental en Coahuila por miner\u00eda","author":"grieta","date":"4 julio, 2016","format":false,"excerpt":"03\/07\/16. Derrame de t\u00f3xico de mina mata a animales en Coahuila El Tiempo","rel":"","context":"En &quot;Coahuila&quot;","block_context":{"text":"Coahuila","link":"https:\/\/www.grieta.org.mx\/index.php\/category\/noticias-nacionales\/coahuila\/"},"img":{"alt_text":"","src":"https:\/\/i0.wp.com\/www.grieta.org.mx\/wp-content\/uploads\/2018\/03\/14524434_1106112876131411_958039263622046936_o.jpg?resize=350%2C200&ssl=1","width":350,"height":200,"srcset":"https:\/\/i0.wp.com\/www.grieta.org.mx\/wp-content\/uploads\/2018\/03\/14524434_1106112876131411_958039263622046936_o.jpg?resize=350%2C200&ssl=1 1x, https:\/\/i0.wp.com\/www.grieta.org.mx\/wp-content\/uploads\/2018\/03\/14524434_1106112876131411_958039263622046936_o.jpg?resize=525%2C300&ssl=1 1.5x, https:\/\/i0.wp.com\/www.grieta.org.mx\/wp-content\/uploads\/2018\/03\/14524434_1106112876131411_958039263622046936_o.jpg?resize=700%2C400&ssl=1 2x"},"classes":[]}],"_links":{"self":[{"href":"https:\/\/www.grieta.org.mx\/index.php\/wp-json\/wp\/v2\/posts\/17558","targetHints":{"allow":["GET"]}}],"collection":[{"href":"https:\/\/www.grieta.org.mx\/index.php\/wp-json\/wp\/v2\/posts"}],"about":[{"href":"https:\/\/www.grieta.org.mx\/index.php\/wp-json\/wp\/v2\/types\/post"}],"author":[{"embeddable":true,"href":"https:\/\/www.grieta.org.mx\/index.php\/wp-json\/wp\/v2\/users\/2"}],"replies":[{"embeddable":true,"href":"https:\/\/www.grieta.org.mx\/index.php\/wp-json\/wp\/v2\/comments?post=17558"}],"version-history":[{"count":1,"href":"https:\/\/www.grieta.org.mx\/index.php\/wp-json\/wp\/v2\/posts\/17558\/revisions"}],"predecessor-version":[{"id":17559,"href":"https:\/\/www.grieta.org.mx\/index.php\/wp-json\/wp\/v2\/posts\/17558\/revisions\/17559"}],"wp:featuredmedia":[{"embeddable":true,"href":"https:\/\/www.grieta.org.mx\/index.php\/wp-json\/wp\/v2\/media\/21928"}],"wp:attachment":[{"href":"https:\/\/www.grieta.org.mx\/index.php\/wp-json\/wp\/v2\/media?parent=17558"}],"wp:term":[{"taxonomy":"category","embeddable":true,"href":"https:\/\/www.grieta.org.mx\/index.php\/wp-json\/wp\/v2\/categories?post=17558"},{"taxonomy":"post_tag","embeddable":true,"href":"https:\/\/www.grieta.org.mx\/index.php\/wp-json\/wp\/v2\/tags?post=17558"}],"curies":[{"name":"wp","href":"https:\/\/api.w.org\/{rel}","templated":true}]}}