{"id":17373,"date":"2016-06-30T14:15:22","date_gmt":"2016-06-30T19:15:22","guid":{"rendered":"http:\/\/www.grieta.org.mx\/?p=17373"},"modified":"2016-07-22T14:20:16","modified_gmt":"2016-07-22T19:20:16","slug":"protestas-por-relleno-sanitario-en-colon","status":"publish","type":"post","link":"https:\/\/www.grieta.org.mx\/index.php\/2016\/06\/30\/protestas-por-relleno-sanitario-en-colon\/","title":{"rendered":"Protestas por relleno sanitario en Col\u00f3n"},"content":{"rendered":"<p>Lenin Robledo\/El Universal<\/p>\n<blockquote><p>Vecinos y productores agr\u00edcolas y pecuarios de la zona piden la cancelaci\u00f3n del Centro<\/p><\/blockquote>\n<p><img loading=\"lazy\" decoding=\"async\" data-attachment-id=\"17375\" data-permalink=\"https:\/\/www.grieta.org.mx\/index.php\/2016\/06\/30\/protestas-por-relleno-sanitario-en-colon\/foco8\/\" data-orig-file=\"https:\/\/www.grieta.org.mx\/wp-content\/uploads\/2016\/07\/FOCO8.jpg\" data-orig-size=\"480,320\" data-comments-opened=\"0\" data-image-meta=\"{&quot;aperture&quot;:&quot;0&quot;,&quot;credit&quot;:&quot;&quot;,&quot;camera&quot;:&quot;&quot;,&quot;caption&quot;:&quot;&quot;,&quot;created_timestamp&quot;:&quot;0&quot;,&quot;copyright&quot;:&quot;&quot;,&quot;focal_length&quot;:&quot;0&quot;,&quot;iso&quot;:&quot;0&quot;,&quot;shutter_speed&quot;:&quot;0&quot;,&quot;title&quot;:&quot;&quot;,&quot;orientation&quot;:&quot;0&quot;}\" data-image-title=\"FOCO8\" data-image-description=\"\" data-image-caption=\"\" data-medium-file=\"https:\/\/www.grieta.org.mx\/wp-content\/uploads\/2016\/07\/FOCO8-300x200.jpg\" data-large-file=\"https:\/\/www.grieta.org.mx\/wp-content\/uploads\/2016\/07\/FOCO8.jpg\" src=\"http:\/\/www.grieta.org.mx\/wp-content\/uploads\/2016\/07\/FOCO8.jpg\" alt=\"FOCO8\" width=\"480\" height=\"320\" class=\"aligncenter size-full wp-image-17375\" srcset=\"https:\/\/www.grieta.org.mx\/wp-content\/uploads\/2016\/07\/FOCO8.jpg 480w, https:\/\/www.grieta.org.mx\/wp-content\/uploads\/2016\/07\/FOCO8-300x200.jpg 300w\" sizes=\"auto, (max-width: 480px) 100vw, 480px\" \/><br \/>\nProductores agr\u00edcolas y pecuarios manifestaron que a unos cuantos metros del CEMIRQ se cultivan y producen alimentos como quesos, leche, jitomates, esp\u00e1rragos, pimientos, entre otros (C\u00c9SAR G\u00d3MEZ. EL UNIVERSAL)<\/p>\n<p>Vecinos de diversas comunidades del municipio de Col\u00f3n como San Mart\u00edn, Santa Rosa Finca, Los Benitos, Ajuchitl\u00e1n, entre otras, as\u00ed como productores agr\u00edcolas y pecuarios de la zona, se manifestaron en contra de la inauguraci\u00f3n y operaci\u00f3n del Centro Ecol\u00f3gico de Manejo Integral de Residuos Quer\u00e9taro (CEMIRQ), ubicado en la carretera a Ezequiel Montes 130 a la altura del kil\u00f3metro 1, donde realizaron una serie de bloqueos para solicitar la presencia del alcalde de ese municipio, Alejandro Ochoa, para solicitarle la suspensi\u00f3n de este proyecto.<\/p>\n<p>Las manifestaciones comenzaron a partir de las 9:00 horas. Decenas de vecinos inconformes, con pancartas y mantas, bloquearon la entrada al CEMIRQ. Gritaban consignas en contra de funcionarios y de lo que llamaban \u201cbasurero\u201d, un lugar que aseguran, ser\u00e1 un gran foco de infecci\u00f3n para los habitantes de las comunidades aleda\u00f1as.<\/p>\n<p>\u201cNo a sus desechos qu\u00edmicos\u201d. \u201cNo a la contaminaci\u00f3n de nuestros mantos acu\u00edferos\u201d. \u201cEl basurero nos traer\u00e1 enfermedades\u201d. \u201cQue piensen en nuestros ni\u00f1os\u201d, son algunos de los reclamos que se escuchaban y le\u00edan entre los pobladores.<\/p>\n<p>\u201cEsto perjudica todo. Yo he estado en partes donde hay basureros y los ni\u00f1os y la gente en general sufre de muchas enfermedades. Habr\u00e1 malos olores, moscas de esas verdes, ratas, pura porquer\u00eda y eso no lo queremos aqu\u00ed. Adem\u00e1s van a traer desechos qu\u00edmicos; que no nos quieran enga\u00f1ar\u201d, indic\u00f3 Roberto Trejo, ejidatario de la comunidad de San Mart\u00edn.<\/p>\n<p>A decir de Antonio Nieves Mart\u00ednez, comisariado de la comunidad de San Mart\u00edn, los 130 ejidatarios de su comunidad y de los dem\u00e1s poblados cercanos nunca fueron notificados de la construcci\u00f3n de este centro, por ende, se\u00f1al\u00f3 que nunca hubo acercamiento para explicarles en que consistir\u00eda.<\/p>\n<p>\u201cA esto se le debe hacer un estudio a fondo. Si los tienen por qu\u00e9 no los presentan para estar conformes, pero sabemos que un basurero contamina. Todo el que no sepa que un basurero contamina es que no sabe de esto. No hemos tenido acercamientos con el presidente municipal porque nos acabamos de enterar. Apenas tenemos quince d\u00edas que nos enteramos que iba a abrir este relleno sanitario\u201d.<\/p>\n<p>Cristian Ortiz, abogado que representa a las comunidades inconformes, se\u00f1al\u00f3 que en los \u00faltimos d\u00edas ya se presentaron varios escritos ante la presidencia municipal de Col\u00f3n solicitando informaci\u00f3n acerca de este proyecto para saber si cuenta con los permisos necesarios para su funcionamiento. Sin embargo, indic\u00f3 que hasta el d\u00eda de hoy no ha habido ninguna respuesta por parte de las autoridades.<\/p>\n<p>A 15 minutos de haber comenzado la manifestaci\u00f3n arrib\u00f3 el subsecretario de Desarrollo Pol\u00edtico de la Secretar\u00eda de Gobierno, Jos\u00e9 Ram\u00f3n Fern\u00e1ndez de Cevallos, junto con el director de la Polic\u00eda Estatal, \u00c1ngel Rangel Nieves, para ofrecer la apertura de una mesa de di\u00e1logo con los inconformes, pero \u00e9sta no fue aceptada por los vecinos. Poco despu\u00e9s lleg\u00f3 el secretario de gobierno de Col\u00f3n, Cesar Zafra, quien se sum\u00f3 a este intento de di\u00e1logo.<\/p>\n<p>A las 11:30 horas estaba programada la inauguraci\u00f3n de la primera etapa del CEMIRQ, la cual contar\u00eda con la presencia del gobernador y dem\u00e1s funcionarios. Pasadas las 10:00 horas se inform\u00f3 que la inauguraci\u00f3n se cancelar\u00eda. Los vecinos solicitaron la presencia del edil Alejandro Ochoa, o de lo contrario cerrar\u00edan la carretera 130.<\/p>\n<p>Fue as\u00ed, que de manera intermitente comenzaron a bloquear esta carretera que conduce a Ezequiel Montes. Polic\u00edas estatales apostados en el entronque de la carretera 100 hacia Bernal comenzaron a desviar la circulaci\u00f3n, ya que los pobladores colocaron piedras para impedir el paso de los autos.<\/p>\n<p>A las protestas se sumaron productores agr\u00edcolas y pecuarios, quienes se\u00f1alaron que a unos cuantos metros del CEMIRQ se cultivan y producen alimentos como quesos, leche, jitomates, esp\u00e1rragos, pimientos, entre otros, por lo que externaron su preocupaci\u00f3n por el funcionamiento de este centro.<\/p>\n<p>\u201cC\u00f3mo es posible que vayan a poner un tiradero de basura en un lugar que quieren impulsar con el turismo, en donde hay invernaderos, quesos gourmet, vi\u00f1edos. Es il\u00f3gico\u201d, se\u00f1al\u00f3 uno de los productores.<\/p>\n<p><a href=\"http:\/\/www.eluniversalqueretaro.mx\/metropoli\/30-06-2016\/protestas-por-relleno-sanitario-en-colon\" target=\"_blank\">http:\/\/www.eluniversalqueretaro.mx\/metropoli\/30-06-2016\/protestas-por-relleno-sanitario-en-colon<\/a><\/p>\n","protected":false},"excerpt":{"rendered":"<p>Lenin Robledo\/El Universal Vecinos y productores agr\u00edcolas y pecuarios de la zona piden la cancelaci\u00f3n del Centro Productores agr\u00edcolas y pecuarios manifestaron que a unos cuantos metros del CEMIRQ se &hellip; <a href=\"https:\/\/www.grieta.org.mx\/index.php\/2016\/06\/30\/protestas-por-relleno-sanitario-en-colon\/\" class=\"more-link\">Leer m\u00e1s<\/a><\/p>\n","protected":false},"author":2,"featured_media":21928,"comment_status":"closed","ping_status":"closed","sticky":false,"template":"","format":"standard","meta":{"ngg_post_thumbnail":0,"_jetpack_newsletter_access":"","_jetpack_dont_email_post_to_subs":false,"_jetpack_newsletter_tier_id":0,"_jetpack_memberships_contains_paywalled_content":false,"_jetpack_memberships_contains_paid_content":false,"footnotes":""},"categories":[80],"tags":[287,377],"class_list":["post-17373","post","type-post","status-publish","format-standard","has-post-thumbnail","hentry","category-cintillo","tag-basurero-toxico","tag-cambio-de-uso-de-suelo","entry"],"jetpack_featured_media_url":"https:\/\/www.grieta.org.mx\/wp-content\/uploads\/2018\/03\/14524434_1106112876131411_958039263622046936_o.jpg","jetpack_sharing_enabled":true,"jetpack_shortlink":"https:\/\/wp.me\/p7ZJR4-4wd","jetpack_likes_enabled":false,"jetpack-related-posts":[{"id":44157,"url":"https:\/\/www.grieta.org.mx\/index.php\/2020\/02\/06\/conato-de-rina-entre-productores-agricolas-y-guardia-nacional-por-el-agua-chihuahua\/","url_meta":{"origin":17373,"position":0},"title":"Conato de ri\u00f1a entre productores agr\u00edcolas y Guardia Nacional por el agua (Chihuahua)","author":"grieta","date":"6 febrero, 2020","format":false,"excerpt":"Genaro Fuentes | El Heraldo de Chihuahua Camargo, Chih.- Cerca de 3 mil productores agr\u00edcolas de la zona de Camargo, La Cruz, Delicias y San Francisco de Conchos, se enfrentaron con elementos de la Guardia Nacional que resguardaban la presa La Boquilla desde ayer, para evitar que abrieran las compuertas\u2026","rel":"","context":"En &quot;Chihuahua&quot;","block_context":{"text":"Chihuahua","link":"https:\/\/www.grieta.org.mx\/index.php\/category\/noticias-nacionales\/chihuahua\/"},"img":{"alt_text":"","src":"https:\/\/i0.wp.com\/www.grieta.org.mx\/wp-content\/uploads\/2020\/02\/productores.jpeg?resize=350%2C200&ssl=1","width":350,"height":200,"srcset":"https:\/\/i0.wp.com\/www.grieta.org.mx\/wp-content\/uploads\/2020\/02\/productores.jpeg?resize=350%2C200&ssl=1 1x, https:\/\/i0.wp.com\/www.grieta.org.mx\/wp-content\/uploads\/2020\/02\/productores.jpeg?resize=525%2C300&ssl=1 1.5x, https:\/\/i0.wp.com\/www.grieta.org.mx\/wp-content\/uploads\/2020\/02\/productores.jpeg?resize=700%2C400&ssl=1 2x"},"classes":[]},{"id":51405,"url":"https:\/\/www.grieta.org.mx\/index.php\/2020\/06\/27\/plantean-sorgueros-de-tamaulipas-endurecer-sus-protestas\/","url_meta":{"origin":17373,"position":1},"title":"Plantean sorgueros de Tamaulipas endurecer sus protestas","author":"grieta","date":"27 junio, 2020","format":false,"excerpt":"Armando Castillo\/Hoy T.am 27 junio 2020 Foto: Armando Castillo Ciudad Victoria, Tamaulipas. - Productores agr\u00edcolas de sorgo en el norte de Tamaulipas plantean como posibilidad endurecer sus protestas y reforzar su movilizaci\u00f3n, para que el gobierno federal ofrezca un mejor precio de garant\u00eda para este grano, adelant\u00f3 el gerente de\u2026","rel":"","context":"En &quot;CINTILLO&quot;","block_context":{"text":"CINTILLO","link":"https:\/\/www.grieta.org.mx\/index.php\/category\/cintillo\/"},"img":{"alt_text":"","src":"https:\/\/i0.wp.com\/www.grieta.org.mx\/wp-content\/uploads\/2020\/06\/Bloqueos-en-Tamaulipas-Plantean-sorgueros-endurecer-sus-protestas.jpg?resize=350%2C200&ssl=1","width":350,"height":200,"srcset":"https:\/\/i0.wp.com\/www.grieta.org.mx\/wp-content\/uploads\/2020\/06\/Bloqueos-en-Tamaulipas-Plantean-sorgueros-endurecer-sus-protestas.jpg?resize=350%2C200&ssl=1 1x, https:\/\/i0.wp.com\/www.grieta.org.mx\/wp-content\/uploads\/2020\/06\/Bloqueos-en-Tamaulipas-Plantean-sorgueros-endurecer-sus-protestas.jpg?resize=525%2C300&ssl=1 1.5x, https:\/\/i0.wp.com\/www.grieta.org.mx\/wp-content\/uploads\/2020\/06\/Bloqueos-en-Tamaulipas-Plantean-sorgueros-endurecer-sus-protestas.jpg?resize=700%2C400&ssl=1 2x"},"classes":[]},{"id":53183,"url":"https:\/\/www.grieta.org.mx\/index.php\/2020\/09\/09\/acusan-a-guardia-nacional-de-asesinar-a-pareja-de-productores-en-chihuahua\/","url_meta":{"origin":17373,"position":2},"title":"Acusan a Guardia Nacional de asesinar a pareja de productores en Chihuahua","author":"grieta","date":"9 septiembre, 2020","format":false,"excerpt":"Reporte \u00cdndigo\/Indigo Staff Foto: Reporte \u00cdndigo Elementos de la Guardia Nacional fueron acusados de asesinar a una pareja de productores en Chihuahua que participaban en el enfrentamiento con los uniformados por el control de la presa La Boquilla. Productores agr\u00edcolas del sur del estado, en la localidad de Delicias, aseguran\u2026","rel":"","context":"En &quot;Chihuahua&quot;","block_context":{"text":"Chihuahua","link":"https:\/\/www.grieta.org.mx\/index.php\/category\/noticias-nacionales\/chihuahua\/"},"img":{"alt_text":"","src":"https:\/\/i0.wp.com\/www.grieta.org.mx\/wp-content\/uploads\/2020\/09\/Foto.jpg?resize=350%2C200&ssl=1","width":350,"height":200,"srcset":"https:\/\/i0.wp.com\/www.grieta.org.mx\/wp-content\/uploads\/2020\/09\/Foto.jpg?resize=350%2C200&ssl=1 1x, https:\/\/i0.wp.com\/www.grieta.org.mx\/wp-content\/uploads\/2020\/09\/Foto.jpg?resize=525%2C300&ssl=1 1.5x, https:\/\/i0.wp.com\/www.grieta.org.mx\/wp-content\/uploads\/2020\/09\/Foto.jpg?resize=700%2C400&ssl=1 2x"},"classes":[]},{"id":51219,"url":"https:\/\/www.grieta.org.mx\/index.php\/2020\/06\/11\/mega-protesta-de-agricultores-en-sinaloa-por-el-precio-del-maiz\/","url_meta":{"origin":17373,"position":3},"title":"Mega protesta de agricultores en Sinaloa por el precio del ma\u00edz","author":"grieta","date":"11 junio, 2020","format":false,"excerpt":"Foto: Debate Debate\/Luis Gerardo Beltr\u00e1n L\u00f3pez Sinaloa.- L\u00edderes agr\u00edcolas se pusieron de acuerdo el d\u00eda de ayer de realizar una mega protesta el d\u00eda de hoy, 9 de junio, para exigir al Gobierno Federal que cumpla con el precio de 4 mil 150 pesos que hab\u00eda garantizado por la tonelada\u2026","rel":"","context":"En &quot;Sinaloa&quot;","block_context":{"text":"Sinaloa","link":"https:\/\/www.grieta.org.mx\/index.php\/category\/noticias-nacionales\/sinaloa\/"},"img":{"alt_text":"","src":"https:\/\/i0.wp.com\/www.grieta.org.mx\/wp-content\/uploads\/2020\/06\/Sinaloa.jpg?resize=350%2C200&ssl=1","width":350,"height":200,"srcset":"https:\/\/i0.wp.com\/www.grieta.org.mx\/wp-content\/uploads\/2020\/06\/Sinaloa.jpg?resize=350%2C200&ssl=1 1x, https:\/\/i0.wp.com\/www.grieta.org.mx\/wp-content\/uploads\/2020\/06\/Sinaloa.jpg?resize=525%2C300&ssl=1 1.5x, https:\/\/i0.wp.com\/www.grieta.org.mx\/wp-content\/uploads\/2020\/06\/Sinaloa.jpg?resize=700%2C400&ssl=1 2x"},"classes":[]},{"id":21647,"url":"https:\/\/www.grieta.org.mx\/index.php\/2016\/08\/22\/detectan-a-menores-trabajadores-en-el-campo-guanajuatense\/","url_meta":{"origin":17373,"position":4},"title":"Detectan a menores trabajadores en el campo guanajuatense","author":"grieta","date":"22 agosto, 2016","format":false,"excerpt":"Adriana Mu\u00f1oz CELAYA, Gto. (OEM-Informex).- Se detect\u00f3 la presencia de 37 menores de edad trabajando como jornaleros en los campos guanajuatenses, gracias a las 62 inspecciones realizadas de mayo a la fecha por la Subsecretar\u00eda del Trabajo y Previsi\u00f3n Social. Adem\u00e1s de que detectaron algunas irregularidades en cuanto a las\u2026","rel":"","context":"En &quot;CINTILLO&quot;","block_context":{"text":"CINTILLO","link":"https:\/\/www.grieta.org.mx\/index.php\/category\/cintillo\/"},"img":{"alt_text":"","src":"https:\/\/i0.wp.com\/www.grieta.org.mx\/wp-content\/uploads\/2018\/03\/14524434_1106112876131411_958039263622046936_o.jpg?resize=350%2C200&ssl=1","width":350,"height":200,"srcset":"https:\/\/i0.wp.com\/www.grieta.org.mx\/wp-content\/uploads\/2018\/03\/14524434_1106112876131411_958039263622046936_o.jpg?resize=350%2C200&ssl=1 1x, https:\/\/i0.wp.com\/www.grieta.org.mx\/wp-content\/uploads\/2018\/03\/14524434_1106112876131411_958039263622046936_o.jpg?resize=525%2C300&ssl=1 1.5x, https:\/\/i0.wp.com\/www.grieta.org.mx\/wp-content\/uploads\/2018\/03\/14524434_1106112876131411_958039263622046936_o.jpg?resize=700%2C400&ssl=1 2x"},"classes":[]},{"id":2324,"url":"https:\/\/www.grieta.org.mx\/index.php\/2015\/02\/12\/se-quejan-de-danos-por-tajo-en-cloete\/","url_meta":{"origin":17373,"position":5},"title":"Se quejan de da\u00f1os por tajo en Cloete","author":"grieta","date":"12 febrero, 2015","format":false,"excerpt":"Por Norma Morin 12\/02\/2015 \u2013 05:05 AM Sabinas, Coah.- Una vez m\u00e1s ciudadanos de la villa de Cloete se manifestaron ante la extracci\u00f3n de carb\u00f3n en tajos que supuestamente se realizan de manera inadecuada, pues los vecinos argumentaron que los productores no est\u00e1n respetando acuerdos, principalmente el de no revisar\u2026","rel":"","context":"En &quot;CINTILLO&quot;","block_context":{"text":"CINTILLO","link":"https:\/\/www.grieta.org.mx\/index.php\/category\/cintillo\/"},"img":{"alt_text":"","src":"https:\/\/i0.wp.com\/www.grieta.org.mx\/wp-content\/uploads\/2018\/03\/14524434_1106112876131411_958039263622046936_o.jpg?resize=350%2C200&ssl=1","width":350,"height":200,"srcset":"https:\/\/i0.wp.com\/www.grieta.org.mx\/wp-content\/uploads\/2018\/03\/14524434_1106112876131411_958039263622046936_o.jpg?resize=350%2C200&ssl=1 1x, https:\/\/i0.wp.com\/www.grieta.org.mx\/wp-content\/uploads\/2018\/03\/14524434_1106112876131411_958039263622046936_o.jpg?resize=525%2C300&ssl=1 1.5x, https:\/\/i0.wp.com\/www.grieta.org.mx\/wp-content\/uploads\/2018\/03\/14524434_1106112876131411_958039263622046936_o.jpg?resize=700%2C400&ssl=1 2x"},"classes":[]}],"_links":{"self":[{"href":"https:\/\/www.grieta.org.mx\/index.php\/wp-json\/wp\/v2\/posts\/17373","targetHints":{"allow":["GET"]}}],"collection":[{"href":"https:\/\/www.grieta.org.mx\/index.php\/wp-json\/wp\/v2\/posts"}],"about":[{"href":"https:\/\/www.grieta.org.mx\/index.php\/wp-json\/wp\/v2\/types\/post"}],"author":[{"embeddable":true,"href":"https:\/\/www.grieta.org.mx\/index.php\/wp-json\/wp\/v2\/users\/2"}],"replies":[{"embeddable":true,"href":"https:\/\/www.grieta.org.mx\/index.php\/wp-json\/wp\/v2\/comments?post=17373"}],"version-history":[{"count":1,"href":"https:\/\/www.grieta.org.mx\/index.php\/wp-json\/wp\/v2\/posts\/17373\/revisions"}],"predecessor-version":[{"id":17376,"href":"https:\/\/www.grieta.org.mx\/index.php\/wp-json\/wp\/v2\/posts\/17373\/revisions\/17376"}],"wp:featuredmedia":[{"embeddable":true,"href":"https:\/\/www.grieta.org.mx\/index.php\/wp-json\/wp\/v2\/media\/21928"}],"wp:attachment":[{"href":"https:\/\/www.grieta.org.mx\/index.php\/wp-json\/wp\/v2\/media?parent=17373"}],"wp:term":[{"taxonomy":"category","embeddable":true,"href":"https:\/\/www.grieta.org.mx\/index.php\/wp-json\/wp\/v2\/categories?post=17373"},{"taxonomy":"post_tag","embeddable":true,"href":"https:\/\/www.grieta.org.mx\/index.php\/wp-json\/wp\/v2\/tags?post=17373"}],"curies":[{"name":"wp","href":"https:\/\/api.w.org\/{rel}","templated":true}]}}