{"id":17342,"date":"2014-10-27T11:40:36","date_gmt":"2014-10-27T17:40:36","guid":{"rendered":"http:\/\/www.grieta.org.mx\/?p=17342"},"modified":"2019-01-29T13:02:24","modified_gmt":"2019-01-29T19:02:24","slug":"normalistas-toman-medios-de-comunicacion-y-casetas-en-durango","status":"publish","type":"post","link":"https:\/\/www.grieta.org.mx\/index.php\/2014\/10\/27\/normalistas-toman-medios-de-comunicacion-y-casetas-en-durango\/","title":{"rendered":"Normalistas toman medios de comunicaci\u00f3n y casetas en Durango"},"content":{"rendered":"<p>Gabriela Gallegos \/ Corresponsal<\/p>\n<figure id=\"attachment_17343\" aria-describedby=\"caption-attachment-17343\" style=\"width: 454px\" class=\"wp-caption aligncenter\"><img loading=\"lazy\" decoding=\"async\" data-attachment-id=\"17343\" data-permalink=\"https:\/\/www.grieta.org.mx\/index.php\/2014\/10\/27\/normalistas-toman-medios-de-comunicacion-y-casetas-en-durango\/normalistas-toman-medios-comunicacion-casetas-durango\/\" data-orig-file=\"https:\/\/www.grieta.org.mx\/wp-content\/uploads\/2016\/07\/Normalistas-toman-medios-comunicaci\u00f3n-casetas-Durango.jpg\" data-orig-size=\"454,300\" data-comments-opened=\"0\" data-image-meta=\"{&quot;aperture&quot;:&quot;0&quot;,&quot;credit&quot;:&quot;&quot;,&quot;camera&quot;:&quot;&quot;,&quot;caption&quot;:&quot;&quot;,&quot;created_timestamp&quot;:&quot;0&quot;,&quot;copyright&quot;:&quot;&quot;,&quot;focal_length&quot;:&quot;0&quot;,&quot;iso&quot;:&quot;0&quot;,&quot;shutter_speed&quot;:&quot;0&quot;,&quot;title&quot;:&quot;&quot;,&quot;orientation&quot;:&quot;0&quot;}\" data-image-title=\"Normalistas toman medios de comunicaci\u00f3n y casetas en Durango\" data-image-description=\"\" data-image-caption=\"&lt;p&gt;Miembros de la Normal Rural J. Guadalupe Aguilera tomaron dos televisoras en Durango, mientras que otros tomaron dos casetas en la Autopista Durango Mazatl\u00e1n y en la Durango Torre\u00f3n. (Gabriela Gallegos)&lt;\/p&gt;\n\" data-medium-file=\"https:\/\/www.grieta.org.mx\/wp-content\/uploads\/2016\/07\/Normalistas-toman-medios-comunicaci\u00f3n-casetas-Durango-300x198.jpg\" data-large-file=\"https:\/\/www.grieta.org.mx\/wp-content\/uploads\/2016\/07\/Normalistas-toman-medios-comunicaci\u00f3n-casetas-Durango.jpg\" class=\"wp-image-17343 size-full\" src=\"http:\/\/www.grieta.org.mx\/wp-content\/uploads\/2016\/07\/Normalistas-toman-medios-comunicaci\u00f3n-casetas-Durango.jpg\" alt=\"Miembros de la Normal Rural J. Guadalupe Aguilera tomaron dos televisoras en Durango, mientras que otros tomaron dos casetas en la Autopista Durango Mazatl\u00e1n y en la Durango Torre\u00f3n. (Gabriela Gallegos)\" width=\"454\" height=\"300\" srcset=\"https:\/\/www.grieta.org.mx\/wp-content\/uploads\/2016\/07\/Normalistas-toman-medios-comunicaci\u00f3n-casetas-Durango.jpg 454w, https:\/\/www.grieta.org.mx\/wp-content\/uploads\/2016\/07\/Normalistas-toman-medios-comunicaci\u00f3n-casetas-Durango-300x198.jpg 300w\" sizes=\"auto, (max-width: 454px) 100vw, 454px\" \/><figcaption id=\"caption-attachment-17343\" class=\"wp-caption-text\">Miembros de la Normal Rural J. Guadalupe Aguilera tomaron dos televisoras en Durango, mientras que otros tomaron dos casetas en la Autopista Durango Mazatl\u00e1n y en la Durango Torre\u00f3n. (Gabriela Gallegos)<\/figcaption><\/figure>\n<p>DURANGO.- Desde las 4:00 horas de este lunes, estudiantes de la <strong>Normal Rural J. Guadalupe Aguilera<\/strong> tomaron de manera sorpresiva y pac\u00edfica dos televisoras locales y una estaci\u00f3n de radio, adem\u00e1s de dos casetas, de la Autopista Durango-Mazatl\u00e1n y de la Durango-Torre\u00f3n.<\/p>\n<p>Tambi\u00e9n anunciaron una gran marcha por la tarde para demandar soluci\u00f3n en el caso de los 43 estudiantes desaparecidos de la Normal de Ayotzinapa.<\/p>\n<p>La toma del Canal 10, Canal 12 y del Grupo Garza Lim\u00f3n argumentaron, se debe a la omisi\u00f3n de estos medios de difundir la informaci\u00f3n referente a los 43 normalistas hasta hoy desaparecidos.<\/p>\n<p>\u201cQueremos mostrar nuestra inconformidad de la violencia que se ha desatado en contra de los normalistas en nuestro pa\u00eds\u201d, dijo uno de los estudiantes.<\/p>\n<p>Los manifestantes exigieron que los 43 normalistas de Ayotzinapa aparezcan vivos y que se d\u00e9 una explicaci\u00f3n de por qu\u00e9 se actu\u00f3 en contra de los estudiantes.<\/p>\n<p>Las casetas de cobro que han sido bloqueadas por los normalistas son: \u201cGarabitos\u201d de la Autopista Durango-Mazatl\u00e1n y \u201cAeropuerto\u201d de la Durango-Torre\u00f3n, en ambos casos el paso es normal a cambio de la cooperaci\u00f3n voluntaria de los usuarios.<\/p>\n<p>Esta tarde a las 16:00 horas se espera una movilizaci\u00f3n masiva de cuando menos cinco mil estudiantes encabezados por la Normal Rural J. Guadalupe Aguilera y de otros centros educativos de la entidad que hasta ahora se hab\u00edan mantenido omisos al movimiento estudiantil.<\/p>\n<p>En las cercan\u00edas de los edificios tomados de manera discreta hay presencia de la Polic\u00eda Federal y Estatal.<\/p>\n<p><a href=\"http:\/\/www.elfinanciero.com.mx\/sociedad\/normalistas-toman-medios-de-comunicacion-y-casetas-en-durango.html\" target=\"_blank\">http:\/\/www.elfinanciero.com.mx\/sociedad\/normalistas-toman-medios-de-comunicacion-y-casetas-en-durango.html<\/a><\/p>\n","protected":false},"excerpt":{"rendered":"<p>Gabriela Gallegos \/ Corresponsal DURANGO.- Desde las 4:00 horas de este lunes, estudiantes de la Normal Rural J. Guadalupe Aguilera tomaron de manera sorpresiva y pac\u00edfica dos televisoras locales y &hellip; <a href=\"https:\/\/www.grieta.org.mx\/index.php\/2014\/10\/27\/normalistas-toman-medios-de-comunicacion-y-casetas-en-durango\/\" class=\"more-link\">Leer m\u00e1s<\/a><\/p>\n","protected":false},"author":2,"featured_media":21928,"comment_status":"closed","ping_status":"closed","sticky":false,"template":"","format":"standard","meta":{"ngg_post_thumbnail":0,"_jetpack_newsletter_access":"","_jetpack_dont_email_post_to_subs":false,"_jetpack_newsletter_tier_id":0,"_jetpack_memberships_contains_paywalled_content":false,"_jetpack_memberships_contains_paid_content":false,"footnotes":""},"categories":[80,15,173,2020,2],"tags":[119,225,189],"class_list":{"0":"post-17342","1":"post","2":"type-post","3":"status-publish","4":"format-standard","5":"has-post-thumbnail","6":"hentry","7":"category-cintillo","8":"category-durango","10":"category-movilizaciones-por-ayotzinapa-en-durango","11":"category-noticias-nacionales","12":"tag-ayotzinapa","13":"tag-normalistas","14":"tag-toma-caseta","15":"entry"},"jetpack_featured_media_url":"https:\/\/www.grieta.org.mx\/wp-content\/uploads\/2018\/03\/14524434_1106112876131411_958039263622046936_o.jpg","jetpack_sharing_enabled":true,"jetpack_shortlink":"https:\/\/wp.me\/p7ZJR4-4vI","jetpack_likes_enabled":false,"jetpack-related-posts":[{"id":17336,"url":"https:\/\/www.grieta.org.mx\/index.php\/2016\/07\/20\/maestros-toman-la-caseta-de-autopista-durango\/","url_meta":{"origin":17342,"position":0},"title":"Maestros toman la caseta de autopista (Durango)","author":"grieta","date":"20 julio, 2016","format":false,"excerpt":"SA\u00faL MALDONADO El siglo de torre\u00f3n Un grupo de maestros del Magisterio Unidos de Durango (MUD) tom\u00f3 la primera caseta de cobro de la autopista Durango-Mazatl\u00e1n en demanda de que las autoridades educativas paguen ya el salario que les tienen retenido a m\u00e1s de 150 maestros. Poco despu\u00e9s de las\u2026","rel":"","context":"En &quot;CINTILLO&quot;","block_context":{"text":"CINTILLO","link":"https:\/\/www.grieta.org.mx\/index.php\/category\/cintillo\/"},"img":{"alt_text":"","src":"https:\/\/i0.wp.com\/www.grieta.org.mx\/wp-content\/uploads\/2018\/03\/14524434_1106112876131411_958039263622046936_o.jpg?resize=350%2C200&ssl=1","width":350,"height":200,"srcset":"https:\/\/i0.wp.com\/www.grieta.org.mx\/wp-content\/uploads\/2018\/03\/14524434_1106112876131411_958039263622046936_o.jpg?resize=350%2C200&ssl=1 1x, https:\/\/i0.wp.com\/www.grieta.org.mx\/wp-content\/uploads\/2018\/03\/14524434_1106112876131411_958039263622046936_o.jpg?resize=525%2C300&ssl=1 1.5x, https:\/\/i0.wp.com\/www.grieta.org.mx\/wp-content\/uploads\/2018\/03\/14524434_1106112876131411_958039263622046936_o.jpg?resize=700%2C400&ssl=1 2x"},"classes":[]},{"id":1321,"url":"https:\/\/www.grieta.org.mx\/index.php\/2015\/10\/09\/ejidatarios-aceptan-pago-de-134-mdp-por-tierras-podrian-liberar-autopista-durango-mazatlan\/","url_meta":{"origin":17342,"position":1},"title":"Ejidatarios aceptan pago de 134 mdp por tierras; podr\u00edan liberar autopista Durango-Mazatl\u00e1n","author":"grieta","date":"9 octubre, 2015","format":false,"excerpt":"Gabriela Gallegos Integrantes del Ejido Pueblo Nuevo aceptaron la suma de 134 millones de pesos como pago por las 756.7 hect\u00e1reas sobre las que se construy\u00f3 la v\u00eda con lo que tras 173 d\u00edas podr\u00edan liberar la caseta de Coscomate. DURANGO. Este viernes podr\u00eda quedar libre la autopista Durango-Mazatl\u00e1n, luego\u2026","rel":"","context":"En &quot;CINTILLO&quot;","block_context":{"text":"CINTILLO","link":"https:\/\/www.grieta.org.mx\/index.php\/category\/cintillo\/"},"img":{"alt_text":"","src":"https:\/\/i0.wp.com\/www.grieta.org.mx\/wp-content\/uploads\/2018\/03\/14524434_1106112876131411_958039263622046936_o.jpg?resize=350%2C200&ssl=1","width":350,"height":200,"srcset":"https:\/\/i0.wp.com\/www.grieta.org.mx\/wp-content\/uploads\/2018\/03\/14524434_1106112876131411_958039263622046936_o.jpg?resize=350%2C200&ssl=1 1x, https:\/\/i0.wp.com\/www.grieta.org.mx\/wp-content\/uploads\/2018\/03\/14524434_1106112876131411_958039263622046936_o.jpg?resize=525%2C300&ssl=1 1.5x, https:\/\/i0.wp.com\/www.grieta.org.mx\/wp-content\/uploads\/2018\/03\/14524434_1106112876131411_958039263622046936_o.jpg?resize=700%2C400&ssl=1 2x"},"classes":[]},{"id":1335,"url":"https:\/\/www.grieta.org.mx\/index.php\/2015\/07\/23\/cumple-95-dias-toma-de-autopista-durango-mazatlan\/","url_meta":{"origin":17342,"position":2},"title":"Cumple 95 d\u00edas toma de autopista Durango-Mazatl\u00e1n","author":"grieta","date":"23 julio, 2015","format":false,"excerpt":"Habitantes del Ejido Pueblo Nuevo mantienen un plant\u00f3n en la autopista Durango-Mazatl\u00e1n denunciando que la construcci\u00f3n de la s\u00faper carretera afect\u00f3 676 hect\u00e1reas de sus terrenos. Gabriela Gallegos\/ Corresponsal DURANGO.- Mantienen ejidatarios plant\u00f3n de 95 d\u00edas en el kil\u00f3metro 120 de la autopista Durango-Mazatl\u00e1n justo en la caseta de cobro\u2026","rel":"","context":"En &quot;CINTILLO&quot;","block_context":{"text":"CINTILLO","link":"https:\/\/www.grieta.org.mx\/index.php\/category\/cintillo\/"},"img":{"alt_text":"","src":"https:\/\/i0.wp.com\/www.grieta.org.mx\/wp-content\/uploads\/2018\/03\/14524434_1106112876131411_958039263622046936_o.jpg?resize=350%2C200&ssl=1","width":350,"height":200,"srcset":"https:\/\/i0.wp.com\/www.grieta.org.mx\/wp-content\/uploads\/2018\/03\/14524434_1106112876131411_958039263622046936_o.jpg?resize=350%2C200&ssl=1 1x, https:\/\/i0.wp.com\/www.grieta.org.mx\/wp-content\/uploads\/2018\/03\/14524434_1106112876131411_958039263622046936_o.jpg?resize=525%2C300&ssl=1 1.5x, https:\/\/i0.wp.com\/www.grieta.org.mx\/wp-content\/uploads\/2018\/03\/14524434_1106112876131411_958039263622046936_o.jpg?resize=700%2C400&ssl=1 2x"},"classes":[]},{"id":3624,"url":"https:\/\/www.grieta.org.mx\/index.php\/2015\/12\/20\/despues-de-seis-meses-de-planton-en-la-autopista-durango-mazatlan-ejidatarios-de-pueblo-nuevo-aceptan-oferta-de-indemnizacion-por-sus-tierras\/","url_meta":{"origin":17342,"position":3},"title":"Despu\u00e9s de seis meses de plant\u00f3n en la autopista Durango-Mazatl\u00e1n, ejidatarios de Pueblo Nuevo aceptan oferta de indemnizaci\u00f3n por sus tierras","author":"grieta","date":"20 diciembre, 2015","format":false,"excerpt":"20\/12\/15. Discuten ejidatarios de Pueblo Nuevo El Siglo de Durango 10\/12\/15. Los ejidatarios, a\u00fan sin pago El Siglo de Durango 09\/10\/15. Fueron 4 a\u00f1os de lucha ejidal El Siglo de Durango 09\/10\/15. Ejidatarios aceptan pago de 134 mdp por tierras; podr\u00edan liberar autopista Durango-Mazatl\u00e1n El Financiero 19\/09\/15. La Durango-Mazatl\u00e1n, una\u2026","rel":"","context":"En &quot;Durango&quot;","block_context":{"text":"Durango","link":"https:\/\/www.grieta.org.mx\/index.php\/category\/noticias-nacionales\/durango\/"},"img":{"alt_text":"","src":"https:\/\/i0.wp.com\/www.grieta.org.mx\/wp-content\/uploads\/2018\/03\/14524434_1106112876131411_958039263622046936_o.jpg?resize=350%2C200&ssl=1","width":350,"height":200,"srcset":"https:\/\/i0.wp.com\/www.grieta.org.mx\/wp-content\/uploads\/2018\/03\/14524434_1106112876131411_958039263622046936_o.jpg?resize=350%2C200&ssl=1 1x, https:\/\/i0.wp.com\/www.grieta.org.mx\/wp-content\/uploads\/2018\/03\/14524434_1106112876131411_958039263622046936_o.jpg?resize=525%2C300&ssl=1 1.5x, https:\/\/i0.wp.com\/www.grieta.org.mx\/wp-content\/uploads\/2018\/03\/14524434_1106112876131411_958039263622046936_o.jpg?resize=700%2C400&ssl=1 2x"},"classes":[]},{"id":18545,"url":"https:\/\/www.grieta.org.mx\/index.php\/2016\/07\/31\/maestros-toman-caseta-de-leon-guzman\/","url_meta":{"origin":17342,"position":4},"title":"Maestros toman caseta de Le\u00f3n Guzm\u00e1n","author":"grieta","date":"31 julio, 2016","format":false,"excerpt":"LERDO, DGO.- Maestros del Movimiento Magisterial y Popular de La Laguna-CNTE tomaron la caseta de Le\u00f3n Guzm\u00e1n en el municipio de Lerdo como medida de protesta contra la Reforma Educativa y por las acciones en Oaxaca que conciernen al magisterio. En la caseta colocaron pancartas que dec\u00edan \u201cPor la defensa\u2026","rel":"","context":"En &quot;CINTILLO&quot;","block_context":{"text":"CINTILLO","link":"https:\/\/www.grieta.org.mx\/index.php\/category\/cintillo\/"},"img":{"alt_text":"","src":"https:\/\/i0.wp.com\/www.grieta.org.mx\/wp-content\/uploads\/2018\/03\/14524434_1106112876131411_958039263622046936_o.jpg?resize=350%2C200&ssl=1","width":350,"height":200,"srcset":"https:\/\/i0.wp.com\/www.grieta.org.mx\/wp-content\/uploads\/2018\/03\/14524434_1106112876131411_958039263622046936_o.jpg?resize=350%2C200&ssl=1 1x, https:\/\/i0.wp.com\/www.grieta.org.mx\/wp-content\/uploads\/2018\/03\/14524434_1106112876131411_958039263622046936_o.jpg?resize=525%2C300&ssl=1 1.5x, https:\/\/i0.wp.com\/www.grieta.org.mx\/wp-content\/uploads\/2018\/03\/14524434_1106112876131411_958039263622046936_o.jpg?resize=700%2C400&ssl=1 2x"},"classes":[]},{"id":18566,"url":"https:\/\/www.grieta.org.mx\/index.php\/2016\/07\/31\/maestros-toman-caseta-de-coscomate\/","url_meta":{"origin":17342,"position":5},"title":"Maestros toman caseta de Coscomate","author":"grieta","date":"31 julio, 2016","format":false,"excerpt":"Integrantes del magisterio Unido de Durango (MUD) volvieron a tomar una de las casetas de la autopista Durango-Mazatl\u00e1n, ahora fue la de Coscomate, la m\u00e1s cara de este tramo, demandando dar marcha atr\u00e1s a la reforma educativa y exigiendo el pago a los casi 200 maestros a los que se\u2026","rel":"","context":"En &quot;CINTILLO&quot;","block_context":{"text":"CINTILLO","link":"https:\/\/www.grieta.org.mx\/index.php\/category\/cintillo\/"},"img":{"alt_text":"","src":"https:\/\/i0.wp.com\/www.grieta.org.mx\/wp-content\/uploads\/2018\/03\/14524434_1106112876131411_958039263622046936_o.jpg?resize=350%2C200&ssl=1","width":350,"height":200,"srcset":"https:\/\/i0.wp.com\/www.grieta.org.mx\/wp-content\/uploads\/2018\/03\/14524434_1106112876131411_958039263622046936_o.jpg?resize=350%2C200&ssl=1 1x, https:\/\/i0.wp.com\/www.grieta.org.mx\/wp-content\/uploads\/2018\/03\/14524434_1106112876131411_958039263622046936_o.jpg?resize=525%2C300&ssl=1 1.5x, https:\/\/i0.wp.com\/www.grieta.org.mx\/wp-content\/uploads\/2018\/03\/14524434_1106112876131411_958039263622046936_o.jpg?resize=700%2C400&ssl=1 2x"},"classes":[]}],"_links":{"self":[{"href":"https:\/\/www.grieta.org.mx\/index.php\/wp-json\/wp\/v2\/posts\/17342","targetHints":{"allow":["GET"]}}],"collection":[{"href":"https:\/\/www.grieta.org.mx\/index.php\/wp-json\/wp\/v2\/posts"}],"about":[{"href":"https:\/\/www.grieta.org.mx\/index.php\/wp-json\/wp\/v2\/types\/post"}],"author":[{"embeddable":true,"href":"https:\/\/www.grieta.org.mx\/index.php\/wp-json\/wp\/v2\/users\/2"}],"replies":[{"embeddable":true,"href":"https:\/\/www.grieta.org.mx\/index.php\/wp-json\/wp\/v2\/comments?post=17342"}],"version-history":[{"count":1,"href":"https:\/\/www.grieta.org.mx\/index.php\/wp-json\/wp\/v2\/posts\/17342\/revisions"}],"predecessor-version":[{"id":17344,"href":"https:\/\/www.grieta.org.mx\/index.php\/wp-json\/wp\/v2\/posts\/17342\/revisions\/17344"}],"wp:featuredmedia":[{"embeddable":true,"href":"https:\/\/www.grieta.org.mx\/index.php\/wp-json\/wp\/v2\/media\/21928"}],"wp:attachment":[{"href":"https:\/\/www.grieta.org.mx\/index.php\/wp-json\/wp\/v2\/media?parent=17342"}],"wp:term":[{"taxonomy":"category","embeddable":true,"href":"https:\/\/www.grieta.org.mx\/index.php\/wp-json\/wp\/v2\/categories?post=17342"},{"taxonomy":"post_tag","embeddable":true,"href":"https:\/\/www.grieta.org.mx\/index.php\/wp-json\/wp\/v2\/tags?post=17342"}],"curies":[{"name":"wp","href":"https:\/\/api.w.org\/{rel}","templated":true}]}}