{"id":17329,"date":"2016-07-19T11:01:52","date_gmt":"2016-07-19T16:01:52","guid":{"rendered":"http:\/\/www.grieta.org.mx\/?p=17329"},"modified":"2019-01-19T15:11:06","modified_gmt":"2019-01-19T21:11:06","slug":"cierre-de-mina-deja-impacto-millonario","status":"publish","type":"post","link":"https:\/\/www.grieta.org.mx\/index.php\/2016\/07\/19\/cierre-de-mina-deja-impacto-millonario\/","title":{"rendered":"Cierre de mina deja impacto millonario"},"content":{"rendered":"<p><strong>El pasado fin de semana 800 trabajadores realizaron un paro.<\/strong><\/p>\n<blockquote><p>Un paro de labores realizado el pasado fin de semana por parte de 800 trabajadores de la empresa Primero Compa\u00f1\u00eda Minera dej\u00f3 un fuerte impacto econ\u00f3mico, inform\u00f3 el delegado de la Secretar\u00eda del Trabajo y Previsi\u00f3n Social (STPS) del Gobierno Federal, Miguel Berm\u00fadez Qui\u00f1ones.<\/p><\/blockquote>\n<p>El personal sindicalizado de esta unidad minera, una de las m\u00e1s grandes en el pa\u00eds, y en donde se realiza la extracci\u00f3n de oro principalmente, decidi\u00f3 suspender actividades el viernes anterior para exigir se revisara lo relacionado con el bono de productividad, explic\u00f3 el delegado federal.<\/p>\n<p>Sin embargo, el s\u00e1bado se lograron algunos acuerdos entre los representantes de la empresa y dirigentes de las dos secciones sindicales que se tienen, por lo que se reanud\u00f3 el trabajo en el tercer turno del d\u00eda antes mencionado, aunque contin\u00faa la negociaci\u00f3n.<\/p>\n<p>Berm\u00fadez Qui\u00f1ones, asegur\u00f3 que Primero Compa\u00f1\u00eda Minera, opera en Tayoltita, cabecera municipal de San Dimas y el capital es de origen canadiense.<\/p>\n<p>Precis\u00f3 que son de mil 300 a los mil 500 los trabajadores que laboran en esta empresa, de estos un n\u00famero de 800 son los sindicalizados. y los que participaron en paro laboral del fin de semana.<\/p>\n<p>Cuestionado sobre la afectaci\u00f3n que se tuvo con esta medida emprendida por los trabajadores, indic\u00f3 que se no puede cuantificar, sin embargo, cada hora que se deja de trabajar existe un impacto muy fuerte en la econom\u00eda: &#8220;se estar\u00eda hablando de un tema mayor&#8221;, expuso el funcionario.<br \/>\nINSPECCIONES<\/p>\n<p>Por otro lado, se refiri\u00f3 al n\u00famero de accidentes fatales que se han presentado en plantas mineras en la entidad este 2016, record\u00f3 que a la fecha suman un total de 10 trabajadores fallecidos, por esta raz\u00f3n se ha intensificado el trabajo de inspecci\u00f3n en esta industria.<\/p>\n<p>Lo anterior debido a que ya se super\u00f3 el n\u00famero de mineros que han perdido la vida en sus centros de trabajo en comparativo con el a\u00f1o anterior en donde se tuvo un total de nueve defunciones.<\/p>\n<p>De ah\u00ed que se seguir\u00e1 insistiendo en el tema de prevenci\u00f3n mediante la capacitaci\u00f3n y la implementaci\u00f3n de algunos protocolos seguridad para evitar riesgos en centros mineros, finaliz\u00f3 el Delegado de la STPS.<\/p>\n<blockquote><p>800 PERSONAS Realizaron un paro de labores en mina de San Dimas.<\/p><\/blockquote>\n<blockquote><p>2 SECCIONES Sindicales se tienen en el empresa Primero Compa\u00f1\u00eda.<\/p><\/blockquote>\n<p><a href=\"http:\/\/www.elsiglodedurango.com.mx\/noticia\/674534.cierre-de-mina-deja-impacto-millonario.html\" target=\"_blank\">http:\/\/www.elsiglodedurango.com.mx\/noticia\/674534.cierre-de-mina-deja-impacto-millonario.html<\/a><\/p>\n","protected":false},"excerpt":{"rendered":"<p>El pasado fin de semana 800 trabajadores realizaron un paro. Un paro de labores realizado el pasado fin de semana por parte de 800 trabajadores de la empresa Primero Compa\u00f1\u00eda &hellip; <a href=\"https:\/\/www.grieta.org.mx\/index.php\/2016\/07\/19\/cierre-de-mina-deja-impacto-millonario\/\" class=\"more-link\">Leer m\u00e1s<\/a><\/p>\n","protected":false},"author":2,"featured_media":21928,"comment_status":"closed","ping_status":"closed","sticky":false,"template":"","format":"standard","meta":{"ngg_post_thumbnail":0,"_jetpack_newsletter_access":"","_jetpack_dont_email_post_to_subs":false,"_jetpack_newsletter_tier_id":0,"_jetpack_memberships_contains_paywalled_content":false,"_jetpack_memberships_contains_paid_content":false,"footnotes":""},"categories":[80,1978,15,173,910,1101,1979,2,83],"tags":[743,241,810,809,811],"class_list":{"0":"post-17329","1":"post","2":"type-post","3":"status-publish","4":"format-standard","5":"has-post-thumbnail","6":"hentry","7":"category-cintillo","8":"category-conflictos-mineros-en-durango","9":"category-durango","11":"category-explotacion-y-precariedad-laboral","12":"category-conflictos-laborales-en-durango","13":"category-lucha-de-los-trabajadores-frente-a-primero-compania-minera","14":"category-noticias-nacionales","15":"category-temas-nacionales","16":"tag-mineros","17":"tag-paro","18":"tag-primero-compania-minera","19":"tag-san-dimas","20":"tag-tayoltita","21":"entry"},"jetpack_featured_media_url":"https:\/\/www.grieta.org.mx\/wp-content\/uploads\/2018\/03\/14524434_1106112876131411_958039263622046936_o.jpg","jetpack_sharing_enabled":true,"jetpack_shortlink":"https:\/\/wp.me\/p7ZJR4-4vv","jetpack_likes_enabled":false,"jetpack-related-posts":[{"id":2166,"url":"https:\/\/www.grieta.org.mx\/index.php\/2016\/02\/26\/conalep-sigue-con-paros-escalonados\/","url_meta":{"origin":17329,"position":0},"title":"Conalep sigue con paros escalonados","author":"grieta","date":"26 febrero, 2016","format":false,"excerpt":"Por: Liliana Rinc\u00f3n G\u00f3mez Palacio, Durango (26\/02\/2016).- Desde el lunes 22 de febrero los maestros del Conalep ubicado en la colonia Fidel Vel\u00e1zquez de G\u00f3mez Palacio, realizan paros de labores escalonados como medida de protesta porque dejaron de recibir vales de despensa, por poco m\u00e1s de quinientos pesos mensuales. Eleazar\u2026","rel":"","context":"En &quot;CINTILLO&quot;","block_context":{"text":"CINTILLO","link":"https:\/\/www.grieta.org.mx\/index.php\/category\/cintillo\/"},"img":{"alt_text":"","src":"https:\/\/i0.wp.com\/www.grieta.org.mx\/wp-content\/uploads\/2018\/03\/14524434_1106112876131411_958039263622046936_o.jpg?resize=350%2C200&ssl=1","width":350,"height":200,"srcset":"https:\/\/i0.wp.com\/www.grieta.org.mx\/wp-content\/uploads\/2018\/03\/14524434_1106112876131411_958039263622046936_o.jpg?resize=350%2C200&ssl=1 1x, https:\/\/i0.wp.com\/www.grieta.org.mx\/wp-content\/uploads\/2018\/03\/14524434_1106112876131411_958039263622046936_o.jpg?resize=525%2C300&ssl=1 1.5x, https:\/\/i0.wp.com\/www.grieta.org.mx\/wp-content\/uploads\/2018\/03\/14524434_1106112876131411_958039263622046936_o.jpg?resize=700%2C400&ssl=1 2x"},"classes":[]},{"id":1296,"url":"https:\/\/www.grieta.org.mx\/index.php\/2015\/10\/10\/atorado-pleito-entre-ex-trabajadores-y-minera-la-valenciana\/","url_meta":{"origin":17329,"position":1},"title":"Atorado; pleito entre ex trabajadores y minera La Valenciana","author":"grieta","date":"10 octubre, 2015","format":false,"excerpt":"G\u00d3MEZ PALACIO, DURANGO.- Tras seis a\u00f1os de litigio laboral, ex trabajadores de la empresa minera La Valenciana, ubicada en carretera a Gregorio Garc\u00eda de G\u00f3mez Palacio, protestaron en el exterior de la Junta Local de Conciliaci\u00f3n y Arbitraje, luego de que no han sido liquidados tras el cierre de la\u2026","rel":"","context":"En &quot;CINTILLO&quot;","block_context":{"text":"CINTILLO","link":"https:\/\/www.grieta.org.mx\/index.php\/category\/cintillo\/"},"img":{"alt_text":"","src":"https:\/\/i0.wp.com\/www.grieta.org.mx\/wp-content\/uploads\/2018\/03\/14524434_1106112876131411_958039263622046936_o.jpg?resize=350%2C200&ssl=1","width":350,"height":200,"srcset":"https:\/\/i0.wp.com\/www.grieta.org.mx\/wp-content\/uploads\/2018\/03\/14524434_1106112876131411_958039263622046936_o.jpg?resize=350%2C200&ssl=1 1x, https:\/\/i0.wp.com\/www.grieta.org.mx\/wp-content\/uploads\/2018\/03\/14524434_1106112876131411_958039263622046936_o.jpg?resize=525%2C300&ssl=1 1.5x, https:\/\/i0.wp.com\/www.grieta.org.mx\/wp-content\/uploads\/2018\/03\/14524434_1106112876131411_958039263622046936_o.jpg?resize=700%2C400&ssl=1 2x"},"classes":[]},{"id":34417,"url":"https:\/\/www.grieta.org.mx\/index.php\/2019\/06\/05\/empleados-de-coca-cola-se-van-a-paro-en-gomez-palacio-acusan-trato-inhumano-durango\/","url_meta":{"origin":17329,"position":2},"title":"Empleados de Coca-Cola se van a paro en G\u00f3mez Palacio, acusan trato &#8220;inhumano&#8221; (Durango)","author":"grieta","date":"5 junio, 2019","format":false,"excerpt":"LUIS ALATORRE\/Milenio. 30 repartidores de no recorrieron sus rutas hoy mi\u00e9rcoles, para manifestarse por la falta de vacaciones, turnos de hasta 14 horas y la falta de personal. https:\/\/www.milenio.com\/estados\/empleados-coca-cola-paro-gomez-palacio-acusan-trato-inhumano G\u00f3mez Palacio, Durango. Empleados de la Embotelladora Coca Cola en Santa Rita, Durango, se declararon en paro y acusaron que los\u2026","rel":"","context":"En &quot;CINTILLO&quot;","block_context":{"text":"CINTILLO","link":"https:\/\/www.grieta.org.mx\/index.php\/category\/cintillo\/"},"img":{"alt_text":"","src":"https:\/\/i0.wp.com\/www.grieta.org.mx\/wp-content\/uploads\/2019\/06\/repartidores-camion-trabajadores-estibar-cajas_0_71_555_344.jpg?resize=350%2C200&ssl=1","width":350,"height":200,"srcset":"https:\/\/i0.wp.com\/www.grieta.org.mx\/wp-content\/uploads\/2019\/06\/repartidores-camion-trabajadores-estibar-cajas_0_71_555_344.jpg?resize=350%2C200&ssl=1 1x, https:\/\/i0.wp.com\/www.grieta.org.mx\/wp-content\/uploads\/2019\/06\/repartidores-camion-trabajadores-estibar-cajas_0_71_555_344.jpg?resize=525%2C300&ssl=1 1.5x, https:\/\/i0.wp.com\/www.grieta.org.mx\/wp-content\/uploads\/2019\/06\/repartidores-camion-trabajadores-estibar-cajas_0_71_555_344.jpg?resize=700%2C400&ssl=1 2x"},"classes":[]},{"id":31771,"url":"https:\/\/www.grieta.org.mx\/index.php\/2019\/03\/27\/continuaran-tomadas-las-oficinas-del-inifap-durango\/","url_meta":{"origin":17329,"position":3},"title":"Continuar\u00e1n tomadas las oficinas del INIFAP (Durango)","author":"grieta","date":"27 marzo, 2019","format":false,"excerpt":"Ismael Hern\u00e1ndez\/El Sol de Durango. Desde el pasado 20 de marzo est\u00e1n tomadas las oficinas del Instituto Nacional de Investigaciones Forestales, Agr\u00edcolas y Pecuarias (INIFAP) en Durango, debido al llamado de paro laboral a nivel nacional, consecuencia de que no han liberado la totalidad de los recursos destinados para proyectos\u2026","rel":"","context":"En &quot;CINTILLO&quot;","block_context":{"text":"CINTILLO","link":"https:\/\/www.grieta.org.mx\/index.php\/category\/cintillo\/"},"img":{"alt_text":"","src":"https:\/\/i0.wp.com\/www.grieta.org.mx\/wp-content\/uploads\/2019\/04\/inifap.jpg?resize=350%2C200&ssl=1","width":350,"height":200,"srcset":"https:\/\/i0.wp.com\/www.grieta.org.mx\/wp-content\/uploads\/2019\/04\/inifap.jpg?resize=350%2C200&ssl=1 1x, https:\/\/i0.wp.com\/www.grieta.org.mx\/wp-content\/uploads\/2019\/04\/inifap.jpg?resize=525%2C300&ssl=1 1.5x, https:\/\/i0.wp.com\/www.grieta.org.mx\/wp-content\/uploads\/2019\/04\/inifap.jpg?resize=700%2C400&ssl=1 2x"},"classes":[]},{"id":28790,"url":"https:\/\/www.grieta.org.mx\/index.php\/2019\/02\/04\/empresa-refresquera-en-paro-ofrece-vacantes-en-matamoros-tamaulipas\/","url_meta":{"origin":17329,"position":4},"title":"Empresa refresquera en paro, ofrece vacantes en Matamoros (Tamaulipas)","author":"grieta","date":"4 febrero, 2019","format":false,"excerpt":"Isabel Rend\u00f3n \/ Hoy Tamaulipas Cabe mencionar que los trabajadores sindicalizados de la empresa comenzaron su paro de labores, luego de que se dio ya el emplazamiento formal de huelga Matamoros, Tamaulipas. - Un total de 500 trabajadores de la empresa refresquera Arcacontinental (Coca Cola) en esta frontera, permanece en\u2026","rel":"","context":"En &quot;CINTILLO&quot;","block_context":{"text":"CINTILLO","link":"https:\/\/www.grieta.org.mx\/index.php\/category\/cintillo\/"},"img":{"alt_text":"","src":"https:\/\/i0.wp.com\/www.grieta.org.mx\/wp-content\/uploads\/2019\/02\/Empresa-refresquera-en-paro-ofrece-vacantes-en-Matamoros-feb.jpg?resize=350%2C200&ssl=1","width":350,"height":200,"srcset":"https:\/\/i0.wp.com\/www.grieta.org.mx\/wp-content\/uploads\/2019\/02\/Empresa-refresquera-en-paro-ofrece-vacantes-en-Matamoros-feb.jpg?resize=350%2C200&ssl=1 1x, https:\/\/i0.wp.com\/www.grieta.org.mx\/wp-content\/uploads\/2019\/02\/Empresa-refresquera-en-paro-ofrece-vacantes-en-Matamoros-feb.jpg?resize=525%2C300&ssl=1 1.5x, https:\/\/i0.wp.com\/www.grieta.org.mx\/wp-content\/uploads\/2019\/02\/Empresa-refresquera-en-paro-ofrece-vacantes-en-Matamoros-feb.jpg?resize=700%2C400&ssl=1 2x"},"classes":[]},{"id":71973,"url":"https:\/\/www.grieta.org.mx\/index.php\/2025\/07\/09\/paro-laboral-en-alpura-por-presuntos-abusos-trabajadores-denuncian-violaciones-a-derechos\/","url_meta":{"origin":17329,"position":5},"title":"Paro laboral en Alpura por presuntos abusos; trabajadores denuncian violaciones a derechos","author":"grieta","date":"9 julio, 2025","format":false,"excerpt":"Redacci\u00f3n Fortuna y poder En Puebla iniciar\u00edan huelga el 4 de agosto de no llegar a acuerdos con la empresa Trabajadores de la empresa\u00a0Alpura\u00a0llevaron a cabo un\u00a0paro de labores\u00a0en varias de las plantas productoras de la compa\u00f1\u00eda. En Cuautitl\u00e1n Izcalli y Los Reyes La Paz (Estado de M\u00e9xico), as\u00ed como\u2026","rel":"","context":"En &quot;CINTILLO&quot;","block_context":{"text":"CINTILLO","link":"https:\/\/www.grieta.org.mx\/index.php\/category\/cintillo\/"},"img":{"alt_text":"","src":"https:\/\/i0.wp.com\/www.grieta.org.mx\/wp-content\/uploads\/2025\/07\/Captura-de-pantalla-2025-07-09-000854.png?resize=350%2C200&ssl=1","width":350,"height":200,"srcset":"https:\/\/i0.wp.com\/www.grieta.org.mx\/wp-content\/uploads\/2025\/07\/Captura-de-pantalla-2025-07-09-000854.png?resize=350%2C200&ssl=1 1x, https:\/\/i0.wp.com\/www.grieta.org.mx\/wp-content\/uploads\/2025\/07\/Captura-de-pantalla-2025-07-09-000854.png?resize=525%2C300&ssl=1 1.5x, https:\/\/i0.wp.com\/www.grieta.org.mx\/wp-content\/uploads\/2025\/07\/Captura-de-pantalla-2025-07-09-000854.png?resize=700%2C400&ssl=1 2x"},"classes":[]}],"_links":{"self":[{"href":"https:\/\/www.grieta.org.mx\/index.php\/wp-json\/wp\/v2\/posts\/17329","targetHints":{"allow":["GET"]}}],"collection":[{"href":"https:\/\/www.grieta.org.mx\/index.php\/wp-json\/wp\/v2\/posts"}],"about":[{"href":"https:\/\/www.grieta.org.mx\/index.php\/wp-json\/wp\/v2\/types\/post"}],"author":[{"embeddable":true,"href":"https:\/\/www.grieta.org.mx\/index.php\/wp-json\/wp\/v2\/users\/2"}],"replies":[{"embeddable":true,"href":"https:\/\/www.grieta.org.mx\/index.php\/wp-json\/wp\/v2\/comments?post=17329"}],"version-history":[{"count":1,"href":"https:\/\/www.grieta.org.mx\/index.php\/wp-json\/wp\/v2\/posts\/17329\/revisions"}],"predecessor-version":[{"id":17332,"href":"https:\/\/www.grieta.org.mx\/index.php\/wp-json\/wp\/v2\/posts\/17329\/revisions\/17332"}],"wp:featuredmedia":[{"embeddable":true,"href":"https:\/\/www.grieta.org.mx\/index.php\/wp-json\/wp\/v2\/media\/21928"}],"wp:attachment":[{"href":"https:\/\/www.grieta.org.mx\/index.php\/wp-json\/wp\/v2\/media?parent=17329"}],"wp:term":[{"taxonomy":"category","embeddable":true,"href":"https:\/\/www.grieta.org.mx\/index.php\/wp-json\/wp\/v2\/categories?post=17329"},{"taxonomy":"post_tag","embeddable":true,"href":"https:\/\/www.grieta.org.mx\/index.php\/wp-json\/wp\/v2\/tags?post=17329"}],"curies":[{"name":"wp","href":"https:\/\/api.w.org\/{rel}","templated":true}]}}