{"id":17319,"date":"2015-07-26T00:20:20","date_gmt":"2015-07-26T05:20:20","guid":{"rendered":"http:\/\/www.grieta.org.mx\/?p=17319"},"modified":"2016-07-21T00:21:56","modified_gmt":"2016-07-21T05:21:56","slug":"ejercer-el-periodismo-en-guerrero-es-de-alto-riesgo-freedom-house","status":"publish","type":"post","link":"https:\/\/www.grieta.org.mx\/index.php\/2015\/07\/26\/ejercer-el-periodismo-en-guerrero-es-de-alto-riesgo-freedom-house\/","title":{"rendered":"Ejercer el periodismo en Guerrero es de alto riesgo: Freedom House"},"content":{"rendered":"<p><strong>Marcelo Villanueva Luna<\/strong><\/p>\n<p>En base a un estudio realizado en 10 entidades federativas del pa\u00eds, la Oficina Freedom House en M\u00e9xico considera que Guerrero es un estado de alto riesgo para ejercer el periodismo, sobre todo porque los periodistas est\u00e1n solos, sin ninguna protecci\u00f3n del gobierno ni de las empresas para las que laboran.<\/p>\n<p>Expresaron lo anterior, la consultora externa de la organizaci\u00f3n civil, Luz Rosales Esteva y la representante de la organizaci\u00f3n internacional en M\u00e9xico, Elo\u00edsa Gonz\u00e1lez Hidalgo, luego de que impartieron en la capital del estado el curso \u201cSituaci\u00f3n de la libertad de expresi\u00f3n en Chilpancingo\u201d en la sala de maestr\u00eda de la Comisi\u00f3n de Derechos Humanos del Estado de Guerrero.<\/p>\n<p>Revelaron que Freedom House hizo una investigaci\u00f3n en 10 estados del pa\u00eds sobre la situaci\u00f3n que enfrenta un periodista, as\u00ed como el respaldo de las empresas period\u00edsticas, del gobierno y de las organizaciones civiles, arrojando como resultado que ante una amenaza el periodista se encuentra solo, el gobierno en pocos casos ayud\u00f3 y las empresas en las que laboran no brindaron respuesta inmediata, \u201cel mecanismo no funcion\u00f3, los jefes dan al reportero agredido vacaciones o lo cambian de fuente, pero no hay mayor apoyo\u201d.<\/p>\n<p>Se\u00f1alan que a diariamente hay agresiones a periodistas y es un asunto preocupante, en el caso de Guerrero, es una de las entidades \u201cm\u00e1s violentadas a la libertad de expresi\u00f3n y al libre ejercicio period\u00edstico\u201d. En base a datos obtenidos del 2000 a 2013, la Comisi\u00f3n Nacional de los Derechos Humanos ten\u00eda un registro de 85 homicidios contra periodistas en todo el pa\u00eds, de los cuales 10 hab\u00edan sido en Guerrero, m\u00e1s tres comunicadores desaparecidos. En su caso, tambi\u00e9n la Fiscal\u00eda Especial para la atenci\u00f3n de Delitos cometidos contra la Libertad de Expresi\u00f3n, de enero de 2005 a septiembre de 2013, registr\u00f3 11 asesinatos de periodistas guerrerenses y 11 m\u00e1s desaparecidos en 2011.<\/p>\n<p>Este esquema deriva tambi\u00e9n que en Guerrero persiste el hostigamiento y las amenazas contra de los periodistas y que la embestida viene desde el gobierno, de los grupos de la delincuencia organizada y hasta de los grupos radicales o sociales que se manifiestan en las calles como la CETEG y el MPG.<\/p>\n<p><a href=\"http:\/\/www.pueblo-guerrero.com\/?p=18515\">http:\/\/www.pueblo-guerrero.com\/?p=18515<\/a><\/p>\n","protected":false},"excerpt":{"rendered":"<p>Marcelo Villanueva Luna En base a un estudio realizado en 10 entidades federativas del pa\u00eds, la Oficina Freedom House en M\u00e9xico considera que Guerrero es un estado de alto riesgo &hellip; <a href=\"https:\/\/www.grieta.org.mx\/index.php\/2015\/07\/26\/ejercer-el-periodismo-en-guerrero-es-de-alto-riesgo-freedom-house\/\" class=\"more-link\">Leer m\u00e1s<\/a><\/p>\n","protected":false},"author":2,"featured_media":21928,"comment_status":"closed","ping_status":"closed","sticky":false,"template":"","format":"standard","meta":{"ngg_post_thumbnail":0,"_jetpack_newsletter_access":"","_jetpack_dont_email_post_to_subs":false,"_jetpack_newsletter_tier_id":0,"_jetpack_memberships_contains_paywalled_content":false,"_jetpack_memberships_contains_paid_content":false,"footnotes":""},"categories":[80,320],"tags":[120],"class_list":["post-17319","post","type-post","status-publish","format-standard","has-post-thumbnail","hentry","category-cintillo","category-guerrero","tag-violencia-contra-periodistas","entry"],"jetpack_featured_media_url":"https:\/\/www.grieta.org.mx\/wp-content\/uploads\/2018\/03\/14524434_1106112876131411_958039263622046936_o.jpg","jetpack_sharing_enabled":true,"jetpack_shortlink":"https:\/\/wp.me\/p7ZJR4-4vl","jetpack_likes_enabled":false,"jetpack-related-posts":[{"id":13595,"url":"https:\/\/www.grieta.org.mx\/index.php\/2016\/05\/30\/gasta-gobierno-de-guerrero-en-medios-incluso-inexistantes\/","url_meta":{"origin":17319,"position":0},"title":"Violencia contra periodistas y ataques a la libertad de expresi\u00f3n en Guerrero","author":"grieta","date":"30 mayo, 2016","format":false,"excerpt":"30\/05\/16. Gobierno de Guerrero gast\u00f3 discrecionalmente 18 mdp en 80 medios Proceso 25\/04\/16. Asesinan a periodista Francisco Pacheco en Taxco, Guerrero API 19\/09\/15. Atacan a balazos reportero de Guerrero; resulta ileso 24 Horas 10\/02\/16. Exdiputado perredista amenaza de muerte a corresponsal de Proceso en Guerrero Proceso 02\/16. Es responsabilidad del\u2026","rel":"","context":"En &quot;Guerrero&quot;","block_context":{"text":"Guerrero","link":"https:\/\/www.grieta.org.mx\/index.php\/category\/noticias-nacionales\/guerrero\/"},"img":{"alt_text":"","src":"https:\/\/i0.wp.com\/www.grieta.org.mx\/wp-content\/uploads\/2018\/03\/14524434_1106112876131411_958039263622046936_o.jpg?resize=350%2C200&ssl=1","width":350,"height":200,"srcset":"https:\/\/i0.wp.com\/www.grieta.org.mx\/wp-content\/uploads\/2018\/03\/14524434_1106112876131411_958039263622046936_o.jpg?resize=350%2C200&ssl=1 1x, https:\/\/i0.wp.com\/www.grieta.org.mx\/wp-content\/uploads\/2018\/03\/14524434_1106112876131411_958039263622046936_o.jpg?resize=525%2C300&ssl=1 1.5x, https:\/\/i0.wp.com\/www.grieta.org.mx\/wp-content\/uploads\/2018\/03\/14524434_1106112876131411_958039263622046936_o.jpg?resize=700%2C400&ssl=1 2x"},"classes":[]},{"id":34583,"url":"https:\/\/www.grieta.org.mx\/index.php\/2019\/06\/07\/inseguridad-y-agresiones-pan-de-cada-dia-para-periodistas-en-guerrero\/","url_meta":{"origin":17319,"position":1},"title":"Inseguridad y agresiones, &#8220;pan de cada d\u00eda&#8221; para periodistas en Guerrero","author":"Admin","date":"7 junio, 2019","format":false,"excerpt":"Redacci\u00f3n \/ 20 minutos Asociaciones de periodistas de Guerrero realizaron un foro de discusi\u00f3n por el D\u00eda de la Libertad de Expresi\u00f3n, en donde expusieron las problem\u00e1ticas de inseguridad, violencia, divisi\u00f3n del gremio y asfixia econ\u00f3mica en medios de comunicaci\u00f3n, las cuales repercuten en su quehacer diario. Reporteros, columnistas y\u2026","rel":"","context":"En &quot;CINTILLO&quot;","block_context":{"text":"CINTILLO","link":"https:\/\/www.grieta.org.mx\/index.php\/category\/cintillo\/"},"img":{"alt_text":"","src":"https:\/\/i0.wp.com\/www.grieta.org.mx\/wp-content\/uploads\/2018\/09\/pablo-rodriguez-pan-puebla-agresion-periodista.jpg?resize=350%2C200&ssl=1","width":350,"height":200,"srcset":"https:\/\/i0.wp.com\/www.grieta.org.mx\/wp-content\/uploads\/2018\/09\/pablo-rodriguez-pan-puebla-agresion-periodista.jpg?resize=350%2C200&ssl=1 1x, https:\/\/i0.wp.com\/www.grieta.org.mx\/wp-content\/uploads\/2018\/09\/pablo-rodriguez-pan-puebla-agresion-periodista.jpg?resize=525%2C300&ssl=1 1.5x, https:\/\/i0.wp.com\/www.grieta.org.mx\/wp-content\/uploads\/2018\/09\/pablo-rodriguez-pan-puebla-agresion-periodista.jpg?resize=700%2C400&ssl=1 2x"},"classes":[]},{"id":39151,"url":"https:\/\/www.grieta.org.mx\/index.php\/2019\/09\/09\/guerrero-entre-los-estados-con-mas-agresiones-contra-periodistas\/","url_meta":{"origin":17319,"position":2},"title":"Guerrero, entre los estados con m\u00e1s agresiones contra periodistas","author":"Admin","date":"9 septiembre, 2019","format":false,"excerpt":"Beatriz Garc\u00eda \/ La Jornada Guerrero Entre las coberturas con m\u00e1s riesgo est\u00e1n corrupci\u00f3n, pol\u00edtica y seguridad, indican En el primer semestre del a\u00f1o, el estado figura en los primeros cinco a nivel nacional; suma 22 Desde 2013 es considerada una de las entidades m\u00e1s violentas del pa\u00eds, documenta Art\u00edculo\u2026","rel":"","context":"En &quot;CINTILLO&quot;","block_context":{"text":"CINTILLO","link":"https:\/\/www.grieta.org.mx\/index.php\/category\/cintillo\/"},"img":{"alt_text":"","src":"https:\/\/i0.wp.com\/www.grieta.org.mx\/wp-content\/uploads\/2019\/09\/0d9964c6429957172e1ef3e327c97cde_L.jpg?resize=350%2C200&ssl=1","width":350,"height":200,"srcset":"https:\/\/i0.wp.com\/www.grieta.org.mx\/wp-content\/uploads\/2019\/09\/0d9964c6429957172e1ef3e327c97cde_L.jpg?resize=350%2C200&ssl=1 1x, https:\/\/i0.wp.com\/www.grieta.org.mx\/wp-content\/uploads\/2019\/09\/0d9964c6429957172e1ef3e327c97cde_L.jpg?resize=525%2C300&ssl=1 1.5x, https:\/\/i0.wp.com\/www.grieta.org.mx\/wp-content\/uploads\/2019\/09\/0d9964c6429957172e1ef3e327c97cde_L.jpg?resize=700%2C400&ssl=1 2x"},"classes":[]},{"id":31760,"url":"https:\/\/www.grieta.org.mx\/index.php\/2019\/04\/03\/mexico-el-pais-mas-peligroso-para-ejercer-periodismo-denuncia-articulo-19\/","url_meta":{"origin":17319,"position":3},"title":"&#8216;M\u00e9xico, el pa\u00eds m\u00e1s peligroso para ejercer periodismo&#8217; denuncia Art\u00edculo 19","author":"grieta","date":"3 abril, 2019","format":false,"excerpt":"Coahuila ocupa el segundo puesto en agresiones contra periodistas Durante el sexenio de Enrique Pe\u00f1a Nieto, M\u00e9xico se convirti\u00f3 en el pa\u00eds m\u00e1s peligroso para ejercer el periodismo, denunci\u00f3 la directora de la organizaci\u00f3n Art\u00edculo 19 en M\u00e9xico y Centroam\u00e9rica, Ana Cristina Ruelas. NOTIMEX\/EL SIGLO DE TORE\u00d3N Al presentar el\u2026","rel":"","context":"En &quot;CINTILLO&quot;","block_context":{"text":"CINTILLO","link":"https:\/\/www.grieta.org.mx\/index.php\/category\/cintillo\/"},"img":{"alt_text":"","src":"https:\/\/i0.wp.com\/www.grieta.org.mx\/wp-content\/uploads\/2018\/03\/14524434_1106112876131411_958039263622046936_o.jpg?resize=350%2C200&ssl=1","width":350,"height":200,"srcset":"https:\/\/i0.wp.com\/www.grieta.org.mx\/wp-content\/uploads\/2018\/03\/14524434_1106112876131411_958039263622046936_o.jpg?resize=350%2C200&ssl=1 1x, https:\/\/i0.wp.com\/www.grieta.org.mx\/wp-content\/uploads\/2018\/03\/14524434_1106112876131411_958039263622046936_o.jpg?resize=525%2C300&ssl=1 1.5x, https:\/\/i0.wp.com\/www.grieta.org.mx\/wp-content\/uploads\/2018\/03\/14524434_1106112876131411_958039263622046936_o.jpg?resize=700%2C400&ssl=1 2x"},"classes":[]},{"id":66014,"url":"https:\/\/www.grieta.org.mx\/index.php\/2022\/12\/14\/por-cuarto-ano-consecutivo-mexico-es-el-pais-mas-peligroso-para-el-periodismo\/","url_meta":{"origin":17319,"position":4},"title":"Por cuarto a\u00f1o consecutivo, M\u00e9xico es el pa\u00eds mas peligroso para el periodismo","author":"grieta","date":"14 diciembre, 2022","format":false,"excerpt":"Sare Frabes \/ Avispa Midia Con 11 periodistas asesinados en lo que va del a\u00f1o 2022, M\u00e9xico ocupa, por cuarta ocasi\u00f3n consecutiva, el primer lugar entre los pa\u00edses m\u00e1s peligrosos para ejercer el periodismo a nivel global. El dato es parte del balance realizado por Reporteros Sin Fronteras (RSF), organizaci\u00f3n\u2026","rel":"","context":"En &quot;CINTILLO&quot;","block_context":{"text":"CINTILLO","link":"https:\/\/www.grieta.org.mx\/index.php\/category\/cintillo\/"},"img":{"alt_text":"","src":"https:\/\/i0.wp.com\/www.grieta.org.mx\/wp-content\/uploads\/2022\/12\/Periodistas-e1672407254797.jpg?resize=350%2C200&ssl=1","width":350,"height":200,"srcset":"https:\/\/i0.wp.com\/www.grieta.org.mx\/wp-content\/uploads\/2022\/12\/Periodistas-e1672407254797.jpg?resize=350%2C200&ssl=1 1x, https:\/\/i0.wp.com\/www.grieta.org.mx\/wp-content\/uploads\/2022\/12\/Periodistas-e1672407254797.jpg?resize=525%2C300&ssl=1 1.5x, https:\/\/i0.wp.com\/www.grieta.org.mx\/wp-content\/uploads\/2022\/12\/Periodistas-e1672407254797.jpg?resize=700%2C400&ssl=1 2x"},"classes":[]},{"id":63170,"url":"https:\/\/www.grieta.org.mx\/index.php\/2022\/01\/25\/periodismo-en-riesgo-desde-cancun-exigen-justicia-por-periodistas-asesinados-quintana-roo\/","url_meta":{"origin":17319,"position":5},"title":"&#8220;Periodismo en riesgo&#8221;: Desde Canc\u00fan, exigen justicia por periodistas asesinados (Quintana Roo)","author":"grieta","date":"25 enero, 2022","format":false,"excerpt":"Agencia SIM | Fotos: Infoqroo \/ Noticaribe CANC\u00daN, MX.- Reporteros, editores, fot\u00f3grafos y otros trabajadores de los medios de comunicaci\u00f3n se reunieron esta noche afuera del Palacio Municipal del Ayuntamiento de Benito Ju\u00e1rez, para sumarse al movimiento \u201cPeriodismo en Riesgo\u201d y exigir justicia por los tres colegas que fueron asesinados\u2026","rel":"","context":"En &quot;CINTILLO&quot;","block_context":{"text":"CINTILLO","link":"https:\/\/www.grieta.org.mx\/index.php\/category\/cintillo\/"},"img":{"alt_text":"","src":"https:\/\/i0.wp.com\/www.grieta.org.mx\/wp-content\/uploads\/2022\/01\/PeriodismoEnRiesgo.png?resize=350%2C200&ssl=1","width":350,"height":200,"srcset":"https:\/\/i0.wp.com\/www.grieta.org.mx\/wp-content\/uploads\/2022\/01\/PeriodismoEnRiesgo.png?resize=350%2C200&ssl=1 1x, https:\/\/i0.wp.com\/www.grieta.org.mx\/wp-content\/uploads\/2022\/01\/PeriodismoEnRiesgo.png?resize=525%2C300&ssl=1 1.5x, https:\/\/i0.wp.com\/www.grieta.org.mx\/wp-content\/uploads\/2022\/01\/PeriodismoEnRiesgo.png?resize=700%2C400&ssl=1 2x"},"classes":[]}],"_links":{"self":[{"href":"https:\/\/www.grieta.org.mx\/index.php\/wp-json\/wp\/v2\/posts\/17319","targetHints":{"allow":["GET"]}}],"collection":[{"href":"https:\/\/www.grieta.org.mx\/index.php\/wp-json\/wp\/v2\/posts"}],"about":[{"href":"https:\/\/www.grieta.org.mx\/index.php\/wp-json\/wp\/v2\/types\/post"}],"author":[{"embeddable":true,"href":"https:\/\/www.grieta.org.mx\/index.php\/wp-json\/wp\/v2\/users\/2"}],"replies":[{"embeddable":true,"href":"https:\/\/www.grieta.org.mx\/index.php\/wp-json\/wp\/v2\/comments?post=17319"}],"version-history":[{"count":1,"href":"https:\/\/www.grieta.org.mx\/index.php\/wp-json\/wp\/v2\/posts\/17319\/revisions"}],"predecessor-version":[{"id":17320,"href":"https:\/\/www.grieta.org.mx\/index.php\/wp-json\/wp\/v2\/posts\/17319\/revisions\/17320"}],"wp:featuredmedia":[{"embeddable":true,"href":"https:\/\/www.grieta.org.mx\/index.php\/wp-json\/wp\/v2\/media\/21928"}],"wp:attachment":[{"href":"https:\/\/www.grieta.org.mx\/index.php\/wp-json\/wp\/v2\/media?parent=17319"}],"wp:term":[{"taxonomy":"category","embeddable":true,"href":"https:\/\/www.grieta.org.mx\/index.php\/wp-json\/wp\/v2\/categories?post=17319"},{"taxonomy":"post_tag","embeddable":true,"href":"https:\/\/www.grieta.org.mx\/index.php\/wp-json\/wp\/v2\/tags?post=17319"}],"curies":[{"name":"wp","href":"https:\/\/api.w.org\/{rel}","templated":true}]}}