{"id":17281,"date":"2016-07-18T20:58:34","date_gmt":"2016-07-19T01:58:34","guid":{"rendered":"http:\/\/www.grieta.org.mx\/?p=17281"},"modified":"2016-07-20T21:07:25","modified_gmt":"2016-07-21T02:07:25","slug":"a-que-le-temen-los-rectores-estudiantes-de-la-uam","status":"publish","type":"post","link":"https:\/\/www.grieta.org.mx\/index.php\/2016\/07\/18\/a-que-le-temen-los-rectores-estudiantes-de-la-uam\/","title":{"rendered":"\u201c\u00bfA qu\u00e9 le temen los rectores?\u201d: estudiantes de la UAM"},"content":{"rendered":"<p>Ricardo Ortiz<\/p>\n<p><img decoding=\"async\" data-attachment-id=\"17282\" data-permalink=\"https:\/\/www.grieta.org.mx\/index.php\/2016\/07\/18\/a-que-le-temen-los-rectores-estudiantes-de-la-uam\/13580558_1725612654374456_1045115347589388529_o\/\" data-orig-file=\"https:\/\/www.grieta.org.mx\/wp-content\/uploads\/2016\/07\/13580558_1725612654374456_1045115347589388529_o.jpg\" data-orig-size=\"700,380\" data-comments-opened=\"0\" data-image-meta=\"{&quot;aperture&quot;:&quot;0&quot;,&quot;credit&quot;:&quot;&quot;,&quot;camera&quot;:&quot;&quot;,&quot;caption&quot;:&quot;&quot;,&quot;created_timestamp&quot;:&quot;0&quot;,&quot;copyright&quot;:&quot;&quot;,&quot;focal_length&quot;:&quot;0&quot;,&quot;iso&quot;:&quot;0&quot;,&quot;shutter_speed&quot;:&quot;0&quot;,&quot;title&quot;:&quot;&quot;,&quot;orientation&quot;:&quot;0&quot;}\" data-image-title=\"13580558_1725612654374456_1045115347589388529_o\" data-image-description=\"\" data-image-caption=\"\" data-medium-file=\"https:\/\/www.grieta.org.mx\/wp-content\/uploads\/2016\/07\/13580558_1725612654374456_1045115347589388529_o-300x163.jpg\" data-large-file=\"https:\/\/www.grieta.org.mx\/wp-content\/uploads\/2016\/07\/13580558_1725612654374456_1045115347589388529_o.jpg\" src=\"http:\/\/www.grieta.org.mx\/wp-content\/uploads\/2016\/07\/13580558_1725612654374456_1045115347589388529_o.jpg\" alt=\"13580558_1725612654374456_1045115347589388529_o\" width=\"100%\" class=\"aligncenter size-full wp-image-17282\" srcset=\"https:\/\/www.grieta.org.mx\/wp-content\/uploads\/2016\/07\/13580558_1725612654374456_1045115347589388529_o.jpg 700w, https:\/\/www.grieta.org.mx\/wp-content\/uploads\/2016\/07\/13580558_1725612654374456_1045115347589388529_o-300x163.jpg 300w\" sizes=\"(max-width: 700px) 100vw, 700px\" \/><\/p>\n<p>Fotograf\u00eda: Comunicaci\u00f3n UAM<\/p>\n<p>&#8220;Esta lucha es por la UAM, pero tambi\u00e9n por la defensa de la Universidad P\u00fablica&#8221;<\/p>\n<p>Ciudad de m\u00e9xico, 18 de julio de 2016.- Desde el pasado lunes 4 de julio, estudiantes de la Universidad Aut\u00f3noma Metropolitana (UAM), anunciaron la toma de la Rector\u00eda General, esto con motivo de la problem\u00e1tica por el otorgamiento de becas para estudiar en el extranjero, as\u00ed como el esclarecimiento de los recursos otorgados para movilidad.<\/p>\n<p>Ante esto, estudiantes de las unidades Azcapotzalco y Xochimilco realizaron la toma de sus escuelas de manera indefinida; adem\u00e1s de la toma de rector\u00eda de unidad en el caso de Iztapalapa donde denunciaron la \u201cmala administraci\u00f3n del presupuesto universitario, la falta de transparencia por parte de los funcionarios de la UAM, as\u00ed como el rechazo ante Reforma Educativa. [\u2026] Esta lucha es por la UAM, pero tambi\u00e9n por la defensa de la Universidad P\u00fablica, por la transparencia y por la rendici\u00f3n de cuentas\u201d, anunciaron.<\/p>\n<p>Sin embargo, el pasado mi\u00e9rcoles 13 de julio, el rector general de la UAM, Salvador Vega y Le\u00f3n, sostuvo una mesa de di\u00e1logo instalada en la Unidad Iztapalapa, donde alumnos presentaron sus pliegos petitorios, exigiendo la cancelaci\u00f3n de los acuerdos 9\/2016 y 10\/2016, los cuales modifican cuestiones relacionadas con los est\u00edmulos que la universidad da a sus docentes y con la contrataci\u00f3n de profesores eventuales.<\/p>\n<p>El rector general, anunci\u00f3 la suspensi\u00f3n temporal del acuerdo 10\/2016, ante lo que estudiantes solicitaron una explicaci\u00f3n por la que no se tomaba la decisi\u00f3n de cancelar ambos acuerdos; sin embargo, funcionarios dijeron que su decisi\u00f3n era la suspensi\u00f3n mencionada y que no pod\u00edan tomar otra medida a este respecto.<\/p>\n<p>Dicha respuesta \u201ctuvo una actitud de los rectores de cerraz\u00f3n al di\u00e1logo y de autoritarismo\u201d, \u201c\u00bfA qu\u00e9 le temen los rectores?\u201d, preguntaban alumnos.<\/p>\n<p>Hasta la fecha, funcionarios de la UAM no se han presentado a las mesas de trabajo convocadas por la comunidad estudiantil para reanudar el di\u00e1logo, sin embargo, exhortaron a los alumnos a liberar las instalaciones que permanecen tomadas.<\/p>\n<p>Por \u00faltimo, se espera que la rectora de la unidad Xochimilco, Patricia Alfaro, se re\u00fana este el lunes 18 de julio a las 13:00 horas con los estudiantes de la Unidad a recibir el pliego petitorio.<\/p>\n<p>Estudiantes de las cinco unidades, han presentado pliegos petitorios a las autoridades locales, y esperan entablar di\u00e1logo con los funcionarios para resolver de manera inmediata sus demandas.<\/p>\n<p>Dentro de los puntos se encuentra los siguientes:<\/p>\n<p>&#8211; Mesa de di\u00e1logo p\u00fablico y resolutivo con el Rector general y autoridades universitarias<\/p>\n<p>&#8211; Abrogaci\u00f3n de los Acuerdos 09\/2016 y 10\/2016<\/p>\n<p>&#8211; No represalias en contra de los participantes de la Asamblea General Universitaria<\/p>\n<p>&#8211; Recandelarizaci\u00f3n del trimestre 16-P<\/p>\n<p>&#8211; Defensa del presupuesto de la Universidad y solicitud de aumento del mismo al Congreso de la Uni\u00f3n por parte de las autoridades<\/p>\n<p>&#8211; Desaparici\u00f3n de sueldos vitalicios<\/p>\n<p>&#8211; Ampliaci\u00f3n del presupuesto para la Instituci\u00f3n<\/p>\n<p><a href=\"http:\/\/www.somoselmedio.org\/article\/%E2%80%9C%C2%BF-qu%C3%A9-le-temen-los-rectores%E2%80%9D-estudiantes-de-la-uam\" target=\"_blank\">http:\/\/www.somoselmedio.org\/article\/%E2%80%9C%C2%BF-qu%C3%A9-le-temen-los-rectores%E2%80%9D-estudiantes-de-la-uam<\/a><\/p>\n","protected":false},"excerpt":{"rendered":"<p>Ricardo Ortiz Fotograf\u00eda: Comunicaci\u00f3n UAM &#8220;Esta lucha es por la UAM, pero tambi\u00e9n por la defensa de la Universidad P\u00fablica&#8221; Ciudad de m\u00e9xico, 18 de julio de 2016.- Desde el &hellip; <a href=\"https:\/\/www.grieta.org.mx\/index.php\/2016\/07\/18\/a-que-le-temen-los-rectores-estudiantes-de-la-uam\/\" class=\"more-link\">Leer m\u00e1s<\/a><\/p>\n","protected":false},"author":2,"featured_media":21928,"comment_status":"closed","ping_status":"closed","sticky":false,"template":"","format":"standard","meta":{"ngg_post_thumbnail":0,"_jetpack_newsletter_access":"","_jetpack_dont_email_post_to_subs":false,"_jetpack_newsletter_tier_id":0,"_jetpack_memberships_contains_paywalled_content":false,"_jetpack_memberships_contains_paid_content":false,"footnotes":""},"categories":[80],"tags":[808,102,241,619,599],"class_list":["post-17281","post","type-post","status-publish","format-standard","has-post-thumbnail","hentry","category-cintillo","tag-azcapotzalco","tag-derecho-a-la-educacion","tag-paro","tag-uam","tag-xochimilco","entry"],"jetpack_featured_media_url":"https:\/\/www.grieta.org.mx\/wp-content\/uploads\/2018\/03\/14524434_1106112876131411_958039263622046936_o.jpg","jetpack_sharing_enabled":true,"jetpack_shortlink":"https:\/\/wp.me\/p7ZJR4-4uJ","jetpack_likes_enabled":false,"jetpack-related-posts":[{"id":17485,"url":"https:\/\/www.grieta.org.mx\/index.php\/2016\/07\/21\/estudiantes-de-la-uam-anuncian-movilizacion-tras-cerrazon-al-dialogo\/","url_meta":{"origin":17281,"position":0},"title":"Estudiantes de la UAM anuncian movilizaci\u00f3n tras cerraz\u00f3n al di\u00e1logo","author":"grieta","date":"21 julio, 2016","format":false,"excerpt":"Ricardo Ortiz Foto: Ricardo Ortiz\/Somoselmedio.org Contin\u00faa el paro en dos unidades y rector\u00eda de Iztapalapa Ricardo Ortiz CDMX, 21 de julio. Este jueves, estudiantes de la Universidad Aut\u00f3noma Metropolitana, hicieron acto de presencia durante una sesi\u00f3n del Colegio Acad\u00e9mico en la unidad Cuajimalpa, donde se encontraban los rectores de las\u2026","rel":"","context":"En &quot;cdmx&quot;","block_context":{"text":"cdmx","link":"https:\/\/www.grieta.org.mx\/index.php\/category\/cdmx\/"},"img":{"alt_text":"","src":"https:\/\/i0.wp.com\/www.grieta.org.mx\/wp-content\/uploads\/2018\/03\/14524434_1106112876131411_958039263622046936_o.jpg?resize=350%2C200&ssl=1","width":350,"height":200,"srcset":"https:\/\/i0.wp.com\/www.grieta.org.mx\/wp-content\/uploads\/2018\/03\/14524434_1106112876131411_958039263622046936_o.jpg?resize=350%2C200&ssl=1 1x, https:\/\/i0.wp.com\/www.grieta.org.mx\/wp-content\/uploads\/2018\/03\/14524434_1106112876131411_958039263622046936_o.jpg?resize=525%2C300&ssl=1 1.5x, https:\/\/i0.wp.com\/www.grieta.org.mx\/wp-content\/uploads\/2018\/03\/14524434_1106112876131411_958039263622046936_o.jpg?resize=700%2C400&ssl=1 2x"},"classes":[]},{"id":16851,"url":"https:\/\/www.grieta.org.mx\/index.php\/2016\/07\/10\/primer-paro-de-actividades-en-la-rectoria-general-de-uam\/","url_meta":{"origin":17281,"position":1},"title":"Primer Paro de actividades en la Rector\u00eda General de\u00a0UAM","author":"grieta","date":"10 julio, 2016","format":false,"excerpt":"Por Casta\u00f1eda Ba\u00f1os Jorge Eduardo y Ariadna Jim\u00e9nez Mart\u00ednez Foto: Asamblea Rector\u00eda UAM \u00a0 CDMX \u00a0Balance hasta el 09 de Julio 2016. El 4 de julio alumnos de las tres unidades m\u00e1s grandes de la Universidad Aut\u00f3noma Metropolitana toman en paro de actividades la rector\u00eda general de la universidad debido\u2026","rel":"","context":"En &quot;CINTILLO&quot;","block_context":{"text":"CINTILLO","link":"https:\/\/www.grieta.org.mx\/index.php\/category\/cintillo\/"},"img":{"alt_text":"","src":"https:\/\/i0.wp.com\/www.grieta.org.mx\/wp-content\/uploads\/2018\/03\/14524434_1106112876131411_958039263622046936_o.jpg?resize=350%2C200&ssl=1","width":350,"height":200,"srcset":"https:\/\/i0.wp.com\/www.grieta.org.mx\/wp-content\/uploads\/2018\/03\/14524434_1106112876131411_958039263622046936_o.jpg?resize=350%2C200&ssl=1 1x, https:\/\/i0.wp.com\/www.grieta.org.mx\/wp-content\/uploads\/2018\/03\/14524434_1106112876131411_958039263622046936_o.jpg?resize=525%2C300&ssl=1 1.5x, https:\/\/i0.wp.com\/www.grieta.org.mx\/wp-content\/uploads\/2018\/03\/14524434_1106112876131411_958039263622046936_o.jpg?resize=700%2C400&ssl=1 2x"},"classes":[]},{"id":16847,"url":"https:\/\/www.grieta.org.mx\/index.php\/2016\/07\/10\/estudiantes-de-la-uam-entran-a-paro-indefinido\/","url_meta":{"origin":17281,"position":2},"title":"Estudiantes de la UAM entran a paro indefinido","author":"grieta","date":"10 julio, 2016","format":false,"excerpt":"RICARDO ORTIZ Fotograf\u00eda: Ricardo Ortiz Exigen trasparencia y piden aumento al Congreso de la Uni\u00f3n Desde el pasado lunes 4 de julio, estudiantes de la Universidad Aut\u00f3noma Metropolitana, anunciaron la toma de la Rector\u00eda General, esto con motivo a la problem\u00e1tica con el otorgamiento de becas para estudiar en el\u2026","rel":"","context":"En &quot;CINTILLO&quot;","block_context":{"text":"CINTILLO","link":"https:\/\/www.grieta.org.mx\/index.php\/category\/cintillo\/"},"img":{"alt_text":"","src":"https:\/\/i0.wp.com\/www.grieta.org.mx\/wp-content\/uploads\/2018\/03\/14524434_1106112876131411_958039263622046936_o.jpg?resize=350%2C200&ssl=1","width":350,"height":200,"srcset":"https:\/\/i0.wp.com\/www.grieta.org.mx\/wp-content\/uploads\/2018\/03\/14524434_1106112876131411_958039263622046936_o.jpg?resize=350%2C200&ssl=1 1x, https:\/\/i0.wp.com\/www.grieta.org.mx\/wp-content\/uploads\/2018\/03\/14524434_1106112876131411_958039263622046936_o.jpg?resize=525%2C300&ssl=1 1.5x, https:\/\/i0.wp.com\/www.grieta.org.mx\/wp-content\/uploads\/2018\/03\/14524434_1106112876131411_958039263622046936_o.jpg?resize=700%2C400&ssl=1 2x"},"classes":[]},{"id":17053,"url":"https:\/\/www.grieta.org.mx\/index.php\/2016\/07\/16\/estudiantes-de-la-uam-reiteran-propuesta-de-dialogo\/","url_meta":{"origin":17281,"position":3},"title":"Estudiantes de la UAM reiteran propuesta de di\u00e1logo","author":"grieta","date":"16 julio, 2016","format":false,"excerpt":"Por Arturo S\u00e1nchez Jim\u00e9nez Representantes de la Asamblea General de la UAM acuden a la Rector\u00eda General de esta instituci\u00f3n para buscar dialogar con el titular de la rector\u00eda. Foto Mar\u00eda Luisa Severiano Ciudad de M\u00e9xico. Para los estudiantes de la Universidad Aut\u00f3noma Metropolitana (UAM) el conflicto que se vive\u2026","rel":"","context":"En &quot;CINTILLO&quot;","block_context":{"text":"CINTILLO","link":"https:\/\/www.grieta.org.mx\/index.php\/category\/cintillo\/"},"img":{"alt_text":"","src":"https:\/\/i0.wp.com\/www.grieta.org.mx\/wp-content\/uploads\/2018\/03\/14524434_1106112876131411_958039263622046936_o.jpg?resize=350%2C200&ssl=1","width":350,"height":200,"srcset":"https:\/\/i0.wp.com\/www.grieta.org.mx\/wp-content\/uploads\/2018\/03\/14524434_1106112876131411_958039263622046936_o.jpg?resize=350%2C200&ssl=1 1x, https:\/\/i0.wp.com\/www.grieta.org.mx\/wp-content\/uploads\/2018\/03\/14524434_1106112876131411_958039263622046936_o.jpg?resize=525%2C300&ssl=1 1.5x, https:\/\/i0.wp.com\/www.grieta.org.mx\/wp-content\/uploads\/2018\/03\/14524434_1106112876131411_958039263622046936_o.jpg?resize=700%2C400&ssl=1 2x"},"classes":[]},{"id":16858,"url":"https:\/\/www.grieta.org.mx\/index.php\/2016\/07\/15\/solo-el-dialogo-resolvera-los-paros-en-la-uam-estudiantes-inconformes\/","url_meta":{"origin":17281,"position":4},"title":"Solo el di\u00e1logo resolver\u00e1 los paros en la UAM: estudiantes inconformes","author":"grieta","date":"15 julio, 2016","format":false,"excerpt":"Roc\u00edo M\u00e9ndez Robles Autoridades de la UAM expresaron que han atendido \"suficientemente\" las demandas de los paristas, por lo que piden que se \"levanten los paros de labores\" que mantienen desde la semana pasada en las unidades Azcapotzalco y Xochimilco, y que liberen la rector\u00eda de la UAM Iztapalapa, que\u2026","rel":"","context":"En &quot;CINTILLO&quot;","block_context":{"text":"CINTILLO","link":"https:\/\/www.grieta.org.mx\/index.php\/category\/cintillo\/"},"img":{"alt_text":"","src":"https:\/\/i0.wp.com\/www.grieta.org.mx\/wp-content\/uploads\/2018\/03\/14524434_1106112876131411_958039263622046936_o.jpg?resize=350%2C200&ssl=1","width":350,"height":200,"srcset":"https:\/\/i0.wp.com\/www.grieta.org.mx\/wp-content\/uploads\/2018\/03\/14524434_1106112876131411_958039263622046936_o.jpg?resize=350%2C200&ssl=1 1x, https:\/\/i0.wp.com\/www.grieta.org.mx\/wp-content\/uploads\/2018\/03\/14524434_1106112876131411_958039263622046936_o.jpg?resize=525%2C300&ssl=1 1.5x, https:\/\/i0.wp.com\/www.grieta.org.mx\/wp-content\/uploads\/2018\/03\/14524434_1106112876131411_958039263622046936_o.jpg?resize=700%2C400&ssl=1 2x"},"classes":[]},{"id":16853,"url":"https:\/\/www.grieta.org.mx\/index.php\/2016\/07\/11\/a-una-semana-de-las-movilizaciones-estudiantiles-en-la-universidad-autonoma-metropolitana\/","url_meta":{"origin":17281,"position":5},"title":"A una semana de las movilizaciones estudiantiles en la Universidad Aut\u00f3noma\u00a0Metropolitana","author":"grieta","date":"11 julio, 2016","format":false,"excerpt":"Por Andrea del Carmen Quiroz Sierra Foto por: Sof\u00eda Benedicto Domingo 10 de Julio.\u00a0Los acontecimientos acaecidos en los \u00faltimos d\u00edas en las distintas Unidades de la Universidad Aut\u00f3noma Metropolitana (UAM) y en la Rector\u00eda General de esa casa de estudios, se ubican el contexto de la Reforma Educativa, y son\u2026","rel":"","context":"En &quot;CINTILLO&quot;","block_context":{"text":"CINTILLO","link":"https:\/\/www.grieta.org.mx\/index.php\/category\/cintillo\/"},"img":{"alt_text":"","src":"https:\/\/i0.wp.com\/www.grieta.org.mx\/wp-content\/uploads\/2018\/03\/14524434_1106112876131411_958039263622046936_o.jpg?resize=350%2C200&ssl=1","width":350,"height":200,"srcset":"https:\/\/i0.wp.com\/www.grieta.org.mx\/wp-content\/uploads\/2018\/03\/14524434_1106112876131411_958039263622046936_o.jpg?resize=350%2C200&ssl=1 1x, https:\/\/i0.wp.com\/www.grieta.org.mx\/wp-content\/uploads\/2018\/03\/14524434_1106112876131411_958039263622046936_o.jpg?resize=525%2C300&ssl=1 1.5x, https:\/\/i0.wp.com\/www.grieta.org.mx\/wp-content\/uploads\/2018\/03\/14524434_1106112876131411_958039263622046936_o.jpg?resize=700%2C400&ssl=1 2x"},"classes":[]}],"_links":{"self":[{"href":"https:\/\/www.grieta.org.mx\/index.php\/wp-json\/wp\/v2\/posts\/17281","targetHints":{"allow":["GET"]}}],"collection":[{"href":"https:\/\/www.grieta.org.mx\/index.php\/wp-json\/wp\/v2\/posts"}],"about":[{"href":"https:\/\/www.grieta.org.mx\/index.php\/wp-json\/wp\/v2\/types\/post"}],"author":[{"embeddable":true,"href":"https:\/\/www.grieta.org.mx\/index.php\/wp-json\/wp\/v2\/users\/2"}],"replies":[{"embeddable":true,"href":"https:\/\/www.grieta.org.mx\/index.php\/wp-json\/wp\/v2\/comments?post=17281"}],"version-history":[{"count":1,"href":"https:\/\/www.grieta.org.mx\/index.php\/wp-json\/wp\/v2\/posts\/17281\/revisions"}],"predecessor-version":[{"id":17283,"href":"https:\/\/www.grieta.org.mx\/index.php\/wp-json\/wp\/v2\/posts\/17281\/revisions\/17283"}],"wp:featuredmedia":[{"embeddable":true,"href":"https:\/\/www.grieta.org.mx\/index.php\/wp-json\/wp\/v2\/media\/21928"}],"wp:attachment":[{"href":"https:\/\/www.grieta.org.mx\/index.php\/wp-json\/wp\/v2\/media?parent=17281"}],"wp:term":[{"taxonomy":"category","embeddable":true,"href":"https:\/\/www.grieta.org.mx\/index.php\/wp-json\/wp\/v2\/categories?post=17281"},{"taxonomy":"post_tag","embeddable":true,"href":"https:\/\/www.grieta.org.mx\/index.php\/wp-json\/wp\/v2\/tags?post=17281"}],"curies":[{"name":"wp","href":"https:\/\/api.w.org\/{rel}","templated":true}]}}